{"id":162297,"date":"2022-02-23T16:03:26","date_gmt":"2022-02-23T19:03:26","guid":{"rendered":"https:\/\/experienciadevida.com.ar\/portalurbano\/?p=162297"},"modified":"2022-02-23T16:04:34","modified_gmt":"2022-02-23T19:04:34","slug":"primera-jura-de-matriculados-del-ano-hagamos-el-mejor-reflejo-que-queremos-para-nuestra-sociedad","status":"publish","type":"post","link":"https:\/\/experienciadevida.com.ar\/portalurbano\/primera-jura-de-matriculados-del-ano-hagamos-el-mejor-reflejo-que-queremos-para-nuestra-sociedad\/","title":{"rendered":"Primera jura de matriculados del a\u00f1o: &#8220;hagamos el mejor reflejo que queremos para nuestra sociedad&#8221;"},"content":{"rendered":"<p>Primera jura de matriculados del a\u00f1o: &#8220;hagamos el mejor reflejo que queremos para nuestra sociedad&#8221;, el Colegio de Abogados del Departamento Judicial de Azul realiz\u00f3 la primera jura del a\u00f1o, recibiendo a 17 nuevos matriculados.<\/p>\n<p>El acto se llev\u00f3 a cabo mediante la modalidad virtual -de acuerdo con lo establecido en el instructivo dise\u00f1ado por el Colegio de Abogados de la provincia de Buenos Aires- y estuvo encabezado por el presidente de la instituci\u00f3n, Dr. Gast\u00f3n Argeri y el secretario del Consejo Directivo, Dr. Mauro Grandicelli.<\/p>\n<p>En sus palabras de bienvenida, Argeri subray\u00f3 la labor social de la abogac\u00eda en la defensa de los derechos y garant\u00edas de la sociedad. \u201cA partir de hoy, ustedes tambi\u00e9n son parte del trabajo colectivo que nos proponemos como instituci\u00f3n y que se sintetiza en un principio rector: dignificar nuestra profesi\u00f3n a trav\u00e9s de la articulaci\u00f3n de acciones que reivindican el Derecho como una herramienta invaluable en la restauraci\u00f3n de situaciones de desigualdad e injusticia.<\/p>\n<p>Como el mundo, nosotros no estuvimos ajenos a las transformaciones que impuso la crisis sanitaria del Covid 19. Sin embargo, a pesar del cimbronazo inicial, pronto capitalizamos a nuestro favor aquellas pol\u00edticas institucionales que nos pusieron, tempranamente, en el camino indicado: somos un Colegio virtualizado que hizo de la comunicaci\u00f3n digital un medio permanente de llegada y cercan\u00eda con todos los matriculados y matriculadas de este extenso territorio departamental. En 2021, fueron m\u00e1s de 4600 inscriptos e inscriptas en las casi 100 capacitaciones no aranceladas que ofrecimos, fortaleciendo tambi\u00e9n el servicio de una biblioteca on line las 24 horas de todos los d\u00edas del a\u00f1o, para consulta de material desde cualquier dispositivo.<\/p>\n<p>Primera jura de matriculados del a\u00f1o, es un hecho que &#8220;a las claras, habla de la contundencia y el acierto con que esta gesti\u00f3n asumi\u00f3 el compromiso de la igualdad de acceso a todos los servicios y herramientas que ponemos a disposici\u00f3n de nuestros profesionales. Seguramente, falta mucho por hacer y para eso los necesitamos. Pertenecer a un Colegio de Abogados no es un mero acto formal como el juramento que estoy a punto de tomarles. Es una responsabilidad profesional, individual y colectiva, por mejorar en lo que est\u00e9 a nuestro alcance, la pr\u00e1ctica de la Abogac\u00eda&#8221;.<\/p>\n<p>&#8220;All\u00ed donde hagamos las cosas bien y contribuyamos al crecimiento institucional, estaremos haciendo a este Colegio un poco m\u00e1s nuestro, un mejor reflejo de lo que queremos para nuestra sociedad\u201d, concluy\u00f3 Argeri<\/p>\n<p>Nuevos matriculados y matriculadas:<\/p>\n<p>Natalia Mariana Garc\u00eda (Azul)<br \/>\nGast\u00f3n Iritcity (Azul)<br \/>\nAgostina L\u00f3pez (Bol\u00edvar)<br \/>\nEstefan\u00eda Olmos (Azul)<br \/>\nMacarena Carregado (Rauch)<br \/>\nMar\u00eda In\u00e9s Roveta (Olavarr\u00eda)<br \/>\nValeria Gallo (Tandil)<br \/>\nYesica Paola Azpiroz (Olavarr\u00eda)<br \/>\nAlejandra Andrea Vega Urbano (Olavarr\u00eda)<br \/>\nAntonella Fiamma Morel (Bol\u00edvar)<br \/>\nLuc\u00eda Florencia Baldi (Olavarr\u00eda)<br \/>\nMorgana Corina Vasquez (Olavarr\u00eda)<br \/>\nLucas De Vanna (Tandil)<br \/>\nRodrigo Molio (Tandil)<br \/>\nAlejandro Gast\u00f3n Gallardo (Olavarr\u00eda)<br \/>\nMart\u00edn Augusto Garc\u00eda (Azul)<br \/>\nMauricio Manuel L\u00f3pez (Tandil)<\/p>\n<p>&nbsp;<\/p>\n","protected":false},"excerpt":{"rendered":"<p>Primera jura de matriculados del a\u00f1o: &#8220;hagamos el mejor reflejo que queremos para nuestra sociedad&#8221;,&#8230;<\/p>\n","protected":false},"author":1,"featured_media":162298,"comment_status":"closed","ping_status":"closed","sticky":false,"template":"","format":"standard","meta":{"content-type":""},"categories":[31],"tags":[],"nelio_content":{"isAutoShareEnabled":false,"autoShareEndMode":"default","automationSources":{"useContentSentences":true,"useSocialTemplates":true,"useCustomSentences":false,"customSentences":[]},"followers":[1],"suggestedReferences":[],"includedReferences":[],"efiUrl":"","efiAlt":"","highlights":[]},"yoast_head":"<!-- This site is optimized with the Yoast SEO plugin v20.7 - https:\/\/yoast.com\/wordpress\/plugins\/seo\/ -->\n<title>Primera jura de matriculados del a\u00f1o &quot;hagamos el mejor reflejo&quot;<\/title>\n<meta name=\"description\" content=\"Primera jura de matriculados del a\u00f1o: &quot;hagamos el mejor reflejo que queremos para nuestra sociedad&quot;, y recibi\u00f3 17 nuevos matriculados.\" \/>\n<meta name=\"robots\" content=\"index, follow, max-snippet:-1, max-image-preview:large, max-video-preview:-1\" \/>\n<link rel=\"canonical\" href=\"https:\/\/experienciadevida.com.ar\/portalurbano\/primera-jura-de-matriculados-del-ano-hagamos-el-mejor-reflejo-que-queremos-para-nuestra-sociedad\/\" \/>\n<meta property=\"og:locale\" content=\"es_ES\" \/>\n<meta property=\"og:type\" content=\"article\" \/>\n<meta property=\"og:title\" content=\"Primera jura de matriculados del a\u00f1o &quot;hagamos el mejor reflejo&quot;\" \/>\n<meta property=\"og:description\" content=\"Primera jura de matriculados del a\u00f1o: &quot;hagamos el mejor reflejo que queremos para nuestra sociedad&quot;, y recibi\u00f3 17 nuevos matriculados.\" \/>\n<meta property=\"og:url\" content=\"https:\/\/experienciadevida.com.ar\/portalurbano\/primera-jura-de-matriculados-del-ano-hagamos-el-mejor-reflejo-que-queremos-para-nuestra-sociedad\/\" \/>\n<meta property=\"article:publisher\" content=\"https:\/\/www.facebook.com\/Portal-Urbano-171542830093757\/\" \/>\n<meta property=\"article:published_time\" content=\"2022-02-23T19:03:26+00:00\" \/>\n<meta property=\"article:modified_time\" content=\"2022-02-23T19:04:34+00:00\" \/>\n<meta property=\"og:image\" content=\"https:\/\/experienciadevida.com.ar\/portalurbano\/wp-content\/uploads\/2022\/02\/Primera-jura-de-matriculados.jpg\" \/>\n\t<meta property=\"og:image:width\" content=\"1280\" \/>\n\t<meta property=\"og:image:height\" content=\"719\" \/>\n\t<meta property=\"og:image:type\" content=\"image\/jpeg\" \/>\n<meta name=\"author\" content=\"admpu17wp\" \/>\n<meta name=\"twitter:card\" content=\"summary_large_image\" \/>\n<meta name=\"twitter:creator\" content=\"@portalurbanook\" \/>\n<meta name=\"twitter:site\" content=\"@portalurbanook\" \/>\n<meta name=\"twitter:label1\" content=\"Escrito por\" \/>\n\t<meta name=\"twitter:data1\" content=\"admpu17wp\" \/>\n\t<meta name=\"twitter:label2\" content=\"Tiempo de lectura\" \/>\n\t<meta name=\"twitter:data2\" content=\"3 minutos\" \/>\n<script type=\"application\/ld+json\" class=\"yoast-schema-graph\">{\"@context\":\"https:\/\/schema.org\",\"@graph\":[{\"@type\":\"Article\",\"@id\":\"https:\/\/experienciadevida.com.ar\/portalurbano\/primera-jura-de-matriculados-del-ano-hagamos-el-mejor-reflejo-que-queremos-para-nuestra-sociedad\/#article\",\"isPartOf\":{\"@id\":\"https:\/\/experienciadevida.com.ar\/portalurbano\/primera-jura-de-matriculados-del-ano-hagamos-el-mejor-reflejo-que-queremos-para-nuestra-sociedad\/\"},\"author\":{\"name\":\"admpu17wp\",\"@id\":\"https:\/\/experienciadevida.com.ar\/portalurbano\/#\/schema\/person\/02dd326b1c4b056e9cc972486934a3a7\"},\"headline\":\"Primera jura de matriculados del a\u00f1o: &#8220;hagamos el mejor reflejo que queremos para nuestra sociedad&#8221;\",\"datePublished\":\"2022-02-23T19:03:26+00:00\",\"dateModified\":\"2022-02-23T19:04:34+00:00\",\"mainEntityOfPage\":{\"@id\":\"https:\/\/experienciadevida.com.ar\/portalurbano\/primera-jura-de-matriculados-del-ano-hagamos-el-mejor-reflejo-que-queremos-para-nuestra-sociedad\/\"},\"wordCount\":525,\"publisher\":{\"@id\":\"https:\/\/experienciadevida.com.ar\/portalurbano\/#organization\"},\"articleSection\":[\"Educaci\u00f3n\"],\"inLanguage\":\"es\"},{\"@type\":\"WebPage\",\"@id\":\"https:\/\/experienciadevida.com.ar\/portalurbano\/primera-jura-de-matriculados-del-ano-hagamos-el-mejor-reflejo-que-queremos-para-nuestra-sociedad\/\",\"url\":\"https:\/\/experienciadevida.com.ar\/portalurbano\/primera-jura-de-matriculados-del-ano-hagamos-el-mejor-reflejo-que-queremos-para-nuestra-sociedad\/\",\"name\":\"Primera jura de matriculados del a\u00f1o \\\"hagamos el mejor reflejo\\\"\",\"isPartOf\":{\"@id\":\"https:\/\/experienciadevida.com.ar\/portalurbano\/#website\"},\"datePublished\":\"2022-02-23T19:03:26+00:00\",\"dateModified\":\"2022-02-23T19:04:34+00:00\",\"description\":\"Primera jura de matriculados del a\u00f1o: \\\"hagamos el mejor reflejo que queremos para nuestra sociedad\\\", y recibi\u00f3 17 nuevos matriculados.\",\"breadcrumb\":{\"@id\":\"https:\/\/experienciadevida.com.ar\/portalurbano\/primera-jura-de-matriculados-del-ano-hagamos-el-mejor-reflejo-que-queremos-para-nuestra-sociedad\/#breadcrumb\"},\"inLanguage\":\"es\",\"potentialAction\":[{\"@type\":\"ReadAction\",\"target\":[\"https:\/\/experienciadevida.com.ar\/portalurbano\/primera-jura-de-matriculados-del-ano-hagamos-el-mejor-reflejo-que-queremos-para-nuestra-sociedad\/\"]}]},{\"@type\":\"BreadcrumbList\",\"@id\":\"https:\/\/experienciadevida.com.ar\/portalurbano\/primera-jura-de-matriculados-del-ano-hagamos-el-mejor-reflejo-que-queremos-para-nuestra-sociedad\/#breadcrumb\",\"itemListElement\":[{\"@type\":\"ListItem\",\"position\":1,\"name\":\"Portada\",\"item\":\"https:\/\/experienciadevida.com.ar\/portalurbano\/\"},{\"@type\":\"ListItem\",\"position\":2,\"name\":\"Primera jura de matriculados del a\u00f1o: \u00abhagamos el mejor reflejo que queremos para nuestra sociedad\u00bb\"}]},{\"@type\":\"WebSite\",\"@id\":\"https:\/\/experienciadevida.com.ar\/portalurbano\/#website\",\"url\":\"https:\/\/experienciadevida.com.ar\/portalurbano\/\",\"name\":\"\",\"description\":\"\",\"publisher\":{\"@id\":\"https:\/\/experienciadevida.com.ar\/portalurbano\/#organization\"},\"potentialAction\":[{\"@type\":\"SearchAction\",\"target\":{\"@type\":\"EntryPoint\",\"urlTemplate\":\"https:\/\/experienciadevida.com.ar\/portalurbano\/?s={search_term_string}\"},\"query-input\":\"required name=search_term_string\"}],\"inLanguage\":\"es\"},{\"@type\":\"Organization\",\"@id\":\"https:\/\/experienciadevida.com.ar\/portalurbano\/#organization\",\"name\":\"Portal Urbano\",\"url\":\"https:\/\/experienciadevida.com.ar\/portalurbano\/\",\"logo\":{\"@type\":\"ImageObject\",\"inLanguage\":\"es\",\"@id\":\"https:\/\/experienciadevida.com.ar\/portalurbano\/#\/schema\/logo\/image\/\",\"url\":\"https:\/\/experienciadevida.com.ar\/portalurbano\/wp-content\/uploads\/2019\/09\/Logo-Original.png\",\"contentUrl\":\"https:\/\/experienciadevida.com.ar\/portalurbano\/wp-content\/uploads\/2019\/09\/Logo-Original.png\",\"width\":2236,\"height\":1216,\"caption\":\"Portal Urbano\"},\"image\":{\"@id\":\"https:\/\/experienciadevida.com.ar\/portalurbano\/#\/schema\/logo\/image\/\"},\"sameAs\":[\"https:\/\/www.facebook.com\/Portal-Urbano-171542830093757\/\",\"https:\/\/twitter.com\/portalurbanook\",\"https:\/\/www.instagram.com\/_portalurbano\/\",\"https:\/\/www.youtube.com\/channel\/UCXhagIfszH8KxFiOok79zbA?view_as=subscriber\"]},{\"@type\":\"Person\",\"@id\":\"https:\/\/experienciadevida.com.ar\/portalurbano\/#\/schema\/person\/02dd326b1c4b056e9cc972486934a3a7\",\"name\":\"admpu17wp\",\"image\":{\"@type\":\"ImageObject\",\"inLanguage\":\"es\",\"@id\":\"https:\/\/experienciadevida.com.ar\/portalurbano\/#\/schema\/person\/image\/\",\"url\":\"https:\/\/secure.gravatar.com\/avatar\/830d4c57adaae6630765e449a6908047?s=96&d=mm&r=g\",\"contentUrl\":\"https:\/\/secure.gravatar.com\/avatar\/830d4c57adaae6630765e449a6908047?s=96&d=mm&r=g\",\"caption\":\"admpu17wp\"}}]}<\/script>\n<!-- \/ Yoast SEO plugin. -->","yoast_head_json":{"title":"Primera jura de matriculados del a\u00f1o \"hagamos el mejor reflejo\"","description":"Primera jura de matriculados del a\u00f1o: \"hagamos el mejor reflejo que queremos para nuestra sociedad\", y recibi\u00f3 17 nuevos matriculados.","robots":{"index":"index","follow":"follow","max-snippet":"max-snippet:-1","max-image-preview":"max-image-preview:large","max-video-preview":"max-video-preview:-1"},"canonical":"https:\/\/experienciadevida.com.ar\/portalurbano\/primera-jura-de-matriculados-del-ano-hagamos-el-mejor-reflejo-que-queremos-para-nuestra-sociedad\/","og_locale":"es_ES","og_type":"article","og_title":"Primera jura de matriculados del a\u00f1o \"hagamos el mejor reflejo\"","og_description":"Primera jura de matriculados del a\u00f1o: \"hagamos el mejor reflejo que queremos para nuestra sociedad\", y recibi\u00f3 17 nuevos matriculados.","og_url":"https:\/\/experienciadevida.com.ar\/portalurbano\/primera-jura-de-matriculados-del-ano-hagamos-el-mejor-reflejo-que-queremos-para-nuestra-sociedad\/","article_publisher":"https:\/\/www.facebook.com\/Portal-Urbano-171542830093757\/","article_published_time":"2022-02-23T19:03:26+00:00","article_modified_time":"2022-02-23T19:04:34+00:00","og_image":[{"width":1280,"height":719,"url":"https:\/\/experienciadevida.com.ar\/portalurbano\/wp-content\/uploads\/2022\/02\/Primera-jura-de-matriculados.jpg","type":"image\/jpeg"}],"author":"admpu17wp","twitter_card":"summary_large_image","twitter_creator":"@portalurbanook","twitter_site":"@portalurbanook","twitter_misc":{"Escrito por":"admpu17wp","Tiempo de lectura":"3 minutos"},"schema":{"@context":"https:\/\/schema.org","@graph":[{"@type":"Article","@id":"https:\/\/experienciadevida.com.ar\/portalurbano\/primera-jura-de-matriculados-del-ano-hagamos-el-mejor-reflejo-que-queremos-para-nuestra-sociedad\/#article","isPartOf":{"@id":"https:\/\/experienciadevida.com.ar\/portalurbano\/primera-jura-de-matriculados-del-ano-hagamos-el-mejor-reflejo-que-queremos-para-nuestra-sociedad\/"},"author":{"name":"admpu17wp","@id":"https:\/\/experienciadevida.com.ar\/portalurbano\/#\/schema\/person\/02dd326b1c4b056e9cc972486934a3a7"},"headline":"Primera jura de matriculados del a\u00f1o: &#8220;hagamos el mejor reflejo que queremos para nuestra sociedad&#8221;","datePublished":"2022-02-23T19:03:26+00:00","dateModified":"2022-02-23T19:04:34+00:00","mainEntityOfPage":{"@id":"https:\/\/experienciadevida.com.ar\/portalurbano\/primera-jura-de-matriculados-del-ano-hagamos-el-mejor-reflejo-que-queremos-para-nuestra-sociedad\/"},"wordCount":525,"publisher":{"@id":"https:\/\/experienciadevida.com.ar\/portalurbano\/#organization"},"articleSection":["Educaci\u00f3n"],"inLanguage":"es"},{"@type":"WebPage","@id":"https:\/\/experienciadevida.com.ar\/portalurbano\/primera-jura-de-matriculados-del-ano-hagamos-el-mejor-reflejo-que-queremos-para-nuestra-sociedad\/","url":"https:\/\/experienciadevida.com.ar\/portalurbano\/primera-jura-de-matriculados-del-ano-hagamos-el-mejor-reflejo-que-queremos-para-nuestra-sociedad\/","name":"Primera jura de matriculados del a\u00f1o \"hagamos el mejor reflejo\"","isPartOf":{"@id":"https:\/\/experienciadevida.com.ar\/portalurbano\/#website"},"datePublished":"2022-02-23T19:03:26+00:00","dateModified":"2022-02-23T19:04:34+00:00","description":"Primera jura de matriculados del a\u00f1o: \"hagamos el mejor reflejo que queremos para nuestra sociedad\", y recibi\u00f3 17 nuevos matriculados.","breadcrumb":{"@id":"https:\/\/experienciadevida.com.ar\/portalurbano\/primera-jura-de-matriculados-del-ano-hagamos-el-mejor-reflejo-que-queremos-para-nuestra-sociedad\/#breadcrumb"},"inLanguage":"es","potentialAction":[{"@type":"ReadAction","target":["https:\/\/experienciadevida.com.ar\/portalurbano\/primera-jura-de-matriculados-del-ano-hagamos-el-mejor-reflejo-que-queremos-para-nuestra-sociedad\/"]}]},{"@type":"BreadcrumbList","@id":"https:\/\/experienciadevida.com.ar\/portalurbano\/primera-jura-de-matriculados-del-ano-hagamos-el-mejor-reflejo-que-queremos-para-nuestra-sociedad\/#breadcrumb","itemListElement":[{"@type":"ListItem","position":1,"name":"Portada","item":"https:\/\/experienciadevida.com.ar\/portalurbano\/"},{"@type":"ListItem","position":2,"name":"Primera jura de matriculados del a\u00f1o: \u00abhagamos el mejor reflejo que queremos para nuestra sociedad\u00bb"}]},{"@type":"WebSite","@id":"https:\/\/experienciadevida.com.ar\/portalurbano\/#website","url":"https:\/\/experienciadevida.com.ar\/portalurbano\/","name":"","description":"","publisher":{"@id":"https:\/\/experienciadevida.com.ar\/portalurbano\/#organization"},"potentialAction":[{"@type":"SearchAction","target":{"@type":"EntryPoint","urlTemplate":"https:\/\/experienciadevida.com.ar\/portalurbano\/?s={search_term_string}"},"query-input":"required name=search_term_string"}],"inLanguage":"es"},{"@type":"Organization","@id":"https:\/\/experienciadevida.com.ar\/portalurbano\/#organization","name":"Portal Urbano","url":"https:\/\/experienciadevida.com.ar\/portalurbano\/","logo":{"@type":"ImageObject","inLanguage":"es","@id":"https:\/\/experienciadevida.com.ar\/portalurbano\/#\/schema\/logo\/image\/","url":"https:\/\/experienciadevida.com.ar\/portalurbano\/wp-content\/uploads\/2019\/09\/Logo-Original.png","contentUrl":"https:\/\/experienciadevida.com.ar\/portalurbano\/wp-content\/uploads\/2019\/09\/Logo-Original.png","width":2236,"height":1216,"caption":"Portal Urbano"},"image":{"@id":"https:\/\/experienciadevida.com.ar\/portalurbano\/#\/schema\/logo\/image\/"},"sameAs":["https:\/\/www.facebook.com\/Portal-Urbano-171542830093757\/","https:\/\/twitter.com\/portalurbanook","https:\/\/www.instagram.com\/_portalurbano\/","https:\/\/www.youtube.com\/channel\/UCXhagIfszH8KxFiOok79zbA?view_as=subscriber"]},{"@type":"Person","@id":"https:\/\/experienciadevida.com.ar\/portalurbano\/#\/schema\/person\/02dd326b1c4b056e9cc972486934a3a7","name":"admpu17wp","image":{"@type":"ImageObject","inLanguage":"es","@id":"https:\/\/experienciadevida.com.ar\/portalurbano\/#\/schema\/person\/image\/","url":"https:\/\/secure.gravatar.com\/avatar\/830d4c57adaae6630765e449a6908047?s=96&d=mm&r=g","contentUrl":"https:\/\/secure.gravatar.com\/avatar\/830d4c57adaae6630765e449a6908047?s=96&d=mm&r=g","caption":"admpu17wp"}}]}},"featured_image_urls":{"full":["https:\/\/experienciadevida.com.ar\/portalurbano\/wp-content\/uploads\/2022\/02\/Primera-jura-de-matriculados.jpg",1280,719,false],"thumbnail":["https:\/\/experienciadevida.com.ar\/portalurbano\/wp-content\/uploads\/2022\/02\/Primera-jura-de-matriculados-150x150.jpg",150,150,true],"medium":["https:\/\/experienciadevida.com.ar\/portalurbano\/wp-content\/uploads\/2022\/02\/Primera-jura-de-matriculados-300x169.jpg",300,169,true],"medium_large":["https:\/\/experienciadevida.com.ar\/portalurbano\/wp-content\/uploads\/2022\/02\/Primera-jura-de-matriculados-768x431.jpg",640,359,true],"large":["https:\/\/experienciadevida.com.ar\/portalurbano\/wp-content\/uploads\/2022\/02\/Primera-jura-de-matriculados-1024x575.jpg",640,359,true],"ug_big":["https:\/\/experienciadevida.com.ar\/portalurbano\/wp-content\/uploads\/2022\/02\/Primera-jura-de-matriculados-768x431.jpg",768,431,true],"1536x1536":["https:\/\/experienciadevida.com.ar\/portalurbano\/wp-content\/uploads\/2022\/02\/Primera-jura-de-matriculados.jpg",1280,719,false],"2048x2048":["https:\/\/experienciadevida.com.ar\/portalurbano\/wp-content\/uploads\/2022\/02\/Primera-jura-de-matriculados.jpg",1280,719,false],"newsever-slider-full":["https:\/\/experienciadevida.com.ar\/portalurbano\/wp-content\/uploads\/2022\/02\/Primera-jura-de-matriculados.jpg",1280,719,false],"newsever-featured":["https:\/\/experienciadevida.com.ar\/portalurbano\/wp-content\/uploads\/2022\/02\/Primera-jura-de-matriculados.jpg",1024,575,false],"newsever-medium":["https:\/\/experienciadevida.com.ar\/portalurbano\/wp-content\/uploads\/2022\/02\/Primera-jura-de-matriculados.jpg",720,404,false],"web-stories-poster-portrait":["https:\/\/experienciadevida.com.ar\/portalurbano\/wp-content\/uploads\/2022\/02\/Primera-jura-de-matriculados.jpg",640,360,false],"web-stories-publisher-logo":["https:\/\/experienciadevida.com.ar\/portalurbano\/wp-content\/uploads\/2022\/02\/Primera-jura-de-matriculados.jpg",96,54,false],"web-stories-thumbnail":["https:\/\/experienciadevida.com.ar\/portalurbano\/wp-content\/uploads\/2022\/02\/Primera-jura-de-matriculados.jpg",150,84,false]},"author_info":{"display_name":"admpu17wp","author_link":"https:\/\/experienciadevida.com.ar\/portalurbano\/author\/admpu17wp\/"},"category_info":"<a href=\"https:\/\/experienciadevida.com.ar\/portalurbano\/category\/ciudad\/educacion\/\" rel=\"category tag\">Educaci\u00f3n<\/a>","tag_info":"Educaci\u00f3n","comment_count":"0","amp_enabled":true,"_links":{"self":[{"href":"https:\/\/experienciadevida.com.ar\/portalurbano\/wp-json\/wp\/v2\/posts\/162297"}],"collection":[{"href":"https:\/\/experienciadevida.com.ar\/portalurbano\/wp-json\/wp\/v2\/posts"}],"about":[{"href":"https:\/\/experienciadevida.com.ar\/portalurbano\/wp-json\/wp\/v2\/types\/post"}],"author":[{"embeddable":true,"href":"https:\/\/experienciadevida.com.ar\/portalurbano\/wp-json\/wp\/v2\/users\/1"}],"replies":[{"embeddable":true,"href":"https:\/\/experienciadevida.com.ar\/portalurbano\/wp-json\/wp\/v2\/comments?post=162297"}],"version-history":[{"count":1,"href":"https:\/\/experienciadevida.com.ar\/portalurbano\/wp-json\/wp\/v2\/posts\/162297\/revisions"}],"predecessor-version":[{"id":162299,"href":"https:\/\/experienciadevida.com.ar\/portalurbano\/wp-json\/wp\/v2\/posts\/162297\/revisions\/162299"}],"wp:featuredmedia":[{"embeddable":true,"href":"https:\/\/experienciadevida.com.ar\/portalurbano\/wp-json\/wp\/v2\/media\/162298"}],"wp:attachment":[{"href":"https:\/\/experienciadevida.com.ar\/portalurbano\/wp-json\/wp\/v2\/media?parent=162297"}],"wp:term":[{"taxonomy":"category","embeddable":true,"href":"https:\/\/experienciadevida.com.ar\/portalurbano\/wp-json\/wp\/v2\/categories?post=162297"},{"taxonomy":"post_tag","embeddable":true,"href":"https:\/\/experienciadevida.com.ar\/portalurbano\/wp-json\/wp\/v2\/tags?post=162297"}],"curies":[{"name":"wp","href":"https:\/\/api.w.org\/{rel}","templated":true}]}}