{"id":162284,"date":"2022-02-23T15:48:15","date_gmt":"2022-02-23T18:48:15","guid":{"rendered":"https:\/\/experienciadevida.com.ar\/portalurbano\/?p=162284"},"modified":"2022-02-23T15:48:45","modified_gmt":"2022-02-23T18:48:45","slug":"recorrida-institucional-para-la-inclusion-educativa-en-las-carceles-bonaerenses-de-sierra-chica-azul-y-general-alvear","status":"publish","type":"post","link":"https:\/\/experienciadevida.com.ar\/portalurbano\/recorrida-institucional-para-la-inclusion-educativa-en-las-carceles-bonaerenses-de-sierra-chica-azul-y-general-alvear\/","title":{"rendered":"Recorrida institucional para la inclusi\u00f3n educativa en las c\u00e1rceles bonaerenses de Sierra Chica, Azul y General Alvear"},"content":{"rendered":"<p>Recorrida institucional para la inclusi\u00f3n educativa en las c\u00e1rceles bonaerenses de Sierra Chica, Azul y General Alvear.<\/p>\n<p><a href=\"https:\/\/experienciadevida.com.ar\/portalurbano\/recorrida-institucional-para-la-inclusion-educativa-en-las-carceles-bonaerenses-de-sierra-chica-azul-y-general-alvear\/recorrida-6\/\" rel=\"attachment wp-att-162286\"><img decoding=\"async\" class=\"alignnone size-full wp-image-162286\" src=\"https:\/\/experienciadevida.com.ar\/portalurbano\/wp-content\/uploads\/2022\/02\/Recorrida.jpeg\" alt=\"Recorrida \" width=\"867\" height=\"578\" srcset=\"https:\/\/experienciadevida.com.ar\/portalurbano\/wp-content\/uploads\/2022\/02\/Recorrida.jpeg 867w, https:\/\/experienciadevida.com.ar\/portalurbano\/wp-content\/uploads\/2022\/02\/Recorrida-300x200.jpeg 300w, https:\/\/experienciadevida.com.ar\/portalurbano\/wp-content\/uploads\/2022\/02\/Recorrida-768x512.jpeg 768w\" sizes=\"(max-width: 867px) 100vw, 867px\" \/><\/a><\/p>\n<p>Autoridades del Ministerio de Justicia y Derechos Humanos de la provincia de Buenos Aires y de la Subdirecci\u00f3n General del Servicio Penitenciario Bonaerense realizaron una recorrida institucional por las c\u00e1rceles ubicadas en Sierra Chica, Azul y General Alvear, con el objetivo de analizar las matr\u00edculas de inscripci\u00f3n para el ciclo lectivo 2022 y tomar contacto con alumnas y alumnos y docentes.<\/p>\n<p>La recorrida se desarroll\u00f3 este lunes y martes en las Unidades 2, 27 y 38 Sierra Chica, 7 y 52 Azul y 14 y 30 General Alvear, donde los funcionarios mantuvieron charlas con autoridades de las c\u00e1rceles, de los establecimientos educativos de los niveles Primaria, Secundaria y Universidad y con las personas privadas de libertad que transitan algunos de esos tramos.<\/p>\n<p>Las autoridades que protagonizaron la recorrida institucional fueron Yamila Olariaga (Directora de Educaci\u00f3n de la Direcci\u00f3n Provincial de Pol\u00edticas de Inclusi\u00f3n del Ministerio de Justicia y Derechos Humanos de la Provincia),<br \/>\nFederico Casta\u00f1o (Director de Educaci\u00f3n de la Subdirecci\u00f3n General de Educaci\u00f3n del SPB) y Macarena \u00c1lvarez (Jefa del Departamento Regional de Cultura y Educaci\u00f3n del SPB).<\/p>\n<p>En todos los casos las recorridas constaron de di\u00e1logos con autoridades de las c\u00e1rceles, coordinadores educativos y estudiantes, donde se plantearon necesidades y se conformaron mesas de cogesti\u00f3n.<\/p>\n<p><a href=\"https:\/\/experienciadevida.com.ar\/portalurbano\/recorrida-institucional-para-la-inclusion-educativa-en-las-carceles-bonaerenses-de-sierra-chica-azul-y-general-alvear\/institucional\/\" rel=\"attachment wp-att-162287\"><img decoding=\"async\" class=\"alignnone size-large wp-image-162287\" src=\"https:\/\/experienciadevida.com.ar\/portalurbano\/wp-content\/uploads\/2022\/02\/institucional-1024x768.jpeg\" alt=\"institucional\" width=\"900\" height=\"675\" srcset=\"https:\/\/experienciadevida.com.ar\/portalurbano\/wp-content\/uploads\/2022\/02\/institucional-1024x768.jpeg 1024w, https:\/\/experienciadevida.com.ar\/portalurbano\/wp-content\/uploads\/2022\/02\/institucional-300x225.jpeg 300w, https:\/\/experienciadevida.com.ar\/portalurbano\/wp-content\/uploads\/2022\/02\/institucional-768x576.jpeg 768w, https:\/\/experienciadevida.com.ar\/portalurbano\/wp-content\/uploads\/2022\/02\/institucional.jpeg 1040w\" sizes=\"(max-width: 900px) 100vw, 900px\" \/><\/a><\/p>\n<p>Olariaga evalu\u00f3 como muy positivo el recorrido realizado y sostuvo: \u201cEs a trav\u00e9s de acciones como la implementada que se continuar\u00e1n y se profundizar\u00e1n las l\u00edneas de gesti\u00f3n encaminadas hacia la inclusi\u00f3n de las privadas y los privados de la libertad en el Sistema Educativo Formal, en pos de su pleno desarrollo\u201d.<\/p>\n<p>Por su parte, Casta\u00f1os destac\u00f3 el nuevo rol para las personas privadas de libertad como tutoras educativas que se est\u00e1 implementando actualmente.<\/p>\n<p>Recorrida institucional para la inclusi\u00f3n educativa, en la unidad 52 Azul, estuvieron la coordinadora del rectorado de la UNICEN, Anal\u00eda Umpi\u00e9rrez, y el coordinador de la Facultad de Derecho de la misma Alta Casa de Estudios, Albano Gallicchio.<\/p>\n<p>En tanto, en la Unidad 7 Azul, entregaron a cada uno de los visitantes un escudo de la Unidad.<\/p>\n<p><a href=\"https:\/\/experienciadevida.com.ar\/portalurbano\/recorrida-institucional-para-la-inclusion-educativa-en-las-carceles-bonaerenses-de-sierra-chica-azul-y-general-alvear\/para-3\/\" rel=\"attachment wp-att-162288\"><img decoding=\"async\" class=\"alignnone size-large wp-image-162288\" src=\"https:\/\/experienciadevida.com.ar\/portalurbano\/wp-content\/uploads\/2022\/02\/para-1024x768.jpeg\" alt=\"para \" width=\"900\" height=\"675\" srcset=\"https:\/\/experienciadevida.com.ar\/portalurbano\/wp-content\/uploads\/2022\/02\/para-1024x768.jpeg 1024w, https:\/\/experienciadevida.com.ar\/portalurbano\/wp-content\/uploads\/2022\/02\/para-300x225.jpeg 300w, https:\/\/experienciadevida.com.ar\/portalurbano\/wp-content\/uploads\/2022\/02\/para-768x576.jpeg 768w, https:\/\/experienciadevida.com.ar\/portalurbano\/wp-content\/uploads\/2022\/02\/para.jpeg 1280w\" sizes=\"(max-width: 900px) 100vw, 900px\" \/><\/a><\/p>\n<p>Durante el ciclo lectivo 2021 la matr\u00edcula educativa en las c\u00e1rceles bonaerenses super\u00f3 los 13.000 inscriptos en los niveles Primario, Secundario, Terciario y Universitario.<\/p>\n<p>En las tres c\u00e1rceles de Sierra Chica transitaron los niveles formales de educaci\u00f3n 974 alumnos (590 en la Unidad 2, 75 en la Unidad 27 y 314 en la Unidad 38). En los dos penales de Azul fueron 201: 129 en la Unidad 7 y 72<br \/>\nen la Unidad 52.<\/p>\n<p>En General Alvear fueron a la escuela primaria o terciaria o en los niveles terciarios y universitarios en contexto de encierro 580 personas privadas de libertad. En la Unidad 14, 78 y en la Unidad 30, 508.<\/p>\n<p>Fuente y Fotos: Servicio Penitenciario Bonaerense<\/p>\n<p><a href=\"https:\/\/experienciadevida.com.ar\/portalurbano\/recorrida-institucional-para-la-inclusion-educativa-en-las-carceles-bonaerenses-de-sierra-chica-azul-y-general-alvear\/la-3\/\" rel=\"attachment wp-att-162289\"><img decoding=\"async\" class=\"alignnone size-large wp-image-162289\" src=\"https:\/\/experienciadevida.com.ar\/portalurbano\/wp-content\/uploads\/2022\/02\/la-1024x768.jpeg\" alt=\"la\" width=\"900\" height=\"675\" srcset=\"https:\/\/experienciadevida.com.ar\/portalurbano\/wp-content\/uploads\/2022\/02\/la-1024x768.jpeg 1024w, https:\/\/experienciadevida.com.ar\/portalurbano\/wp-content\/uploads\/2022\/02\/la-300x225.jpeg 300w, https:\/\/experienciadevida.com.ar\/portalurbano\/wp-content\/uploads\/2022\/02\/la-768x576.jpeg 768w, https:\/\/experienciadevida.com.ar\/portalurbano\/wp-content\/uploads\/2022\/02\/la.jpeg 1040w\" sizes=\"(max-width: 900px) 100vw, 900px\" \/><\/a><\/p>\n","protected":false},"excerpt":{"rendered":"<p>Recorrida institucional para la inclusi\u00f3n educativa en las c\u00e1rceles bonaerenses de Sierra Chica, Azul y&#8230;<\/p>\n","protected":false},"author":1,"featured_media":162285,"comment_status":"closed","ping_status":"closed","sticky":false,"template":"","format":"standard","meta":{"content-type":""},"categories":[27],"tags":[],"nelio_content":{"isAutoShareEnabled":false,"autoShareEndMode":"default","automationSources":{"useContentSentences":true,"useSocialTemplates":true,"useCustomSentences":false,"customSentences":[]},"followers":[1],"suggestedReferences":[],"includedReferences":[],"efiUrl":"","efiAlt":"","highlights":[]},"yoast_head":"<!-- This site is optimized with the Yoast SEO plugin v20.7 - https:\/\/yoast.com\/wordpress\/plugins\/seo\/ -->\n<title>Recorrida institucional para la inclusi\u00f3n educativa en las c\u00e1rceles<\/title>\n<meta name=\"description\" content=\"Recorrida institucional para la inclusi\u00f3n educativa en las c\u00e1rceles bonaerenses de Sierra Chica, Azul y General Alvear.\" \/>\n<meta name=\"robots\" content=\"index, follow, max-snippet:-1, max-image-preview:large, max-video-preview:-1\" \/>\n<link rel=\"canonical\" href=\"https:\/\/experienciadevida.com.ar\/portalurbano\/recorrida-institucional-para-la-inclusion-educativa-en-las-carceles-bonaerenses-de-sierra-chica-azul-y-general-alvear\/\" \/>\n<meta property=\"og:locale\" content=\"es_ES\" \/>\n<meta property=\"og:type\" content=\"article\" \/>\n<meta property=\"og:title\" content=\"Recorrida institucional para la inclusi\u00f3n educativa en las c\u00e1rceles\" \/>\n<meta property=\"og:description\" content=\"Recorrida institucional para la inclusi\u00f3n educativa en las c\u00e1rceles bonaerenses de Sierra Chica, Azul y General Alvear.\" \/>\n<meta property=\"og:url\" content=\"https:\/\/experienciadevida.com.ar\/portalurbano\/recorrida-institucional-para-la-inclusion-educativa-en-las-carceles-bonaerenses-de-sierra-chica-azul-y-general-alvear\/\" \/>\n<meta property=\"article:publisher\" content=\"https:\/\/www.facebook.com\/Portal-Urbano-171542830093757\/\" \/>\n<meta property=\"article:published_time\" content=\"2022-02-23T18:48:15+00:00\" \/>\n<meta property=\"article:modified_time\" content=\"2022-02-23T18:48:45+00:00\" \/>\n<meta property=\"og:image\" content=\"https:\/\/experienciadevida.com.ar\/portalurbano\/wp-content\/uploads\/2022\/02\/Recorrida-institucional-para-la.jpeg\" \/>\n\t<meta property=\"og:image:width\" content=\"1600\" \/>\n\t<meta property=\"og:image:height\" content=\"1200\" \/>\n\t<meta property=\"og:image:type\" content=\"image\/jpeg\" \/>\n<meta name=\"author\" content=\"admpu17wp\" \/>\n<meta name=\"twitter:card\" content=\"summary_large_image\" \/>\n<meta name=\"twitter:creator\" content=\"@portalurbanook\" \/>\n<meta name=\"twitter:site\" content=\"@portalurbanook\" \/>\n<meta name=\"twitter:label1\" content=\"Escrito por\" \/>\n\t<meta name=\"twitter:data1\" content=\"admpu17wp\" \/>\n\t<meta name=\"twitter:label2\" content=\"Tiempo de lectura\" \/>\n\t<meta name=\"twitter:data2\" content=\"3 minutos\" \/>\n<script type=\"application\/ld+json\" class=\"yoast-schema-graph\">{\"@context\":\"https:\/\/schema.org\",\"@graph\":[{\"@type\":\"Article\",\"@id\":\"https:\/\/experienciadevida.com.ar\/portalurbano\/recorrida-institucional-para-la-inclusion-educativa-en-las-carceles-bonaerenses-de-sierra-chica-azul-y-general-alvear\/#article\",\"isPartOf\":{\"@id\":\"https:\/\/experienciadevida.com.ar\/portalurbano\/recorrida-institucional-para-la-inclusion-educativa-en-las-carceles-bonaerenses-de-sierra-chica-azul-y-general-alvear\/\"},\"author\":{\"name\":\"admpu17wp\",\"@id\":\"https:\/\/experienciadevida.com.ar\/portalurbano\/#\/schema\/person\/02dd326b1c4b056e9cc972486934a3a7\"},\"headline\":\"Recorrida institucional para la inclusi\u00f3n educativa en las c\u00e1rceles bonaerenses de Sierra Chica, Azul y General Alvear\",\"datePublished\":\"2022-02-23T18:48:15+00:00\",\"dateModified\":\"2022-02-23T18:48:45+00:00\",\"mainEntityOfPage\":{\"@id\":\"https:\/\/experienciadevida.com.ar\/portalurbano\/recorrida-institucional-para-la-inclusion-educativa-en-las-carceles-bonaerenses-de-sierra-chica-azul-y-general-alvear\/\"},\"wordCount\":495,\"publisher\":{\"@id\":\"https:\/\/experienciadevida.com.ar\/portalurbano\/#organization\"},\"articleSection\":[\"Ciudad\"],\"inLanguage\":\"es\"},{\"@type\":\"WebPage\",\"@id\":\"https:\/\/experienciadevida.com.ar\/portalurbano\/recorrida-institucional-para-la-inclusion-educativa-en-las-carceles-bonaerenses-de-sierra-chica-azul-y-general-alvear\/\",\"url\":\"https:\/\/experienciadevida.com.ar\/portalurbano\/recorrida-institucional-para-la-inclusion-educativa-en-las-carceles-bonaerenses-de-sierra-chica-azul-y-general-alvear\/\",\"name\":\"Recorrida institucional para la inclusi\u00f3n educativa en las c\u00e1rceles\",\"isPartOf\":{\"@id\":\"https:\/\/experienciadevida.com.ar\/portalurbano\/#website\"},\"datePublished\":\"2022-02-23T18:48:15+00:00\",\"dateModified\":\"2022-02-23T18:48:45+00:00\",\"description\":\"Recorrida institucional para la inclusi\u00f3n educativa en las c\u00e1rceles bonaerenses de Sierra Chica, Azul y General Alvear.\",\"breadcrumb\":{\"@id\":\"https:\/\/experienciadevida.com.ar\/portalurbano\/recorrida-institucional-para-la-inclusion-educativa-en-las-carceles-bonaerenses-de-sierra-chica-azul-y-general-alvear\/#breadcrumb\"},\"inLanguage\":\"es\",\"potentialAction\":[{\"@type\":\"ReadAction\",\"target\":[\"https:\/\/experienciadevida.com.ar\/portalurbano\/recorrida-institucional-para-la-inclusion-educativa-en-las-carceles-bonaerenses-de-sierra-chica-azul-y-general-alvear\/\"]}]},{\"@type\":\"BreadcrumbList\",\"@id\":\"https:\/\/experienciadevida.com.ar\/portalurbano\/recorrida-institucional-para-la-inclusion-educativa-en-las-carceles-bonaerenses-de-sierra-chica-azul-y-general-alvear\/#breadcrumb\",\"itemListElement\":[{\"@type\":\"ListItem\",\"position\":1,\"name\":\"Portada\",\"item\":\"https:\/\/experienciadevida.com.ar\/portalurbano\/\"},{\"@type\":\"ListItem\",\"position\":2,\"name\":\"Recorrida institucional para la inclusi\u00f3n educativa en las c\u00e1rceles bonaerenses de Sierra Chica, Azul y General Alvear\"}]},{\"@type\":\"WebSite\",\"@id\":\"https:\/\/experienciadevida.com.ar\/portalurbano\/#website\",\"url\":\"https:\/\/experienciadevida.com.ar\/portalurbano\/\",\"name\":\"\",\"description\":\"\",\"publisher\":{\"@id\":\"https:\/\/experienciadevida.com.ar\/portalurbano\/#organization\"},\"potentialAction\":[{\"@type\":\"SearchAction\",\"target\":{\"@type\":\"EntryPoint\",\"urlTemplate\":\"https:\/\/experienciadevida.com.ar\/portalurbano\/?s={search_term_string}\"},\"query-input\":\"required name=search_term_string\"}],\"inLanguage\":\"es\"},{\"@type\":\"Organization\",\"@id\":\"https:\/\/experienciadevida.com.ar\/portalurbano\/#organization\",\"name\":\"Portal Urbano\",\"url\":\"https:\/\/experienciadevida.com.ar\/portalurbano\/\",\"logo\":{\"@type\":\"ImageObject\",\"inLanguage\":\"es\",\"@id\":\"https:\/\/experienciadevida.com.ar\/portalurbano\/#\/schema\/logo\/image\/\",\"url\":\"https:\/\/experienciadevida.com.ar\/portalurbano\/wp-content\/uploads\/2019\/09\/Logo-Original.png\",\"contentUrl\":\"https:\/\/experienciadevida.com.ar\/portalurbano\/wp-content\/uploads\/2019\/09\/Logo-Original.png\",\"width\":2236,\"height\":1216,\"caption\":\"Portal Urbano\"},\"image\":{\"@id\":\"https:\/\/experienciadevida.com.ar\/portalurbano\/#\/schema\/logo\/image\/\"},\"sameAs\":[\"https:\/\/www.facebook.com\/Portal-Urbano-171542830093757\/\",\"https:\/\/twitter.com\/portalurbanook\",\"https:\/\/www.instagram.com\/_portalurbano\/\",\"https:\/\/www.youtube.com\/channel\/UCXhagIfszH8KxFiOok79zbA?view_as=subscriber\"]},{\"@type\":\"Person\",\"@id\":\"https:\/\/experienciadevida.com.ar\/portalurbano\/#\/schema\/person\/02dd326b1c4b056e9cc972486934a3a7\",\"name\":\"admpu17wp\",\"image\":{\"@type\":\"ImageObject\",\"inLanguage\":\"es\",\"@id\":\"https:\/\/experienciadevida.com.ar\/portalurbano\/#\/schema\/person\/image\/\",\"url\":\"https:\/\/secure.gravatar.com\/avatar\/830d4c57adaae6630765e449a6908047?s=96&d=mm&r=g\",\"contentUrl\":\"https:\/\/secure.gravatar.com\/avatar\/830d4c57adaae6630765e449a6908047?s=96&d=mm&r=g\",\"caption\":\"admpu17wp\"}}]}<\/script>\n<!-- \/ Yoast SEO plugin. -->","yoast_head_json":{"title":"Recorrida institucional para la inclusi\u00f3n educativa en las c\u00e1rceles","description":"Recorrida institucional para la inclusi\u00f3n educativa en las c\u00e1rceles bonaerenses de Sierra Chica, Azul y General Alvear.","robots":{"index":"index","follow":"follow","max-snippet":"max-snippet:-1","max-image-preview":"max-image-preview:large","max-video-preview":"max-video-preview:-1"},"canonical":"https:\/\/experienciadevida.com.ar\/portalurbano\/recorrida-institucional-para-la-inclusion-educativa-en-las-carceles-bonaerenses-de-sierra-chica-azul-y-general-alvear\/","og_locale":"es_ES","og_type":"article","og_title":"Recorrida institucional para la inclusi\u00f3n educativa en las c\u00e1rceles","og_description":"Recorrida institucional para la inclusi\u00f3n educativa en las c\u00e1rceles bonaerenses de Sierra Chica, Azul y General Alvear.","og_url":"https:\/\/experienciadevida.com.ar\/portalurbano\/recorrida-institucional-para-la-inclusion-educativa-en-las-carceles-bonaerenses-de-sierra-chica-azul-y-general-alvear\/","article_publisher":"https:\/\/www.facebook.com\/Portal-Urbano-171542830093757\/","article_published_time":"2022-02-23T18:48:15+00:00","article_modified_time":"2022-02-23T18:48:45+00:00","og_image":[{"width":1600,"height":1200,"url":"https:\/\/experienciadevida.com.ar\/portalurbano\/wp-content\/uploads\/2022\/02\/Recorrida-institucional-para-la.jpeg","type":"image\/jpeg"}],"author":"admpu17wp","twitter_card":"summary_large_image","twitter_creator":"@portalurbanook","twitter_site":"@portalurbanook","twitter_misc":{"Escrito por":"admpu17wp","Tiempo de lectura":"3 minutos"},"schema":{"@context":"https:\/\/schema.org","@graph":[{"@type":"Article","@id":"https:\/\/experienciadevida.com.ar\/portalurbano\/recorrida-institucional-para-la-inclusion-educativa-en-las-carceles-bonaerenses-de-sierra-chica-azul-y-general-alvear\/#article","isPartOf":{"@id":"https:\/\/experienciadevida.com.ar\/portalurbano\/recorrida-institucional-para-la-inclusion-educativa-en-las-carceles-bonaerenses-de-sierra-chica-azul-y-general-alvear\/"},"author":{"name":"admpu17wp","@id":"https:\/\/experienciadevida.com.ar\/portalurbano\/#\/schema\/person\/02dd326b1c4b056e9cc972486934a3a7"},"headline":"Recorrida institucional para la inclusi\u00f3n educativa en las c\u00e1rceles bonaerenses de Sierra Chica, Azul y General Alvear","datePublished":"2022-02-23T18:48:15+00:00","dateModified":"2022-02-23T18:48:45+00:00","mainEntityOfPage":{"@id":"https:\/\/experienciadevida.com.ar\/portalurbano\/recorrida-institucional-para-la-inclusion-educativa-en-las-carceles-bonaerenses-de-sierra-chica-azul-y-general-alvear\/"},"wordCount":495,"publisher":{"@id":"https:\/\/experienciadevida.com.ar\/portalurbano\/#organization"},"articleSection":["Ciudad"],"inLanguage":"es"},{"@type":"WebPage","@id":"https:\/\/experienciadevida.com.ar\/portalurbano\/recorrida-institucional-para-la-inclusion-educativa-en-las-carceles-bonaerenses-de-sierra-chica-azul-y-general-alvear\/","url":"https:\/\/experienciadevida.com.ar\/portalurbano\/recorrida-institucional-para-la-inclusion-educativa-en-las-carceles-bonaerenses-de-sierra-chica-azul-y-general-alvear\/","name":"Recorrida institucional para la inclusi\u00f3n educativa en las c\u00e1rceles","isPartOf":{"@id":"https:\/\/experienciadevida.com.ar\/portalurbano\/#website"},"datePublished":"2022-02-23T18:48:15+00:00","dateModified":"2022-02-23T18:48:45+00:00","description":"Recorrida institucional para la inclusi\u00f3n educativa en las c\u00e1rceles bonaerenses de Sierra Chica, Azul y General Alvear.","breadcrumb":{"@id":"https:\/\/experienciadevida.com.ar\/portalurbano\/recorrida-institucional-para-la-inclusion-educativa-en-las-carceles-bonaerenses-de-sierra-chica-azul-y-general-alvear\/#breadcrumb"},"inLanguage":"es","potentialAction":[{"@type":"ReadAction","target":["https:\/\/experienciadevida.com.ar\/portalurbano\/recorrida-institucional-para-la-inclusion-educativa-en-las-carceles-bonaerenses-de-sierra-chica-azul-y-general-alvear\/"]}]},{"@type":"BreadcrumbList","@id":"https:\/\/experienciadevida.com.ar\/portalurbano\/recorrida-institucional-para-la-inclusion-educativa-en-las-carceles-bonaerenses-de-sierra-chica-azul-y-general-alvear\/#breadcrumb","itemListElement":[{"@type":"ListItem","position":1,"name":"Portada","item":"https:\/\/experienciadevida.com.ar\/portalurbano\/"},{"@type":"ListItem","position":2,"name":"Recorrida institucional para la inclusi\u00f3n educativa en las c\u00e1rceles bonaerenses de Sierra Chica, Azul y General Alvear"}]},{"@type":"WebSite","@id":"https:\/\/experienciadevida.com.ar\/portalurbano\/#website","url":"https:\/\/experienciadevida.com.ar\/portalurbano\/","name":"","description":"","publisher":{"@id":"https:\/\/experienciadevida.com.ar\/portalurbano\/#organization"},"potentialAction":[{"@type":"SearchAction","target":{"@type":"EntryPoint","urlTemplate":"https:\/\/experienciadevida.com.ar\/portalurbano\/?s={search_term_string}"},"query-input":"required name=search_term_string"}],"inLanguage":"es"},{"@type":"Organization","@id":"https:\/\/experienciadevida.com.ar\/portalurbano\/#organization","name":"Portal Urbano","url":"https:\/\/experienciadevida.com.ar\/portalurbano\/","logo":{"@type":"ImageObject","inLanguage":"es","@id":"https:\/\/experienciadevida.com.ar\/portalurbano\/#\/schema\/logo\/image\/","url":"https:\/\/experienciadevida.com.ar\/portalurbano\/wp-content\/uploads\/2019\/09\/Logo-Original.png","contentUrl":"https:\/\/experienciadevida.com.ar\/portalurbano\/wp-content\/uploads\/2019\/09\/Logo-Original.png","width":2236,"height":1216,"caption":"Portal Urbano"},"image":{"@id":"https:\/\/experienciadevida.com.ar\/portalurbano\/#\/schema\/logo\/image\/"},"sameAs":["https:\/\/www.facebook.com\/Portal-Urbano-171542830093757\/","https:\/\/twitter.com\/portalurbanook","https:\/\/www.instagram.com\/_portalurbano\/","https:\/\/www.youtube.com\/channel\/UCXhagIfszH8KxFiOok79zbA?view_as=subscriber"]},{"@type":"Person","@id":"https:\/\/experienciadevida.com.ar\/portalurbano\/#\/schema\/person\/02dd326b1c4b056e9cc972486934a3a7","name":"admpu17wp","image":{"@type":"ImageObject","inLanguage":"es","@id":"https:\/\/experienciadevida.com.ar\/portalurbano\/#\/schema\/person\/image\/","url":"https:\/\/secure.gravatar.com\/avatar\/830d4c57adaae6630765e449a6908047?s=96&d=mm&r=g","contentUrl":"https:\/\/secure.gravatar.com\/avatar\/830d4c57adaae6630765e449a6908047?s=96&d=mm&r=g","caption":"admpu17wp"}}]}},"featured_image_urls":{"full":["https:\/\/experienciadevida.com.ar\/portalurbano\/wp-content\/uploads\/2022\/02\/Recorrida-institucional-para-la.jpeg",1600,1200,false],"thumbnail":["https:\/\/experienciadevida.com.ar\/portalurbano\/wp-content\/uploads\/2022\/02\/Recorrida-institucional-para-la-150x150.jpeg",150,150,true],"medium":["https:\/\/experienciadevida.com.ar\/portalurbano\/wp-content\/uploads\/2022\/02\/Recorrida-institucional-para-la-300x225.jpeg",300,225,true],"medium_large":["https:\/\/experienciadevida.com.ar\/portalurbano\/wp-content\/uploads\/2022\/02\/Recorrida-institucional-para-la-768x576.jpeg",640,480,true],"large":["https:\/\/experienciadevida.com.ar\/portalurbano\/wp-content\/uploads\/2022\/02\/Recorrida-institucional-para-la-1024x768.jpeg",640,480,true],"ug_big":["https:\/\/experienciadevida.com.ar\/portalurbano\/wp-content\/uploads\/2022\/02\/Recorrida-institucional-para-la-768x576.jpeg",768,576,true],"1536x1536":["https:\/\/experienciadevida.com.ar\/portalurbano\/wp-content\/uploads\/2022\/02\/Recorrida-institucional-para-la-1536x1152.jpeg",1536,1152,true],"2048x2048":["https:\/\/experienciadevida.com.ar\/portalurbano\/wp-content\/uploads\/2022\/02\/Recorrida-institucional-para-la.jpeg",1600,1200,false],"newsever-slider-full":["https:\/\/experienciadevida.com.ar\/portalurbano\/wp-content\/uploads\/2022\/02\/Recorrida-institucional-para-la.jpeg",1127,845,false],"newsever-featured":["https:\/\/experienciadevida.com.ar\/portalurbano\/wp-content\/uploads\/2022\/02\/Recorrida-institucional-para-la.jpeg",1024,768,false],"newsever-medium":["https:\/\/experienciadevida.com.ar\/portalurbano\/wp-content\/uploads\/2022\/02\/Recorrida-institucional-para-la.jpeg",633,475,false],"web-stories-poster-portrait":["https:\/\/experienciadevida.com.ar\/portalurbano\/wp-content\/uploads\/2022\/02\/Recorrida-institucional-para-la.jpeg",640,480,false],"web-stories-publisher-logo":["https:\/\/experienciadevida.com.ar\/portalurbano\/wp-content\/uploads\/2022\/02\/Recorrida-institucional-para-la.jpeg",96,72,false],"web-stories-thumbnail":["https:\/\/experienciadevida.com.ar\/portalurbano\/wp-content\/uploads\/2022\/02\/Recorrida-institucional-para-la.jpeg",150,113,false]},"author_info":{"display_name":"admpu17wp","author_link":"https:\/\/experienciadevida.com.ar\/portalurbano\/author\/admpu17wp\/"},"category_info":"<a href=\"https:\/\/experienciadevida.com.ar\/portalurbano\/category\/ciudad\/\" rel=\"category tag\">Ciudad<\/a>","tag_info":"Ciudad","comment_count":"0","amp_enabled":true,"_links":{"self":[{"href":"https:\/\/experienciadevida.com.ar\/portalurbano\/wp-json\/wp\/v2\/posts\/162284"}],"collection":[{"href":"https:\/\/experienciadevida.com.ar\/portalurbano\/wp-json\/wp\/v2\/posts"}],"about":[{"href":"https:\/\/experienciadevida.com.ar\/portalurbano\/wp-json\/wp\/v2\/types\/post"}],"author":[{"embeddable":true,"href":"https:\/\/experienciadevida.com.ar\/portalurbano\/wp-json\/wp\/v2\/users\/1"}],"replies":[{"embeddable":true,"href":"https:\/\/experienciadevida.com.ar\/portalurbano\/wp-json\/wp\/v2\/comments?post=162284"}],"version-history":[{"count":3,"href":"https:\/\/experienciadevida.com.ar\/portalurbano\/wp-json\/wp\/v2\/posts\/162284\/revisions"}],"predecessor-version":[{"id":162292,"href":"https:\/\/experienciadevida.com.ar\/portalurbano\/wp-json\/wp\/v2\/posts\/162284\/revisions\/162292"}],"wp:featuredmedia":[{"embeddable":true,"href":"https:\/\/experienciadevida.com.ar\/portalurbano\/wp-json\/wp\/v2\/media\/162285"}],"wp:attachment":[{"href":"https:\/\/experienciadevida.com.ar\/portalurbano\/wp-json\/wp\/v2\/media?parent=162284"}],"wp:term":[{"taxonomy":"category","embeddable":true,"href":"https:\/\/experienciadevida.com.ar\/portalurbano\/wp-json\/wp\/v2\/categories?post=162284"},{"taxonomy":"post_tag","embeddable":true,"href":"https:\/\/experienciadevida.com.ar\/portalurbano\/wp-json\/wp\/v2\/tags?post=162284"}],"curies":[{"name":"wp","href":"https:\/\/api.w.org\/{rel}","templated":true}]}}