{"id":162280,"date":"2022-02-23T15:36:12","date_gmt":"2022-02-23T18:36:12","guid":{"rendered":"https:\/\/experienciadevida.com.ar\/portalurbano\/?p=162280"},"modified":"2022-02-23T15:36:45","modified_gmt":"2022-02-23T18:36:45","slug":"un-logro-educativo-para-destacar","status":"publish","type":"post","link":"https:\/\/experienciadevida.com.ar\/portalurbano\/un-logro-educativo-para-destacar\/","title":{"rendered":"Un logro educativo para destacar"},"content":{"rendered":"<p>Un logro educativo para destacar, en el marco de una reuni\u00f3n del Consejo de Administraci\u00f3n, el titular de<br \/>\nDefensa Civil de Olavarr\u00eda y flamante egresado del Centro de Estudios Universitarios de Coopelectric Adri\u00e1n Guevara, visit\u00f3 las instalaciones de la Cooperativa.<\/p>\n<p>Tras haber culminado el ciclo de Licenciatura en Seguridad e Higiene a trav\u00e9s de la Universidad FASTA, el Lic. Guevara manifest\u00f3 su agradecimiento a la instituci\u00f3n y comparti\u00f3 la experiencia de estudio a trav\u00e9s de plataformas digitales.<\/p>\n<p>Con la intenci\u00f3n de capacitarse, de adquirir nuevas herramientas y de apostar a su formaci\u00f3n acad\u00e9mica fue que Adri\u00e1n, con el acompa\u00f1amiento incondicional de su familia, estudi\u00f3 en el ISFT N\u00b0 130 de Olavarr\u00eda la Tecnicatura en Seguridad e Higiene. Luego para completar su formaci\u00f3n apost\u00f3\u00a0 a la propuesta de educaci\u00f3n a distancia que brinda el Centro de Estudios Universitarios de Coopelectric. \u201cComenc\u00e9 a estudiar y a participar a trav\u00e9s de la plataforma, un mundo totalmente nuevo\u201d reflexion\u00f3 Adri\u00e1n sobre sus primeros pasos con esta modalidad de estudio.<\/p>\n<p>\u201cTengo 52 a\u00f1os y comenc\u00e9 a estudiar la licenciatura a una edad en la que realmente se me hac\u00eda muy dif\u00edcil por cuestiones laborales, econ\u00f3micas y por la funci\u00f3n que cumplo en el cuartel\u201d. Precisamente, a trav\u00e9s de las gestiones realizadas desde la Comisi\u00f3n directiva de la Asociaci\u00f3n de Bomberos Voluntarios con la Cooperativa, recibi\u00f3 una beca que le dio la posibilidad de cursar el ciclo de Licenciatura.<\/p>\n<p>Un logro educativo para destacar, &#8220;haber realizado la carrera de esta forma y con tanto sacrificio ha sido una<br \/>\nexperiencia muy enriquecedora. Invito a otras personas a que opten por esta forma de estudio, con esfuerzo realmente es posible llegar a obtener un t\u00edtulo universitario\u201d sostuvo el titular de Defensa Civil.<\/p>\n<p>El presidente del Consejo de Administraci\u00f3n Cruz Arouxet felicit\u00f3 al egresado y destac\u00f3 la funci\u00f3n social del Centro de Estudios Universitarios. \u201cPara nosotros es una alegr\u00eda y simboliza el cumplimiento de los objetivos planteados cuando se inici\u00f3 este servicio educativo\u201d y a\u00f1adi\u00f3 \u201cEl CEU cumple un rol fundamental en la educaci\u00f3n local, esperamos que muchos olavarrienses puedan vivir esta experiencia y alcanzar su t\u00edtulo tal como lo hizo Adri\u00e1n<br \/>\ncon tanto sacrificio\u201d.<\/p>\n","protected":false},"excerpt":{"rendered":"<p>Un logro educativo para destacar, en el marco de una reuni\u00f3n del Consejo de Administraci\u00f3n,&#8230;<\/p>\n","protected":false},"author":1,"featured_media":162281,"comment_status":"closed","ping_status":"closed","sticky":false,"template":"","format":"standard","meta":{"content-type":""},"categories":[31],"tags":[],"nelio_content":{"isAutoShareEnabled":false,"autoShareEndMode":"default","automationSources":{"useContentSentences":true,"useSocialTemplates":true,"useCustomSentences":false,"customSentences":[]},"followers":[1],"suggestedReferences":[],"includedReferences":[],"efiUrl":"","efiAlt":"","highlights":[]},"yoast_head":"<!-- This site is optimized with the Yoast SEO plugin v20.7 - https:\/\/yoast.com\/wordpress\/plugins\/seo\/ -->\n<title>Un logro educativo para destacar<\/title>\n<meta name=\"description\" content=\"Un logro educativo para destacar, en el marco de una reuni\u00f3n del Consejo de Administraci\u00f3n, el titular de Defensa Civil visit\u00f3 el lugar\" \/>\n<meta name=\"robots\" content=\"index, follow, max-snippet:-1, max-image-preview:large, max-video-preview:-1\" \/>\n<link rel=\"canonical\" href=\"https:\/\/experienciadevida.com.ar\/portalurbano\/un-logro-educativo-para-destacar\/\" \/>\n<meta property=\"og:locale\" content=\"es_ES\" \/>\n<meta property=\"og:type\" content=\"article\" \/>\n<meta property=\"og:title\" content=\"Un logro educativo para destacar\" \/>\n<meta property=\"og:description\" content=\"Un logro educativo para destacar, en el marco de una reuni\u00f3n del Consejo de Administraci\u00f3n, el titular de Defensa Civil visit\u00f3 el lugar\" \/>\n<meta property=\"og:url\" content=\"https:\/\/experienciadevida.com.ar\/portalurbano\/un-logro-educativo-para-destacar\/\" \/>\n<meta property=\"article:publisher\" content=\"https:\/\/www.facebook.com\/Portal-Urbano-171542830093757\/\" \/>\n<meta property=\"article:published_time\" content=\"2022-02-23T18:36:12+00:00\" \/>\n<meta property=\"article:modified_time\" content=\"2022-02-23T18:36:45+00:00\" \/>\n<meta property=\"og:image\" content=\"https:\/\/experienciadevida.com.ar\/portalurbano\/wp-content\/uploads\/2022\/02\/Un-logro-educativo.jpg\" \/>\n\t<meta property=\"og:image:width\" content=\"900\" \/>\n\t<meta property=\"og:image:height\" content=\"600\" \/>\n\t<meta property=\"og:image:type\" content=\"image\/jpeg\" \/>\n<meta name=\"author\" content=\"admpu17wp\" \/>\n<meta name=\"twitter:card\" content=\"summary_large_image\" \/>\n<meta name=\"twitter:creator\" content=\"@portalurbanook\" \/>\n<meta name=\"twitter:site\" content=\"@portalurbanook\" \/>\n<meta name=\"twitter:label1\" content=\"Escrito por\" \/>\n\t<meta name=\"twitter:data1\" content=\"admpu17wp\" \/>\n\t<meta name=\"twitter:label2\" content=\"Tiempo de lectura\" \/>\n\t<meta name=\"twitter:data2\" content=\"2 minutos\" \/>\n<script type=\"application\/ld+json\" class=\"yoast-schema-graph\">{\"@context\":\"https:\/\/schema.org\",\"@graph\":[{\"@type\":\"Article\",\"@id\":\"https:\/\/experienciadevida.com.ar\/portalurbano\/un-logro-educativo-para-destacar\/#article\",\"isPartOf\":{\"@id\":\"https:\/\/experienciadevida.com.ar\/portalurbano\/un-logro-educativo-para-destacar\/\"},\"author\":{\"name\":\"admpu17wp\",\"@id\":\"https:\/\/experienciadevida.com.ar\/portalurbano\/#\/schema\/person\/02dd326b1c4b056e9cc972486934a3a7\"},\"headline\":\"Un logro educativo para destacar\",\"datePublished\":\"2022-02-23T18:36:12+00:00\",\"dateModified\":\"2022-02-23T18:36:45+00:00\",\"mainEntityOfPage\":{\"@id\":\"https:\/\/experienciadevida.com.ar\/portalurbano\/un-logro-educativo-para-destacar\/\"},\"wordCount\":392,\"publisher\":{\"@id\":\"https:\/\/experienciadevida.com.ar\/portalurbano\/#organization\"},\"articleSection\":[\"Educaci\u00f3n\"],\"inLanguage\":\"es\"},{\"@type\":\"WebPage\",\"@id\":\"https:\/\/experienciadevida.com.ar\/portalurbano\/un-logro-educativo-para-destacar\/\",\"url\":\"https:\/\/experienciadevida.com.ar\/portalurbano\/un-logro-educativo-para-destacar\/\",\"name\":\"Un logro educativo para destacar\",\"isPartOf\":{\"@id\":\"https:\/\/experienciadevida.com.ar\/portalurbano\/#website\"},\"datePublished\":\"2022-02-23T18:36:12+00:00\",\"dateModified\":\"2022-02-23T18:36:45+00:00\",\"description\":\"Un logro educativo para destacar, en el marco de una reuni\u00f3n del Consejo de Administraci\u00f3n, el titular de Defensa Civil visit\u00f3 el lugar\",\"breadcrumb\":{\"@id\":\"https:\/\/experienciadevida.com.ar\/portalurbano\/un-logro-educativo-para-destacar\/#breadcrumb\"},\"inLanguage\":\"es\",\"potentialAction\":[{\"@type\":\"ReadAction\",\"target\":[\"https:\/\/experienciadevida.com.ar\/portalurbano\/un-logro-educativo-para-destacar\/\"]}]},{\"@type\":\"BreadcrumbList\",\"@id\":\"https:\/\/experienciadevida.com.ar\/portalurbano\/un-logro-educativo-para-destacar\/#breadcrumb\",\"itemListElement\":[{\"@type\":\"ListItem\",\"position\":1,\"name\":\"Portada\",\"item\":\"https:\/\/experienciadevida.com.ar\/portalurbano\/\"},{\"@type\":\"ListItem\",\"position\":2,\"name\":\"Un logro educativo para destacar\"}]},{\"@type\":\"WebSite\",\"@id\":\"https:\/\/experienciadevida.com.ar\/portalurbano\/#website\",\"url\":\"https:\/\/experienciadevida.com.ar\/portalurbano\/\",\"name\":\"\",\"description\":\"\",\"publisher\":{\"@id\":\"https:\/\/experienciadevida.com.ar\/portalurbano\/#organization\"},\"potentialAction\":[{\"@type\":\"SearchAction\",\"target\":{\"@type\":\"EntryPoint\",\"urlTemplate\":\"https:\/\/experienciadevida.com.ar\/portalurbano\/?s={search_term_string}\"},\"query-input\":\"required name=search_term_string\"}],\"inLanguage\":\"es\"},{\"@type\":\"Organization\",\"@id\":\"https:\/\/experienciadevida.com.ar\/portalurbano\/#organization\",\"name\":\"Portal Urbano\",\"url\":\"https:\/\/experienciadevida.com.ar\/portalurbano\/\",\"logo\":{\"@type\":\"ImageObject\",\"inLanguage\":\"es\",\"@id\":\"https:\/\/experienciadevida.com.ar\/portalurbano\/#\/schema\/logo\/image\/\",\"url\":\"https:\/\/experienciadevida.com.ar\/portalurbano\/wp-content\/uploads\/2019\/09\/Logo-Original.png\",\"contentUrl\":\"https:\/\/experienciadevida.com.ar\/portalurbano\/wp-content\/uploads\/2019\/09\/Logo-Original.png\",\"width\":2236,\"height\":1216,\"caption\":\"Portal Urbano\"},\"image\":{\"@id\":\"https:\/\/experienciadevida.com.ar\/portalurbano\/#\/schema\/logo\/image\/\"},\"sameAs\":[\"https:\/\/www.facebook.com\/Portal-Urbano-171542830093757\/\",\"https:\/\/twitter.com\/portalurbanook\",\"https:\/\/www.instagram.com\/_portalurbano\/\",\"https:\/\/www.youtube.com\/channel\/UCXhagIfszH8KxFiOok79zbA?view_as=subscriber\"]},{\"@type\":\"Person\",\"@id\":\"https:\/\/experienciadevida.com.ar\/portalurbano\/#\/schema\/person\/02dd326b1c4b056e9cc972486934a3a7\",\"name\":\"admpu17wp\",\"image\":{\"@type\":\"ImageObject\",\"inLanguage\":\"es\",\"@id\":\"https:\/\/experienciadevida.com.ar\/portalurbano\/#\/schema\/person\/image\/\",\"url\":\"https:\/\/secure.gravatar.com\/avatar\/830d4c57adaae6630765e449a6908047?s=96&d=mm&r=g\",\"contentUrl\":\"https:\/\/secure.gravatar.com\/avatar\/830d4c57adaae6630765e449a6908047?s=96&d=mm&r=g\",\"caption\":\"admpu17wp\"}}]}<\/script>\n<!-- \/ Yoast SEO plugin. -->","yoast_head_json":{"title":"Un logro educativo para destacar","description":"Un logro educativo para destacar, en el marco de una reuni\u00f3n del Consejo de Administraci\u00f3n, el titular de Defensa Civil visit\u00f3 el lugar","robots":{"index":"index","follow":"follow","max-snippet":"max-snippet:-1","max-image-preview":"max-image-preview:large","max-video-preview":"max-video-preview:-1"},"canonical":"https:\/\/experienciadevida.com.ar\/portalurbano\/un-logro-educativo-para-destacar\/","og_locale":"es_ES","og_type":"article","og_title":"Un logro educativo para destacar","og_description":"Un logro educativo para destacar, en el marco de una reuni\u00f3n del Consejo de Administraci\u00f3n, el titular de Defensa Civil visit\u00f3 el lugar","og_url":"https:\/\/experienciadevida.com.ar\/portalurbano\/un-logro-educativo-para-destacar\/","article_publisher":"https:\/\/www.facebook.com\/Portal-Urbano-171542830093757\/","article_published_time":"2022-02-23T18:36:12+00:00","article_modified_time":"2022-02-23T18:36:45+00:00","og_image":[{"width":900,"height":600,"url":"https:\/\/experienciadevida.com.ar\/portalurbano\/wp-content\/uploads\/2022\/02\/Un-logro-educativo.jpg","type":"image\/jpeg"}],"author":"admpu17wp","twitter_card":"summary_large_image","twitter_creator":"@portalurbanook","twitter_site":"@portalurbanook","twitter_misc":{"Escrito por":"admpu17wp","Tiempo de lectura":"2 minutos"},"schema":{"@context":"https:\/\/schema.org","@graph":[{"@type":"Article","@id":"https:\/\/experienciadevida.com.ar\/portalurbano\/un-logro-educativo-para-destacar\/#article","isPartOf":{"@id":"https:\/\/experienciadevida.com.ar\/portalurbano\/un-logro-educativo-para-destacar\/"},"author":{"name":"admpu17wp","@id":"https:\/\/experienciadevida.com.ar\/portalurbano\/#\/schema\/person\/02dd326b1c4b056e9cc972486934a3a7"},"headline":"Un logro educativo para destacar","datePublished":"2022-02-23T18:36:12+00:00","dateModified":"2022-02-23T18:36:45+00:00","mainEntityOfPage":{"@id":"https:\/\/experienciadevida.com.ar\/portalurbano\/un-logro-educativo-para-destacar\/"},"wordCount":392,"publisher":{"@id":"https:\/\/experienciadevida.com.ar\/portalurbano\/#organization"},"articleSection":["Educaci\u00f3n"],"inLanguage":"es"},{"@type":"WebPage","@id":"https:\/\/experienciadevida.com.ar\/portalurbano\/un-logro-educativo-para-destacar\/","url":"https:\/\/experienciadevida.com.ar\/portalurbano\/un-logro-educativo-para-destacar\/","name":"Un logro educativo para destacar","isPartOf":{"@id":"https:\/\/experienciadevida.com.ar\/portalurbano\/#website"},"datePublished":"2022-02-23T18:36:12+00:00","dateModified":"2022-02-23T18:36:45+00:00","description":"Un logro educativo para destacar, en el marco de una reuni\u00f3n del Consejo de Administraci\u00f3n, el titular de Defensa Civil visit\u00f3 el lugar","breadcrumb":{"@id":"https:\/\/experienciadevida.com.ar\/portalurbano\/un-logro-educativo-para-destacar\/#breadcrumb"},"inLanguage":"es","potentialAction":[{"@type":"ReadAction","target":["https:\/\/experienciadevida.com.ar\/portalurbano\/un-logro-educativo-para-destacar\/"]}]},{"@type":"BreadcrumbList","@id":"https:\/\/experienciadevida.com.ar\/portalurbano\/un-logro-educativo-para-destacar\/#breadcrumb","itemListElement":[{"@type":"ListItem","position":1,"name":"Portada","item":"https:\/\/experienciadevida.com.ar\/portalurbano\/"},{"@type":"ListItem","position":2,"name":"Un logro educativo para destacar"}]},{"@type":"WebSite","@id":"https:\/\/experienciadevida.com.ar\/portalurbano\/#website","url":"https:\/\/experienciadevida.com.ar\/portalurbano\/","name":"","description":"","publisher":{"@id":"https:\/\/experienciadevida.com.ar\/portalurbano\/#organization"},"potentialAction":[{"@type":"SearchAction","target":{"@type":"EntryPoint","urlTemplate":"https:\/\/experienciadevida.com.ar\/portalurbano\/?s={search_term_string}"},"query-input":"required name=search_term_string"}],"inLanguage":"es"},{"@type":"Organization","@id":"https:\/\/experienciadevida.com.ar\/portalurbano\/#organization","name":"Portal Urbano","url":"https:\/\/experienciadevida.com.ar\/portalurbano\/","logo":{"@type":"ImageObject","inLanguage":"es","@id":"https:\/\/experienciadevida.com.ar\/portalurbano\/#\/schema\/logo\/image\/","url":"https:\/\/experienciadevida.com.ar\/portalurbano\/wp-content\/uploads\/2019\/09\/Logo-Original.png","contentUrl":"https:\/\/experienciadevida.com.ar\/portalurbano\/wp-content\/uploads\/2019\/09\/Logo-Original.png","width":2236,"height":1216,"caption":"Portal Urbano"},"image":{"@id":"https:\/\/experienciadevida.com.ar\/portalurbano\/#\/schema\/logo\/image\/"},"sameAs":["https:\/\/www.facebook.com\/Portal-Urbano-171542830093757\/","https:\/\/twitter.com\/portalurbanook","https:\/\/www.instagram.com\/_portalurbano\/","https:\/\/www.youtube.com\/channel\/UCXhagIfszH8KxFiOok79zbA?view_as=subscriber"]},{"@type":"Person","@id":"https:\/\/experienciadevida.com.ar\/portalurbano\/#\/schema\/person\/02dd326b1c4b056e9cc972486934a3a7","name":"admpu17wp","image":{"@type":"ImageObject","inLanguage":"es","@id":"https:\/\/experienciadevida.com.ar\/portalurbano\/#\/schema\/person\/image\/","url":"https:\/\/secure.gravatar.com\/avatar\/830d4c57adaae6630765e449a6908047?s=96&d=mm&r=g","contentUrl":"https:\/\/secure.gravatar.com\/avatar\/830d4c57adaae6630765e449a6908047?s=96&d=mm&r=g","caption":"admpu17wp"}}]}},"featured_image_urls":{"full":["https:\/\/experienciadevida.com.ar\/portalurbano\/wp-content\/uploads\/2022\/02\/Un-logro-educativo.jpg",900,600,false],"thumbnail":["https:\/\/experienciadevida.com.ar\/portalurbano\/wp-content\/uploads\/2022\/02\/Un-logro-educativo-150x150.jpg",150,150,true],"medium":["https:\/\/experienciadevida.com.ar\/portalurbano\/wp-content\/uploads\/2022\/02\/Un-logro-educativo-300x200.jpg",300,200,true],"medium_large":["https:\/\/experienciadevida.com.ar\/portalurbano\/wp-content\/uploads\/2022\/02\/Un-logro-educativo-768x512.jpg",640,427,true],"large":["https:\/\/experienciadevida.com.ar\/portalurbano\/wp-content\/uploads\/2022\/02\/Un-logro-educativo.jpg",640,427,false],"ug_big":["https:\/\/experienciadevida.com.ar\/portalurbano\/wp-content\/uploads\/2022\/02\/Un-logro-educativo-768x512.jpg",768,512,true],"1536x1536":["https:\/\/experienciadevida.com.ar\/portalurbano\/wp-content\/uploads\/2022\/02\/Un-logro-educativo.jpg",900,600,false],"2048x2048":["https:\/\/experienciadevida.com.ar\/portalurbano\/wp-content\/uploads\/2022\/02\/Un-logro-educativo.jpg",900,600,false],"newsever-slider-full":["https:\/\/experienciadevida.com.ar\/portalurbano\/wp-content\/uploads\/2022\/02\/Un-logro-educativo.jpg",900,600,false],"newsever-featured":["https:\/\/experienciadevida.com.ar\/portalurbano\/wp-content\/uploads\/2022\/02\/Un-logro-educativo.jpg",900,600,false],"newsever-medium":["https:\/\/experienciadevida.com.ar\/portalurbano\/wp-content\/uploads\/2022\/02\/Un-logro-educativo.jpg",713,475,false],"web-stories-poster-portrait":["https:\/\/experienciadevida.com.ar\/portalurbano\/wp-content\/uploads\/2022\/02\/Un-logro-educativo.jpg",640,427,false],"web-stories-publisher-logo":["https:\/\/experienciadevida.com.ar\/portalurbano\/wp-content\/uploads\/2022\/02\/Un-logro-educativo.jpg",96,64,false],"web-stories-thumbnail":["https:\/\/experienciadevida.com.ar\/portalurbano\/wp-content\/uploads\/2022\/02\/Un-logro-educativo.jpg",150,100,false]},"author_info":{"display_name":"admpu17wp","author_link":"https:\/\/experienciadevida.com.ar\/portalurbano\/author\/admpu17wp\/"},"category_info":"<a href=\"https:\/\/experienciadevida.com.ar\/portalurbano\/category\/ciudad\/educacion\/\" rel=\"category tag\">Educaci\u00f3n<\/a>","tag_info":"Educaci\u00f3n","comment_count":"0","amp_enabled":true,"_links":{"self":[{"href":"https:\/\/experienciadevida.com.ar\/portalurbano\/wp-json\/wp\/v2\/posts\/162280"}],"collection":[{"href":"https:\/\/experienciadevida.com.ar\/portalurbano\/wp-json\/wp\/v2\/posts"}],"about":[{"href":"https:\/\/experienciadevida.com.ar\/portalurbano\/wp-json\/wp\/v2\/types\/post"}],"author":[{"embeddable":true,"href":"https:\/\/experienciadevida.com.ar\/portalurbano\/wp-json\/wp\/v2\/users\/1"}],"replies":[{"embeddable":true,"href":"https:\/\/experienciadevida.com.ar\/portalurbano\/wp-json\/wp\/v2\/comments?post=162280"}],"version-history":[{"count":2,"href":"https:\/\/experienciadevida.com.ar\/portalurbano\/wp-json\/wp\/v2\/posts\/162280\/revisions"}],"predecessor-version":[{"id":162283,"href":"https:\/\/experienciadevida.com.ar\/portalurbano\/wp-json\/wp\/v2\/posts\/162280\/revisions\/162283"}],"wp:featuredmedia":[{"embeddable":true,"href":"https:\/\/experienciadevida.com.ar\/portalurbano\/wp-json\/wp\/v2\/media\/162281"}],"wp:attachment":[{"href":"https:\/\/experienciadevida.com.ar\/portalurbano\/wp-json\/wp\/v2\/media?parent=162280"}],"wp:term":[{"taxonomy":"category","embeddable":true,"href":"https:\/\/experienciadevida.com.ar\/portalurbano\/wp-json\/wp\/v2\/categories?post=162280"},{"taxonomy":"post_tag","embeddable":true,"href":"https:\/\/experienciadevida.com.ar\/portalurbano\/wp-json\/wp\/v2\/tags?post=162280"}],"curies":[{"name":"wp","href":"https:\/\/api.w.org\/{rel}","templated":true}]}}