{"id":162272,"date":"2022-02-23T15:27:09","date_gmt":"2022-02-23T18:27:09","guid":{"rendered":"https:\/\/experienciadevida.com.ar\/portalurbano\/?p=162272"},"modified":"2022-02-23T15:32:01","modified_gmt":"2022-02-23T18:32:01","slug":"contaminacion-del-arroyo-tapalque-tenemos-un-estado-municipal-ausente-por-completo-despreocupado-de-la-problematica-y-escondiendo-datos","status":"publish","type":"post","link":"https:\/\/experienciadevida.com.ar\/portalurbano\/contaminacion-del-arroyo-tapalque-tenemos-un-estado-municipal-ausente-por-completo-despreocupado-de-la-problematica-y-escondiendo-datos\/","title":{"rendered":"Contaminaci\u00f3n del arroyo Tapalqu\u00e9: \u201cTenemos un Estado municipal ausente por completo, despreocupado de la problem\u00e1tica y escondiendo datos\u201d"},"content":{"rendered":"<p>Contaminaci\u00f3n del arroyo Tapalqu\u00e9: \u201cTenemos un Estado municipal ausente por completo, despreocupado de la problem\u00e1tica y escondiendo datos\u201d.<\/p>\n<p>As\u00ed lo indic\u00f3 el ex concejal <a href=\"https:\/\/www.facebook.com\/marcelo.latorre.796\">Marcelo Latorre<\/a>, junto a <a href=\"https:\/\/www.facebook.com\/profile.php?id=100009180079860\">Ubaldo Garc\u00eda<\/a> y Luisina Vivas, mediante una conferencia de prensa. Adem\u00e1s denunciaron la contaminaci\u00f3n del arroyo Tapalqu\u00e9 y la falta de control del municipio.<\/p>\n<p>Durante la ma\u00f1ana de hoy, mediante conferencia de prensa manifestaron que Autoridad del Agua constat\u00f3 el derrame de lixiviados provenientes del relleno sanitario al arroyo Tapalqu\u00e9, se detect\u00f3 una cifra muy alta de metales en el agua y altos niveles de Bacterias Coliformes Fecales.<\/p>\n<p>Marcelo Latorre comenz\u00f3 la conferencia indicando: \u201cLamentablemente desde hace muchos a\u00f1os se toma al arroyo Tapalqu\u00e9 como un inodoro donde se tiran todos los desperdicios. Son varias las problem\u00e1ticas que tenemos con el arroyo, el tema que nos tiene muy preocupados es el relleno sanitario urbano. Como es de p\u00fablico conocimiento y se ha difundido a trav\u00e9s de videos se tiran lixiviados del relleno sanitario al arroyo, seguimos en la misma situaci\u00f3n que en el 2015\u201d.<\/p>\n<p><a href=\"https:\/\/experienciadevida.com.ar\/portalurbano\/contaminacion-del-arroyo-tapalque-tenemos-un-estado-municipal-ausente-por-completo-despreocupado-de-la-problematica-y-escondiendo-datos\/contaminacion\/\" rel=\"attachment wp-att-162276\"><img decoding=\"async\" class=\"alignnone size-large wp-image-162276\" src=\"https:\/\/experienciadevida.com.ar\/portalurbano\/wp-content\/uploads\/2022\/02\/contaminacion-1024x657.jpg\" alt=\"contaminaci\u00f3n \" width=\"900\" height=\"577\" srcset=\"https:\/\/experienciadevida.com.ar\/portalurbano\/wp-content\/uploads\/2022\/02\/contaminacion-1024x657.jpg 1024w, https:\/\/experienciadevida.com.ar\/portalurbano\/wp-content\/uploads\/2022\/02\/contaminacion-300x192.jpg 300w, https:\/\/experienciadevida.com.ar\/portalurbano\/wp-content\/uploads\/2022\/02\/contaminacion-768x493.jpg 768w, https:\/\/experienciadevida.com.ar\/portalurbano\/wp-content\/uploads\/2022\/02\/contaminacion.jpg 1280w\" sizes=\"(max-width: 900px) 100vw, 900px\" \/><\/a><\/p>\n<p>Adem\u00e1s sentenci\u00f3 \u201cTenemos un Estado municipal ausente por completo, despreocupado de la problem\u00e1tica y escondiendo datos, ya que tenemos un informe del ADA elaborado y entregado al municipio con fecha del 19 de enero y nunca lo comunicaron. Se olvidaron de decir que problemas ten\u00eda el relleno sanitario. En esa inspecci\u00f3n se detectan varias irregularidades, que ahora la empresa desde hace 15 d\u00edas ha empezado a reparar, pero son much\u00edsimos los problemas que tienen. Uno de ellos es el impacto de los lixiviados en el arroyo Tapalqu\u00e9, el acta demuestra los problemas de impacto ambiental y que trae consecuencias en la calidad del agua\u201d.<\/p>\n<p>En la misma l\u00ednea detall\u00f3: \u201cEl A.D.A comenz\u00f3 a medir y arroj\u00f3 datos sobre la presencia de metales, nos encontramos con una gran cantidad de metales pesados, estamos teniendo cuatro veces m\u00e1s de lo permitido, es muy alto. Se detectaron altos niveles de Bacterias Coliformes Fecales aguas abajo del punto de vuelco. Con estos \u00edndices que tenemos de materia fecal no podemos hacer obviamente ning\u00fan tipo de activad acu\u00e1tica. Vemos un municipio ausente de control, ellos sabiendo los resultados no han comunicado nada\u201d.<\/p>\n<p>\u201cADA le solicit\u00f3 a Malvinas presentar en 10 d\u00edas un plan de contingencia detallado a fines de evitar los lixiviados y realizar diferentes an\u00e1lisis. Queremos denunciar que efectivamente la planta de residuos s\u00f3lidos urbanos est\u00e1 contaminado el arroyo Tapalqu\u00e9, que hay un Estado municipal totalmente ausente, que la misma gente de Malvinas est\u00e1 en permanente contacto con el municipio, entonces \u00bfQue pasa con el control hacia la empresa?\u201d, concluy\u00f3.<\/p>\n<p>Por su parte el concejal Ubaldo Garc\u00eda destac\u00f3: \u201cQuiero manifestar la ausencia del municipio en lo que tiene que ver con el control de esta situaci\u00f3n, el tema se present\u00f3 por inquietud de vecinos que visualizan esta problem\u00e1tica, nosotros nos hicimos eco de estos reclamos, nos pusimos a trabajar e investigar el tema y se ve perfectamente, como en las fotos, los lixiviados se est\u00e1n canalizando por el arroyo. Se ve claramente el descontrol que est\u00e9 generando en este tema, nos preocupa la falta de control, los vecinos hacen una gran inversi\u00f3n para el tratamiento, el 10% del gasto del municipio de Olavarr\u00eda se destina a la recolecci\u00f3n y tratamiento de los residuos y no se realiza un trabajo como corresponde\u201d.<\/p>\n<p><a href=\"https:\/\/experienciadevida.com.ar\/portalurbano\/contaminacion-del-arroyo-tapalque-tenemos-un-estado-municipal-ausente-por-completo-despreocupado-de-la-problematica-y-escondiendo-datos\/arroyo-tapalque\/\" rel=\"attachment wp-att-162278\"><img decoding=\"async\" class=\"alignnone size-large wp-image-162278\" src=\"https:\/\/experienciadevida.com.ar\/portalurbano\/wp-content\/uploads\/2022\/02\/arroyo-Tapalque-1024x666.jpg\" alt=\"arroyo Tapalqu\u00e9 \" width=\"900\" height=\"585\" srcset=\"https:\/\/experienciadevida.com.ar\/portalurbano\/wp-content\/uploads\/2022\/02\/arroyo-Tapalque-1024x666.jpg 1024w, https:\/\/experienciadevida.com.ar\/portalurbano\/wp-content\/uploads\/2022\/02\/arroyo-Tapalque-300x195.jpg 300w, https:\/\/experienciadevida.com.ar\/portalurbano\/wp-content\/uploads\/2022\/02\/arroyo-Tapalque-768x500.jpg 768w, https:\/\/experienciadevida.com.ar\/portalurbano\/wp-content\/uploads\/2022\/02\/arroyo-Tapalque.jpg 1280w\" sizes=\"(max-width: 900px) 100vw, 900px\" \/><\/a><\/p>\n<p>Finalmente, Luisina Vivas, Profesora de Biolog\u00eda, hizo hincapi\u00e9 en las problem\u00e1ticas que esta contaminaci\u00f3n produce y lo nocivo que resulta para la flora y la fauna y por supuesto para todos los vecinos y las vecinas, ya que produce una gran cantidad de enfermedades, algunas de ellas mortales.<\/p>\n<p><a href=\"https:\/\/experienciadevida.com.ar\/portalurbano\/contaminacion-del-arroyo-tapalque-tenemos-un-estado-municipal-ausente-por-completo-despreocupado-de-la-problematica-y-escondiendo-datos\/del\/\" rel=\"attachment wp-att-162277\"><img decoding=\"async\" class=\"alignnone size-large wp-image-162277\" src=\"https:\/\/experienciadevida.com.ar\/portalurbano\/wp-content\/uploads\/2022\/02\/del-1024x682.jpg\" alt=\"del \" width=\"900\" height=\"599\" srcset=\"https:\/\/experienciadevida.com.ar\/portalurbano\/wp-content\/uploads\/2022\/02\/del-1024x682.jpg 1024w, https:\/\/experienciadevida.com.ar\/portalurbano\/wp-content\/uploads\/2022\/02\/del-300x200.jpg 300w, https:\/\/experienciadevida.com.ar\/portalurbano\/wp-content\/uploads\/2022\/02\/del-768x512.jpg 768w, https:\/\/experienciadevida.com.ar\/portalurbano\/wp-content\/uploads\/2022\/02\/del.jpg 1280w\" sizes=\"(max-width: 900px) 100vw, 900px\" \/><\/a><\/p>\n","protected":false},"excerpt":{"rendered":"<p>Contaminaci\u00f3n del arroyo Tapalqu\u00e9: \u201cTenemos un Estado municipal ausente por completo, despreocupado de la problem\u00e1tica&#8230;<\/p>\n","protected":false},"author":1,"featured_media":162273,"comment_status":"closed","ping_status":"closed","sticky":false,"template":"","format":"standard","meta":{"content-type":""},"categories":[27,51],"tags":[],"nelio_content":{"isAutoShareEnabled":false,"autoShareEndMode":"default","automationSources":{"useContentSentences":true,"useSocialTemplates":true,"useCustomSentences":false,"customSentences":[]},"followers":[1],"suggestedReferences":[],"includedReferences":[],"efiUrl":"","efiAlt":"","highlights":[]},"yoast_head":"<!-- This site is optimized with the Yoast SEO plugin v20.7 - https:\/\/yoast.com\/wordpress\/plugins\/seo\/ -->\n<title>Contaminaci\u00f3n del arroyo Tapalqu\u00e9: &quot;Tenemos un estado ausente&quot;<\/title>\n<meta name=\"description\" content=\"Contaminaci\u00f3n del arroyo Tapalqu\u00e9: \u201cTenemos un Estado municipal ausente por completo, despreocupado de la problem\u00e1tica\" \/>\n<meta name=\"robots\" content=\"index, follow, max-snippet:-1, max-image-preview:large, max-video-preview:-1\" \/>\n<link rel=\"canonical\" href=\"https:\/\/experienciadevida.com.ar\/portalurbano\/contaminacion-del-arroyo-tapalque-tenemos-un-estado-municipal-ausente-por-completo-despreocupado-de-la-problematica-y-escondiendo-datos\/\" \/>\n<meta property=\"og:locale\" content=\"es_ES\" \/>\n<meta property=\"og:type\" content=\"article\" \/>\n<meta property=\"og:title\" content=\"Contaminaci\u00f3n del arroyo Tapalqu\u00e9: &quot;Tenemos un estado ausente&quot;\" \/>\n<meta property=\"og:description\" content=\"Contaminaci\u00f3n del arroyo Tapalqu\u00e9: \u201cTenemos un Estado municipal ausente por completo, despreocupado de la problem\u00e1tica\" \/>\n<meta property=\"og:url\" content=\"https:\/\/experienciadevida.com.ar\/portalurbano\/contaminacion-del-arroyo-tapalque-tenemos-un-estado-municipal-ausente-por-completo-despreocupado-de-la-problematica-y-escondiendo-datos\/\" \/>\n<meta property=\"article:publisher\" content=\"https:\/\/www.facebook.com\/Portal-Urbano-171542830093757\/\" \/>\n<meta property=\"article:published_time\" content=\"2022-02-23T18:27:09+00:00\" \/>\n<meta property=\"article:modified_time\" content=\"2022-02-23T18:32:01+00:00\" \/>\n<meta property=\"og:image\" content=\"https:\/\/experienciadevida.com.ar\/portalurbano\/wp-content\/uploads\/2022\/02\/Contaminacion-del-arroyo-Tapalque.jpg\" \/>\n\t<meta property=\"og:image:width\" content=\"1280\" \/>\n\t<meta property=\"og:image:height\" content=\"758\" \/>\n\t<meta property=\"og:image:type\" content=\"image\/jpeg\" \/>\n<meta name=\"author\" content=\"admpu17wp\" \/>\n<meta name=\"twitter:card\" content=\"summary_large_image\" \/>\n<meta name=\"twitter:creator\" content=\"@portalurbanook\" \/>\n<meta name=\"twitter:site\" content=\"@portalurbanook\" \/>\n<meta name=\"twitter:label1\" content=\"Escrito por\" \/>\n\t<meta name=\"twitter:data1\" content=\"admpu17wp\" \/>\n\t<meta name=\"twitter:label2\" content=\"Tiempo de lectura\" \/>\n\t<meta name=\"twitter:data2\" content=\"4 minutos\" \/>\n<script type=\"application\/ld+json\" class=\"yoast-schema-graph\">{\"@context\":\"https:\/\/schema.org\",\"@graph\":[{\"@type\":\"Article\",\"@id\":\"https:\/\/experienciadevida.com.ar\/portalurbano\/contaminacion-del-arroyo-tapalque-tenemos-un-estado-municipal-ausente-por-completo-despreocupado-de-la-problematica-y-escondiendo-datos\/#article\",\"isPartOf\":{\"@id\":\"https:\/\/experienciadevida.com.ar\/portalurbano\/contaminacion-del-arroyo-tapalque-tenemos-un-estado-municipal-ausente-por-completo-despreocupado-de-la-problematica-y-escondiendo-datos\/\"},\"author\":{\"name\":\"admpu17wp\",\"@id\":\"https:\/\/experienciadevida.com.ar\/portalurbano\/#\/schema\/person\/02dd326b1c4b056e9cc972486934a3a7\"},\"headline\":\"Contaminaci\u00f3n del arroyo Tapalqu\u00e9: \u201cTenemos un Estado municipal ausente por completo, despreocupado de la problem\u00e1tica y escondiendo datos\u201d\",\"datePublished\":\"2022-02-23T18:27:09+00:00\",\"dateModified\":\"2022-02-23T18:32:01+00:00\",\"mainEntityOfPage\":{\"@id\":\"https:\/\/experienciadevida.com.ar\/portalurbano\/contaminacion-del-arroyo-tapalque-tenemos-un-estado-municipal-ausente-por-completo-despreocupado-de-la-problematica-y-escondiendo-datos\/\"},\"wordCount\":648,\"publisher\":{\"@id\":\"https:\/\/experienciadevida.com.ar\/portalurbano\/#organization\"},\"articleSection\":[\"Ciudad\",\"Destacadas\"],\"inLanguage\":\"es\"},{\"@type\":\"WebPage\",\"@id\":\"https:\/\/experienciadevida.com.ar\/portalurbano\/contaminacion-del-arroyo-tapalque-tenemos-un-estado-municipal-ausente-por-completo-despreocupado-de-la-problematica-y-escondiendo-datos\/\",\"url\":\"https:\/\/experienciadevida.com.ar\/portalurbano\/contaminacion-del-arroyo-tapalque-tenemos-un-estado-municipal-ausente-por-completo-despreocupado-de-la-problematica-y-escondiendo-datos\/\",\"name\":\"Contaminaci\u00f3n del arroyo Tapalqu\u00e9: \\\"Tenemos un estado ausente\\\"\",\"isPartOf\":{\"@id\":\"https:\/\/experienciadevida.com.ar\/portalurbano\/#website\"},\"datePublished\":\"2022-02-23T18:27:09+00:00\",\"dateModified\":\"2022-02-23T18:32:01+00:00\",\"description\":\"Contaminaci\u00f3n del arroyo Tapalqu\u00e9: \u201cTenemos un Estado municipal ausente por completo, despreocupado de la problem\u00e1tica\",\"breadcrumb\":{\"@id\":\"https:\/\/experienciadevida.com.ar\/portalurbano\/contaminacion-del-arroyo-tapalque-tenemos-un-estado-municipal-ausente-por-completo-despreocupado-de-la-problematica-y-escondiendo-datos\/#breadcrumb\"},\"inLanguage\":\"es\",\"potentialAction\":[{\"@type\":\"ReadAction\",\"target\":[\"https:\/\/experienciadevida.com.ar\/portalurbano\/contaminacion-del-arroyo-tapalque-tenemos-un-estado-municipal-ausente-por-completo-despreocupado-de-la-problematica-y-escondiendo-datos\/\"]}]},{\"@type\":\"BreadcrumbList\",\"@id\":\"https:\/\/experienciadevida.com.ar\/portalurbano\/contaminacion-del-arroyo-tapalque-tenemos-un-estado-municipal-ausente-por-completo-despreocupado-de-la-problematica-y-escondiendo-datos\/#breadcrumb\",\"itemListElement\":[{\"@type\":\"ListItem\",\"position\":1,\"name\":\"Portada\",\"item\":\"https:\/\/experienciadevida.com.ar\/portalurbano\/\"},{\"@type\":\"ListItem\",\"position\":2,\"name\":\"Contaminaci\u00f3n del arroyo Tapalqu\u00e9: \u201cTenemos un Estado municipal ausente por completo, despreocupado de la problem\u00e1tica y escondiendo datos\u201d\"}]},{\"@type\":\"WebSite\",\"@id\":\"https:\/\/experienciadevida.com.ar\/portalurbano\/#website\",\"url\":\"https:\/\/experienciadevida.com.ar\/portalurbano\/\",\"name\":\"\",\"description\":\"\",\"publisher\":{\"@id\":\"https:\/\/experienciadevida.com.ar\/portalurbano\/#organization\"},\"potentialAction\":[{\"@type\":\"SearchAction\",\"target\":{\"@type\":\"EntryPoint\",\"urlTemplate\":\"https:\/\/experienciadevida.com.ar\/portalurbano\/?s={search_term_string}\"},\"query-input\":\"required name=search_term_string\"}],\"inLanguage\":\"es\"},{\"@type\":\"Organization\",\"@id\":\"https:\/\/experienciadevida.com.ar\/portalurbano\/#organization\",\"name\":\"Portal Urbano\",\"url\":\"https:\/\/experienciadevida.com.ar\/portalurbano\/\",\"logo\":{\"@type\":\"ImageObject\",\"inLanguage\":\"es\",\"@id\":\"https:\/\/experienciadevida.com.ar\/portalurbano\/#\/schema\/logo\/image\/\",\"url\":\"https:\/\/experienciadevida.com.ar\/portalurbano\/wp-content\/uploads\/2019\/09\/Logo-Original.png\",\"contentUrl\":\"https:\/\/experienciadevida.com.ar\/portalurbano\/wp-content\/uploads\/2019\/09\/Logo-Original.png\",\"width\":2236,\"height\":1216,\"caption\":\"Portal Urbano\"},\"image\":{\"@id\":\"https:\/\/experienciadevida.com.ar\/portalurbano\/#\/schema\/logo\/image\/\"},\"sameAs\":[\"https:\/\/www.facebook.com\/Portal-Urbano-171542830093757\/\",\"https:\/\/twitter.com\/portalurbanook\",\"https:\/\/www.instagram.com\/_portalurbano\/\",\"https:\/\/www.youtube.com\/channel\/UCXhagIfszH8KxFiOok79zbA?view_as=subscriber\"]},{\"@type\":\"Person\",\"@id\":\"https:\/\/experienciadevida.com.ar\/portalurbano\/#\/schema\/person\/02dd326b1c4b056e9cc972486934a3a7\",\"name\":\"admpu17wp\",\"image\":{\"@type\":\"ImageObject\",\"inLanguage\":\"es\",\"@id\":\"https:\/\/experienciadevida.com.ar\/portalurbano\/#\/schema\/person\/image\/\",\"url\":\"https:\/\/secure.gravatar.com\/avatar\/830d4c57adaae6630765e449a6908047?s=96&d=mm&r=g\",\"contentUrl\":\"https:\/\/secure.gravatar.com\/avatar\/830d4c57adaae6630765e449a6908047?s=96&d=mm&r=g\",\"caption\":\"admpu17wp\"}}]}<\/script>\n<!-- \/ Yoast SEO plugin. -->","yoast_head_json":{"title":"Contaminaci\u00f3n del arroyo Tapalqu\u00e9: \"Tenemos un estado ausente\"","description":"Contaminaci\u00f3n del arroyo Tapalqu\u00e9: \u201cTenemos un Estado municipal ausente por completo, despreocupado de la problem\u00e1tica","robots":{"index":"index","follow":"follow","max-snippet":"max-snippet:-1","max-image-preview":"max-image-preview:large","max-video-preview":"max-video-preview:-1"},"canonical":"https:\/\/experienciadevida.com.ar\/portalurbano\/contaminacion-del-arroyo-tapalque-tenemos-un-estado-municipal-ausente-por-completo-despreocupado-de-la-problematica-y-escondiendo-datos\/","og_locale":"es_ES","og_type":"article","og_title":"Contaminaci\u00f3n del arroyo Tapalqu\u00e9: \"Tenemos un estado ausente\"","og_description":"Contaminaci\u00f3n del arroyo Tapalqu\u00e9: \u201cTenemos un Estado municipal ausente por completo, despreocupado de la problem\u00e1tica","og_url":"https:\/\/experienciadevida.com.ar\/portalurbano\/contaminacion-del-arroyo-tapalque-tenemos-un-estado-municipal-ausente-por-completo-despreocupado-de-la-problematica-y-escondiendo-datos\/","article_publisher":"https:\/\/www.facebook.com\/Portal-Urbano-171542830093757\/","article_published_time":"2022-02-23T18:27:09+00:00","article_modified_time":"2022-02-23T18:32:01+00:00","og_image":[{"width":1280,"height":758,"url":"https:\/\/experienciadevida.com.ar\/portalurbano\/wp-content\/uploads\/2022\/02\/Contaminacion-del-arroyo-Tapalque.jpg","type":"image\/jpeg"}],"author":"admpu17wp","twitter_card":"summary_large_image","twitter_creator":"@portalurbanook","twitter_site":"@portalurbanook","twitter_misc":{"Escrito por":"admpu17wp","Tiempo de lectura":"4 minutos"},"schema":{"@context":"https:\/\/schema.org","@graph":[{"@type":"Article","@id":"https:\/\/experienciadevida.com.ar\/portalurbano\/contaminacion-del-arroyo-tapalque-tenemos-un-estado-municipal-ausente-por-completo-despreocupado-de-la-problematica-y-escondiendo-datos\/#article","isPartOf":{"@id":"https:\/\/experienciadevida.com.ar\/portalurbano\/contaminacion-del-arroyo-tapalque-tenemos-un-estado-municipal-ausente-por-completo-despreocupado-de-la-problematica-y-escondiendo-datos\/"},"author":{"name":"admpu17wp","@id":"https:\/\/experienciadevida.com.ar\/portalurbano\/#\/schema\/person\/02dd326b1c4b056e9cc972486934a3a7"},"headline":"Contaminaci\u00f3n del arroyo Tapalqu\u00e9: \u201cTenemos un Estado municipal ausente por completo, despreocupado de la problem\u00e1tica y escondiendo datos\u201d","datePublished":"2022-02-23T18:27:09+00:00","dateModified":"2022-02-23T18:32:01+00:00","mainEntityOfPage":{"@id":"https:\/\/experienciadevida.com.ar\/portalurbano\/contaminacion-del-arroyo-tapalque-tenemos-un-estado-municipal-ausente-por-completo-despreocupado-de-la-problematica-y-escondiendo-datos\/"},"wordCount":648,"publisher":{"@id":"https:\/\/experienciadevida.com.ar\/portalurbano\/#organization"},"articleSection":["Ciudad","Destacadas"],"inLanguage":"es"},{"@type":"WebPage","@id":"https:\/\/experienciadevida.com.ar\/portalurbano\/contaminacion-del-arroyo-tapalque-tenemos-un-estado-municipal-ausente-por-completo-despreocupado-de-la-problematica-y-escondiendo-datos\/","url":"https:\/\/experienciadevida.com.ar\/portalurbano\/contaminacion-del-arroyo-tapalque-tenemos-un-estado-municipal-ausente-por-completo-despreocupado-de-la-problematica-y-escondiendo-datos\/","name":"Contaminaci\u00f3n del arroyo Tapalqu\u00e9: \"Tenemos un estado ausente\"","isPartOf":{"@id":"https:\/\/experienciadevida.com.ar\/portalurbano\/#website"},"datePublished":"2022-02-23T18:27:09+00:00","dateModified":"2022-02-23T18:32:01+00:00","description":"Contaminaci\u00f3n del arroyo Tapalqu\u00e9: \u201cTenemos un Estado municipal ausente por completo, despreocupado de la problem\u00e1tica","breadcrumb":{"@id":"https:\/\/experienciadevida.com.ar\/portalurbano\/contaminacion-del-arroyo-tapalque-tenemos-un-estado-municipal-ausente-por-completo-despreocupado-de-la-problematica-y-escondiendo-datos\/#breadcrumb"},"inLanguage":"es","potentialAction":[{"@type":"ReadAction","target":["https:\/\/experienciadevida.com.ar\/portalurbano\/contaminacion-del-arroyo-tapalque-tenemos-un-estado-municipal-ausente-por-completo-despreocupado-de-la-problematica-y-escondiendo-datos\/"]}]},{"@type":"BreadcrumbList","@id":"https:\/\/experienciadevida.com.ar\/portalurbano\/contaminacion-del-arroyo-tapalque-tenemos-un-estado-municipal-ausente-por-completo-despreocupado-de-la-problematica-y-escondiendo-datos\/#breadcrumb","itemListElement":[{"@type":"ListItem","position":1,"name":"Portada","item":"https:\/\/experienciadevida.com.ar\/portalurbano\/"},{"@type":"ListItem","position":2,"name":"Contaminaci\u00f3n del arroyo Tapalqu\u00e9: \u201cTenemos un Estado municipal ausente por completo, despreocupado de la problem\u00e1tica y escondiendo datos\u201d"}]},{"@type":"WebSite","@id":"https:\/\/experienciadevida.com.ar\/portalurbano\/#website","url":"https:\/\/experienciadevida.com.ar\/portalurbano\/","name":"","description":"","publisher":{"@id":"https:\/\/experienciadevida.com.ar\/portalurbano\/#organization"},"potentialAction":[{"@type":"SearchAction","target":{"@type":"EntryPoint","urlTemplate":"https:\/\/experienciadevida.com.ar\/portalurbano\/?s={search_term_string}"},"query-input":"required name=search_term_string"}],"inLanguage":"es"},{"@type":"Organization","@id":"https:\/\/experienciadevida.com.ar\/portalurbano\/#organization","name":"Portal Urbano","url":"https:\/\/experienciadevida.com.ar\/portalurbano\/","logo":{"@type":"ImageObject","inLanguage":"es","@id":"https:\/\/experienciadevida.com.ar\/portalurbano\/#\/schema\/logo\/image\/","url":"https:\/\/experienciadevida.com.ar\/portalurbano\/wp-content\/uploads\/2019\/09\/Logo-Original.png","contentUrl":"https:\/\/experienciadevida.com.ar\/portalurbano\/wp-content\/uploads\/2019\/09\/Logo-Original.png","width":2236,"height":1216,"caption":"Portal Urbano"},"image":{"@id":"https:\/\/experienciadevida.com.ar\/portalurbano\/#\/schema\/logo\/image\/"},"sameAs":["https:\/\/www.facebook.com\/Portal-Urbano-171542830093757\/","https:\/\/twitter.com\/portalurbanook","https:\/\/www.instagram.com\/_portalurbano\/","https:\/\/www.youtube.com\/channel\/UCXhagIfszH8KxFiOok79zbA?view_as=subscriber"]},{"@type":"Person","@id":"https:\/\/experienciadevida.com.ar\/portalurbano\/#\/schema\/person\/02dd326b1c4b056e9cc972486934a3a7","name":"admpu17wp","image":{"@type":"ImageObject","inLanguage":"es","@id":"https:\/\/experienciadevida.com.ar\/portalurbano\/#\/schema\/person\/image\/","url":"https:\/\/secure.gravatar.com\/avatar\/830d4c57adaae6630765e449a6908047?s=96&d=mm&r=g","contentUrl":"https:\/\/secure.gravatar.com\/avatar\/830d4c57adaae6630765e449a6908047?s=96&d=mm&r=g","caption":"admpu17wp"}}]}},"featured_image_urls":{"full":["https:\/\/experienciadevida.com.ar\/portalurbano\/wp-content\/uploads\/2022\/02\/Contaminacion-del-arroyo-Tapalque.jpg",1280,758,false],"thumbnail":["https:\/\/experienciadevida.com.ar\/portalurbano\/wp-content\/uploads\/2022\/02\/Contaminacion-del-arroyo-Tapalque-150x150.jpg",150,150,true],"medium":["https:\/\/experienciadevida.com.ar\/portalurbano\/wp-content\/uploads\/2022\/02\/Contaminacion-del-arroyo-Tapalque-300x178.jpg",300,178,true],"medium_large":["https:\/\/experienciadevida.com.ar\/portalurbano\/wp-content\/uploads\/2022\/02\/Contaminacion-del-arroyo-Tapalque-768x455.jpg",640,379,true],"large":["https:\/\/experienciadevida.com.ar\/portalurbano\/wp-content\/uploads\/2022\/02\/Contaminacion-del-arroyo-Tapalque-1024x606.jpg",640,379,true],"ug_big":["https:\/\/experienciadevida.com.ar\/portalurbano\/wp-content\/uploads\/2022\/02\/Contaminacion-del-arroyo-Tapalque-768x455.jpg",768,455,true],"1536x1536":["https:\/\/experienciadevida.com.ar\/portalurbano\/wp-content\/uploads\/2022\/02\/Contaminacion-del-arroyo-Tapalque.jpg",1280,758,false],"2048x2048":["https:\/\/experienciadevida.com.ar\/portalurbano\/wp-content\/uploads\/2022\/02\/Contaminacion-del-arroyo-Tapalque.jpg",1280,758,false],"newsever-slider-full":["https:\/\/experienciadevida.com.ar\/portalurbano\/wp-content\/uploads\/2022\/02\/Contaminacion-del-arroyo-Tapalque.jpg",1280,758,false],"newsever-featured":["https:\/\/experienciadevida.com.ar\/portalurbano\/wp-content\/uploads\/2022\/02\/Contaminacion-del-arroyo-Tapalque.jpg",1024,606,false],"newsever-medium":["https:\/\/experienciadevida.com.ar\/portalurbano\/wp-content\/uploads\/2022\/02\/Contaminacion-del-arroyo-Tapalque.jpg",720,426,false],"web-stories-poster-portrait":["https:\/\/experienciadevida.com.ar\/portalurbano\/wp-content\/uploads\/2022\/02\/Contaminacion-del-arroyo-Tapalque.jpg",640,379,false],"web-stories-publisher-logo":["https:\/\/experienciadevida.com.ar\/portalurbano\/wp-content\/uploads\/2022\/02\/Contaminacion-del-arroyo-Tapalque.jpg",96,57,false],"web-stories-thumbnail":["https:\/\/experienciadevida.com.ar\/portalurbano\/wp-content\/uploads\/2022\/02\/Contaminacion-del-arroyo-Tapalque.jpg",150,89,false]},"author_info":{"display_name":"admpu17wp","author_link":"https:\/\/experienciadevida.com.ar\/portalurbano\/author\/admpu17wp\/"},"category_info":"<a href=\"https:\/\/experienciadevida.com.ar\/portalurbano\/category\/ciudad\/\" rel=\"category tag\">Ciudad<\/a> <a href=\"https:\/\/experienciadevida.com.ar\/portalurbano\/category\/destacadas\/\" rel=\"category tag\">Destacadas<\/a>","tag_info":"Destacadas","comment_count":"0","amp_enabled":true,"_links":{"self":[{"href":"https:\/\/experienciadevida.com.ar\/portalurbano\/wp-json\/wp\/v2\/posts\/162272"}],"collection":[{"href":"https:\/\/experienciadevida.com.ar\/portalurbano\/wp-json\/wp\/v2\/posts"}],"about":[{"href":"https:\/\/experienciadevida.com.ar\/portalurbano\/wp-json\/wp\/v2\/types\/post"}],"author":[{"embeddable":true,"href":"https:\/\/experienciadevida.com.ar\/portalurbano\/wp-json\/wp\/v2\/users\/1"}],"replies":[{"embeddable":true,"href":"https:\/\/experienciadevida.com.ar\/portalurbano\/wp-json\/wp\/v2\/comments?post=162272"}],"version-history":[{"count":3,"href":"https:\/\/experienciadevida.com.ar\/portalurbano\/wp-json\/wp\/v2\/posts\/162272\/revisions"}],"predecessor-version":[{"id":162279,"href":"https:\/\/experienciadevida.com.ar\/portalurbano\/wp-json\/wp\/v2\/posts\/162272\/revisions\/162279"}],"wp:featuredmedia":[{"embeddable":true,"href":"https:\/\/experienciadevida.com.ar\/portalurbano\/wp-json\/wp\/v2\/media\/162273"}],"wp:attachment":[{"href":"https:\/\/experienciadevida.com.ar\/portalurbano\/wp-json\/wp\/v2\/media?parent=162272"}],"wp:term":[{"taxonomy":"category","embeddable":true,"href":"https:\/\/experienciadevida.com.ar\/portalurbano\/wp-json\/wp\/v2\/categories?post=162272"},{"taxonomy":"post_tag","embeddable":true,"href":"https:\/\/experienciadevida.com.ar\/portalurbano\/wp-json\/wp\/v2\/tags?post=162272"}],"curies":[{"name":"wp","href":"https:\/\/api.w.org\/{rel}","templated":true}]}}