{"id":162239,"date":"2022-02-22T16:59:59","date_gmt":"2022-02-22T19:59:59","guid":{"rendered":"https:\/\/experienciadevida.com.ar\/portalurbano\/?p=162239"},"modified":"2022-02-22T17:02:06","modified_gmt":"2022-02-22T20:02:06","slug":"manifestacion-frente-al-regimiento-por-el-militar-que-mato-a-un-perro","status":"publish","type":"post","link":"https:\/\/experienciadevida.com.ar\/portalurbano\/manifestacion-frente-al-regimiento-por-el-militar-que-mato-a-un-perro\/","title":{"rendered":"Manifestaci\u00f3n frente al Regimiento por el militar que mat\u00f3 a un perro"},"content":{"rendered":"<p>Manifestaci\u00f3n frente al Regimiento por el militar que mat\u00f3 a un perro, fue al mediod\u00eda de este mi\u00e9rcoles afuera del Regimiento. Vecinos y proteccionistas se manifestaron pidiendo justicia por &#8220;Malevo&#8221;, el perro que fue asesinado tras sufrir maltrato animal, el hombre est\u00e1 siendo investigado por el ej\u00e9rcito.<\/p>\n<p><a href=\"https:\/\/experienciadevida.com.ar\/portalurbano\/manifestacion-frente-al-regimiento-por-el-militar-que-mato-a-un-perro\/frente-6\/\" rel=\"attachment wp-att-162241\"><img decoding=\"async\" class=\"alignnone size-large wp-image-162241\" src=\"https:\/\/experienciadevida.com.ar\/portalurbano\/wp-content\/uploads\/2022\/02\/frente-1024x768.jpg\" alt=\"frente \" width=\"900\" height=\"675\" srcset=\"https:\/\/experienciadevida.com.ar\/portalurbano\/wp-content\/uploads\/2022\/02\/frente-1024x768.jpg 1024w, https:\/\/experienciadevida.com.ar\/portalurbano\/wp-content\/uploads\/2022\/02\/frente-300x225.jpg 300w, https:\/\/experienciadevida.com.ar\/portalurbano\/wp-content\/uploads\/2022\/02\/frente-768x576.jpg 768w, https:\/\/experienciadevida.com.ar\/portalurbano\/wp-content\/uploads\/2022\/02\/frente.jpg 1032w\" sizes=\"(max-width: 900px) 100vw, 900px\" \/><\/a><\/p>\n<p>La abogada de APOAA dialog\u00f3 con los medios presentes &#8220;est\u00e1n todos muy interesados en este caso que es doblemente grave, no s\u00f3lo\u00a0 por la violaci\u00f3n de una ley penal sino que ocurre dentro de la fuerza, por lo tanto la intenci\u00f3n es preguntar al mayor que est\u00e1 a cargo si hay alg\u00fan tipo de sanci\u00f3n administrativa si se le ha formado alg\u00fan expediente, si se ha presentado en la justicia\u00a0 y si \u00e9l ten\u00eda conocimiento eso es muy importante.\u00a0 Estos hechos hay que probarlos hay gente que est\u00e1 amenazada, amedrentada, asustada y a veces no se quieren presentar por temor a las represalias, estamos esperando como se conduce el ej\u00e9rcito en este caso si se presenta en la justicia lo que ha pasado, y si no lo ha hecho ya se ha puesto abogados a disposici\u00f3n para actuar como querellantes en defensa del animal&#8221;.<\/p>\n<p>Por otra parte mencion\u00f3 que &#8220;hay que\u00a0 encuadrar el hecho en los distintos tipos legales, adem\u00e1s del acto de maltrato y crueldad y si hay abuso de autoridad, si se agrava por el hecho de que es una persona perteneciente al ej\u00e9rcito, en ese caso le van a corresponder penas de prisi\u00f3n hasta un a\u00f1o como indica la ley\u00a0 pero se pueden acumular. Eso es muy variable, lo tiene que encuadrar el fiscal y tiene que seguir adelante con el proceso y despu\u00e9s tendr\u00e1 o no alg\u00fan tipo de consecuencias en su trabajo porque no puede ser que una persona as\u00ed est\u00e9 en la fuerza y no pierda su trabajo apelaremos a que haya alg\u00fan tipo de sanci\u00f3n no s\u00f3lo la administrativa que pueden ser algunos d\u00edas de arresto, adem\u00e1s entendemos que hay un c\u00f3digo de disciplina, comportamiento dentro de la fuerza, que es lo que hace agravar el hecho&#8221;.<\/p>\n<p>Para finalizar coment\u00f3 &#8220;las\u00a0denuncias hay que hacerlas en fiscal\u00edas y hay que demostrar los hechos con fotos, videos, testimonios y despu\u00e9s hay que seguirla a la denuncia, entonces la gente que ha sufrido una cosa as\u00ed le pedimos por favor que haga la denuncia incluso pueden pedir reserva de identidad sino quieren represalias, o tener alg\u00fan tipo de consecuencia en su vida privada se le puede pedir al fiscal que resguarde su identidad, datos personales&#8221;.<\/p>\n<p><a href=\"https:\/\/experienciadevida.com.ar\/portalurbano\/manifestacion-frente-al-regimiento-por-el-militar-que-mato-a-un-perro\/al-regimiento\/\" rel=\"attachment wp-att-162242\"><img decoding=\"async\" class=\"alignnone size-large wp-image-162242\" src=\"https:\/\/experienciadevida.com.ar\/portalurbano\/wp-content\/uploads\/2022\/02\/al-regimiento-1024x576.jpg\" alt=\"al regimiento \" width=\"900\" height=\"506\" srcset=\"https:\/\/experienciadevida.com.ar\/portalurbano\/wp-content\/uploads\/2022\/02\/al-regimiento-1024x576.jpg 1024w, https:\/\/experienciadevida.com.ar\/portalurbano\/wp-content\/uploads\/2022\/02\/al-regimiento-300x169.jpg 300w, https:\/\/experienciadevida.com.ar\/portalurbano\/wp-content\/uploads\/2022\/02\/al-regimiento-768x432.jpg 768w, https:\/\/experienciadevida.com.ar\/portalurbano\/wp-content\/uploads\/2022\/02\/al-regimiento.jpg 1280w\" sizes=\"(max-width: 900px) 100vw, 900px\" \/><\/a><\/p>\n<p><strong>Repudio de la fuerza Militar:<\/strong><\/p>\n<p>Tambi\u00e9n desde el Regimiento emitieron un comunicado en el cual menciona lo siguiente:<\/p>\n<p>&#8220;La\u00a0 guarnici\u00f3n militar Olavarr\u00eda informa a los medios de comunicaci\u00f3n tras la situaci\u00f3n de violencia ejercida por uno de sus miembros con un perro dentro de sus cuarteles, las autoridades se encuentran realizando las actuaciones administrativas con la finalidad de determinar responsabilidades y aplicar las sanciones correspondientes&#8221;.<\/p>\n<p>&#8220;Desde sus or\u00edgenes el Ej\u00e9rcito Argentino cuenta con el especial aporte de los animales para cumplir sus funciones en el \u00e1mbito de la Defensa Nacional&#8221;.<\/p>\n<p>&#8220;El cuidado y la preservaci\u00f3n de los derechos de los animales, ha sido una constante en el accionar institucional, motivo por el cual, resulta particularmente lamentable y altamente infrecuente el episodio ocurrido&#8221;.<\/p>\n<p>Fotos e informaci\u00f3n: Gentileza de Primera Info Olavarr\u00eda<\/p>\n","protected":false},"excerpt":{"rendered":"<p>Manifestaci\u00f3n frente al Regimiento por el militar que mat\u00f3 a un perro, fue al mediod\u00eda&#8230;<\/p>\n","protected":false},"author":1,"featured_media":162240,"comment_status":"closed","ping_status":"closed","sticky":false,"template":"","format":"standard","meta":{"content-type":""},"categories":[27],"tags":[],"nelio_content":{"isAutoShareEnabled":false,"autoShareEndMode":"default","automationSources":{"useContentSentences":true,"useSocialTemplates":true,"useCustomSentences":false,"customSentences":[]},"followers":[1],"suggestedReferences":[],"includedReferences":[],"efiUrl":"","efiAlt":"","highlights":[]},"yoast_head":"<!-- This site is optimized with the Yoast SEO plugin v20.7 - https:\/\/yoast.com\/wordpress\/plugins\/seo\/ -->\n<title>Manifestaci\u00f3n frente al regimiento por el Militar que mat\u00f3 a un perro<\/title>\n<meta name=\"description\" content=\"Manifestaci\u00f3n frente al Regimiento por el militar que mat\u00f3 a un perro, fue al mediod\u00eda de este mi\u00e9rcoles afuera del Regimiento\" \/>\n<meta name=\"robots\" content=\"index, follow, max-snippet:-1, max-image-preview:large, max-video-preview:-1\" \/>\n<link rel=\"canonical\" href=\"https:\/\/experienciadevida.com.ar\/portalurbano\/manifestacion-frente-al-regimiento-por-el-militar-que-mato-a-un-perro\/\" \/>\n<meta property=\"og:locale\" content=\"es_ES\" \/>\n<meta property=\"og:type\" content=\"article\" \/>\n<meta property=\"og:title\" content=\"Manifestaci\u00f3n frente al regimiento por el Militar que mat\u00f3 a un perro\" \/>\n<meta property=\"og:description\" content=\"Manifestaci\u00f3n frente al Regimiento por el militar que mat\u00f3 a un perro, fue al mediod\u00eda de este mi\u00e9rcoles afuera del Regimiento\" \/>\n<meta property=\"og:url\" content=\"https:\/\/experienciadevida.com.ar\/portalurbano\/manifestacion-frente-al-regimiento-por-el-militar-que-mato-a-un-perro\/\" \/>\n<meta property=\"article:publisher\" content=\"https:\/\/www.facebook.com\/Portal-Urbano-171542830093757\/\" \/>\n<meta property=\"article:published_time\" content=\"2022-02-22T19:59:59+00:00\" \/>\n<meta property=\"article:modified_time\" content=\"2022-02-22T20:02:06+00:00\" \/>\n<meta property=\"og:image\" content=\"https:\/\/experienciadevida.com.ar\/portalurbano\/wp-content\/uploads\/2022\/02\/Manifestacion-frente-al-Regimiento.jpg\" \/>\n\t<meta property=\"og:image:width\" content=\"1600\" \/>\n\t<meta property=\"og:image:height\" content=\"740\" \/>\n\t<meta property=\"og:image:type\" content=\"image\/jpeg\" \/>\n<meta name=\"author\" content=\"admpu17wp\" \/>\n<meta name=\"twitter:card\" content=\"summary_large_image\" \/>\n<meta name=\"twitter:creator\" content=\"@portalurbanook\" \/>\n<meta name=\"twitter:site\" content=\"@portalurbanook\" \/>\n<meta name=\"twitter:label1\" content=\"Escrito por\" \/>\n\t<meta name=\"twitter:data1\" content=\"admpu17wp\" \/>\n\t<meta name=\"twitter:label2\" content=\"Tiempo de lectura\" \/>\n\t<meta name=\"twitter:data2\" content=\"3 minutos\" \/>\n<script type=\"application\/ld+json\" class=\"yoast-schema-graph\">{\"@context\":\"https:\/\/schema.org\",\"@graph\":[{\"@type\":\"Article\",\"@id\":\"https:\/\/experienciadevida.com.ar\/portalurbano\/manifestacion-frente-al-regimiento-por-el-militar-que-mato-a-un-perro\/#article\",\"isPartOf\":{\"@id\":\"https:\/\/experienciadevida.com.ar\/portalurbano\/manifestacion-frente-al-regimiento-por-el-militar-que-mato-a-un-perro\/\"},\"author\":{\"name\":\"admpu17wp\",\"@id\":\"https:\/\/experienciadevida.com.ar\/portalurbano\/#\/schema\/person\/02dd326b1c4b056e9cc972486934a3a7\"},\"headline\":\"Manifestaci\u00f3n frente al Regimiento por el militar que mat\u00f3 a un perro\",\"datePublished\":\"2022-02-22T19:59:59+00:00\",\"dateModified\":\"2022-02-22T20:02:06+00:00\",\"mainEntityOfPage\":{\"@id\":\"https:\/\/experienciadevida.com.ar\/portalurbano\/manifestacion-frente-al-regimiento-por-el-militar-que-mato-a-un-perro\/\"},\"wordCount\":599,\"publisher\":{\"@id\":\"https:\/\/experienciadevida.com.ar\/portalurbano\/#organization\"},\"articleSection\":[\"Ciudad\"],\"inLanguage\":\"es\"},{\"@type\":\"WebPage\",\"@id\":\"https:\/\/experienciadevida.com.ar\/portalurbano\/manifestacion-frente-al-regimiento-por-el-militar-que-mato-a-un-perro\/\",\"url\":\"https:\/\/experienciadevida.com.ar\/portalurbano\/manifestacion-frente-al-regimiento-por-el-militar-que-mato-a-un-perro\/\",\"name\":\"Manifestaci\u00f3n frente al regimiento por el Militar que mat\u00f3 a un perro\",\"isPartOf\":{\"@id\":\"https:\/\/experienciadevida.com.ar\/portalurbano\/#website\"},\"datePublished\":\"2022-02-22T19:59:59+00:00\",\"dateModified\":\"2022-02-22T20:02:06+00:00\",\"description\":\"Manifestaci\u00f3n frente al Regimiento por el militar que mat\u00f3 a un perro, fue al mediod\u00eda de este mi\u00e9rcoles afuera del Regimiento\",\"breadcrumb\":{\"@id\":\"https:\/\/experienciadevida.com.ar\/portalurbano\/manifestacion-frente-al-regimiento-por-el-militar-que-mato-a-un-perro\/#breadcrumb\"},\"inLanguage\":\"es\",\"potentialAction\":[{\"@type\":\"ReadAction\",\"target\":[\"https:\/\/experienciadevida.com.ar\/portalurbano\/manifestacion-frente-al-regimiento-por-el-militar-que-mato-a-un-perro\/\"]}]},{\"@type\":\"BreadcrumbList\",\"@id\":\"https:\/\/experienciadevida.com.ar\/portalurbano\/manifestacion-frente-al-regimiento-por-el-militar-que-mato-a-un-perro\/#breadcrumb\",\"itemListElement\":[{\"@type\":\"ListItem\",\"position\":1,\"name\":\"Portada\",\"item\":\"https:\/\/experienciadevida.com.ar\/portalurbano\/\"},{\"@type\":\"ListItem\",\"position\":2,\"name\":\"Manifestaci\u00f3n frente al Regimiento por el militar que mat\u00f3 a un perro\"}]},{\"@type\":\"WebSite\",\"@id\":\"https:\/\/experienciadevida.com.ar\/portalurbano\/#website\",\"url\":\"https:\/\/experienciadevida.com.ar\/portalurbano\/\",\"name\":\"\",\"description\":\"\",\"publisher\":{\"@id\":\"https:\/\/experienciadevida.com.ar\/portalurbano\/#organization\"},\"potentialAction\":[{\"@type\":\"SearchAction\",\"target\":{\"@type\":\"EntryPoint\",\"urlTemplate\":\"https:\/\/experienciadevida.com.ar\/portalurbano\/?s={search_term_string}\"},\"query-input\":\"required name=search_term_string\"}],\"inLanguage\":\"es\"},{\"@type\":\"Organization\",\"@id\":\"https:\/\/experienciadevida.com.ar\/portalurbano\/#organization\",\"name\":\"Portal Urbano\",\"url\":\"https:\/\/experienciadevida.com.ar\/portalurbano\/\",\"logo\":{\"@type\":\"ImageObject\",\"inLanguage\":\"es\",\"@id\":\"https:\/\/experienciadevida.com.ar\/portalurbano\/#\/schema\/logo\/image\/\",\"url\":\"https:\/\/experienciadevida.com.ar\/portalurbano\/wp-content\/uploads\/2019\/09\/Logo-Original.png\",\"contentUrl\":\"https:\/\/experienciadevida.com.ar\/portalurbano\/wp-content\/uploads\/2019\/09\/Logo-Original.png\",\"width\":2236,\"height\":1216,\"caption\":\"Portal Urbano\"},\"image\":{\"@id\":\"https:\/\/experienciadevida.com.ar\/portalurbano\/#\/schema\/logo\/image\/\"},\"sameAs\":[\"https:\/\/www.facebook.com\/Portal-Urbano-171542830093757\/\",\"https:\/\/twitter.com\/portalurbanook\",\"https:\/\/www.instagram.com\/_portalurbano\/\",\"https:\/\/www.youtube.com\/channel\/UCXhagIfszH8KxFiOok79zbA?view_as=subscriber\"]},{\"@type\":\"Person\",\"@id\":\"https:\/\/experienciadevida.com.ar\/portalurbano\/#\/schema\/person\/02dd326b1c4b056e9cc972486934a3a7\",\"name\":\"admpu17wp\",\"image\":{\"@type\":\"ImageObject\",\"inLanguage\":\"es\",\"@id\":\"https:\/\/experienciadevida.com.ar\/portalurbano\/#\/schema\/person\/image\/\",\"url\":\"https:\/\/secure.gravatar.com\/avatar\/830d4c57adaae6630765e449a6908047?s=96&d=mm&r=g\",\"contentUrl\":\"https:\/\/secure.gravatar.com\/avatar\/830d4c57adaae6630765e449a6908047?s=96&d=mm&r=g\",\"caption\":\"admpu17wp\"}}]}<\/script>\n<!-- \/ Yoast SEO plugin. -->","yoast_head_json":{"title":"Manifestaci\u00f3n frente al regimiento por el Militar que mat\u00f3 a un perro","description":"Manifestaci\u00f3n frente al Regimiento por el militar que mat\u00f3 a un perro, fue al mediod\u00eda de este mi\u00e9rcoles afuera del Regimiento","robots":{"index":"index","follow":"follow","max-snippet":"max-snippet:-1","max-image-preview":"max-image-preview:large","max-video-preview":"max-video-preview:-1"},"canonical":"https:\/\/experienciadevida.com.ar\/portalurbano\/manifestacion-frente-al-regimiento-por-el-militar-que-mato-a-un-perro\/","og_locale":"es_ES","og_type":"article","og_title":"Manifestaci\u00f3n frente al regimiento por el Militar que mat\u00f3 a un perro","og_description":"Manifestaci\u00f3n frente al Regimiento por el militar que mat\u00f3 a un perro, fue al mediod\u00eda de este mi\u00e9rcoles afuera del Regimiento","og_url":"https:\/\/experienciadevida.com.ar\/portalurbano\/manifestacion-frente-al-regimiento-por-el-militar-que-mato-a-un-perro\/","article_publisher":"https:\/\/www.facebook.com\/Portal-Urbano-171542830093757\/","article_published_time":"2022-02-22T19:59:59+00:00","article_modified_time":"2022-02-22T20:02:06+00:00","og_image":[{"width":1600,"height":740,"url":"https:\/\/experienciadevida.com.ar\/portalurbano\/wp-content\/uploads\/2022\/02\/Manifestacion-frente-al-Regimiento.jpg","type":"image\/jpeg"}],"author":"admpu17wp","twitter_card":"summary_large_image","twitter_creator":"@portalurbanook","twitter_site":"@portalurbanook","twitter_misc":{"Escrito por":"admpu17wp","Tiempo de lectura":"3 minutos"},"schema":{"@context":"https:\/\/schema.org","@graph":[{"@type":"Article","@id":"https:\/\/experienciadevida.com.ar\/portalurbano\/manifestacion-frente-al-regimiento-por-el-militar-que-mato-a-un-perro\/#article","isPartOf":{"@id":"https:\/\/experienciadevida.com.ar\/portalurbano\/manifestacion-frente-al-regimiento-por-el-militar-que-mato-a-un-perro\/"},"author":{"name":"admpu17wp","@id":"https:\/\/experienciadevida.com.ar\/portalurbano\/#\/schema\/person\/02dd326b1c4b056e9cc972486934a3a7"},"headline":"Manifestaci\u00f3n frente al Regimiento por el militar que mat\u00f3 a un perro","datePublished":"2022-02-22T19:59:59+00:00","dateModified":"2022-02-22T20:02:06+00:00","mainEntityOfPage":{"@id":"https:\/\/experienciadevida.com.ar\/portalurbano\/manifestacion-frente-al-regimiento-por-el-militar-que-mato-a-un-perro\/"},"wordCount":599,"publisher":{"@id":"https:\/\/experienciadevida.com.ar\/portalurbano\/#organization"},"articleSection":["Ciudad"],"inLanguage":"es"},{"@type":"WebPage","@id":"https:\/\/experienciadevida.com.ar\/portalurbano\/manifestacion-frente-al-regimiento-por-el-militar-que-mato-a-un-perro\/","url":"https:\/\/experienciadevida.com.ar\/portalurbano\/manifestacion-frente-al-regimiento-por-el-militar-que-mato-a-un-perro\/","name":"Manifestaci\u00f3n frente al regimiento por el Militar que mat\u00f3 a un perro","isPartOf":{"@id":"https:\/\/experienciadevida.com.ar\/portalurbano\/#website"},"datePublished":"2022-02-22T19:59:59+00:00","dateModified":"2022-02-22T20:02:06+00:00","description":"Manifestaci\u00f3n frente al Regimiento por el militar que mat\u00f3 a un perro, fue al mediod\u00eda de este mi\u00e9rcoles afuera del Regimiento","breadcrumb":{"@id":"https:\/\/experienciadevida.com.ar\/portalurbano\/manifestacion-frente-al-regimiento-por-el-militar-que-mato-a-un-perro\/#breadcrumb"},"inLanguage":"es","potentialAction":[{"@type":"ReadAction","target":["https:\/\/experienciadevida.com.ar\/portalurbano\/manifestacion-frente-al-regimiento-por-el-militar-que-mato-a-un-perro\/"]}]},{"@type":"BreadcrumbList","@id":"https:\/\/experienciadevida.com.ar\/portalurbano\/manifestacion-frente-al-regimiento-por-el-militar-que-mato-a-un-perro\/#breadcrumb","itemListElement":[{"@type":"ListItem","position":1,"name":"Portada","item":"https:\/\/experienciadevida.com.ar\/portalurbano\/"},{"@type":"ListItem","position":2,"name":"Manifestaci\u00f3n frente al Regimiento por el militar que mat\u00f3 a un perro"}]},{"@type":"WebSite","@id":"https:\/\/experienciadevida.com.ar\/portalurbano\/#website","url":"https:\/\/experienciadevida.com.ar\/portalurbano\/","name":"","description":"","publisher":{"@id":"https:\/\/experienciadevida.com.ar\/portalurbano\/#organization"},"potentialAction":[{"@type":"SearchAction","target":{"@type":"EntryPoint","urlTemplate":"https:\/\/experienciadevida.com.ar\/portalurbano\/?s={search_term_string}"},"query-input":"required name=search_term_string"}],"inLanguage":"es"},{"@type":"Organization","@id":"https:\/\/experienciadevida.com.ar\/portalurbano\/#organization","name":"Portal Urbano","url":"https:\/\/experienciadevida.com.ar\/portalurbano\/","logo":{"@type":"ImageObject","inLanguage":"es","@id":"https:\/\/experienciadevida.com.ar\/portalurbano\/#\/schema\/logo\/image\/","url":"https:\/\/experienciadevida.com.ar\/portalurbano\/wp-content\/uploads\/2019\/09\/Logo-Original.png","contentUrl":"https:\/\/experienciadevida.com.ar\/portalurbano\/wp-content\/uploads\/2019\/09\/Logo-Original.png","width":2236,"height":1216,"caption":"Portal Urbano"},"image":{"@id":"https:\/\/experienciadevida.com.ar\/portalurbano\/#\/schema\/logo\/image\/"},"sameAs":["https:\/\/www.facebook.com\/Portal-Urbano-171542830093757\/","https:\/\/twitter.com\/portalurbanook","https:\/\/www.instagram.com\/_portalurbano\/","https:\/\/www.youtube.com\/channel\/UCXhagIfszH8KxFiOok79zbA?view_as=subscriber"]},{"@type":"Person","@id":"https:\/\/experienciadevida.com.ar\/portalurbano\/#\/schema\/person\/02dd326b1c4b056e9cc972486934a3a7","name":"admpu17wp","image":{"@type":"ImageObject","inLanguage":"es","@id":"https:\/\/experienciadevida.com.ar\/portalurbano\/#\/schema\/person\/image\/","url":"https:\/\/secure.gravatar.com\/avatar\/830d4c57adaae6630765e449a6908047?s=96&d=mm&r=g","contentUrl":"https:\/\/secure.gravatar.com\/avatar\/830d4c57adaae6630765e449a6908047?s=96&d=mm&r=g","caption":"admpu17wp"}}]}},"featured_image_urls":{"full":["https:\/\/experienciadevida.com.ar\/portalurbano\/wp-content\/uploads\/2022\/02\/Manifestacion-frente-al-Regimiento.jpg",1600,740,false],"thumbnail":["https:\/\/experienciadevida.com.ar\/portalurbano\/wp-content\/uploads\/2022\/02\/Manifestacion-frente-al-Regimiento-150x150.jpg",150,150,true],"medium":["https:\/\/experienciadevida.com.ar\/portalurbano\/wp-content\/uploads\/2022\/02\/Manifestacion-frente-al-Regimiento-300x139.jpg",300,139,true],"medium_large":["https:\/\/experienciadevida.com.ar\/portalurbano\/wp-content\/uploads\/2022\/02\/Manifestacion-frente-al-Regimiento-768x355.jpg",640,296,true],"large":["https:\/\/experienciadevida.com.ar\/portalurbano\/wp-content\/uploads\/2022\/02\/Manifestacion-frente-al-Regimiento-1024x474.jpg",640,296,true],"ug_big":["https:\/\/experienciadevida.com.ar\/portalurbano\/wp-content\/uploads\/2022\/02\/Manifestacion-frente-al-Regimiento-768x355.jpg",768,355,true],"1536x1536":["https:\/\/experienciadevida.com.ar\/portalurbano\/wp-content\/uploads\/2022\/02\/Manifestacion-frente-al-Regimiento-1536x710.jpg",1536,710,true],"2048x2048":["https:\/\/experienciadevida.com.ar\/portalurbano\/wp-content\/uploads\/2022\/02\/Manifestacion-frente-al-Regimiento.jpg",1600,740,false],"newsever-slider-full":["https:\/\/experienciadevida.com.ar\/portalurbano\/wp-content\/uploads\/2022\/02\/Manifestacion-frente-al-Regimiento.jpg",1280,592,false],"newsever-featured":["https:\/\/experienciadevida.com.ar\/portalurbano\/wp-content\/uploads\/2022\/02\/Manifestacion-frente-al-Regimiento.jpg",1024,474,false],"newsever-medium":["https:\/\/experienciadevida.com.ar\/portalurbano\/wp-content\/uploads\/2022\/02\/Manifestacion-frente-al-Regimiento.jpg",720,333,false],"web-stories-poster-portrait":["https:\/\/experienciadevida.com.ar\/portalurbano\/wp-content\/uploads\/2022\/02\/Manifestacion-frente-al-Regimiento.jpg",640,296,false],"web-stories-publisher-logo":["https:\/\/experienciadevida.com.ar\/portalurbano\/wp-content\/uploads\/2022\/02\/Manifestacion-frente-al-Regimiento.jpg",96,44,false],"web-stories-thumbnail":["https:\/\/experienciadevida.com.ar\/portalurbano\/wp-content\/uploads\/2022\/02\/Manifestacion-frente-al-Regimiento.jpg",150,69,false]},"author_info":{"display_name":"admpu17wp","author_link":"https:\/\/experienciadevida.com.ar\/portalurbano\/author\/admpu17wp\/"},"category_info":"<a href=\"https:\/\/experienciadevida.com.ar\/portalurbano\/category\/ciudad\/\" rel=\"category tag\">Ciudad<\/a>","tag_info":"Ciudad","comment_count":"0","amp_enabled":true,"_links":{"self":[{"href":"https:\/\/experienciadevida.com.ar\/portalurbano\/wp-json\/wp\/v2\/posts\/162239"}],"collection":[{"href":"https:\/\/experienciadevida.com.ar\/portalurbano\/wp-json\/wp\/v2\/posts"}],"about":[{"href":"https:\/\/experienciadevida.com.ar\/portalurbano\/wp-json\/wp\/v2\/types\/post"}],"author":[{"embeddable":true,"href":"https:\/\/experienciadevida.com.ar\/portalurbano\/wp-json\/wp\/v2\/users\/1"}],"replies":[{"embeddable":true,"href":"https:\/\/experienciadevida.com.ar\/portalurbano\/wp-json\/wp\/v2\/comments?post=162239"}],"version-history":[{"count":2,"href":"https:\/\/experienciadevida.com.ar\/portalurbano\/wp-json\/wp\/v2\/posts\/162239\/revisions"}],"predecessor-version":[{"id":162244,"href":"https:\/\/experienciadevida.com.ar\/portalurbano\/wp-json\/wp\/v2\/posts\/162239\/revisions\/162244"}],"wp:featuredmedia":[{"embeddable":true,"href":"https:\/\/experienciadevida.com.ar\/portalurbano\/wp-json\/wp\/v2\/media\/162240"}],"wp:attachment":[{"href":"https:\/\/experienciadevida.com.ar\/portalurbano\/wp-json\/wp\/v2\/media?parent=162239"}],"wp:term":[{"taxonomy":"category","embeddable":true,"href":"https:\/\/experienciadevida.com.ar\/portalurbano\/wp-json\/wp\/v2\/categories?post=162239"},{"taxonomy":"post_tag","embeddable":true,"href":"https:\/\/experienciadevida.com.ar\/portalurbano\/wp-json\/wp\/v2\/tags?post=162239"}],"curies":[{"name":"wp","href":"https:\/\/api.w.org\/{rel}","templated":true}]}}