{"id":162228,"date":"2022-02-22T16:26:02","date_gmt":"2022-02-22T19:26:02","guid":{"rendered":"https:\/\/experienciadevida.com.ar\/portalurbano\/?p=162228"},"modified":"2022-02-22T16:26:29","modified_gmt":"2022-02-22T19:26:29","slug":"calida-recepcion-de-sociales-a-sus-ingresantes-en-el-campus-universitario","status":"publish","type":"post","link":"https:\/\/experienciadevida.com.ar\/portalurbano\/calida-recepcion-de-sociales-a-sus-ingresantes-en-el-campus-universitario\/","title":{"rendered":"C\u00e1lida recepci\u00f3n de Sociales a sus ingresantes en el Campus Universitario"},"content":{"rendered":"<p>C\u00e1lida recepci\u00f3n de <a href=\"https:\/\/www.facebook.com\/facultadcienciassociales.unicen\">Sociales<\/a> a sus ingresantes en el Campus Universitario, con ansiedad\u00a0 y muchas expectativas, decenas de estudiantes fueron recibidos por autoridades de la Facultad de Ciencias Sociales, que se suman a los y las ingresantes de las unidades penales. Luego de dos a\u00f1os de virtualidad producto de la pandemia, las cursadas volver\u00e1n a ser presenciales.<\/p>\n<p><a href=\"https:\/\/experienciadevida.com.ar\/portalurbano\/calida-recepcion-de-sociales-a-sus-ingresantes-en-el-campus-universitario\/calida\/\" rel=\"attachment wp-att-162230\"><img decoding=\"async\" class=\"alignnone size-large wp-image-162230\" src=\"https:\/\/experienciadevida.com.ar\/portalurbano\/wp-content\/uploads\/2022\/02\/Calida-1024x621.jpg\" alt=\"C\u00e1lida \" width=\"900\" height=\"546\" srcset=\"https:\/\/experienciadevida.com.ar\/portalurbano\/wp-content\/uploads\/2022\/02\/Calida-1024x621.jpg 1024w, https:\/\/experienciadevida.com.ar\/portalurbano\/wp-content\/uploads\/2022\/02\/Calida-300x182.jpg 300w, https:\/\/experienciadevida.com.ar\/portalurbano\/wp-content\/uploads\/2022\/02\/Calida-768x466.jpg 768w, https:\/\/experienciadevida.com.ar\/portalurbano\/wp-content\/uploads\/2022\/02\/Calida.jpg 1295w\" sizes=\"(max-width: 900px) 100vw, 900px\" \/><\/a><\/p>\n<p>En el SUM de Aulas Comunes del Campus Universitario se les dio la bienvenida a las y los flamantes estudiantes que, a partir de ahora, desarrollar\u00e1n sus estudios en la FACSO.<\/p>\n<p>Con cuadernos y lapiceras en algunos casos, con el celular para realizar anotaciones en otros, el grupo de ingresantes conoci\u00f3 en el primer encuentro las caracter\u00edsticas del Curso Introductorio a la Vida Universitaria y ciertos detalles del funcionamiento de la Facultad de Ciencias Sociales. Se inscribieron estudiantes de Olavarr\u00eda y las localidades, y tambi\u00e9n de ciudades como Tandil, Bah\u00eda Blanca, Bol\u00edvar y Azul.<\/p>\n<p>Son m\u00e1s de 130 estudiantes que a lo largo de un mes cursar\u00e1n el CIVU en la sede de la Facultad de Ciencias Sociales y en las unidades penales a trav\u00e9s del Programa Educaci\u00f3n en Contextos de Encierro.<\/p>\n<p>Media hora antes del inicio del encuentro ya hab\u00eda ingresantes en el interior del SUM, quienes consultaban sobre c\u00f3mo eran las carreras que hab\u00edan elegido para estudiar y los perfiles laborales. De a poco el aula se fue poblando hasta que la decana de la Facultad de Ciencias Sociales, Lic. Gabriela Gamberini, les dio la bienvenida.<\/p>\n<p><a href=\"https:\/\/experienciadevida.com.ar\/portalurbano\/calida-recepcion-de-sociales-a-sus-ingresantes-en-el-campus-universitario\/recepcion\/\" rel=\"attachment wp-att-162231\"><img decoding=\"async\" class=\"alignnone size-large wp-image-162231\" src=\"https:\/\/experienciadevida.com.ar\/portalurbano\/wp-content\/uploads\/2022\/02\/recepcion-1024x447.jpg\" alt=\"recepci\u00f3n \" width=\"900\" height=\"393\" srcset=\"https:\/\/experienciadevida.com.ar\/portalurbano\/wp-content\/uploads\/2022\/02\/recepcion-1024x447.jpg 1024w, https:\/\/experienciadevida.com.ar\/portalurbano\/wp-content\/uploads\/2022\/02\/recepcion-300x131.jpg 300w, https:\/\/experienciadevida.com.ar\/portalurbano\/wp-content\/uploads\/2022\/02\/recepcion-768x335.jpg 768w, https:\/\/experienciadevida.com.ar\/portalurbano\/wp-content\/uploads\/2022\/02\/recepcion.jpg 1280w\" sizes=\"(max-width: 900px) 100vw, 900px\" \/><\/a><\/p>\n<p>\u201cDesde la Facultad es una alegr\u00eda enorme poder encontrarnos en la presencialidad despu\u00e9s de dos a\u00f1os de virtualidad. Si bien hemos desarrollado la propuesta a trav\u00e9s de plataformas virtuales, el hecho de volver a encontrarnos, de conocernos, de vernos en los pasillos o en las aulas, son hermosos momentos que nos generan una gran alegr\u00eda. Bienvenidos a la Facultad de Ciencias Sociales\u201d, expres\u00f3 la Lic. Gamberini.<\/p>\n<p>La Decana de la FACSO describi\u00f3 cu\u00e1les son las \u00e1reas que conforman la unidad acad\u00e9mica, muchas de ellas destinadas a acompa\u00f1ar a las y los estudiantes a lo largo de sus estudios, y les invit\u00f3 a a conocer la Facultad y sumarse a diversas propuestas como grupos de investigaci\u00f3n o medios de comunicaci\u00f3n.<\/p>\n<p>La acompa\u00f1aron en el acto la Secretaria Acad\u00e9mica, Lic. Gabriela Loustaunau; el Secretario de Extensi\u00f3n, Bienestar y Transferencia, Lic. Nicol\u00e1s Casado, el equipo de trabajo de Ingreso a, Permanencia en y Egreso de (PIPE); integrantes de Educaci\u00f3n a Distancia y del \u00e1rea de Bienestar de la FACSO, entre otros.<\/p>\n<p>Mientras se les daba la bienvenida al grupo de estudiantes, en una de las aulas de la Facultad rend\u00eda su \u00faltimo examen la estudiante de la Licenciatura en Comunicaci\u00f3n Social Antonella Musarra. La joven no dud\u00f3 en acercarse hasta Aulas Comunes, y ante la mirada atenta del grupo de ingresantes relat\u00f3 con mucha emoci\u00f3n y alegr\u00eda su experiencia como estudiante en la FACSO y los desaf\u00edos que tuvo a lo largo de su carrera. Antonella los invit\u00f3 a involucrarse en las diversas propuestas que forman parte de la unidad acad\u00e9mica y que hacen a la vida universitaria. El cierre fue con un c\u00e1lido aplauso y las merecidas felicitaciones.<\/p>\n<p><a href=\"https:\/\/experienciadevida.com.ar\/portalurbano\/calida-recepcion-de-sociales-a-sus-ingresantes-en-el-campus-universitario\/de-13\/\" rel=\"attachment wp-att-162232\"><img decoding=\"async\" class=\"alignnone size-large wp-image-162232\" src=\"https:\/\/experienciadevida.com.ar\/portalurbano\/wp-content\/uploads\/2022\/02\/de-5-1024x460.jpg\" alt=\"de \" width=\"900\" height=\"404\" srcset=\"https:\/\/experienciadevida.com.ar\/portalurbano\/wp-content\/uploads\/2022\/02\/de-5-1024x460.jpg 1024w, https:\/\/experienciadevida.com.ar\/portalurbano\/wp-content\/uploads\/2022\/02\/de-5-300x135.jpg 300w, https:\/\/experienciadevida.com.ar\/portalurbano\/wp-content\/uploads\/2022\/02\/de-5-768x345.jpg 768w, https:\/\/experienciadevida.com.ar\/portalurbano\/wp-content\/uploads\/2022\/02\/de-5.jpg 1280w\" sizes=\"(max-width: 900px) 100vw, 900px\" \/><\/a><\/p>\n<p>En unidades penales<\/p>\n<p>Tambi\u00e9n el lunes 21 de febrero se realiz\u00f3 la apertura del Curso Introductorio a la Vida Universitaria en las unidades penales de Sierra Chica y de la ciudad de Azul. Las actividades fueron presenciales para las unidades 2 y 38, y virtuales en el caso de las unidades 27 y 52.<\/p>\n<p>En la apertura de la propuesta que cursar\u00e1n hasta el 18 de marzo participaron el coordinador del Programa Educaci\u00f3n en Contextos de Encierro (PECE) de la FACSO, Prof. Luis Scipioni, y las integrantes del \u00e1rea, Lic. Romina Salvad\u00e9 y Prof. Raquel Lacaria.<\/p>\n","protected":false},"excerpt":{"rendered":"<p>C\u00e1lida recepci\u00f3n de Sociales a sus ingresantes en el Campus Universitario, con ansiedad\u00a0 y muchas&#8230;<\/p>\n","protected":false},"author":1,"featured_media":162229,"comment_status":"closed","ping_status":"closed","sticky":false,"template":"","format":"standard","meta":{"content-type":""},"categories":[31],"tags":[],"nelio_content":{"isAutoShareEnabled":false,"autoShareEndMode":"default","automationSources":{"useContentSentences":true,"useSocialTemplates":true,"useCustomSentences":false,"customSentences":[]},"followers":[1],"suggestedReferences":[],"includedReferences":[],"efiUrl":"","efiAlt":"","highlights":[]},"yoast_head":"<!-- This site is optimized with the Yoast SEO plugin v20.7 - https:\/\/yoast.com\/wordpress\/plugins\/seo\/ -->\n<title>C\u00e1lida recepci\u00f3n de sociales a sus ingresantes en el Campus Universitario<\/title>\n<meta name=\"description\" content=\"C\u00e1lida recepci\u00f3n de Sociales a sus ingresantes en el Campus Universitario, con ansiedad\u00a0 y muchas expectativas, luego de la virtualidad\" \/>\n<meta name=\"robots\" content=\"index, follow, max-snippet:-1, max-image-preview:large, max-video-preview:-1\" \/>\n<link rel=\"canonical\" href=\"https:\/\/experienciadevida.com.ar\/portalurbano\/calida-recepcion-de-sociales-a-sus-ingresantes-en-el-campus-universitario\/\" \/>\n<meta property=\"og:locale\" content=\"es_ES\" \/>\n<meta property=\"og:type\" content=\"article\" \/>\n<meta property=\"og:title\" content=\"C\u00e1lida recepci\u00f3n de sociales a sus ingresantes en el Campus Universitario\" \/>\n<meta property=\"og:description\" content=\"C\u00e1lida recepci\u00f3n de Sociales a sus ingresantes en el Campus Universitario, con ansiedad\u00a0 y muchas expectativas, luego de la virtualidad\" \/>\n<meta property=\"og:url\" content=\"https:\/\/experienciadevida.com.ar\/portalurbano\/calida-recepcion-de-sociales-a-sus-ingresantes-en-el-campus-universitario\/\" \/>\n<meta property=\"article:publisher\" content=\"https:\/\/www.facebook.com\/Portal-Urbano-171542830093757\/\" \/>\n<meta property=\"article:published_time\" content=\"2022-02-22T19:26:02+00:00\" \/>\n<meta property=\"article:modified_time\" content=\"2022-02-22T19:26:29+00:00\" \/>\n<meta property=\"og:image\" content=\"https:\/\/experienciadevida.com.ar\/portalurbano\/wp-content\/uploads\/2022\/02\/Calida-recepcion-de-Sociales.jpg\" \/>\n\t<meta property=\"og:image:width\" content=\"1280\" \/>\n\t<meta property=\"og:image:height\" content=\"720\" \/>\n\t<meta property=\"og:image:type\" content=\"image\/jpeg\" \/>\n<meta name=\"author\" content=\"admpu17wp\" \/>\n<meta name=\"twitter:card\" content=\"summary_large_image\" \/>\n<meta name=\"twitter:creator\" content=\"@portalurbanook\" \/>\n<meta name=\"twitter:site\" content=\"@portalurbanook\" \/>\n<meta name=\"twitter:label1\" content=\"Escrito por\" \/>\n\t<meta name=\"twitter:data1\" content=\"admpu17wp\" \/>\n\t<meta name=\"twitter:label2\" content=\"Tiempo de lectura\" \/>\n\t<meta name=\"twitter:data2\" content=\"4 minutos\" \/>\n<script type=\"application\/ld+json\" class=\"yoast-schema-graph\">{\"@context\":\"https:\/\/schema.org\",\"@graph\":[{\"@type\":\"Article\",\"@id\":\"https:\/\/experienciadevida.com.ar\/portalurbano\/calida-recepcion-de-sociales-a-sus-ingresantes-en-el-campus-universitario\/#article\",\"isPartOf\":{\"@id\":\"https:\/\/experienciadevida.com.ar\/portalurbano\/calida-recepcion-de-sociales-a-sus-ingresantes-en-el-campus-universitario\/\"},\"author\":{\"name\":\"admpu17wp\",\"@id\":\"https:\/\/experienciadevida.com.ar\/portalurbano\/#\/schema\/person\/02dd326b1c4b056e9cc972486934a3a7\"},\"headline\":\"C\u00e1lida recepci\u00f3n de Sociales a sus ingresantes en el Campus Universitario\",\"datePublished\":\"2022-02-22T19:26:02+00:00\",\"dateModified\":\"2022-02-22T19:26:29+00:00\",\"mainEntityOfPage\":{\"@id\":\"https:\/\/experienciadevida.com.ar\/portalurbano\/calida-recepcion-de-sociales-a-sus-ingresantes-en-el-campus-universitario\/\"},\"wordCount\":665,\"publisher\":{\"@id\":\"https:\/\/experienciadevida.com.ar\/portalurbano\/#organization\"},\"articleSection\":[\"Educaci\u00f3n\"],\"inLanguage\":\"es\"},{\"@type\":\"WebPage\",\"@id\":\"https:\/\/experienciadevida.com.ar\/portalurbano\/calida-recepcion-de-sociales-a-sus-ingresantes-en-el-campus-universitario\/\",\"url\":\"https:\/\/experienciadevida.com.ar\/portalurbano\/calida-recepcion-de-sociales-a-sus-ingresantes-en-el-campus-universitario\/\",\"name\":\"C\u00e1lida recepci\u00f3n de sociales a sus ingresantes en el Campus Universitario\",\"isPartOf\":{\"@id\":\"https:\/\/experienciadevida.com.ar\/portalurbano\/#website\"},\"datePublished\":\"2022-02-22T19:26:02+00:00\",\"dateModified\":\"2022-02-22T19:26:29+00:00\",\"description\":\"C\u00e1lida recepci\u00f3n de Sociales a sus ingresantes en el Campus Universitario, con ansiedad\u00a0 y muchas expectativas, luego de la virtualidad\",\"breadcrumb\":{\"@id\":\"https:\/\/experienciadevida.com.ar\/portalurbano\/calida-recepcion-de-sociales-a-sus-ingresantes-en-el-campus-universitario\/#breadcrumb\"},\"inLanguage\":\"es\",\"potentialAction\":[{\"@type\":\"ReadAction\",\"target\":[\"https:\/\/experienciadevida.com.ar\/portalurbano\/calida-recepcion-de-sociales-a-sus-ingresantes-en-el-campus-universitario\/\"]}]},{\"@type\":\"BreadcrumbList\",\"@id\":\"https:\/\/experienciadevida.com.ar\/portalurbano\/calida-recepcion-de-sociales-a-sus-ingresantes-en-el-campus-universitario\/#breadcrumb\",\"itemListElement\":[{\"@type\":\"ListItem\",\"position\":1,\"name\":\"Portada\",\"item\":\"https:\/\/experienciadevida.com.ar\/portalurbano\/\"},{\"@type\":\"ListItem\",\"position\":2,\"name\":\"C\u00e1lida recepci\u00f3n de Sociales a sus ingresantes en el Campus Universitario\"}]},{\"@type\":\"WebSite\",\"@id\":\"https:\/\/experienciadevida.com.ar\/portalurbano\/#website\",\"url\":\"https:\/\/experienciadevida.com.ar\/portalurbano\/\",\"name\":\"\",\"description\":\"\",\"publisher\":{\"@id\":\"https:\/\/experienciadevida.com.ar\/portalurbano\/#organization\"},\"potentialAction\":[{\"@type\":\"SearchAction\",\"target\":{\"@type\":\"EntryPoint\",\"urlTemplate\":\"https:\/\/experienciadevida.com.ar\/portalurbano\/?s={search_term_string}\"},\"query-input\":\"required name=search_term_string\"}],\"inLanguage\":\"es\"},{\"@type\":\"Organization\",\"@id\":\"https:\/\/experienciadevida.com.ar\/portalurbano\/#organization\",\"name\":\"Portal Urbano\",\"url\":\"https:\/\/experienciadevida.com.ar\/portalurbano\/\",\"logo\":{\"@type\":\"ImageObject\",\"inLanguage\":\"es\",\"@id\":\"https:\/\/experienciadevida.com.ar\/portalurbano\/#\/schema\/logo\/image\/\",\"url\":\"https:\/\/experienciadevida.com.ar\/portalurbano\/wp-content\/uploads\/2019\/09\/Logo-Original.png\",\"contentUrl\":\"https:\/\/experienciadevida.com.ar\/portalurbano\/wp-content\/uploads\/2019\/09\/Logo-Original.png\",\"width\":2236,\"height\":1216,\"caption\":\"Portal Urbano\"},\"image\":{\"@id\":\"https:\/\/experienciadevida.com.ar\/portalurbano\/#\/schema\/logo\/image\/\"},\"sameAs\":[\"https:\/\/www.facebook.com\/Portal-Urbano-171542830093757\/\",\"https:\/\/twitter.com\/portalurbanook\",\"https:\/\/www.instagram.com\/_portalurbano\/\",\"https:\/\/www.youtube.com\/channel\/UCXhagIfszH8KxFiOok79zbA?view_as=subscriber\"]},{\"@type\":\"Person\",\"@id\":\"https:\/\/experienciadevida.com.ar\/portalurbano\/#\/schema\/person\/02dd326b1c4b056e9cc972486934a3a7\",\"name\":\"admpu17wp\",\"image\":{\"@type\":\"ImageObject\",\"inLanguage\":\"es\",\"@id\":\"https:\/\/experienciadevida.com.ar\/portalurbano\/#\/schema\/person\/image\/\",\"url\":\"https:\/\/secure.gravatar.com\/avatar\/830d4c57adaae6630765e449a6908047?s=96&d=mm&r=g\",\"contentUrl\":\"https:\/\/secure.gravatar.com\/avatar\/830d4c57adaae6630765e449a6908047?s=96&d=mm&r=g\",\"caption\":\"admpu17wp\"}}]}<\/script>\n<!-- \/ Yoast SEO plugin. -->","yoast_head_json":{"title":"C\u00e1lida recepci\u00f3n de sociales a sus ingresantes en el Campus Universitario","description":"C\u00e1lida recepci\u00f3n de Sociales a sus ingresantes en el Campus Universitario, con ansiedad\u00a0 y muchas expectativas, luego de la virtualidad","robots":{"index":"index","follow":"follow","max-snippet":"max-snippet:-1","max-image-preview":"max-image-preview:large","max-video-preview":"max-video-preview:-1"},"canonical":"https:\/\/experienciadevida.com.ar\/portalurbano\/calida-recepcion-de-sociales-a-sus-ingresantes-en-el-campus-universitario\/","og_locale":"es_ES","og_type":"article","og_title":"C\u00e1lida recepci\u00f3n de sociales a sus ingresantes en el Campus Universitario","og_description":"C\u00e1lida recepci\u00f3n de Sociales a sus ingresantes en el Campus Universitario, con ansiedad\u00a0 y muchas expectativas, luego de la virtualidad","og_url":"https:\/\/experienciadevida.com.ar\/portalurbano\/calida-recepcion-de-sociales-a-sus-ingresantes-en-el-campus-universitario\/","article_publisher":"https:\/\/www.facebook.com\/Portal-Urbano-171542830093757\/","article_published_time":"2022-02-22T19:26:02+00:00","article_modified_time":"2022-02-22T19:26:29+00:00","og_image":[{"width":1280,"height":720,"url":"https:\/\/experienciadevida.com.ar\/portalurbano\/wp-content\/uploads\/2022\/02\/Calida-recepcion-de-Sociales.jpg","type":"image\/jpeg"}],"author":"admpu17wp","twitter_card":"summary_large_image","twitter_creator":"@portalurbanook","twitter_site":"@portalurbanook","twitter_misc":{"Escrito por":"admpu17wp","Tiempo de lectura":"4 minutos"},"schema":{"@context":"https:\/\/schema.org","@graph":[{"@type":"Article","@id":"https:\/\/experienciadevida.com.ar\/portalurbano\/calida-recepcion-de-sociales-a-sus-ingresantes-en-el-campus-universitario\/#article","isPartOf":{"@id":"https:\/\/experienciadevida.com.ar\/portalurbano\/calida-recepcion-de-sociales-a-sus-ingresantes-en-el-campus-universitario\/"},"author":{"name":"admpu17wp","@id":"https:\/\/experienciadevida.com.ar\/portalurbano\/#\/schema\/person\/02dd326b1c4b056e9cc972486934a3a7"},"headline":"C\u00e1lida recepci\u00f3n de Sociales a sus ingresantes en el Campus Universitario","datePublished":"2022-02-22T19:26:02+00:00","dateModified":"2022-02-22T19:26:29+00:00","mainEntityOfPage":{"@id":"https:\/\/experienciadevida.com.ar\/portalurbano\/calida-recepcion-de-sociales-a-sus-ingresantes-en-el-campus-universitario\/"},"wordCount":665,"publisher":{"@id":"https:\/\/experienciadevida.com.ar\/portalurbano\/#organization"},"articleSection":["Educaci\u00f3n"],"inLanguage":"es"},{"@type":"WebPage","@id":"https:\/\/experienciadevida.com.ar\/portalurbano\/calida-recepcion-de-sociales-a-sus-ingresantes-en-el-campus-universitario\/","url":"https:\/\/experienciadevida.com.ar\/portalurbano\/calida-recepcion-de-sociales-a-sus-ingresantes-en-el-campus-universitario\/","name":"C\u00e1lida recepci\u00f3n de sociales a sus ingresantes en el Campus Universitario","isPartOf":{"@id":"https:\/\/experienciadevida.com.ar\/portalurbano\/#website"},"datePublished":"2022-02-22T19:26:02+00:00","dateModified":"2022-02-22T19:26:29+00:00","description":"C\u00e1lida recepci\u00f3n de Sociales a sus ingresantes en el Campus Universitario, con ansiedad\u00a0 y muchas expectativas, luego de la virtualidad","breadcrumb":{"@id":"https:\/\/experienciadevida.com.ar\/portalurbano\/calida-recepcion-de-sociales-a-sus-ingresantes-en-el-campus-universitario\/#breadcrumb"},"inLanguage":"es","potentialAction":[{"@type":"ReadAction","target":["https:\/\/experienciadevida.com.ar\/portalurbano\/calida-recepcion-de-sociales-a-sus-ingresantes-en-el-campus-universitario\/"]}]},{"@type":"BreadcrumbList","@id":"https:\/\/experienciadevida.com.ar\/portalurbano\/calida-recepcion-de-sociales-a-sus-ingresantes-en-el-campus-universitario\/#breadcrumb","itemListElement":[{"@type":"ListItem","position":1,"name":"Portada","item":"https:\/\/experienciadevida.com.ar\/portalurbano\/"},{"@type":"ListItem","position":2,"name":"C\u00e1lida recepci\u00f3n de Sociales a sus ingresantes en el Campus Universitario"}]},{"@type":"WebSite","@id":"https:\/\/experienciadevida.com.ar\/portalurbano\/#website","url":"https:\/\/experienciadevida.com.ar\/portalurbano\/","name":"","description":"","publisher":{"@id":"https:\/\/experienciadevida.com.ar\/portalurbano\/#organization"},"potentialAction":[{"@type":"SearchAction","target":{"@type":"EntryPoint","urlTemplate":"https:\/\/experienciadevida.com.ar\/portalurbano\/?s={search_term_string}"},"query-input":"required name=search_term_string"}],"inLanguage":"es"},{"@type":"Organization","@id":"https:\/\/experienciadevida.com.ar\/portalurbano\/#organization","name":"Portal Urbano","url":"https:\/\/experienciadevida.com.ar\/portalurbano\/","logo":{"@type":"ImageObject","inLanguage":"es","@id":"https:\/\/experienciadevida.com.ar\/portalurbano\/#\/schema\/logo\/image\/","url":"https:\/\/experienciadevida.com.ar\/portalurbano\/wp-content\/uploads\/2019\/09\/Logo-Original.png","contentUrl":"https:\/\/experienciadevida.com.ar\/portalurbano\/wp-content\/uploads\/2019\/09\/Logo-Original.png","width":2236,"height":1216,"caption":"Portal Urbano"},"image":{"@id":"https:\/\/experienciadevida.com.ar\/portalurbano\/#\/schema\/logo\/image\/"},"sameAs":["https:\/\/www.facebook.com\/Portal-Urbano-171542830093757\/","https:\/\/twitter.com\/portalurbanook","https:\/\/www.instagram.com\/_portalurbano\/","https:\/\/www.youtube.com\/channel\/UCXhagIfszH8KxFiOok79zbA?view_as=subscriber"]},{"@type":"Person","@id":"https:\/\/experienciadevida.com.ar\/portalurbano\/#\/schema\/person\/02dd326b1c4b056e9cc972486934a3a7","name":"admpu17wp","image":{"@type":"ImageObject","inLanguage":"es","@id":"https:\/\/experienciadevida.com.ar\/portalurbano\/#\/schema\/person\/image\/","url":"https:\/\/secure.gravatar.com\/avatar\/830d4c57adaae6630765e449a6908047?s=96&d=mm&r=g","contentUrl":"https:\/\/secure.gravatar.com\/avatar\/830d4c57adaae6630765e449a6908047?s=96&d=mm&r=g","caption":"admpu17wp"}}]}},"featured_image_urls":{"full":["https:\/\/experienciadevida.com.ar\/portalurbano\/wp-content\/uploads\/2022\/02\/Calida-recepcion-de-Sociales.jpg",1280,720,false],"thumbnail":["https:\/\/experienciadevida.com.ar\/portalurbano\/wp-content\/uploads\/2022\/02\/Calida-recepcion-de-Sociales-150x150.jpg",150,150,true],"medium":["https:\/\/experienciadevida.com.ar\/portalurbano\/wp-content\/uploads\/2022\/02\/Calida-recepcion-de-Sociales-300x169.jpg",300,169,true],"medium_large":["https:\/\/experienciadevida.com.ar\/portalurbano\/wp-content\/uploads\/2022\/02\/Calida-recepcion-de-Sociales-768x432.jpg",640,360,true],"large":["https:\/\/experienciadevida.com.ar\/portalurbano\/wp-content\/uploads\/2022\/02\/Calida-recepcion-de-Sociales-1024x576.jpg",640,360,true],"ug_big":["https:\/\/experienciadevida.com.ar\/portalurbano\/wp-content\/uploads\/2022\/02\/Calida-recepcion-de-Sociales-768x432.jpg",768,432,true],"1536x1536":["https:\/\/experienciadevida.com.ar\/portalurbano\/wp-content\/uploads\/2022\/02\/Calida-recepcion-de-Sociales.jpg",1280,720,false],"2048x2048":["https:\/\/experienciadevida.com.ar\/portalurbano\/wp-content\/uploads\/2022\/02\/Calida-recepcion-de-Sociales.jpg",1280,720,false],"newsever-slider-full":["https:\/\/experienciadevida.com.ar\/portalurbano\/wp-content\/uploads\/2022\/02\/Calida-recepcion-de-Sociales.jpg",1280,720,false],"newsever-featured":["https:\/\/experienciadevida.com.ar\/portalurbano\/wp-content\/uploads\/2022\/02\/Calida-recepcion-de-Sociales.jpg",1024,576,false],"newsever-medium":["https:\/\/experienciadevida.com.ar\/portalurbano\/wp-content\/uploads\/2022\/02\/Calida-recepcion-de-Sociales.jpg",720,405,false],"web-stories-poster-portrait":["https:\/\/experienciadevida.com.ar\/portalurbano\/wp-content\/uploads\/2022\/02\/Calida-recepcion-de-Sociales.jpg",640,360,false],"web-stories-publisher-logo":["https:\/\/experienciadevida.com.ar\/portalurbano\/wp-content\/uploads\/2022\/02\/Calida-recepcion-de-Sociales.jpg",96,54,false],"web-stories-thumbnail":["https:\/\/experienciadevida.com.ar\/portalurbano\/wp-content\/uploads\/2022\/02\/Calida-recepcion-de-Sociales.jpg",150,84,false]},"author_info":{"display_name":"admpu17wp","author_link":"https:\/\/experienciadevida.com.ar\/portalurbano\/author\/admpu17wp\/"},"category_info":"<a href=\"https:\/\/experienciadevida.com.ar\/portalurbano\/category\/ciudad\/educacion\/\" rel=\"category tag\">Educaci\u00f3n<\/a>","tag_info":"Educaci\u00f3n","comment_count":"0","amp_enabled":true,"_links":{"self":[{"href":"https:\/\/experienciadevida.com.ar\/portalurbano\/wp-json\/wp\/v2\/posts\/162228"}],"collection":[{"href":"https:\/\/experienciadevida.com.ar\/portalurbano\/wp-json\/wp\/v2\/posts"}],"about":[{"href":"https:\/\/experienciadevida.com.ar\/portalurbano\/wp-json\/wp\/v2\/types\/post"}],"author":[{"embeddable":true,"href":"https:\/\/experienciadevida.com.ar\/portalurbano\/wp-json\/wp\/v2\/users\/1"}],"replies":[{"embeddable":true,"href":"https:\/\/experienciadevida.com.ar\/portalurbano\/wp-json\/wp\/v2\/comments?post=162228"}],"version-history":[{"count":2,"href":"https:\/\/experienciadevida.com.ar\/portalurbano\/wp-json\/wp\/v2\/posts\/162228\/revisions"}],"predecessor-version":[{"id":162234,"href":"https:\/\/experienciadevida.com.ar\/portalurbano\/wp-json\/wp\/v2\/posts\/162228\/revisions\/162234"}],"wp:featuredmedia":[{"embeddable":true,"href":"https:\/\/experienciadevida.com.ar\/portalurbano\/wp-json\/wp\/v2\/media\/162229"}],"wp:attachment":[{"href":"https:\/\/experienciadevida.com.ar\/portalurbano\/wp-json\/wp\/v2\/media?parent=162228"}],"wp:term":[{"taxonomy":"category","embeddable":true,"href":"https:\/\/experienciadevida.com.ar\/portalurbano\/wp-json\/wp\/v2\/categories?post=162228"},{"taxonomy":"post_tag","embeddable":true,"href":"https:\/\/experienciadevida.com.ar\/portalurbano\/wp-json\/wp\/v2\/tags?post=162228"}],"curies":[{"name":"wp","href":"https:\/\/api.w.org\/{rel}","templated":true}]}}