{"id":162213,"date":"2022-02-22T09:28:43","date_gmt":"2022-02-22T12:28:43","guid":{"rendered":"https:\/\/experienciadevida.com.ar\/portalurbano\/?p=162213"},"modified":"2022-02-22T09:29:15","modified_gmt":"2022-02-22T12:29:15","slug":"organizaciones-politicas-y-sociales-preparan-el-8m","status":"publish","type":"post","link":"https:\/\/experienciadevida.com.ar\/portalurbano\/organizaciones-politicas-y-sociales-preparan-el-8m\/","title":{"rendered":"Organizaciones pol\u00edticas y sociales preparan el 8M"},"content":{"rendered":"<p>Organizaciones pol\u00edticas y sociales preparan el 8M, el d\u00eda lunes 21 de Febrero se realiz\u00f3 en el play\u00f3n de V\u00e9lez Sarsfield y Brown un nuevo encuentro preparatorio del acto del D\u00eda Internacional de la<br \/>\nMujer Trabajadora.<\/p>\n<p>En esta oportunidad se confeccionaron carteles y banderas con las consignas de encontrarnos en las calles con nuestras demandas y conquistas.<\/p>\n<p>Las organizaciones que participan de esta convocatoria siguen avanzando en profundizar acciones que visibilicen las luchas alcanzadas durante todos estos a\u00f1os pero tambi\u00e9n que queden planteados los desaf\u00edos que enfrenta nuestra sociedad en t\u00e9rminos de equidad de g\u00e9nero.<\/p>\n<p>Listado de organizaciones que participan y acompa\u00f1an esta propuesta:<br \/>\nLa Corriente Nacional de la Militancia<br \/>\nMovimiento Mayo<br \/>\nLa C\u00e1mpora &#8211; Frente de Mujeres e Igualdad de G\u00e9neros<br \/>\nCta Regional Olavarr\u00eda &#8211; Secretar\u00eda de Igualdad de G\u00e9neros y Oportunidades<br \/>\nSuteba Olavarr\u00eda &#8211; Secretar\u00eda de G\u00e9neros y Diversidad<br \/>\nProyecto Peronista<br \/>\nForo Olavarr\u00eda<br \/>\nFrente Renovador<br \/>\nFrente de Todos Olavarr\u00eda<br \/>\nSUTERYH Regi\u00f3n Centro (Sindicato de Trabajadores de Edificio de Rentas y<br \/>\nHorizontal)<br \/>\nMovimiento popular Nuestra Am\u00e9rica<br \/>\nCasa Popular de la Mujer<br \/>\nLa Casa del Trabajador<br \/>\nCorriente Militante Lealtad<br \/>\nSADOP Delegaci\u00f3n Olavarr\u00eda (Sindicato de Docentes Privados)<br \/>\nMujeres Evita Olavarr\u00eda<br \/>\nFrente Grande<br \/>\nCECO<br \/>\nLa Yumba<br \/>\nMTE<br \/>\nUnidad popular<br \/>\nATE<br \/>\nCoPeBo<\/p>\n","protected":false},"excerpt":{"rendered":"<p>Organizaciones pol\u00edticas y sociales preparan el 8M, el d\u00eda lunes 21 de Febrero se realiz\u00f3&#8230;<\/p>\n","protected":false},"author":1,"featured_media":162214,"comment_status":"closed","ping_status":"closed","sticky":false,"template":"","format":"standard","meta":{"content-type":""},"categories":[27,51],"tags":[],"nelio_content":{"isAutoShareEnabled":false,"autoShareEndMode":"default","automationSources":{"useContentSentences":true,"useSocialTemplates":true,"useCustomSentences":false,"customSentences":[]},"followers":[1],"suggestedReferences":[],"includedReferences":[],"efiUrl":"","efiAlt":"","highlights":[]},"yoast_head":"<!-- This site is optimized with the Yoast SEO plugin v20.7 - https:\/\/yoast.com\/wordpress\/plugins\/seo\/ -->\n<title>Organizaciones pol\u00edticas y sociales preparan el 8M -<\/title>\n<meta name=\"robots\" content=\"index, follow, max-snippet:-1, max-image-preview:large, max-video-preview:-1\" \/>\n<link rel=\"canonical\" href=\"https:\/\/experienciadevida.com.ar\/portalurbano\/organizaciones-politicas-y-sociales-preparan-el-8m\/\" \/>\n<meta property=\"og:locale\" content=\"es_ES\" \/>\n<meta property=\"og:type\" content=\"article\" \/>\n<meta property=\"og:title\" content=\"Organizaciones pol\u00edticas y sociales preparan el 8M -\" \/>\n<meta property=\"og:description\" content=\"Organizaciones pol\u00edticas y sociales preparan el 8M, el d\u00eda lunes 21 de Febrero se realiz\u00f3...\" \/>\n<meta property=\"og:url\" content=\"https:\/\/experienciadevida.com.ar\/portalurbano\/organizaciones-politicas-y-sociales-preparan-el-8m\/\" \/>\n<meta property=\"article:publisher\" content=\"https:\/\/www.facebook.com\/Portal-Urbano-171542830093757\/\" \/>\n<meta property=\"article:published_time\" content=\"2022-02-22T12:28:43+00:00\" \/>\n<meta property=\"article:modified_time\" content=\"2022-02-22T12:29:15+00:00\" \/>\n<meta property=\"og:image\" content=\"https:\/\/experienciadevida.com.ar\/portalurbano\/wp-content\/uploads\/2022\/02\/Organizaciones-politicas-y.jpeg\" \/>\n\t<meta property=\"og:image:width\" content=\"1280\" \/>\n\t<meta property=\"og:image:height\" content=\"765\" \/>\n\t<meta property=\"og:image:type\" content=\"image\/jpeg\" \/>\n<meta name=\"author\" content=\"admpu17wp\" \/>\n<meta name=\"twitter:card\" content=\"summary_large_image\" \/>\n<meta name=\"twitter:creator\" content=\"@portalurbanook\" \/>\n<meta name=\"twitter:site\" content=\"@portalurbanook\" \/>\n<meta name=\"twitter:label1\" content=\"Escrito por\" \/>\n\t<meta name=\"twitter:data1\" content=\"admpu17wp\" \/>\n\t<meta name=\"twitter:label2\" content=\"Tiempo de lectura\" \/>\n\t<meta name=\"twitter:data2\" content=\"1 minuto\" \/>\n<script type=\"application\/ld+json\" class=\"yoast-schema-graph\">{\"@context\":\"https:\/\/schema.org\",\"@graph\":[{\"@type\":\"Article\",\"@id\":\"https:\/\/experienciadevida.com.ar\/portalurbano\/organizaciones-politicas-y-sociales-preparan-el-8m\/#article\",\"isPartOf\":{\"@id\":\"https:\/\/experienciadevida.com.ar\/portalurbano\/organizaciones-politicas-y-sociales-preparan-el-8m\/\"},\"author\":{\"name\":\"admpu17wp\",\"@id\":\"https:\/\/experienciadevida.com.ar\/portalurbano\/#\/schema\/person\/02dd326b1c4b056e9cc972486934a3a7\"},\"headline\":\"Organizaciones pol\u00edticas y sociales preparan el 8M\",\"datePublished\":\"2022-02-22T12:28:43+00:00\",\"dateModified\":\"2022-02-22T12:29:15+00:00\",\"mainEntityOfPage\":{\"@id\":\"https:\/\/experienciadevida.com.ar\/portalurbano\/organizaciones-politicas-y-sociales-preparan-el-8m\/\"},\"wordCount\":232,\"publisher\":{\"@id\":\"https:\/\/experienciadevida.com.ar\/portalurbano\/#organization\"},\"articleSection\":[\"Ciudad\",\"Destacadas\"],\"inLanguage\":\"es\"},{\"@type\":\"WebPage\",\"@id\":\"https:\/\/experienciadevida.com.ar\/portalurbano\/organizaciones-politicas-y-sociales-preparan-el-8m\/\",\"url\":\"https:\/\/experienciadevida.com.ar\/portalurbano\/organizaciones-politicas-y-sociales-preparan-el-8m\/\",\"name\":\"Organizaciones pol\u00edticas y sociales preparan el 8M -\",\"isPartOf\":{\"@id\":\"https:\/\/experienciadevida.com.ar\/portalurbano\/#website\"},\"datePublished\":\"2022-02-22T12:28:43+00:00\",\"dateModified\":\"2022-02-22T12:29:15+00:00\",\"breadcrumb\":{\"@id\":\"https:\/\/experienciadevida.com.ar\/portalurbano\/organizaciones-politicas-y-sociales-preparan-el-8m\/#breadcrumb\"},\"inLanguage\":\"es\",\"potentialAction\":[{\"@type\":\"ReadAction\",\"target\":[\"https:\/\/experienciadevida.com.ar\/portalurbano\/organizaciones-politicas-y-sociales-preparan-el-8m\/\"]}]},{\"@type\":\"BreadcrumbList\",\"@id\":\"https:\/\/experienciadevida.com.ar\/portalurbano\/organizaciones-politicas-y-sociales-preparan-el-8m\/#breadcrumb\",\"itemListElement\":[{\"@type\":\"ListItem\",\"position\":1,\"name\":\"Portada\",\"item\":\"https:\/\/experienciadevida.com.ar\/portalurbano\/\"},{\"@type\":\"ListItem\",\"position\":2,\"name\":\"Organizaciones pol\u00edticas y sociales preparan el 8M\"}]},{\"@type\":\"WebSite\",\"@id\":\"https:\/\/experienciadevida.com.ar\/portalurbano\/#website\",\"url\":\"https:\/\/experienciadevida.com.ar\/portalurbano\/\",\"name\":\"\",\"description\":\"\",\"publisher\":{\"@id\":\"https:\/\/experienciadevida.com.ar\/portalurbano\/#organization\"},\"potentialAction\":[{\"@type\":\"SearchAction\",\"target\":{\"@type\":\"EntryPoint\",\"urlTemplate\":\"https:\/\/experienciadevida.com.ar\/portalurbano\/?s={search_term_string}\"},\"query-input\":\"required name=search_term_string\"}],\"inLanguage\":\"es\"},{\"@type\":\"Organization\",\"@id\":\"https:\/\/experienciadevida.com.ar\/portalurbano\/#organization\",\"name\":\"Portal Urbano\",\"url\":\"https:\/\/experienciadevida.com.ar\/portalurbano\/\",\"logo\":{\"@type\":\"ImageObject\",\"inLanguage\":\"es\",\"@id\":\"https:\/\/experienciadevida.com.ar\/portalurbano\/#\/schema\/logo\/image\/\",\"url\":\"https:\/\/experienciadevida.com.ar\/portalurbano\/wp-content\/uploads\/2019\/09\/Logo-Original.png\",\"contentUrl\":\"https:\/\/experienciadevida.com.ar\/portalurbano\/wp-content\/uploads\/2019\/09\/Logo-Original.png\",\"width\":2236,\"height\":1216,\"caption\":\"Portal Urbano\"},\"image\":{\"@id\":\"https:\/\/experienciadevida.com.ar\/portalurbano\/#\/schema\/logo\/image\/\"},\"sameAs\":[\"https:\/\/www.facebook.com\/Portal-Urbano-171542830093757\/\",\"https:\/\/twitter.com\/portalurbanook\",\"https:\/\/www.instagram.com\/_portalurbano\/\",\"https:\/\/www.youtube.com\/channel\/UCXhagIfszH8KxFiOok79zbA?view_as=subscriber\"]},{\"@type\":\"Person\",\"@id\":\"https:\/\/experienciadevida.com.ar\/portalurbano\/#\/schema\/person\/02dd326b1c4b056e9cc972486934a3a7\",\"name\":\"admpu17wp\",\"image\":{\"@type\":\"ImageObject\",\"inLanguage\":\"es\",\"@id\":\"https:\/\/experienciadevida.com.ar\/portalurbano\/#\/schema\/person\/image\/\",\"url\":\"https:\/\/secure.gravatar.com\/avatar\/830d4c57adaae6630765e449a6908047?s=96&d=mm&r=g\",\"contentUrl\":\"https:\/\/secure.gravatar.com\/avatar\/830d4c57adaae6630765e449a6908047?s=96&d=mm&r=g\",\"caption\":\"admpu17wp\"}}]}<\/script>\n<!-- \/ Yoast SEO plugin. -->","yoast_head_json":{"title":"Organizaciones pol\u00edticas y sociales preparan el 8M -","robots":{"index":"index","follow":"follow","max-snippet":"max-snippet:-1","max-image-preview":"max-image-preview:large","max-video-preview":"max-video-preview:-1"},"canonical":"https:\/\/experienciadevida.com.ar\/portalurbano\/organizaciones-politicas-y-sociales-preparan-el-8m\/","og_locale":"es_ES","og_type":"article","og_title":"Organizaciones pol\u00edticas y sociales preparan el 8M -","og_description":"Organizaciones pol\u00edticas y sociales preparan el 8M, el d\u00eda lunes 21 de Febrero se realiz\u00f3...","og_url":"https:\/\/experienciadevida.com.ar\/portalurbano\/organizaciones-politicas-y-sociales-preparan-el-8m\/","article_publisher":"https:\/\/www.facebook.com\/Portal-Urbano-171542830093757\/","article_published_time":"2022-02-22T12:28:43+00:00","article_modified_time":"2022-02-22T12:29:15+00:00","og_image":[{"width":1280,"height":765,"url":"https:\/\/experienciadevida.com.ar\/portalurbano\/wp-content\/uploads\/2022\/02\/Organizaciones-politicas-y.jpeg","type":"image\/jpeg"}],"author":"admpu17wp","twitter_card":"summary_large_image","twitter_creator":"@portalurbanook","twitter_site":"@portalurbanook","twitter_misc":{"Escrito por":"admpu17wp","Tiempo de lectura":"1 minuto"},"schema":{"@context":"https:\/\/schema.org","@graph":[{"@type":"Article","@id":"https:\/\/experienciadevida.com.ar\/portalurbano\/organizaciones-politicas-y-sociales-preparan-el-8m\/#article","isPartOf":{"@id":"https:\/\/experienciadevida.com.ar\/portalurbano\/organizaciones-politicas-y-sociales-preparan-el-8m\/"},"author":{"name":"admpu17wp","@id":"https:\/\/experienciadevida.com.ar\/portalurbano\/#\/schema\/person\/02dd326b1c4b056e9cc972486934a3a7"},"headline":"Organizaciones pol\u00edticas y sociales preparan el 8M","datePublished":"2022-02-22T12:28:43+00:00","dateModified":"2022-02-22T12:29:15+00:00","mainEntityOfPage":{"@id":"https:\/\/experienciadevida.com.ar\/portalurbano\/organizaciones-politicas-y-sociales-preparan-el-8m\/"},"wordCount":232,"publisher":{"@id":"https:\/\/experienciadevida.com.ar\/portalurbano\/#organization"},"articleSection":["Ciudad","Destacadas"],"inLanguage":"es"},{"@type":"WebPage","@id":"https:\/\/experienciadevida.com.ar\/portalurbano\/organizaciones-politicas-y-sociales-preparan-el-8m\/","url":"https:\/\/experienciadevida.com.ar\/portalurbano\/organizaciones-politicas-y-sociales-preparan-el-8m\/","name":"Organizaciones pol\u00edticas y sociales preparan el 8M -","isPartOf":{"@id":"https:\/\/experienciadevida.com.ar\/portalurbano\/#website"},"datePublished":"2022-02-22T12:28:43+00:00","dateModified":"2022-02-22T12:29:15+00:00","breadcrumb":{"@id":"https:\/\/experienciadevida.com.ar\/portalurbano\/organizaciones-politicas-y-sociales-preparan-el-8m\/#breadcrumb"},"inLanguage":"es","potentialAction":[{"@type":"ReadAction","target":["https:\/\/experienciadevida.com.ar\/portalurbano\/organizaciones-politicas-y-sociales-preparan-el-8m\/"]}]},{"@type":"BreadcrumbList","@id":"https:\/\/experienciadevida.com.ar\/portalurbano\/organizaciones-politicas-y-sociales-preparan-el-8m\/#breadcrumb","itemListElement":[{"@type":"ListItem","position":1,"name":"Portada","item":"https:\/\/experienciadevida.com.ar\/portalurbano\/"},{"@type":"ListItem","position":2,"name":"Organizaciones pol\u00edticas y sociales preparan el 8M"}]},{"@type":"WebSite","@id":"https:\/\/experienciadevida.com.ar\/portalurbano\/#website","url":"https:\/\/experienciadevida.com.ar\/portalurbano\/","name":"","description":"","publisher":{"@id":"https:\/\/experienciadevida.com.ar\/portalurbano\/#organization"},"potentialAction":[{"@type":"SearchAction","target":{"@type":"EntryPoint","urlTemplate":"https:\/\/experienciadevida.com.ar\/portalurbano\/?s={search_term_string}"},"query-input":"required name=search_term_string"}],"inLanguage":"es"},{"@type":"Organization","@id":"https:\/\/experienciadevida.com.ar\/portalurbano\/#organization","name":"Portal Urbano","url":"https:\/\/experienciadevida.com.ar\/portalurbano\/","logo":{"@type":"ImageObject","inLanguage":"es","@id":"https:\/\/experienciadevida.com.ar\/portalurbano\/#\/schema\/logo\/image\/","url":"https:\/\/experienciadevida.com.ar\/portalurbano\/wp-content\/uploads\/2019\/09\/Logo-Original.png","contentUrl":"https:\/\/experienciadevida.com.ar\/portalurbano\/wp-content\/uploads\/2019\/09\/Logo-Original.png","width":2236,"height":1216,"caption":"Portal Urbano"},"image":{"@id":"https:\/\/experienciadevida.com.ar\/portalurbano\/#\/schema\/logo\/image\/"},"sameAs":["https:\/\/www.facebook.com\/Portal-Urbano-171542830093757\/","https:\/\/twitter.com\/portalurbanook","https:\/\/www.instagram.com\/_portalurbano\/","https:\/\/www.youtube.com\/channel\/UCXhagIfszH8KxFiOok79zbA?view_as=subscriber"]},{"@type":"Person","@id":"https:\/\/experienciadevida.com.ar\/portalurbano\/#\/schema\/person\/02dd326b1c4b056e9cc972486934a3a7","name":"admpu17wp","image":{"@type":"ImageObject","inLanguage":"es","@id":"https:\/\/experienciadevida.com.ar\/portalurbano\/#\/schema\/person\/image\/","url":"https:\/\/secure.gravatar.com\/avatar\/830d4c57adaae6630765e449a6908047?s=96&d=mm&r=g","contentUrl":"https:\/\/secure.gravatar.com\/avatar\/830d4c57adaae6630765e449a6908047?s=96&d=mm&r=g","caption":"admpu17wp"}}]}},"featured_image_urls":{"full":["https:\/\/experienciadevida.com.ar\/portalurbano\/wp-content\/uploads\/2022\/02\/Organizaciones-politicas-y.jpeg",1280,765,false],"thumbnail":["https:\/\/experienciadevida.com.ar\/portalurbano\/wp-content\/uploads\/2022\/02\/Organizaciones-politicas-y-150x150.jpeg",150,150,true],"medium":["https:\/\/experienciadevida.com.ar\/portalurbano\/wp-content\/uploads\/2022\/02\/Organizaciones-politicas-y-300x179.jpeg",300,179,true],"medium_large":["https:\/\/experienciadevida.com.ar\/portalurbano\/wp-content\/uploads\/2022\/02\/Organizaciones-politicas-y-768x459.jpeg",640,383,true],"large":["https:\/\/experienciadevida.com.ar\/portalurbano\/wp-content\/uploads\/2022\/02\/Organizaciones-politicas-y-1024x612.jpeg",640,383,true],"ug_big":["https:\/\/experienciadevida.com.ar\/portalurbano\/wp-content\/uploads\/2022\/02\/Organizaciones-politicas-y-768x459.jpeg",768,459,true],"1536x1536":["https:\/\/experienciadevida.com.ar\/portalurbano\/wp-content\/uploads\/2022\/02\/Organizaciones-politicas-y.jpeg",1280,765,false],"2048x2048":["https:\/\/experienciadevida.com.ar\/portalurbano\/wp-content\/uploads\/2022\/02\/Organizaciones-politicas-y.jpeg",1280,765,false],"newsever-slider-full":["https:\/\/experienciadevida.com.ar\/portalurbano\/wp-content\/uploads\/2022\/02\/Organizaciones-politicas-y.jpeg",1280,765,false],"newsever-featured":["https:\/\/experienciadevida.com.ar\/portalurbano\/wp-content\/uploads\/2022\/02\/Organizaciones-politicas-y.jpeg",1024,612,false],"newsever-medium":["https:\/\/experienciadevida.com.ar\/portalurbano\/wp-content\/uploads\/2022\/02\/Organizaciones-politicas-y.jpeg",720,430,false],"web-stories-poster-portrait":["https:\/\/experienciadevida.com.ar\/portalurbano\/wp-content\/uploads\/2022\/02\/Organizaciones-politicas-y.jpeg",640,383,false],"web-stories-publisher-logo":["https:\/\/experienciadevida.com.ar\/portalurbano\/wp-content\/uploads\/2022\/02\/Organizaciones-politicas-y.jpeg",96,57,false],"web-stories-thumbnail":["https:\/\/experienciadevida.com.ar\/portalurbano\/wp-content\/uploads\/2022\/02\/Organizaciones-politicas-y.jpeg",150,90,false]},"author_info":{"display_name":"admpu17wp","author_link":"https:\/\/experienciadevida.com.ar\/portalurbano\/author\/admpu17wp\/"},"category_info":"<a href=\"https:\/\/experienciadevida.com.ar\/portalurbano\/category\/ciudad\/\" rel=\"category tag\">Ciudad<\/a> <a href=\"https:\/\/experienciadevida.com.ar\/portalurbano\/category\/destacadas\/\" rel=\"category tag\">Destacadas<\/a>","tag_info":"Destacadas","comment_count":"0","amp_enabled":true,"_links":{"self":[{"href":"https:\/\/experienciadevida.com.ar\/portalurbano\/wp-json\/wp\/v2\/posts\/162213"}],"collection":[{"href":"https:\/\/experienciadevida.com.ar\/portalurbano\/wp-json\/wp\/v2\/posts"}],"about":[{"href":"https:\/\/experienciadevida.com.ar\/portalurbano\/wp-json\/wp\/v2\/types\/post"}],"author":[{"embeddable":true,"href":"https:\/\/experienciadevida.com.ar\/portalurbano\/wp-json\/wp\/v2\/users\/1"}],"replies":[{"embeddable":true,"href":"https:\/\/experienciadevida.com.ar\/portalurbano\/wp-json\/wp\/v2\/comments?post=162213"}],"version-history":[{"count":1,"href":"https:\/\/experienciadevida.com.ar\/portalurbano\/wp-json\/wp\/v2\/posts\/162213\/revisions"}],"predecessor-version":[{"id":162215,"href":"https:\/\/experienciadevida.com.ar\/portalurbano\/wp-json\/wp\/v2\/posts\/162213\/revisions\/162215"}],"wp:featuredmedia":[{"embeddable":true,"href":"https:\/\/experienciadevida.com.ar\/portalurbano\/wp-json\/wp\/v2\/media\/162214"}],"wp:attachment":[{"href":"https:\/\/experienciadevida.com.ar\/portalurbano\/wp-json\/wp\/v2\/media?parent=162213"}],"wp:term":[{"taxonomy":"category","embeddable":true,"href":"https:\/\/experienciadevida.com.ar\/portalurbano\/wp-json\/wp\/v2\/categories?post=162213"},{"taxonomy":"post_tag","embeddable":true,"href":"https:\/\/experienciadevida.com.ar\/portalurbano\/wp-json\/wp\/v2\/tags?post=162213"}],"curies":[{"name":"wp","href":"https:\/\/api.w.org\/{rel}","templated":true}]}}