{"id":162178,"date":"2022-02-21T17:52:07","date_gmt":"2022-02-21T20:52:07","guid":{"rendered":"https:\/\/experienciadevida.com.ar\/portalurbano\/?p=162178"},"modified":"2022-02-21T17:52:07","modified_gmt":"2022-02-21T20:52:07","slug":"carta-abierta-a-senadores-y-diputados-de-la-nacion-no-legitimen-en-el-congreso-la-estafa-de-macri-y-el-fmi","status":"publish","type":"post","link":"https:\/\/experienciadevida.com.ar\/portalurbano\/carta-abierta-a-senadores-y-diputados-de-la-nacion-no-legitimen-en-el-congreso-la-estafa-de-macri-y-el-fmi\/","title":{"rendered":"Carta abierta a Senadores y Diputados de la Naci\u00f3n: &#8220;No legitimen en el Congreso la estafa de Macri y el FMI&#8221;"},"content":{"rendered":"<p>Carta abierta a Senadores y Diputados de la Naci\u00f3n: &#8220;No legitimen en el Congreso la estafa de Macri y el FMI&#8221;, as\u00ed lo dice un comunicado de <a href=\"https:\/\/www.facebook.com\/groups\/174537151304991\">Libres del Sur Nacional.<\/a><\/p>\n<p>&#8220;El gobierno de Macri contrajo en el 2018 una enorme deuda de 45.000 millones de d\u00f3lares con el Fondo Monetario Internacional. Dicho pr\u00e9stamo estuvo claramente re\u00f1ido con el estatuto de ese organismo. En primer lugar, por ser de una magnitud tal, que visiblemente nuestro pa\u00eds no pod\u00eda afrontar en los plazos fijados. En segundo t\u00e9rmino, porque ten\u00eda una clara intencionalidad pol\u00edtica: la reelecci\u00f3n del ex presidente, impulsada por los EEUU. Finalmente, porque los d\u00f3lares recibidos se usaron para fugar capitales, como el propio Fondo ha dicho en su informe recientemente&#8221;.<\/p>\n<p>Por otro lado mencionan que &#8220;el Gobierno nacional denunci\u00f3 eso desde el principio, incluso se abrieron investigaciones desde el BCRA que confirmaron el fraude. Sin embargo, en lugar de ir a tribunales internacionales a requerir una investigaci\u00f3n, suspendiendo mientras tanto el pago de dicha deuda, lo que hizo fue continuar abonando intereses y capital de la misma. Lo que ha significado una forma concreta de ir d\u00e1ndole legalidad a la estafa macrista&#8221;.<\/p>\n<p>&#8221; Ahora, peor aun. Acaba de anunciar el presidente que se ha llegado a un acuerdo con el FMI, aceptando la deuda, que ser\u00e1 pagada hasta el 2024 con otro pr\u00e9stamo. Lo que significa, en concreto, que se borrar\u00e1 el il\u00edcito<br \/>\nanterior, quedando una nueva deuda, esta vez \u201clegal\u201d, que pagaremos hasta el 2034&#8243;.<\/p>\n<p>Tambi\u00e9n &#8220;a esto se le agrega que, mas all\u00e1 de lo que interesadamente diga el gobierno, lo cierto es que producto de dicho acuerdo tendremos un nuevo ajuste econ\u00f3mico que recaer\u00e1 sobre los que menos tienen, como siempre; en<br \/>\nun pa\u00eds plagado de pobreza, desocupaci\u00f3n e informalidad laboral. A lo que se suma la vulneraci\u00f3n a nuestra soberan\u00eda pol\u00edtica que significa tener a los funcionarios del FMI, cada tres meses, monitoreando si nuestro gobierno hace los deberes&#8221;.<\/p>\n<p>&#8220;Este acuerdo que ha anunciado el gobierno nacional por ley debe pasar por el Congreso. Es decir, que en \u00faltima instancia la responsabilidad de sus consecuencias recae en ustedes. No acepten legitimar una estafa a la naci\u00f3n. No acepten que la mayor\u00eda de los argentinos y argentinas paguen con sudor y l\u00e1grimas un dinero que se llevaron bancos, grandes empresas y ricos. Defiendan la patria, a la que le est\u00e1n por poner una pesada piedra sobre su futuro&#8221;.<\/p>\n<p>Por la direcci\u00f3n nacional de Libres del Sur: Humberto Miguel Tumini &#8211; Silvia Saravia \u2013 Jorge Ceballos\u2013 Isaac Rudnik \u2013 GABRIELA SOSA \u2013 \u2013 MARU SANCHEZ MALO \u2013 MAURO LOPEZ \u2013 DANIELA GASPARINI, Enrique<br \/>\nSchierloh &#8211; Renzo Toranza Taborda<\/p>\n","protected":false},"excerpt":{"rendered":"<p>Carta abierta a Senadores y Diputados de la Naci\u00f3n: &#8220;No legitimen en el Congreso la&#8230;<\/p>\n","protected":false},"author":1,"featured_media":162183,"comment_status":"closed","ping_status":"closed","sticky":false,"template":"","format":"standard","meta":{"content-type":""},"categories":[27],"tags":[],"nelio_content":{"isAutoShareEnabled":false,"autoShareEndMode":"default","automationSources":{"useContentSentences":true,"useSocialTemplates":true,"useCustomSentences":false,"customSentences":[]},"followers":[1],"suggestedReferences":[],"includedReferences":[],"efiUrl":"","efiAlt":"","highlights":[]},"yoast_head":"<!-- This site is optimized with the Yoast SEO plugin v20.7 - https:\/\/yoast.com\/wordpress\/plugins\/seo\/ -->\n<title>Carta abierta a Senadores y Diputados de la Naci\u00f3n<\/title>\n<meta name=\"description\" content=\"Carta abierta a Senadores y Diputados de la Naci\u00f3n: &quot;No legitimen en el Congreso la estafa de Macri y el FMI&quot;, as\u00ed lo dice un comunicado.\" \/>\n<meta name=\"robots\" content=\"index, follow, max-snippet:-1, max-image-preview:large, max-video-preview:-1\" \/>\n<link rel=\"canonical\" href=\"https:\/\/experienciadevida.com.ar\/portalurbano\/carta-abierta-a-senadores-y-diputados-de-la-nacion-no-legitimen-en-el-congreso-la-estafa-de-macri-y-el-fmi\/\" \/>\n<meta property=\"og:locale\" content=\"es_ES\" \/>\n<meta property=\"og:type\" content=\"article\" \/>\n<meta property=\"og:title\" content=\"Carta abierta a Senadores y Diputados de la Naci\u00f3n\" \/>\n<meta property=\"og:description\" content=\"Carta abierta a Senadores y Diputados de la Naci\u00f3n: &quot;No legitimen en el Congreso la estafa de Macri y el FMI&quot;, as\u00ed lo dice un comunicado.\" \/>\n<meta property=\"og:url\" content=\"https:\/\/experienciadevida.com.ar\/portalurbano\/carta-abierta-a-senadores-y-diputados-de-la-nacion-no-legitimen-en-el-congreso-la-estafa-de-macri-y-el-fmi\/\" \/>\n<meta property=\"article:publisher\" content=\"https:\/\/www.facebook.com\/Portal-Urbano-171542830093757\/\" \/>\n<meta property=\"article:published_time\" content=\"2022-02-21T20:52:07+00:00\" \/>\n<meta property=\"og:image\" content=\"https:\/\/experienciadevida.com.ar\/portalurbano\/wp-content\/uploads\/2022\/02\/Carta-abierta-a-Senadores.jpg\" \/>\n\t<meta property=\"og:image:width\" content=\"720\" \/>\n\t<meta property=\"og:image:height\" content=\"1123\" \/>\n\t<meta property=\"og:image:type\" content=\"image\/jpeg\" \/>\n<meta name=\"author\" content=\"admpu17wp\" \/>\n<meta name=\"twitter:card\" content=\"summary_large_image\" \/>\n<meta name=\"twitter:creator\" content=\"@portalurbanook\" \/>\n<meta name=\"twitter:site\" content=\"@portalurbanook\" \/>\n<meta name=\"twitter:label1\" content=\"Escrito por\" \/>\n\t<meta name=\"twitter:data1\" content=\"admpu17wp\" \/>\n\t<meta name=\"twitter:label2\" content=\"Tiempo de lectura\" \/>\n\t<meta name=\"twitter:data2\" content=\"2 minutos\" \/>\n<script type=\"application\/ld+json\" class=\"yoast-schema-graph\">{\"@context\":\"https:\/\/schema.org\",\"@graph\":[{\"@type\":\"Article\",\"@id\":\"https:\/\/experienciadevida.com.ar\/portalurbano\/carta-abierta-a-senadores-y-diputados-de-la-nacion-no-legitimen-en-el-congreso-la-estafa-de-macri-y-el-fmi\/#article\",\"isPartOf\":{\"@id\":\"https:\/\/experienciadevida.com.ar\/portalurbano\/carta-abierta-a-senadores-y-diputados-de-la-nacion-no-legitimen-en-el-congreso-la-estafa-de-macri-y-el-fmi\/\"},\"author\":{\"name\":\"admpu17wp\",\"@id\":\"https:\/\/experienciadevida.com.ar\/portalurbano\/#\/schema\/person\/02dd326b1c4b056e9cc972486934a3a7\"},\"headline\":\"Carta abierta a Senadores y Diputados de la Naci\u00f3n: &#8220;No legitimen en el Congreso la estafa de Macri y el FMI&#8221;\",\"datePublished\":\"2022-02-21T20:52:07+00:00\",\"dateModified\":\"2022-02-21T20:52:07+00:00\",\"mainEntityOfPage\":{\"@id\":\"https:\/\/experienciadevida.com.ar\/portalurbano\/carta-abierta-a-senadores-y-diputados-de-la-nacion-no-legitimen-en-el-congreso-la-estafa-de-macri-y-el-fmi\/\"},\"wordCount\":479,\"publisher\":{\"@id\":\"https:\/\/experienciadevida.com.ar\/portalurbano\/#organization\"},\"articleSection\":[\"Ciudad\"],\"inLanguage\":\"es\"},{\"@type\":\"WebPage\",\"@id\":\"https:\/\/experienciadevida.com.ar\/portalurbano\/carta-abierta-a-senadores-y-diputados-de-la-nacion-no-legitimen-en-el-congreso-la-estafa-de-macri-y-el-fmi\/\",\"url\":\"https:\/\/experienciadevida.com.ar\/portalurbano\/carta-abierta-a-senadores-y-diputados-de-la-nacion-no-legitimen-en-el-congreso-la-estafa-de-macri-y-el-fmi\/\",\"name\":\"Carta abierta a Senadores y Diputados de la Naci\u00f3n\",\"isPartOf\":{\"@id\":\"https:\/\/experienciadevida.com.ar\/portalurbano\/#website\"},\"datePublished\":\"2022-02-21T20:52:07+00:00\",\"dateModified\":\"2022-02-21T20:52:07+00:00\",\"description\":\"Carta abierta a Senadores y Diputados de la Naci\u00f3n: \\\"No legitimen en el Congreso la estafa de Macri y el FMI\\\", as\u00ed lo dice un comunicado.\",\"breadcrumb\":{\"@id\":\"https:\/\/experienciadevida.com.ar\/portalurbano\/carta-abierta-a-senadores-y-diputados-de-la-nacion-no-legitimen-en-el-congreso-la-estafa-de-macri-y-el-fmi\/#breadcrumb\"},\"inLanguage\":\"es\",\"potentialAction\":[{\"@type\":\"ReadAction\",\"target\":[\"https:\/\/experienciadevida.com.ar\/portalurbano\/carta-abierta-a-senadores-y-diputados-de-la-nacion-no-legitimen-en-el-congreso-la-estafa-de-macri-y-el-fmi\/\"]}]},{\"@type\":\"BreadcrumbList\",\"@id\":\"https:\/\/experienciadevida.com.ar\/portalurbano\/carta-abierta-a-senadores-y-diputados-de-la-nacion-no-legitimen-en-el-congreso-la-estafa-de-macri-y-el-fmi\/#breadcrumb\",\"itemListElement\":[{\"@type\":\"ListItem\",\"position\":1,\"name\":\"Portada\",\"item\":\"https:\/\/experienciadevida.com.ar\/portalurbano\/\"},{\"@type\":\"ListItem\",\"position\":2,\"name\":\"Carta abierta a Senadores y Diputados de la Naci\u00f3n: \u00abNo legitimen en el Congreso la estafa de Macri y el FMI\u00bb\"}]},{\"@type\":\"WebSite\",\"@id\":\"https:\/\/experienciadevida.com.ar\/portalurbano\/#website\",\"url\":\"https:\/\/experienciadevida.com.ar\/portalurbano\/\",\"name\":\"\",\"description\":\"\",\"publisher\":{\"@id\":\"https:\/\/experienciadevida.com.ar\/portalurbano\/#organization\"},\"potentialAction\":[{\"@type\":\"SearchAction\",\"target\":{\"@type\":\"EntryPoint\",\"urlTemplate\":\"https:\/\/experienciadevida.com.ar\/portalurbano\/?s={search_term_string}\"},\"query-input\":\"required name=search_term_string\"}],\"inLanguage\":\"es\"},{\"@type\":\"Organization\",\"@id\":\"https:\/\/experienciadevida.com.ar\/portalurbano\/#organization\",\"name\":\"Portal Urbano\",\"url\":\"https:\/\/experienciadevida.com.ar\/portalurbano\/\",\"logo\":{\"@type\":\"ImageObject\",\"inLanguage\":\"es\",\"@id\":\"https:\/\/experienciadevida.com.ar\/portalurbano\/#\/schema\/logo\/image\/\",\"url\":\"https:\/\/experienciadevida.com.ar\/portalurbano\/wp-content\/uploads\/2019\/09\/Logo-Original.png\",\"contentUrl\":\"https:\/\/experienciadevida.com.ar\/portalurbano\/wp-content\/uploads\/2019\/09\/Logo-Original.png\",\"width\":2236,\"height\":1216,\"caption\":\"Portal Urbano\"},\"image\":{\"@id\":\"https:\/\/experienciadevida.com.ar\/portalurbano\/#\/schema\/logo\/image\/\"},\"sameAs\":[\"https:\/\/www.facebook.com\/Portal-Urbano-171542830093757\/\",\"https:\/\/twitter.com\/portalurbanook\",\"https:\/\/www.instagram.com\/_portalurbano\/\",\"https:\/\/www.youtube.com\/channel\/UCXhagIfszH8KxFiOok79zbA?view_as=subscriber\"]},{\"@type\":\"Person\",\"@id\":\"https:\/\/experienciadevida.com.ar\/portalurbano\/#\/schema\/person\/02dd326b1c4b056e9cc972486934a3a7\",\"name\":\"admpu17wp\",\"image\":{\"@type\":\"ImageObject\",\"inLanguage\":\"es\",\"@id\":\"https:\/\/experienciadevida.com.ar\/portalurbano\/#\/schema\/person\/image\/\",\"url\":\"https:\/\/secure.gravatar.com\/avatar\/830d4c57adaae6630765e449a6908047?s=96&d=mm&r=g\",\"contentUrl\":\"https:\/\/secure.gravatar.com\/avatar\/830d4c57adaae6630765e449a6908047?s=96&d=mm&r=g\",\"caption\":\"admpu17wp\"}}]}<\/script>\n<!-- \/ Yoast SEO plugin. -->","yoast_head_json":{"title":"Carta abierta a Senadores y Diputados de la Naci\u00f3n","description":"Carta abierta a Senadores y Diputados de la Naci\u00f3n: \"No legitimen en el Congreso la estafa de Macri y el FMI\", as\u00ed lo dice un comunicado.","robots":{"index":"index","follow":"follow","max-snippet":"max-snippet:-1","max-image-preview":"max-image-preview:large","max-video-preview":"max-video-preview:-1"},"canonical":"https:\/\/experienciadevida.com.ar\/portalurbano\/carta-abierta-a-senadores-y-diputados-de-la-nacion-no-legitimen-en-el-congreso-la-estafa-de-macri-y-el-fmi\/","og_locale":"es_ES","og_type":"article","og_title":"Carta abierta a Senadores y Diputados de la Naci\u00f3n","og_description":"Carta abierta a Senadores y Diputados de la Naci\u00f3n: \"No legitimen en el Congreso la estafa de Macri y el FMI\", as\u00ed lo dice un comunicado.","og_url":"https:\/\/experienciadevida.com.ar\/portalurbano\/carta-abierta-a-senadores-y-diputados-de-la-nacion-no-legitimen-en-el-congreso-la-estafa-de-macri-y-el-fmi\/","article_publisher":"https:\/\/www.facebook.com\/Portal-Urbano-171542830093757\/","article_published_time":"2022-02-21T20:52:07+00:00","og_image":[{"width":720,"height":1123,"url":"https:\/\/experienciadevida.com.ar\/portalurbano\/wp-content\/uploads\/2022\/02\/Carta-abierta-a-Senadores.jpg","type":"image\/jpeg"}],"author":"admpu17wp","twitter_card":"summary_large_image","twitter_creator":"@portalurbanook","twitter_site":"@portalurbanook","twitter_misc":{"Escrito por":"admpu17wp","Tiempo de lectura":"2 minutos"},"schema":{"@context":"https:\/\/schema.org","@graph":[{"@type":"Article","@id":"https:\/\/experienciadevida.com.ar\/portalurbano\/carta-abierta-a-senadores-y-diputados-de-la-nacion-no-legitimen-en-el-congreso-la-estafa-de-macri-y-el-fmi\/#article","isPartOf":{"@id":"https:\/\/experienciadevida.com.ar\/portalurbano\/carta-abierta-a-senadores-y-diputados-de-la-nacion-no-legitimen-en-el-congreso-la-estafa-de-macri-y-el-fmi\/"},"author":{"name":"admpu17wp","@id":"https:\/\/experienciadevida.com.ar\/portalurbano\/#\/schema\/person\/02dd326b1c4b056e9cc972486934a3a7"},"headline":"Carta abierta a Senadores y Diputados de la Naci\u00f3n: &#8220;No legitimen en el Congreso la estafa de Macri y el FMI&#8221;","datePublished":"2022-02-21T20:52:07+00:00","dateModified":"2022-02-21T20:52:07+00:00","mainEntityOfPage":{"@id":"https:\/\/experienciadevida.com.ar\/portalurbano\/carta-abierta-a-senadores-y-diputados-de-la-nacion-no-legitimen-en-el-congreso-la-estafa-de-macri-y-el-fmi\/"},"wordCount":479,"publisher":{"@id":"https:\/\/experienciadevida.com.ar\/portalurbano\/#organization"},"articleSection":["Ciudad"],"inLanguage":"es"},{"@type":"WebPage","@id":"https:\/\/experienciadevida.com.ar\/portalurbano\/carta-abierta-a-senadores-y-diputados-de-la-nacion-no-legitimen-en-el-congreso-la-estafa-de-macri-y-el-fmi\/","url":"https:\/\/experienciadevida.com.ar\/portalurbano\/carta-abierta-a-senadores-y-diputados-de-la-nacion-no-legitimen-en-el-congreso-la-estafa-de-macri-y-el-fmi\/","name":"Carta abierta a Senadores y Diputados de la Naci\u00f3n","isPartOf":{"@id":"https:\/\/experienciadevida.com.ar\/portalurbano\/#website"},"datePublished":"2022-02-21T20:52:07+00:00","dateModified":"2022-02-21T20:52:07+00:00","description":"Carta abierta a Senadores y Diputados de la Naci\u00f3n: \"No legitimen en el Congreso la estafa de Macri y el FMI\", as\u00ed lo dice un comunicado.","breadcrumb":{"@id":"https:\/\/experienciadevida.com.ar\/portalurbano\/carta-abierta-a-senadores-y-diputados-de-la-nacion-no-legitimen-en-el-congreso-la-estafa-de-macri-y-el-fmi\/#breadcrumb"},"inLanguage":"es","potentialAction":[{"@type":"ReadAction","target":["https:\/\/experienciadevida.com.ar\/portalurbano\/carta-abierta-a-senadores-y-diputados-de-la-nacion-no-legitimen-en-el-congreso-la-estafa-de-macri-y-el-fmi\/"]}]},{"@type":"BreadcrumbList","@id":"https:\/\/experienciadevida.com.ar\/portalurbano\/carta-abierta-a-senadores-y-diputados-de-la-nacion-no-legitimen-en-el-congreso-la-estafa-de-macri-y-el-fmi\/#breadcrumb","itemListElement":[{"@type":"ListItem","position":1,"name":"Portada","item":"https:\/\/experienciadevida.com.ar\/portalurbano\/"},{"@type":"ListItem","position":2,"name":"Carta abierta a Senadores y Diputados de la Naci\u00f3n: \u00abNo legitimen en el Congreso la estafa de Macri y el FMI\u00bb"}]},{"@type":"WebSite","@id":"https:\/\/experienciadevida.com.ar\/portalurbano\/#website","url":"https:\/\/experienciadevida.com.ar\/portalurbano\/","name":"","description":"","publisher":{"@id":"https:\/\/experienciadevida.com.ar\/portalurbano\/#organization"},"potentialAction":[{"@type":"SearchAction","target":{"@type":"EntryPoint","urlTemplate":"https:\/\/experienciadevida.com.ar\/portalurbano\/?s={search_term_string}"},"query-input":"required name=search_term_string"}],"inLanguage":"es"},{"@type":"Organization","@id":"https:\/\/experienciadevida.com.ar\/portalurbano\/#organization","name":"Portal Urbano","url":"https:\/\/experienciadevida.com.ar\/portalurbano\/","logo":{"@type":"ImageObject","inLanguage":"es","@id":"https:\/\/experienciadevida.com.ar\/portalurbano\/#\/schema\/logo\/image\/","url":"https:\/\/experienciadevida.com.ar\/portalurbano\/wp-content\/uploads\/2019\/09\/Logo-Original.png","contentUrl":"https:\/\/experienciadevida.com.ar\/portalurbano\/wp-content\/uploads\/2019\/09\/Logo-Original.png","width":2236,"height":1216,"caption":"Portal Urbano"},"image":{"@id":"https:\/\/experienciadevida.com.ar\/portalurbano\/#\/schema\/logo\/image\/"},"sameAs":["https:\/\/www.facebook.com\/Portal-Urbano-171542830093757\/","https:\/\/twitter.com\/portalurbanook","https:\/\/www.instagram.com\/_portalurbano\/","https:\/\/www.youtube.com\/channel\/UCXhagIfszH8KxFiOok79zbA?view_as=subscriber"]},{"@type":"Person","@id":"https:\/\/experienciadevida.com.ar\/portalurbano\/#\/schema\/person\/02dd326b1c4b056e9cc972486934a3a7","name":"admpu17wp","image":{"@type":"ImageObject","inLanguage":"es","@id":"https:\/\/experienciadevida.com.ar\/portalurbano\/#\/schema\/person\/image\/","url":"https:\/\/secure.gravatar.com\/avatar\/830d4c57adaae6630765e449a6908047?s=96&d=mm&r=g","contentUrl":"https:\/\/secure.gravatar.com\/avatar\/830d4c57adaae6630765e449a6908047?s=96&d=mm&r=g","caption":"admpu17wp"}}]}},"featured_image_urls":{"full":["https:\/\/experienciadevida.com.ar\/portalurbano\/wp-content\/uploads\/2022\/02\/Carta-abierta-a-Senadores.jpg",720,1123,false],"thumbnail":["https:\/\/experienciadevida.com.ar\/portalurbano\/wp-content\/uploads\/2022\/02\/Carta-abierta-a-Senadores-150x150.jpg",150,150,true],"medium":["https:\/\/experienciadevida.com.ar\/portalurbano\/wp-content\/uploads\/2022\/02\/Carta-abierta-a-Senadores-192x300.jpg",192,300,true],"medium_large":["https:\/\/experienciadevida.com.ar\/portalurbano\/wp-content\/uploads\/2022\/02\/Carta-abierta-a-Senadores.jpg",640,998,false],"large":["https:\/\/experienciadevida.com.ar\/portalurbano\/wp-content\/uploads\/2022\/02\/Carta-abierta-a-Senadores-657x1024.jpg",640,998,true],"ug_big":["https:\/\/experienciadevida.com.ar\/portalurbano\/wp-content\/uploads\/2022\/02\/Carta-abierta-a-Senadores-492x768.jpg",492,768,true],"1536x1536":["https:\/\/experienciadevida.com.ar\/portalurbano\/wp-content\/uploads\/2022\/02\/Carta-abierta-a-Senadores.jpg",720,1123,false],"2048x2048":["https:\/\/experienciadevida.com.ar\/portalurbano\/wp-content\/uploads\/2022\/02\/Carta-abierta-a-Senadores.jpg",720,1123,false],"newsever-slider-full":["https:\/\/experienciadevida.com.ar\/portalurbano\/wp-content\/uploads\/2022\/02\/Carta-abierta-a-Senadores.jpg",542,845,false],"newsever-featured":["https:\/\/experienciadevida.com.ar\/portalurbano\/wp-content\/uploads\/2022\/02\/Carta-abierta-a-Senadores.jpg",720,1123,false],"newsever-medium":["https:\/\/experienciadevida.com.ar\/portalurbano\/wp-content\/uploads\/2022\/02\/Carta-abierta-a-Senadores.jpg",305,475,false],"web-stories-poster-portrait":["https:\/\/experienciadevida.com.ar\/portalurbano\/wp-content\/uploads\/2022\/02\/Carta-abierta-a-Senadores.jpg",547,853,false],"web-stories-publisher-logo":["https:\/\/experienciadevida.com.ar\/portalurbano\/wp-content\/uploads\/2022\/02\/Carta-abierta-a-Senadores.jpg",62,96,false],"web-stories-thumbnail":["https:\/\/experienciadevida.com.ar\/portalurbano\/wp-content\/uploads\/2022\/02\/Carta-abierta-a-Senadores.jpg",150,234,false]},"author_info":{"display_name":"admpu17wp","author_link":"https:\/\/experienciadevida.com.ar\/portalurbano\/author\/admpu17wp\/"},"category_info":"<a href=\"https:\/\/experienciadevida.com.ar\/portalurbano\/category\/ciudad\/\" rel=\"category tag\">Ciudad<\/a>","tag_info":"Ciudad","comment_count":"0","amp_enabled":true,"_links":{"self":[{"href":"https:\/\/experienciadevida.com.ar\/portalurbano\/wp-json\/wp\/v2\/posts\/162178"}],"collection":[{"href":"https:\/\/experienciadevida.com.ar\/portalurbano\/wp-json\/wp\/v2\/posts"}],"about":[{"href":"https:\/\/experienciadevida.com.ar\/portalurbano\/wp-json\/wp\/v2\/types\/post"}],"author":[{"embeddable":true,"href":"https:\/\/experienciadevida.com.ar\/portalurbano\/wp-json\/wp\/v2\/users\/1"}],"replies":[{"embeddable":true,"href":"https:\/\/experienciadevida.com.ar\/portalurbano\/wp-json\/wp\/v2\/comments?post=162178"}],"version-history":[{"count":1,"href":"https:\/\/experienciadevida.com.ar\/portalurbano\/wp-json\/wp\/v2\/posts\/162178\/revisions"}],"predecessor-version":[{"id":162184,"href":"https:\/\/experienciadevida.com.ar\/portalurbano\/wp-json\/wp\/v2\/posts\/162178\/revisions\/162184"}],"wp:featuredmedia":[{"embeddable":true,"href":"https:\/\/experienciadevida.com.ar\/portalurbano\/wp-json\/wp\/v2\/media\/162183"}],"wp:attachment":[{"href":"https:\/\/experienciadevida.com.ar\/portalurbano\/wp-json\/wp\/v2\/media?parent=162178"}],"wp:term":[{"taxonomy":"category","embeddable":true,"href":"https:\/\/experienciadevida.com.ar\/portalurbano\/wp-json\/wp\/v2\/categories?post=162178"},{"taxonomy":"post_tag","embeddable":true,"href":"https:\/\/experienciadevida.com.ar\/portalurbano\/wp-json\/wp\/v2\/tags?post=162178"}],"curies":[{"name":"wp","href":"https:\/\/api.w.org\/{rel}","templated":true}]}}