{"id":162167,"date":"2022-02-21T13:32:29","date_gmt":"2022-02-21T16:32:29","guid":{"rendered":"https:\/\/experienciadevida.com.ar\/portalurbano\/?p=162167"},"modified":"2022-02-21T13:35:38","modified_gmt":"2022-02-21T16:35:38","slug":"mas-de-100-millones-de-pesos-para-la-construccion-del-complejo-deportivo-municipal","status":"publish","type":"post","link":"https:\/\/experienciadevida.com.ar\/portalurbano\/mas-de-100-millones-de-pesos-para-la-construccion-del-complejo-deportivo-municipal\/","title":{"rendered":"M\u00e1s de 100 millones de pesos para la construcci\u00f3n del Complejo Deportivo Municipal"},"content":{"rendered":"<p>M\u00e1s de 100 millones de pesos para la construcci\u00f3n del Complejo Deportivo Municipal, en la ma\u00f1ana de este lunes, el intendente Ezequiel <a href=\"https:\/\/www.facebook.com\/galliezequiel\">Galli<\/a> encabez\u00f3 la apertura de la licitaci\u00f3n para la obra de construcci\u00f3n del Complejo Deportivo Municipal, donde se emplazar\u00e1 la sede del Instituto de Educaci\u00f3n F\u00edsica (ISFD N\u00ba 47).<\/p>\n<p><a href=\"https:\/\/experienciadevida.com.ar\/portalurbano\/mas-de-100-millones-de-pesos-para-la-construccion-del-complejo-deportivo-municipal\/mas-de-4\/\" rel=\"attachment wp-att-162171\"><img decoding=\"async\" class=\"alignnone size-large wp-image-162171\" src=\"https:\/\/experienciadevida.com.ar\/portalurbano\/wp-content\/uploads\/2022\/02\/Mas-de-1024x684.jpg\" alt=\"M\u00e1s de \" width=\"900\" height=\"601\" srcset=\"https:\/\/experienciadevida.com.ar\/portalurbano\/wp-content\/uploads\/2022\/02\/Mas-de-1024x684.jpg 1024w, https:\/\/experienciadevida.com.ar\/portalurbano\/wp-content\/uploads\/2022\/02\/Mas-de-300x201.jpg 300w, https:\/\/experienciadevida.com.ar\/portalurbano\/wp-content\/uploads\/2022\/02\/Mas-de-768x513.jpg 768w, https:\/\/experienciadevida.com.ar\/portalurbano\/wp-content\/uploads\/2022\/02\/Mas-de-1536x1027.jpg 1536w, https:\/\/experienciadevida.com.ar\/portalurbano\/wp-content\/uploads\/2022\/02\/Mas-de-2048x1369.jpg 2048w\" sizes=\"(max-width: 900px) 100vw, 900px\" \/><\/a><\/p>\n<p>La apertura se llev\u00f3 a cabo en el Sal\u00f3n Blanco del Palacio San Mart\u00edn y en la oportunidad participaron el secretario de Mantenimiento y Obras P\u00fablicas Julio Ferraro, el subsecretario de Deportes y Recreaci\u00f3n Juan Agust\u00edn Galli, la directora de Licitaciones Pilar Ciardelli y representantes de las empresas oferentes.<\/p>\n<p>\u201cGracias a las cuatro empresas que participaron de esta licitaci\u00f3n, todos conocen la importancia que tiene, m\u00e1s all\u00e1 de la obra en s\u00ed, desde lo simb\u00f3lico lo que representa, que despu\u00e9s de 50 a\u00f1os el Instituto de Educaci\u00f3n pueda tener su sede propia\u201d, expres\u00f3 el Intendente.<\/p>\n<p>\u201cHemos dado un paso m\u00e1s que importante\u201d, sostuvo.<\/p>\n<p>\u201cEs una gran noticia que una instituci\u00f3n hist\u00f3rica que ha formado a tantos j\u00f3venes y que tantas alegr\u00eda nos ha dado, va a tener su casa propia\u201d, manifest\u00f3.<\/p>\n<p>\u201cEs un gran paso el que estamos dando para cumplir este sue\u00f1o\u201d, concluy\u00f3.<\/p>\n<p>La obra consta de un edificio para \u00e1rea educativa terciaria, de 1027 m2, un acceso al mismo a trav\u00e9s de una explanada de llegada, desde la l\u00ednea del cord\u00f3n vereda. El acceso al predio ser\u00e1 sobre Avda. Avellaneda, tanto para ingreso peatonal y vehicular. El edificio consta de 977 m2 cubiertos y 50 m2 semi cubiertos.<\/p>\n<p>Contar\u00e1 con ocho aulas, biblioteca, sal\u00f3n de usos m\u00faltiples, dep\u00f3sito, sala de m\u00e1quinas, oficinas administrativas (preceptor\u00eda, secretar\u00eda, director\/a, sala de reuniones, office y sanitarios). En otra \u00e1rea se ubicar\u00e1n los grupos de sanitarios para la comunidad estudiantil, ba\u00f1os damas, caballeros y para personas con discapacidad, que contar\u00e1 con sector de duchas, dep\u00f3sito y sala de m\u00e1quinas.<\/p>\n<p>Parte del proyecto prev\u00e9 la construcci\u00f3n del acceso al edificio a trav\u00e9s de una d\u00e1rsena de ingreso de veh\u00edculos p\u00fablicos: tambi\u00e9n un sector de estacionamiento y un patio en el contra frente del edificio; adem\u00e1s de la colocaci\u00f3n y provisi\u00f3n de arboles, c\u00e9sped, expansiones, veredas, rampas y gradas en los exteriores.<\/p>\n<p>El edificio contar\u00e1 con servicio contra incendio y siniestros. La calefacci\u00f3n es mediante calderas y radiadores, y la refrigeraci\u00f3n por sistema de aires acondicionados.<\/p>\n<p>Cabe recordar que el proyecto fue presentado previamente y consensuado con las autoridades del Instituto de Formaci\u00f3n Docente N\u00ba 47, teniendo en cuenta las necesidades de la comunidad educativa.<\/p>\n<p>Se presentaron cuatro ofertas econ\u00f3micas, tal como se detallan a continuaci\u00f3n:<\/p>\n<p>Proponente N\u00ba 1: Visan Ingenier\u00eda S.A. cotiz\u00f3 la suma de $114.631.428,47.<br \/>\nProponente N\u00ba 2: Ingenier\u00eda y Construcci\u00f3n de Proyectos S.A. cotiz\u00f3 la suma de $143.024.736,61.<br \/>\nProponente N\u00ba 3: Vigas y Bloques S.R.L. cotiz\u00f3 la suma de $112.900.000.<br \/>\nProponente N\u00ba 4: Delta Constructora S.A. cotiz\u00f3 la suma de $127.595.893,38.<br \/>\nEn tanto que, el presupuesto oficial fue fijado en la suma $ 111.766.000.<\/p>\n","protected":false},"excerpt":{"rendered":"<p>M\u00e1s de 100 millones de pesos para la construcci\u00f3n del Complejo Deportivo Municipal, en la&#8230;<\/p>\n","protected":false},"author":1,"featured_media":162169,"comment_status":"closed","ping_status":"closed","sticky":false,"template":"","format":"standard","meta":{"content-type":""},"categories":[27,64],"tags":[],"nelio_content":{"isAutoShareEnabled":false,"autoShareEndMode":"default","automationSources":{"useContentSentences":true,"useSocialTemplates":true,"useCustomSentences":false,"customSentences":[]},"followers":[1],"suggestedReferences":[],"includedReferences":[],"efiUrl":"","efiAlt":"","highlights":[]},"yoast_head":"<!-- This site is optimized with the Yoast SEO plugin v20.7 - https:\/\/yoast.com\/wordpress\/plugins\/seo\/ -->\n<title>M\u00e1s de 100 millones de pesos para la construcci\u00f3n del complejo deportivo<\/title>\n<meta name=\"description\" content=\"M\u00e1s de 100 millones de pesos para la construcci\u00f3n del Complejo Deportivo Municipal, encabez\u00f3 la apertura de licitaci\u00f3n\" \/>\n<meta name=\"robots\" content=\"index, follow, max-snippet:-1, max-image-preview:large, max-video-preview:-1\" \/>\n<link rel=\"canonical\" href=\"https:\/\/experienciadevida.com.ar\/portalurbano\/mas-de-100-millones-de-pesos-para-la-construccion-del-complejo-deportivo-municipal\/\" \/>\n<meta property=\"og:locale\" content=\"es_ES\" \/>\n<meta property=\"og:type\" content=\"article\" \/>\n<meta property=\"og:title\" content=\"M\u00e1s de 100 millones de pesos para la construcci\u00f3n del complejo deportivo\" \/>\n<meta property=\"og:description\" content=\"M\u00e1s de 100 millones de pesos para la construcci\u00f3n del Complejo Deportivo Municipal, encabez\u00f3 la apertura de licitaci\u00f3n\" \/>\n<meta property=\"og:url\" content=\"https:\/\/experienciadevida.com.ar\/portalurbano\/mas-de-100-millones-de-pesos-para-la-construccion-del-complejo-deportivo-municipal\/\" \/>\n<meta property=\"article:publisher\" content=\"https:\/\/www.facebook.com\/Portal-Urbano-171542830093757\/\" \/>\n<meta property=\"article:published_time\" content=\"2022-02-21T16:32:29+00:00\" \/>\n<meta property=\"article:modified_time\" content=\"2022-02-21T16:35:38+00:00\" \/>\n<meta property=\"og:image\" content=\"https:\/\/experienciadevida.com.ar\/portalurbano\/wp-content\/uploads\/2022\/02\/Mas-de-100-millones.jpg\" \/>\n\t<meta property=\"og:image:width\" content=\"2560\" \/>\n\t<meta property=\"og:image:height\" content=\"1711\" \/>\n\t<meta property=\"og:image:type\" content=\"image\/jpeg\" \/>\n<meta name=\"author\" content=\"admpu17wp\" \/>\n<meta name=\"twitter:card\" content=\"summary_large_image\" \/>\n<meta name=\"twitter:creator\" content=\"@portalurbanook\" \/>\n<meta name=\"twitter:site\" content=\"@portalurbanook\" \/>\n<meta name=\"twitter:label1\" content=\"Escrito por\" \/>\n\t<meta name=\"twitter:data1\" content=\"admpu17wp\" \/>\n\t<meta name=\"twitter:label2\" content=\"Tiempo de lectura\" \/>\n\t<meta name=\"twitter:data2\" content=\"3 minutos\" \/>\n<script type=\"application\/ld+json\" class=\"yoast-schema-graph\">{\"@context\":\"https:\/\/schema.org\",\"@graph\":[{\"@type\":\"Article\",\"@id\":\"https:\/\/experienciadevida.com.ar\/portalurbano\/mas-de-100-millones-de-pesos-para-la-construccion-del-complejo-deportivo-municipal\/#article\",\"isPartOf\":{\"@id\":\"https:\/\/experienciadevida.com.ar\/portalurbano\/mas-de-100-millones-de-pesos-para-la-construccion-del-complejo-deportivo-municipal\/\"},\"author\":{\"name\":\"admpu17wp\",\"@id\":\"https:\/\/experienciadevida.com.ar\/portalurbano\/#\/schema\/person\/02dd326b1c4b056e9cc972486934a3a7\"},\"headline\":\"M\u00e1s de 100 millones de pesos para la construcci\u00f3n del Complejo Deportivo Municipal\",\"datePublished\":\"2022-02-21T16:32:29+00:00\",\"dateModified\":\"2022-02-21T16:35:38+00:00\",\"mainEntityOfPage\":{\"@id\":\"https:\/\/experienciadevida.com.ar\/portalurbano\/mas-de-100-millones-de-pesos-para-la-construccion-del-complejo-deportivo-municipal\/\"},\"wordCount\":541,\"publisher\":{\"@id\":\"https:\/\/experienciadevida.com.ar\/portalurbano\/#organization\"},\"articleSection\":[\"Ciudad\",\"Destacadas 2\"],\"inLanguage\":\"es\"},{\"@type\":\"WebPage\",\"@id\":\"https:\/\/experienciadevida.com.ar\/portalurbano\/mas-de-100-millones-de-pesos-para-la-construccion-del-complejo-deportivo-municipal\/\",\"url\":\"https:\/\/experienciadevida.com.ar\/portalurbano\/mas-de-100-millones-de-pesos-para-la-construccion-del-complejo-deportivo-municipal\/\",\"name\":\"M\u00e1s de 100 millones de pesos para la construcci\u00f3n del complejo deportivo\",\"isPartOf\":{\"@id\":\"https:\/\/experienciadevida.com.ar\/portalurbano\/#website\"},\"datePublished\":\"2022-02-21T16:32:29+00:00\",\"dateModified\":\"2022-02-21T16:35:38+00:00\",\"description\":\"M\u00e1s de 100 millones de pesos para la construcci\u00f3n del Complejo Deportivo Municipal, encabez\u00f3 la apertura de licitaci\u00f3n\",\"breadcrumb\":{\"@id\":\"https:\/\/experienciadevida.com.ar\/portalurbano\/mas-de-100-millones-de-pesos-para-la-construccion-del-complejo-deportivo-municipal\/#breadcrumb\"},\"inLanguage\":\"es\",\"potentialAction\":[{\"@type\":\"ReadAction\",\"target\":[\"https:\/\/experienciadevida.com.ar\/portalurbano\/mas-de-100-millones-de-pesos-para-la-construccion-del-complejo-deportivo-municipal\/\"]}]},{\"@type\":\"BreadcrumbList\",\"@id\":\"https:\/\/experienciadevida.com.ar\/portalurbano\/mas-de-100-millones-de-pesos-para-la-construccion-del-complejo-deportivo-municipal\/#breadcrumb\",\"itemListElement\":[{\"@type\":\"ListItem\",\"position\":1,\"name\":\"Portada\",\"item\":\"https:\/\/experienciadevida.com.ar\/portalurbano\/\"},{\"@type\":\"ListItem\",\"position\":2,\"name\":\"M\u00e1s de 100 millones de pesos para la construcci\u00f3n del Complejo Deportivo Municipal\"}]},{\"@type\":\"WebSite\",\"@id\":\"https:\/\/experienciadevida.com.ar\/portalurbano\/#website\",\"url\":\"https:\/\/experienciadevida.com.ar\/portalurbano\/\",\"name\":\"\",\"description\":\"\",\"publisher\":{\"@id\":\"https:\/\/experienciadevida.com.ar\/portalurbano\/#organization\"},\"potentialAction\":[{\"@type\":\"SearchAction\",\"target\":{\"@type\":\"EntryPoint\",\"urlTemplate\":\"https:\/\/experienciadevida.com.ar\/portalurbano\/?s={search_term_string}\"},\"query-input\":\"required name=search_term_string\"}],\"inLanguage\":\"es\"},{\"@type\":\"Organization\",\"@id\":\"https:\/\/experienciadevida.com.ar\/portalurbano\/#organization\",\"name\":\"Portal Urbano\",\"url\":\"https:\/\/experienciadevida.com.ar\/portalurbano\/\",\"logo\":{\"@type\":\"ImageObject\",\"inLanguage\":\"es\",\"@id\":\"https:\/\/experienciadevida.com.ar\/portalurbano\/#\/schema\/logo\/image\/\",\"url\":\"https:\/\/experienciadevida.com.ar\/portalurbano\/wp-content\/uploads\/2019\/09\/Logo-Original.png\",\"contentUrl\":\"https:\/\/experienciadevida.com.ar\/portalurbano\/wp-content\/uploads\/2019\/09\/Logo-Original.png\",\"width\":2236,\"height\":1216,\"caption\":\"Portal Urbano\"},\"image\":{\"@id\":\"https:\/\/experienciadevida.com.ar\/portalurbano\/#\/schema\/logo\/image\/\"},\"sameAs\":[\"https:\/\/www.facebook.com\/Portal-Urbano-171542830093757\/\",\"https:\/\/twitter.com\/portalurbanook\",\"https:\/\/www.instagram.com\/_portalurbano\/\",\"https:\/\/www.youtube.com\/channel\/UCXhagIfszH8KxFiOok79zbA?view_as=subscriber\"]},{\"@type\":\"Person\",\"@id\":\"https:\/\/experienciadevida.com.ar\/portalurbano\/#\/schema\/person\/02dd326b1c4b056e9cc972486934a3a7\",\"name\":\"admpu17wp\",\"image\":{\"@type\":\"ImageObject\",\"inLanguage\":\"es\",\"@id\":\"https:\/\/experienciadevida.com.ar\/portalurbano\/#\/schema\/person\/image\/\",\"url\":\"https:\/\/secure.gravatar.com\/avatar\/830d4c57adaae6630765e449a6908047?s=96&d=mm&r=g\",\"contentUrl\":\"https:\/\/secure.gravatar.com\/avatar\/830d4c57adaae6630765e449a6908047?s=96&d=mm&r=g\",\"caption\":\"admpu17wp\"}}]}<\/script>\n<!-- \/ Yoast SEO plugin. -->","yoast_head_json":{"title":"M\u00e1s de 100 millones de pesos para la construcci\u00f3n del complejo deportivo","description":"M\u00e1s de 100 millones de pesos para la construcci\u00f3n del Complejo Deportivo Municipal, encabez\u00f3 la apertura de licitaci\u00f3n","robots":{"index":"index","follow":"follow","max-snippet":"max-snippet:-1","max-image-preview":"max-image-preview:large","max-video-preview":"max-video-preview:-1"},"canonical":"https:\/\/experienciadevida.com.ar\/portalurbano\/mas-de-100-millones-de-pesos-para-la-construccion-del-complejo-deportivo-municipal\/","og_locale":"es_ES","og_type":"article","og_title":"M\u00e1s de 100 millones de pesos para la construcci\u00f3n del complejo deportivo","og_description":"M\u00e1s de 100 millones de pesos para la construcci\u00f3n del Complejo Deportivo Municipal, encabez\u00f3 la apertura de licitaci\u00f3n","og_url":"https:\/\/experienciadevida.com.ar\/portalurbano\/mas-de-100-millones-de-pesos-para-la-construccion-del-complejo-deportivo-municipal\/","article_publisher":"https:\/\/www.facebook.com\/Portal-Urbano-171542830093757\/","article_published_time":"2022-02-21T16:32:29+00:00","article_modified_time":"2022-02-21T16:35:38+00:00","og_image":[{"width":2560,"height":1711,"url":"https:\/\/experienciadevida.com.ar\/portalurbano\/wp-content\/uploads\/2022\/02\/Mas-de-100-millones.jpg","type":"image\/jpeg"}],"author":"admpu17wp","twitter_card":"summary_large_image","twitter_creator":"@portalurbanook","twitter_site":"@portalurbanook","twitter_misc":{"Escrito por":"admpu17wp","Tiempo de lectura":"3 minutos"},"schema":{"@context":"https:\/\/schema.org","@graph":[{"@type":"Article","@id":"https:\/\/experienciadevida.com.ar\/portalurbano\/mas-de-100-millones-de-pesos-para-la-construccion-del-complejo-deportivo-municipal\/#article","isPartOf":{"@id":"https:\/\/experienciadevida.com.ar\/portalurbano\/mas-de-100-millones-de-pesos-para-la-construccion-del-complejo-deportivo-municipal\/"},"author":{"name":"admpu17wp","@id":"https:\/\/experienciadevida.com.ar\/portalurbano\/#\/schema\/person\/02dd326b1c4b056e9cc972486934a3a7"},"headline":"M\u00e1s de 100 millones de pesos para la construcci\u00f3n del Complejo Deportivo Municipal","datePublished":"2022-02-21T16:32:29+00:00","dateModified":"2022-02-21T16:35:38+00:00","mainEntityOfPage":{"@id":"https:\/\/experienciadevida.com.ar\/portalurbano\/mas-de-100-millones-de-pesos-para-la-construccion-del-complejo-deportivo-municipal\/"},"wordCount":541,"publisher":{"@id":"https:\/\/experienciadevida.com.ar\/portalurbano\/#organization"},"articleSection":["Ciudad","Destacadas 2"],"inLanguage":"es"},{"@type":"WebPage","@id":"https:\/\/experienciadevida.com.ar\/portalurbano\/mas-de-100-millones-de-pesos-para-la-construccion-del-complejo-deportivo-municipal\/","url":"https:\/\/experienciadevida.com.ar\/portalurbano\/mas-de-100-millones-de-pesos-para-la-construccion-del-complejo-deportivo-municipal\/","name":"M\u00e1s de 100 millones de pesos para la construcci\u00f3n del complejo deportivo","isPartOf":{"@id":"https:\/\/experienciadevida.com.ar\/portalurbano\/#website"},"datePublished":"2022-02-21T16:32:29+00:00","dateModified":"2022-02-21T16:35:38+00:00","description":"M\u00e1s de 100 millones de pesos para la construcci\u00f3n del Complejo Deportivo Municipal, encabez\u00f3 la apertura de licitaci\u00f3n","breadcrumb":{"@id":"https:\/\/experienciadevida.com.ar\/portalurbano\/mas-de-100-millones-de-pesos-para-la-construccion-del-complejo-deportivo-municipal\/#breadcrumb"},"inLanguage":"es","potentialAction":[{"@type":"ReadAction","target":["https:\/\/experienciadevida.com.ar\/portalurbano\/mas-de-100-millones-de-pesos-para-la-construccion-del-complejo-deportivo-municipal\/"]}]},{"@type":"BreadcrumbList","@id":"https:\/\/experienciadevida.com.ar\/portalurbano\/mas-de-100-millones-de-pesos-para-la-construccion-del-complejo-deportivo-municipal\/#breadcrumb","itemListElement":[{"@type":"ListItem","position":1,"name":"Portada","item":"https:\/\/experienciadevida.com.ar\/portalurbano\/"},{"@type":"ListItem","position":2,"name":"M\u00e1s de 100 millones de pesos para la construcci\u00f3n del Complejo Deportivo Municipal"}]},{"@type":"WebSite","@id":"https:\/\/experienciadevida.com.ar\/portalurbano\/#website","url":"https:\/\/experienciadevida.com.ar\/portalurbano\/","name":"","description":"","publisher":{"@id":"https:\/\/experienciadevida.com.ar\/portalurbano\/#organization"},"potentialAction":[{"@type":"SearchAction","target":{"@type":"EntryPoint","urlTemplate":"https:\/\/experienciadevida.com.ar\/portalurbano\/?s={search_term_string}"},"query-input":"required name=search_term_string"}],"inLanguage":"es"},{"@type":"Organization","@id":"https:\/\/experienciadevida.com.ar\/portalurbano\/#organization","name":"Portal Urbano","url":"https:\/\/experienciadevida.com.ar\/portalurbano\/","logo":{"@type":"ImageObject","inLanguage":"es","@id":"https:\/\/experienciadevida.com.ar\/portalurbano\/#\/schema\/logo\/image\/","url":"https:\/\/experienciadevida.com.ar\/portalurbano\/wp-content\/uploads\/2019\/09\/Logo-Original.png","contentUrl":"https:\/\/experienciadevida.com.ar\/portalurbano\/wp-content\/uploads\/2019\/09\/Logo-Original.png","width":2236,"height":1216,"caption":"Portal Urbano"},"image":{"@id":"https:\/\/experienciadevida.com.ar\/portalurbano\/#\/schema\/logo\/image\/"},"sameAs":["https:\/\/www.facebook.com\/Portal-Urbano-171542830093757\/","https:\/\/twitter.com\/portalurbanook","https:\/\/www.instagram.com\/_portalurbano\/","https:\/\/www.youtube.com\/channel\/UCXhagIfszH8KxFiOok79zbA?view_as=subscriber"]},{"@type":"Person","@id":"https:\/\/experienciadevida.com.ar\/portalurbano\/#\/schema\/person\/02dd326b1c4b056e9cc972486934a3a7","name":"admpu17wp","image":{"@type":"ImageObject","inLanguage":"es","@id":"https:\/\/experienciadevida.com.ar\/portalurbano\/#\/schema\/person\/image\/","url":"https:\/\/secure.gravatar.com\/avatar\/830d4c57adaae6630765e449a6908047?s=96&d=mm&r=g","contentUrl":"https:\/\/secure.gravatar.com\/avatar\/830d4c57adaae6630765e449a6908047?s=96&d=mm&r=g","caption":"admpu17wp"}}]}},"featured_image_urls":{"full":["https:\/\/experienciadevida.com.ar\/portalurbano\/wp-content\/uploads\/2022\/02\/Mas-de-100-millones.jpg",2560,1711,false],"thumbnail":["https:\/\/experienciadevida.com.ar\/portalurbano\/wp-content\/uploads\/2022\/02\/Mas-de-100-millones-150x150.jpg",150,150,true],"medium":["https:\/\/experienciadevida.com.ar\/portalurbano\/wp-content\/uploads\/2022\/02\/Mas-de-100-millones-300x201.jpg",300,201,true],"medium_large":["https:\/\/experienciadevida.com.ar\/portalurbano\/wp-content\/uploads\/2022\/02\/Mas-de-100-millones-768x513.jpg",640,428,true],"large":["https:\/\/experienciadevida.com.ar\/portalurbano\/wp-content\/uploads\/2022\/02\/Mas-de-100-millones-1024x684.jpg",640,428,true],"ug_big":["https:\/\/experienciadevida.com.ar\/portalurbano\/wp-content\/uploads\/2022\/02\/Mas-de-100-millones-768x513.jpg",768,513,true],"1536x1536":["https:\/\/experienciadevida.com.ar\/portalurbano\/wp-content\/uploads\/2022\/02\/Mas-de-100-millones-1536x1027.jpg",1536,1027,true],"2048x2048":["https:\/\/experienciadevida.com.ar\/portalurbano\/wp-content\/uploads\/2022\/02\/Mas-de-100-millones-2048x1369.jpg",2048,1369,true],"newsever-slider-full":["https:\/\/experienciadevida.com.ar\/portalurbano\/wp-content\/uploads\/2022\/02\/Mas-de-100-millones.jpg",1264,845,false],"newsever-featured":["https:\/\/experienciadevida.com.ar\/portalurbano\/wp-content\/uploads\/2022\/02\/Mas-de-100-millones.jpg",1024,684,false],"newsever-medium":["https:\/\/experienciadevida.com.ar\/portalurbano\/wp-content\/uploads\/2022\/02\/Mas-de-100-millones.jpg",711,475,false],"web-stories-poster-portrait":["https:\/\/experienciadevida.com.ar\/portalurbano\/wp-content\/uploads\/2022\/02\/Mas-de-100-millones.jpg",640,428,false],"web-stories-publisher-logo":["https:\/\/experienciadevida.com.ar\/portalurbano\/wp-content\/uploads\/2022\/02\/Mas-de-100-millones.jpg",96,64,false],"web-stories-thumbnail":["https:\/\/experienciadevida.com.ar\/portalurbano\/wp-content\/uploads\/2022\/02\/Mas-de-100-millones.jpg",150,100,false]},"author_info":{"display_name":"admpu17wp","author_link":"https:\/\/experienciadevida.com.ar\/portalurbano\/author\/admpu17wp\/"},"category_info":"<a href=\"https:\/\/experienciadevida.com.ar\/portalurbano\/category\/ciudad\/\" rel=\"category tag\">Ciudad<\/a> <a href=\"https:\/\/experienciadevida.com.ar\/portalurbano\/category\/destacadas-2\/\" rel=\"category tag\">Destacadas 2<\/a>","tag_info":"Destacadas 2","comment_count":"0","amp_enabled":true,"_links":{"self":[{"href":"https:\/\/experienciadevida.com.ar\/portalurbano\/wp-json\/wp\/v2\/posts\/162167"}],"collection":[{"href":"https:\/\/experienciadevida.com.ar\/portalurbano\/wp-json\/wp\/v2\/posts"}],"about":[{"href":"https:\/\/experienciadevida.com.ar\/portalurbano\/wp-json\/wp\/v2\/types\/post"}],"author":[{"embeddable":true,"href":"https:\/\/experienciadevida.com.ar\/portalurbano\/wp-json\/wp\/v2\/users\/1"}],"replies":[{"embeddable":true,"href":"https:\/\/experienciadevida.com.ar\/portalurbano\/wp-json\/wp\/v2\/comments?post=162167"}],"version-history":[{"count":2,"href":"https:\/\/experienciadevida.com.ar\/portalurbano\/wp-json\/wp\/v2\/posts\/162167\/revisions"}],"predecessor-version":[{"id":162172,"href":"https:\/\/experienciadevida.com.ar\/portalurbano\/wp-json\/wp\/v2\/posts\/162167\/revisions\/162172"}],"wp:featuredmedia":[{"embeddable":true,"href":"https:\/\/experienciadevida.com.ar\/portalurbano\/wp-json\/wp\/v2\/media\/162169"}],"wp:attachment":[{"href":"https:\/\/experienciadevida.com.ar\/portalurbano\/wp-json\/wp\/v2\/media?parent=162167"}],"wp:term":[{"taxonomy":"category","embeddable":true,"href":"https:\/\/experienciadevida.com.ar\/portalurbano\/wp-json\/wp\/v2\/categories?post=162167"},{"taxonomy":"post_tag","embeddable":true,"href":"https:\/\/experienciadevida.com.ar\/portalurbano\/wp-json\/wp\/v2\/tags?post=162167"}],"curies":[{"name":"wp","href":"https:\/\/api.w.org\/{rel}","templated":true}]}}