{"id":162147,"date":"2022-02-21T09:56:51","date_gmt":"2022-02-21T12:56:51","guid":{"rendered":"https:\/\/experienciadevida.com.ar\/portalurbano\/?p=162147"},"modified":"2022-02-21T09:56:52","modified_gmt":"2022-02-21T12:56:52","slug":"fallecen-dos-olavarrienses-en-un-accidente-sobre-ruta-86","status":"publish","type":"post","link":"https:\/\/experienciadevida.com.ar\/portalurbano\/fallecen-dos-olavarrienses-en-un-accidente-sobre-ruta-86\/","title":{"rendered":"Fallecen dos Olavarrienses en un accidente sobre ruta 86"},"content":{"rendered":"<p><strong>Un grave accidente ocurri\u00f3 en Ruta 86 aproximadamente a la hora 20 de este domingo en cercan\u00edas con el cruce con Juan N. Fern\u00e1ndez.<\/strong><\/p>\n<p><em><strong><\/p>\n<div class=\"penci-pullqoute align-none\">\n<blockquote><p>Los heridos regresaban desde la ciudad de Necochea hacia Olavarr\u00eda de donde son oriundos.\u00a0<\/p><\/blockquote>\n<\/div>\n<p><\/strong><\/em><\/p>\n<p><a href=\"https:\/\/experienciadevida.com.ar\/portalurbano\/fallecen-dos-olavarrienses-en-un-accidente-sobre-ruta-86\/1645417284si6-jpg\/\" rel=\"attachment wp-att-162148\"><img decoding=\"async\" class=\"alignnone size-full wp-image-162148\" src=\"https:\/\/experienciadevida.com.ar\/portalurbano\/wp-content\/uploads\/2022\/02\/1645417284si6.jpg.jpeg\" alt=\"\" width=\"948\" height=\"533\" srcset=\"https:\/\/experienciadevida.com.ar\/portalurbano\/wp-content\/uploads\/2022\/02\/1645417284si6.jpg.jpeg 948w, https:\/\/experienciadevida.com.ar\/portalurbano\/wp-content\/uploads\/2022\/02\/1645417284si6.jpg-300x169.jpeg 300w, https:\/\/experienciadevida.com.ar\/portalurbano\/wp-content\/uploads\/2022\/02\/1645417284si6.jpg-768x432.jpeg 768w\" sizes=\"(max-width: 948px) 100vw, 948px\" \/><\/a><\/p>\n<p>Si bien autoridades policiales que trabajaron en el lugar evitaron dar informaci\u00f3n, a trav\u00e9s de colegas de Necochea y J. N. Fern\u00e1ndez se pudo obtener algunos datos precisos.<\/p>\n<p>Entre ellos que ser\u00edan dos las v\u00edctimas fatales. Una mujer de 31 a\u00f1os aproximadamente, que est\u00e1 confirmado y un menor de edad.<\/p>\n<p>El veh\u00edculo siniestrado era un Chevrolet Celta, color negro, que luego de volcar qued\u00f3 ubicado sobre la cinta asf\u00e1ltica con signos evidentes haber golpeado y girado sobre s\u00ed mismo.<\/p>\n<p>Por datos aportados por automovilistas que transitaban en el momento del accidente, se pudo saber que en el veh\u00edculo viajaban entre 7 y 8 personas, se cree que una despiste provoco la perdida de estabilidad del autom\u00f3vil que termino volcado sobre la calzada.<\/p>\n<p>Hasta el lugar se dirigieron ambulancias de J.N Fern\u00e1ndez que socorrieron a los mas graves siendo trasladados hasta el nosocomio de esa localidad.<\/p>\n<p>&nbsp;<\/p>\n","protected":false},"excerpt":{"rendered":"<p>Un grave accidente ocurri\u00f3 en Ruta 86 aproximadamente a la hora 20 de este domingo&#8230;<\/p>\n","protected":false},"author":1,"featured_media":162149,"comment_status":"closed","ping_status":"closed","sticky":false,"template":"","format":"standard","meta":{"content-type":""},"categories":[27,64],"tags":[],"nelio_content":{"isAutoShareEnabled":false,"autoShareEndMode":"default","automationSources":{"useContentSentences":true,"useSocialTemplates":true,"useCustomSentences":false,"customSentences":[]},"followers":[1],"suggestedReferences":[],"includedReferences":[],"efiUrl":"","efiAlt":"","highlights":[]},"yoast_head":"<!-- This site is optimized with the Yoast SEO plugin v20.7 - https:\/\/yoast.com\/wordpress\/plugins\/seo\/ -->\n<title>Fallecen dos Olavarrienses en un accidente sobre ruta 86 -<\/title>\n<meta name=\"robots\" content=\"index, follow, max-snippet:-1, max-image-preview:large, max-video-preview:-1\" \/>\n<link rel=\"canonical\" href=\"https:\/\/experienciadevida.com.ar\/portalurbano\/fallecen-dos-olavarrienses-en-un-accidente-sobre-ruta-86\/\" \/>\n<meta property=\"og:locale\" content=\"es_ES\" \/>\n<meta property=\"og:type\" content=\"article\" \/>\n<meta property=\"og:title\" content=\"Fallecen dos Olavarrienses en un accidente sobre ruta 86 -\" \/>\n<meta property=\"og:description\" content=\"Un grave accidente ocurri\u00f3 en Ruta 86 aproximadamente a la hora 20 de este domingo...\" \/>\n<meta property=\"og:url\" content=\"https:\/\/experienciadevida.com.ar\/portalurbano\/fallecen-dos-olavarrienses-en-un-accidente-sobre-ruta-86\/\" \/>\n<meta property=\"article:publisher\" content=\"https:\/\/www.facebook.com\/Portal-Urbano-171542830093757\/\" \/>\n<meta property=\"article:published_time\" content=\"2022-02-21T12:56:51+00:00\" \/>\n<meta property=\"article:modified_time\" content=\"2022-02-21T12:56:52+00:00\" \/>\n<meta property=\"og:image\" content=\"https:\/\/experienciadevida.com.ar\/portalurbano\/wp-content\/uploads\/2022\/02\/1645417283si5.jpg-e1645447491716.jpeg\" \/>\n\t<meta property=\"og:image:width\" content=\"800\" \/>\n\t<meta property=\"og:image:height\" content=\"450\" \/>\n\t<meta property=\"og:image:type\" content=\"image\/jpeg\" \/>\n<meta name=\"author\" content=\"admpu17wp\" \/>\n<meta name=\"twitter:card\" content=\"summary_large_image\" \/>\n<meta name=\"twitter:creator\" content=\"@portalurbanook\" \/>\n<meta name=\"twitter:site\" content=\"@portalurbanook\" \/>\n<meta name=\"twitter:label1\" content=\"Escrito por\" \/>\n\t<meta name=\"twitter:data1\" content=\"admpu17wp\" \/>\n\t<meta name=\"twitter:label2\" content=\"Tiempo de lectura\" \/>\n\t<meta name=\"twitter:data2\" content=\"2 minutos\" \/>\n<script type=\"application\/ld+json\" class=\"yoast-schema-graph\">{\"@context\":\"https:\/\/schema.org\",\"@graph\":[{\"@type\":\"Article\",\"@id\":\"https:\/\/experienciadevida.com.ar\/portalurbano\/fallecen-dos-olavarrienses-en-un-accidente-sobre-ruta-86\/#article\",\"isPartOf\":{\"@id\":\"https:\/\/experienciadevida.com.ar\/portalurbano\/fallecen-dos-olavarrienses-en-un-accidente-sobre-ruta-86\/\"},\"author\":{\"name\":\"admpu17wp\",\"@id\":\"https:\/\/experienciadevida.com.ar\/portalurbano\/#\/schema\/person\/02dd326b1c4b056e9cc972486934a3a7\"},\"headline\":\"Fallecen dos Olavarrienses en un accidente sobre ruta 86\",\"datePublished\":\"2022-02-21T12:56:51+00:00\",\"dateModified\":\"2022-02-21T12:56:52+00:00\",\"mainEntityOfPage\":{\"@id\":\"https:\/\/experienciadevida.com.ar\/portalurbano\/fallecen-dos-olavarrienses-en-un-accidente-sobre-ruta-86\/\"},\"wordCount\":205,\"publisher\":{\"@id\":\"https:\/\/experienciadevida.com.ar\/portalurbano\/#organization\"},\"articleSection\":[\"Ciudad\",\"Destacadas 2\"],\"inLanguage\":\"es\"},{\"@type\":\"WebPage\",\"@id\":\"https:\/\/experienciadevida.com.ar\/portalurbano\/fallecen-dos-olavarrienses-en-un-accidente-sobre-ruta-86\/\",\"url\":\"https:\/\/experienciadevida.com.ar\/portalurbano\/fallecen-dos-olavarrienses-en-un-accidente-sobre-ruta-86\/\",\"name\":\"Fallecen dos Olavarrienses en un accidente sobre ruta 86 -\",\"isPartOf\":{\"@id\":\"https:\/\/experienciadevida.com.ar\/portalurbano\/#website\"},\"datePublished\":\"2022-02-21T12:56:51+00:00\",\"dateModified\":\"2022-02-21T12:56:52+00:00\",\"breadcrumb\":{\"@id\":\"https:\/\/experienciadevida.com.ar\/portalurbano\/fallecen-dos-olavarrienses-en-un-accidente-sobre-ruta-86\/#breadcrumb\"},\"inLanguage\":\"es\",\"potentialAction\":[{\"@type\":\"ReadAction\",\"target\":[\"https:\/\/experienciadevida.com.ar\/portalurbano\/fallecen-dos-olavarrienses-en-un-accidente-sobre-ruta-86\/\"]}]},{\"@type\":\"BreadcrumbList\",\"@id\":\"https:\/\/experienciadevida.com.ar\/portalurbano\/fallecen-dos-olavarrienses-en-un-accidente-sobre-ruta-86\/#breadcrumb\",\"itemListElement\":[{\"@type\":\"ListItem\",\"position\":1,\"name\":\"Portada\",\"item\":\"https:\/\/experienciadevida.com.ar\/portalurbano\/\"},{\"@type\":\"ListItem\",\"position\":2,\"name\":\"Fallecen dos Olavarrienses en un accidente sobre ruta 86\"}]},{\"@type\":\"WebSite\",\"@id\":\"https:\/\/experienciadevida.com.ar\/portalurbano\/#website\",\"url\":\"https:\/\/experienciadevida.com.ar\/portalurbano\/\",\"name\":\"\",\"description\":\"\",\"publisher\":{\"@id\":\"https:\/\/experienciadevida.com.ar\/portalurbano\/#organization\"},\"potentialAction\":[{\"@type\":\"SearchAction\",\"target\":{\"@type\":\"EntryPoint\",\"urlTemplate\":\"https:\/\/experienciadevida.com.ar\/portalurbano\/?s={search_term_string}\"},\"query-input\":\"required name=search_term_string\"}],\"inLanguage\":\"es\"},{\"@type\":\"Organization\",\"@id\":\"https:\/\/experienciadevida.com.ar\/portalurbano\/#organization\",\"name\":\"Portal Urbano\",\"url\":\"https:\/\/experienciadevida.com.ar\/portalurbano\/\",\"logo\":{\"@type\":\"ImageObject\",\"inLanguage\":\"es\",\"@id\":\"https:\/\/experienciadevida.com.ar\/portalurbano\/#\/schema\/logo\/image\/\",\"url\":\"https:\/\/experienciadevida.com.ar\/portalurbano\/wp-content\/uploads\/2019\/09\/Logo-Original.png\",\"contentUrl\":\"https:\/\/experienciadevida.com.ar\/portalurbano\/wp-content\/uploads\/2019\/09\/Logo-Original.png\",\"width\":2236,\"height\":1216,\"caption\":\"Portal Urbano\"},\"image\":{\"@id\":\"https:\/\/experienciadevida.com.ar\/portalurbano\/#\/schema\/logo\/image\/\"},\"sameAs\":[\"https:\/\/www.facebook.com\/Portal-Urbano-171542830093757\/\",\"https:\/\/twitter.com\/portalurbanook\",\"https:\/\/www.instagram.com\/_portalurbano\/\",\"https:\/\/www.youtube.com\/channel\/UCXhagIfszH8KxFiOok79zbA?view_as=subscriber\"]},{\"@type\":\"Person\",\"@id\":\"https:\/\/experienciadevida.com.ar\/portalurbano\/#\/schema\/person\/02dd326b1c4b056e9cc972486934a3a7\",\"name\":\"admpu17wp\",\"image\":{\"@type\":\"ImageObject\",\"inLanguage\":\"es\",\"@id\":\"https:\/\/experienciadevida.com.ar\/portalurbano\/#\/schema\/person\/image\/\",\"url\":\"https:\/\/secure.gravatar.com\/avatar\/830d4c57adaae6630765e449a6908047?s=96&d=mm&r=g\",\"contentUrl\":\"https:\/\/secure.gravatar.com\/avatar\/830d4c57adaae6630765e449a6908047?s=96&d=mm&r=g\",\"caption\":\"admpu17wp\"}}]}<\/script>\n<!-- \/ Yoast SEO plugin. -->","yoast_head_json":{"title":"Fallecen dos Olavarrienses en un accidente sobre ruta 86 -","robots":{"index":"index","follow":"follow","max-snippet":"max-snippet:-1","max-image-preview":"max-image-preview:large","max-video-preview":"max-video-preview:-1"},"canonical":"https:\/\/experienciadevida.com.ar\/portalurbano\/fallecen-dos-olavarrienses-en-un-accidente-sobre-ruta-86\/","og_locale":"es_ES","og_type":"article","og_title":"Fallecen dos Olavarrienses en un accidente sobre ruta 86 -","og_description":"Un grave accidente ocurri\u00f3 en Ruta 86 aproximadamente a la hora 20 de este domingo...","og_url":"https:\/\/experienciadevida.com.ar\/portalurbano\/fallecen-dos-olavarrienses-en-un-accidente-sobre-ruta-86\/","article_publisher":"https:\/\/www.facebook.com\/Portal-Urbano-171542830093757\/","article_published_time":"2022-02-21T12:56:51+00:00","article_modified_time":"2022-02-21T12:56:52+00:00","og_image":[{"width":800,"height":450,"url":"https:\/\/experienciadevida.com.ar\/portalurbano\/wp-content\/uploads\/2022\/02\/1645417283si5.jpg-e1645447491716.jpeg","type":"image\/jpeg"}],"author":"admpu17wp","twitter_card":"summary_large_image","twitter_creator":"@portalurbanook","twitter_site":"@portalurbanook","twitter_misc":{"Escrito por":"admpu17wp","Tiempo de lectura":"2 minutos"},"schema":{"@context":"https:\/\/schema.org","@graph":[{"@type":"Article","@id":"https:\/\/experienciadevida.com.ar\/portalurbano\/fallecen-dos-olavarrienses-en-un-accidente-sobre-ruta-86\/#article","isPartOf":{"@id":"https:\/\/experienciadevida.com.ar\/portalurbano\/fallecen-dos-olavarrienses-en-un-accidente-sobre-ruta-86\/"},"author":{"name":"admpu17wp","@id":"https:\/\/experienciadevida.com.ar\/portalurbano\/#\/schema\/person\/02dd326b1c4b056e9cc972486934a3a7"},"headline":"Fallecen dos Olavarrienses en un accidente sobre ruta 86","datePublished":"2022-02-21T12:56:51+00:00","dateModified":"2022-02-21T12:56:52+00:00","mainEntityOfPage":{"@id":"https:\/\/experienciadevida.com.ar\/portalurbano\/fallecen-dos-olavarrienses-en-un-accidente-sobre-ruta-86\/"},"wordCount":205,"publisher":{"@id":"https:\/\/experienciadevida.com.ar\/portalurbano\/#organization"},"articleSection":["Ciudad","Destacadas 2"],"inLanguage":"es"},{"@type":"WebPage","@id":"https:\/\/experienciadevida.com.ar\/portalurbano\/fallecen-dos-olavarrienses-en-un-accidente-sobre-ruta-86\/","url":"https:\/\/experienciadevida.com.ar\/portalurbano\/fallecen-dos-olavarrienses-en-un-accidente-sobre-ruta-86\/","name":"Fallecen dos Olavarrienses en un accidente sobre ruta 86 -","isPartOf":{"@id":"https:\/\/experienciadevida.com.ar\/portalurbano\/#website"},"datePublished":"2022-02-21T12:56:51+00:00","dateModified":"2022-02-21T12:56:52+00:00","breadcrumb":{"@id":"https:\/\/experienciadevida.com.ar\/portalurbano\/fallecen-dos-olavarrienses-en-un-accidente-sobre-ruta-86\/#breadcrumb"},"inLanguage":"es","potentialAction":[{"@type":"ReadAction","target":["https:\/\/experienciadevida.com.ar\/portalurbano\/fallecen-dos-olavarrienses-en-un-accidente-sobre-ruta-86\/"]}]},{"@type":"BreadcrumbList","@id":"https:\/\/experienciadevida.com.ar\/portalurbano\/fallecen-dos-olavarrienses-en-un-accidente-sobre-ruta-86\/#breadcrumb","itemListElement":[{"@type":"ListItem","position":1,"name":"Portada","item":"https:\/\/experienciadevida.com.ar\/portalurbano\/"},{"@type":"ListItem","position":2,"name":"Fallecen dos Olavarrienses en un accidente sobre ruta 86"}]},{"@type":"WebSite","@id":"https:\/\/experienciadevida.com.ar\/portalurbano\/#website","url":"https:\/\/experienciadevida.com.ar\/portalurbano\/","name":"","description":"","publisher":{"@id":"https:\/\/experienciadevida.com.ar\/portalurbano\/#organization"},"potentialAction":[{"@type":"SearchAction","target":{"@type":"EntryPoint","urlTemplate":"https:\/\/experienciadevida.com.ar\/portalurbano\/?s={search_term_string}"},"query-input":"required name=search_term_string"}],"inLanguage":"es"},{"@type":"Organization","@id":"https:\/\/experienciadevida.com.ar\/portalurbano\/#organization","name":"Portal Urbano","url":"https:\/\/experienciadevida.com.ar\/portalurbano\/","logo":{"@type":"ImageObject","inLanguage":"es","@id":"https:\/\/experienciadevida.com.ar\/portalurbano\/#\/schema\/logo\/image\/","url":"https:\/\/experienciadevida.com.ar\/portalurbano\/wp-content\/uploads\/2019\/09\/Logo-Original.png","contentUrl":"https:\/\/experienciadevida.com.ar\/portalurbano\/wp-content\/uploads\/2019\/09\/Logo-Original.png","width":2236,"height":1216,"caption":"Portal Urbano"},"image":{"@id":"https:\/\/experienciadevida.com.ar\/portalurbano\/#\/schema\/logo\/image\/"},"sameAs":["https:\/\/www.facebook.com\/Portal-Urbano-171542830093757\/","https:\/\/twitter.com\/portalurbanook","https:\/\/www.instagram.com\/_portalurbano\/","https:\/\/www.youtube.com\/channel\/UCXhagIfszH8KxFiOok79zbA?view_as=subscriber"]},{"@type":"Person","@id":"https:\/\/experienciadevida.com.ar\/portalurbano\/#\/schema\/person\/02dd326b1c4b056e9cc972486934a3a7","name":"admpu17wp","image":{"@type":"ImageObject","inLanguage":"es","@id":"https:\/\/experienciadevida.com.ar\/portalurbano\/#\/schema\/person\/image\/","url":"https:\/\/secure.gravatar.com\/avatar\/830d4c57adaae6630765e449a6908047?s=96&d=mm&r=g","contentUrl":"https:\/\/secure.gravatar.com\/avatar\/830d4c57adaae6630765e449a6908047?s=96&d=mm&r=g","caption":"admpu17wp"}}]}},"featured_image_urls":{"full":["https:\/\/experienciadevida.com.ar\/portalurbano\/wp-content\/uploads\/2022\/02\/1645417283si5.jpg-e1645447491716.jpeg",800,450,false],"thumbnail":["https:\/\/experienciadevida.com.ar\/portalurbano\/wp-content\/uploads\/2022\/02\/1645417283si5.jpg-150x150.jpeg",150,150,true],"medium":["https:\/\/experienciadevida.com.ar\/portalurbano\/wp-content\/uploads\/2022\/02\/1645417283si5.jpg-300x169.jpeg",300,169,true],"medium_large":["https:\/\/experienciadevida.com.ar\/portalurbano\/wp-content\/uploads\/2022\/02\/1645417283si5.jpg-768x432.jpeg",640,360,true],"large":["https:\/\/experienciadevida.com.ar\/portalurbano\/wp-content\/uploads\/2022\/02\/1645417283si5.jpg-e1645447491716.jpeg",640,360,false],"ug_big":["https:\/\/experienciadevida.com.ar\/portalurbano\/wp-content\/uploads\/2022\/02\/1645417283si5.jpg-768x432.jpeg",768,432,true],"1536x1536":["https:\/\/experienciadevida.com.ar\/portalurbano\/wp-content\/uploads\/2022\/02\/1645417283si5.jpg-e1645447491716.jpeg",800,450,false],"2048x2048":["https:\/\/experienciadevida.com.ar\/portalurbano\/wp-content\/uploads\/2022\/02\/1645417283si5.jpg-e1645447491716.jpeg",800,450,false],"newsever-slider-full":["https:\/\/experienciadevida.com.ar\/portalurbano\/wp-content\/uploads\/2022\/02\/1645417283si5.jpg-e1645447491716.jpeg",800,450,false],"newsever-featured":["https:\/\/experienciadevida.com.ar\/portalurbano\/wp-content\/uploads\/2022\/02\/1645417283si5.jpg-e1645447491716.jpeg",800,450,false],"newsever-medium":["https:\/\/experienciadevida.com.ar\/portalurbano\/wp-content\/uploads\/2022\/02\/1645417283si5.jpg-e1645447491716.jpeg",720,405,false],"web-stories-poster-portrait":["https:\/\/experienciadevida.com.ar\/portalurbano\/wp-content\/uploads\/2022\/02\/1645417283si5.jpg-e1645447491716.jpeg",640,360,false],"web-stories-publisher-logo":["https:\/\/experienciadevida.com.ar\/portalurbano\/wp-content\/uploads\/2022\/02\/1645417283si5.jpg-e1645447491716.jpeg",96,54,false],"web-stories-thumbnail":["https:\/\/experienciadevida.com.ar\/portalurbano\/wp-content\/uploads\/2022\/02\/1645417283si5.jpg-e1645447491716.jpeg",150,84,false]},"author_info":{"display_name":"admpu17wp","author_link":"https:\/\/experienciadevida.com.ar\/portalurbano\/author\/admpu17wp\/"},"category_info":"<a href=\"https:\/\/experienciadevida.com.ar\/portalurbano\/category\/ciudad\/\" rel=\"category tag\">Ciudad<\/a> <a href=\"https:\/\/experienciadevida.com.ar\/portalurbano\/category\/destacadas-2\/\" rel=\"category tag\">Destacadas 2<\/a>","tag_info":"Destacadas 2","comment_count":"0","amp_enabled":true,"_links":{"self":[{"href":"https:\/\/experienciadevida.com.ar\/portalurbano\/wp-json\/wp\/v2\/posts\/162147"}],"collection":[{"href":"https:\/\/experienciadevida.com.ar\/portalurbano\/wp-json\/wp\/v2\/posts"}],"about":[{"href":"https:\/\/experienciadevida.com.ar\/portalurbano\/wp-json\/wp\/v2\/types\/post"}],"author":[{"embeddable":true,"href":"https:\/\/experienciadevida.com.ar\/portalurbano\/wp-json\/wp\/v2\/users\/1"}],"replies":[{"embeddable":true,"href":"https:\/\/experienciadevida.com.ar\/portalurbano\/wp-json\/wp\/v2\/comments?post=162147"}],"version-history":[{"count":7,"href":"https:\/\/experienciadevida.com.ar\/portalurbano\/wp-json\/wp\/v2\/posts\/162147\/revisions"}],"predecessor-version":[{"id":162156,"href":"https:\/\/experienciadevida.com.ar\/portalurbano\/wp-json\/wp\/v2\/posts\/162147\/revisions\/162156"}],"wp:featuredmedia":[{"embeddable":true,"href":"https:\/\/experienciadevida.com.ar\/portalurbano\/wp-json\/wp\/v2\/media\/162149"}],"wp:attachment":[{"href":"https:\/\/experienciadevida.com.ar\/portalurbano\/wp-json\/wp\/v2\/media?parent=162147"}],"wp:term":[{"taxonomy":"category","embeddable":true,"href":"https:\/\/experienciadevida.com.ar\/portalurbano\/wp-json\/wp\/v2\/categories?post=162147"},{"taxonomy":"post_tag","embeddable":true,"href":"https:\/\/experienciadevida.com.ar\/portalurbano\/wp-json\/wp\/v2\/tags?post=162147"}],"curies":[{"name":"wp","href":"https:\/\/api.w.org\/{rel}","templated":true}]}}