{"id":162116,"date":"2022-02-20T15:55:50","date_gmt":"2022-02-20T18:55:50","guid":{"rendered":"https:\/\/experienciadevida.com.ar\/portalurbano\/?p=162116"},"modified":"2022-02-20T16:00:06","modified_gmt":"2022-02-20T19:00:06","slug":"fuertes-tormentas-en-la-provincia-el-smn-emitio-una-alerta-amarilla","status":"publish","type":"post","link":"https:\/\/experienciadevida.com.ar\/portalurbano\/fuertes-tormentas-en-la-provincia-el-smn-emitio-una-alerta-amarilla\/","title":{"rendered":"Fuertes tormentas en la provincia incluido Olavarr\u00eda: el SMN emiti\u00f3 una alerta amarilla"},"content":{"rendered":"<p>El Servicio Meteorol\u00f3gico Nacional ( SMN) avis\u00f3 sobre \u201cposibles fen\u00f3menos meteorol\u00f3gicos con capacidad de da\u00f1o\u201d para gran parte del territorio bonaerense.<\/p>\n<hr \/>\n<p>Lluvias y fuertes tormentas afectan este domingo a gran parte del territorio de la provincia de Buenos Aires y el <a href=\"https:\/\/www.smn.gob.ar\/\">Servicio Meteorol\u00f3gico Nacional<\/a> (SMN) emiti\u00f3 alertas y avisos para varios distritos del centro y sur bonaerense.<\/p>\n<p>El SMN emiti\u00f3 este domingo una alerta de color \u201camarillo\u201d que abarca a la zona sur, centro y noroeste de la provincia de Buenos Aires. El aviso advierte sobre \u201cposibles fen\u00f3menos meteorol\u00f3gicos con capacidad de da\u00f1o y riesgo de interrupci\u00f3n moment\u00e1nea de actividades cotidianas\u201d.<\/p>\n<div id=\"sm-it-main-container-1645383218723\" class=\"sm-it-main-container\" data-it=\"37732bf0-363b-41c7-954b-43fb65e1c2db\" data-device=\"desktop\" data-index=\"0\">\n<div id=\"sm-alternative-1645383218723\" class=\"sm-alternative\" data-device=\"desktop\" data-it=\"37732bf0-363b-41c7-954b-43fb65e1c2db\">La alerta abarca a distritos del noroeste como Carlos Tejedor, Trenque Lauquen y Peuhaj\u00f3; del sur, como Patagones, Villarino y Tornquist; del centro, como Azul,<em><strong> Olavarr\u00eda<\/strong><\/em> y Tandil; y otros de mar, como Mar Chiquita, Lober\u00eda y Necochea, aunque excluye la zona costera.<\/div>\n<\/div>\n<div class=\"teads-inread sm-screen\">\n<div>\n<div id=\"teads0\" class=\"teads-player\"><\/div>\n<\/div>\n<\/div>\n<p>El SMN tambi\u00e9n emiti\u00f3 para esta tarde \u201cavisos muy a corto plazo\u201d sobre \u201ctormentas fuertes con lluvias intensas, r\u00e1fagas y ocasional ca\u00edda de granizo\u201d para las zonas de Balcarce, General Alvarado y Lober\u00eda; y de Tandil y Benito Ju\u00e1rez.<\/p>\n<p>Para estos municipios el organismo recomend\u00f3 a los vecinos que permanezcan en construcciones cerradas y se mantengan alejados de \u00e1rboles y artefactos el\u00e9ctricos. Tambi\u00e9n pide evitar circular por calles inundadas, no realizar actividades al aire libre y no permanecer en playas, r\u00edos, lagunas o piletas.<\/p>\n","protected":false},"excerpt":{"rendered":"<p>El Servicio Meteorol\u00f3gico Nacional ( SMN) avis\u00f3 sobre \u201cposibles fen\u00f3menos meteorol\u00f3gicos con capacidad de da\u00f1o\u201d&#8230;<\/p>\n","protected":false},"author":1,"featured_media":162117,"comment_status":"closed","ping_status":"closed","sticky":false,"template":"","format":"standard","meta":{"content-type":""},"categories":[27,51],"tags":[],"nelio_content":{"isAutoShareEnabled":false,"autoShareEndMode":"default","automationSources":{"useContentSentences":true,"useSocialTemplates":true,"useCustomSentences":false,"customSentences":[]},"followers":[1],"suggestedReferences":[],"includedReferences":["https:\/\/www.smn.gob.ar\/"],"efiUrl":"","efiAlt":"","highlights":[]},"yoast_head":"<!-- This site is optimized with the Yoast SEO plugin v20.7 - https:\/\/yoast.com\/wordpress\/plugins\/seo\/ -->\n<title>Fuertes tormentas en la provincia: el SMN emiti\u00f3 una alerta amarilla<\/title>\n<meta name=\"description\" content=\"El SMN avis\u00f3 sobre \u201cposibles fen\u00f3menos meteorol\u00f3gicos con capacidad de da\u00f1o\u201d para gran parte del territorio. Lluvias y fuertes tormentas\" \/>\n<meta name=\"robots\" content=\"index, follow, max-snippet:-1, max-image-preview:large, max-video-preview:-1\" \/>\n<link rel=\"canonical\" href=\"https:\/\/experienciadevida.com.ar\/portalurbano\/fuertes-tormentas-en-la-provincia-el-smn-emitio-una-alerta-amarilla\/\" \/>\n<meta property=\"og:locale\" content=\"es_ES\" \/>\n<meta property=\"og:type\" content=\"article\" \/>\n<meta property=\"og:title\" content=\"Fuertes tormentas en la provincia: el SMN emiti\u00f3 una alerta amarilla\" \/>\n<meta property=\"og:description\" content=\"El SMN avis\u00f3 sobre \u201cposibles fen\u00f3menos meteorol\u00f3gicos con capacidad de da\u00f1o\u201d para gran parte del territorio. Lluvias y fuertes tormentas\" \/>\n<meta property=\"og:url\" content=\"https:\/\/experienciadevida.com.ar\/portalurbano\/fuertes-tormentas-en-la-provincia-el-smn-emitio-una-alerta-amarilla\/\" \/>\n<meta property=\"article:publisher\" content=\"https:\/\/www.facebook.com\/Portal-Urbano-171542830093757\/\" \/>\n<meta property=\"article:published_time\" content=\"2022-02-20T18:55:50+00:00\" \/>\n<meta property=\"article:modified_time\" content=\"2022-02-20T19:00:06+00:00\" \/>\n<meta property=\"og:image\" content=\"https:\/\/experienciadevida.com.ar\/portalurbano\/wp-content\/uploads\/2022\/02\/lluvias-Inta-1024x814-1-2-e1645383397349.jpg\" \/>\n\t<meta property=\"og:image:width\" content=\"800\" \/>\n\t<meta property=\"og:image:height\" content=\"636\" \/>\n\t<meta property=\"og:image:type\" content=\"image\/jpeg\" \/>\n<meta name=\"author\" content=\"admpu17wp\" \/>\n<meta name=\"twitter:card\" content=\"summary_large_image\" \/>\n<meta name=\"twitter:creator\" content=\"@portalurbanook\" \/>\n<meta name=\"twitter:site\" content=\"@portalurbanook\" \/>\n<meta name=\"twitter:label1\" content=\"Escrito por\" \/>\n\t<meta name=\"twitter:data1\" content=\"admpu17wp\" \/>\n\t<meta name=\"twitter:label2\" content=\"Tiempo de lectura\" \/>\n\t<meta name=\"twitter:data2\" content=\"2 minutos\" \/>\n<script type=\"application\/ld+json\" class=\"yoast-schema-graph\">{\"@context\":\"https:\/\/schema.org\",\"@graph\":[{\"@type\":\"Article\",\"@id\":\"https:\/\/experienciadevida.com.ar\/portalurbano\/fuertes-tormentas-en-la-provincia-el-smn-emitio-una-alerta-amarilla\/#article\",\"isPartOf\":{\"@id\":\"https:\/\/experienciadevida.com.ar\/portalurbano\/fuertes-tormentas-en-la-provincia-el-smn-emitio-una-alerta-amarilla\/\"},\"author\":{\"name\":\"admpu17wp\",\"@id\":\"https:\/\/experienciadevida.com.ar\/portalurbano\/#\/schema\/person\/02dd326b1c4b056e9cc972486934a3a7\"},\"headline\":\"Fuertes tormentas en la provincia incluido Olavarr\u00eda: el SMN emiti\u00f3 una alerta amarilla\",\"datePublished\":\"2022-02-20T18:55:50+00:00\",\"dateModified\":\"2022-02-20T19:00:06+00:00\",\"mainEntityOfPage\":{\"@id\":\"https:\/\/experienciadevida.com.ar\/portalurbano\/fuertes-tormentas-en-la-provincia-el-smn-emitio-una-alerta-amarilla\/\"},\"wordCount\":261,\"publisher\":{\"@id\":\"https:\/\/experienciadevida.com.ar\/portalurbano\/#organization\"},\"articleSection\":[\"Ciudad\",\"Destacadas\"],\"inLanguage\":\"es\"},{\"@type\":\"WebPage\",\"@id\":\"https:\/\/experienciadevida.com.ar\/portalurbano\/fuertes-tormentas-en-la-provincia-el-smn-emitio-una-alerta-amarilla\/\",\"url\":\"https:\/\/experienciadevida.com.ar\/portalurbano\/fuertes-tormentas-en-la-provincia-el-smn-emitio-una-alerta-amarilla\/\",\"name\":\"Fuertes tormentas en la provincia: el SMN emiti\u00f3 una alerta amarilla\",\"isPartOf\":{\"@id\":\"https:\/\/experienciadevida.com.ar\/portalurbano\/#website\"},\"datePublished\":\"2022-02-20T18:55:50+00:00\",\"dateModified\":\"2022-02-20T19:00:06+00:00\",\"description\":\"El SMN avis\u00f3 sobre \u201cposibles fen\u00f3menos meteorol\u00f3gicos con capacidad de da\u00f1o\u201d para gran parte del territorio. Lluvias y fuertes tormentas\",\"breadcrumb\":{\"@id\":\"https:\/\/experienciadevida.com.ar\/portalurbano\/fuertes-tormentas-en-la-provincia-el-smn-emitio-una-alerta-amarilla\/#breadcrumb\"},\"inLanguage\":\"es\",\"potentialAction\":[{\"@type\":\"ReadAction\",\"target\":[\"https:\/\/experienciadevida.com.ar\/portalurbano\/fuertes-tormentas-en-la-provincia-el-smn-emitio-una-alerta-amarilla\/\"]}]},{\"@type\":\"BreadcrumbList\",\"@id\":\"https:\/\/experienciadevida.com.ar\/portalurbano\/fuertes-tormentas-en-la-provincia-el-smn-emitio-una-alerta-amarilla\/#breadcrumb\",\"itemListElement\":[{\"@type\":\"ListItem\",\"position\":1,\"name\":\"Portada\",\"item\":\"https:\/\/experienciadevida.com.ar\/portalurbano\/\"},{\"@type\":\"ListItem\",\"position\":2,\"name\":\"Fuertes tormentas en la provincia incluido Olavarr\u00eda: el SMN emiti\u00f3 una alerta amarilla\"}]},{\"@type\":\"WebSite\",\"@id\":\"https:\/\/experienciadevida.com.ar\/portalurbano\/#website\",\"url\":\"https:\/\/experienciadevida.com.ar\/portalurbano\/\",\"name\":\"\",\"description\":\"\",\"publisher\":{\"@id\":\"https:\/\/experienciadevida.com.ar\/portalurbano\/#organization\"},\"potentialAction\":[{\"@type\":\"SearchAction\",\"target\":{\"@type\":\"EntryPoint\",\"urlTemplate\":\"https:\/\/experienciadevida.com.ar\/portalurbano\/?s={search_term_string}\"},\"query-input\":\"required name=search_term_string\"}],\"inLanguage\":\"es\"},{\"@type\":\"Organization\",\"@id\":\"https:\/\/experienciadevida.com.ar\/portalurbano\/#organization\",\"name\":\"Portal Urbano\",\"url\":\"https:\/\/experienciadevida.com.ar\/portalurbano\/\",\"logo\":{\"@type\":\"ImageObject\",\"inLanguage\":\"es\",\"@id\":\"https:\/\/experienciadevida.com.ar\/portalurbano\/#\/schema\/logo\/image\/\",\"url\":\"https:\/\/experienciadevida.com.ar\/portalurbano\/wp-content\/uploads\/2019\/09\/Logo-Original.png\",\"contentUrl\":\"https:\/\/experienciadevida.com.ar\/portalurbano\/wp-content\/uploads\/2019\/09\/Logo-Original.png\",\"width\":2236,\"height\":1216,\"caption\":\"Portal Urbano\"},\"image\":{\"@id\":\"https:\/\/experienciadevida.com.ar\/portalurbano\/#\/schema\/logo\/image\/\"},\"sameAs\":[\"https:\/\/www.facebook.com\/Portal-Urbano-171542830093757\/\",\"https:\/\/twitter.com\/portalurbanook\",\"https:\/\/www.instagram.com\/_portalurbano\/\",\"https:\/\/www.youtube.com\/channel\/UCXhagIfszH8KxFiOok79zbA?view_as=subscriber\"]},{\"@type\":\"Person\",\"@id\":\"https:\/\/experienciadevida.com.ar\/portalurbano\/#\/schema\/person\/02dd326b1c4b056e9cc972486934a3a7\",\"name\":\"admpu17wp\",\"image\":{\"@type\":\"ImageObject\",\"inLanguage\":\"es\",\"@id\":\"https:\/\/experienciadevida.com.ar\/portalurbano\/#\/schema\/person\/image\/\",\"url\":\"https:\/\/secure.gravatar.com\/avatar\/830d4c57adaae6630765e449a6908047?s=96&d=mm&r=g\",\"contentUrl\":\"https:\/\/secure.gravatar.com\/avatar\/830d4c57adaae6630765e449a6908047?s=96&d=mm&r=g\",\"caption\":\"admpu17wp\"}}]}<\/script>\n<!-- \/ Yoast SEO plugin. -->","yoast_head_json":{"title":"Fuertes tormentas en la provincia: el SMN emiti\u00f3 una alerta amarilla","description":"El SMN avis\u00f3 sobre \u201cposibles fen\u00f3menos meteorol\u00f3gicos con capacidad de da\u00f1o\u201d para gran parte del territorio. Lluvias y fuertes tormentas","robots":{"index":"index","follow":"follow","max-snippet":"max-snippet:-1","max-image-preview":"max-image-preview:large","max-video-preview":"max-video-preview:-1"},"canonical":"https:\/\/experienciadevida.com.ar\/portalurbano\/fuertes-tormentas-en-la-provincia-el-smn-emitio-una-alerta-amarilla\/","og_locale":"es_ES","og_type":"article","og_title":"Fuertes tormentas en la provincia: el SMN emiti\u00f3 una alerta amarilla","og_description":"El SMN avis\u00f3 sobre \u201cposibles fen\u00f3menos meteorol\u00f3gicos con capacidad de da\u00f1o\u201d para gran parte del territorio. Lluvias y fuertes tormentas","og_url":"https:\/\/experienciadevida.com.ar\/portalurbano\/fuertes-tormentas-en-la-provincia-el-smn-emitio-una-alerta-amarilla\/","article_publisher":"https:\/\/www.facebook.com\/Portal-Urbano-171542830093757\/","article_published_time":"2022-02-20T18:55:50+00:00","article_modified_time":"2022-02-20T19:00:06+00:00","og_image":[{"width":800,"height":636,"url":"https:\/\/experienciadevida.com.ar\/portalurbano\/wp-content\/uploads\/2022\/02\/lluvias-Inta-1024x814-1-2-e1645383397349.jpg","type":"image\/jpeg"}],"author":"admpu17wp","twitter_card":"summary_large_image","twitter_creator":"@portalurbanook","twitter_site":"@portalurbanook","twitter_misc":{"Escrito por":"admpu17wp","Tiempo de lectura":"2 minutos"},"schema":{"@context":"https:\/\/schema.org","@graph":[{"@type":"Article","@id":"https:\/\/experienciadevida.com.ar\/portalurbano\/fuertes-tormentas-en-la-provincia-el-smn-emitio-una-alerta-amarilla\/#article","isPartOf":{"@id":"https:\/\/experienciadevida.com.ar\/portalurbano\/fuertes-tormentas-en-la-provincia-el-smn-emitio-una-alerta-amarilla\/"},"author":{"name":"admpu17wp","@id":"https:\/\/experienciadevida.com.ar\/portalurbano\/#\/schema\/person\/02dd326b1c4b056e9cc972486934a3a7"},"headline":"Fuertes tormentas en la provincia incluido Olavarr\u00eda: el SMN emiti\u00f3 una alerta amarilla","datePublished":"2022-02-20T18:55:50+00:00","dateModified":"2022-02-20T19:00:06+00:00","mainEntityOfPage":{"@id":"https:\/\/experienciadevida.com.ar\/portalurbano\/fuertes-tormentas-en-la-provincia-el-smn-emitio-una-alerta-amarilla\/"},"wordCount":261,"publisher":{"@id":"https:\/\/experienciadevida.com.ar\/portalurbano\/#organization"},"articleSection":["Ciudad","Destacadas"],"inLanguage":"es"},{"@type":"WebPage","@id":"https:\/\/experienciadevida.com.ar\/portalurbano\/fuertes-tormentas-en-la-provincia-el-smn-emitio-una-alerta-amarilla\/","url":"https:\/\/experienciadevida.com.ar\/portalurbano\/fuertes-tormentas-en-la-provincia-el-smn-emitio-una-alerta-amarilla\/","name":"Fuertes tormentas en la provincia: el SMN emiti\u00f3 una alerta amarilla","isPartOf":{"@id":"https:\/\/experienciadevida.com.ar\/portalurbano\/#website"},"datePublished":"2022-02-20T18:55:50+00:00","dateModified":"2022-02-20T19:00:06+00:00","description":"El SMN avis\u00f3 sobre \u201cposibles fen\u00f3menos meteorol\u00f3gicos con capacidad de da\u00f1o\u201d para gran parte del territorio. Lluvias y fuertes tormentas","breadcrumb":{"@id":"https:\/\/experienciadevida.com.ar\/portalurbano\/fuertes-tormentas-en-la-provincia-el-smn-emitio-una-alerta-amarilla\/#breadcrumb"},"inLanguage":"es","potentialAction":[{"@type":"ReadAction","target":["https:\/\/experienciadevida.com.ar\/portalurbano\/fuertes-tormentas-en-la-provincia-el-smn-emitio-una-alerta-amarilla\/"]}]},{"@type":"BreadcrumbList","@id":"https:\/\/experienciadevida.com.ar\/portalurbano\/fuertes-tormentas-en-la-provincia-el-smn-emitio-una-alerta-amarilla\/#breadcrumb","itemListElement":[{"@type":"ListItem","position":1,"name":"Portada","item":"https:\/\/experienciadevida.com.ar\/portalurbano\/"},{"@type":"ListItem","position":2,"name":"Fuertes tormentas en la provincia incluido Olavarr\u00eda: el SMN emiti\u00f3 una alerta amarilla"}]},{"@type":"WebSite","@id":"https:\/\/experienciadevida.com.ar\/portalurbano\/#website","url":"https:\/\/experienciadevida.com.ar\/portalurbano\/","name":"","description":"","publisher":{"@id":"https:\/\/experienciadevida.com.ar\/portalurbano\/#organization"},"potentialAction":[{"@type":"SearchAction","target":{"@type":"EntryPoint","urlTemplate":"https:\/\/experienciadevida.com.ar\/portalurbano\/?s={search_term_string}"},"query-input":"required name=search_term_string"}],"inLanguage":"es"},{"@type":"Organization","@id":"https:\/\/experienciadevida.com.ar\/portalurbano\/#organization","name":"Portal Urbano","url":"https:\/\/experienciadevida.com.ar\/portalurbano\/","logo":{"@type":"ImageObject","inLanguage":"es","@id":"https:\/\/experienciadevida.com.ar\/portalurbano\/#\/schema\/logo\/image\/","url":"https:\/\/experienciadevida.com.ar\/portalurbano\/wp-content\/uploads\/2019\/09\/Logo-Original.png","contentUrl":"https:\/\/experienciadevida.com.ar\/portalurbano\/wp-content\/uploads\/2019\/09\/Logo-Original.png","width":2236,"height":1216,"caption":"Portal Urbano"},"image":{"@id":"https:\/\/experienciadevida.com.ar\/portalurbano\/#\/schema\/logo\/image\/"},"sameAs":["https:\/\/www.facebook.com\/Portal-Urbano-171542830093757\/","https:\/\/twitter.com\/portalurbanook","https:\/\/www.instagram.com\/_portalurbano\/","https:\/\/www.youtube.com\/channel\/UCXhagIfszH8KxFiOok79zbA?view_as=subscriber"]},{"@type":"Person","@id":"https:\/\/experienciadevida.com.ar\/portalurbano\/#\/schema\/person\/02dd326b1c4b056e9cc972486934a3a7","name":"admpu17wp","image":{"@type":"ImageObject","inLanguage":"es","@id":"https:\/\/experienciadevida.com.ar\/portalurbano\/#\/schema\/person\/image\/","url":"https:\/\/secure.gravatar.com\/avatar\/830d4c57adaae6630765e449a6908047?s=96&d=mm&r=g","contentUrl":"https:\/\/secure.gravatar.com\/avatar\/830d4c57adaae6630765e449a6908047?s=96&d=mm&r=g","caption":"admpu17wp"}}]}},"featured_image_urls":{"full":["https:\/\/experienciadevida.com.ar\/portalurbano\/wp-content\/uploads\/2022\/02\/lluvias-Inta-1024x814-1-2-e1645383397349.jpg",800,636,false],"thumbnail":["https:\/\/experienciadevida.com.ar\/portalurbano\/wp-content\/uploads\/2022\/02\/lluvias-Inta-1024x814-1-2-150x150.jpg",150,150,true],"medium":["https:\/\/experienciadevida.com.ar\/portalurbano\/wp-content\/uploads\/2022\/02\/lluvias-Inta-1024x814-1-2-300x238.jpg",300,238,true],"medium_large":["https:\/\/experienciadevida.com.ar\/portalurbano\/wp-content\/uploads\/2022\/02\/lluvias-Inta-1024x814-1-2-768x611.jpg",640,509,true],"large":["https:\/\/experienciadevida.com.ar\/portalurbano\/wp-content\/uploads\/2022\/02\/lluvias-Inta-1024x814-1-2-e1645383397349.jpg",640,509,false],"ug_big":["https:\/\/experienciadevida.com.ar\/portalurbano\/wp-content\/uploads\/2022\/02\/lluvias-Inta-1024x814-1-2-768x611.jpg",768,611,true],"1536x1536":["https:\/\/experienciadevida.com.ar\/portalurbano\/wp-content\/uploads\/2022\/02\/lluvias-Inta-1024x814-1-2-e1645383397349.jpg",800,636,false],"2048x2048":["https:\/\/experienciadevida.com.ar\/portalurbano\/wp-content\/uploads\/2022\/02\/lluvias-Inta-1024x814-1-2-e1645383397349.jpg",800,636,false],"newsever-slider-full":["https:\/\/experienciadevida.com.ar\/portalurbano\/wp-content\/uploads\/2022\/02\/lluvias-Inta-1024x814-1-2-e1645383397349.jpg",800,636,false],"newsever-featured":["https:\/\/experienciadevida.com.ar\/portalurbano\/wp-content\/uploads\/2022\/02\/lluvias-Inta-1024x814-1-2-e1645383397349.jpg",800,636,false],"newsever-medium":["https:\/\/experienciadevida.com.ar\/portalurbano\/wp-content\/uploads\/2022\/02\/lluvias-Inta-1024x814-1-2-e1645383397349.jpg",597,475,false],"web-stories-poster-portrait":["https:\/\/experienciadevida.com.ar\/portalurbano\/wp-content\/uploads\/2022\/02\/lluvias-Inta-1024x814-1-2-e1645383397349.jpg",640,509,false],"web-stories-publisher-logo":["https:\/\/experienciadevida.com.ar\/portalurbano\/wp-content\/uploads\/2022\/02\/lluvias-Inta-1024x814-1-2-e1645383397349.jpg",96,76,false],"web-stories-thumbnail":["https:\/\/experienciadevida.com.ar\/portalurbano\/wp-content\/uploads\/2022\/02\/lluvias-Inta-1024x814-1-2-e1645383397349.jpg",150,119,false]},"author_info":{"display_name":"admpu17wp","author_link":"https:\/\/experienciadevida.com.ar\/portalurbano\/author\/admpu17wp\/"},"category_info":"<a href=\"https:\/\/experienciadevida.com.ar\/portalurbano\/category\/ciudad\/\" rel=\"category tag\">Ciudad<\/a> <a href=\"https:\/\/experienciadevida.com.ar\/portalurbano\/category\/destacadas\/\" rel=\"category tag\">Destacadas<\/a>","tag_info":"Destacadas","comment_count":"0","amp_enabled":true,"_links":{"self":[{"href":"https:\/\/experienciadevida.com.ar\/portalurbano\/wp-json\/wp\/v2\/posts\/162116"}],"collection":[{"href":"https:\/\/experienciadevida.com.ar\/portalurbano\/wp-json\/wp\/v2\/posts"}],"about":[{"href":"https:\/\/experienciadevida.com.ar\/portalurbano\/wp-json\/wp\/v2\/types\/post"}],"author":[{"embeddable":true,"href":"https:\/\/experienciadevida.com.ar\/portalurbano\/wp-json\/wp\/v2\/users\/1"}],"replies":[{"embeddable":true,"href":"https:\/\/experienciadevida.com.ar\/portalurbano\/wp-json\/wp\/v2\/comments?post=162116"}],"version-history":[{"count":4,"href":"https:\/\/experienciadevida.com.ar\/portalurbano\/wp-json\/wp\/v2\/posts\/162116\/revisions"}],"predecessor-version":[{"id":162121,"href":"https:\/\/experienciadevida.com.ar\/portalurbano\/wp-json\/wp\/v2\/posts\/162116\/revisions\/162121"}],"wp:featuredmedia":[{"embeddable":true,"href":"https:\/\/experienciadevida.com.ar\/portalurbano\/wp-json\/wp\/v2\/media\/162117"}],"wp:attachment":[{"href":"https:\/\/experienciadevida.com.ar\/portalurbano\/wp-json\/wp\/v2\/media?parent=162116"}],"wp:term":[{"taxonomy":"category","embeddable":true,"href":"https:\/\/experienciadevida.com.ar\/portalurbano\/wp-json\/wp\/v2\/categories?post=162116"},{"taxonomy":"post_tag","embeddable":true,"href":"https:\/\/experienciadevida.com.ar\/portalurbano\/wp-json\/wp\/v2\/tags?post=162116"}],"curies":[{"name":"wp","href":"https:\/\/api.w.org\/{rel}","templated":true}]}}