{"id":162106,"date":"2022-02-20T11:36:17","date_gmt":"2022-02-20T14:36:17","guid":{"rendered":"https:\/\/experienciadevida.com.ar\/portalurbano\/?p=162106"},"modified":"2022-02-20T11:38:14","modified_gmt":"2022-02-20T14:38:14","slug":"fines-2022-habra-inscripciones-en-barrios-localidades-y-centros-de-jubilados","status":"publish","type":"post","link":"https:\/\/experienciadevida.com.ar\/portalurbano\/fines-2022-habra-inscripciones-en-barrios-localidades-y-centros-de-jubilados\/","title":{"rendered":"Fines 2022: habr\u00e1 inscripciones en barrios, localidades y centros de jubilados"},"content":{"rendered":"<p>Fines 2022: habr\u00e1 inscripciones en barrios, localidades y centros de jubilados, desde el pr\u00f3ximo lunes 21 se realizar\u00e1 un circuito de inscripciones al Programa FinEs (Finalizaci\u00f3n de Estudios Secundarios) en diferentes puntos de la ciudad, en las localidades, Centros de Jubilados y en la delegaci\u00f3n de PAMI.<\/p>\n<p>El objetivo ser\u00e1 acercar el ingreso a la modalidad de adultos para quienes est\u00e9n interesados en concluir a\u00f1os o materias pendientes.<\/p>\n<p>Comenzar\u00e1 en la EES N\u00b013 del barrio Villa Aurora, el lunes desde las 16 hs; el martes habr\u00e1 un punto de inscripci\u00f3n en la Plaza La Tecla de Sierra Chica desde las 18 hs; el mi\u00e9rcoles 23 se recepcionar\u00e1 documentaci\u00f3n en el Club El Provincial (Belgrano y Tacuar\u00ed) iniciando a las 18 hs; el jueves las inscripciones se trasladar\u00e1n hasta la Plaza Libertad del barrio Luj\u00e1n, a partir de las 18 hs; y finalizar\u00e1 el viernes 25 en el Paseo Jes\u00fas Mend\u00eda desde las 18 hs.<\/p>\n<p>En el caso de jubilados, jubiladas, pensionados y pensionadas de PAMI podr\u00e1n obtener informaci\u00f3n en la delegaci\u00f3n local ubicada en Dorrego 2635 en horario de atenci\u00f3n al p\u00fablico de 8 a 14 hs. Mientras que los adultos mayores de Hinojo podr\u00e1n acercar la documentaci\u00f3n a la sede del centro de jubilados sito en Av. Crotto 1863 los d\u00edas lunes, mi\u00e9rcoles y viernes de 8 a 11 hs.<\/p>\n<p>Ante cualquier duda o inscripciones podr\u00e1n dirigirse a la sede local ubicada en R. S. Pe\u00f1a y Av. Brown (acceso por Brown) lunes y mi\u00e9rcoles de 18 a 21 hs. En todos los casos deber\u00e1n presentar en folio A4 fotocopia de partida de nacimiento, fotocopia de DNI y certificaci\u00f3n de estudios previos o fotocopia de anal\u00edtico parcial.<\/p>\n<p>Adem\u00e1s, se solicita a quienes realizaron la inscripci\u00f3n a trav\u00e9s del link https:\/\/www.argentina.gob.ar\/educacion\/fines\/terminar-primaria-secundaria del Ministerio de Educaci\u00f3n de la Naci\u00f3n que, para acceder definitivamente a la cursada de las modalidades tanto de Trayecto como Deudores, se deber\u00e1 presentar indefectiblemente toda la documentaci\u00f3n obligatoria.<\/p>\n<p>De esa manera el o la estudiante tendr\u00e1 un ingreso definitivo al a\u00f1o y comisi\u00f3n correspondiente y un legajo personalizado que acompa\u00f1ar\u00e1 su recorrido educativo.<\/p>\n<p>El Programa FinEs posibilita a mayores de 18 a\u00f1os a finalizar sus estudios secundarios o rendir materias adeudadas de otras instituciones en forma semipresencial, en la sede m\u00e1s cercana a su domicilio y en horarios pre acordados. Adem\u00e1s, FinEs posee la compatibilidad de inscripci\u00f3n con las Becas Progresar que coordina Anses, de tal forma que se pueda acceder al cobro de una ayuda econ\u00f3mica mientras se lleva adelante la cursada.<\/p>\n","protected":false},"excerpt":{"rendered":"<p>Fines 2022: habr\u00e1 inscripciones en barrios, localidades y centros de jubilados, desde el pr\u00f3ximo lunes&#8230;<\/p>\n","protected":false},"author":1,"featured_media":162107,"comment_status":"closed","ping_status":"closed","sticky":false,"template":"","format":"standard","meta":{"content-type":""},"categories":[27,64],"tags":[],"nelio_content":{"isAutoShareEnabled":false,"autoShareEndMode":"default","automationSources":{"useContentSentences":true,"useSocialTemplates":true,"useCustomSentences":false,"customSentences":[]},"followers":[1],"suggestedReferences":[],"includedReferences":[],"efiUrl":"","efiAlt":"","highlights":[]},"yoast_head":"<!-- This site is optimized with the Yoast SEO plugin v20.7 - https:\/\/yoast.com\/wordpress\/plugins\/seo\/ -->\n<title>Fines 2022: Habr\u00e1 inscripciones en barrios, localidades y centros<\/title>\n<meta name=\"description\" content=\"Fines 2022: habr\u00e1 inscripciones en barrios, localidades y centros de jubilados, desde el pr\u00f3ximo lunes 21 se har\u00e1 un circuito\" \/>\n<meta name=\"robots\" content=\"index, follow, max-snippet:-1, max-image-preview:large, max-video-preview:-1\" \/>\n<link rel=\"canonical\" href=\"https:\/\/experienciadevida.com.ar\/portalurbano\/fines-2022-habra-inscripciones-en-barrios-localidades-y-centros-de-jubilados\/\" \/>\n<meta property=\"og:locale\" content=\"es_ES\" \/>\n<meta property=\"og:type\" content=\"article\" \/>\n<meta property=\"og:title\" content=\"Fines 2022: Habr\u00e1 inscripciones en barrios, localidades y centros\" \/>\n<meta property=\"og:description\" content=\"Fines 2022: habr\u00e1 inscripciones en barrios, localidades y centros de jubilados, desde el pr\u00f3ximo lunes 21 se har\u00e1 un circuito\" \/>\n<meta property=\"og:url\" content=\"https:\/\/experienciadevida.com.ar\/portalurbano\/fines-2022-habra-inscripciones-en-barrios-localidades-y-centros-de-jubilados\/\" \/>\n<meta property=\"article:publisher\" content=\"https:\/\/www.facebook.com\/Portal-Urbano-171542830093757\/\" \/>\n<meta property=\"article:published_time\" content=\"2022-02-20T14:36:17+00:00\" \/>\n<meta property=\"article:modified_time\" content=\"2022-02-20T14:38:14+00:00\" \/>\n<meta property=\"og:image\" content=\"https:\/\/experienciadevida.com.ar\/portalurbano\/wp-content\/uploads\/2022\/02\/Fines-2022.jpg\" \/>\n\t<meta property=\"og:image:width\" content=\"720\" \/>\n\t<meta property=\"og:image:height\" content=\"439\" \/>\n\t<meta property=\"og:image:type\" content=\"image\/jpeg\" \/>\n<meta name=\"author\" content=\"admpu17wp\" \/>\n<meta name=\"twitter:card\" content=\"summary_large_image\" \/>\n<meta name=\"twitter:creator\" content=\"@portalurbanook\" \/>\n<meta name=\"twitter:site\" content=\"@portalurbanook\" \/>\n<meta name=\"twitter:label1\" content=\"Escrito por\" \/>\n\t<meta name=\"twitter:data1\" content=\"admpu17wp\" \/>\n\t<meta name=\"twitter:label2\" content=\"Tiempo de lectura\" \/>\n\t<meta name=\"twitter:data2\" content=\"2 minutos\" \/>\n<script type=\"application\/ld+json\" class=\"yoast-schema-graph\">{\"@context\":\"https:\/\/schema.org\",\"@graph\":[{\"@type\":\"Article\",\"@id\":\"https:\/\/experienciadevida.com.ar\/portalurbano\/fines-2022-habra-inscripciones-en-barrios-localidades-y-centros-de-jubilados\/#article\",\"isPartOf\":{\"@id\":\"https:\/\/experienciadevida.com.ar\/portalurbano\/fines-2022-habra-inscripciones-en-barrios-localidades-y-centros-de-jubilados\/\"},\"author\":{\"name\":\"admpu17wp\",\"@id\":\"https:\/\/experienciadevida.com.ar\/portalurbano\/#\/schema\/person\/02dd326b1c4b056e9cc972486934a3a7\"},\"headline\":\"Fines 2022: habr\u00e1 inscripciones en barrios, localidades y centros de jubilados\",\"datePublished\":\"2022-02-20T14:36:17+00:00\",\"dateModified\":\"2022-02-20T14:38:14+00:00\",\"mainEntityOfPage\":{\"@id\":\"https:\/\/experienciadevida.com.ar\/portalurbano\/fines-2022-habra-inscripciones-en-barrios-localidades-y-centros-de-jubilados\/\"},\"wordCount\":456,\"publisher\":{\"@id\":\"https:\/\/experienciadevida.com.ar\/portalurbano\/#organization\"},\"articleSection\":[\"Ciudad\",\"Destacadas 2\"],\"inLanguage\":\"es\"},{\"@type\":\"WebPage\",\"@id\":\"https:\/\/experienciadevida.com.ar\/portalurbano\/fines-2022-habra-inscripciones-en-barrios-localidades-y-centros-de-jubilados\/\",\"url\":\"https:\/\/experienciadevida.com.ar\/portalurbano\/fines-2022-habra-inscripciones-en-barrios-localidades-y-centros-de-jubilados\/\",\"name\":\"Fines 2022: Habr\u00e1 inscripciones en barrios, localidades y centros\",\"isPartOf\":{\"@id\":\"https:\/\/experienciadevida.com.ar\/portalurbano\/#website\"},\"datePublished\":\"2022-02-20T14:36:17+00:00\",\"dateModified\":\"2022-02-20T14:38:14+00:00\",\"description\":\"Fines 2022: habr\u00e1 inscripciones en barrios, localidades y centros de jubilados, desde el pr\u00f3ximo lunes 21 se har\u00e1 un circuito\",\"breadcrumb\":{\"@id\":\"https:\/\/experienciadevida.com.ar\/portalurbano\/fines-2022-habra-inscripciones-en-barrios-localidades-y-centros-de-jubilados\/#breadcrumb\"},\"inLanguage\":\"es\",\"potentialAction\":[{\"@type\":\"ReadAction\",\"target\":[\"https:\/\/experienciadevida.com.ar\/portalurbano\/fines-2022-habra-inscripciones-en-barrios-localidades-y-centros-de-jubilados\/\"]}]},{\"@type\":\"BreadcrumbList\",\"@id\":\"https:\/\/experienciadevida.com.ar\/portalurbano\/fines-2022-habra-inscripciones-en-barrios-localidades-y-centros-de-jubilados\/#breadcrumb\",\"itemListElement\":[{\"@type\":\"ListItem\",\"position\":1,\"name\":\"Portada\",\"item\":\"https:\/\/experienciadevida.com.ar\/portalurbano\/\"},{\"@type\":\"ListItem\",\"position\":2,\"name\":\"Fines 2022: habr\u00e1 inscripciones en barrios, localidades y centros de jubilados\"}]},{\"@type\":\"WebSite\",\"@id\":\"https:\/\/experienciadevida.com.ar\/portalurbano\/#website\",\"url\":\"https:\/\/experienciadevida.com.ar\/portalurbano\/\",\"name\":\"\",\"description\":\"\",\"publisher\":{\"@id\":\"https:\/\/experienciadevida.com.ar\/portalurbano\/#organization\"},\"potentialAction\":[{\"@type\":\"SearchAction\",\"target\":{\"@type\":\"EntryPoint\",\"urlTemplate\":\"https:\/\/experienciadevida.com.ar\/portalurbano\/?s={search_term_string}\"},\"query-input\":\"required name=search_term_string\"}],\"inLanguage\":\"es\"},{\"@type\":\"Organization\",\"@id\":\"https:\/\/experienciadevida.com.ar\/portalurbano\/#organization\",\"name\":\"Portal Urbano\",\"url\":\"https:\/\/experienciadevida.com.ar\/portalurbano\/\",\"logo\":{\"@type\":\"ImageObject\",\"inLanguage\":\"es\",\"@id\":\"https:\/\/experienciadevida.com.ar\/portalurbano\/#\/schema\/logo\/image\/\",\"url\":\"https:\/\/experienciadevida.com.ar\/portalurbano\/wp-content\/uploads\/2019\/09\/Logo-Original.png\",\"contentUrl\":\"https:\/\/experienciadevida.com.ar\/portalurbano\/wp-content\/uploads\/2019\/09\/Logo-Original.png\",\"width\":2236,\"height\":1216,\"caption\":\"Portal Urbano\"},\"image\":{\"@id\":\"https:\/\/experienciadevida.com.ar\/portalurbano\/#\/schema\/logo\/image\/\"},\"sameAs\":[\"https:\/\/www.facebook.com\/Portal-Urbano-171542830093757\/\",\"https:\/\/twitter.com\/portalurbanook\",\"https:\/\/www.instagram.com\/_portalurbano\/\",\"https:\/\/www.youtube.com\/channel\/UCXhagIfszH8KxFiOok79zbA?view_as=subscriber\"]},{\"@type\":\"Person\",\"@id\":\"https:\/\/experienciadevida.com.ar\/portalurbano\/#\/schema\/person\/02dd326b1c4b056e9cc972486934a3a7\",\"name\":\"admpu17wp\",\"image\":{\"@type\":\"ImageObject\",\"inLanguage\":\"es\",\"@id\":\"https:\/\/experienciadevida.com.ar\/portalurbano\/#\/schema\/person\/image\/\",\"url\":\"https:\/\/secure.gravatar.com\/avatar\/830d4c57adaae6630765e449a6908047?s=96&d=mm&r=g\",\"contentUrl\":\"https:\/\/secure.gravatar.com\/avatar\/830d4c57adaae6630765e449a6908047?s=96&d=mm&r=g\",\"caption\":\"admpu17wp\"}}]}<\/script>\n<!-- \/ Yoast SEO plugin. -->","yoast_head_json":{"title":"Fines 2022: Habr\u00e1 inscripciones en barrios, localidades y centros","description":"Fines 2022: habr\u00e1 inscripciones en barrios, localidades y centros de jubilados, desde el pr\u00f3ximo lunes 21 se har\u00e1 un circuito","robots":{"index":"index","follow":"follow","max-snippet":"max-snippet:-1","max-image-preview":"max-image-preview:large","max-video-preview":"max-video-preview:-1"},"canonical":"https:\/\/experienciadevida.com.ar\/portalurbano\/fines-2022-habra-inscripciones-en-barrios-localidades-y-centros-de-jubilados\/","og_locale":"es_ES","og_type":"article","og_title":"Fines 2022: Habr\u00e1 inscripciones en barrios, localidades y centros","og_description":"Fines 2022: habr\u00e1 inscripciones en barrios, localidades y centros de jubilados, desde el pr\u00f3ximo lunes 21 se har\u00e1 un circuito","og_url":"https:\/\/experienciadevida.com.ar\/portalurbano\/fines-2022-habra-inscripciones-en-barrios-localidades-y-centros-de-jubilados\/","article_publisher":"https:\/\/www.facebook.com\/Portal-Urbano-171542830093757\/","article_published_time":"2022-02-20T14:36:17+00:00","article_modified_time":"2022-02-20T14:38:14+00:00","og_image":[{"width":720,"height":439,"url":"https:\/\/experienciadevida.com.ar\/portalurbano\/wp-content\/uploads\/2022\/02\/Fines-2022.jpg","type":"image\/jpeg"}],"author":"admpu17wp","twitter_card":"summary_large_image","twitter_creator":"@portalurbanook","twitter_site":"@portalurbanook","twitter_misc":{"Escrito por":"admpu17wp","Tiempo de lectura":"2 minutos"},"schema":{"@context":"https:\/\/schema.org","@graph":[{"@type":"Article","@id":"https:\/\/experienciadevida.com.ar\/portalurbano\/fines-2022-habra-inscripciones-en-barrios-localidades-y-centros-de-jubilados\/#article","isPartOf":{"@id":"https:\/\/experienciadevida.com.ar\/portalurbano\/fines-2022-habra-inscripciones-en-barrios-localidades-y-centros-de-jubilados\/"},"author":{"name":"admpu17wp","@id":"https:\/\/experienciadevida.com.ar\/portalurbano\/#\/schema\/person\/02dd326b1c4b056e9cc972486934a3a7"},"headline":"Fines 2022: habr\u00e1 inscripciones en barrios, localidades y centros de jubilados","datePublished":"2022-02-20T14:36:17+00:00","dateModified":"2022-02-20T14:38:14+00:00","mainEntityOfPage":{"@id":"https:\/\/experienciadevida.com.ar\/portalurbano\/fines-2022-habra-inscripciones-en-barrios-localidades-y-centros-de-jubilados\/"},"wordCount":456,"publisher":{"@id":"https:\/\/experienciadevida.com.ar\/portalurbano\/#organization"},"articleSection":["Ciudad","Destacadas 2"],"inLanguage":"es"},{"@type":"WebPage","@id":"https:\/\/experienciadevida.com.ar\/portalurbano\/fines-2022-habra-inscripciones-en-barrios-localidades-y-centros-de-jubilados\/","url":"https:\/\/experienciadevida.com.ar\/portalurbano\/fines-2022-habra-inscripciones-en-barrios-localidades-y-centros-de-jubilados\/","name":"Fines 2022: Habr\u00e1 inscripciones en barrios, localidades y centros","isPartOf":{"@id":"https:\/\/experienciadevida.com.ar\/portalurbano\/#website"},"datePublished":"2022-02-20T14:36:17+00:00","dateModified":"2022-02-20T14:38:14+00:00","description":"Fines 2022: habr\u00e1 inscripciones en barrios, localidades y centros de jubilados, desde el pr\u00f3ximo lunes 21 se har\u00e1 un circuito","breadcrumb":{"@id":"https:\/\/experienciadevida.com.ar\/portalurbano\/fines-2022-habra-inscripciones-en-barrios-localidades-y-centros-de-jubilados\/#breadcrumb"},"inLanguage":"es","potentialAction":[{"@type":"ReadAction","target":["https:\/\/experienciadevida.com.ar\/portalurbano\/fines-2022-habra-inscripciones-en-barrios-localidades-y-centros-de-jubilados\/"]}]},{"@type":"BreadcrumbList","@id":"https:\/\/experienciadevida.com.ar\/portalurbano\/fines-2022-habra-inscripciones-en-barrios-localidades-y-centros-de-jubilados\/#breadcrumb","itemListElement":[{"@type":"ListItem","position":1,"name":"Portada","item":"https:\/\/experienciadevida.com.ar\/portalurbano\/"},{"@type":"ListItem","position":2,"name":"Fines 2022: habr\u00e1 inscripciones en barrios, localidades y centros de jubilados"}]},{"@type":"WebSite","@id":"https:\/\/experienciadevida.com.ar\/portalurbano\/#website","url":"https:\/\/experienciadevida.com.ar\/portalurbano\/","name":"","description":"","publisher":{"@id":"https:\/\/experienciadevida.com.ar\/portalurbano\/#organization"},"potentialAction":[{"@type":"SearchAction","target":{"@type":"EntryPoint","urlTemplate":"https:\/\/experienciadevida.com.ar\/portalurbano\/?s={search_term_string}"},"query-input":"required name=search_term_string"}],"inLanguage":"es"},{"@type":"Organization","@id":"https:\/\/experienciadevida.com.ar\/portalurbano\/#organization","name":"Portal Urbano","url":"https:\/\/experienciadevida.com.ar\/portalurbano\/","logo":{"@type":"ImageObject","inLanguage":"es","@id":"https:\/\/experienciadevida.com.ar\/portalurbano\/#\/schema\/logo\/image\/","url":"https:\/\/experienciadevida.com.ar\/portalurbano\/wp-content\/uploads\/2019\/09\/Logo-Original.png","contentUrl":"https:\/\/experienciadevida.com.ar\/portalurbano\/wp-content\/uploads\/2019\/09\/Logo-Original.png","width":2236,"height":1216,"caption":"Portal Urbano"},"image":{"@id":"https:\/\/experienciadevida.com.ar\/portalurbano\/#\/schema\/logo\/image\/"},"sameAs":["https:\/\/www.facebook.com\/Portal-Urbano-171542830093757\/","https:\/\/twitter.com\/portalurbanook","https:\/\/www.instagram.com\/_portalurbano\/","https:\/\/www.youtube.com\/channel\/UCXhagIfszH8KxFiOok79zbA?view_as=subscriber"]},{"@type":"Person","@id":"https:\/\/experienciadevida.com.ar\/portalurbano\/#\/schema\/person\/02dd326b1c4b056e9cc972486934a3a7","name":"admpu17wp","image":{"@type":"ImageObject","inLanguage":"es","@id":"https:\/\/experienciadevida.com.ar\/portalurbano\/#\/schema\/person\/image\/","url":"https:\/\/secure.gravatar.com\/avatar\/830d4c57adaae6630765e449a6908047?s=96&d=mm&r=g","contentUrl":"https:\/\/secure.gravatar.com\/avatar\/830d4c57adaae6630765e449a6908047?s=96&d=mm&r=g","caption":"admpu17wp"}}]}},"featured_image_urls":{"full":["https:\/\/experienciadevida.com.ar\/portalurbano\/wp-content\/uploads\/2022\/02\/Fines-2022.jpg",720,439,false],"thumbnail":["https:\/\/experienciadevida.com.ar\/portalurbano\/wp-content\/uploads\/2022\/02\/Fines-2022-150x150.jpg",150,150,true],"medium":["https:\/\/experienciadevida.com.ar\/portalurbano\/wp-content\/uploads\/2022\/02\/Fines-2022-300x183.jpg",300,183,true],"medium_large":["https:\/\/experienciadevida.com.ar\/portalurbano\/wp-content\/uploads\/2022\/02\/Fines-2022.jpg",640,390,false],"large":["https:\/\/experienciadevida.com.ar\/portalurbano\/wp-content\/uploads\/2022\/02\/Fines-2022.jpg",640,390,false],"ug_big":["https:\/\/experienciadevida.com.ar\/portalurbano\/wp-content\/uploads\/2022\/02\/Fines-2022.jpg",720,439,false],"1536x1536":["https:\/\/experienciadevida.com.ar\/portalurbano\/wp-content\/uploads\/2022\/02\/Fines-2022.jpg",720,439,false],"2048x2048":["https:\/\/experienciadevida.com.ar\/portalurbano\/wp-content\/uploads\/2022\/02\/Fines-2022.jpg",720,439,false],"newsever-slider-full":["https:\/\/experienciadevida.com.ar\/portalurbano\/wp-content\/uploads\/2022\/02\/Fines-2022.jpg",720,439,false],"newsever-featured":["https:\/\/experienciadevida.com.ar\/portalurbano\/wp-content\/uploads\/2022\/02\/Fines-2022.jpg",720,439,false],"newsever-medium":["https:\/\/experienciadevida.com.ar\/portalurbano\/wp-content\/uploads\/2022\/02\/Fines-2022.jpg",720,439,false],"web-stories-poster-portrait":["https:\/\/experienciadevida.com.ar\/portalurbano\/wp-content\/uploads\/2022\/02\/Fines-2022.jpg",640,390,false],"web-stories-publisher-logo":["https:\/\/experienciadevida.com.ar\/portalurbano\/wp-content\/uploads\/2022\/02\/Fines-2022.jpg",96,59,false],"web-stories-thumbnail":["https:\/\/experienciadevida.com.ar\/portalurbano\/wp-content\/uploads\/2022\/02\/Fines-2022.jpg",150,91,false]},"author_info":{"display_name":"admpu17wp","author_link":"https:\/\/experienciadevida.com.ar\/portalurbano\/author\/admpu17wp\/"},"category_info":"<a href=\"https:\/\/experienciadevida.com.ar\/portalurbano\/category\/ciudad\/\" rel=\"category tag\">Ciudad<\/a> <a href=\"https:\/\/experienciadevida.com.ar\/portalurbano\/category\/destacadas-2\/\" rel=\"category tag\">Destacadas 2<\/a>","tag_info":"Destacadas 2","comment_count":"0","amp_enabled":true,"_links":{"self":[{"href":"https:\/\/experienciadevida.com.ar\/portalurbano\/wp-json\/wp\/v2\/posts\/162106"}],"collection":[{"href":"https:\/\/experienciadevida.com.ar\/portalurbano\/wp-json\/wp\/v2\/posts"}],"about":[{"href":"https:\/\/experienciadevida.com.ar\/portalurbano\/wp-json\/wp\/v2\/types\/post"}],"author":[{"embeddable":true,"href":"https:\/\/experienciadevida.com.ar\/portalurbano\/wp-json\/wp\/v2\/users\/1"}],"replies":[{"embeddable":true,"href":"https:\/\/experienciadevida.com.ar\/portalurbano\/wp-json\/wp\/v2\/comments?post=162106"}],"version-history":[{"count":1,"href":"https:\/\/experienciadevida.com.ar\/portalurbano\/wp-json\/wp\/v2\/posts\/162106\/revisions"}],"predecessor-version":[{"id":162108,"href":"https:\/\/experienciadevida.com.ar\/portalurbano\/wp-json\/wp\/v2\/posts\/162106\/revisions\/162108"}],"wp:featuredmedia":[{"embeddable":true,"href":"https:\/\/experienciadevida.com.ar\/portalurbano\/wp-json\/wp\/v2\/media\/162107"}],"wp:attachment":[{"href":"https:\/\/experienciadevida.com.ar\/portalurbano\/wp-json\/wp\/v2\/media?parent=162106"}],"wp:term":[{"taxonomy":"category","embeddable":true,"href":"https:\/\/experienciadevida.com.ar\/portalurbano\/wp-json\/wp\/v2\/categories?post=162106"},{"taxonomy":"post_tag","embeddable":true,"href":"https:\/\/experienciadevida.com.ar\/portalurbano\/wp-json\/wp\/v2\/tags?post=162106"}],"curies":[{"name":"wp","href":"https:\/\/api.w.org\/{rel}","templated":true}]}}