{"id":162086,"date":"2022-02-19T18:46:46","date_gmt":"2022-02-19T21:46:46","guid":{"rendered":"https:\/\/experienciadevida.com.ar\/portalurbano\/?p=162086"},"modified":"2022-02-19T18:48:46","modified_gmt":"2022-02-19T21:48:46","slug":"continuamos-trabajando-para-mejorar-la-calidad-del-servicio-electrico-en-nuestra-ciudad","status":"publish","type":"post","link":"https:\/\/experienciadevida.com.ar\/portalurbano\/continuamos-trabajando-para-mejorar-la-calidad-del-servicio-electrico-en-nuestra-ciudad\/","title":{"rendered":"&#8220;Continuamos trabajando para mejorar la calidad del servicio el\u00e9ctrico en nuestra ciudad&#8221;"},"content":{"rendered":"<p>&#8220;Continuamos trabajando para mejorar la calidad del servicio el\u00e9ctrico en nuestra ciudad&#8221;, en el marco del Plan de Obras de Mantenimiento del a\u00f1o 2022, durante el transcurso de la \u00faltima semana se llevaron a cabo diversas interrupciones programadas del Servicio El\u00e9ctrico con la finalidad de realizar tareas de mejora en el sistema.<\/p>\n<p>El domingo 12 de septiembre se interrumpi\u00f3 el suministro entre las 7 y las 11 horas en Colonia San Miguel, zona de Canteras y sector rural La Palmira. El motivo de la misma fue la renovaci\u00f3n de cinco postes correspondientes a<br \/>\nla red de Media Tensi\u00f3n (33 Kv) y el mantenimiento de cuatro seccionadores tripolares mediante tareas de lubricaci\u00f3n y limpieza de contactos. Al mismo tiempo se llev\u00f3 a cabo una poda de seguridad en el sector a los efectos de despejar la l\u00ednea de Media Tensi\u00f3n.<\/p>\n<p>El pasado mi\u00e9rcoles se interrumpi\u00f3 el suministro de 7:00 a 10:30 hs. en dos sectores de Loma Negra comprendidos por las calles Av. 25 de Mayo &#8211; Salta &#8211; Av. Alberdi &#8211; Islas Malvinas y Becker &#8211; Salta &#8211; Av. 25 de Mayo &#8211; Islas<br \/>\nMalvinas. All\u00ed se trabaj\u00f3 en las Subestaciones N\u00b0 213 y 215 realizando tareas de mantenimiento. Las actividades operativas incluyeron el montaje de dos columnas de hormig\u00f3n para mejorar la red de Baja Tensi\u00f3n. Al mismo<br \/>\ntiempo se repararon cables cortados por el roce de las plantas ubicadas en la vereda y se ejecutaron tareas de poda de seguridad en el \u00e1rea. En el caso de la Subestaci\u00f3n 213 se envain\u00f3 y se realiz\u00f3 una reparaci\u00f3n sobre la salida<br \/>\ndel cable subterr\u00e1neo que alimenta los distintos circuitos de distribuci\u00f3n.<\/p>\n<p>Durante la jornada del viernes entre las 7 y las 12 horas se interrumpi\u00f3 el Servicio El\u00e9ctrico en los sectores comprendidos por Av. Per\u00f3n &#8211; Jose Luis Torres &#8211; Calle 147 &#8211; A. Barros y Calle 169 &#8211; Av. Col\u00f3n &#8211; Calle 173 &#8211; Necochea. All\u00ed se renov\u00f3 la Subestaci\u00f3n Transformadora L02. Las tareas consistieron en la repotenciaci\u00f3n de 63 KVA a 160 KVA con la adecuaci\u00f3n de la red de Baja Tensi\u00f3n correspondiente. Ello requiri\u00f3 el cambio del interruptor general, de los cables de alimentaci\u00f3n y la renovaci\u00f3n de los puentes de Media Tensi\u00f3n. Finalmente, se desarrollaron podas de seguridad sobre el sector del Anillo Intermedio de 13,2 kV N\u00b0 3.<\/p>\n<p>Sobre las acciones realizadas, el gerente de Distribuci\u00f3n del Servicio El\u00e9ctrico Claudio N\u00e1poli expres\u00f3, \u201ccomo distribuidora permanentemente trabajamos en las tareas de mantenimiento de nuestro sistema. Cada una de<br \/>\nestas acciones se programan para mejorar la calidad de Servicio que reciben los asociados\u201d.<\/p>\n","protected":false},"excerpt":{"rendered":"<p>&#8220;Continuamos trabajando para mejorar la calidad del servicio el\u00e9ctrico en nuestra ciudad&#8221;, en el marco&#8230;<\/p>\n","protected":false},"author":1,"featured_media":162098,"comment_status":"closed","ping_status":"closed","sticky":false,"template":"","format":"standard","meta":{"content-type":""},"categories":[27,64],"tags":[],"nelio_content":{"isAutoShareEnabled":false,"autoShareEndMode":"default","automationSources":{"useContentSentences":true,"useSocialTemplates":true,"useCustomSentences":false,"customSentences":[]},"followers":[1],"suggestedReferences":[],"includedReferences":[],"efiUrl":"","efiAlt":"","highlights":[]},"yoast_head":"<!-- This site is optimized with the Yoast SEO plugin v20.7 - https:\/\/yoast.com\/wordpress\/plugins\/seo\/ -->\n<title>&quot;Continuamos trabajando para mejorar la calidad del servicio el\u00e9ctrico&quot;<\/title>\n<meta name=\"description\" content=\"&quot;Continuamos trabajando para mejorar la calidad del servicio el\u00e9ctrico en nuestra ciudad&quot;, en el marco del Plan de Obras\" \/>\n<meta name=\"robots\" content=\"index, follow, max-snippet:-1, max-image-preview:large, max-video-preview:-1\" \/>\n<link rel=\"canonical\" href=\"https:\/\/experienciadevida.com.ar\/portalurbano\/continuamos-trabajando-para-mejorar-la-calidad-del-servicio-electrico-en-nuestra-ciudad\/\" \/>\n<meta property=\"og:locale\" content=\"es_ES\" \/>\n<meta property=\"og:type\" content=\"article\" \/>\n<meta property=\"og:title\" content=\"&quot;Continuamos trabajando para mejorar la calidad del servicio el\u00e9ctrico&quot;\" \/>\n<meta property=\"og:description\" content=\"&quot;Continuamos trabajando para mejorar la calidad del servicio el\u00e9ctrico en nuestra ciudad&quot;, en el marco del Plan de Obras\" \/>\n<meta property=\"og:url\" content=\"https:\/\/experienciadevida.com.ar\/portalurbano\/continuamos-trabajando-para-mejorar-la-calidad-del-servicio-electrico-en-nuestra-ciudad\/\" \/>\n<meta property=\"article:publisher\" content=\"https:\/\/www.facebook.com\/Portal-Urbano-171542830093757\/\" \/>\n<meta property=\"article:published_time\" content=\"2022-02-19T21:46:46+00:00\" \/>\n<meta property=\"article:modified_time\" content=\"2022-02-19T21:48:46+00:00\" \/>\n<meta property=\"og:image\" content=\"https:\/\/experienciadevida.com.ar\/portalurbano\/wp-content\/uploads\/2022\/02\/Continuamos-trabajando-para.jpg\" \/>\n\t<meta property=\"og:image:width\" content=\"1024\" \/>\n\t<meta property=\"og:image:height\" content=\"768\" \/>\n\t<meta property=\"og:image:type\" content=\"image\/jpeg\" \/>\n<meta name=\"author\" content=\"admpu17wp\" \/>\n<meta name=\"twitter:card\" content=\"summary_large_image\" \/>\n<meta name=\"twitter:creator\" content=\"@portalurbanook\" \/>\n<meta name=\"twitter:site\" content=\"@portalurbanook\" \/>\n<meta name=\"twitter:label1\" content=\"Escrito por\" \/>\n\t<meta name=\"twitter:data1\" content=\"admpu17wp\" \/>\n\t<meta name=\"twitter:label2\" content=\"Tiempo de lectura\" \/>\n\t<meta name=\"twitter:data2\" content=\"2 minutos\" \/>\n<script type=\"application\/ld+json\" class=\"yoast-schema-graph\">{\"@context\":\"https:\/\/schema.org\",\"@graph\":[{\"@type\":\"Article\",\"@id\":\"https:\/\/experienciadevida.com.ar\/portalurbano\/continuamos-trabajando-para-mejorar-la-calidad-del-servicio-electrico-en-nuestra-ciudad\/#article\",\"isPartOf\":{\"@id\":\"https:\/\/experienciadevida.com.ar\/portalurbano\/continuamos-trabajando-para-mejorar-la-calidad-del-servicio-electrico-en-nuestra-ciudad\/\"},\"author\":{\"name\":\"admpu17wp\",\"@id\":\"https:\/\/experienciadevida.com.ar\/portalurbano\/#\/schema\/person\/02dd326b1c4b056e9cc972486934a3a7\"},\"headline\":\"&#8220;Continuamos trabajando para mejorar la calidad del servicio el\u00e9ctrico en nuestra ciudad&#8221;\",\"datePublished\":\"2022-02-19T21:46:46+00:00\",\"dateModified\":\"2022-02-19T21:48:46+00:00\",\"mainEntityOfPage\":{\"@id\":\"https:\/\/experienciadevida.com.ar\/portalurbano\/continuamos-trabajando-para-mejorar-la-calidad-del-servicio-electrico-en-nuestra-ciudad\/\"},\"wordCount\":447,\"publisher\":{\"@id\":\"https:\/\/experienciadevida.com.ar\/portalurbano\/#organization\"},\"articleSection\":[\"Ciudad\",\"Destacadas 2\"],\"inLanguage\":\"es\"},{\"@type\":\"WebPage\",\"@id\":\"https:\/\/experienciadevida.com.ar\/portalurbano\/continuamos-trabajando-para-mejorar-la-calidad-del-servicio-electrico-en-nuestra-ciudad\/\",\"url\":\"https:\/\/experienciadevida.com.ar\/portalurbano\/continuamos-trabajando-para-mejorar-la-calidad-del-servicio-electrico-en-nuestra-ciudad\/\",\"name\":\"\\\"Continuamos trabajando para mejorar la calidad del servicio el\u00e9ctrico\\\"\",\"isPartOf\":{\"@id\":\"https:\/\/experienciadevida.com.ar\/portalurbano\/#website\"},\"datePublished\":\"2022-02-19T21:46:46+00:00\",\"dateModified\":\"2022-02-19T21:48:46+00:00\",\"description\":\"\\\"Continuamos trabajando para mejorar la calidad del servicio el\u00e9ctrico en nuestra ciudad\\\", en el marco del Plan de Obras\",\"breadcrumb\":{\"@id\":\"https:\/\/experienciadevida.com.ar\/portalurbano\/continuamos-trabajando-para-mejorar-la-calidad-del-servicio-electrico-en-nuestra-ciudad\/#breadcrumb\"},\"inLanguage\":\"es\",\"potentialAction\":[{\"@type\":\"ReadAction\",\"target\":[\"https:\/\/experienciadevida.com.ar\/portalurbano\/continuamos-trabajando-para-mejorar-la-calidad-del-servicio-electrico-en-nuestra-ciudad\/\"]}]},{\"@type\":\"BreadcrumbList\",\"@id\":\"https:\/\/experienciadevida.com.ar\/portalurbano\/continuamos-trabajando-para-mejorar-la-calidad-del-servicio-electrico-en-nuestra-ciudad\/#breadcrumb\",\"itemListElement\":[{\"@type\":\"ListItem\",\"position\":1,\"name\":\"Portada\",\"item\":\"https:\/\/experienciadevida.com.ar\/portalurbano\/\"},{\"@type\":\"ListItem\",\"position\":2,\"name\":\"\u00abContinuamos trabajando para mejorar la calidad del servicio el\u00e9ctrico en nuestra ciudad\u00bb\"}]},{\"@type\":\"WebSite\",\"@id\":\"https:\/\/experienciadevida.com.ar\/portalurbano\/#website\",\"url\":\"https:\/\/experienciadevida.com.ar\/portalurbano\/\",\"name\":\"\",\"description\":\"\",\"publisher\":{\"@id\":\"https:\/\/experienciadevida.com.ar\/portalurbano\/#organization\"},\"potentialAction\":[{\"@type\":\"SearchAction\",\"target\":{\"@type\":\"EntryPoint\",\"urlTemplate\":\"https:\/\/experienciadevida.com.ar\/portalurbano\/?s={search_term_string}\"},\"query-input\":\"required name=search_term_string\"}],\"inLanguage\":\"es\"},{\"@type\":\"Organization\",\"@id\":\"https:\/\/experienciadevida.com.ar\/portalurbano\/#organization\",\"name\":\"Portal Urbano\",\"url\":\"https:\/\/experienciadevida.com.ar\/portalurbano\/\",\"logo\":{\"@type\":\"ImageObject\",\"inLanguage\":\"es\",\"@id\":\"https:\/\/experienciadevida.com.ar\/portalurbano\/#\/schema\/logo\/image\/\",\"url\":\"https:\/\/experienciadevida.com.ar\/portalurbano\/wp-content\/uploads\/2019\/09\/Logo-Original.png\",\"contentUrl\":\"https:\/\/experienciadevida.com.ar\/portalurbano\/wp-content\/uploads\/2019\/09\/Logo-Original.png\",\"width\":2236,\"height\":1216,\"caption\":\"Portal Urbano\"},\"image\":{\"@id\":\"https:\/\/experienciadevida.com.ar\/portalurbano\/#\/schema\/logo\/image\/\"},\"sameAs\":[\"https:\/\/www.facebook.com\/Portal-Urbano-171542830093757\/\",\"https:\/\/twitter.com\/portalurbanook\",\"https:\/\/www.instagram.com\/_portalurbano\/\",\"https:\/\/www.youtube.com\/channel\/UCXhagIfszH8KxFiOok79zbA?view_as=subscriber\"]},{\"@type\":\"Person\",\"@id\":\"https:\/\/experienciadevida.com.ar\/portalurbano\/#\/schema\/person\/02dd326b1c4b056e9cc972486934a3a7\",\"name\":\"admpu17wp\",\"image\":{\"@type\":\"ImageObject\",\"inLanguage\":\"es\",\"@id\":\"https:\/\/experienciadevida.com.ar\/portalurbano\/#\/schema\/person\/image\/\",\"url\":\"https:\/\/secure.gravatar.com\/avatar\/830d4c57adaae6630765e449a6908047?s=96&d=mm&r=g\",\"contentUrl\":\"https:\/\/secure.gravatar.com\/avatar\/830d4c57adaae6630765e449a6908047?s=96&d=mm&r=g\",\"caption\":\"admpu17wp\"}}]}<\/script>\n<!-- \/ Yoast SEO plugin. -->","yoast_head_json":{"title":"\"Continuamos trabajando para mejorar la calidad del servicio el\u00e9ctrico\"","description":"\"Continuamos trabajando para mejorar la calidad del servicio el\u00e9ctrico en nuestra ciudad\", en el marco del Plan de Obras","robots":{"index":"index","follow":"follow","max-snippet":"max-snippet:-1","max-image-preview":"max-image-preview:large","max-video-preview":"max-video-preview:-1"},"canonical":"https:\/\/experienciadevida.com.ar\/portalurbano\/continuamos-trabajando-para-mejorar-la-calidad-del-servicio-electrico-en-nuestra-ciudad\/","og_locale":"es_ES","og_type":"article","og_title":"\"Continuamos trabajando para mejorar la calidad del servicio el\u00e9ctrico\"","og_description":"\"Continuamos trabajando para mejorar la calidad del servicio el\u00e9ctrico en nuestra ciudad\", en el marco del Plan de Obras","og_url":"https:\/\/experienciadevida.com.ar\/portalurbano\/continuamos-trabajando-para-mejorar-la-calidad-del-servicio-electrico-en-nuestra-ciudad\/","article_publisher":"https:\/\/www.facebook.com\/Portal-Urbano-171542830093757\/","article_published_time":"2022-02-19T21:46:46+00:00","article_modified_time":"2022-02-19T21:48:46+00:00","og_image":[{"width":1024,"height":768,"url":"https:\/\/experienciadevida.com.ar\/portalurbano\/wp-content\/uploads\/2022\/02\/Continuamos-trabajando-para.jpg","type":"image\/jpeg"}],"author":"admpu17wp","twitter_card":"summary_large_image","twitter_creator":"@portalurbanook","twitter_site":"@portalurbanook","twitter_misc":{"Escrito por":"admpu17wp","Tiempo de lectura":"2 minutos"},"schema":{"@context":"https:\/\/schema.org","@graph":[{"@type":"Article","@id":"https:\/\/experienciadevida.com.ar\/portalurbano\/continuamos-trabajando-para-mejorar-la-calidad-del-servicio-electrico-en-nuestra-ciudad\/#article","isPartOf":{"@id":"https:\/\/experienciadevida.com.ar\/portalurbano\/continuamos-trabajando-para-mejorar-la-calidad-del-servicio-electrico-en-nuestra-ciudad\/"},"author":{"name":"admpu17wp","@id":"https:\/\/experienciadevida.com.ar\/portalurbano\/#\/schema\/person\/02dd326b1c4b056e9cc972486934a3a7"},"headline":"&#8220;Continuamos trabajando para mejorar la calidad del servicio el\u00e9ctrico en nuestra ciudad&#8221;","datePublished":"2022-02-19T21:46:46+00:00","dateModified":"2022-02-19T21:48:46+00:00","mainEntityOfPage":{"@id":"https:\/\/experienciadevida.com.ar\/portalurbano\/continuamos-trabajando-para-mejorar-la-calidad-del-servicio-electrico-en-nuestra-ciudad\/"},"wordCount":447,"publisher":{"@id":"https:\/\/experienciadevida.com.ar\/portalurbano\/#organization"},"articleSection":["Ciudad","Destacadas 2"],"inLanguage":"es"},{"@type":"WebPage","@id":"https:\/\/experienciadevida.com.ar\/portalurbano\/continuamos-trabajando-para-mejorar-la-calidad-del-servicio-electrico-en-nuestra-ciudad\/","url":"https:\/\/experienciadevida.com.ar\/portalurbano\/continuamos-trabajando-para-mejorar-la-calidad-del-servicio-electrico-en-nuestra-ciudad\/","name":"\"Continuamos trabajando para mejorar la calidad del servicio el\u00e9ctrico\"","isPartOf":{"@id":"https:\/\/experienciadevida.com.ar\/portalurbano\/#website"},"datePublished":"2022-02-19T21:46:46+00:00","dateModified":"2022-02-19T21:48:46+00:00","description":"\"Continuamos trabajando para mejorar la calidad del servicio el\u00e9ctrico en nuestra ciudad\", en el marco del Plan de Obras","breadcrumb":{"@id":"https:\/\/experienciadevida.com.ar\/portalurbano\/continuamos-trabajando-para-mejorar-la-calidad-del-servicio-electrico-en-nuestra-ciudad\/#breadcrumb"},"inLanguage":"es","potentialAction":[{"@type":"ReadAction","target":["https:\/\/experienciadevida.com.ar\/portalurbano\/continuamos-trabajando-para-mejorar-la-calidad-del-servicio-electrico-en-nuestra-ciudad\/"]}]},{"@type":"BreadcrumbList","@id":"https:\/\/experienciadevida.com.ar\/portalurbano\/continuamos-trabajando-para-mejorar-la-calidad-del-servicio-electrico-en-nuestra-ciudad\/#breadcrumb","itemListElement":[{"@type":"ListItem","position":1,"name":"Portada","item":"https:\/\/experienciadevida.com.ar\/portalurbano\/"},{"@type":"ListItem","position":2,"name":"\u00abContinuamos trabajando para mejorar la calidad del servicio el\u00e9ctrico en nuestra ciudad\u00bb"}]},{"@type":"WebSite","@id":"https:\/\/experienciadevida.com.ar\/portalurbano\/#website","url":"https:\/\/experienciadevida.com.ar\/portalurbano\/","name":"","description":"","publisher":{"@id":"https:\/\/experienciadevida.com.ar\/portalurbano\/#organization"},"potentialAction":[{"@type":"SearchAction","target":{"@type":"EntryPoint","urlTemplate":"https:\/\/experienciadevida.com.ar\/portalurbano\/?s={search_term_string}"},"query-input":"required name=search_term_string"}],"inLanguage":"es"},{"@type":"Organization","@id":"https:\/\/experienciadevida.com.ar\/portalurbano\/#organization","name":"Portal Urbano","url":"https:\/\/experienciadevida.com.ar\/portalurbano\/","logo":{"@type":"ImageObject","inLanguage":"es","@id":"https:\/\/experienciadevida.com.ar\/portalurbano\/#\/schema\/logo\/image\/","url":"https:\/\/experienciadevida.com.ar\/portalurbano\/wp-content\/uploads\/2019\/09\/Logo-Original.png","contentUrl":"https:\/\/experienciadevida.com.ar\/portalurbano\/wp-content\/uploads\/2019\/09\/Logo-Original.png","width":2236,"height":1216,"caption":"Portal Urbano"},"image":{"@id":"https:\/\/experienciadevida.com.ar\/portalurbano\/#\/schema\/logo\/image\/"},"sameAs":["https:\/\/www.facebook.com\/Portal-Urbano-171542830093757\/","https:\/\/twitter.com\/portalurbanook","https:\/\/www.instagram.com\/_portalurbano\/","https:\/\/www.youtube.com\/channel\/UCXhagIfszH8KxFiOok79zbA?view_as=subscriber"]},{"@type":"Person","@id":"https:\/\/experienciadevida.com.ar\/portalurbano\/#\/schema\/person\/02dd326b1c4b056e9cc972486934a3a7","name":"admpu17wp","image":{"@type":"ImageObject","inLanguage":"es","@id":"https:\/\/experienciadevida.com.ar\/portalurbano\/#\/schema\/person\/image\/","url":"https:\/\/secure.gravatar.com\/avatar\/830d4c57adaae6630765e449a6908047?s=96&d=mm&r=g","contentUrl":"https:\/\/secure.gravatar.com\/avatar\/830d4c57adaae6630765e449a6908047?s=96&d=mm&r=g","caption":"admpu17wp"}}]}},"featured_image_urls":{"full":["https:\/\/experienciadevida.com.ar\/portalurbano\/wp-content\/uploads\/2022\/02\/Continuamos-trabajando-para.jpg",1024,768,false],"thumbnail":["https:\/\/experienciadevida.com.ar\/portalurbano\/wp-content\/uploads\/2022\/02\/Continuamos-trabajando-para-150x150.jpg",150,150,true],"medium":["https:\/\/experienciadevida.com.ar\/portalurbano\/wp-content\/uploads\/2022\/02\/Continuamos-trabajando-para-300x225.jpg",300,225,true],"medium_large":["https:\/\/experienciadevida.com.ar\/portalurbano\/wp-content\/uploads\/2022\/02\/Continuamos-trabajando-para-768x576.jpg",640,480,true],"large":["https:\/\/experienciadevida.com.ar\/portalurbano\/wp-content\/uploads\/2022\/02\/Continuamos-trabajando-para.jpg",640,480,false],"ug_big":["https:\/\/experienciadevida.com.ar\/portalurbano\/wp-content\/uploads\/2022\/02\/Continuamos-trabajando-para-768x576.jpg",768,576,true],"1536x1536":["https:\/\/experienciadevida.com.ar\/portalurbano\/wp-content\/uploads\/2022\/02\/Continuamos-trabajando-para.jpg",1024,768,false],"2048x2048":["https:\/\/experienciadevida.com.ar\/portalurbano\/wp-content\/uploads\/2022\/02\/Continuamos-trabajando-para.jpg",1024,768,false],"newsever-slider-full":["https:\/\/experienciadevida.com.ar\/portalurbano\/wp-content\/uploads\/2022\/02\/Continuamos-trabajando-para.jpg",1024,768,false],"newsever-featured":["https:\/\/experienciadevida.com.ar\/portalurbano\/wp-content\/uploads\/2022\/02\/Continuamos-trabajando-para.jpg",1024,768,false],"newsever-medium":["https:\/\/experienciadevida.com.ar\/portalurbano\/wp-content\/uploads\/2022\/02\/Continuamos-trabajando-para.jpg",633,475,false],"web-stories-poster-portrait":["https:\/\/experienciadevida.com.ar\/portalurbano\/wp-content\/uploads\/2022\/02\/Continuamos-trabajando-para.jpg",640,480,false],"web-stories-publisher-logo":["https:\/\/experienciadevida.com.ar\/portalurbano\/wp-content\/uploads\/2022\/02\/Continuamos-trabajando-para.jpg",96,72,false],"web-stories-thumbnail":["https:\/\/experienciadevida.com.ar\/portalurbano\/wp-content\/uploads\/2022\/02\/Continuamos-trabajando-para.jpg",150,113,false]},"author_info":{"display_name":"admpu17wp","author_link":"https:\/\/experienciadevida.com.ar\/portalurbano\/author\/admpu17wp\/"},"category_info":"<a href=\"https:\/\/experienciadevida.com.ar\/portalurbano\/category\/ciudad\/\" rel=\"category tag\">Ciudad<\/a> <a href=\"https:\/\/experienciadevida.com.ar\/portalurbano\/category\/destacadas-2\/\" rel=\"category tag\">Destacadas 2<\/a>","tag_info":"Destacadas 2","comment_count":"0","amp_enabled":true,"_links":{"self":[{"href":"https:\/\/experienciadevida.com.ar\/portalurbano\/wp-json\/wp\/v2\/posts\/162086"}],"collection":[{"href":"https:\/\/experienciadevida.com.ar\/portalurbano\/wp-json\/wp\/v2\/posts"}],"about":[{"href":"https:\/\/experienciadevida.com.ar\/portalurbano\/wp-json\/wp\/v2\/types\/post"}],"author":[{"embeddable":true,"href":"https:\/\/experienciadevida.com.ar\/portalurbano\/wp-json\/wp\/v2\/users\/1"}],"replies":[{"embeddable":true,"href":"https:\/\/experienciadevida.com.ar\/portalurbano\/wp-json\/wp\/v2\/comments?post=162086"}],"version-history":[{"count":2,"href":"https:\/\/experienciadevida.com.ar\/portalurbano\/wp-json\/wp\/v2\/posts\/162086\/revisions"}],"predecessor-version":[{"id":162099,"href":"https:\/\/experienciadevida.com.ar\/portalurbano\/wp-json\/wp\/v2\/posts\/162086\/revisions\/162099"}],"wp:featuredmedia":[{"embeddable":true,"href":"https:\/\/experienciadevida.com.ar\/portalurbano\/wp-json\/wp\/v2\/media\/162098"}],"wp:attachment":[{"href":"https:\/\/experienciadevida.com.ar\/portalurbano\/wp-json\/wp\/v2\/media?parent=162086"}],"wp:term":[{"taxonomy":"category","embeddable":true,"href":"https:\/\/experienciadevida.com.ar\/portalurbano\/wp-json\/wp\/v2\/categories?post=162086"},{"taxonomy":"post_tag","embeddable":true,"href":"https:\/\/experienciadevida.com.ar\/portalurbano\/wp-json\/wp\/v2\/tags?post=162086"}],"curies":[{"name":"wp","href":"https:\/\/api.w.org\/{rel}","templated":true}]}}