{"id":162078,"date":"2022-02-19T12:52:28","date_gmt":"2022-02-19T15:52:28","guid":{"rendered":"https:\/\/experienciadevida.com.ar\/portalurbano\/?p=162078"},"modified":"2022-02-19T15:09:36","modified_gmt":"2022-02-19T18:09:36","slug":"investigan-la-explosion-en-enaex-y-retiran-los-cuerpos-de-los-fallecidos","status":"publish","type":"post","link":"https:\/\/experienciadevida.com.ar\/portalurbano\/investigan-la-explosion-en-enaex-y-retiran-los-cuerpos-de-los-fallecidos\/","title":{"rendered":"Investigan la explosi\u00f3n en Enaex y retiran los cuerpos de los fallecidos"},"content":{"rendered":"<p>Investigan la explosi\u00f3n en Enaex y retiran los cuerpos de los fallecidos, la polic\u00eda cient\u00edfica esperaba este s\u00e1bado el aval de la Divisi\u00f3n de Explosivos de La Plata para extraer los restos de los operarios.<\/p>\n<p>Mientras se contin\u00faa investigando las causas del estallido y posterior incendio en la f\u00e1brica de explosivos Enaex, en Olavarr\u00eda, que dej\u00f3 tres operarios muertos, la Polic\u00eda Cient\u00edfica esperaba este s\u00e1bado el aval de la Divisi\u00f3n de Explosivos de La Plata para retirar los cuerpos de los fallecidos.<\/p>\n<p>As\u00ed lo inform\u00f3 la Subsecretar\u00eda de Seguridad Municipal que agreg\u00f3 en su parte oficial que desde las 7.30 de la ma\u00f1ana \u201cla Divisi\u00f3n de Explosivos de la Superintendencia Siniestral de La Plata sigui\u00f3 desarrollando tareas en la zona de la f\u00e1brica donde en la ma\u00f1ana del viernes se produjo una violenta explosi\u00f3n y posterior incendio\u201d.<\/p>\n<p>Todos los operativos en el lugar est\u00e1n a cargo del comisario mayor Eduardo Criado, quien \u201cest\u00e1 trabajando con diez efectivos provenientes de la ciudad de La Plata que se suman a los que ya trabajaban desde la v\u00edspera\u201d, contin\u00faa el texto.<\/p>\n<p>Estos efectivos de la Divisi\u00f3n de Explosivos est\u00e1n encargados de realizar un \u201cpaso seguro\u201d a sus pares de la Polic\u00eda Cient\u00edfica para que estos puedan hacer sus tareas de rigor y, fundamentalmente, retirar el cuerpo de las tres v\u00edctimas fatales de la tragedia.<\/p>\n<p>Los cuerpos posteriormente iban a ser trasladados a la sede de la Delegaci\u00f3n de la Polic\u00eda Cient\u00edfica de Azul que determinar\u00e1 su identificaci\u00f3n y posterior operaci\u00f3n de autopsia.<\/p>\n<p>El parte oficial finaliza afirmando que se desarrolla \u201cun trabajo de paciencia, dado el peligro existente de acuerdo a lo informado personalmente por el director de la Divisi\u00f3n Explosivos\u201d.<\/p>\n<p>En el lugar se desarrolla un importante despliegue que incluye adem\u00e1s agentes de la Departamental Olavarr\u00eda, Subcomisar\u00eda de Loma Negra, Infanter\u00eda, entre otros.<\/p>\n<p>Hubo tres fallecidos, identificados como Jos\u00e9 Elvio Guimaraes, de Brasil, y Jorge Pablo Lazarte y Carlos Sandoval, oriundos de Olavarr\u00eda. En tanto, Alberto Manuel Leandro, otro trabajador que se encontraba en la zona, result\u00f3 ileso.<\/p>\n<p>Las actuaciones judiciales por el hecho quedaron a cargo de la la Unidad Funcional de Instrucci\u00f3n (UFI) 10, a cargo del fiscal Miguel Pi\u00f1eiro.<\/p>\n<p>Fuente: DIB<\/p>\n","protected":false},"excerpt":{"rendered":"<p>Investigan la explosi\u00f3n en Enaex y retiran los cuerpos de los fallecidos, la polic\u00eda cient\u00edfica&#8230;<\/p>\n","protected":false},"author":1,"featured_media":162079,"comment_status":"closed","ping_status":"closed","sticky":false,"template":"","format":"standard","meta":{"content-type":""},"categories":[27,64],"tags":[],"nelio_content":{"isAutoShareEnabled":false,"autoShareEndMode":"default","automationSources":{"useContentSentences":true,"useSocialTemplates":true,"useCustomSentences":false,"customSentences":[]},"followers":[1],"suggestedReferences":[],"includedReferences":[],"efiUrl":"","efiAlt":"","highlights":[]},"yoast_head":"<!-- This site is optimized with the Yoast SEO plugin v20.7 - https:\/\/yoast.com\/wordpress\/plugins\/seo\/ -->\n<title>Investigan la explosi\u00f3n en Enaex y retiran los cuerpos de los fallecidos<\/title>\n<meta name=\"description\" content=\"Investigan la explosi\u00f3n en Enaex y retiran los cuerpos de los fallecidos, la polic\u00eda cient\u00edfica esperaba este s\u00e1bado el aval\" \/>\n<meta name=\"robots\" content=\"index, follow, max-snippet:-1, max-image-preview:large, max-video-preview:-1\" \/>\n<link rel=\"canonical\" href=\"https:\/\/experienciadevida.com.ar\/portalurbano\/investigan-la-explosion-en-enaex-y-retiran-los-cuerpos-de-los-fallecidos\/\" \/>\n<meta property=\"og:locale\" content=\"es_ES\" \/>\n<meta property=\"og:type\" content=\"article\" \/>\n<meta property=\"og:title\" content=\"Investigan la explosi\u00f3n en Enaex y retiran los cuerpos de los fallecidos\" \/>\n<meta property=\"og:description\" content=\"Investigan la explosi\u00f3n en Enaex y retiran los cuerpos de los fallecidos, la polic\u00eda cient\u00edfica esperaba este s\u00e1bado el aval\" \/>\n<meta property=\"og:url\" content=\"https:\/\/experienciadevida.com.ar\/portalurbano\/investigan-la-explosion-en-enaex-y-retiran-los-cuerpos-de-los-fallecidos\/\" \/>\n<meta property=\"article:publisher\" content=\"https:\/\/www.facebook.com\/Portal-Urbano-171542830093757\/\" \/>\n<meta property=\"article:published_time\" content=\"2022-02-19T15:52:28+00:00\" \/>\n<meta property=\"article:modified_time\" content=\"2022-02-19T18:09:36+00:00\" \/>\n<meta property=\"og:image\" content=\"https:\/\/experienciadevida.com.ar\/portalurbano\/wp-content\/uploads\/2022\/02\/Investigan-la-explosion-en.jpeg\" \/>\n\t<meta property=\"og:image:width\" content=\"1068\" \/>\n\t<meta property=\"og:image:height\" content=\"533\" \/>\n\t<meta property=\"og:image:type\" content=\"image\/jpeg\" \/>\n<meta name=\"author\" content=\"admpu17wp\" \/>\n<meta name=\"twitter:card\" content=\"summary_large_image\" \/>\n<meta name=\"twitter:creator\" content=\"@portalurbanook\" \/>\n<meta name=\"twitter:site\" content=\"@portalurbanook\" \/>\n<meta name=\"twitter:label1\" content=\"Escrito por\" \/>\n\t<meta name=\"twitter:data1\" content=\"admpu17wp\" \/>\n\t<meta name=\"twitter:label2\" content=\"Tiempo de lectura\" \/>\n\t<meta name=\"twitter:data2\" content=\"2 minutos\" \/>\n<script type=\"application\/ld+json\" class=\"yoast-schema-graph\">{\"@context\":\"https:\/\/schema.org\",\"@graph\":[{\"@type\":\"Article\",\"@id\":\"https:\/\/experienciadevida.com.ar\/portalurbano\/investigan-la-explosion-en-enaex-y-retiran-los-cuerpos-de-los-fallecidos\/#article\",\"isPartOf\":{\"@id\":\"https:\/\/experienciadevida.com.ar\/portalurbano\/investigan-la-explosion-en-enaex-y-retiran-los-cuerpos-de-los-fallecidos\/\"},\"author\":{\"name\":\"admpu17wp\",\"@id\":\"https:\/\/experienciadevida.com.ar\/portalurbano\/#\/schema\/person\/02dd326b1c4b056e9cc972486934a3a7\"},\"headline\":\"Investigan la explosi\u00f3n en Enaex y retiran los cuerpos de los fallecidos\",\"datePublished\":\"2022-02-19T15:52:28+00:00\",\"dateModified\":\"2022-02-19T18:09:36+00:00\",\"mainEntityOfPage\":{\"@id\":\"https:\/\/experienciadevida.com.ar\/portalurbano\/investigan-la-explosion-en-enaex-y-retiran-los-cuerpos-de-los-fallecidos\/\"},\"wordCount\":412,\"publisher\":{\"@id\":\"https:\/\/experienciadevida.com.ar\/portalurbano\/#organization\"},\"articleSection\":[\"Ciudad\",\"Destacadas 2\"],\"inLanguage\":\"es\"},{\"@type\":\"WebPage\",\"@id\":\"https:\/\/experienciadevida.com.ar\/portalurbano\/investigan-la-explosion-en-enaex-y-retiran-los-cuerpos-de-los-fallecidos\/\",\"url\":\"https:\/\/experienciadevida.com.ar\/portalurbano\/investigan-la-explosion-en-enaex-y-retiran-los-cuerpos-de-los-fallecidos\/\",\"name\":\"Investigan la explosi\u00f3n en Enaex y retiran los cuerpos de los fallecidos\",\"isPartOf\":{\"@id\":\"https:\/\/experienciadevida.com.ar\/portalurbano\/#website\"},\"datePublished\":\"2022-02-19T15:52:28+00:00\",\"dateModified\":\"2022-02-19T18:09:36+00:00\",\"description\":\"Investigan la explosi\u00f3n en Enaex y retiran los cuerpos de los fallecidos, la polic\u00eda cient\u00edfica esperaba este s\u00e1bado el aval\",\"breadcrumb\":{\"@id\":\"https:\/\/experienciadevida.com.ar\/portalurbano\/investigan-la-explosion-en-enaex-y-retiran-los-cuerpos-de-los-fallecidos\/#breadcrumb\"},\"inLanguage\":\"es\",\"potentialAction\":[{\"@type\":\"ReadAction\",\"target\":[\"https:\/\/experienciadevida.com.ar\/portalurbano\/investigan-la-explosion-en-enaex-y-retiran-los-cuerpos-de-los-fallecidos\/\"]}]},{\"@type\":\"BreadcrumbList\",\"@id\":\"https:\/\/experienciadevida.com.ar\/portalurbano\/investigan-la-explosion-en-enaex-y-retiran-los-cuerpos-de-los-fallecidos\/#breadcrumb\",\"itemListElement\":[{\"@type\":\"ListItem\",\"position\":1,\"name\":\"Portada\",\"item\":\"https:\/\/experienciadevida.com.ar\/portalurbano\/\"},{\"@type\":\"ListItem\",\"position\":2,\"name\":\"Investigan la explosi\u00f3n en Enaex y retiran los cuerpos de los fallecidos\"}]},{\"@type\":\"WebSite\",\"@id\":\"https:\/\/experienciadevida.com.ar\/portalurbano\/#website\",\"url\":\"https:\/\/experienciadevida.com.ar\/portalurbano\/\",\"name\":\"\",\"description\":\"\",\"publisher\":{\"@id\":\"https:\/\/experienciadevida.com.ar\/portalurbano\/#organization\"},\"potentialAction\":[{\"@type\":\"SearchAction\",\"target\":{\"@type\":\"EntryPoint\",\"urlTemplate\":\"https:\/\/experienciadevida.com.ar\/portalurbano\/?s={search_term_string}\"},\"query-input\":\"required name=search_term_string\"}],\"inLanguage\":\"es\"},{\"@type\":\"Organization\",\"@id\":\"https:\/\/experienciadevida.com.ar\/portalurbano\/#organization\",\"name\":\"Portal Urbano\",\"url\":\"https:\/\/experienciadevida.com.ar\/portalurbano\/\",\"logo\":{\"@type\":\"ImageObject\",\"inLanguage\":\"es\",\"@id\":\"https:\/\/experienciadevida.com.ar\/portalurbano\/#\/schema\/logo\/image\/\",\"url\":\"https:\/\/experienciadevida.com.ar\/portalurbano\/wp-content\/uploads\/2019\/09\/Logo-Original.png\",\"contentUrl\":\"https:\/\/experienciadevida.com.ar\/portalurbano\/wp-content\/uploads\/2019\/09\/Logo-Original.png\",\"width\":2236,\"height\":1216,\"caption\":\"Portal Urbano\"},\"image\":{\"@id\":\"https:\/\/experienciadevida.com.ar\/portalurbano\/#\/schema\/logo\/image\/\"},\"sameAs\":[\"https:\/\/www.facebook.com\/Portal-Urbano-171542830093757\/\",\"https:\/\/twitter.com\/portalurbanook\",\"https:\/\/www.instagram.com\/_portalurbano\/\",\"https:\/\/www.youtube.com\/channel\/UCXhagIfszH8KxFiOok79zbA?view_as=subscriber\"]},{\"@type\":\"Person\",\"@id\":\"https:\/\/experienciadevida.com.ar\/portalurbano\/#\/schema\/person\/02dd326b1c4b056e9cc972486934a3a7\",\"name\":\"admpu17wp\",\"image\":{\"@type\":\"ImageObject\",\"inLanguage\":\"es\",\"@id\":\"https:\/\/experienciadevida.com.ar\/portalurbano\/#\/schema\/person\/image\/\",\"url\":\"https:\/\/secure.gravatar.com\/avatar\/830d4c57adaae6630765e449a6908047?s=96&d=mm&r=g\",\"contentUrl\":\"https:\/\/secure.gravatar.com\/avatar\/830d4c57adaae6630765e449a6908047?s=96&d=mm&r=g\",\"caption\":\"admpu17wp\"}}]}<\/script>\n<!-- \/ Yoast SEO plugin. -->","yoast_head_json":{"title":"Investigan la explosi\u00f3n en Enaex y retiran los cuerpos de los fallecidos","description":"Investigan la explosi\u00f3n en Enaex y retiran los cuerpos de los fallecidos, la polic\u00eda cient\u00edfica esperaba este s\u00e1bado el aval","robots":{"index":"index","follow":"follow","max-snippet":"max-snippet:-1","max-image-preview":"max-image-preview:large","max-video-preview":"max-video-preview:-1"},"canonical":"https:\/\/experienciadevida.com.ar\/portalurbano\/investigan-la-explosion-en-enaex-y-retiran-los-cuerpos-de-los-fallecidos\/","og_locale":"es_ES","og_type":"article","og_title":"Investigan la explosi\u00f3n en Enaex y retiran los cuerpos de los fallecidos","og_description":"Investigan la explosi\u00f3n en Enaex y retiran los cuerpos de los fallecidos, la polic\u00eda cient\u00edfica esperaba este s\u00e1bado el aval","og_url":"https:\/\/experienciadevida.com.ar\/portalurbano\/investigan-la-explosion-en-enaex-y-retiran-los-cuerpos-de-los-fallecidos\/","article_publisher":"https:\/\/www.facebook.com\/Portal-Urbano-171542830093757\/","article_published_time":"2022-02-19T15:52:28+00:00","article_modified_time":"2022-02-19T18:09:36+00:00","og_image":[{"width":1068,"height":533,"url":"https:\/\/experienciadevida.com.ar\/portalurbano\/wp-content\/uploads\/2022\/02\/Investigan-la-explosion-en.jpeg","type":"image\/jpeg"}],"author":"admpu17wp","twitter_card":"summary_large_image","twitter_creator":"@portalurbanook","twitter_site":"@portalurbanook","twitter_misc":{"Escrito por":"admpu17wp","Tiempo de lectura":"2 minutos"},"schema":{"@context":"https:\/\/schema.org","@graph":[{"@type":"Article","@id":"https:\/\/experienciadevida.com.ar\/portalurbano\/investigan-la-explosion-en-enaex-y-retiran-los-cuerpos-de-los-fallecidos\/#article","isPartOf":{"@id":"https:\/\/experienciadevida.com.ar\/portalurbano\/investigan-la-explosion-en-enaex-y-retiran-los-cuerpos-de-los-fallecidos\/"},"author":{"name":"admpu17wp","@id":"https:\/\/experienciadevida.com.ar\/portalurbano\/#\/schema\/person\/02dd326b1c4b056e9cc972486934a3a7"},"headline":"Investigan la explosi\u00f3n en Enaex y retiran los cuerpos de los fallecidos","datePublished":"2022-02-19T15:52:28+00:00","dateModified":"2022-02-19T18:09:36+00:00","mainEntityOfPage":{"@id":"https:\/\/experienciadevida.com.ar\/portalurbano\/investigan-la-explosion-en-enaex-y-retiran-los-cuerpos-de-los-fallecidos\/"},"wordCount":412,"publisher":{"@id":"https:\/\/experienciadevida.com.ar\/portalurbano\/#organization"},"articleSection":["Ciudad","Destacadas 2"],"inLanguage":"es"},{"@type":"WebPage","@id":"https:\/\/experienciadevida.com.ar\/portalurbano\/investigan-la-explosion-en-enaex-y-retiran-los-cuerpos-de-los-fallecidos\/","url":"https:\/\/experienciadevida.com.ar\/portalurbano\/investigan-la-explosion-en-enaex-y-retiran-los-cuerpos-de-los-fallecidos\/","name":"Investigan la explosi\u00f3n en Enaex y retiran los cuerpos de los fallecidos","isPartOf":{"@id":"https:\/\/experienciadevida.com.ar\/portalurbano\/#website"},"datePublished":"2022-02-19T15:52:28+00:00","dateModified":"2022-02-19T18:09:36+00:00","description":"Investigan la explosi\u00f3n en Enaex y retiran los cuerpos de los fallecidos, la polic\u00eda cient\u00edfica esperaba este s\u00e1bado el aval","breadcrumb":{"@id":"https:\/\/experienciadevida.com.ar\/portalurbano\/investigan-la-explosion-en-enaex-y-retiran-los-cuerpos-de-los-fallecidos\/#breadcrumb"},"inLanguage":"es","potentialAction":[{"@type":"ReadAction","target":["https:\/\/experienciadevida.com.ar\/portalurbano\/investigan-la-explosion-en-enaex-y-retiran-los-cuerpos-de-los-fallecidos\/"]}]},{"@type":"BreadcrumbList","@id":"https:\/\/experienciadevida.com.ar\/portalurbano\/investigan-la-explosion-en-enaex-y-retiran-los-cuerpos-de-los-fallecidos\/#breadcrumb","itemListElement":[{"@type":"ListItem","position":1,"name":"Portada","item":"https:\/\/experienciadevida.com.ar\/portalurbano\/"},{"@type":"ListItem","position":2,"name":"Investigan la explosi\u00f3n en Enaex y retiran los cuerpos de los fallecidos"}]},{"@type":"WebSite","@id":"https:\/\/experienciadevida.com.ar\/portalurbano\/#website","url":"https:\/\/experienciadevida.com.ar\/portalurbano\/","name":"","description":"","publisher":{"@id":"https:\/\/experienciadevida.com.ar\/portalurbano\/#organization"},"potentialAction":[{"@type":"SearchAction","target":{"@type":"EntryPoint","urlTemplate":"https:\/\/experienciadevida.com.ar\/portalurbano\/?s={search_term_string}"},"query-input":"required name=search_term_string"}],"inLanguage":"es"},{"@type":"Organization","@id":"https:\/\/experienciadevida.com.ar\/portalurbano\/#organization","name":"Portal Urbano","url":"https:\/\/experienciadevida.com.ar\/portalurbano\/","logo":{"@type":"ImageObject","inLanguage":"es","@id":"https:\/\/experienciadevida.com.ar\/portalurbano\/#\/schema\/logo\/image\/","url":"https:\/\/experienciadevida.com.ar\/portalurbano\/wp-content\/uploads\/2019\/09\/Logo-Original.png","contentUrl":"https:\/\/experienciadevida.com.ar\/portalurbano\/wp-content\/uploads\/2019\/09\/Logo-Original.png","width":2236,"height":1216,"caption":"Portal Urbano"},"image":{"@id":"https:\/\/experienciadevida.com.ar\/portalurbano\/#\/schema\/logo\/image\/"},"sameAs":["https:\/\/www.facebook.com\/Portal-Urbano-171542830093757\/","https:\/\/twitter.com\/portalurbanook","https:\/\/www.instagram.com\/_portalurbano\/","https:\/\/www.youtube.com\/channel\/UCXhagIfszH8KxFiOok79zbA?view_as=subscriber"]},{"@type":"Person","@id":"https:\/\/experienciadevida.com.ar\/portalurbano\/#\/schema\/person\/02dd326b1c4b056e9cc972486934a3a7","name":"admpu17wp","image":{"@type":"ImageObject","inLanguage":"es","@id":"https:\/\/experienciadevida.com.ar\/portalurbano\/#\/schema\/person\/image\/","url":"https:\/\/secure.gravatar.com\/avatar\/830d4c57adaae6630765e449a6908047?s=96&d=mm&r=g","contentUrl":"https:\/\/secure.gravatar.com\/avatar\/830d4c57adaae6630765e449a6908047?s=96&d=mm&r=g","caption":"admpu17wp"}}]}},"featured_image_urls":{"full":["https:\/\/experienciadevida.com.ar\/portalurbano\/wp-content\/uploads\/2022\/02\/Investigan-la-explosion-en.jpeg",1068,533,false],"thumbnail":["https:\/\/experienciadevida.com.ar\/portalurbano\/wp-content\/uploads\/2022\/02\/Investigan-la-explosion-en-150x150.jpeg",150,150,true],"medium":["https:\/\/experienciadevida.com.ar\/portalurbano\/wp-content\/uploads\/2022\/02\/Investigan-la-explosion-en-300x150.jpeg",300,150,true],"medium_large":["https:\/\/experienciadevida.com.ar\/portalurbano\/wp-content\/uploads\/2022\/02\/Investigan-la-explosion-en-768x383.jpeg",640,319,true],"large":["https:\/\/experienciadevida.com.ar\/portalurbano\/wp-content\/uploads\/2022\/02\/Investigan-la-explosion-en-1024x511.jpeg",640,319,true],"ug_big":["https:\/\/experienciadevida.com.ar\/portalurbano\/wp-content\/uploads\/2022\/02\/Investigan-la-explosion-en-768x383.jpeg",768,383,true],"1536x1536":["https:\/\/experienciadevida.com.ar\/portalurbano\/wp-content\/uploads\/2022\/02\/Investigan-la-explosion-en.jpeg",1068,533,false],"2048x2048":["https:\/\/experienciadevida.com.ar\/portalurbano\/wp-content\/uploads\/2022\/02\/Investigan-la-explosion-en.jpeg",1068,533,false],"newsever-slider-full":["https:\/\/experienciadevida.com.ar\/portalurbano\/wp-content\/uploads\/2022\/02\/Investigan-la-explosion-en.jpeg",1068,533,false],"newsever-featured":["https:\/\/experienciadevida.com.ar\/portalurbano\/wp-content\/uploads\/2022\/02\/Investigan-la-explosion-en.jpeg",1024,511,false],"newsever-medium":["https:\/\/experienciadevida.com.ar\/portalurbano\/wp-content\/uploads\/2022\/02\/Investigan-la-explosion-en.jpeg",720,359,false],"web-stories-poster-portrait":["https:\/\/experienciadevida.com.ar\/portalurbano\/wp-content\/uploads\/2022\/02\/Investigan-la-explosion-en.jpeg",640,319,false],"web-stories-publisher-logo":["https:\/\/experienciadevida.com.ar\/portalurbano\/wp-content\/uploads\/2022\/02\/Investigan-la-explosion-en.jpeg",96,48,false],"web-stories-thumbnail":["https:\/\/experienciadevida.com.ar\/portalurbano\/wp-content\/uploads\/2022\/02\/Investigan-la-explosion-en.jpeg",150,75,false]},"author_info":{"display_name":"admpu17wp","author_link":"https:\/\/experienciadevida.com.ar\/portalurbano\/author\/admpu17wp\/"},"category_info":"<a href=\"https:\/\/experienciadevida.com.ar\/portalurbano\/category\/ciudad\/\" rel=\"category tag\">Ciudad<\/a> <a href=\"https:\/\/experienciadevida.com.ar\/portalurbano\/category\/destacadas-2\/\" rel=\"category tag\">Destacadas 2<\/a>","tag_info":"Destacadas 2","comment_count":"0","amp_enabled":true,"_links":{"self":[{"href":"https:\/\/experienciadevida.com.ar\/portalurbano\/wp-json\/wp\/v2\/posts\/162078"}],"collection":[{"href":"https:\/\/experienciadevida.com.ar\/portalurbano\/wp-json\/wp\/v2\/posts"}],"about":[{"href":"https:\/\/experienciadevida.com.ar\/portalurbano\/wp-json\/wp\/v2\/types\/post"}],"author":[{"embeddable":true,"href":"https:\/\/experienciadevida.com.ar\/portalurbano\/wp-json\/wp\/v2\/users\/1"}],"replies":[{"embeddable":true,"href":"https:\/\/experienciadevida.com.ar\/portalurbano\/wp-json\/wp\/v2\/comments?post=162078"}],"version-history":[{"count":3,"href":"https:\/\/experienciadevida.com.ar\/portalurbano\/wp-json\/wp\/v2\/posts\/162078\/revisions"}],"predecessor-version":[{"id":162087,"href":"https:\/\/experienciadevida.com.ar\/portalurbano\/wp-json\/wp\/v2\/posts\/162078\/revisions\/162087"}],"wp:featuredmedia":[{"embeddable":true,"href":"https:\/\/experienciadevida.com.ar\/portalurbano\/wp-json\/wp\/v2\/media\/162079"}],"wp:attachment":[{"href":"https:\/\/experienciadevida.com.ar\/portalurbano\/wp-json\/wp\/v2\/media?parent=162078"}],"wp:term":[{"taxonomy":"category","embeddable":true,"href":"https:\/\/experienciadevida.com.ar\/portalurbano\/wp-json\/wp\/v2\/categories?post=162078"},{"taxonomy":"post_tag","embeddable":true,"href":"https:\/\/experienciadevida.com.ar\/portalurbano\/wp-json\/wp\/v2\/tags?post=162078"}],"curies":[{"name":"wp","href":"https:\/\/api.w.org\/{rel}","templated":true}]}}