{"id":162051,"date":"2022-02-18T23:40:16","date_gmt":"2022-02-19T02:40:16","guid":{"rendered":"https:\/\/experienciadevida.com.ar\/portalurbano\/?p=162051"},"modified":"2022-02-19T00:57:41","modified_gmt":"2022-02-19T03:57:41","slug":"se-incendio-un-galpon-en-una-casa-del-barrio-ceco","status":"publish","type":"post","link":"https:\/\/experienciadevida.com.ar\/portalurbano\/se-incendio-un-galpon-en-una-casa-del-barrio-ceco\/","title":{"rendered":"Se incendi\u00f3 un galp\u00f3n en una casa del barrio CECO"},"content":{"rendered":"<p><span style=\"vertical-align: inherit;\"><span style=\"vertical-align: inherit;\">Cerca de las 21 un incendio destruy\u00f3 un galp\u00f3n situado en una vivienda de barrio CECO I, sector UNO . Gracias a la r\u00e1pida intervenci\u00f3n de los bomberos, se pudo evitar que el fuego se propague a las viviendas linderas.<\/span><\/span><\/p>\n<hr \/>\n<p><span style=\"vertical-align: inherit;\"><span style=\"vertical-align: inherit;\">El incendio afect\u00f3 una estructura ubicada al fondo de una vivienda del sector I muy cerca de uno de los centros comerciales del barrio<\/span><\/span><\/p>\n<p><a href=\"https:\/\/experienciadevida.com.ar\/portalurbano\/se-incendio-un-galpon-en-una-casa-del-barrio-ceco\/f519397a-e7b6-4827-b223-0665a1c3d0e9\/\" rel=\"attachment wp-att-162057\"><img decoding=\"async\" class=\"alignnone size-large wp-image-162057\" src=\"https:\/\/experienciadevida.com.ar\/portalurbano\/wp-content\/uploads\/2022\/02\/f519397a-e7b6-4827-b223-0665a1c3d0e9-1024x461.jpg\" alt=\"\" width=\"900\" height=\"405\" srcset=\"https:\/\/experienciadevida.com.ar\/portalurbano\/wp-content\/uploads\/2022\/02\/f519397a-e7b6-4827-b223-0665a1c3d0e9-1024x461.jpg 1024w, https:\/\/experienciadevida.com.ar\/portalurbano\/wp-content\/uploads\/2022\/02\/f519397a-e7b6-4827-b223-0665a1c3d0e9-300x135.jpg 300w, https:\/\/experienciadevida.com.ar\/portalurbano\/wp-content\/uploads\/2022\/02\/f519397a-e7b6-4827-b223-0665a1c3d0e9-768x346.jpg 768w, https:\/\/experienciadevida.com.ar\/portalurbano\/wp-content\/uploads\/2022\/02\/f519397a-e7b6-4827-b223-0665a1c3d0e9-1536x691.jpg 1536w, https:\/\/experienciadevida.com.ar\/portalurbano\/wp-content\/uploads\/2022\/02\/f519397a-e7b6-4827-b223-0665a1c3d0e9.jpg 1600w\" sizes=\"(max-width: 900px) 100vw, 900px\" \/><\/a><\/p>\n<p><span style=\"vertical-align: inherit;\"><span style=\"vertical-align: inherit;\">Dos dotaciones se hicieron presentes. Desde lejos se pudo ver una intensa columna de humo, producto de los diversos elementos que hab\u00edan en el interior del galp\u00f3n.<\/span><\/span><\/p>\n<p><a href=\"https:\/\/experienciadevida.com.ar\/portalurbano\/se-incendio-un-galpon-en-una-casa-del-barrio-ceco\/voraz-incendio-en-una-casa-del-sector-uno-de-barrio-ceco\/\" rel=\"attachment wp-att-162059\"><img decoding=\"async\" class=\"alignnone size-large wp-image-162059\" src=\"https:\/\/experienciadevida.com.ar\/portalurbano\/wp-content\/uploads\/2022\/02\/Voraz-Incendio-en-una-casa-del-sector-uno-de-barrio-ceco-1024x576.jpeg\" alt=\"\" width=\"900\" height=\"506\" srcset=\"https:\/\/experienciadevida.com.ar\/portalurbano\/wp-content\/uploads\/2022\/02\/Voraz-Incendio-en-una-casa-del-sector-uno-de-barrio-ceco-1024x576.jpeg 1024w, https:\/\/experienciadevida.com.ar\/portalurbano\/wp-content\/uploads\/2022\/02\/Voraz-Incendio-en-una-casa-del-sector-uno-de-barrio-ceco-300x169.jpeg 300w, https:\/\/experienciadevida.com.ar\/portalurbano\/wp-content\/uploads\/2022\/02\/Voraz-Incendio-en-una-casa-del-sector-uno-de-barrio-ceco-768x432.jpeg 768w, https:\/\/experienciadevida.com.ar\/portalurbano\/wp-content\/uploads\/2022\/02\/Voraz-Incendio-en-una-casa-del-sector-uno-de-barrio-ceco.jpeg 1280w\" sizes=\"(max-width: 900px) 100vw, 900px\" \/><\/a><\/p>\n<div class=\"adserver-zonas-noticias\" data-index=\"2\"><span style=\"vertical-align: inherit;\"><span style=\"vertical-align: inherit;\">Seg\u00fan indicaron vecinos del lugar, en el interior del galp\u00f3n habr\u00eda una importante cantidad de material inflamable .<\/span><\/span><\/div>\n<div data-index=\"2\"><a href=\"https:\/\/experienciadevida.com.ar\/portalurbano\/se-incendio-un-galpon-en-una-casa-del-barrio-ceco\/b5a672e9-34bc-441e-9ca1-c8e58b8bdc42\/\" rel=\"attachment wp-att-162054\"><img decoding=\"async\" class=\"alignnone size-large wp-image-162054\" src=\"https:\/\/experienciadevida.com.ar\/portalurbano\/wp-content\/uploads\/2022\/02\/b5a672e9-34bc-441e-9ca1-c8e58b8bdc42-1024x461.jpg\" alt=\"\" width=\"900\" height=\"405\" srcset=\"https:\/\/experienciadevida.com.ar\/portalurbano\/wp-content\/uploads\/2022\/02\/b5a672e9-34bc-441e-9ca1-c8e58b8bdc42-1024x461.jpg 1024w, https:\/\/experienciadevida.com.ar\/portalurbano\/wp-content\/uploads\/2022\/02\/b5a672e9-34bc-441e-9ca1-c8e58b8bdc42-300x135.jpg 300w, https:\/\/experienciadevida.com.ar\/portalurbano\/wp-content\/uploads\/2022\/02\/b5a672e9-34bc-441e-9ca1-c8e58b8bdc42-768x346.jpg 768w, https:\/\/experienciadevida.com.ar\/portalurbano\/wp-content\/uploads\/2022\/02\/b5a672e9-34bc-441e-9ca1-c8e58b8bdc42-1536x691.jpg 1536w, https:\/\/experienciadevida.com.ar\/portalurbano\/wp-content\/uploads\/2022\/02\/b5a672e9-34bc-441e-9ca1-c8e58b8bdc42.jpg 1600w\" sizes=\"(max-width: 900px) 100vw, 900px\" \/><\/a><\/div>\n<div data-index=\"2\"><a href=\"https:\/\/experienciadevida.com.ar\/portalurbano\/se-incendio-un-galpon-en-una-casa-del-barrio-ceco\/433ac879-95ed-4e1b-9b63-eeb8d5868e8d\/\" rel=\"attachment wp-att-162053\"><img decoding=\"async\" class=\"alignnone size-large wp-image-162053\" src=\"https:\/\/experienciadevida.com.ar\/portalurbano\/wp-content\/uploads\/2022\/02\/433ac879-95ed-4e1b-9b63-eeb8d5868e8d-1024x461.jpg\" alt=\"\" width=\"900\" height=\"405\" srcset=\"https:\/\/experienciadevida.com.ar\/portalurbano\/wp-content\/uploads\/2022\/02\/433ac879-95ed-4e1b-9b63-eeb8d5868e8d-1024x461.jpg 1024w, https:\/\/experienciadevida.com.ar\/portalurbano\/wp-content\/uploads\/2022\/02\/433ac879-95ed-4e1b-9b63-eeb8d5868e8d-300x135.jpg 300w, https:\/\/experienciadevida.com.ar\/portalurbano\/wp-content\/uploads\/2022\/02\/433ac879-95ed-4e1b-9b63-eeb8d5868e8d-768x346.jpg 768w, https:\/\/experienciadevida.com.ar\/portalurbano\/wp-content\/uploads\/2022\/02\/433ac879-95ed-4e1b-9b63-eeb8d5868e8d-1536x691.jpg 1536w, https:\/\/experienciadevida.com.ar\/portalurbano\/wp-content\/uploads\/2022\/02\/433ac879-95ed-4e1b-9b63-eeb8d5868e8d.jpg 1600w\" sizes=\"(max-width: 900px) 100vw, 900px\" \/><\/a><\/div>\n<div data-index=\"2\"><\/div>\n<div data-index=\"2\"><span style=\"vertical-align: inherit;\"><span style=\"vertical-align: inherit;\">Adem\u00e1s de apagar el\u00a0 incendio, los bomberos voluntarios trabajaron en enfriar el techo y las paredes de la vivienda. Pasadas las 22, dieron por finalizadas las<\/span><\/span><\/div>\n<div data-index=\"2\"><span style=\"vertical-align: inherit;\"><span style=\"vertical-align: inherit;\"> tareas .<\/span><\/span><\/div>\n<div data-index=\"2\"><a href=\"https:\/\/experienciadevida.com.ar\/portalurbano\/se-incendio-un-galpon-en-una-casa-del-barrio-ceco\/98146213-68a6-40da-abde-ec27d04ed89e\/\" rel=\"attachment wp-att-162055\"><img decoding=\"async\" class=\"alignnone size-large wp-image-162055\" src=\"https:\/\/experienciadevida.com.ar\/portalurbano\/wp-content\/uploads\/2022\/02\/98146213-68a6-40da-abde-ec27d04ed89e-1024x461.jpg\" alt=\"\" width=\"900\" height=\"405\" srcset=\"https:\/\/experienciadevida.com.ar\/portalurbano\/wp-content\/uploads\/2022\/02\/98146213-68a6-40da-abde-ec27d04ed89e-1024x461.jpg 1024w, https:\/\/experienciadevida.com.ar\/portalurbano\/wp-content\/uploads\/2022\/02\/98146213-68a6-40da-abde-ec27d04ed89e-300x135.jpg 300w, https:\/\/experienciadevida.com.ar\/portalurbano\/wp-content\/uploads\/2022\/02\/98146213-68a6-40da-abde-ec27d04ed89e-768x346.jpg 768w, https:\/\/experienciadevida.com.ar\/portalurbano\/wp-content\/uploads\/2022\/02\/98146213-68a6-40da-abde-ec27d04ed89e-1536x691.jpg 1536w, https:\/\/experienciadevida.com.ar\/portalurbano\/wp-content\/uploads\/2022\/02\/98146213-68a6-40da-abde-ec27d04ed89e.jpg 1600w\" sizes=\"(max-width: 900px) 100vw, 900px\" \/><\/a><\/div>\n<div data-index=\"2\"><\/div>\n<div data-index=\"2\"><div class=\"yrc-shell-cover yrc-single\" data-yrc-uid=\"69f41e6535e11\" data-yrc-channel=\"{&quot;meta&quot;:{&quot;user&quot;:&quot;Portal Urbano&quot;,&quot;channel&quot;:&quot;UCXhagIfszH8KxFiOok79zbA&quot;,&quot;key&quot;:&quot;yrc_1524317601&quot;,&quot;apikey&quot;:&quot;AIzaSyCEhi-95k6t1rX4pDVqugauM-UyTfNHj8Q&quot;,&quot;cache&quot;:&quot;180&quot;,&quot;channel_uploads&quot;:&quot;UUXhagIfszH8KxFiOok79zbA&quot;,&quot;onlyonce&quot;:&quot;&quot;,&quot;tag&quot;:&quot;&quot;,&quot;per_page&quot;:&quot;12&quot;,&quot;maxv&quot;:&quot;500&quot;,&quot;ads&quot;:&quot;1&quot;,&quot;uid&quot;:&quot;69f41e6535e11&quot;,&quot;nocookie&quot;:&quot;&quot;,&quot;single&quot;:true},&quot;style&quot;:{&quot;colors&quot;:{&quot;item&quot;:{&quot;background&quot;:&quot;inherit&quot;},&quot;button&quot;:{&quot;background&quot;:&quot;#333&quot;,&quot;color&quot;:&quot;#fff&quot;},&quot;color&quot;:{&quot;text&quot;:&quot;#fff&quot;,&quot;link&quot;:&quot;inherit&quot;,&quot;menu&quot;:&quot;#000&quot;,&quot;meta&quot;:&quot;inherit&quot;}},&quot;theme&quot;:{&quot;videos&quot;:{&quot;style&quot;:&quot;__grid&quot;,&quot;thumb&quot;:[&quot;large&quot;,&quot;open&quot;],&quot;desc&quot;:&quot;&quot;,&quot;carousel&quot;:{&quot;thumbs&quot;:&quot;4&quot;,&quot;thumbs_to_slide&quot;:&quot;2&quot;,&quot;spacing&quot;:&quot;8&quot;},&quot;carousel_nav&quot;:{&quot;modifier&quot;:&quot;__sides&quot;,&quot;position&quot;:&quot;left-none&quot;,&quot;location&quot;:&quot;prepend&quot;,&quot;background&quot;:&quot;#fff&quot;,&quot;color&quot;:&quot;#000&quot;,&quot;font_size&quot;:&quot;2&quot;,&quot;border_radius&quot;:&quot;0&quot;}},&quot;a&quot;:&quot;1&quot;},&quot;fit&quot;:&quot;false&quot;,&quot;playlists&quot;:&quot;true&quot;,&quot;uploads&quot;:&quot;true&quot;,&quot;player_mode&quot;:&quot;1&quot;,&quot;truncate&quot;:&quot;1&quot;,&quot;banner&quot;:&quot;true&quot;,&quot;thumb_margin&quot;:&quot;8&quot;,&quot;play_icon&quot;:&quot;&quot;,&quot;youtube_play_icon&quot;:&quot;&quot;,&quot;thumb_image_size&quot;:&quot;medium&quot;,&quot;default_tab&quot;:&quot;uploads&quot;,&quot;sticky&quot;:{&quot;enable&quot;:&quot;&quot;,&quot;width&quot;:&quot;400&quot;,&quot;position&quot;:&quot;bottom-right&quot;,&quot;only_above&quot;:&quot;768&quot;,&quot;margin&quot;:&quot;12&quot;},&quot;player&quot;:{&quot;show_desc&quot;:&quot;&quot;,&quot;show_meta&quot;:&quot;&quot;},&quot;menu&quot;:&quot;1&quot;,&quot;rating_style&quot;:&quot;NaN&quot;,&quot;rtl&quot;:false}}\" data-yrc-setup=\"\"><\/div>\r\n\t\t\t<script data-cfasync=\"false\" type=\"text\/javascript\">\r\n\t\t\t\tif( !window.YRC ) var YRC = {Data:{}};\r\n\t\t\t\tYRC.Data[\"69f41e6535e11\"] = {\"video\":\"zOU1gGuZqG4\"};\r\n\t\t\t\t(function(){\r\n\t\t\t\t\tif(!YRC.loaded){\r\n\t\t\t\t\t    YRC.loaded = true;\r\n\t\t\t\t\t\tfunction YRC_Loader(){\r\n\t\t\t\t\t\t\t\/\/YRC.loaded = true;\r\n\t\t\t\t\t\t\tYRC.is_pro = false;\r\n\t\t\t\t\t\t\tYRC.is_pb = false;\r\n\t\t\t\t\t\t\tYRC.lang = {\"form\":{\"Videos\":\"Videos\",\"Playlists\":\"Playlists\",\"Search\":\"Search\",\"Loading\":\"Loading\",\"more\":\"more\",\"Nothing_found\":\"Nothing found\",\"Prev\":\"Previous\",\"Next\":\"Next\",\"consent_statement\":\"Allow cookies?\",\"consent_button\":\"Allow\",\"consent_privacy_policy\":\"Privacy policy\"},\"fui\":{\"sort_by\":\"Sort by\",\"relevant\":\"Relevant\",\"latest\":\"Latest\",\"liked\":\"Liked\",\"title\":\"Title\",\"views\":\"Views\",\"duration\":\"Duration\",\"any\":\"Any\",\"_short\":\"Short\",\"medium\":\"Medium\",\"_long\":\"Long\",\"uploaded\":\"Uploaded\",\"all_time\":\"All time\",\"live_now\":\"Live Now\",\"today\":\"Today\",\"ago\":\"ago\",\"last\":\"Last\",\"day\":\"day\",\"days\":\"days\",\"week\":\"week\",\"weeks\":\"weeks\",\"month\":\"month\",\"months\":\"months\",\"year\":\"year\",\"years\":\"years\",\"older\":\"Older\",\"show_more\":\"Show More\",\"show_less\":\"Show Less\",\"reply\":\"REPLY\",\"view_replies\":\"View replies\",\"write_comment\":\"Write comment...\",\"billion\":\"B\",\"million\":\"M\",\"thousand\":\"K\",\"max_plain_number\":1000,\"wplocale\":\"es_ES\"}};\r\n\t\t\t\t\t\t\tYRC.is_admin = false;\r\n\t\t\t\t\t\t\tvar script = document.createElement(\"script\");\r\n\t\t\t\t\t\t\t\tscript.setAttribute(\"data-cfasync\", \"false\");\r\n\t\t\t\t\t\t\t\tscript.setAttribute(\"type\", \"text\/javascript\");\r\n\t\t\t\t\t\t\t\tscript.src = \"https:\/\/experienciadevida.com.ar\/portalurbano\/wp-content\/plugins\/yourchannel\/js\/yrc.js?1.2.6\";\r\n\t\t\t\t\t\t\t\tscript.id = \"yrc-script\";\r\n\t\t\t\t\t\t\t\tdocument.querySelector(\"head\").appendChild(script);\r\n\t\t\t\t\t\t\tvar style = document.createElement(\"link\");\r\n\t\t\t\t\t\t\t\tstyle.rel = \"stylesheet\";\r\n\t\t\t\t\t\t\t\tstyle.href = \"https:\/\/experienciadevida.com.ar\/portalurbano\/wp-content\/plugins\/yourchannel\/css\/style.css?1.2.6\";\r\n\t\t\t\t\t\t\t\tstyle.type = \"text\/css\";\r\n\t\t\t\t\t\t\t\tdocument.querySelector(\"head\").appendChild(style);\r\n\t\t\t\t\t\t}\r\n\t\t\t\t\t\tif(window.jQuery){YRC_Loader();}else { var yrctimer2324 = window.setInterval(function(){\r\n\t\t\t\t\t\t\tif(window.jQuery){YRC_Loader(); window.clearInterval(yrctimer2324); }\r\n\t\t\t\t\t\t}, 250);}\r\n\t\t\t\t\t} else {if(YRC.EM)YRC.EM.trigger(\"yrc.newchannel\");}\r\n\t\t\t\t}());<\/script><\/div>\n<div data-index=\"2\"><\/div>\n","protected":false},"excerpt":{"rendered":"<p>Cerca de las 21 un incendio destruy\u00f3 un galp\u00f3n situado en una vivienda de barrio&#8230;<\/p>\n","protected":false},"author":1,"featured_media":162059,"comment_status":"closed","ping_status":"closed","sticky":false,"template":"","format":"standard","meta":{"content-type":""},"categories":[27,64],"tags":[],"nelio_content":{"isAutoShareEnabled":false,"autoShareEndMode":"default","automationSources":{"useContentSentences":true,"useSocialTemplates":true,"useCustomSentences":false,"customSentences":[]},"followers":[1],"suggestedReferences":[],"includedReferences":[],"efiUrl":"","efiAlt":"","highlights":[]},"yoast_head":"<!-- This site is optimized with the Yoast SEO plugin v20.7 - https:\/\/yoast.com\/wordpress\/plugins\/seo\/ -->\n<title>Se incendi\u00f3 un galp\u00f3n en una casa del barrio CECO<\/title>\n<meta name=\"description\" content=\"Cerca de las 21 un incendio destruy\u00f3 un galp\u00f3n situado en una vivienda de barrio CECO I, sector UNO . Gracias a la r\u00e1pida intervenci\u00f3n de los\" \/>\n<meta name=\"robots\" content=\"index, follow, max-snippet:-1, max-image-preview:large, max-video-preview:-1\" \/>\n<link rel=\"canonical\" href=\"https:\/\/experienciadevida.com.ar\/portalurbano\/se-incendio-un-galpon-en-una-casa-del-barrio-ceco\/\" \/>\n<meta property=\"og:locale\" content=\"es_ES\" \/>\n<meta property=\"og:type\" content=\"article\" \/>\n<meta property=\"og:title\" content=\"Se incendi\u00f3 un galp\u00f3n en una casa del barrio CECO\" \/>\n<meta property=\"og:description\" content=\"Cerca de las 21 un incendio destruy\u00f3 un galp\u00f3n situado en una vivienda de barrio CECO I, sector UNO . Gracias a la r\u00e1pida intervenci\u00f3n de los\" \/>\n<meta property=\"og:url\" content=\"https:\/\/experienciadevida.com.ar\/portalurbano\/se-incendio-un-galpon-en-una-casa-del-barrio-ceco\/\" \/>\n<meta property=\"article:publisher\" content=\"https:\/\/www.facebook.com\/Portal-Urbano-171542830093757\/\" \/>\n<meta property=\"article:published_time\" content=\"2022-02-19T02:40:16+00:00\" \/>\n<meta property=\"article:modified_time\" content=\"2022-02-19T03:57:41+00:00\" \/>\n<meta property=\"og:image\" content=\"https:\/\/experienciadevida.com.ar\/portalurbano\/wp-content\/uploads\/2022\/02\/Voraz-Incendio-en-una-casa-del-sector-uno-de-barrio-ceco.jpeg\" \/>\n\t<meta property=\"og:image:width\" content=\"1280\" \/>\n\t<meta property=\"og:image:height\" content=\"720\" \/>\n\t<meta property=\"og:image:type\" content=\"image\/jpeg\" \/>\n<meta name=\"author\" content=\"admpu17wp\" \/>\n<meta name=\"twitter:card\" content=\"summary_large_image\" \/>\n<meta name=\"twitter:creator\" content=\"@portalurbanook\" \/>\n<meta name=\"twitter:site\" content=\"@portalurbanook\" \/>\n<meta name=\"twitter:label1\" content=\"Escrito por\" \/>\n\t<meta name=\"twitter:data1\" content=\"admpu17wp\" \/>\n\t<meta name=\"twitter:label2\" content=\"Tiempo de lectura\" \/>\n\t<meta name=\"twitter:data2\" content=\"2 minutos\" \/>\n<script type=\"application\/ld+json\" class=\"yoast-schema-graph\">{\"@context\":\"https:\/\/schema.org\",\"@graph\":[{\"@type\":\"Article\",\"@id\":\"https:\/\/experienciadevida.com.ar\/portalurbano\/se-incendio-un-galpon-en-una-casa-del-barrio-ceco\/#article\",\"isPartOf\":{\"@id\":\"https:\/\/experienciadevida.com.ar\/portalurbano\/se-incendio-un-galpon-en-una-casa-del-barrio-ceco\/\"},\"author\":{\"name\":\"admpu17wp\",\"@id\":\"https:\/\/experienciadevida.com.ar\/portalurbano\/#\/schema\/person\/02dd326b1c4b056e9cc972486934a3a7\"},\"headline\":\"Se incendi\u00f3 un galp\u00f3n en una casa del barrio CECO\",\"datePublished\":\"2022-02-19T02:40:16+00:00\",\"dateModified\":\"2022-02-19T03:57:41+00:00\",\"mainEntityOfPage\":{\"@id\":\"https:\/\/experienciadevida.com.ar\/portalurbano\/se-incendio-un-galpon-en-una-casa-del-barrio-ceco\/\"},\"wordCount\":159,\"publisher\":{\"@id\":\"https:\/\/experienciadevida.com.ar\/portalurbano\/#organization\"},\"articleSection\":[\"Ciudad\",\"Destacadas 2\"],\"inLanguage\":\"es\"},{\"@type\":\"WebPage\",\"@id\":\"https:\/\/experienciadevida.com.ar\/portalurbano\/se-incendio-un-galpon-en-una-casa-del-barrio-ceco\/\",\"url\":\"https:\/\/experienciadevida.com.ar\/portalurbano\/se-incendio-un-galpon-en-una-casa-del-barrio-ceco\/\",\"name\":\"Se incendi\u00f3 un galp\u00f3n en una casa del barrio CECO\",\"isPartOf\":{\"@id\":\"https:\/\/experienciadevida.com.ar\/portalurbano\/#website\"},\"datePublished\":\"2022-02-19T02:40:16+00:00\",\"dateModified\":\"2022-02-19T03:57:41+00:00\",\"description\":\"Cerca de las 21 un incendio destruy\u00f3 un galp\u00f3n situado en una vivienda de barrio CECO I, sector UNO . Gracias a la r\u00e1pida intervenci\u00f3n de los\",\"breadcrumb\":{\"@id\":\"https:\/\/experienciadevida.com.ar\/portalurbano\/se-incendio-un-galpon-en-una-casa-del-barrio-ceco\/#breadcrumb\"},\"inLanguage\":\"es\",\"potentialAction\":[{\"@type\":\"ReadAction\",\"target\":[\"https:\/\/experienciadevida.com.ar\/portalurbano\/se-incendio-un-galpon-en-una-casa-del-barrio-ceco\/\"]}]},{\"@type\":\"BreadcrumbList\",\"@id\":\"https:\/\/experienciadevida.com.ar\/portalurbano\/se-incendio-un-galpon-en-una-casa-del-barrio-ceco\/#breadcrumb\",\"itemListElement\":[{\"@type\":\"ListItem\",\"position\":1,\"name\":\"Portada\",\"item\":\"https:\/\/experienciadevida.com.ar\/portalurbano\/\"},{\"@type\":\"ListItem\",\"position\":2,\"name\":\"Se incendi\u00f3 un galp\u00f3n en una casa del barrio CECO\"}]},{\"@type\":\"WebSite\",\"@id\":\"https:\/\/experienciadevida.com.ar\/portalurbano\/#website\",\"url\":\"https:\/\/experienciadevida.com.ar\/portalurbano\/\",\"name\":\"\",\"description\":\"\",\"publisher\":{\"@id\":\"https:\/\/experienciadevida.com.ar\/portalurbano\/#organization\"},\"potentialAction\":[{\"@type\":\"SearchAction\",\"target\":{\"@type\":\"EntryPoint\",\"urlTemplate\":\"https:\/\/experienciadevida.com.ar\/portalurbano\/?s={search_term_string}\"},\"query-input\":\"required name=search_term_string\"}],\"inLanguage\":\"es\"},{\"@type\":\"Organization\",\"@id\":\"https:\/\/experienciadevida.com.ar\/portalurbano\/#organization\",\"name\":\"Portal Urbano\",\"url\":\"https:\/\/experienciadevida.com.ar\/portalurbano\/\",\"logo\":{\"@type\":\"ImageObject\",\"inLanguage\":\"es\",\"@id\":\"https:\/\/experienciadevida.com.ar\/portalurbano\/#\/schema\/logo\/image\/\",\"url\":\"https:\/\/experienciadevida.com.ar\/portalurbano\/wp-content\/uploads\/2019\/09\/Logo-Original.png\",\"contentUrl\":\"https:\/\/experienciadevida.com.ar\/portalurbano\/wp-content\/uploads\/2019\/09\/Logo-Original.png\",\"width\":2236,\"height\":1216,\"caption\":\"Portal Urbano\"},\"image\":{\"@id\":\"https:\/\/experienciadevida.com.ar\/portalurbano\/#\/schema\/logo\/image\/\"},\"sameAs\":[\"https:\/\/www.facebook.com\/Portal-Urbano-171542830093757\/\",\"https:\/\/twitter.com\/portalurbanook\",\"https:\/\/www.instagram.com\/_portalurbano\/\",\"https:\/\/www.youtube.com\/channel\/UCXhagIfszH8KxFiOok79zbA?view_as=subscriber\"]},{\"@type\":\"Person\",\"@id\":\"https:\/\/experienciadevida.com.ar\/portalurbano\/#\/schema\/person\/02dd326b1c4b056e9cc972486934a3a7\",\"name\":\"admpu17wp\",\"image\":{\"@type\":\"ImageObject\",\"inLanguage\":\"es\",\"@id\":\"https:\/\/experienciadevida.com.ar\/portalurbano\/#\/schema\/person\/image\/\",\"url\":\"https:\/\/secure.gravatar.com\/avatar\/830d4c57adaae6630765e449a6908047?s=96&d=mm&r=g\",\"contentUrl\":\"https:\/\/secure.gravatar.com\/avatar\/830d4c57adaae6630765e449a6908047?s=96&d=mm&r=g\",\"caption\":\"admpu17wp\"}}]}<\/script>\n<!-- \/ Yoast SEO plugin. -->","yoast_head_json":{"title":"Se incendi\u00f3 un galp\u00f3n en una casa del barrio CECO","description":"Cerca de las 21 un incendio destruy\u00f3 un galp\u00f3n situado en una vivienda de barrio CECO I, sector UNO . Gracias a la r\u00e1pida intervenci\u00f3n de los","robots":{"index":"index","follow":"follow","max-snippet":"max-snippet:-1","max-image-preview":"max-image-preview:large","max-video-preview":"max-video-preview:-1"},"canonical":"https:\/\/experienciadevida.com.ar\/portalurbano\/se-incendio-un-galpon-en-una-casa-del-barrio-ceco\/","og_locale":"es_ES","og_type":"article","og_title":"Se incendi\u00f3 un galp\u00f3n en una casa del barrio CECO","og_description":"Cerca de las 21 un incendio destruy\u00f3 un galp\u00f3n situado en una vivienda de barrio CECO I, sector UNO . Gracias a la r\u00e1pida intervenci\u00f3n de los","og_url":"https:\/\/experienciadevida.com.ar\/portalurbano\/se-incendio-un-galpon-en-una-casa-del-barrio-ceco\/","article_publisher":"https:\/\/www.facebook.com\/Portal-Urbano-171542830093757\/","article_published_time":"2022-02-19T02:40:16+00:00","article_modified_time":"2022-02-19T03:57:41+00:00","og_image":[{"width":1280,"height":720,"url":"https:\/\/experienciadevida.com.ar\/portalurbano\/wp-content\/uploads\/2022\/02\/Voraz-Incendio-en-una-casa-del-sector-uno-de-barrio-ceco.jpeg","type":"image\/jpeg"}],"author":"admpu17wp","twitter_card":"summary_large_image","twitter_creator":"@portalurbanook","twitter_site":"@portalurbanook","twitter_misc":{"Escrito por":"admpu17wp","Tiempo de lectura":"2 minutos"},"schema":{"@context":"https:\/\/schema.org","@graph":[{"@type":"Article","@id":"https:\/\/experienciadevida.com.ar\/portalurbano\/se-incendio-un-galpon-en-una-casa-del-barrio-ceco\/#article","isPartOf":{"@id":"https:\/\/experienciadevida.com.ar\/portalurbano\/se-incendio-un-galpon-en-una-casa-del-barrio-ceco\/"},"author":{"name":"admpu17wp","@id":"https:\/\/experienciadevida.com.ar\/portalurbano\/#\/schema\/person\/02dd326b1c4b056e9cc972486934a3a7"},"headline":"Se incendi\u00f3 un galp\u00f3n en una casa del barrio CECO","datePublished":"2022-02-19T02:40:16+00:00","dateModified":"2022-02-19T03:57:41+00:00","mainEntityOfPage":{"@id":"https:\/\/experienciadevida.com.ar\/portalurbano\/se-incendio-un-galpon-en-una-casa-del-barrio-ceco\/"},"wordCount":159,"publisher":{"@id":"https:\/\/experienciadevida.com.ar\/portalurbano\/#organization"},"articleSection":["Ciudad","Destacadas 2"],"inLanguage":"es"},{"@type":"WebPage","@id":"https:\/\/experienciadevida.com.ar\/portalurbano\/se-incendio-un-galpon-en-una-casa-del-barrio-ceco\/","url":"https:\/\/experienciadevida.com.ar\/portalurbano\/se-incendio-un-galpon-en-una-casa-del-barrio-ceco\/","name":"Se incendi\u00f3 un galp\u00f3n en una casa del barrio CECO","isPartOf":{"@id":"https:\/\/experienciadevida.com.ar\/portalurbano\/#website"},"datePublished":"2022-02-19T02:40:16+00:00","dateModified":"2022-02-19T03:57:41+00:00","description":"Cerca de las 21 un incendio destruy\u00f3 un galp\u00f3n situado en una vivienda de barrio CECO I, sector UNO . Gracias a la r\u00e1pida intervenci\u00f3n de los","breadcrumb":{"@id":"https:\/\/experienciadevida.com.ar\/portalurbano\/se-incendio-un-galpon-en-una-casa-del-barrio-ceco\/#breadcrumb"},"inLanguage":"es","potentialAction":[{"@type":"ReadAction","target":["https:\/\/experienciadevida.com.ar\/portalurbano\/se-incendio-un-galpon-en-una-casa-del-barrio-ceco\/"]}]},{"@type":"BreadcrumbList","@id":"https:\/\/experienciadevida.com.ar\/portalurbano\/se-incendio-un-galpon-en-una-casa-del-barrio-ceco\/#breadcrumb","itemListElement":[{"@type":"ListItem","position":1,"name":"Portada","item":"https:\/\/experienciadevida.com.ar\/portalurbano\/"},{"@type":"ListItem","position":2,"name":"Se incendi\u00f3 un galp\u00f3n en una casa del barrio CECO"}]},{"@type":"WebSite","@id":"https:\/\/experienciadevida.com.ar\/portalurbano\/#website","url":"https:\/\/experienciadevida.com.ar\/portalurbano\/","name":"","description":"","publisher":{"@id":"https:\/\/experienciadevida.com.ar\/portalurbano\/#organization"},"potentialAction":[{"@type":"SearchAction","target":{"@type":"EntryPoint","urlTemplate":"https:\/\/experienciadevida.com.ar\/portalurbano\/?s={search_term_string}"},"query-input":"required name=search_term_string"}],"inLanguage":"es"},{"@type":"Organization","@id":"https:\/\/experienciadevida.com.ar\/portalurbano\/#organization","name":"Portal Urbano","url":"https:\/\/experienciadevida.com.ar\/portalurbano\/","logo":{"@type":"ImageObject","inLanguage":"es","@id":"https:\/\/experienciadevida.com.ar\/portalurbano\/#\/schema\/logo\/image\/","url":"https:\/\/experienciadevida.com.ar\/portalurbano\/wp-content\/uploads\/2019\/09\/Logo-Original.png","contentUrl":"https:\/\/experienciadevida.com.ar\/portalurbano\/wp-content\/uploads\/2019\/09\/Logo-Original.png","width":2236,"height":1216,"caption":"Portal Urbano"},"image":{"@id":"https:\/\/experienciadevida.com.ar\/portalurbano\/#\/schema\/logo\/image\/"},"sameAs":["https:\/\/www.facebook.com\/Portal-Urbano-171542830093757\/","https:\/\/twitter.com\/portalurbanook","https:\/\/www.instagram.com\/_portalurbano\/","https:\/\/www.youtube.com\/channel\/UCXhagIfszH8KxFiOok79zbA?view_as=subscriber"]},{"@type":"Person","@id":"https:\/\/experienciadevida.com.ar\/portalurbano\/#\/schema\/person\/02dd326b1c4b056e9cc972486934a3a7","name":"admpu17wp","image":{"@type":"ImageObject","inLanguage":"es","@id":"https:\/\/experienciadevida.com.ar\/portalurbano\/#\/schema\/person\/image\/","url":"https:\/\/secure.gravatar.com\/avatar\/830d4c57adaae6630765e449a6908047?s=96&d=mm&r=g","contentUrl":"https:\/\/secure.gravatar.com\/avatar\/830d4c57adaae6630765e449a6908047?s=96&d=mm&r=g","caption":"admpu17wp"}}]}},"featured_image_urls":{"full":["https:\/\/experienciadevida.com.ar\/portalurbano\/wp-content\/uploads\/2022\/02\/Voraz-Incendio-en-una-casa-del-sector-uno-de-barrio-ceco.jpeg",1280,720,false],"thumbnail":["https:\/\/experienciadevida.com.ar\/portalurbano\/wp-content\/uploads\/2022\/02\/Voraz-Incendio-en-una-casa-del-sector-uno-de-barrio-ceco-150x150.jpeg",150,150,true],"medium":["https:\/\/experienciadevida.com.ar\/portalurbano\/wp-content\/uploads\/2022\/02\/Voraz-Incendio-en-una-casa-del-sector-uno-de-barrio-ceco-300x169.jpeg",300,169,true],"medium_large":["https:\/\/experienciadevida.com.ar\/portalurbano\/wp-content\/uploads\/2022\/02\/Voraz-Incendio-en-una-casa-del-sector-uno-de-barrio-ceco-768x432.jpeg",640,360,true],"large":["https:\/\/experienciadevida.com.ar\/portalurbano\/wp-content\/uploads\/2022\/02\/Voraz-Incendio-en-una-casa-del-sector-uno-de-barrio-ceco-1024x576.jpeg",640,360,true],"ug_big":["https:\/\/experienciadevida.com.ar\/portalurbano\/wp-content\/uploads\/2022\/02\/Voraz-Incendio-en-una-casa-del-sector-uno-de-barrio-ceco-768x432.jpeg",768,432,true],"1536x1536":["https:\/\/experienciadevida.com.ar\/portalurbano\/wp-content\/uploads\/2022\/02\/Voraz-Incendio-en-una-casa-del-sector-uno-de-barrio-ceco.jpeg",1280,720,false],"2048x2048":["https:\/\/experienciadevida.com.ar\/portalurbano\/wp-content\/uploads\/2022\/02\/Voraz-Incendio-en-una-casa-del-sector-uno-de-barrio-ceco.jpeg",1280,720,false],"newsever-slider-full":["https:\/\/experienciadevida.com.ar\/portalurbano\/wp-content\/uploads\/2022\/02\/Voraz-Incendio-en-una-casa-del-sector-uno-de-barrio-ceco.jpeg",1280,720,false],"newsever-featured":["https:\/\/experienciadevida.com.ar\/portalurbano\/wp-content\/uploads\/2022\/02\/Voraz-Incendio-en-una-casa-del-sector-uno-de-barrio-ceco.jpeg",1024,576,false],"newsever-medium":["https:\/\/experienciadevida.com.ar\/portalurbano\/wp-content\/uploads\/2022\/02\/Voraz-Incendio-en-una-casa-del-sector-uno-de-barrio-ceco.jpeg",720,405,false],"web-stories-poster-portrait":["https:\/\/experienciadevida.com.ar\/portalurbano\/wp-content\/uploads\/2022\/02\/Voraz-Incendio-en-una-casa-del-sector-uno-de-barrio-ceco.jpeg",640,360,false],"web-stories-publisher-logo":["https:\/\/experienciadevida.com.ar\/portalurbano\/wp-content\/uploads\/2022\/02\/Voraz-Incendio-en-una-casa-del-sector-uno-de-barrio-ceco.jpeg",96,54,false],"web-stories-thumbnail":["https:\/\/experienciadevida.com.ar\/portalurbano\/wp-content\/uploads\/2022\/02\/Voraz-Incendio-en-una-casa-del-sector-uno-de-barrio-ceco.jpeg",150,84,false]},"author_info":{"display_name":"admpu17wp","author_link":"https:\/\/experienciadevida.com.ar\/portalurbano\/author\/admpu17wp\/"},"category_info":"<a href=\"https:\/\/experienciadevida.com.ar\/portalurbano\/category\/ciudad\/\" rel=\"category tag\">Ciudad<\/a> <a href=\"https:\/\/experienciadevida.com.ar\/portalurbano\/category\/destacadas-2\/\" rel=\"category tag\">Destacadas 2<\/a>","tag_info":"Destacadas 2","comment_count":"0","amp_enabled":true,"_links":{"self":[{"href":"https:\/\/experienciadevida.com.ar\/portalurbano\/wp-json\/wp\/v2\/posts\/162051"}],"collection":[{"href":"https:\/\/experienciadevida.com.ar\/portalurbano\/wp-json\/wp\/v2\/posts"}],"about":[{"href":"https:\/\/experienciadevida.com.ar\/portalurbano\/wp-json\/wp\/v2\/types\/post"}],"author":[{"embeddable":true,"href":"https:\/\/experienciadevida.com.ar\/portalurbano\/wp-json\/wp\/v2\/users\/1"}],"replies":[{"embeddable":true,"href":"https:\/\/experienciadevida.com.ar\/portalurbano\/wp-json\/wp\/v2\/comments?post=162051"}],"version-history":[{"count":9,"href":"https:\/\/experienciadevida.com.ar\/portalurbano\/wp-json\/wp\/v2\/posts\/162051\/revisions"}],"predecessor-version":[{"id":162067,"href":"https:\/\/experienciadevida.com.ar\/portalurbano\/wp-json\/wp\/v2\/posts\/162051\/revisions\/162067"}],"wp:featuredmedia":[{"embeddable":true,"href":"https:\/\/experienciadevida.com.ar\/portalurbano\/wp-json\/wp\/v2\/media\/162059"}],"wp:attachment":[{"href":"https:\/\/experienciadevida.com.ar\/portalurbano\/wp-json\/wp\/v2\/media?parent=162051"}],"wp:term":[{"taxonomy":"category","embeddable":true,"href":"https:\/\/experienciadevida.com.ar\/portalurbano\/wp-json\/wp\/v2\/categories?post=162051"},{"taxonomy":"post_tag","embeddable":true,"href":"https:\/\/experienciadevida.com.ar\/portalurbano\/wp-json\/wp\/v2\/tags?post=162051"}],"curies":[{"name":"wp","href":"https:\/\/api.w.org\/{rel}","templated":true}]}}