{"id":162023,"date":"2022-02-18T17:02:28","date_gmt":"2022-02-18T20:02:28","guid":{"rendered":"https:\/\/experienciadevida.com.ar\/portalurbano\/?p=162023"},"modified":"2022-02-18T17:34:21","modified_gmt":"2022-02-18T20:34:21","slug":"explosion-en-enaex-argentina-no-tenemos-total-certeza-de-las-causas-que-produjeron-el-accidente-y-de-sus-consecuencias-definitivas","status":"publish","type":"post","link":"https:\/\/experienciadevida.com.ar\/portalurbano\/explosion-en-enaex-argentina-no-tenemos-total-certeza-de-las-causas-que-produjeron-el-accidente-y-de-sus-consecuencias-definitivas\/","title":{"rendered":"Explosi\u00f3n en Enaex Argentina: \u201cNo tenemos total certeza de las causas que produjeron el accidente y de sus consecuencias definitivas\u201d"},"content":{"rendered":"<p>Explosi\u00f3n en Enaex Argentina: \u201cNo tenemos total certeza de las causas que produjeron el accidente y de sus consecuencias definitivas\u201d.<\/p>\n<p>En la tarde de este viernes, el intendente Ezequiel <a href=\"https:\/\/www.facebook.com\/galliezequiel\">Galli<\/a> encabez\u00f3 una conferencia de prensa en relaci\u00f3n a la explosi\u00f3n en los poolvorines Enaex Argentina.<\/p>\n<p>Estuvo acompa\u00f1ado por los secretarios de Gobierno Hilario Galli y de Desarrollo Humano y Calidad de Vida Diego Robbiani y el subsecretario de Salud Christian Waimann.<\/p>\n<p>\u201cFue importante la organizaci\u00f3n de esta conferencia para poder brindar informaci\u00f3n veraz acerca de los hechos que se sucedieron hoy por la ma\u00f1ana en la zona de los Polvorines Enaex. Junto a las fuerzas de emergencia, estuvimos hoy en la zona, pero debido a la gravedad del hecho y a los incendios que a\u00fan no se pueden apagar, no tenemos total certeza de las causas que produjeron el accidente y de sus consecuencias definitivas\u201d, dijo el Intendente en conferencia de prensa.<\/p>\n<p><a href=\"https:\/\/experienciadevida.com.ar\/portalurbano\/explosion-en-enaex-argentina-no-tenemos-total-certeza-de-las-causas-que-produjeron-el-accidente-y-de-sus-consecuencias-definitivas\/explosion\/\" rel=\"attachment wp-att-162027\"><img decoding=\"async\" class=\"alignnone size-large wp-image-162027\" src=\"https:\/\/experienciadevida.com.ar\/portalurbano\/wp-content\/uploads\/2022\/02\/Explosion-1024x684.jpg\" alt=\"Exoplosi\u00f3n \" width=\"900\" height=\"601\" srcset=\"https:\/\/experienciadevida.com.ar\/portalurbano\/wp-content\/uploads\/2022\/02\/Explosion-1024x684.jpg 1024w, https:\/\/experienciadevida.com.ar\/portalurbano\/wp-content\/uploads\/2022\/02\/Explosion-300x201.jpg 300w, https:\/\/experienciadevida.com.ar\/portalurbano\/wp-content\/uploads\/2022\/02\/Explosion-768x513.jpg 768w, https:\/\/experienciadevida.com.ar\/portalurbano\/wp-content\/uploads\/2022\/02\/Explosion-1536x1027.jpg 1536w, https:\/\/experienciadevida.com.ar\/portalurbano\/wp-content\/uploads\/2022\/02\/Explosion-2048x1369.jpg 2048w\" sizes=\"(max-width: 900px) 100vw, 900px\" \/><\/a><\/p>\n<p>Asimismo se\u00f1al\u00f3 que \u201cde acuerdo a lo investigado en forma conjunta con las autoridades de la empresa, instantes antes del siniestro, hab\u00eda cuatro personas trabajando en el lugar y hasta el momento tenemos conocimiento de que una de ellas est\u00e1 en el Hospital, fuera de peligro. Estamos angustiados, porque la magnitud del siniestro nos hace prever un desenlace fatal\u201d.<\/p>\n<p>\u201cAutoridades Municipales, Defensa Civil y Bomberos, est\u00e1n haciendo todo lo posible para apagar las llamas y continuar con su tarea. En el momento de la explosi\u00f3n, las 4 personas, 2 argentinos empleados de la f\u00e1brica y dos brasileros, se encontraban realizando tareas de descarga de material. Seguiremos trabajando para poder lograr certezas y mantenerlos informados\u201d, manifest\u00f3.<\/p>\n<p>En este sentido asegur\u00f3 que \u201cen relaci\u00f3n a sus familiares, amigos y compa\u00f1eros de trabajo, la primera acci\u00f3n fue asistirlos con un equipo de m\u00e9dicos y psic\u00f3logos\u201d.<\/p>\n<p>\u201cY por esta raz\u00f3n, quedan suspendidos los Corsos Oficiales que iniciar\u00edan este viernes y hasta el 20 de febrero en el Cors\u00f3dromo Municipal \u201cGabriel Antonio\u201d. Debemos dar prioridad a la situaci\u00f3n y pensar en las familias de los involucrados\u201d, concluy\u00f3.<\/p>\n","protected":false},"excerpt":{"rendered":"<p>Explosi\u00f3n en Enaex Argentina: \u201cNo tenemos total certeza de las causas que produjeron el accidente&#8230;<\/p>\n","protected":false},"author":1,"featured_media":162024,"comment_status":"closed","ping_status":"closed","sticky":false,"template":"","format":"standard","meta":{"content-type":""},"categories":[27,51],"tags":[],"nelio_content":{"isAutoShareEnabled":false,"autoShareEndMode":"default","automationSources":{"useContentSentences":true,"useSocialTemplates":true,"useCustomSentences":false,"customSentences":[]},"followers":[1],"suggestedReferences":[],"includedReferences":[],"efiUrl":"","efiAlt":"","highlights":[]},"yoast_head":"<!-- This site is optimized with the Yoast SEO plugin v20.7 - https:\/\/yoast.com\/wordpress\/plugins\/seo\/ -->\n<title>Explosi\u00f3n en Enaex Argentina: &quot;No tenemos total certeza de las causas&quot;<\/title>\n<meta name=\"description\" content=\"Explosi\u00f3n en Enaex Argentina: \u201cNo tenemos total certeza de las causas que produjeron el accidente y de sus consecuencias definitivas&quot;.\" \/>\n<meta name=\"robots\" content=\"index, follow, max-snippet:-1, max-image-preview:large, max-video-preview:-1\" \/>\n<link rel=\"canonical\" href=\"https:\/\/experienciadevida.com.ar\/portalurbano\/explosion-en-enaex-argentina-no-tenemos-total-certeza-de-las-causas-que-produjeron-el-accidente-y-de-sus-consecuencias-definitivas\/\" \/>\n<meta property=\"og:locale\" content=\"es_ES\" \/>\n<meta property=\"og:type\" content=\"article\" \/>\n<meta property=\"og:title\" content=\"Explosi\u00f3n en Enaex Argentina: &quot;No tenemos total certeza de las causas&quot;\" \/>\n<meta property=\"og:description\" content=\"Explosi\u00f3n en Enaex Argentina: \u201cNo tenemos total certeza de las causas que produjeron el accidente y de sus consecuencias definitivas&quot;.\" \/>\n<meta property=\"og:url\" content=\"https:\/\/experienciadevida.com.ar\/portalurbano\/explosion-en-enaex-argentina-no-tenemos-total-certeza-de-las-causas-que-produjeron-el-accidente-y-de-sus-consecuencias-definitivas\/\" \/>\n<meta property=\"article:publisher\" content=\"https:\/\/www.facebook.com\/Portal-Urbano-171542830093757\/\" \/>\n<meta property=\"article:published_time\" content=\"2022-02-18T20:02:28+00:00\" \/>\n<meta property=\"article:modified_time\" content=\"2022-02-18T20:34:21+00:00\" \/>\n<meta property=\"og:image\" content=\"https:\/\/experienciadevida.com.ar\/portalurbano\/wp-content\/uploads\/2022\/02\/Explosion-en-Enaex-Argentina.jpg\" \/>\n\t<meta property=\"og:image:width\" content=\"2560\" \/>\n\t<meta property=\"og:image:height\" content=\"1711\" \/>\n\t<meta property=\"og:image:type\" content=\"image\/jpeg\" \/>\n<meta name=\"author\" content=\"admpu17wp\" \/>\n<meta name=\"twitter:card\" content=\"summary_large_image\" \/>\n<meta name=\"twitter:creator\" content=\"@portalurbanook\" \/>\n<meta name=\"twitter:site\" content=\"@portalurbanook\" \/>\n<meta name=\"twitter:label1\" content=\"Escrito por\" \/>\n\t<meta name=\"twitter:data1\" content=\"admpu17wp\" \/>\n\t<meta name=\"twitter:label2\" content=\"Tiempo de lectura\" \/>\n\t<meta name=\"twitter:data2\" content=\"2 minutos\" \/>\n<script type=\"application\/ld+json\" class=\"yoast-schema-graph\">{\"@context\":\"https:\/\/schema.org\",\"@graph\":[{\"@type\":\"Article\",\"@id\":\"https:\/\/experienciadevida.com.ar\/portalurbano\/explosion-en-enaex-argentina-no-tenemos-total-certeza-de-las-causas-que-produjeron-el-accidente-y-de-sus-consecuencias-definitivas\/#article\",\"isPartOf\":{\"@id\":\"https:\/\/experienciadevida.com.ar\/portalurbano\/explosion-en-enaex-argentina-no-tenemos-total-certeza-de-las-causas-que-produjeron-el-accidente-y-de-sus-consecuencias-definitivas\/\"},\"author\":{\"name\":\"admpu17wp\",\"@id\":\"https:\/\/experienciadevida.com.ar\/portalurbano\/#\/schema\/person\/02dd326b1c4b056e9cc972486934a3a7\"},\"headline\":\"Explosi\u00f3n en Enaex Argentina: \u201cNo tenemos total certeza de las causas que produjeron el accidente y de sus consecuencias definitivas\u201d\",\"datePublished\":\"2022-02-18T20:02:28+00:00\",\"dateModified\":\"2022-02-18T20:34:21+00:00\",\"mainEntityOfPage\":{\"@id\":\"https:\/\/experienciadevida.com.ar\/portalurbano\/explosion-en-enaex-argentina-no-tenemos-total-certeza-de-las-causas-que-produjeron-el-accidente-y-de-sus-consecuencias-definitivas\/\"},\"wordCount\":374,\"publisher\":{\"@id\":\"https:\/\/experienciadevida.com.ar\/portalurbano\/#organization\"},\"articleSection\":[\"Ciudad\",\"Destacadas\"],\"inLanguage\":\"es\"},{\"@type\":\"WebPage\",\"@id\":\"https:\/\/experienciadevida.com.ar\/portalurbano\/explosion-en-enaex-argentina-no-tenemos-total-certeza-de-las-causas-que-produjeron-el-accidente-y-de-sus-consecuencias-definitivas\/\",\"url\":\"https:\/\/experienciadevida.com.ar\/portalurbano\/explosion-en-enaex-argentina-no-tenemos-total-certeza-de-las-causas-que-produjeron-el-accidente-y-de-sus-consecuencias-definitivas\/\",\"name\":\"Explosi\u00f3n en Enaex Argentina: \\\"No tenemos total certeza de las causas\\\"\",\"isPartOf\":{\"@id\":\"https:\/\/experienciadevida.com.ar\/portalurbano\/#website\"},\"datePublished\":\"2022-02-18T20:02:28+00:00\",\"dateModified\":\"2022-02-18T20:34:21+00:00\",\"description\":\"Explosi\u00f3n en Enaex Argentina: \u201cNo tenemos total certeza de las causas que produjeron el accidente y de sus consecuencias definitivas\\\".\",\"breadcrumb\":{\"@id\":\"https:\/\/experienciadevida.com.ar\/portalurbano\/explosion-en-enaex-argentina-no-tenemos-total-certeza-de-las-causas-que-produjeron-el-accidente-y-de-sus-consecuencias-definitivas\/#breadcrumb\"},\"inLanguage\":\"es\",\"potentialAction\":[{\"@type\":\"ReadAction\",\"target\":[\"https:\/\/experienciadevida.com.ar\/portalurbano\/explosion-en-enaex-argentina-no-tenemos-total-certeza-de-las-causas-que-produjeron-el-accidente-y-de-sus-consecuencias-definitivas\/\"]}]},{\"@type\":\"BreadcrumbList\",\"@id\":\"https:\/\/experienciadevida.com.ar\/portalurbano\/explosion-en-enaex-argentina-no-tenemos-total-certeza-de-las-causas-que-produjeron-el-accidente-y-de-sus-consecuencias-definitivas\/#breadcrumb\",\"itemListElement\":[{\"@type\":\"ListItem\",\"position\":1,\"name\":\"Portada\",\"item\":\"https:\/\/experienciadevida.com.ar\/portalurbano\/\"},{\"@type\":\"ListItem\",\"position\":2,\"name\":\"Explosi\u00f3n en Enaex Argentina: \u201cNo tenemos total certeza de las causas que produjeron el accidente y de sus consecuencias definitivas\u201d\"}]},{\"@type\":\"WebSite\",\"@id\":\"https:\/\/experienciadevida.com.ar\/portalurbano\/#website\",\"url\":\"https:\/\/experienciadevida.com.ar\/portalurbano\/\",\"name\":\"\",\"description\":\"\",\"publisher\":{\"@id\":\"https:\/\/experienciadevida.com.ar\/portalurbano\/#organization\"},\"potentialAction\":[{\"@type\":\"SearchAction\",\"target\":{\"@type\":\"EntryPoint\",\"urlTemplate\":\"https:\/\/experienciadevida.com.ar\/portalurbano\/?s={search_term_string}\"},\"query-input\":\"required name=search_term_string\"}],\"inLanguage\":\"es\"},{\"@type\":\"Organization\",\"@id\":\"https:\/\/experienciadevida.com.ar\/portalurbano\/#organization\",\"name\":\"Portal Urbano\",\"url\":\"https:\/\/experienciadevida.com.ar\/portalurbano\/\",\"logo\":{\"@type\":\"ImageObject\",\"inLanguage\":\"es\",\"@id\":\"https:\/\/experienciadevida.com.ar\/portalurbano\/#\/schema\/logo\/image\/\",\"url\":\"https:\/\/experienciadevida.com.ar\/portalurbano\/wp-content\/uploads\/2019\/09\/Logo-Original.png\",\"contentUrl\":\"https:\/\/experienciadevida.com.ar\/portalurbano\/wp-content\/uploads\/2019\/09\/Logo-Original.png\",\"width\":2236,\"height\":1216,\"caption\":\"Portal Urbano\"},\"image\":{\"@id\":\"https:\/\/experienciadevida.com.ar\/portalurbano\/#\/schema\/logo\/image\/\"},\"sameAs\":[\"https:\/\/www.facebook.com\/Portal-Urbano-171542830093757\/\",\"https:\/\/twitter.com\/portalurbanook\",\"https:\/\/www.instagram.com\/_portalurbano\/\",\"https:\/\/www.youtube.com\/channel\/UCXhagIfszH8KxFiOok79zbA?view_as=subscriber\"]},{\"@type\":\"Person\",\"@id\":\"https:\/\/experienciadevida.com.ar\/portalurbano\/#\/schema\/person\/02dd326b1c4b056e9cc972486934a3a7\",\"name\":\"admpu17wp\",\"image\":{\"@type\":\"ImageObject\",\"inLanguage\":\"es\",\"@id\":\"https:\/\/experienciadevida.com.ar\/portalurbano\/#\/schema\/person\/image\/\",\"url\":\"https:\/\/secure.gravatar.com\/avatar\/830d4c57adaae6630765e449a6908047?s=96&d=mm&r=g\",\"contentUrl\":\"https:\/\/secure.gravatar.com\/avatar\/830d4c57adaae6630765e449a6908047?s=96&d=mm&r=g\",\"caption\":\"admpu17wp\"}}]}<\/script>\n<!-- \/ Yoast SEO plugin. -->","yoast_head_json":{"title":"Explosi\u00f3n en Enaex Argentina: \"No tenemos total certeza de las causas\"","description":"Explosi\u00f3n en Enaex Argentina: \u201cNo tenemos total certeza de las causas que produjeron el accidente y de sus consecuencias definitivas\".","robots":{"index":"index","follow":"follow","max-snippet":"max-snippet:-1","max-image-preview":"max-image-preview:large","max-video-preview":"max-video-preview:-1"},"canonical":"https:\/\/experienciadevida.com.ar\/portalurbano\/explosion-en-enaex-argentina-no-tenemos-total-certeza-de-las-causas-que-produjeron-el-accidente-y-de-sus-consecuencias-definitivas\/","og_locale":"es_ES","og_type":"article","og_title":"Explosi\u00f3n en Enaex Argentina: \"No tenemos total certeza de las causas\"","og_description":"Explosi\u00f3n en Enaex Argentina: \u201cNo tenemos total certeza de las causas que produjeron el accidente y de sus consecuencias definitivas\".","og_url":"https:\/\/experienciadevida.com.ar\/portalurbano\/explosion-en-enaex-argentina-no-tenemos-total-certeza-de-las-causas-que-produjeron-el-accidente-y-de-sus-consecuencias-definitivas\/","article_publisher":"https:\/\/www.facebook.com\/Portal-Urbano-171542830093757\/","article_published_time":"2022-02-18T20:02:28+00:00","article_modified_time":"2022-02-18T20:34:21+00:00","og_image":[{"width":2560,"height":1711,"url":"https:\/\/experienciadevida.com.ar\/portalurbano\/wp-content\/uploads\/2022\/02\/Explosion-en-Enaex-Argentina.jpg","type":"image\/jpeg"}],"author":"admpu17wp","twitter_card":"summary_large_image","twitter_creator":"@portalurbanook","twitter_site":"@portalurbanook","twitter_misc":{"Escrito por":"admpu17wp","Tiempo de lectura":"2 minutos"},"schema":{"@context":"https:\/\/schema.org","@graph":[{"@type":"Article","@id":"https:\/\/experienciadevida.com.ar\/portalurbano\/explosion-en-enaex-argentina-no-tenemos-total-certeza-de-las-causas-que-produjeron-el-accidente-y-de-sus-consecuencias-definitivas\/#article","isPartOf":{"@id":"https:\/\/experienciadevida.com.ar\/portalurbano\/explosion-en-enaex-argentina-no-tenemos-total-certeza-de-las-causas-que-produjeron-el-accidente-y-de-sus-consecuencias-definitivas\/"},"author":{"name":"admpu17wp","@id":"https:\/\/experienciadevida.com.ar\/portalurbano\/#\/schema\/person\/02dd326b1c4b056e9cc972486934a3a7"},"headline":"Explosi\u00f3n en Enaex Argentina: \u201cNo tenemos total certeza de las causas que produjeron el accidente y de sus consecuencias definitivas\u201d","datePublished":"2022-02-18T20:02:28+00:00","dateModified":"2022-02-18T20:34:21+00:00","mainEntityOfPage":{"@id":"https:\/\/experienciadevida.com.ar\/portalurbano\/explosion-en-enaex-argentina-no-tenemos-total-certeza-de-las-causas-que-produjeron-el-accidente-y-de-sus-consecuencias-definitivas\/"},"wordCount":374,"publisher":{"@id":"https:\/\/experienciadevida.com.ar\/portalurbano\/#organization"},"articleSection":["Ciudad","Destacadas"],"inLanguage":"es"},{"@type":"WebPage","@id":"https:\/\/experienciadevida.com.ar\/portalurbano\/explosion-en-enaex-argentina-no-tenemos-total-certeza-de-las-causas-que-produjeron-el-accidente-y-de-sus-consecuencias-definitivas\/","url":"https:\/\/experienciadevida.com.ar\/portalurbano\/explosion-en-enaex-argentina-no-tenemos-total-certeza-de-las-causas-que-produjeron-el-accidente-y-de-sus-consecuencias-definitivas\/","name":"Explosi\u00f3n en Enaex Argentina: \"No tenemos total certeza de las causas\"","isPartOf":{"@id":"https:\/\/experienciadevida.com.ar\/portalurbano\/#website"},"datePublished":"2022-02-18T20:02:28+00:00","dateModified":"2022-02-18T20:34:21+00:00","description":"Explosi\u00f3n en Enaex Argentina: \u201cNo tenemos total certeza de las causas que produjeron el accidente y de sus consecuencias definitivas\".","breadcrumb":{"@id":"https:\/\/experienciadevida.com.ar\/portalurbano\/explosion-en-enaex-argentina-no-tenemos-total-certeza-de-las-causas-que-produjeron-el-accidente-y-de-sus-consecuencias-definitivas\/#breadcrumb"},"inLanguage":"es","potentialAction":[{"@type":"ReadAction","target":["https:\/\/experienciadevida.com.ar\/portalurbano\/explosion-en-enaex-argentina-no-tenemos-total-certeza-de-las-causas-que-produjeron-el-accidente-y-de-sus-consecuencias-definitivas\/"]}]},{"@type":"BreadcrumbList","@id":"https:\/\/experienciadevida.com.ar\/portalurbano\/explosion-en-enaex-argentina-no-tenemos-total-certeza-de-las-causas-que-produjeron-el-accidente-y-de-sus-consecuencias-definitivas\/#breadcrumb","itemListElement":[{"@type":"ListItem","position":1,"name":"Portada","item":"https:\/\/experienciadevida.com.ar\/portalurbano\/"},{"@type":"ListItem","position":2,"name":"Explosi\u00f3n en Enaex Argentina: \u201cNo tenemos total certeza de las causas que produjeron el accidente y de sus consecuencias definitivas\u201d"}]},{"@type":"WebSite","@id":"https:\/\/experienciadevida.com.ar\/portalurbano\/#website","url":"https:\/\/experienciadevida.com.ar\/portalurbano\/","name":"","description":"","publisher":{"@id":"https:\/\/experienciadevida.com.ar\/portalurbano\/#organization"},"potentialAction":[{"@type":"SearchAction","target":{"@type":"EntryPoint","urlTemplate":"https:\/\/experienciadevida.com.ar\/portalurbano\/?s={search_term_string}"},"query-input":"required name=search_term_string"}],"inLanguage":"es"},{"@type":"Organization","@id":"https:\/\/experienciadevida.com.ar\/portalurbano\/#organization","name":"Portal Urbano","url":"https:\/\/experienciadevida.com.ar\/portalurbano\/","logo":{"@type":"ImageObject","inLanguage":"es","@id":"https:\/\/experienciadevida.com.ar\/portalurbano\/#\/schema\/logo\/image\/","url":"https:\/\/experienciadevida.com.ar\/portalurbano\/wp-content\/uploads\/2019\/09\/Logo-Original.png","contentUrl":"https:\/\/experienciadevida.com.ar\/portalurbano\/wp-content\/uploads\/2019\/09\/Logo-Original.png","width":2236,"height":1216,"caption":"Portal Urbano"},"image":{"@id":"https:\/\/experienciadevida.com.ar\/portalurbano\/#\/schema\/logo\/image\/"},"sameAs":["https:\/\/www.facebook.com\/Portal-Urbano-171542830093757\/","https:\/\/twitter.com\/portalurbanook","https:\/\/www.instagram.com\/_portalurbano\/","https:\/\/www.youtube.com\/channel\/UCXhagIfszH8KxFiOok79zbA?view_as=subscriber"]},{"@type":"Person","@id":"https:\/\/experienciadevida.com.ar\/portalurbano\/#\/schema\/person\/02dd326b1c4b056e9cc972486934a3a7","name":"admpu17wp","image":{"@type":"ImageObject","inLanguage":"es","@id":"https:\/\/experienciadevida.com.ar\/portalurbano\/#\/schema\/person\/image\/","url":"https:\/\/secure.gravatar.com\/avatar\/830d4c57adaae6630765e449a6908047?s=96&d=mm&r=g","contentUrl":"https:\/\/secure.gravatar.com\/avatar\/830d4c57adaae6630765e449a6908047?s=96&d=mm&r=g","caption":"admpu17wp"}}]}},"featured_image_urls":{"full":["https:\/\/experienciadevida.com.ar\/portalurbano\/wp-content\/uploads\/2022\/02\/Explosion-en-Enaex-Argentina.jpg",2560,1711,false],"thumbnail":["https:\/\/experienciadevida.com.ar\/portalurbano\/wp-content\/uploads\/2022\/02\/Explosion-en-Enaex-Argentina-150x150.jpg",150,150,true],"medium":["https:\/\/experienciadevida.com.ar\/portalurbano\/wp-content\/uploads\/2022\/02\/Explosion-en-Enaex-Argentina-300x201.jpg",300,201,true],"medium_large":["https:\/\/experienciadevida.com.ar\/portalurbano\/wp-content\/uploads\/2022\/02\/Explosion-en-Enaex-Argentina-768x513.jpg",640,428,true],"large":["https:\/\/experienciadevida.com.ar\/portalurbano\/wp-content\/uploads\/2022\/02\/Explosion-en-Enaex-Argentina-1024x684.jpg",640,428,true],"ug_big":["https:\/\/experienciadevida.com.ar\/portalurbano\/wp-content\/uploads\/2022\/02\/Explosion-en-Enaex-Argentina-768x513.jpg",768,513,true],"1536x1536":["https:\/\/experienciadevida.com.ar\/portalurbano\/wp-content\/uploads\/2022\/02\/Explosion-en-Enaex-Argentina-1536x1027.jpg",1536,1027,true],"2048x2048":["https:\/\/experienciadevida.com.ar\/portalurbano\/wp-content\/uploads\/2022\/02\/Explosion-en-Enaex-Argentina-2048x1369.jpg",2048,1369,true],"newsever-slider-full":["https:\/\/experienciadevida.com.ar\/portalurbano\/wp-content\/uploads\/2022\/02\/Explosion-en-Enaex-Argentina.jpg",1264,845,false],"newsever-featured":["https:\/\/experienciadevida.com.ar\/portalurbano\/wp-content\/uploads\/2022\/02\/Explosion-en-Enaex-Argentina.jpg",1024,684,false],"newsever-medium":["https:\/\/experienciadevida.com.ar\/portalurbano\/wp-content\/uploads\/2022\/02\/Explosion-en-Enaex-Argentina.jpg",711,475,false],"web-stories-poster-portrait":["https:\/\/experienciadevida.com.ar\/portalurbano\/wp-content\/uploads\/2022\/02\/Explosion-en-Enaex-Argentina.jpg",640,428,false],"web-stories-publisher-logo":["https:\/\/experienciadevida.com.ar\/portalurbano\/wp-content\/uploads\/2022\/02\/Explosion-en-Enaex-Argentina.jpg",96,64,false],"web-stories-thumbnail":["https:\/\/experienciadevida.com.ar\/portalurbano\/wp-content\/uploads\/2022\/02\/Explosion-en-Enaex-Argentina.jpg",150,100,false]},"author_info":{"display_name":"admpu17wp","author_link":"https:\/\/experienciadevida.com.ar\/portalurbano\/author\/admpu17wp\/"},"category_info":"<a href=\"https:\/\/experienciadevida.com.ar\/portalurbano\/category\/ciudad\/\" rel=\"category tag\">Ciudad<\/a> <a href=\"https:\/\/experienciadevida.com.ar\/portalurbano\/category\/destacadas\/\" rel=\"category tag\">Destacadas<\/a>","tag_info":"Destacadas","comment_count":"0","amp_enabled":true,"_links":{"self":[{"href":"https:\/\/experienciadevida.com.ar\/portalurbano\/wp-json\/wp\/v2\/posts\/162023"}],"collection":[{"href":"https:\/\/experienciadevida.com.ar\/portalurbano\/wp-json\/wp\/v2\/posts"}],"about":[{"href":"https:\/\/experienciadevida.com.ar\/portalurbano\/wp-json\/wp\/v2\/types\/post"}],"author":[{"embeddable":true,"href":"https:\/\/experienciadevida.com.ar\/portalurbano\/wp-json\/wp\/v2\/users\/1"}],"replies":[{"embeddable":true,"href":"https:\/\/experienciadevida.com.ar\/portalurbano\/wp-json\/wp\/v2\/comments?post=162023"}],"version-history":[{"count":3,"href":"https:\/\/experienciadevida.com.ar\/portalurbano\/wp-json\/wp\/v2\/posts\/162023\/revisions"}],"predecessor-version":[{"id":162028,"href":"https:\/\/experienciadevida.com.ar\/portalurbano\/wp-json\/wp\/v2\/posts\/162023\/revisions\/162028"}],"wp:featuredmedia":[{"embeddable":true,"href":"https:\/\/experienciadevida.com.ar\/portalurbano\/wp-json\/wp\/v2\/media\/162024"}],"wp:attachment":[{"href":"https:\/\/experienciadevida.com.ar\/portalurbano\/wp-json\/wp\/v2\/media?parent=162023"}],"wp:term":[{"taxonomy":"category","embeddable":true,"href":"https:\/\/experienciadevida.com.ar\/portalurbano\/wp-json\/wp\/v2\/categories?post=162023"},{"taxonomy":"post_tag","embeddable":true,"href":"https:\/\/experienciadevida.com.ar\/portalurbano\/wp-json\/wp\/v2\/tags?post=162023"}],"curies":[{"name":"wp","href":"https:\/\/api.w.org\/{rel}","templated":true}]}}