{"id":162010,"date":"2022-02-18T13:40:22","date_gmt":"2022-02-18T16:40:22","guid":{"rendered":"https:\/\/experienciadevida.com.ar\/portalurbano\/?p=162010"},"modified":"2022-02-18T13:42:13","modified_gmt":"2022-02-18T16:42:13","slug":"artes-visuales-benitez-y-aguilera-deberian-dar-explicaciones","status":"publish","type":"post","link":"https:\/\/experienciadevida.com.ar\/portalurbano\/artes-visuales-benitez-y-aguilera-deberian-dar-explicaciones\/","title":{"rendered":"Artes Visuales: \u201cBen\u00edtez y Aguilera deber\u00edan dar explicaciones\u201d"},"content":{"rendered":"<p>Artes Visuales: \u201cBen\u00edtez y <a href=\"https:\/\/www.facebook.com\/FedericoAguile5\">Aguilera<\/a> deber\u00edan dar explicaciones\u201d, as\u00ed lo dijo el Presidente del Consejo Escolar Bruno Di Carlo tras la demora en el inicio de la obra.<\/p>\n<p>El presidente del Consejo Escolar Bruno Di Carlo se refiri\u00f3 al no inicio de obra del nuevo edificio de la Escuela de Artes Visuales \u201cMiguel \u00c1ngel Galgano\u201d.<\/p>\n<p>Al respecto, Di Carlo dijo: \u201cestamos con mucha preocupaci\u00f3n porque el Jefe Distrital Julio Ben\u00edtez y el Subsecretario de Miner\u00eda Federico Aguilera prometieron el nuevo edificio de Artes Visuales y al d\u00eda de hoy el gobierno<br \/>\nde la provincia de Buenos Aires no desembols\u00f3 la partida para el inicio de obra\u201d.<\/p>\n<p>En este sentido, Di Carlo expres\u00f3: \u201cBen\u00edtez y Aguilera deber\u00edan dar explicaciones de esta situaci\u00f3n que lamentablemente afecta a la comunidad educativa de dicha instituci\u00f3n. Estamos cansados de anuncios y promesas que no se cumplen\u201d.<\/p>\n<p>\u201cEl Municipio realiz\u00f3 la licitaci\u00f3n el pasado 29 de noviembre y, posteriormente, envi\u00f3 la documentaci\u00f3n requerida por el Subsecretario de Infraestructura Escolar Ariel Lambezat, quien especific\u00f3 c\u00f3mo iban a ser los desembolsos correspondientes\u201d, agreg\u00f3.<\/p>\n<p>Adem\u00e1s, el titular del Consejo Escolar explic\u00f3 que \u201cdesde la Provincia no hay respuestas favorables a los reclamos realizados por el Municipio para poder iniciar la obra. Fue la Secretar\u00eda de Desarrollo Humano y Calidad de<br \/>\nVida la que se comunic\u00f3 con Julio Ben\u00edtez para trabajar en conjunto y encontrar una soluci\u00f3n definitiva\u201d.<\/p>\n<p>\u201cAnte la mala gesti\u00f3n del gobierno provincial tenemos el riesgo de que la empresa rescinda el contrato y tener que hacer nuevamente un proceso licitatorio que implicar\u00eda un nuevo presupuesto oficial actualizado, teniendo en cuenta la incontrolable inflaci\u00f3n que tiene nuestro pa\u00eds\u201d,\u00a0 concluy\u00f3.<\/p>\n","protected":false},"excerpt":{"rendered":"<p>Artes Visuales: \u201cBen\u00edtez y Aguilera deber\u00edan dar explicaciones\u201d, as\u00ed lo dijo el Presidente del Consejo&#8230;<\/p>\n","protected":false},"author":1,"featured_media":162011,"comment_status":"closed","ping_status":"closed","sticky":false,"template":"","format":"standard","meta":{"content-type":""},"categories":[27,64],"tags":[],"nelio_content":{"isAutoShareEnabled":false,"autoShareEndMode":"default","automationSources":{"useContentSentences":true,"useSocialTemplates":true,"useCustomSentences":false,"customSentences":[]},"followers":[1],"suggestedReferences":[],"includedReferences":[],"efiUrl":"","efiAlt":"","highlights":[]},"yoast_head":"<!-- This site is optimized with the Yoast SEO plugin v20.7 - https:\/\/yoast.com\/wordpress\/plugins\/seo\/ -->\n<title>Artes visuales: &quot;Ben\u00edtez y Aguilera deber\u00edan dar explicaciones&quot;<\/title>\n<meta name=\"description\" content=\"Artes Visuales: \u201cBen\u00edtez y Aguilera deber\u00edan dar explicaciones\u201d, as\u00ed lo dijo el Presidente del Consejo Escolar Bruno Di Carlo tras la demora\" \/>\n<meta name=\"robots\" content=\"index, follow, max-snippet:-1, max-image-preview:large, max-video-preview:-1\" \/>\n<link rel=\"canonical\" href=\"https:\/\/experienciadevida.com.ar\/portalurbano\/artes-visuales-benitez-y-aguilera-deberian-dar-explicaciones\/\" \/>\n<meta property=\"og:locale\" content=\"es_ES\" \/>\n<meta property=\"og:type\" content=\"article\" \/>\n<meta property=\"og:title\" content=\"Artes visuales: &quot;Ben\u00edtez y Aguilera deber\u00edan dar explicaciones&quot;\" \/>\n<meta property=\"og:description\" content=\"Artes Visuales: \u201cBen\u00edtez y Aguilera deber\u00edan dar explicaciones\u201d, as\u00ed lo dijo el Presidente del Consejo Escolar Bruno Di Carlo tras la demora\" \/>\n<meta property=\"og:url\" content=\"https:\/\/experienciadevida.com.ar\/portalurbano\/artes-visuales-benitez-y-aguilera-deberian-dar-explicaciones\/\" \/>\n<meta property=\"article:publisher\" content=\"https:\/\/www.facebook.com\/Portal-Urbano-171542830093757\/\" \/>\n<meta property=\"article:published_time\" content=\"2022-02-18T16:40:22+00:00\" \/>\n<meta property=\"article:modified_time\" content=\"2022-02-18T16:42:13+00:00\" \/>\n<meta property=\"og:image\" content=\"https:\/\/experienciadevida.com.ar\/portalurbano\/wp-content\/uploads\/2022\/02\/Artes-Visuales.jpg\" \/>\n\t<meta property=\"og:image:width\" content=\"1772\" \/>\n\t<meta property=\"og:image:height\" content=\"1181\" \/>\n\t<meta property=\"og:image:type\" content=\"image\/jpeg\" \/>\n<meta name=\"author\" content=\"admpu17wp\" \/>\n<meta name=\"twitter:card\" content=\"summary_large_image\" \/>\n<meta name=\"twitter:creator\" content=\"@portalurbanook\" \/>\n<meta name=\"twitter:site\" content=\"@portalurbanook\" \/>\n<meta name=\"twitter:label1\" content=\"Escrito por\" \/>\n\t<meta name=\"twitter:data1\" content=\"admpu17wp\" \/>\n\t<meta name=\"twitter:label2\" content=\"Tiempo de lectura\" \/>\n\t<meta name=\"twitter:data2\" content=\"2 minutos\" \/>\n<script type=\"application\/ld+json\" class=\"yoast-schema-graph\">{\"@context\":\"https:\/\/schema.org\",\"@graph\":[{\"@type\":\"Article\",\"@id\":\"https:\/\/experienciadevida.com.ar\/portalurbano\/artes-visuales-benitez-y-aguilera-deberian-dar-explicaciones\/#article\",\"isPartOf\":{\"@id\":\"https:\/\/experienciadevida.com.ar\/portalurbano\/artes-visuales-benitez-y-aguilera-deberian-dar-explicaciones\/\"},\"author\":{\"name\":\"admpu17wp\",\"@id\":\"https:\/\/experienciadevida.com.ar\/portalurbano\/#\/schema\/person\/02dd326b1c4b056e9cc972486934a3a7\"},\"headline\":\"Artes Visuales: \u201cBen\u00edtez y Aguilera deber\u00edan dar explicaciones\u201d\",\"datePublished\":\"2022-02-18T16:40:22+00:00\",\"dateModified\":\"2022-02-18T16:42:13+00:00\",\"mainEntityOfPage\":{\"@id\":\"https:\/\/experienciadevida.com.ar\/portalurbano\/artes-visuales-benitez-y-aguilera-deberian-dar-explicaciones\/\"},\"wordCount\":301,\"publisher\":{\"@id\":\"https:\/\/experienciadevida.com.ar\/portalurbano\/#organization\"},\"articleSection\":[\"Ciudad\",\"Destacadas 2\"],\"inLanguage\":\"es\"},{\"@type\":\"WebPage\",\"@id\":\"https:\/\/experienciadevida.com.ar\/portalurbano\/artes-visuales-benitez-y-aguilera-deberian-dar-explicaciones\/\",\"url\":\"https:\/\/experienciadevida.com.ar\/portalurbano\/artes-visuales-benitez-y-aguilera-deberian-dar-explicaciones\/\",\"name\":\"Artes visuales: \\\"Ben\u00edtez y Aguilera deber\u00edan dar explicaciones\\\"\",\"isPartOf\":{\"@id\":\"https:\/\/experienciadevida.com.ar\/portalurbano\/#website\"},\"datePublished\":\"2022-02-18T16:40:22+00:00\",\"dateModified\":\"2022-02-18T16:42:13+00:00\",\"description\":\"Artes Visuales: \u201cBen\u00edtez y Aguilera deber\u00edan dar explicaciones\u201d, as\u00ed lo dijo el Presidente del Consejo Escolar Bruno Di Carlo tras la demora\",\"breadcrumb\":{\"@id\":\"https:\/\/experienciadevida.com.ar\/portalurbano\/artes-visuales-benitez-y-aguilera-deberian-dar-explicaciones\/#breadcrumb\"},\"inLanguage\":\"es\",\"potentialAction\":[{\"@type\":\"ReadAction\",\"target\":[\"https:\/\/experienciadevida.com.ar\/portalurbano\/artes-visuales-benitez-y-aguilera-deberian-dar-explicaciones\/\"]}]},{\"@type\":\"BreadcrumbList\",\"@id\":\"https:\/\/experienciadevida.com.ar\/portalurbano\/artes-visuales-benitez-y-aguilera-deberian-dar-explicaciones\/#breadcrumb\",\"itemListElement\":[{\"@type\":\"ListItem\",\"position\":1,\"name\":\"Portada\",\"item\":\"https:\/\/experienciadevida.com.ar\/portalurbano\/\"},{\"@type\":\"ListItem\",\"position\":2,\"name\":\"Artes Visuales: \u201cBen\u00edtez y Aguilera deber\u00edan dar explicaciones\u201d\"}]},{\"@type\":\"WebSite\",\"@id\":\"https:\/\/experienciadevida.com.ar\/portalurbano\/#website\",\"url\":\"https:\/\/experienciadevida.com.ar\/portalurbano\/\",\"name\":\"\",\"description\":\"\",\"publisher\":{\"@id\":\"https:\/\/experienciadevida.com.ar\/portalurbano\/#organization\"},\"potentialAction\":[{\"@type\":\"SearchAction\",\"target\":{\"@type\":\"EntryPoint\",\"urlTemplate\":\"https:\/\/experienciadevida.com.ar\/portalurbano\/?s={search_term_string}\"},\"query-input\":\"required name=search_term_string\"}],\"inLanguage\":\"es\"},{\"@type\":\"Organization\",\"@id\":\"https:\/\/experienciadevida.com.ar\/portalurbano\/#organization\",\"name\":\"Portal Urbano\",\"url\":\"https:\/\/experienciadevida.com.ar\/portalurbano\/\",\"logo\":{\"@type\":\"ImageObject\",\"inLanguage\":\"es\",\"@id\":\"https:\/\/experienciadevida.com.ar\/portalurbano\/#\/schema\/logo\/image\/\",\"url\":\"https:\/\/experienciadevida.com.ar\/portalurbano\/wp-content\/uploads\/2019\/09\/Logo-Original.png\",\"contentUrl\":\"https:\/\/experienciadevida.com.ar\/portalurbano\/wp-content\/uploads\/2019\/09\/Logo-Original.png\",\"width\":2236,\"height\":1216,\"caption\":\"Portal Urbano\"},\"image\":{\"@id\":\"https:\/\/experienciadevida.com.ar\/portalurbano\/#\/schema\/logo\/image\/\"},\"sameAs\":[\"https:\/\/www.facebook.com\/Portal-Urbano-171542830093757\/\",\"https:\/\/twitter.com\/portalurbanook\",\"https:\/\/www.instagram.com\/_portalurbano\/\",\"https:\/\/www.youtube.com\/channel\/UCXhagIfszH8KxFiOok79zbA?view_as=subscriber\"]},{\"@type\":\"Person\",\"@id\":\"https:\/\/experienciadevida.com.ar\/portalurbano\/#\/schema\/person\/02dd326b1c4b056e9cc972486934a3a7\",\"name\":\"admpu17wp\",\"image\":{\"@type\":\"ImageObject\",\"inLanguage\":\"es\",\"@id\":\"https:\/\/experienciadevida.com.ar\/portalurbano\/#\/schema\/person\/image\/\",\"url\":\"https:\/\/secure.gravatar.com\/avatar\/830d4c57adaae6630765e449a6908047?s=96&d=mm&r=g\",\"contentUrl\":\"https:\/\/secure.gravatar.com\/avatar\/830d4c57adaae6630765e449a6908047?s=96&d=mm&r=g\",\"caption\":\"admpu17wp\"}}]}<\/script>\n<!-- \/ Yoast SEO plugin. -->","yoast_head_json":{"title":"Artes visuales: \"Ben\u00edtez y Aguilera deber\u00edan dar explicaciones\"","description":"Artes Visuales: \u201cBen\u00edtez y Aguilera deber\u00edan dar explicaciones\u201d, as\u00ed lo dijo el Presidente del Consejo Escolar Bruno Di Carlo tras la demora","robots":{"index":"index","follow":"follow","max-snippet":"max-snippet:-1","max-image-preview":"max-image-preview:large","max-video-preview":"max-video-preview:-1"},"canonical":"https:\/\/experienciadevida.com.ar\/portalurbano\/artes-visuales-benitez-y-aguilera-deberian-dar-explicaciones\/","og_locale":"es_ES","og_type":"article","og_title":"Artes visuales: \"Ben\u00edtez y Aguilera deber\u00edan dar explicaciones\"","og_description":"Artes Visuales: \u201cBen\u00edtez y Aguilera deber\u00edan dar explicaciones\u201d, as\u00ed lo dijo el Presidente del Consejo Escolar Bruno Di Carlo tras la demora","og_url":"https:\/\/experienciadevida.com.ar\/portalurbano\/artes-visuales-benitez-y-aguilera-deberian-dar-explicaciones\/","article_publisher":"https:\/\/www.facebook.com\/Portal-Urbano-171542830093757\/","article_published_time":"2022-02-18T16:40:22+00:00","article_modified_time":"2022-02-18T16:42:13+00:00","og_image":[{"width":1772,"height":1181,"url":"https:\/\/experienciadevida.com.ar\/portalurbano\/wp-content\/uploads\/2022\/02\/Artes-Visuales.jpg","type":"image\/jpeg"}],"author":"admpu17wp","twitter_card":"summary_large_image","twitter_creator":"@portalurbanook","twitter_site":"@portalurbanook","twitter_misc":{"Escrito por":"admpu17wp","Tiempo de lectura":"2 minutos"},"schema":{"@context":"https:\/\/schema.org","@graph":[{"@type":"Article","@id":"https:\/\/experienciadevida.com.ar\/portalurbano\/artes-visuales-benitez-y-aguilera-deberian-dar-explicaciones\/#article","isPartOf":{"@id":"https:\/\/experienciadevida.com.ar\/portalurbano\/artes-visuales-benitez-y-aguilera-deberian-dar-explicaciones\/"},"author":{"name":"admpu17wp","@id":"https:\/\/experienciadevida.com.ar\/portalurbano\/#\/schema\/person\/02dd326b1c4b056e9cc972486934a3a7"},"headline":"Artes Visuales: \u201cBen\u00edtez y Aguilera deber\u00edan dar explicaciones\u201d","datePublished":"2022-02-18T16:40:22+00:00","dateModified":"2022-02-18T16:42:13+00:00","mainEntityOfPage":{"@id":"https:\/\/experienciadevida.com.ar\/portalurbano\/artes-visuales-benitez-y-aguilera-deberian-dar-explicaciones\/"},"wordCount":301,"publisher":{"@id":"https:\/\/experienciadevida.com.ar\/portalurbano\/#organization"},"articleSection":["Ciudad","Destacadas 2"],"inLanguage":"es"},{"@type":"WebPage","@id":"https:\/\/experienciadevida.com.ar\/portalurbano\/artes-visuales-benitez-y-aguilera-deberian-dar-explicaciones\/","url":"https:\/\/experienciadevida.com.ar\/portalurbano\/artes-visuales-benitez-y-aguilera-deberian-dar-explicaciones\/","name":"Artes visuales: \"Ben\u00edtez y Aguilera deber\u00edan dar explicaciones\"","isPartOf":{"@id":"https:\/\/experienciadevida.com.ar\/portalurbano\/#website"},"datePublished":"2022-02-18T16:40:22+00:00","dateModified":"2022-02-18T16:42:13+00:00","description":"Artes Visuales: \u201cBen\u00edtez y Aguilera deber\u00edan dar explicaciones\u201d, as\u00ed lo dijo el Presidente del Consejo Escolar Bruno Di Carlo tras la demora","breadcrumb":{"@id":"https:\/\/experienciadevida.com.ar\/portalurbano\/artes-visuales-benitez-y-aguilera-deberian-dar-explicaciones\/#breadcrumb"},"inLanguage":"es","potentialAction":[{"@type":"ReadAction","target":["https:\/\/experienciadevida.com.ar\/portalurbano\/artes-visuales-benitez-y-aguilera-deberian-dar-explicaciones\/"]}]},{"@type":"BreadcrumbList","@id":"https:\/\/experienciadevida.com.ar\/portalurbano\/artes-visuales-benitez-y-aguilera-deberian-dar-explicaciones\/#breadcrumb","itemListElement":[{"@type":"ListItem","position":1,"name":"Portada","item":"https:\/\/experienciadevida.com.ar\/portalurbano\/"},{"@type":"ListItem","position":2,"name":"Artes Visuales: \u201cBen\u00edtez y Aguilera deber\u00edan dar explicaciones\u201d"}]},{"@type":"WebSite","@id":"https:\/\/experienciadevida.com.ar\/portalurbano\/#website","url":"https:\/\/experienciadevida.com.ar\/portalurbano\/","name":"","description":"","publisher":{"@id":"https:\/\/experienciadevida.com.ar\/portalurbano\/#organization"},"potentialAction":[{"@type":"SearchAction","target":{"@type":"EntryPoint","urlTemplate":"https:\/\/experienciadevida.com.ar\/portalurbano\/?s={search_term_string}"},"query-input":"required name=search_term_string"}],"inLanguage":"es"},{"@type":"Organization","@id":"https:\/\/experienciadevida.com.ar\/portalurbano\/#organization","name":"Portal Urbano","url":"https:\/\/experienciadevida.com.ar\/portalurbano\/","logo":{"@type":"ImageObject","inLanguage":"es","@id":"https:\/\/experienciadevida.com.ar\/portalurbano\/#\/schema\/logo\/image\/","url":"https:\/\/experienciadevida.com.ar\/portalurbano\/wp-content\/uploads\/2019\/09\/Logo-Original.png","contentUrl":"https:\/\/experienciadevida.com.ar\/portalurbano\/wp-content\/uploads\/2019\/09\/Logo-Original.png","width":2236,"height":1216,"caption":"Portal Urbano"},"image":{"@id":"https:\/\/experienciadevida.com.ar\/portalurbano\/#\/schema\/logo\/image\/"},"sameAs":["https:\/\/www.facebook.com\/Portal-Urbano-171542830093757\/","https:\/\/twitter.com\/portalurbanook","https:\/\/www.instagram.com\/_portalurbano\/","https:\/\/www.youtube.com\/channel\/UCXhagIfszH8KxFiOok79zbA?view_as=subscriber"]},{"@type":"Person","@id":"https:\/\/experienciadevida.com.ar\/portalurbano\/#\/schema\/person\/02dd326b1c4b056e9cc972486934a3a7","name":"admpu17wp","image":{"@type":"ImageObject","inLanguage":"es","@id":"https:\/\/experienciadevida.com.ar\/portalurbano\/#\/schema\/person\/image\/","url":"https:\/\/secure.gravatar.com\/avatar\/830d4c57adaae6630765e449a6908047?s=96&d=mm&r=g","contentUrl":"https:\/\/secure.gravatar.com\/avatar\/830d4c57adaae6630765e449a6908047?s=96&d=mm&r=g","caption":"admpu17wp"}}]}},"featured_image_urls":{"full":["https:\/\/experienciadevida.com.ar\/portalurbano\/wp-content\/uploads\/2022\/02\/Artes-Visuales.jpg",1772,1181,false],"thumbnail":["https:\/\/experienciadevida.com.ar\/portalurbano\/wp-content\/uploads\/2022\/02\/Artes-Visuales-150x150.jpg",150,150,true],"medium":["https:\/\/experienciadevida.com.ar\/portalurbano\/wp-content\/uploads\/2022\/02\/Artes-Visuales-300x200.jpg",300,200,true],"medium_large":["https:\/\/experienciadevida.com.ar\/portalurbano\/wp-content\/uploads\/2022\/02\/Artes-Visuales-768x512.jpg",640,427,true],"large":["https:\/\/experienciadevida.com.ar\/portalurbano\/wp-content\/uploads\/2022\/02\/Artes-Visuales-1024x682.jpg",640,426,true],"ug_big":["https:\/\/experienciadevida.com.ar\/portalurbano\/wp-content\/uploads\/2022\/02\/Artes-Visuales-768x512.jpg",768,512,true],"1536x1536":["https:\/\/experienciadevida.com.ar\/portalurbano\/wp-content\/uploads\/2022\/02\/Artes-Visuales-1536x1024.jpg",1536,1024,true],"2048x2048":["https:\/\/experienciadevida.com.ar\/portalurbano\/wp-content\/uploads\/2022\/02\/Artes-Visuales.jpg",1772,1181,false],"newsever-slider-full":["https:\/\/experienciadevida.com.ar\/portalurbano\/wp-content\/uploads\/2022\/02\/Artes-Visuales.jpg",1268,845,false],"newsever-featured":["https:\/\/experienciadevida.com.ar\/portalurbano\/wp-content\/uploads\/2022\/02\/Artes-Visuales.jpg",1024,682,false],"newsever-medium":["https:\/\/experienciadevida.com.ar\/portalurbano\/wp-content\/uploads\/2022\/02\/Artes-Visuales.jpg",713,475,false],"web-stories-poster-portrait":["https:\/\/experienciadevida.com.ar\/portalurbano\/wp-content\/uploads\/2022\/02\/Artes-Visuales.jpg",640,427,false],"web-stories-publisher-logo":["https:\/\/experienciadevida.com.ar\/portalurbano\/wp-content\/uploads\/2022\/02\/Artes-Visuales.jpg",96,64,false],"web-stories-thumbnail":["https:\/\/experienciadevida.com.ar\/portalurbano\/wp-content\/uploads\/2022\/02\/Artes-Visuales.jpg",150,100,false]},"author_info":{"display_name":"admpu17wp","author_link":"https:\/\/experienciadevida.com.ar\/portalurbano\/author\/admpu17wp\/"},"category_info":"<a href=\"https:\/\/experienciadevida.com.ar\/portalurbano\/category\/ciudad\/\" rel=\"category tag\">Ciudad<\/a> <a href=\"https:\/\/experienciadevida.com.ar\/portalurbano\/category\/destacadas-2\/\" rel=\"category tag\">Destacadas 2<\/a>","tag_info":"Destacadas 2","comment_count":"0","amp_enabled":true,"_links":{"self":[{"href":"https:\/\/experienciadevida.com.ar\/portalurbano\/wp-json\/wp\/v2\/posts\/162010"}],"collection":[{"href":"https:\/\/experienciadevida.com.ar\/portalurbano\/wp-json\/wp\/v2\/posts"}],"about":[{"href":"https:\/\/experienciadevida.com.ar\/portalurbano\/wp-json\/wp\/v2\/types\/post"}],"author":[{"embeddable":true,"href":"https:\/\/experienciadevida.com.ar\/portalurbano\/wp-json\/wp\/v2\/users\/1"}],"replies":[{"embeddable":true,"href":"https:\/\/experienciadevida.com.ar\/portalurbano\/wp-json\/wp\/v2\/comments?post=162010"}],"version-history":[{"count":2,"href":"https:\/\/experienciadevida.com.ar\/portalurbano\/wp-json\/wp\/v2\/posts\/162010\/revisions"}],"predecessor-version":[{"id":162013,"href":"https:\/\/experienciadevida.com.ar\/portalurbano\/wp-json\/wp\/v2\/posts\/162010\/revisions\/162013"}],"wp:featuredmedia":[{"embeddable":true,"href":"https:\/\/experienciadevida.com.ar\/portalurbano\/wp-json\/wp\/v2\/media\/162011"}],"wp:attachment":[{"href":"https:\/\/experienciadevida.com.ar\/portalurbano\/wp-json\/wp\/v2\/media?parent=162010"}],"wp:term":[{"taxonomy":"category","embeddable":true,"href":"https:\/\/experienciadevida.com.ar\/portalurbano\/wp-json\/wp\/v2\/categories?post=162010"},{"taxonomy":"post_tag","embeddable":true,"href":"https:\/\/experienciadevida.com.ar\/portalurbano\/wp-json\/wp\/v2\/tags?post=162010"}],"curies":[{"name":"wp","href":"https:\/\/api.w.org\/{rel}","templated":true}]}}