{"id":161961,"date":"2022-02-18T11:02:11","date_gmt":"2022-02-18T14:02:11","guid":{"rendered":"https:\/\/experienciadevida.com.ar\/portalurbano\/?p=161961"},"modified":"2022-02-18T11:03:28","modified_gmt":"2022-02-18T14:03:28","slug":"federico-aguilera-vuelve-a-encabezar-la-lista-del-pj-olavarriense","status":"publish","type":"post","link":"https:\/\/experienciadevida.com.ar\/portalurbano\/federico-aguilera-vuelve-a-encabezar-la-lista-del-pj-olavarriense\/","title":{"rendered":"Federico Aguilera vuelve a encabezar la lista del PJ olavarriense"},"content":{"rendered":"<p>Federico Aguilera vuelve a encabezar la lista del PJ olavarriense, el actual presidente integra la nueva lista que cuenta con un importante apoyo sindical de la mano de \u201cLa Casa del Trabajador\u201d y de distintos referentes pol\u00edticos, funcionarios y funcionarias provinciales y legisladores y legisladoras.<\/p>\n<p><a href=\"https:\/\/experienciadevida.com.ar\/portalurbano\/federico-aguilera-vuelve-a-encabezar-la-lista-del-pj-olavarriense\/federico-aguilera-6\/\" rel=\"attachment wp-att-161964\"><img decoding=\"async\" class=\"alignnone size-large wp-image-161964\" src=\"https:\/\/experienciadevida.com.ar\/portalurbano\/wp-content\/uploads\/2022\/02\/Federico-Aguilera-1024x510.jpg\" alt=\"Federico Aguilera \" width=\"900\" height=\"448\" srcset=\"https:\/\/experienciadevida.com.ar\/portalurbano\/wp-content\/uploads\/2022\/02\/Federico-Aguilera-1024x510.jpg 1024w, https:\/\/experienciadevida.com.ar\/portalurbano\/wp-content\/uploads\/2022\/02\/Federico-Aguilera-300x149.jpg 300w, https:\/\/experienciadevida.com.ar\/portalurbano\/wp-content\/uploads\/2022\/02\/Federico-Aguilera-768x383.jpg 768w, https:\/\/experienciadevida.com.ar\/portalurbano\/wp-content\/uploads\/2022\/02\/Federico-Aguilera.jpg 1080w\" sizes=\"(max-width: 900px) 100vw, 900px\" \/><\/a><\/p>\n<p>Esta tarde se present\u00f3 la lista del PJ que preside <a href=\"https:\/\/www.facebook.com\/FedericoAguile5\">Federico Aguilera<\/a> y muestra un armado con un masivo apoyo de diferentes sindicatos y representantes de distintas agrupaciones, profesionales y trabajadores.<\/p>\n<p>En el armado se destaca la figura de Estela Peralta (Secretaria adjunta de Suteryh Regi\u00f3n Centro y presidente del Comit\u00e9 Ejecutivo Nacional de Mujeres Fateryh) como Vicepresidenta, Javier Ayala (Secretario adjunto de Smata) como Secretario General , Ezequiel Collado como Sec. As. Gremiales quien es el presidente de \u201cLa Casa del Trabajador\u201d y Secretario General de SOIVA, Mercedes Landivar actual presidenta del interbloque del Frente de Todos como Vocal, el edil Juan S\u00e1nchez como Sec. T\u00e9cnico Prof., el legislador provincial C\u00e9sar Valicenti encabezando la lista de congresales y tambi\u00e9n puede observarse la participaci\u00f3n del \u201cSantellanismo\u201d con algunos de sus representantes.<\/p>\n<p>\u201cLa lista expresa pluralidad algo fundamental para generar los consensos necesarios para gestionar y transformar y cuenta con una gran representaci\u00f3n de sindicatos, trabajadores, profesionales y concejales\u201d indic\u00f3 Federico Aguilera, adem\u00e1s enfatiz\u00f3 \u201chay muchos actores para seguir sumando, a los que convocaremos con el devenir de la agenda de actividades&#8221;.<\/p>\n<p>El resto de la lista la componen Jessica Rodriguez Bruno Secretar\u00eda Administrativa y de Actas, Ramiro Borzi Sec. de Organizaci\u00f3n, Bel\u00e9n Abraham Sec. de Adoctrinamiento, Sandra Aguayo Sec. De Acc. Social, Celeste Irigoyemborde Sec. De Relaciones, Miguel Garc\u00eda Sec. De Finanzas, Silvina Peteta Sec Cultura , Hossana Cazola Sec. De La Mujer, Ezequiel Collado Sec. As. Gremiales, Matias Venzi Sec. De La Juventud, Juan Pablo Arouxet Sec. Derechos Humanos, Mar\u00eda Marta Parcerisas Sec. Discapacidad; y como vocales Rodolfo Paz, Gijena Gabriel y Luciana Ponce. Por su parte Mar\u00eda Jos\u00e9 Maidana, Alejandro Santill\u00e1n, Romina Podetti y Maximiliano Wesner completan la lista de congresales.<\/p>\n","protected":false},"excerpt":{"rendered":"<p>Federico Aguilera vuelve a encabezar la lista del PJ olavarriense, el actual presidente integra la&#8230;<\/p>\n","protected":false},"author":1,"featured_media":161962,"comment_status":"closed","ping_status":"closed","sticky":false,"template":"","format":"standard","meta":{"content-type":""},"categories":[27,64],"tags":[],"nelio_content":{"isAutoShareEnabled":false,"autoShareEndMode":"default","automationSources":{"useContentSentences":true,"useSocialTemplates":true,"useCustomSentences":false,"customSentences":[]},"followers":[1],"suggestedReferences":[],"includedReferences":[],"efiUrl":"","efiAlt":"","highlights":[]},"yoast_head":"<!-- This site is optimized with the Yoast SEO plugin v20.7 - https:\/\/yoast.com\/wordpress\/plugins\/seo\/ -->\n<title>Federico Aguilera vuelve a encabezar la lista del PJ Olavarriense<\/title>\n<meta name=\"description\" content=\"Federico Aguilera vuelve a encabezar la lista del PJ olavarriense, el actual presidente integra la nueva lista cuenta con un apoyo\" \/>\n<meta name=\"robots\" content=\"index, follow, max-snippet:-1, max-image-preview:large, max-video-preview:-1\" \/>\n<link rel=\"canonical\" href=\"https:\/\/experienciadevida.com.ar\/portalurbano\/federico-aguilera-vuelve-a-encabezar-la-lista-del-pj-olavarriense\/\" \/>\n<meta property=\"og:locale\" content=\"es_ES\" \/>\n<meta property=\"og:type\" content=\"article\" \/>\n<meta property=\"og:title\" content=\"Federico Aguilera vuelve a encabezar la lista del PJ Olavarriense\" \/>\n<meta property=\"og:description\" content=\"Federico Aguilera vuelve a encabezar la lista del PJ olavarriense, el actual presidente integra la nueva lista cuenta con un apoyo\" \/>\n<meta property=\"og:url\" content=\"https:\/\/experienciadevida.com.ar\/portalurbano\/federico-aguilera-vuelve-a-encabezar-la-lista-del-pj-olavarriense\/\" \/>\n<meta property=\"article:publisher\" content=\"https:\/\/www.facebook.com\/Portal-Urbano-171542830093757\/\" \/>\n<meta property=\"article:published_time\" content=\"2022-02-18T14:02:11+00:00\" \/>\n<meta property=\"article:modified_time\" content=\"2022-02-18T14:03:28+00:00\" \/>\n<meta property=\"og:image\" content=\"https:\/\/experienciadevida.com.ar\/portalurbano\/wp-content\/uploads\/2022\/02\/Federico-Aguilera-vuelve-a.jpg\" \/>\n\t<meta property=\"og:image:width\" content=\"1280\" \/>\n\t<meta property=\"og:image:height\" content=\"780\" \/>\n\t<meta property=\"og:image:type\" content=\"image\/jpeg\" \/>\n<meta name=\"author\" content=\"admpu17wp\" \/>\n<meta name=\"twitter:card\" content=\"summary_large_image\" \/>\n<meta name=\"twitter:creator\" content=\"@portalurbanook\" \/>\n<meta name=\"twitter:site\" content=\"@portalurbanook\" \/>\n<meta name=\"twitter:label1\" content=\"Escrito por\" \/>\n\t<meta name=\"twitter:data1\" content=\"admpu17wp\" \/>\n\t<meta name=\"twitter:label2\" content=\"Tiempo de lectura\" \/>\n\t<meta name=\"twitter:data2\" content=\"2 minutos\" \/>\n<script type=\"application\/ld+json\" class=\"yoast-schema-graph\">{\"@context\":\"https:\/\/schema.org\",\"@graph\":[{\"@type\":\"Article\",\"@id\":\"https:\/\/experienciadevida.com.ar\/portalurbano\/federico-aguilera-vuelve-a-encabezar-la-lista-del-pj-olavarriense\/#article\",\"isPartOf\":{\"@id\":\"https:\/\/experienciadevida.com.ar\/portalurbano\/federico-aguilera-vuelve-a-encabezar-la-lista-del-pj-olavarriense\/\"},\"author\":{\"name\":\"admpu17wp\",\"@id\":\"https:\/\/experienciadevida.com.ar\/portalurbano\/#\/schema\/person\/02dd326b1c4b056e9cc972486934a3a7\"},\"headline\":\"Federico Aguilera vuelve a encabezar la lista del PJ olavarriense\",\"datePublished\":\"2022-02-18T14:02:11+00:00\",\"dateModified\":\"2022-02-18T14:03:28+00:00\",\"mainEntityOfPage\":{\"@id\":\"https:\/\/experienciadevida.com.ar\/portalurbano\/federico-aguilera-vuelve-a-encabezar-la-lista-del-pj-olavarriense\/\"},\"wordCount\":352,\"publisher\":{\"@id\":\"https:\/\/experienciadevida.com.ar\/portalurbano\/#organization\"},\"articleSection\":[\"Ciudad\",\"Destacadas 2\"],\"inLanguage\":\"es\"},{\"@type\":\"WebPage\",\"@id\":\"https:\/\/experienciadevida.com.ar\/portalurbano\/federico-aguilera-vuelve-a-encabezar-la-lista-del-pj-olavarriense\/\",\"url\":\"https:\/\/experienciadevida.com.ar\/portalurbano\/federico-aguilera-vuelve-a-encabezar-la-lista-del-pj-olavarriense\/\",\"name\":\"Federico Aguilera vuelve a encabezar la lista del PJ Olavarriense\",\"isPartOf\":{\"@id\":\"https:\/\/experienciadevida.com.ar\/portalurbano\/#website\"},\"datePublished\":\"2022-02-18T14:02:11+00:00\",\"dateModified\":\"2022-02-18T14:03:28+00:00\",\"description\":\"Federico Aguilera vuelve a encabezar la lista del PJ olavarriense, el actual presidente integra la nueva lista cuenta con un apoyo\",\"breadcrumb\":{\"@id\":\"https:\/\/experienciadevida.com.ar\/portalurbano\/federico-aguilera-vuelve-a-encabezar-la-lista-del-pj-olavarriense\/#breadcrumb\"},\"inLanguage\":\"es\",\"potentialAction\":[{\"@type\":\"ReadAction\",\"target\":[\"https:\/\/experienciadevida.com.ar\/portalurbano\/federico-aguilera-vuelve-a-encabezar-la-lista-del-pj-olavarriense\/\"]}]},{\"@type\":\"BreadcrumbList\",\"@id\":\"https:\/\/experienciadevida.com.ar\/portalurbano\/federico-aguilera-vuelve-a-encabezar-la-lista-del-pj-olavarriense\/#breadcrumb\",\"itemListElement\":[{\"@type\":\"ListItem\",\"position\":1,\"name\":\"Portada\",\"item\":\"https:\/\/experienciadevida.com.ar\/portalurbano\/\"},{\"@type\":\"ListItem\",\"position\":2,\"name\":\"Federico Aguilera vuelve a encabezar la lista del PJ olavarriense\"}]},{\"@type\":\"WebSite\",\"@id\":\"https:\/\/experienciadevida.com.ar\/portalurbano\/#website\",\"url\":\"https:\/\/experienciadevida.com.ar\/portalurbano\/\",\"name\":\"\",\"description\":\"\",\"publisher\":{\"@id\":\"https:\/\/experienciadevida.com.ar\/portalurbano\/#organization\"},\"potentialAction\":[{\"@type\":\"SearchAction\",\"target\":{\"@type\":\"EntryPoint\",\"urlTemplate\":\"https:\/\/experienciadevida.com.ar\/portalurbano\/?s={search_term_string}\"},\"query-input\":\"required name=search_term_string\"}],\"inLanguage\":\"es\"},{\"@type\":\"Organization\",\"@id\":\"https:\/\/experienciadevida.com.ar\/portalurbano\/#organization\",\"name\":\"Portal Urbano\",\"url\":\"https:\/\/experienciadevida.com.ar\/portalurbano\/\",\"logo\":{\"@type\":\"ImageObject\",\"inLanguage\":\"es\",\"@id\":\"https:\/\/experienciadevida.com.ar\/portalurbano\/#\/schema\/logo\/image\/\",\"url\":\"https:\/\/experienciadevida.com.ar\/portalurbano\/wp-content\/uploads\/2019\/09\/Logo-Original.png\",\"contentUrl\":\"https:\/\/experienciadevida.com.ar\/portalurbano\/wp-content\/uploads\/2019\/09\/Logo-Original.png\",\"width\":2236,\"height\":1216,\"caption\":\"Portal Urbano\"},\"image\":{\"@id\":\"https:\/\/experienciadevida.com.ar\/portalurbano\/#\/schema\/logo\/image\/\"},\"sameAs\":[\"https:\/\/www.facebook.com\/Portal-Urbano-171542830093757\/\",\"https:\/\/twitter.com\/portalurbanook\",\"https:\/\/www.instagram.com\/_portalurbano\/\",\"https:\/\/www.youtube.com\/channel\/UCXhagIfszH8KxFiOok79zbA?view_as=subscriber\"]},{\"@type\":\"Person\",\"@id\":\"https:\/\/experienciadevida.com.ar\/portalurbano\/#\/schema\/person\/02dd326b1c4b056e9cc972486934a3a7\",\"name\":\"admpu17wp\",\"image\":{\"@type\":\"ImageObject\",\"inLanguage\":\"es\",\"@id\":\"https:\/\/experienciadevida.com.ar\/portalurbano\/#\/schema\/person\/image\/\",\"url\":\"https:\/\/secure.gravatar.com\/avatar\/830d4c57adaae6630765e449a6908047?s=96&d=mm&r=g\",\"contentUrl\":\"https:\/\/secure.gravatar.com\/avatar\/830d4c57adaae6630765e449a6908047?s=96&d=mm&r=g\",\"caption\":\"admpu17wp\"}}]}<\/script>\n<!-- \/ Yoast SEO plugin. -->","yoast_head_json":{"title":"Federico Aguilera vuelve a encabezar la lista del PJ Olavarriense","description":"Federico Aguilera vuelve a encabezar la lista del PJ olavarriense, el actual presidente integra la nueva lista cuenta con un apoyo","robots":{"index":"index","follow":"follow","max-snippet":"max-snippet:-1","max-image-preview":"max-image-preview:large","max-video-preview":"max-video-preview:-1"},"canonical":"https:\/\/experienciadevida.com.ar\/portalurbano\/federico-aguilera-vuelve-a-encabezar-la-lista-del-pj-olavarriense\/","og_locale":"es_ES","og_type":"article","og_title":"Federico Aguilera vuelve a encabezar la lista del PJ Olavarriense","og_description":"Federico Aguilera vuelve a encabezar la lista del PJ olavarriense, el actual presidente integra la nueva lista cuenta con un apoyo","og_url":"https:\/\/experienciadevida.com.ar\/portalurbano\/federico-aguilera-vuelve-a-encabezar-la-lista-del-pj-olavarriense\/","article_publisher":"https:\/\/www.facebook.com\/Portal-Urbano-171542830093757\/","article_published_time":"2022-02-18T14:02:11+00:00","article_modified_time":"2022-02-18T14:03:28+00:00","og_image":[{"width":1280,"height":780,"url":"https:\/\/experienciadevida.com.ar\/portalurbano\/wp-content\/uploads\/2022\/02\/Federico-Aguilera-vuelve-a.jpg","type":"image\/jpeg"}],"author":"admpu17wp","twitter_card":"summary_large_image","twitter_creator":"@portalurbanook","twitter_site":"@portalurbanook","twitter_misc":{"Escrito por":"admpu17wp","Tiempo de lectura":"2 minutos"},"schema":{"@context":"https:\/\/schema.org","@graph":[{"@type":"Article","@id":"https:\/\/experienciadevida.com.ar\/portalurbano\/federico-aguilera-vuelve-a-encabezar-la-lista-del-pj-olavarriense\/#article","isPartOf":{"@id":"https:\/\/experienciadevida.com.ar\/portalurbano\/federico-aguilera-vuelve-a-encabezar-la-lista-del-pj-olavarriense\/"},"author":{"name":"admpu17wp","@id":"https:\/\/experienciadevida.com.ar\/portalurbano\/#\/schema\/person\/02dd326b1c4b056e9cc972486934a3a7"},"headline":"Federico Aguilera vuelve a encabezar la lista del PJ olavarriense","datePublished":"2022-02-18T14:02:11+00:00","dateModified":"2022-02-18T14:03:28+00:00","mainEntityOfPage":{"@id":"https:\/\/experienciadevida.com.ar\/portalurbano\/federico-aguilera-vuelve-a-encabezar-la-lista-del-pj-olavarriense\/"},"wordCount":352,"publisher":{"@id":"https:\/\/experienciadevida.com.ar\/portalurbano\/#organization"},"articleSection":["Ciudad","Destacadas 2"],"inLanguage":"es"},{"@type":"WebPage","@id":"https:\/\/experienciadevida.com.ar\/portalurbano\/federico-aguilera-vuelve-a-encabezar-la-lista-del-pj-olavarriense\/","url":"https:\/\/experienciadevida.com.ar\/portalurbano\/federico-aguilera-vuelve-a-encabezar-la-lista-del-pj-olavarriense\/","name":"Federico Aguilera vuelve a encabezar la lista del PJ Olavarriense","isPartOf":{"@id":"https:\/\/experienciadevida.com.ar\/portalurbano\/#website"},"datePublished":"2022-02-18T14:02:11+00:00","dateModified":"2022-02-18T14:03:28+00:00","description":"Federico Aguilera vuelve a encabezar la lista del PJ olavarriense, el actual presidente integra la nueva lista cuenta con un apoyo","breadcrumb":{"@id":"https:\/\/experienciadevida.com.ar\/portalurbano\/federico-aguilera-vuelve-a-encabezar-la-lista-del-pj-olavarriense\/#breadcrumb"},"inLanguage":"es","potentialAction":[{"@type":"ReadAction","target":["https:\/\/experienciadevida.com.ar\/portalurbano\/federico-aguilera-vuelve-a-encabezar-la-lista-del-pj-olavarriense\/"]}]},{"@type":"BreadcrumbList","@id":"https:\/\/experienciadevida.com.ar\/portalurbano\/federico-aguilera-vuelve-a-encabezar-la-lista-del-pj-olavarriense\/#breadcrumb","itemListElement":[{"@type":"ListItem","position":1,"name":"Portada","item":"https:\/\/experienciadevida.com.ar\/portalurbano\/"},{"@type":"ListItem","position":2,"name":"Federico Aguilera vuelve a encabezar la lista del PJ olavarriense"}]},{"@type":"WebSite","@id":"https:\/\/experienciadevida.com.ar\/portalurbano\/#website","url":"https:\/\/experienciadevida.com.ar\/portalurbano\/","name":"","description":"","publisher":{"@id":"https:\/\/experienciadevida.com.ar\/portalurbano\/#organization"},"potentialAction":[{"@type":"SearchAction","target":{"@type":"EntryPoint","urlTemplate":"https:\/\/experienciadevida.com.ar\/portalurbano\/?s={search_term_string}"},"query-input":"required name=search_term_string"}],"inLanguage":"es"},{"@type":"Organization","@id":"https:\/\/experienciadevida.com.ar\/portalurbano\/#organization","name":"Portal Urbano","url":"https:\/\/experienciadevida.com.ar\/portalurbano\/","logo":{"@type":"ImageObject","inLanguage":"es","@id":"https:\/\/experienciadevida.com.ar\/portalurbano\/#\/schema\/logo\/image\/","url":"https:\/\/experienciadevida.com.ar\/portalurbano\/wp-content\/uploads\/2019\/09\/Logo-Original.png","contentUrl":"https:\/\/experienciadevida.com.ar\/portalurbano\/wp-content\/uploads\/2019\/09\/Logo-Original.png","width":2236,"height":1216,"caption":"Portal Urbano"},"image":{"@id":"https:\/\/experienciadevida.com.ar\/portalurbano\/#\/schema\/logo\/image\/"},"sameAs":["https:\/\/www.facebook.com\/Portal-Urbano-171542830093757\/","https:\/\/twitter.com\/portalurbanook","https:\/\/www.instagram.com\/_portalurbano\/","https:\/\/www.youtube.com\/channel\/UCXhagIfszH8KxFiOok79zbA?view_as=subscriber"]},{"@type":"Person","@id":"https:\/\/experienciadevida.com.ar\/portalurbano\/#\/schema\/person\/02dd326b1c4b056e9cc972486934a3a7","name":"admpu17wp","image":{"@type":"ImageObject","inLanguage":"es","@id":"https:\/\/experienciadevida.com.ar\/portalurbano\/#\/schema\/person\/image\/","url":"https:\/\/secure.gravatar.com\/avatar\/830d4c57adaae6630765e449a6908047?s=96&d=mm&r=g","contentUrl":"https:\/\/secure.gravatar.com\/avatar\/830d4c57adaae6630765e449a6908047?s=96&d=mm&r=g","caption":"admpu17wp"}}]}},"featured_image_urls":{"full":["https:\/\/experienciadevida.com.ar\/portalurbano\/wp-content\/uploads\/2022\/02\/Federico-Aguilera-vuelve-a.jpg",1280,780,false],"thumbnail":["https:\/\/experienciadevida.com.ar\/portalurbano\/wp-content\/uploads\/2022\/02\/Federico-Aguilera-vuelve-a-150x150.jpg",150,150,true],"medium":["https:\/\/experienciadevida.com.ar\/portalurbano\/wp-content\/uploads\/2022\/02\/Federico-Aguilera-vuelve-a-300x183.jpg",300,183,true],"medium_large":["https:\/\/experienciadevida.com.ar\/portalurbano\/wp-content\/uploads\/2022\/02\/Federico-Aguilera-vuelve-a-768x468.jpg",640,390,true],"large":["https:\/\/experienciadevida.com.ar\/portalurbano\/wp-content\/uploads\/2022\/02\/Federico-Aguilera-vuelve-a-1024x624.jpg",640,390,true],"ug_big":["https:\/\/experienciadevida.com.ar\/portalurbano\/wp-content\/uploads\/2022\/02\/Federico-Aguilera-vuelve-a-768x468.jpg",768,468,true],"1536x1536":["https:\/\/experienciadevida.com.ar\/portalurbano\/wp-content\/uploads\/2022\/02\/Federico-Aguilera-vuelve-a.jpg",1280,780,false],"2048x2048":["https:\/\/experienciadevida.com.ar\/portalurbano\/wp-content\/uploads\/2022\/02\/Federico-Aguilera-vuelve-a.jpg",1280,780,false],"newsever-slider-full":["https:\/\/experienciadevida.com.ar\/portalurbano\/wp-content\/uploads\/2022\/02\/Federico-Aguilera-vuelve-a.jpg",1280,780,false],"newsever-featured":["https:\/\/experienciadevida.com.ar\/portalurbano\/wp-content\/uploads\/2022\/02\/Federico-Aguilera-vuelve-a.jpg",1024,624,false],"newsever-medium":["https:\/\/experienciadevida.com.ar\/portalurbano\/wp-content\/uploads\/2022\/02\/Federico-Aguilera-vuelve-a.jpg",720,439,false],"web-stories-poster-portrait":["https:\/\/experienciadevida.com.ar\/portalurbano\/wp-content\/uploads\/2022\/02\/Federico-Aguilera-vuelve-a.jpg",640,390,false],"web-stories-publisher-logo":["https:\/\/experienciadevida.com.ar\/portalurbano\/wp-content\/uploads\/2022\/02\/Federico-Aguilera-vuelve-a.jpg",96,59,false],"web-stories-thumbnail":["https:\/\/experienciadevida.com.ar\/portalurbano\/wp-content\/uploads\/2022\/02\/Federico-Aguilera-vuelve-a.jpg",150,91,false]},"author_info":{"display_name":"admpu17wp","author_link":"https:\/\/experienciadevida.com.ar\/portalurbano\/author\/admpu17wp\/"},"category_info":"<a href=\"https:\/\/experienciadevida.com.ar\/portalurbano\/category\/ciudad\/\" rel=\"category tag\">Ciudad<\/a> <a href=\"https:\/\/experienciadevida.com.ar\/portalurbano\/category\/destacadas-2\/\" rel=\"category tag\">Destacadas 2<\/a>","tag_info":"Destacadas 2","comment_count":"0","amp_enabled":true,"_links":{"self":[{"href":"https:\/\/experienciadevida.com.ar\/portalurbano\/wp-json\/wp\/v2\/posts\/161961"}],"collection":[{"href":"https:\/\/experienciadevida.com.ar\/portalurbano\/wp-json\/wp\/v2\/posts"}],"about":[{"href":"https:\/\/experienciadevida.com.ar\/portalurbano\/wp-json\/wp\/v2\/types\/post"}],"author":[{"embeddable":true,"href":"https:\/\/experienciadevida.com.ar\/portalurbano\/wp-json\/wp\/v2\/users\/1"}],"replies":[{"embeddable":true,"href":"https:\/\/experienciadevida.com.ar\/portalurbano\/wp-json\/wp\/v2\/comments?post=161961"}],"version-history":[{"count":3,"href":"https:\/\/experienciadevida.com.ar\/portalurbano\/wp-json\/wp\/v2\/posts\/161961\/revisions"}],"predecessor-version":[{"id":161966,"href":"https:\/\/experienciadevida.com.ar\/portalurbano\/wp-json\/wp\/v2\/posts\/161961\/revisions\/161966"}],"wp:featuredmedia":[{"embeddable":true,"href":"https:\/\/experienciadevida.com.ar\/portalurbano\/wp-json\/wp\/v2\/media\/161962"}],"wp:attachment":[{"href":"https:\/\/experienciadevida.com.ar\/portalurbano\/wp-json\/wp\/v2\/media?parent=161961"}],"wp:term":[{"taxonomy":"category","embeddable":true,"href":"https:\/\/experienciadevida.com.ar\/portalurbano\/wp-json\/wp\/v2\/categories?post=161961"},{"taxonomy":"post_tag","embeddable":true,"href":"https:\/\/experienciadevida.com.ar\/portalurbano\/wp-json\/wp\/v2\/tags?post=161961"}],"curies":[{"name":"wp","href":"https:\/\/api.w.org\/{rel}","templated":true}]}}