{"id":161901,"date":"2022-02-17T18:32:22","date_gmt":"2022-02-17T21:32:22","guid":{"rendered":"https:\/\/experienciadevida.com.ar\/portalurbano\/?p=161901"},"modified":"2022-02-17T18:39:30","modified_gmt":"2022-02-17T21:39:30","slug":"licitacion-del-transporte-interurbano-nos-preocupa-la-limitacion-al-acceso-a-la-informacion","status":"publish","type":"post","link":"https:\/\/experienciadevida.com.ar\/portalurbano\/licitacion-del-transporte-interurbano-nos-preocupa-la-limitacion-al-acceso-a-la-informacion\/","title":{"rendered":"Licitaci\u00f3n del transporte interurbano: &#8220;nos preocupa la limitaci\u00f3n al acceso a la informaci\u00f3n&#8221;"},"content":{"rendered":"<p>Licitaci\u00f3n del transporte interurbano: &#8220;nos preocupa la limitaci\u00f3n al acceso a la informaci\u00f3n&#8221;. Este jueves se realiz\u00f3 una conferencia en el HCD del Frente de Todos, donde denuncian la falta de transparencia de la licitaci\u00f3n del transporte interurbano. Por su parte, esta misma tarde el Intendente brindar\u00e1 otra conferencia de prensa.<\/p>\n<p>El primero en tomar la palabra fue Maximiliano <a href=\"https:\/\/www.facebook.com\/profile.php?id=100042370038174\">Wesner<\/a> &#8220;la intenci\u00f3n es comunicar que desde nuestro interbloque del FDT la limitaci\u00f3n al acceso a la informaci\u00f3n en el expediente que tiene que ver con la licitaci\u00f3n del transporte p\u00fablico interurbano. El 8 de febrero con mis compa\u00f1eros\u00a0 nos acercamos a la Municipalidad y mantuvimos una charla con el Subsecretario de Gobieno hablamos sobre algunas cuestiones del tema, quisimos mirar el expediente y la respuesta fue que no, que no pod\u00edamos acceder al mismo&#8221;.<\/p>\n<p>&#8220;Nos dijeron que regresemos el d\u00eda viernes y regresamos ese d\u00eda, pero volvimos a no tener acceso al expediente, no sabemos cu\u00e1l fue la raz\u00f3n, s\u00ed nos manifestaron que estaban a la espera de la documentaci\u00f3n de alguna de las empresas oferentes en esta licitaci\u00f3n con lo que fuimos respetuosos de eso y quedaron que nos iban a contactar pero no se han contactado, la idea era tener una comunicaci\u00f3n respetando los plazos para trabajar el expediente y adjudicar la empresa ganadora pero como no nos llamaron, este jueves por la ma\u00f1ana, volvimos a ir pero la secretaria nos manifest\u00f3 que hab\u00eda reuni\u00f3n de gabinete ampliado,\u00a0 por lo que no hab\u00eda ning\u00fan funcionario en el Municipio no tuvimos respuesta&#8221;.<\/p>\n<p><a href=\"https:\/\/experienciadevida.com.ar\/portalurbano\/licitacion-del-transporte-interurbano-nos-preocupa-la-limitacion-al-acceso-a-la-informacion\/licitacion\/\" rel=\"attachment wp-att-161937\"><img decoding=\"async\" class=\"alignnone size-full wp-image-161937\" src=\"https:\/\/experienciadevida.com.ar\/portalurbano\/wp-content\/uploads\/2022\/02\/Licitacion.jpg\" alt=\"Licitaci\u00f3n \" width=\"960\" height=\"640\" srcset=\"https:\/\/experienciadevida.com.ar\/portalurbano\/wp-content\/uploads\/2022\/02\/Licitacion.jpg 960w, https:\/\/experienciadevida.com.ar\/portalurbano\/wp-content\/uploads\/2022\/02\/Licitacion-300x200.jpg 300w, https:\/\/experienciadevida.com.ar\/portalurbano\/wp-content\/uploads\/2022\/02\/Licitacion-768x512.jpg 768w\" sizes=\"(max-width: 960px) 100vw, 960px\" \/><\/a><\/p>\n<p>Por otra parte &#8220;somos concejales, representamos a los vecinos de Olavarr\u00eda y las localidades con quienes venimos hablando y nos vienen preguntando y no sabemos que responderles, desde que fue la apertura de sobres no se supo m\u00e1s nada, es por eso que decidimos hacer esta conferencia porque hay una limitaci\u00f3n a nuestra tarea como concejales, pero tambi\u00e9n <strong>una clara limitaci\u00f3n al acceso a la informaci\u00f3n\u00a0<\/strong>de todos los vecinos&#8221;.<\/p>\n<p>Luego tom\u00f3 la palabra Ubaldo Garc\u00eda &#8220;nos preocupa mucho esta falta de acceso a la informaci\u00f3n que estamos teniendo, nos llama poderosamente la atenci\u00f3n, nosotros comenzamos a trabajar todos los bloques funcionarios del ejecutivo para tratar de llegar a un acuerdo que sea el mejor para el servicio p\u00fablico interurbano, que las empresas pudieran presentarse, que no sea algo imposible de cumplir. Otro de los temas que se trat\u00f3 fue la monopolizaci\u00f3n del servicio y el inconveniente que eso pod\u00eda generar&#8221;.<\/p>\n<p>&#8220;En una de las sesiones aparece una moci\u00f3n de modificaci\u00f3n de un art\u00edculo que era justamente la que conten\u00eda una cl\u00e1usula, en ese momento, adem\u00e1s mencionan que ser\u00eda ideal que no exista monopolizaci\u00f3n pero por el miedo a que no se presentara nadie sacan esa cl\u00e1usula. Nos llama la atenci\u00f3n esto y luego todo lo que contin\u00faa, hay situaciones que no son del todo claras para que haya transparencia y que haya la mejor oferta para el Olavarriense\u00a0 y que el proceso licitatorio sea limpio, pero no podemos verlos, no hay se\u00f1al de que lo podamos ver, estamos teniendo limitaciones y creo no deber\u00eda ser as\u00ed&#8221;.<\/p>\n<p>Tambi\u00e9n &#8221; es obligaci\u00f3n del Municipio estar abierto al an\u00e1lisis que tiene que hacer el ejecutivo, el HCD y los concejales tienen facultades para poder observar los expedientes, no veo porque el hermetismo que existe&#8221;.<\/p>\n<p>Al finalizar Wesner dijo &#8220;me asombra no tener acceso, eso hace ruido, es poco transparente no comunicar, nos pone en una situaci\u00f3n inc\u00f3moda salir a aclarar la limitaci\u00f3n que tenemos, no es correcto y deja mucho que desear&#8221;.<\/p>\n","protected":false},"excerpt":{"rendered":"<p>Licitaci\u00f3n del transporte interurbano: &#8220;nos preocupa la limitaci\u00f3n al acceso a la informaci\u00f3n&#8221;. Este jueves&#8230;<\/p>\n","protected":false},"author":1,"featured_media":161932,"comment_status":"closed","ping_status":"closed","sticky":false,"template":"","format":"standard","meta":{"content-type":""},"categories":[27,51],"tags":[],"nelio_content":{"isAutoShareEnabled":false,"autoShareEndMode":"default","automationSources":{"useContentSentences":true,"useSocialTemplates":true,"useCustomSentences":false,"customSentences":[]},"followers":[1],"suggestedReferences":[],"includedReferences":[],"efiUrl":"","efiAlt":"","highlights":[]},"yoast_head":"<!-- This site is optimized with the Yoast SEO plugin v20.7 - https:\/\/yoast.com\/wordpress\/plugins\/seo\/ -->\n<title>Licitaci\u00f3n del transporte interurbano: &quot;Nos preocupa la limitaci\u00f3n al acceso<\/title>\n<meta name=\"description\" content=\"Licitaci\u00f3n del transporte interurbano: &quot;nos preocupa la limitaci\u00f3n al acceso a la informaci\u00f3n&quot;, este jueves se realiz\u00f3 una conferencia\" \/>\n<meta name=\"robots\" content=\"index, follow, max-snippet:-1, max-image-preview:large, max-video-preview:-1\" \/>\n<link rel=\"canonical\" href=\"https:\/\/experienciadevida.com.ar\/portalurbano\/licitacion-del-transporte-interurbano-nos-preocupa-la-limitacion-al-acceso-a-la-informacion\/\" \/>\n<meta property=\"og:locale\" content=\"es_ES\" \/>\n<meta property=\"og:type\" content=\"article\" \/>\n<meta property=\"og:title\" content=\"Licitaci\u00f3n del transporte interurbano: &quot;Nos preocupa la limitaci\u00f3n al acceso\" \/>\n<meta property=\"og:description\" content=\"Licitaci\u00f3n del transporte interurbano: &quot;nos preocupa la limitaci\u00f3n al acceso a la informaci\u00f3n&quot;, este jueves se realiz\u00f3 una conferencia\" \/>\n<meta property=\"og:url\" content=\"https:\/\/experienciadevida.com.ar\/portalurbano\/licitacion-del-transporte-interurbano-nos-preocupa-la-limitacion-al-acceso-a-la-informacion\/\" \/>\n<meta property=\"article:publisher\" content=\"https:\/\/www.facebook.com\/Portal-Urbano-171542830093757\/\" \/>\n<meta property=\"article:published_time\" content=\"2022-02-17T21:32:22+00:00\" \/>\n<meta property=\"article:modified_time\" content=\"2022-02-17T21:39:30+00:00\" \/>\n<meta property=\"og:image\" content=\"https:\/\/experienciadevida.com.ar\/portalurbano\/wp-content\/uploads\/2022\/02\/Licitacion-del-transporte-interurbano.jpg\" \/>\n\t<meta property=\"og:image:width\" content=\"960\" \/>\n\t<meta property=\"og:image:height\" content=\"608\" \/>\n\t<meta property=\"og:image:type\" content=\"image\/jpeg\" \/>\n<meta name=\"author\" content=\"admpu17wp\" \/>\n<meta name=\"twitter:card\" content=\"summary_large_image\" \/>\n<meta name=\"twitter:creator\" content=\"@portalurbanook\" \/>\n<meta name=\"twitter:site\" content=\"@portalurbanook\" \/>\n<meta name=\"twitter:label1\" content=\"Escrito por\" \/>\n\t<meta name=\"twitter:data1\" content=\"admpu17wp\" \/>\n\t<meta name=\"twitter:label2\" content=\"Tiempo de lectura\" \/>\n\t<meta name=\"twitter:data2\" content=\"3 minutos\" \/>\n<script type=\"application\/ld+json\" class=\"yoast-schema-graph\">{\"@context\":\"https:\/\/schema.org\",\"@graph\":[{\"@type\":\"Article\",\"@id\":\"https:\/\/experienciadevida.com.ar\/portalurbano\/licitacion-del-transporte-interurbano-nos-preocupa-la-limitacion-al-acceso-a-la-informacion\/#article\",\"isPartOf\":{\"@id\":\"https:\/\/experienciadevida.com.ar\/portalurbano\/licitacion-del-transporte-interurbano-nos-preocupa-la-limitacion-al-acceso-a-la-informacion\/\"},\"author\":{\"name\":\"admpu17wp\",\"@id\":\"https:\/\/experienciadevida.com.ar\/portalurbano\/#\/schema\/person\/02dd326b1c4b056e9cc972486934a3a7\"},\"headline\":\"Licitaci\u00f3n del transporte interurbano: &#8220;nos preocupa la limitaci\u00f3n al acceso a la informaci\u00f3n&#8221;\",\"datePublished\":\"2022-02-17T21:32:22+00:00\",\"dateModified\":\"2022-02-17T21:39:30+00:00\",\"mainEntityOfPage\":{\"@id\":\"https:\/\/experienciadevida.com.ar\/portalurbano\/licitacion-del-transporte-interurbano-nos-preocupa-la-limitacion-al-acceso-a-la-informacion\/\"},\"wordCount\":651,\"publisher\":{\"@id\":\"https:\/\/experienciadevida.com.ar\/portalurbano\/#organization\"},\"articleSection\":[\"Ciudad\",\"Destacadas\"],\"inLanguage\":\"es\"},{\"@type\":\"WebPage\",\"@id\":\"https:\/\/experienciadevida.com.ar\/portalurbano\/licitacion-del-transporte-interurbano-nos-preocupa-la-limitacion-al-acceso-a-la-informacion\/\",\"url\":\"https:\/\/experienciadevida.com.ar\/portalurbano\/licitacion-del-transporte-interurbano-nos-preocupa-la-limitacion-al-acceso-a-la-informacion\/\",\"name\":\"Licitaci\u00f3n del transporte interurbano: \\\"Nos preocupa la limitaci\u00f3n al acceso\",\"isPartOf\":{\"@id\":\"https:\/\/experienciadevida.com.ar\/portalurbano\/#website\"},\"datePublished\":\"2022-02-17T21:32:22+00:00\",\"dateModified\":\"2022-02-17T21:39:30+00:00\",\"description\":\"Licitaci\u00f3n del transporte interurbano: \\\"nos preocupa la limitaci\u00f3n al acceso a la informaci\u00f3n\\\", este jueves se realiz\u00f3 una conferencia\",\"breadcrumb\":{\"@id\":\"https:\/\/experienciadevida.com.ar\/portalurbano\/licitacion-del-transporte-interurbano-nos-preocupa-la-limitacion-al-acceso-a-la-informacion\/#breadcrumb\"},\"inLanguage\":\"es\",\"potentialAction\":[{\"@type\":\"ReadAction\",\"target\":[\"https:\/\/experienciadevida.com.ar\/portalurbano\/licitacion-del-transporte-interurbano-nos-preocupa-la-limitacion-al-acceso-a-la-informacion\/\"]}]},{\"@type\":\"BreadcrumbList\",\"@id\":\"https:\/\/experienciadevida.com.ar\/portalurbano\/licitacion-del-transporte-interurbano-nos-preocupa-la-limitacion-al-acceso-a-la-informacion\/#breadcrumb\",\"itemListElement\":[{\"@type\":\"ListItem\",\"position\":1,\"name\":\"Portada\",\"item\":\"https:\/\/experienciadevida.com.ar\/portalurbano\/\"},{\"@type\":\"ListItem\",\"position\":2,\"name\":\"Licitaci\u00f3n del transporte interurbano: \u00abnos preocupa la limitaci\u00f3n al acceso a la informaci\u00f3n\u00bb\"}]},{\"@type\":\"WebSite\",\"@id\":\"https:\/\/experienciadevida.com.ar\/portalurbano\/#website\",\"url\":\"https:\/\/experienciadevida.com.ar\/portalurbano\/\",\"name\":\"\",\"description\":\"\",\"publisher\":{\"@id\":\"https:\/\/experienciadevida.com.ar\/portalurbano\/#organization\"},\"potentialAction\":[{\"@type\":\"SearchAction\",\"target\":{\"@type\":\"EntryPoint\",\"urlTemplate\":\"https:\/\/experienciadevida.com.ar\/portalurbano\/?s={search_term_string}\"},\"query-input\":\"required name=search_term_string\"}],\"inLanguage\":\"es\"},{\"@type\":\"Organization\",\"@id\":\"https:\/\/experienciadevida.com.ar\/portalurbano\/#organization\",\"name\":\"Portal Urbano\",\"url\":\"https:\/\/experienciadevida.com.ar\/portalurbano\/\",\"logo\":{\"@type\":\"ImageObject\",\"inLanguage\":\"es\",\"@id\":\"https:\/\/experienciadevida.com.ar\/portalurbano\/#\/schema\/logo\/image\/\",\"url\":\"https:\/\/experienciadevida.com.ar\/portalurbano\/wp-content\/uploads\/2019\/09\/Logo-Original.png\",\"contentUrl\":\"https:\/\/experienciadevida.com.ar\/portalurbano\/wp-content\/uploads\/2019\/09\/Logo-Original.png\",\"width\":2236,\"height\":1216,\"caption\":\"Portal Urbano\"},\"image\":{\"@id\":\"https:\/\/experienciadevida.com.ar\/portalurbano\/#\/schema\/logo\/image\/\"},\"sameAs\":[\"https:\/\/www.facebook.com\/Portal-Urbano-171542830093757\/\",\"https:\/\/twitter.com\/portalurbanook\",\"https:\/\/www.instagram.com\/_portalurbano\/\",\"https:\/\/www.youtube.com\/channel\/UCXhagIfszH8KxFiOok79zbA?view_as=subscriber\"]},{\"@type\":\"Person\",\"@id\":\"https:\/\/experienciadevida.com.ar\/portalurbano\/#\/schema\/person\/02dd326b1c4b056e9cc972486934a3a7\",\"name\":\"admpu17wp\",\"image\":{\"@type\":\"ImageObject\",\"inLanguage\":\"es\",\"@id\":\"https:\/\/experienciadevida.com.ar\/portalurbano\/#\/schema\/person\/image\/\",\"url\":\"https:\/\/secure.gravatar.com\/avatar\/830d4c57adaae6630765e449a6908047?s=96&d=mm&r=g\",\"contentUrl\":\"https:\/\/secure.gravatar.com\/avatar\/830d4c57adaae6630765e449a6908047?s=96&d=mm&r=g\",\"caption\":\"admpu17wp\"}}]}<\/script>\n<!-- \/ Yoast SEO plugin. -->","yoast_head_json":{"title":"Licitaci\u00f3n del transporte interurbano: \"Nos preocupa la limitaci\u00f3n al acceso","description":"Licitaci\u00f3n del transporte interurbano: \"nos preocupa la limitaci\u00f3n al acceso a la informaci\u00f3n\", este jueves se realiz\u00f3 una conferencia","robots":{"index":"index","follow":"follow","max-snippet":"max-snippet:-1","max-image-preview":"max-image-preview:large","max-video-preview":"max-video-preview:-1"},"canonical":"https:\/\/experienciadevida.com.ar\/portalurbano\/licitacion-del-transporte-interurbano-nos-preocupa-la-limitacion-al-acceso-a-la-informacion\/","og_locale":"es_ES","og_type":"article","og_title":"Licitaci\u00f3n del transporte interurbano: \"Nos preocupa la limitaci\u00f3n al acceso","og_description":"Licitaci\u00f3n del transporte interurbano: \"nos preocupa la limitaci\u00f3n al acceso a la informaci\u00f3n\", este jueves se realiz\u00f3 una conferencia","og_url":"https:\/\/experienciadevida.com.ar\/portalurbano\/licitacion-del-transporte-interurbano-nos-preocupa-la-limitacion-al-acceso-a-la-informacion\/","article_publisher":"https:\/\/www.facebook.com\/Portal-Urbano-171542830093757\/","article_published_time":"2022-02-17T21:32:22+00:00","article_modified_time":"2022-02-17T21:39:30+00:00","og_image":[{"width":960,"height":608,"url":"https:\/\/experienciadevida.com.ar\/portalurbano\/wp-content\/uploads\/2022\/02\/Licitacion-del-transporte-interurbano.jpg","type":"image\/jpeg"}],"author":"admpu17wp","twitter_card":"summary_large_image","twitter_creator":"@portalurbanook","twitter_site":"@portalurbanook","twitter_misc":{"Escrito por":"admpu17wp","Tiempo de lectura":"3 minutos"},"schema":{"@context":"https:\/\/schema.org","@graph":[{"@type":"Article","@id":"https:\/\/experienciadevida.com.ar\/portalurbano\/licitacion-del-transporte-interurbano-nos-preocupa-la-limitacion-al-acceso-a-la-informacion\/#article","isPartOf":{"@id":"https:\/\/experienciadevida.com.ar\/portalurbano\/licitacion-del-transporte-interurbano-nos-preocupa-la-limitacion-al-acceso-a-la-informacion\/"},"author":{"name":"admpu17wp","@id":"https:\/\/experienciadevida.com.ar\/portalurbano\/#\/schema\/person\/02dd326b1c4b056e9cc972486934a3a7"},"headline":"Licitaci\u00f3n del transporte interurbano: &#8220;nos preocupa la limitaci\u00f3n al acceso a la informaci\u00f3n&#8221;","datePublished":"2022-02-17T21:32:22+00:00","dateModified":"2022-02-17T21:39:30+00:00","mainEntityOfPage":{"@id":"https:\/\/experienciadevida.com.ar\/portalurbano\/licitacion-del-transporte-interurbano-nos-preocupa-la-limitacion-al-acceso-a-la-informacion\/"},"wordCount":651,"publisher":{"@id":"https:\/\/experienciadevida.com.ar\/portalurbano\/#organization"},"articleSection":["Ciudad","Destacadas"],"inLanguage":"es"},{"@type":"WebPage","@id":"https:\/\/experienciadevida.com.ar\/portalurbano\/licitacion-del-transporte-interurbano-nos-preocupa-la-limitacion-al-acceso-a-la-informacion\/","url":"https:\/\/experienciadevida.com.ar\/portalurbano\/licitacion-del-transporte-interurbano-nos-preocupa-la-limitacion-al-acceso-a-la-informacion\/","name":"Licitaci\u00f3n del transporte interurbano: \"Nos preocupa la limitaci\u00f3n al acceso","isPartOf":{"@id":"https:\/\/experienciadevida.com.ar\/portalurbano\/#website"},"datePublished":"2022-02-17T21:32:22+00:00","dateModified":"2022-02-17T21:39:30+00:00","description":"Licitaci\u00f3n del transporte interurbano: \"nos preocupa la limitaci\u00f3n al acceso a la informaci\u00f3n\", este jueves se realiz\u00f3 una conferencia","breadcrumb":{"@id":"https:\/\/experienciadevida.com.ar\/portalurbano\/licitacion-del-transporte-interurbano-nos-preocupa-la-limitacion-al-acceso-a-la-informacion\/#breadcrumb"},"inLanguage":"es","potentialAction":[{"@type":"ReadAction","target":["https:\/\/experienciadevida.com.ar\/portalurbano\/licitacion-del-transporte-interurbano-nos-preocupa-la-limitacion-al-acceso-a-la-informacion\/"]}]},{"@type":"BreadcrumbList","@id":"https:\/\/experienciadevida.com.ar\/portalurbano\/licitacion-del-transporte-interurbano-nos-preocupa-la-limitacion-al-acceso-a-la-informacion\/#breadcrumb","itemListElement":[{"@type":"ListItem","position":1,"name":"Portada","item":"https:\/\/experienciadevida.com.ar\/portalurbano\/"},{"@type":"ListItem","position":2,"name":"Licitaci\u00f3n del transporte interurbano: \u00abnos preocupa la limitaci\u00f3n al acceso a la informaci\u00f3n\u00bb"}]},{"@type":"WebSite","@id":"https:\/\/experienciadevida.com.ar\/portalurbano\/#website","url":"https:\/\/experienciadevida.com.ar\/portalurbano\/","name":"","description":"","publisher":{"@id":"https:\/\/experienciadevida.com.ar\/portalurbano\/#organization"},"potentialAction":[{"@type":"SearchAction","target":{"@type":"EntryPoint","urlTemplate":"https:\/\/experienciadevida.com.ar\/portalurbano\/?s={search_term_string}"},"query-input":"required name=search_term_string"}],"inLanguage":"es"},{"@type":"Organization","@id":"https:\/\/experienciadevida.com.ar\/portalurbano\/#organization","name":"Portal Urbano","url":"https:\/\/experienciadevida.com.ar\/portalurbano\/","logo":{"@type":"ImageObject","inLanguage":"es","@id":"https:\/\/experienciadevida.com.ar\/portalurbano\/#\/schema\/logo\/image\/","url":"https:\/\/experienciadevida.com.ar\/portalurbano\/wp-content\/uploads\/2019\/09\/Logo-Original.png","contentUrl":"https:\/\/experienciadevida.com.ar\/portalurbano\/wp-content\/uploads\/2019\/09\/Logo-Original.png","width":2236,"height":1216,"caption":"Portal Urbano"},"image":{"@id":"https:\/\/experienciadevida.com.ar\/portalurbano\/#\/schema\/logo\/image\/"},"sameAs":["https:\/\/www.facebook.com\/Portal-Urbano-171542830093757\/","https:\/\/twitter.com\/portalurbanook","https:\/\/www.instagram.com\/_portalurbano\/","https:\/\/www.youtube.com\/channel\/UCXhagIfszH8KxFiOok79zbA?view_as=subscriber"]},{"@type":"Person","@id":"https:\/\/experienciadevida.com.ar\/portalurbano\/#\/schema\/person\/02dd326b1c4b056e9cc972486934a3a7","name":"admpu17wp","image":{"@type":"ImageObject","inLanguage":"es","@id":"https:\/\/experienciadevida.com.ar\/portalurbano\/#\/schema\/person\/image\/","url":"https:\/\/secure.gravatar.com\/avatar\/830d4c57adaae6630765e449a6908047?s=96&d=mm&r=g","contentUrl":"https:\/\/secure.gravatar.com\/avatar\/830d4c57adaae6630765e449a6908047?s=96&d=mm&r=g","caption":"admpu17wp"}}]}},"featured_image_urls":{"full":["https:\/\/experienciadevida.com.ar\/portalurbano\/wp-content\/uploads\/2022\/02\/Licitacion-del-transporte-interurbano.jpg",960,608,false],"thumbnail":["https:\/\/experienciadevida.com.ar\/portalurbano\/wp-content\/uploads\/2022\/02\/Licitacion-del-transporte-interurbano-150x150.jpg",150,150,true],"medium":["https:\/\/experienciadevida.com.ar\/portalurbano\/wp-content\/uploads\/2022\/02\/Licitacion-del-transporte-interurbano-300x190.jpg",300,190,true],"medium_large":["https:\/\/experienciadevida.com.ar\/portalurbano\/wp-content\/uploads\/2022\/02\/Licitacion-del-transporte-interurbano-768x486.jpg",640,405,true],"large":["https:\/\/experienciadevida.com.ar\/portalurbano\/wp-content\/uploads\/2022\/02\/Licitacion-del-transporte-interurbano.jpg",640,405,false],"ug_big":["https:\/\/experienciadevida.com.ar\/portalurbano\/wp-content\/uploads\/2022\/02\/Licitacion-del-transporte-interurbano-768x486.jpg",768,486,true],"1536x1536":["https:\/\/experienciadevida.com.ar\/portalurbano\/wp-content\/uploads\/2022\/02\/Licitacion-del-transporte-interurbano.jpg",960,608,false],"2048x2048":["https:\/\/experienciadevida.com.ar\/portalurbano\/wp-content\/uploads\/2022\/02\/Licitacion-del-transporte-interurbano.jpg",960,608,false],"newsever-slider-full":["https:\/\/experienciadevida.com.ar\/portalurbano\/wp-content\/uploads\/2022\/02\/Licitacion-del-transporte-interurbano.jpg",960,608,false],"newsever-featured":["https:\/\/experienciadevida.com.ar\/portalurbano\/wp-content\/uploads\/2022\/02\/Licitacion-del-transporte-interurbano.jpg",960,608,false],"newsever-medium":["https:\/\/experienciadevida.com.ar\/portalurbano\/wp-content\/uploads\/2022\/02\/Licitacion-del-transporte-interurbano.jpg",720,456,false],"web-stories-poster-portrait":["https:\/\/experienciadevida.com.ar\/portalurbano\/wp-content\/uploads\/2022\/02\/Licitacion-del-transporte-interurbano.jpg",640,405,false],"web-stories-publisher-logo":["https:\/\/experienciadevida.com.ar\/portalurbano\/wp-content\/uploads\/2022\/02\/Licitacion-del-transporte-interurbano.jpg",96,61,false],"web-stories-thumbnail":["https:\/\/experienciadevida.com.ar\/portalurbano\/wp-content\/uploads\/2022\/02\/Licitacion-del-transporte-interurbano.jpg",150,95,false]},"author_info":{"display_name":"admpu17wp","author_link":"https:\/\/experienciadevida.com.ar\/portalurbano\/author\/admpu17wp\/"},"category_info":"<a href=\"https:\/\/experienciadevida.com.ar\/portalurbano\/category\/ciudad\/\" rel=\"category tag\">Ciudad<\/a> <a href=\"https:\/\/experienciadevida.com.ar\/portalurbano\/category\/destacadas\/\" rel=\"category tag\">Destacadas<\/a>","tag_info":"Destacadas","comment_count":"0","amp_enabled":true,"_links":{"self":[{"href":"https:\/\/experienciadevida.com.ar\/portalurbano\/wp-json\/wp\/v2\/posts\/161901"}],"collection":[{"href":"https:\/\/experienciadevida.com.ar\/portalurbano\/wp-json\/wp\/v2\/posts"}],"about":[{"href":"https:\/\/experienciadevida.com.ar\/portalurbano\/wp-json\/wp\/v2\/types\/post"}],"author":[{"embeddable":true,"href":"https:\/\/experienciadevida.com.ar\/portalurbano\/wp-json\/wp\/v2\/users\/1"}],"replies":[{"embeddable":true,"href":"https:\/\/experienciadevida.com.ar\/portalurbano\/wp-json\/wp\/v2\/comments?post=161901"}],"version-history":[{"count":5,"href":"https:\/\/experienciadevida.com.ar\/portalurbano\/wp-json\/wp\/v2\/posts\/161901\/revisions"}],"predecessor-version":[{"id":161934,"href":"https:\/\/experienciadevida.com.ar\/portalurbano\/wp-json\/wp\/v2\/posts\/161901\/revisions\/161934"}],"wp:featuredmedia":[{"embeddable":true,"href":"https:\/\/experienciadevida.com.ar\/portalurbano\/wp-json\/wp\/v2\/media\/161932"}],"wp:attachment":[{"href":"https:\/\/experienciadevida.com.ar\/portalurbano\/wp-json\/wp\/v2\/media?parent=161901"}],"wp:term":[{"taxonomy":"category","embeddable":true,"href":"https:\/\/experienciadevida.com.ar\/portalurbano\/wp-json\/wp\/v2\/categories?post=161901"},{"taxonomy":"post_tag","embeddable":true,"href":"https:\/\/experienciadevida.com.ar\/portalurbano\/wp-json\/wp\/v2\/tags?post=161901"}],"curies":[{"name":"wp","href":"https:\/\/api.w.org\/{rel}","templated":true}]}}