{"id":161898,"date":"2022-02-17T12:51:57","date_gmt":"2022-02-17T15:51:57","guid":{"rendered":"https:\/\/experienciadevida.com.ar\/portalurbano\/?p=161898"},"modified":"2022-02-17T12:52:48","modified_gmt":"2022-02-17T15:52:48","slug":"coopelectric-reanuda-su-ciclo-de-charlas-y-conferencias","status":"publish","type":"post","link":"https:\/\/experienciadevida.com.ar\/portalurbano\/coopelectric-reanuda-su-ciclo-de-charlas-y-conferencias\/","title":{"rendered":"Coopelectric reanuda su \u201cCiclo de charlas y conferencias\u201d"},"content":{"rendered":"<p>Coopelectric reanuda su \u201cCiclo de charlas y conferencias\u201d, con la finalidad de ofrecer un espacio de informaci\u00f3n, reflexi\u00f3n y enriquecimiento cultural para Olavarr\u00eda.<\/p>\n<p>Por tal motivo, invitamos a la comunidad a la charla\/taller \u201cC\u00f3mo evitar ser v\u00edctima de estafas virtuales\u201d que ser\u00e1 dictada por el fiscal Lucas Moyano a cargo de la UFI 22 especializada en ciberdelitos. La misma tendr\u00e1 lugar el jueves 24 de febrero a las 19:30 hs. en el Sal\u00f3n Audit\u00f3rium de la sede Administrativa de Coopelectric (Belgrano N\u00ba 2850) con entrada libre y gratuita.<\/p>\n<p>Estamos viviendo una aut\u00e9ntica revoluci\u00f3n digital en donde WhatsApp y las Redes Sociales se convirtieron en una parte significativa de nuestra identidad digital. Cuando alguien se comunica con un contacto mediante estas aplicaciones supone que detr\u00e1s de ese perfil existe una persona real, hay una confianza impl\u00edcita que reduce la desconfianza y baja las barreras de sospechas.<\/p>\n<p>Coopelectric reanuda su \u201cCiclo de charlas y conferencias\u201d, En un contexto atravesado por la pandemia, los ciberdelincuentes perfeccionan cada vez m\u00e1s r\u00e1pido las modalidades de estafas y fraudes: perfiles falsos en redes sociales que env\u00edan mensajes directos, llamadas telef\u00f3nicas, mensajes de texto o de WhatsApp y otras aplicaciones de mensajer\u00eda, adem\u00e1s de correos electr\u00f3nicos enga\u00f1osos para obtener datos personales y bancarios.<\/p>\n<p>Durante esta charla\/taller el Dr. Lucas Moyano abordar\u00e1 las modalidades de enga\u00f1o m\u00e1s frecuentes, expondr\u00e1 casos reales, explicar\u00e1 c\u00f3mo se debe actuar ante un fraude o enga\u00f1o virtual y finalmente brindar\u00e1 recomendaciones para<br \/>\nproteger la informaci\u00f3n personal y evitar ser v\u00edctima de este tipo de delitos.<\/p>\n","protected":false},"excerpt":{"rendered":"<p>Coopelectric reanuda su \u201cCiclo de charlas y conferencias\u201d, con la finalidad de ofrecer un espacio&#8230;<\/p>\n","protected":false},"author":1,"featured_media":161899,"comment_status":"closed","ping_status":"closed","sticky":false,"template":"","format":"standard","meta":{"content-type":""},"categories":[27],"tags":[],"nelio_content":{"isAutoShareEnabled":false,"autoShareEndMode":"default","automationSources":{"useContentSentences":true,"useSocialTemplates":true,"useCustomSentences":false,"customSentences":[]},"followers":[1],"suggestedReferences":[],"includedReferences":[],"efiUrl":"","efiAlt":"","highlights":[]},"yoast_head":"<!-- This site is optimized with the Yoast SEO plugin v20.7 - https:\/\/yoast.com\/wordpress\/plugins\/seo\/ -->\n<title>Coopelectric reanuda su ciclo de charlas y conferencias<\/title>\n<meta name=\"description\" content=\"Coopelectric reanuda su \u201cCiclo de charlas y conferencias\u201d, con la finalidad de ofrecer un espacio de informaci\u00f3n, reflexi\u00f3n.\" \/>\n<meta name=\"robots\" content=\"index, follow, max-snippet:-1, max-image-preview:large, max-video-preview:-1\" \/>\n<link rel=\"canonical\" href=\"https:\/\/experienciadevida.com.ar\/portalurbano\/coopelectric-reanuda-su-ciclo-de-charlas-y-conferencias\/\" \/>\n<meta property=\"og:locale\" content=\"es_ES\" \/>\n<meta property=\"og:type\" content=\"article\" \/>\n<meta property=\"og:title\" content=\"Coopelectric reanuda su ciclo de charlas y conferencias\" \/>\n<meta property=\"og:description\" content=\"Coopelectric reanuda su \u201cCiclo de charlas y conferencias\u201d, con la finalidad de ofrecer un espacio de informaci\u00f3n, reflexi\u00f3n.\" \/>\n<meta property=\"og:url\" content=\"https:\/\/experienciadevida.com.ar\/portalurbano\/coopelectric-reanuda-su-ciclo-de-charlas-y-conferencias\/\" \/>\n<meta property=\"article:publisher\" content=\"https:\/\/www.facebook.com\/Portal-Urbano-171542830093757\/\" \/>\n<meta property=\"article:published_time\" content=\"2022-02-17T15:51:57+00:00\" \/>\n<meta property=\"article:modified_time\" content=\"2022-02-17T15:52:48+00:00\" \/>\n<meta property=\"og:image\" content=\"https:\/\/experienciadevida.com.ar\/portalurbano\/wp-content\/uploads\/2022\/02\/Coopelectric-reanuda-su.jpeg\" \/>\n\t<meta property=\"og:image:width\" content=\"831\" \/>\n\t<meta property=\"og:image:height\" content=\"1188\" \/>\n\t<meta property=\"og:image:type\" content=\"image\/jpeg\" \/>\n<meta name=\"author\" content=\"admpu17wp\" \/>\n<meta name=\"twitter:card\" content=\"summary_large_image\" \/>\n<meta name=\"twitter:creator\" content=\"@portalurbanook\" \/>\n<meta name=\"twitter:site\" content=\"@portalurbanook\" \/>\n<meta name=\"twitter:label1\" content=\"Escrito por\" \/>\n\t<meta name=\"twitter:data1\" content=\"admpu17wp\" \/>\n\t<meta name=\"twitter:label2\" content=\"Tiempo de lectura\" \/>\n\t<meta name=\"twitter:data2\" content=\"2 minutos\" \/>\n<script type=\"application\/ld+json\" class=\"yoast-schema-graph\">{\"@context\":\"https:\/\/schema.org\",\"@graph\":[{\"@type\":\"Article\",\"@id\":\"https:\/\/experienciadevida.com.ar\/portalurbano\/coopelectric-reanuda-su-ciclo-de-charlas-y-conferencias\/#article\",\"isPartOf\":{\"@id\":\"https:\/\/experienciadevida.com.ar\/portalurbano\/coopelectric-reanuda-su-ciclo-de-charlas-y-conferencias\/\"},\"author\":{\"name\":\"admpu17wp\",\"@id\":\"https:\/\/experienciadevida.com.ar\/portalurbano\/#\/schema\/person\/02dd326b1c4b056e9cc972486934a3a7\"},\"headline\":\"Coopelectric reanuda su \u201cCiclo de charlas y conferencias\u201d\",\"datePublished\":\"2022-02-17T15:51:57+00:00\",\"dateModified\":\"2022-02-17T15:52:48+00:00\",\"mainEntityOfPage\":{\"@id\":\"https:\/\/experienciadevida.com.ar\/portalurbano\/coopelectric-reanuda-su-ciclo-de-charlas-y-conferencias\/\"},\"wordCount\":283,\"publisher\":{\"@id\":\"https:\/\/experienciadevida.com.ar\/portalurbano\/#organization\"},\"articleSection\":[\"Ciudad\"],\"inLanguage\":\"es\"},{\"@type\":\"WebPage\",\"@id\":\"https:\/\/experienciadevida.com.ar\/portalurbano\/coopelectric-reanuda-su-ciclo-de-charlas-y-conferencias\/\",\"url\":\"https:\/\/experienciadevida.com.ar\/portalurbano\/coopelectric-reanuda-su-ciclo-de-charlas-y-conferencias\/\",\"name\":\"Coopelectric reanuda su ciclo de charlas y conferencias\",\"isPartOf\":{\"@id\":\"https:\/\/experienciadevida.com.ar\/portalurbano\/#website\"},\"datePublished\":\"2022-02-17T15:51:57+00:00\",\"dateModified\":\"2022-02-17T15:52:48+00:00\",\"description\":\"Coopelectric reanuda su \u201cCiclo de charlas y conferencias\u201d, con la finalidad de ofrecer un espacio de informaci\u00f3n, reflexi\u00f3n.\",\"breadcrumb\":{\"@id\":\"https:\/\/experienciadevida.com.ar\/portalurbano\/coopelectric-reanuda-su-ciclo-de-charlas-y-conferencias\/#breadcrumb\"},\"inLanguage\":\"es\",\"potentialAction\":[{\"@type\":\"ReadAction\",\"target\":[\"https:\/\/experienciadevida.com.ar\/portalurbano\/coopelectric-reanuda-su-ciclo-de-charlas-y-conferencias\/\"]}]},{\"@type\":\"BreadcrumbList\",\"@id\":\"https:\/\/experienciadevida.com.ar\/portalurbano\/coopelectric-reanuda-su-ciclo-de-charlas-y-conferencias\/#breadcrumb\",\"itemListElement\":[{\"@type\":\"ListItem\",\"position\":1,\"name\":\"Portada\",\"item\":\"https:\/\/experienciadevida.com.ar\/portalurbano\/\"},{\"@type\":\"ListItem\",\"position\":2,\"name\":\"Coopelectric reanuda su \u201cCiclo de charlas y conferencias\u201d\"}]},{\"@type\":\"WebSite\",\"@id\":\"https:\/\/experienciadevida.com.ar\/portalurbano\/#website\",\"url\":\"https:\/\/experienciadevida.com.ar\/portalurbano\/\",\"name\":\"\",\"description\":\"\",\"publisher\":{\"@id\":\"https:\/\/experienciadevida.com.ar\/portalurbano\/#organization\"},\"potentialAction\":[{\"@type\":\"SearchAction\",\"target\":{\"@type\":\"EntryPoint\",\"urlTemplate\":\"https:\/\/experienciadevida.com.ar\/portalurbano\/?s={search_term_string}\"},\"query-input\":\"required name=search_term_string\"}],\"inLanguage\":\"es\"},{\"@type\":\"Organization\",\"@id\":\"https:\/\/experienciadevida.com.ar\/portalurbano\/#organization\",\"name\":\"Portal Urbano\",\"url\":\"https:\/\/experienciadevida.com.ar\/portalurbano\/\",\"logo\":{\"@type\":\"ImageObject\",\"inLanguage\":\"es\",\"@id\":\"https:\/\/experienciadevida.com.ar\/portalurbano\/#\/schema\/logo\/image\/\",\"url\":\"https:\/\/experienciadevida.com.ar\/portalurbano\/wp-content\/uploads\/2019\/09\/Logo-Original.png\",\"contentUrl\":\"https:\/\/experienciadevida.com.ar\/portalurbano\/wp-content\/uploads\/2019\/09\/Logo-Original.png\",\"width\":2236,\"height\":1216,\"caption\":\"Portal Urbano\"},\"image\":{\"@id\":\"https:\/\/experienciadevida.com.ar\/portalurbano\/#\/schema\/logo\/image\/\"},\"sameAs\":[\"https:\/\/www.facebook.com\/Portal-Urbano-171542830093757\/\",\"https:\/\/twitter.com\/portalurbanook\",\"https:\/\/www.instagram.com\/_portalurbano\/\",\"https:\/\/www.youtube.com\/channel\/UCXhagIfszH8KxFiOok79zbA?view_as=subscriber\"]},{\"@type\":\"Person\",\"@id\":\"https:\/\/experienciadevida.com.ar\/portalurbano\/#\/schema\/person\/02dd326b1c4b056e9cc972486934a3a7\",\"name\":\"admpu17wp\",\"image\":{\"@type\":\"ImageObject\",\"inLanguage\":\"es\",\"@id\":\"https:\/\/experienciadevida.com.ar\/portalurbano\/#\/schema\/person\/image\/\",\"url\":\"https:\/\/secure.gravatar.com\/avatar\/830d4c57adaae6630765e449a6908047?s=96&d=mm&r=g\",\"contentUrl\":\"https:\/\/secure.gravatar.com\/avatar\/830d4c57adaae6630765e449a6908047?s=96&d=mm&r=g\",\"caption\":\"admpu17wp\"}}]}<\/script>\n<!-- \/ Yoast SEO plugin. -->","yoast_head_json":{"title":"Coopelectric reanuda su ciclo de charlas y conferencias","description":"Coopelectric reanuda su \u201cCiclo de charlas y conferencias\u201d, con la finalidad de ofrecer un espacio de informaci\u00f3n, reflexi\u00f3n.","robots":{"index":"index","follow":"follow","max-snippet":"max-snippet:-1","max-image-preview":"max-image-preview:large","max-video-preview":"max-video-preview:-1"},"canonical":"https:\/\/experienciadevida.com.ar\/portalurbano\/coopelectric-reanuda-su-ciclo-de-charlas-y-conferencias\/","og_locale":"es_ES","og_type":"article","og_title":"Coopelectric reanuda su ciclo de charlas y conferencias","og_description":"Coopelectric reanuda su \u201cCiclo de charlas y conferencias\u201d, con la finalidad de ofrecer un espacio de informaci\u00f3n, reflexi\u00f3n.","og_url":"https:\/\/experienciadevida.com.ar\/portalurbano\/coopelectric-reanuda-su-ciclo-de-charlas-y-conferencias\/","article_publisher":"https:\/\/www.facebook.com\/Portal-Urbano-171542830093757\/","article_published_time":"2022-02-17T15:51:57+00:00","article_modified_time":"2022-02-17T15:52:48+00:00","og_image":[{"width":831,"height":1188,"url":"https:\/\/experienciadevida.com.ar\/portalurbano\/wp-content\/uploads\/2022\/02\/Coopelectric-reanuda-su.jpeg","type":"image\/jpeg"}],"author":"admpu17wp","twitter_card":"summary_large_image","twitter_creator":"@portalurbanook","twitter_site":"@portalurbanook","twitter_misc":{"Escrito por":"admpu17wp","Tiempo de lectura":"2 minutos"},"schema":{"@context":"https:\/\/schema.org","@graph":[{"@type":"Article","@id":"https:\/\/experienciadevida.com.ar\/portalurbano\/coopelectric-reanuda-su-ciclo-de-charlas-y-conferencias\/#article","isPartOf":{"@id":"https:\/\/experienciadevida.com.ar\/portalurbano\/coopelectric-reanuda-su-ciclo-de-charlas-y-conferencias\/"},"author":{"name":"admpu17wp","@id":"https:\/\/experienciadevida.com.ar\/portalurbano\/#\/schema\/person\/02dd326b1c4b056e9cc972486934a3a7"},"headline":"Coopelectric reanuda su \u201cCiclo de charlas y conferencias\u201d","datePublished":"2022-02-17T15:51:57+00:00","dateModified":"2022-02-17T15:52:48+00:00","mainEntityOfPage":{"@id":"https:\/\/experienciadevida.com.ar\/portalurbano\/coopelectric-reanuda-su-ciclo-de-charlas-y-conferencias\/"},"wordCount":283,"publisher":{"@id":"https:\/\/experienciadevida.com.ar\/portalurbano\/#organization"},"articleSection":["Ciudad"],"inLanguage":"es"},{"@type":"WebPage","@id":"https:\/\/experienciadevida.com.ar\/portalurbano\/coopelectric-reanuda-su-ciclo-de-charlas-y-conferencias\/","url":"https:\/\/experienciadevida.com.ar\/portalurbano\/coopelectric-reanuda-su-ciclo-de-charlas-y-conferencias\/","name":"Coopelectric reanuda su ciclo de charlas y conferencias","isPartOf":{"@id":"https:\/\/experienciadevida.com.ar\/portalurbano\/#website"},"datePublished":"2022-02-17T15:51:57+00:00","dateModified":"2022-02-17T15:52:48+00:00","description":"Coopelectric reanuda su \u201cCiclo de charlas y conferencias\u201d, con la finalidad de ofrecer un espacio de informaci\u00f3n, reflexi\u00f3n.","breadcrumb":{"@id":"https:\/\/experienciadevida.com.ar\/portalurbano\/coopelectric-reanuda-su-ciclo-de-charlas-y-conferencias\/#breadcrumb"},"inLanguage":"es","potentialAction":[{"@type":"ReadAction","target":["https:\/\/experienciadevida.com.ar\/portalurbano\/coopelectric-reanuda-su-ciclo-de-charlas-y-conferencias\/"]}]},{"@type":"BreadcrumbList","@id":"https:\/\/experienciadevida.com.ar\/portalurbano\/coopelectric-reanuda-su-ciclo-de-charlas-y-conferencias\/#breadcrumb","itemListElement":[{"@type":"ListItem","position":1,"name":"Portada","item":"https:\/\/experienciadevida.com.ar\/portalurbano\/"},{"@type":"ListItem","position":2,"name":"Coopelectric reanuda su \u201cCiclo de charlas y conferencias\u201d"}]},{"@type":"WebSite","@id":"https:\/\/experienciadevida.com.ar\/portalurbano\/#website","url":"https:\/\/experienciadevida.com.ar\/portalurbano\/","name":"","description":"","publisher":{"@id":"https:\/\/experienciadevida.com.ar\/portalurbano\/#organization"},"potentialAction":[{"@type":"SearchAction","target":{"@type":"EntryPoint","urlTemplate":"https:\/\/experienciadevida.com.ar\/portalurbano\/?s={search_term_string}"},"query-input":"required name=search_term_string"}],"inLanguage":"es"},{"@type":"Organization","@id":"https:\/\/experienciadevida.com.ar\/portalurbano\/#organization","name":"Portal Urbano","url":"https:\/\/experienciadevida.com.ar\/portalurbano\/","logo":{"@type":"ImageObject","inLanguage":"es","@id":"https:\/\/experienciadevida.com.ar\/portalurbano\/#\/schema\/logo\/image\/","url":"https:\/\/experienciadevida.com.ar\/portalurbano\/wp-content\/uploads\/2019\/09\/Logo-Original.png","contentUrl":"https:\/\/experienciadevida.com.ar\/portalurbano\/wp-content\/uploads\/2019\/09\/Logo-Original.png","width":2236,"height":1216,"caption":"Portal Urbano"},"image":{"@id":"https:\/\/experienciadevida.com.ar\/portalurbano\/#\/schema\/logo\/image\/"},"sameAs":["https:\/\/www.facebook.com\/Portal-Urbano-171542830093757\/","https:\/\/twitter.com\/portalurbanook","https:\/\/www.instagram.com\/_portalurbano\/","https:\/\/www.youtube.com\/channel\/UCXhagIfszH8KxFiOok79zbA?view_as=subscriber"]},{"@type":"Person","@id":"https:\/\/experienciadevida.com.ar\/portalurbano\/#\/schema\/person\/02dd326b1c4b056e9cc972486934a3a7","name":"admpu17wp","image":{"@type":"ImageObject","inLanguage":"es","@id":"https:\/\/experienciadevida.com.ar\/portalurbano\/#\/schema\/person\/image\/","url":"https:\/\/secure.gravatar.com\/avatar\/830d4c57adaae6630765e449a6908047?s=96&d=mm&r=g","contentUrl":"https:\/\/secure.gravatar.com\/avatar\/830d4c57adaae6630765e449a6908047?s=96&d=mm&r=g","caption":"admpu17wp"}}]}},"featured_image_urls":{"full":["https:\/\/experienciadevida.com.ar\/portalurbano\/wp-content\/uploads\/2022\/02\/Coopelectric-reanuda-su.jpeg",831,1188,false],"thumbnail":["https:\/\/experienciadevida.com.ar\/portalurbano\/wp-content\/uploads\/2022\/02\/Coopelectric-reanuda-su-150x150.jpeg",150,150,true],"medium":["https:\/\/experienciadevida.com.ar\/portalurbano\/wp-content\/uploads\/2022\/02\/Coopelectric-reanuda-su-210x300.jpeg",210,300,true],"medium_large":["https:\/\/experienciadevida.com.ar\/portalurbano\/wp-content\/uploads\/2022\/02\/Coopelectric-reanuda-su-768x1098.jpeg",640,915,true],"large":["https:\/\/experienciadevida.com.ar\/portalurbano\/wp-content\/uploads\/2022\/02\/Coopelectric-reanuda-su-716x1024.jpeg",640,915,true],"ug_big":["https:\/\/experienciadevida.com.ar\/portalurbano\/wp-content\/uploads\/2022\/02\/Coopelectric-reanuda-su-537x768.jpeg",537,768,true],"1536x1536":["https:\/\/experienciadevida.com.ar\/portalurbano\/wp-content\/uploads\/2022\/02\/Coopelectric-reanuda-su.jpeg",831,1188,false],"2048x2048":["https:\/\/experienciadevida.com.ar\/portalurbano\/wp-content\/uploads\/2022\/02\/Coopelectric-reanuda-su.jpeg",831,1188,false],"newsever-slider-full":["https:\/\/experienciadevida.com.ar\/portalurbano\/wp-content\/uploads\/2022\/02\/Coopelectric-reanuda-su.jpeg",591,845,false],"newsever-featured":["https:\/\/experienciadevida.com.ar\/portalurbano\/wp-content\/uploads\/2022\/02\/Coopelectric-reanuda-su.jpeg",831,1188,false],"newsever-medium":["https:\/\/experienciadevida.com.ar\/portalurbano\/wp-content\/uploads\/2022\/02\/Coopelectric-reanuda-su.jpeg",332,475,false],"web-stories-poster-portrait":["https:\/\/experienciadevida.com.ar\/portalurbano\/wp-content\/uploads\/2022\/02\/Coopelectric-reanuda-su.jpeg",597,853,false],"web-stories-publisher-logo":["https:\/\/experienciadevida.com.ar\/portalurbano\/wp-content\/uploads\/2022\/02\/Coopelectric-reanuda-su.jpeg",67,96,false],"web-stories-thumbnail":["https:\/\/experienciadevida.com.ar\/portalurbano\/wp-content\/uploads\/2022\/02\/Coopelectric-reanuda-su.jpeg",150,214,false]},"author_info":{"display_name":"admpu17wp","author_link":"https:\/\/experienciadevida.com.ar\/portalurbano\/author\/admpu17wp\/"},"category_info":"<a href=\"https:\/\/experienciadevida.com.ar\/portalurbano\/category\/ciudad\/\" rel=\"category tag\">Ciudad<\/a>","tag_info":"Ciudad","comment_count":"0","amp_enabled":true,"_links":{"self":[{"href":"https:\/\/experienciadevida.com.ar\/portalurbano\/wp-json\/wp\/v2\/posts\/161898"}],"collection":[{"href":"https:\/\/experienciadevida.com.ar\/portalurbano\/wp-json\/wp\/v2\/posts"}],"about":[{"href":"https:\/\/experienciadevida.com.ar\/portalurbano\/wp-json\/wp\/v2\/types\/post"}],"author":[{"embeddable":true,"href":"https:\/\/experienciadevida.com.ar\/portalurbano\/wp-json\/wp\/v2\/users\/1"}],"replies":[{"embeddable":true,"href":"https:\/\/experienciadevida.com.ar\/portalurbano\/wp-json\/wp\/v2\/comments?post=161898"}],"version-history":[{"count":1,"href":"https:\/\/experienciadevida.com.ar\/portalurbano\/wp-json\/wp\/v2\/posts\/161898\/revisions"}],"predecessor-version":[{"id":161900,"href":"https:\/\/experienciadevida.com.ar\/portalurbano\/wp-json\/wp\/v2\/posts\/161898\/revisions\/161900"}],"wp:featuredmedia":[{"embeddable":true,"href":"https:\/\/experienciadevida.com.ar\/portalurbano\/wp-json\/wp\/v2\/media\/161899"}],"wp:attachment":[{"href":"https:\/\/experienciadevida.com.ar\/portalurbano\/wp-json\/wp\/v2\/media?parent=161898"}],"wp:term":[{"taxonomy":"category","embeddable":true,"href":"https:\/\/experienciadevida.com.ar\/portalurbano\/wp-json\/wp\/v2\/categories?post=161898"},{"taxonomy":"post_tag","embeddable":true,"href":"https:\/\/experienciadevida.com.ar\/portalurbano\/wp-json\/wp\/v2\/tags?post=161898"}],"curies":[{"name":"wp","href":"https:\/\/api.w.org\/{rel}","templated":true}]}}