{"id":161896,"date":"2022-02-17T12:46:23","date_gmt":"2022-02-17T15:46:23","guid":{"rendered":"https:\/\/experienciadevida.com.ar\/portalurbano\/?p=161896"},"modified":"2022-02-17T12:48:12","modified_gmt":"2022-02-17T15:48:12","slug":"ciclo-lectivo-2022-habra-inscripcion-a-fines-en-hinojo-y-barrio-villa-aurora","status":"publish","type":"post","link":"https:\/\/experienciadevida.com.ar\/portalurbano\/ciclo-lectivo-2022-habra-inscripcion-a-fines-en-hinojo-y-barrio-villa-aurora\/","title":{"rendered":"Ciclo lectivo 2022: habr\u00e1 inscripci\u00f3n a FinEs en Hinojo y barrio Villa Aurora"},"content":{"rendered":"<p>Ciclo lectivo 2022: habr\u00e1 inscripci\u00f3n a FinEs en Hinojo y barrio Villa Aurora, este viernes 18 habr\u00e1 un punto de inscripci\u00f3n al Programa FinEs (Finalizaci\u00f3n de Estudios Secundarios) en la ES N\u00b04 de la localidad de Hinojo a partir de las 16 hs. Misma modalidad de trabajo se realizar\u00e1 el pr\u00f3ximo lunes 21 en la ES N\u00b013 ubicada en Villa Aurora desde las 16 hs.<\/p>\n<p>Para la inscripci\u00f3n definitiva deber\u00e1n presentar en folio A4 fotocopia de partida de nacimiento, fotocopia de DNI y certificaci\u00f3n de estudios previos o fotocopia de anal\u00edtico parcial.<\/p>\n<p>Adem\u00e1s, se solicita a quienes realizaron la inscripci\u00f3n a trav\u00e9s del link https:\/\/www.argentina.gob.ar\/educacion\/fines\/terminar-primaria-secundaria del Ministerio de Educaci\u00f3n de la Naci\u00f3n que, para acceder definitivamente a la cursada de las modalidades tanto de Trayecto como Deudores, se deber\u00e1 presentar indefectiblemente toda la documentaci\u00f3n obligatoria. De esa manera el o la estudiante tendr\u00e1 un ingreso definitivo al a\u00f1o y comisi\u00f3n correspondiente y un legajo personalizado que acompa\u00f1ar\u00e1 su recorrido educativo.<\/p>\n<p>El Programa FinEs posibilita a mayores de 18 a\u00f1os a finalizar sus estudios secundarios o rendir materias adeudadas de otras instituciones en forma semipresencial, en la sede m\u00e1s cercana a su domicilio y en horarios pre acordados.<\/p>\n<p>Adem\u00e1s, FinEs posee la compatibilidad de inscripci\u00f3n con las Becas Progresar que coordina Anses, de tal forma que se pueda acceder al cobro de una ayuda econ\u00f3mica mientras se lleva adelante la cursada.<\/p>\n<p>Foto: archivo<\/p>\n","protected":false},"excerpt":{"rendered":"<p>Ciclo lectivo 2022: habr\u00e1 inscripci\u00f3n a FinEs en Hinojo y barrio Villa Aurora, este viernes&#8230;<\/p>\n","protected":false},"author":1,"featured_media":152744,"comment_status":"closed","ping_status":"closed","sticky":false,"template":"","format":"standard","meta":{"content-type":""},"categories":[27,64],"tags":[],"nelio_content":{"isAutoShareEnabled":false,"autoShareEndMode":"default","automationSources":{"useContentSentences":true,"useSocialTemplates":true,"useCustomSentences":false,"customSentences":[]},"followers":[1],"suggestedReferences":[],"includedReferences":[],"efiUrl":"","efiAlt":"","highlights":[]},"yoast_head":"<!-- This site is optimized with the Yoast SEO plugin v20.7 - https:\/\/yoast.com\/wordpress\/plugins\/seo\/ -->\n<title>Ciclo lectivo 2022: habr\u00e1 inscripci\u00f3n a FINES en Hinojo y B\u00b0 Villa Aurora<\/title>\n<meta name=\"description\" content=\"Ciclo lectivo 2022: habr\u00e1 inscripci\u00f3n a FinEs en Hinojo y barrio Villa Aurora, este viernes 18 habr\u00e1 un punto de inscripci\u00f3n\" \/>\n<meta name=\"robots\" content=\"index, follow, max-snippet:-1, max-image-preview:large, max-video-preview:-1\" \/>\n<link rel=\"canonical\" href=\"https:\/\/experienciadevida.com.ar\/portalurbano\/ciclo-lectivo-2022-habra-inscripcion-a-fines-en-hinojo-y-barrio-villa-aurora\/\" \/>\n<meta property=\"og:locale\" content=\"es_ES\" \/>\n<meta property=\"og:type\" content=\"article\" \/>\n<meta property=\"og:title\" content=\"Ciclo lectivo 2022: habr\u00e1 inscripci\u00f3n a FINES en Hinojo y B\u00b0 Villa Aurora\" \/>\n<meta property=\"og:description\" content=\"Ciclo lectivo 2022: habr\u00e1 inscripci\u00f3n a FinEs en Hinojo y barrio Villa Aurora, este viernes 18 habr\u00e1 un punto de inscripci\u00f3n\" \/>\n<meta property=\"og:url\" content=\"https:\/\/experienciadevida.com.ar\/portalurbano\/ciclo-lectivo-2022-habra-inscripcion-a-fines-en-hinojo-y-barrio-villa-aurora\/\" \/>\n<meta property=\"article:publisher\" content=\"https:\/\/www.facebook.com\/Portal-Urbano-171542830093757\/\" \/>\n<meta property=\"article:published_time\" content=\"2022-02-17T15:46:23+00:00\" \/>\n<meta property=\"article:modified_time\" content=\"2022-02-17T15:48:12+00:00\" \/>\n<meta property=\"og:image\" content=\"https:\/\/experienciadevida.com.ar\/portalurbano\/wp-content\/uploads\/2021\/09\/Plan-fines-deudores-de-materias.jpg\" \/>\n\t<meta property=\"og:image:width\" content=\"765\" \/>\n\t<meta property=\"og:image:height\" content=\"498\" \/>\n\t<meta property=\"og:image:type\" content=\"image\/jpeg\" \/>\n<meta name=\"author\" content=\"admpu17wp\" \/>\n<meta name=\"twitter:card\" content=\"summary_large_image\" \/>\n<meta name=\"twitter:creator\" content=\"@portalurbanook\" \/>\n<meta name=\"twitter:site\" content=\"@portalurbanook\" \/>\n<meta name=\"twitter:label1\" content=\"Escrito por\" \/>\n\t<meta name=\"twitter:data1\" content=\"admpu17wp\" \/>\n\t<meta name=\"twitter:label2\" content=\"Tiempo de lectura\" \/>\n\t<meta name=\"twitter:data2\" content=\"2 minutos\" \/>\n<script type=\"application\/ld+json\" class=\"yoast-schema-graph\">{\"@context\":\"https:\/\/schema.org\",\"@graph\":[{\"@type\":\"Article\",\"@id\":\"https:\/\/experienciadevida.com.ar\/portalurbano\/ciclo-lectivo-2022-habra-inscripcion-a-fines-en-hinojo-y-barrio-villa-aurora\/#article\",\"isPartOf\":{\"@id\":\"https:\/\/experienciadevida.com.ar\/portalurbano\/ciclo-lectivo-2022-habra-inscripcion-a-fines-en-hinojo-y-barrio-villa-aurora\/\"},\"author\":{\"name\":\"admpu17wp\",\"@id\":\"https:\/\/experienciadevida.com.ar\/portalurbano\/#\/schema\/person\/02dd326b1c4b056e9cc972486934a3a7\"},\"headline\":\"Ciclo lectivo 2022: habr\u00e1 inscripci\u00f3n a FinEs en Hinojo y barrio Villa Aurora\",\"datePublished\":\"2022-02-17T15:46:23+00:00\",\"dateModified\":\"2022-02-17T15:48:12+00:00\",\"mainEntityOfPage\":{\"@id\":\"https:\/\/experienciadevida.com.ar\/portalurbano\/ciclo-lectivo-2022-habra-inscripcion-a-fines-en-hinojo-y-barrio-villa-aurora\/\"},\"wordCount\":268,\"publisher\":{\"@id\":\"https:\/\/experienciadevida.com.ar\/portalurbano\/#organization\"},\"articleSection\":[\"Ciudad\",\"Destacadas 2\"],\"inLanguage\":\"es\"},{\"@type\":\"WebPage\",\"@id\":\"https:\/\/experienciadevida.com.ar\/portalurbano\/ciclo-lectivo-2022-habra-inscripcion-a-fines-en-hinojo-y-barrio-villa-aurora\/\",\"url\":\"https:\/\/experienciadevida.com.ar\/portalurbano\/ciclo-lectivo-2022-habra-inscripcion-a-fines-en-hinojo-y-barrio-villa-aurora\/\",\"name\":\"Ciclo lectivo 2022: habr\u00e1 inscripci\u00f3n a FINES en Hinojo y B\u00b0 Villa Aurora\",\"isPartOf\":{\"@id\":\"https:\/\/experienciadevida.com.ar\/portalurbano\/#website\"},\"datePublished\":\"2022-02-17T15:46:23+00:00\",\"dateModified\":\"2022-02-17T15:48:12+00:00\",\"description\":\"Ciclo lectivo 2022: habr\u00e1 inscripci\u00f3n a FinEs en Hinojo y barrio Villa Aurora, este viernes 18 habr\u00e1 un punto de inscripci\u00f3n\",\"breadcrumb\":{\"@id\":\"https:\/\/experienciadevida.com.ar\/portalurbano\/ciclo-lectivo-2022-habra-inscripcion-a-fines-en-hinojo-y-barrio-villa-aurora\/#breadcrumb\"},\"inLanguage\":\"es\",\"potentialAction\":[{\"@type\":\"ReadAction\",\"target\":[\"https:\/\/experienciadevida.com.ar\/portalurbano\/ciclo-lectivo-2022-habra-inscripcion-a-fines-en-hinojo-y-barrio-villa-aurora\/\"]}]},{\"@type\":\"BreadcrumbList\",\"@id\":\"https:\/\/experienciadevida.com.ar\/portalurbano\/ciclo-lectivo-2022-habra-inscripcion-a-fines-en-hinojo-y-barrio-villa-aurora\/#breadcrumb\",\"itemListElement\":[{\"@type\":\"ListItem\",\"position\":1,\"name\":\"Portada\",\"item\":\"https:\/\/experienciadevida.com.ar\/portalurbano\/\"},{\"@type\":\"ListItem\",\"position\":2,\"name\":\"Ciclo lectivo 2022: habr\u00e1 inscripci\u00f3n a FinEs en Hinojo y barrio Villa Aurora\"}]},{\"@type\":\"WebSite\",\"@id\":\"https:\/\/experienciadevida.com.ar\/portalurbano\/#website\",\"url\":\"https:\/\/experienciadevida.com.ar\/portalurbano\/\",\"name\":\"\",\"description\":\"\",\"publisher\":{\"@id\":\"https:\/\/experienciadevida.com.ar\/portalurbano\/#organization\"},\"potentialAction\":[{\"@type\":\"SearchAction\",\"target\":{\"@type\":\"EntryPoint\",\"urlTemplate\":\"https:\/\/experienciadevida.com.ar\/portalurbano\/?s={search_term_string}\"},\"query-input\":\"required name=search_term_string\"}],\"inLanguage\":\"es\"},{\"@type\":\"Organization\",\"@id\":\"https:\/\/experienciadevida.com.ar\/portalurbano\/#organization\",\"name\":\"Portal Urbano\",\"url\":\"https:\/\/experienciadevida.com.ar\/portalurbano\/\",\"logo\":{\"@type\":\"ImageObject\",\"inLanguage\":\"es\",\"@id\":\"https:\/\/experienciadevida.com.ar\/portalurbano\/#\/schema\/logo\/image\/\",\"url\":\"https:\/\/experienciadevida.com.ar\/portalurbano\/wp-content\/uploads\/2019\/09\/Logo-Original.png\",\"contentUrl\":\"https:\/\/experienciadevida.com.ar\/portalurbano\/wp-content\/uploads\/2019\/09\/Logo-Original.png\",\"width\":2236,\"height\":1216,\"caption\":\"Portal Urbano\"},\"image\":{\"@id\":\"https:\/\/experienciadevida.com.ar\/portalurbano\/#\/schema\/logo\/image\/\"},\"sameAs\":[\"https:\/\/www.facebook.com\/Portal-Urbano-171542830093757\/\",\"https:\/\/twitter.com\/portalurbanook\",\"https:\/\/www.instagram.com\/_portalurbano\/\",\"https:\/\/www.youtube.com\/channel\/UCXhagIfszH8KxFiOok79zbA?view_as=subscriber\"]},{\"@type\":\"Person\",\"@id\":\"https:\/\/experienciadevida.com.ar\/portalurbano\/#\/schema\/person\/02dd326b1c4b056e9cc972486934a3a7\",\"name\":\"admpu17wp\",\"image\":{\"@type\":\"ImageObject\",\"inLanguage\":\"es\",\"@id\":\"https:\/\/experienciadevida.com.ar\/portalurbano\/#\/schema\/person\/image\/\",\"url\":\"https:\/\/secure.gravatar.com\/avatar\/830d4c57adaae6630765e449a6908047?s=96&d=mm&r=g\",\"contentUrl\":\"https:\/\/secure.gravatar.com\/avatar\/830d4c57adaae6630765e449a6908047?s=96&d=mm&r=g\",\"caption\":\"admpu17wp\"}}]}<\/script>\n<!-- \/ Yoast SEO plugin. -->","yoast_head_json":{"title":"Ciclo lectivo 2022: habr\u00e1 inscripci\u00f3n a FINES en Hinojo y B\u00b0 Villa Aurora","description":"Ciclo lectivo 2022: habr\u00e1 inscripci\u00f3n a FinEs en Hinojo y barrio Villa Aurora, este viernes 18 habr\u00e1 un punto de inscripci\u00f3n","robots":{"index":"index","follow":"follow","max-snippet":"max-snippet:-1","max-image-preview":"max-image-preview:large","max-video-preview":"max-video-preview:-1"},"canonical":"https:\/\/experienciadevida.com.ar\/portalurbano\/ciclo-lectivo-2022-habra-inscripcion-a-fines-en-hinojo-y-barrio-villa-aurora\/","og_locale":"es_ES","og_type":"article","og_title":"Ciclo lectivo 2022: habr\u00e1 inscripci\u00f3n a FINES en Hinojo y B\u00b0 Villa Aurora","og_description":"Ciclo lectivo 2022: habr\u00e1 inscripci\u00f3n a FinEs en Hinojo y barrio Villa Aurora, este viernes 18 habr\u00e1 un punto de inscripci\u00f3n","og_url":"https:\/\/experienciadevida.com.ar\/portalurbano\/ciclo-lectivo-2022-habra-inscripcion-a-fines-en-hinojo-y-barrio-villa-aurora\/","article_publisher":"https:\/\/www.facebook.com\/Portal-Urbano-171542830093757\/","article_published_time":"2022-02-17T15:46:23+00:00","article_modified_time":"2022-02-17T15:48:12+00:00","og_image":[{"width":765,"height":498,"url":"https:\/\/experienciadevida.com.ar\/portalurbano\/wp-content\/uploads\/2021\/09\/Plan-fines-deudores-de-materias.jpg","type":"image\/jpeg"}],"author":"admpu17wp","twitter_card":"summary_large_image","twitter_creator":"@portalurbanook","twitter_site":"@portalurbanook","twitter_misc":{"Escrito por":"admpu17wp","Tiempo de lectura":"2 minutos"},"schema":{"@context":"https:\/\/schema.org","@graph":[{"@type":"Article","@id":"https:\/\/experienciadevida.com.ar\/portalurbano\/ciclo-lectivo-2022-habra-inscripcion-a-fines-en-hinojo-y-barrio-villa-aurora\/#article","isPartOf":{"@id":"https:\/\/experienciadevida.com.ar\/portalurbano\/ciclo-lectivo-2022-habra-inscripcion-a-fines-en-hinojo-y-barrio-villa-aurora\/"},"author":{"name":"admpu17wp","@id":"https:\/\/experienciadevida.com.ar\/portalurbano\/#\/schema\/person\/02dd326b1c4b056e9cc972486934a3a7"},"headline":"Ciclo lectivo 2022: habr\u00e1 inscripci\u00f3n a FinEs en Hinojo y barrio Villa Aurora","datePublished":"2022-02-17T15:46:23+00:00","dateModified":"2022-02-17T15:48:12+00:00","mainEntityOfPage":{"@id":"https:\/\/experienciadevida.com.ar\/portalurbano\/ciclo-lectivo-2022-habra-inscripcion-a-fines-en-hinojo-y-barrio-villa-aurora\/"},"wordCount":268,"publisher":{"@id":"https:\/\/experienciadevida.com.ar\/portalurbano\/#organization"},"articleSection":["Ciudad","Destacadas 2"],"inLanguage":"es"},{"@type":"WebPage","@id":"https:\/\/experienciadevida.com.ar\/portalurbano\/ciclo-lectivo-2022-habra-inscripcion-a-fines-en-hinojo-y-barrio-villa-aurora\/","url":"https:\/\/experienciadevida.com.ar\/portalurbano\/ciclo-lectivo-2022-habra-inscripcion-a-fines-en-hinojo-y-barrio-villa-aurora\/","name":"Ciclo lectivo 2022: habr\u00e1 inscripci\u00f3n a FINES en Hinojo y B\u00b0 Villa Aurora","isPartOf":{"@id":"https:\/\/experienciadevida.com.ar\/portalurbano\/#website"},"datePublished":"2022-02-17T15:46:23+00:00","dateModified":"2022-02-17T15:48:12+00:00","description":"Ciclo lectivo 2022: habr\u00e1 inscripci\u00f3n a FinEs en Hinojo y barrio Villa Aurora, este viernes 18 habr\u00e1 un punto de inscripci\u00f3n","breadcrumb":{"@id":"https:\/\/experienciadevida.com.ar\/portalurbano\/ciclo-lectivo-2022-habra-inscripcion-a-fines-en-hinojo-y-barrio-villa-aurora\/#breadcrumb"},"inLanguage":"es","potentialAction":[{"@type":"ReadAction","target":["https:\/\/experienciadevida.com.ar\/portalurbano\/ciclo-lectivo-2022-habra-inscripcion-a-fines-en-hinojo-y-barrio-villa-aurora\/"]}]},{"@type":"BreadcrumbList","@id":"https:\/\/experienciadevida.com.ar\/portalurbano\/ciclo-lectivo-2022-habra-inscripcion-a-fines-en-hinojo-y-barrio-villa-aurora\/#breadcrumb","itemListElement":[{"@type":"ListItem","position":1,"name":"Portada","item":"https:\/\/experienciadevida.com.ar\/portalurbano\/"},{"@type":"ListItem","position":2,"name":"Ciclo lectivo 2022: habr\u00e1 inscripci\u00f3n a FinEs en Hinojo y barrio Villa Aurora"}]},{"@type":"WebSite","@id":"https:\/\/experienciadevida.com.ar\/portalurbano\/#website","url":"https:\/\/experienciadevida.com.ar\/portalurbano\/","name":"","description":"","publisher":{"@id":"https:\/\/experienciadevida.com.ar\/portalurbano\/#organization"},"potentialAction":[{"@type":"SearchAction","target":{"@type":"EntryPoint","urlTemplate":"https:\/\/experienciadevida.com.ar\/portalurbano\/?s={search_term_string}"},"query-input":"required name=search_term_string"}],"inLanguage":"es"},{"@type":"Organization","@id":"https:\/\/experienciadevida.com.ar\/portalurbano\/#organization","name":"Portal Urbano","url":"https:\/\/experienciadevida.com.ar\/portalurbano\/","logo":{"@type":"ImageObject","inLanguage":"es","@id":"https:\/\/experienciadevida.com.ar\/portalurbano\/#\/schema\/logo\/image\/","url":"https:\/\/experienciadevida.com.ar\/portalurbano\/wp-content\/uploads\/2019\/09\/Logo-Original.png","contentUrl":"https:\/\/experienciadevida.com.ar\/portalurbano\/wp-content\/uploads\/2019\/09\/Logo-Original.png","width":2236,"height":1216,"caption":"Portal Urbano"},"image":{"@id":"https:\/\/experienciadevida.com.ar\/portalurbano\/#\/schema\/logo\/image\/"},"sameAs":["https:\/\/www.facebook.com\/Portal-Urbano-171542830093757\/","https:\/\/twitter.com\/portalurbanook","https:\/\/www.instagram.com\/_portalurbano\/","https:\/\/www.youtube.com\/channel\/UCXhagIfszH8KxFiOok79zbA?view_as=subscriber"]},{"@type":"Person","@id":"https:\/\/experienciadevida.com.ar\/portalurbano\/#\/schema\/person\/02dd326b1c4b056e9cc972486934a3a7","name":"admpu17wp","image":{"@type":"ImageObject","inLanguage":"es","@id":"https:\/\/experienciadevida.com.ar\/portalurbano\/#\/schema\/person\/image\/","url":"https:\/\/secure.gravatar.com\/avatar\/830d4c57adaae6630765e449a6908047?s=96&d=mm&r=g","contentUrl":"https:\/\/secure.gravatar.com\/avatar\/830d4c57adaae6630765e449a6908047?s=96&d=mm&r=g","caption":"admpu17wp"}}]}},"featured_image_urls":{"full":["https:\/\/experienciadevida.com.ar\/portalurbano\/wp-content\/uploads\/2021\/09\/Plan-fines-deudores-de-materias.jpg",765,498,false],"thumbnail":["https:\/\/experienciadevida.com.ar\/portalurbano\/wp-content\/uploads\/2021\/09\/Plan-fines-deudores-de-materias-150x150.jpg",150,150,true],"medium":["https:\/\/experienciadevida.com.ar\/portalurbano\/wp-content\/uploads\/2021\/09\/Plan-fines-deudores-de-materias-300x195.jpg",300,195,true],"medium_large":["https:\/\/experienciadevida.com.ar\/portalurbano\/wp-content\/uploads\/2021\/09\/Plan-fines-deudores-de-materias.jpg",640,417,false],"large":["https:\/\/experienciadevida.com.ar\/portalurbano\/wp-content\/uploads\/2021\/09\/Plan-fines-deudores-de-materias.jpg",640,417,false],"ug_big":["https:\/\/experienciadevida.com.ar\/portalurbano\/wp-content\/uploads\/2021\/09\/Plan-fines-deudores-de-materias.jpg",765,498,false],"1536x1536":["https:\/\/experienciadevida.com.ar\/portalurbano\/wp-content\/uploads\/2021\/09\/Plan-fines-deudores-de-materias.jpg",765,498,false],"2048x2048":["https:\/\/experienciadevida.com.ar\/portalurbano\/wp-content\/uploads\/2021\/09\/Plan-fines-deudores-de-materias.jpg",765,498,false],"newsever-slider-full":["https:\/\/experienciadevida.com.ar\/portalurbano\/wp-content\/uploads\/2021\/09\/Plan-fines-deudores-de-materias.jpg",765,498,false],"newsever-featured":["https:\/\/experienciadevida.com.ar\/portalurbano\/wp-content\/uploads\/2021\/09\/Plan-fines-deudores-de-materias.jpg",765,498,false],"newsever-medium":["https:\/\/experienciadevida.com.ar\/portalurbano\/wp-content\/uploads\/2021\/09\/Plan-fines-deudores-de-materias.jpg",720,469,false],"web-stories-poster-portrait":["https:\/\/experienciadevida.com.ar\/portalurbano\/wp-content\/uploads\/2021\/09\/Plan-fines-deudores-de-materias.jpg",640,417,false],"web-stories-publisher-logo":["https:\/\/experienciadevida.com.ar\/portalurbano\/wp-content\/uploads\/2021\/09\/Plan-fines-deudores-de-materias.jpg",96,62,false],"web-stories-thumbnail":["https:\/\/experienciadevida.com.ar\/portalurbano\/wp-content\/uploads\/2021\/09\/Plan-fines-deudores-de-materias.jpg",150,98,false]},"author_info":{"display_name":"admpu17wp","author_link":"https:\/\/experienciadevida.com.ar\/portalurbano\/author\/admpu17wp\/"},"category_info":"<a href=\"https:\/\/experienciadevida.com.ar\/portalurbano\/category\/ciudad\/\" rel=\"category tag\">Ciudad<\/a> <a href=\"https:\/\/experienciadevida.com.ar\/portalurbano\/category\/destacadas-2\/\" rel=\"category tag\">Destacadas 2<\/a>","tag_info":"Destacadas 2","comment_count":"0","amp_enabled":true,"_links":{"self":[{"href":"https:\/\/experienciadevida.com.ar\/portalurbano\/wp-json\/wp\/v2\/posts\/161896"}],"collection":[{"href":"https:\/\/experienciadevida.com.ar\/portalurbano\/wp-json\/wp\/v2\/posts"}],"about":[{"href":"https:\/\/experienciadevida.com.ar\/portalurbano\/wp-json\/wp\/v2\/types\/post"}],"author":[{"embeddable":true,"href":"https:\/\/experienciadevida.com.ar\/portalurbano\/wp-json\/wp\/v2\/users\/1"}],"replies":[{"embeddable":true,"href":"https:\/\/experienciadevida.com.ar\/portalurbano\/wp-json\/wp\/v2\/comments?post=161896"}],"version-history":[{"count":1,"href":"https:\/\/experienciadevida.com.ar\/portalurbano\/wp-json\/wp\/v2\/posts\/161896\/revisions"}],"predecessor-version":[{"id":161897,"href":"https:\/\/experienciadevida.com.ar\/portalurbano\/wp-json\/wp\/v2\/posts\/161896\/revisions\/161897"}],"wp:featuredmedia":[{"embeddable":true,"href":"https:\/\/experienciadevida.com.ar\/portalurbano\/wp-json\/wp\/v2\/media\/152744"}],"wp:attachment":[{"href":"https:\/\/experienciadevida.com.ar\/portalurbano\/wp-json\/wp\/v2\/media?parent=161896"}],"wp:term":[{"taxonomy":"category","embeddable":true,"href":"https:\/\/experienciadevida.com.ar\/portalurbano\/wp-json\/wp\/v2\/categories?post=161896"},{"taxonomy":"post_tag","embeddable":true,"href":"https:\/\/experienciadevida.com.ar\/portalurbano\/wp-json\/wp\/v2\/tags?post=161896"}],"curies":[{"name":"wp","href":"https:\/\/api.w.org\/{rel}","templated":true}]}}