{"id":161883,"date":"2022-02-17T12:35:54","date_gmt":"2022-02-17T15:35:54","guid":{"rendered":"https:\/\/experienciadevida.com.ar\/portalurbano\/?p=161883"},"modified":"2022-02-17T12:39:21","modified_gmt":"2022-02-17T15:39:21","slug":"los-centros-de-dia-municipales-celebraron-el-cierre-de-la-temporada-en-base-bonino","status":"publish","type":"post","link":"https:\/\/experienciadevida.com.ar\/portalurbano\/los-centros-de-dia-municipales-celebraron-el-cierre-de-la-temporada-en-base-bonino\/","title":{"rendered":"Los Centros de D\u00eda Municipales celebraron el cierre de la temporada en Base Bonino"},"content":{"rendered":"<div class=\"page-title\">\n<p>Los Centros de D\u00eda Municipales celebraron el cierre de la temporada en Base Bonino, el pasado mi\u00e9rcoles, integrantes de los Centros de D\u00eda <a href=\"https:\/\/www.facebook.com\/municipiodeolavarria\">Municipales<\/a> participaron de la jornada de cierre de temporada de verano 2022 en Base Bonino.<\/p>\n<p><a href=\"https:\/\/experienciadevida.com.ar\/portalurbano\/los-centros-de-dia-municipales-celebraron-el-cierre-de-la-temporada-en-base-bonino\/los-5\/\" rel=\"attachment wp-att-161887\"><img decoding=\"async\" class=\"alignnone size-large wp-image-161887\" src=\"https:\/\/experienciadevida.com.ar\/portalurbano\/wp-content\/uploads\/2022\/02\/Los-1024x576.jpg\" alt=\"Los \" width=\"900\" height=\"506\" srcset=\"https:\/\/experienciadevida.com.ar\/portalurbano\/wp-content\/uploads\/2022\/02\/Los-1024x576.jpg 1024w, https:\/\/experienciadevida.com.ar\/portalurbano\/wp-content\/uploads\/2022\/02\/Los-300x169.jpg 300w, https:\/\/experienciadevida.com.ar\/portalurbano\/wp-content\/uploads\/2022\/02\/Los-768x432.jpg 768w, https:\/\/experienciadevida.com.ar\/portalurbano\/wp-content\/uploads\/2022\/02\/Los.jpg 1280w\" sizes=\"(max-width: 900px) 100vw, 900px\" \/><\/a><\/p>\n<p>Durante el transcurso de la jornada se llevaron adelante variadas actividades l\u00fadicas y recreativas, tanto en medio acu\u00e1tico como en campo.<\/p>\n<p>A modo de cierre, tanto los ni\u00f1os, ni\u00f1as y adolescentes, como profes y coordinadores, compartieron una hamburgueseada.<\/p>\n<p>La temporada de verano 2022 cont\u00f3 con la concurrencia diaria de alrededor de 100 ni\u00f1os, ni\u00f1as y adolescentes de los Centros de D\u00eda.<\/p>\n<p>La propuesta \u2013impulsada por la Subsecretar\u00eda de Desarrollo Social- incluy\u00f3 actividades de pileta y vida en la naturaleza. El principal objetivo es contener, acompa\u00f1ar y fortalecer el desarrollo integral de los chicos a trav\u00e9s de diferentes actividades pedag\u00f3gico-did\u00e1cticas, como el taller de manualidades para estimular la creatividad, actividades de iniciaci\u00f3n deportiva (v\u00f3ley, f\u00fatbol, handball, etc) y en el medio acu\u00e1tico, en particular, se busca que el ni\u00f1o\/a incorpore las herramientas necesarias para manejarse en el agua y las t\u00e9cnicas de los diferentes estilos de nado.<\/p>\n<p><a href=\"https:\/\/experienciadevida.com.ar\/portalurbano\/los-centros-de-dia-municipales-celebraron-el-cierre-de-la-temporada-en-base-bonino\/centros-2\/\" rel=\"attachment wp-att-161888\"><img decoding=\"async\" class=\"alignnone size-large wp-image-161888\" src=\"https:\/\/experienciadevida.com.ar\/portalurbano\/wp-content\/uploads\/2022\/02\/centros-1024x461.jpg\" alt=\"centros \" width=\"900\" height=\"405\" srcset=\"https:\/\/experienciadevida.com.ar\/portalurbano\/wp-content\/uploads\/2022\/02\/centros-1024x461.jpg 1024w, https:\/\/experienciadevida.com.ar\/portalurbano\/wp-content\/uploads\/2022\/02\/centros-300x135.jpg 300w, https:\/\/experienciadevida.com.ar\/portalurbano\/wp-content\/uploads\/2022\/02\/centros-768x346.jpg 768w, https:\/\/experienciadevida.com.ar\/portalurbano\/wp-content\/uploads\/2022\/02\/centros.jpg 1280w\" sizes=\"(max-width: 900px) 100vw, 900px\" \/><\/a><\/p>\n<p>En forma complementaria, se desarrollaron actividades en interacci\u00f3n con el medio ambiente, campamentos, para fomentar y mejorar el desarrollo f\u00edsico y la salud, desarrollar el esp\u00edritu de colaboraci\u00f3n y socializaci\u00f3n, y compromiso y cuidado del medio natural.<\/p>\n<\/div>\n<div class=\"breadcrumbs\"><a href=\"https:\/\/experienciadevida.com.ar\/portalurbano\/los-centros-de-dia-municipales-celebraron-el-cierre-de-la-temporada-en-base-bonino\/de-11\/\" rel=\"attachment wp-att-161889\"><img decoding=\"async\" class=\"alignnone size-large wp-image-161889\" src=\"https:\/\/experienciadevida.com.ar\/portalurbano\/wp-content\/uploads\/2022\/02\/de-3-1024x461.jpg\" alt=\"de \" width=\"900\" height=\"405\" srcset=\"https:\/\/experienciadevida.com.ar\/portalurbano\/wp-content\/uploads\/2022\/02\/de-3-1024x461.jpg 1024w, https:\/\/experienciadevida.com.ar\/portalurbano\/wp-content\/uploads\/2022\/02\/de-3-300x135.jpg 300w, https:\/\/experienciadevida.com.ar\/portalurbano\/wp-content\/uploads\/2022\/02\/de-3-768x346.jpg 768w, https:\/\/experienciadevida.com.ar\/portalurbano\/wp-content\/uploads\/2022\/02\/de-3.jpg 1280w\" sizes=\"(max-width: 900px) 100vw, 900px\" \/><\/a><\/div>\n<div><a href=\"https:\/\/experienciadevida.com.ar\/portalurbano\/los-centros-de-dia-municipales-celebraron-el-cierre-de-la-temporada-en-base-bonino\/dia-3\/\" rel=\"attachment wp-att-161890\"><img decoding=\"async\" class=\"alignnone size-large wp-image-161890\" src=\"https:\/\/experienciadevida.com.ar\/portalurbano\/wp-content\/uploads\/2022\/02\/dia-1024x461.jpg\" alt=\"d\u00eda \" width=\"900\" height=\"405\" srcset=\"https:\/\/experienciadevida.com.ar\/portalurbano\/wp-content\/uploads\/2022\/02\/dia-1024x461.jpg 1024w, https:\/\/experienciadevida.com.ar\/portalurbano\/wp-content\/uploads\/2022\/02\/dia-300x135.jpg 300w, https:\/\/experienciadevida.com.ar\/portalurbano\/wp-content\/uploads\/2022\/02\/dia-768x346.jpg 768w, https:\/\/experienciadevida.com.ar\/portalurbano\/wp-content\/uploads\/2022\/02\/dia.jpg 1280w\" sizes=\"(max-width: 900px) 100vw, 900px\" \/><\/a><\/div>\n","protected":false},"excerpt":{"rendered":"<p>Los Centros de D\u00eda Municipales celebraron el cierre de la temporada en Base Bonino, el&#8230;<\/p>\n","protected":false},"author":1,"featured_media":161884,"comment_status":"closed","ping_status":"closed","sticky":false,"template":"","format":"standard","meta":{"content-type":""},"categories":[27],"tags":[],"nelio_content":{"isAutoShareEnabled":false,"autoShareEndMode":"default","automationSources":{"useContentSentences":true,"useSocialTemplates":true,"useCustomSentences":false,"customSentences":[]},"followers":[1],"suggestedReferences":[],"includedReferences":[],"efiUrl":"","efiAlt":"","highlights":[]},"yoast_head":"<!-- This site is optimized with the Yoast SEO plugin v20.7 - https:\/\/yoast.com\/wordpress\/plugins\/seo\/ -->\n<title>Los centros de d\u00eda Municipales celebraron el cierre de la temporada<\/title>\n<meta name=\"description\" content=\"Los Centros de D\u00eda Municipales celebraron el cierre de la temporada en Base Bonino, se llevaron adelante variadas actividades l\u00fadicas\" \/>\n<meta name=\"robots\" content=\"index, follow, max-snippet:-1, max-image-preview:large, max-video-preview:-1\" \/>\n<link rel=\"canonical\" href=\"https:\/\/experienciadevida.com.ar\/portalurbano\/los-centros-de-dia-municipales-celebraron-el-cierre-de-la-temporada-en-base-bonino\/\" \/>\n<meta property=\"og:locale\" content=\"es_ES\" \/>\n<meta property=\"og:type\" content=\"article\" \/>\n<meta property=\"og:title\" content=\"Los centros de d\u00eda Municipales celebraron el cierre de la temporada\" \/>\n<meta property=\"og:description\" content=\"Los Centros de D\u00eda Municipales celebraron el cierre de la temporada en Base Bonino, se llevaron adelante variadas actividades l\u00fadicas\" \/>\n<meta property=\"og:url\" content=\"https:\/\/experienciadevida.com.ar\/portalurbano\/los-centros-de-dia-municipales-celebraron-el-cierre-de-la-temporada-en-base-bonino\/\" \/>\n<meta property=\"article:publisher\" content=\"https:\/\/www.facebook.com\/Portal-Urbano-171542830093757\/\" \/>\n<meta property=\"article:published_time\" content=\"2022-02-17T15:35:54+00:00\" \/>\n<meta property=\"article:modified_time\" content=\"2022-02-17T15:39:21+00:00\" \/>\n<meta property=\"og:image\" content=\"https:\/\/experienciadevida.com.ar\/portalurbano\/wp-content\/uploads\/2022\/02\/Los-Centros-de-Dia.jpg\" \/>\n\t<meta property=\"og:image:width\" content=\"1600\" \/>\n\t<meta property=\"og:image:height\" content=\"720\" \/>\n\t<meta property=\"og:image:type\" content=\"image\/jpeg\" \/>\n<meta name=\"author\" content=\"admpu17wp\" \/>\n<meta name=\"twitter:card\" content=\"summary_large_image\" \/>\n<meta name=\"twitter:creator\" content=\"@portalurbanook\" \/>\n<meta name=\"twitter:site\" content=\"@portalurbanook\" \/>\n<meta name=\"twitter:label1\" content=\"Escrito por\" \/>\n\t<meta name=\"twitter:data1\" content=\"admpu17wp\" \/>\n\t<meta name=\"twitter:label2\" content=\"Tiempo de lectura\" \/>\n\t<meta name=\"twitter:data2\" content=\"2 minutos\" \/>\n<script type=\"application\/ld+json\" class=\"yoast-schema-graph\">{\"@context\":\"https:\/\/schema.org\",\"@graph\":[{\"@type\":\"Article\",\"@id\":\"https:\/\/experienciadevida.com.ar\/portalurbano\/los-centros-de-dia-municipales-celebraron-el-cierre-de-la-temporada-en-base-bonino\/#article\",\"isPartOf\":{\"@id\":\"https:\/\/experienciadevida.com.ar\/portalurbano\/los-centros-de-dia-municipales-celebraron-el-cierre-de-la-temporada-en-base-bonino\/\"},\"author\":{\"name\":\"admpu17wp\",\"@id\":\"https:\/\/experienciadevida.com.ar\/portalurbano\/#\/schema\/person\/02dd326b1c4b056e9cc972486934a3a7\"},\"headline\":\"Los Centros de D\u00eda Municipales celebraron el cierre de la temporada en Base Bonino\",\"datePublished\":\"2022-02-17T15:35:54+00:00\",\"dateModified\":\"2022-02-17T15:39:21+00:00\",\"mainEntityOfPage\":{\"@id\":\"https:\/\/experienciadevida.com.ar\/portalurbano\/los-centros-de-dia-municipales-celebraron-el-cierre-de-la-temporada-en-base-bonino\/\"},\"wordCount\":260,\"publisher\":{\"@id\":\"https:\/\/experienciadevida.com.ar\/portalurbano\/#organization\"},\"articleSection\":[\"Ciudad\"],\"inLanguage\":\"es\"},{\"@type\":\"WebPage\",\"@id\":\"https:\/\/experienciadevida.com.ar\/portalurbano\/los-centros-de-dia-municipales-celebraron-el-cierre-de-la-temporada-en-base-bonino\/\",\"url\":\"https:\/\/experienciadevida.com.ar\/portalurbano\/los-centros-de-dia-municipales-celebraron-el-cierre-de-la-temporada-en-base-bonino\/\",\"name\":\"Los centros de d\u00eda Municipales celebraron el cierre de la temporada\",\"isPartOf\":{\"@id\":\"https:\/\/experienciadevida.com.ar\/portalurbano\/#website\"},\"datePublished\":\"2022-02-17T15:35:54+00:00\",\"dateModified\":\"2022-02-17T15:39:21+00:00\",\"description\":\"Los Centros de D\u00eda Municipales celebraron el cierre de la temporada en Base Bonino, se llevaron adelante variadas actividades l\u00fadicas\",\"breadcrumb\":{\"@id\":\"https:\/\/experienciadevida.com.ar\/portalurbano\/los-centros-de-dia-municipales-celebraron-el-cierre-de-la-temporada-en-base-bonino\/#breadcrumb\"},\"inLanguage\":\"es\",\"potentialAction\":[{\"@type\":\"ReadAction\",\"target\":[\"https:\/\/experienciadevida.com.ar\/portalurbano\/los-centros-de-dia-municipales-celebraron-el-cierre-de-la-temporada-en-base-bonino\/\"]}]},{\"@type\":\"BreadcrumbList\",\"@id\":\"https:\/\/experienciadevida.com.ar\/portalurbano\/los-centros-de-dia-municipales-celebraron-el-cierre-de-la-temporada-en-base-bonino\/#breadcrumb\",\"itemListElement\":[{\"@type\":\"ListItem\",\"position\":1,\"name\":\"Portada\",\"item\":\"https:\/\/experienciadevida.com.ar\/portalurbano\/\"},{\"@type\":\"ListItem\",\"position\":2,\"name\":\"Los Centros de D\u00eda Municipales celebraron el cierre de la temporada en Base Bonino\"}]},{\"@type\":\"WebSite\",\"@id\":\"https:\/\/experienciadevida.com.ar\/portalurbano\/#website\",\"url\":\"https:\/\/experienciadevida.com.ar\/portalurbano\/\",\"name\":\"\",\"description\":\"\",\"publisher\":{\"@id\":\"https:\/\/experienciadevida.com.ar\/portalurbano\/#organization\"},\"potentialAction\":[{\"@type\":\"SearchAction\",\"target\":{\"@type\":\"EntryPoint\",\"urlTemplate\":\"https:\/\/experienciadevida.com.ar\/portalurbano\/?s={search_term_string}\"},\"query-input\":\"required name=search_term_string\"}],\"inLanguage\":\"es\"},{\"@type\":\"Organization\",\"@id\":\"https:\/\/experienciadevida.com.ar\/portalurbano\/#organization\",\"name\":\"Portal Urbano\",\"url\":\"https:\/\/experienciadevida.com.ar\/portalurbano\/\",\"logo\":{\"@type\":\"ImageObject\",\"inLanguage\":\"es\",\"@id\":\"https:\/\/experienciadevida.com.ar\/portalurbano\/#\/schema\/logo\/image\/\",\"url\":\"https:\/\/experienciadevida.com.ar\/portalurbano\/wp-content\/uploads\/2019\/09\/Logo-Original.png\",\"contentUrl\":\"https:\/\/experienciadevida.com.ar\/portalurbano\/wp-content\/uploads\/2019\/09\/Logo-Original.png\",\"width\":2236,\"height\":1216,\"caption\":\"Portal Urbano\"},\"image\":{\"@id\":\"https:\/\/experienciadevida.com.ar\/portalurbano\/#\/schema\/logo\/image\/\"},\"sameAs\":[\"https:\/\/www.facebook.com\/Portal-Urbano-171542830093757\/\",\"https:\/\/twitter.com\/portalurbanook\",\"https:\/\/www.instagram.com\/_portalurbano\/\",\"https:\/\/www.youtube.com\/channel\/UCXhagIfszH8KxFiOok79zbA?view_as=subscriber\"]},{\"@type\":\"Person\",\"@id\":\"https:\/\/experienciadevida.com.ar\/portalurbano\/#\/schema\/person\/02dd326b1c4b056e9cc972486934a3a7\",\"name\":\"admpu17wp\",\"image\":{\"@type\":\"ImageObject\",\"inLanguage\":\"es\",\"@id\":\"https:\/\/experienciadevida.com.ar\/portalurbano\/#\/schema\/person\/image\/\",\"url\":\"https:\/\/secure.gravatar.com\/avatar\/830d4c57adaae6630765e449a6908047?s=96&d=mm&r=g\",\"contentUrl\":\"https:\/\/secure.gravatar.com\/avatar\/830d4c57adaae6630765e449a6908047?s=96&d=mm&r=g\",\"caption\":\"admpu17wp\"}}]}<\/script>\n<!-- \/ Yoast SEO plugin. -->","yoast_head_json":{"title":"Los centros de d\u00eda Municipales celebraron el cierre de la temporada","description":"Los Centros de D\u00eda Municipales celebraron el cierre de la temporada en Base Bonino, se llevaron adelante variadas actividades l\u00fadicas","robots":{"index":"index","follow":"follow","max-snippet":"max-snippet:-1","max-image-preview":"max-image-preview:large","max-video-preview":"max-video-preview:-1"},"canonical":"https:\/\/experienciadevida.com.ar\/portalurbano\/los-centros-de-dia-municipales-celebraron-el-cierre-de-la-temporada-en-base-bonino\/","og_locale":"es_ES","og_type":"article","og_title":"Los centros de d\u00eda Municipales celebraron el cierre de la temporada","og_description":"Los Centros de D\u00eda Municipales celebraron el cierre de la temporada en Base Bonino, se llevaron adelante variadas actividades l\u00fadicas","og_url":"https:\/\/experienciadevida.com.ar\/portalurbano\/los-centros-de-dia-municipales-celebraron-el-cierre-de-la-temporada-en-base-bonino\/","article_publisher":"https:\/\/www.facebook.com\/Portal-Urbano-171542830093757\/","article_published_time":"2022-02-17T15:35:54+00:00","article_modified_time":"2022-02-17T15:39:21+00:00","og_image":[{"width":1600,"height":720,"url":"https:\/\/experienciadevida.com.ar\/portalurbano\/wp-content\/uploads\/2022\/02\/Los-Centros-de-Dia.jpg","type":"image\/jpeg"}],"author":"admpu17wp","twitter_card":"summary_large_image","twitter_creator":"@portalurbanook","twitter_site":"@portalurbanook","twitter_misc":{"Escrito por":"admpu17wp","Tiempo de lectura":"2 minutos"},"schema":{"@context":"https:\/\/schema.org","@graph":[{"@type":"Article","@id":"https:\/\/experienciadevida.com.ar\/portalurbano\/los-centros-de-dia-municipales-celebraron-el-cierre-de-la-temporada-en-base-bonino\/#article","isPartOf":{"@id":"https:\/\/experienciadevida.com.ar\/portalurbano\/los-centros-de-dia-municipales-celebraron-el-cierre-de-la-temporada-en-base-bonino\/"},"author":{"name":"admpu17wp","@id":"https:\/\/experienciadevida.com.ar\/portalurbano\/#\/schema\/person\/02dd326b1c4b056e9cc972486934a3a7"},"headline":"Los Centros de D\u00eda Municipales celebraron el cierre de la temporada en Base Bonino","datePublished":"2022-02-17T15:35:54+00:00","dateModified":"2022-02-17T15:39:21+00:00","mainEntityOfPage":{"@id":"https:\/\/experienciadevida.com.ar\/portalurbano\/los-centros-de-dia-municipales-celebraron-el-cierre-de-la-temporada-en-base-bonino\/"},"wordCount":260,"publisher":{"@id":"https:\/\/experienciadevida.com.ar\/portalurbano\/#organization"},"articleSection":["Ciudad"],"inLanguage":"es"},{"@type":"WebPage","@id":"https:\/\/experienciadevida.com.ar\/portalurbano\/los-centros-de-dia-municipales-celebraron-el-cierre-de-la-temporada-en-base-bonino\/","url":"https:\/\/experienciadevida.com.ar\/portalurbano\/los-centros-de-dia-municipales-celebraron-el-cierre-de-la-temporada-en-base-bonino\/","name":"Los centros de d\u00eda Municipales celebraron el cierre de la temporada","isPartOf":{"@id":"https:\/\/experienciadevida.com.ar\/portalurbano\/#website"},"datePublished":"2022-02-17T15:35:54+00:00","dateModified":"2022-02-17T15:39:21+00:00","description":"Los Centros de D\u00eda Municipales celebraron el cierre de la temporada en Base Bonino, se llevaron adelante variadas actividades l\u00fadicas","breadcrumb":{"@id":"https:\/\/experienciadevida.com.ar\/portalurbano\/los-centros-de-dia-municipales-celebraron-el-cierre-de-la-temporada-en-base-bonino\/#breadcrumb"},"inLanguage":"es","potentialAction":[{"@type":"ReadAction","target":["https:\/\/experienciadevida.com.ar\/portalurbano\/los-centros-de-dia-municipales-celebraron-el-cierre-de-la-temporada-en-base-bonino\/"]}]},{"@type":"BreadcrumbList","@id":"https:\/\/experienciadevida.com.ar\/portalurbano\/los-centros-de-dia-municipales-celebraron-el-cierre-de-la-temporada-en-base-bonino\/#breadcrumb","itemListElement":[{"@type":"ListItem","position":1,"name":"Portada","item":"https:\/\/experienciadevida.com.ar\/portalurbano\/"},{"@type":"ListItem","position":2,"name":"Los Centros de D\u00eda Municipales celebraron el cierre de la temporada en Base Bonino"}]},{"@type":"WebSite","@id":"https:\/\/experienciadevida.com.ar\/portalurbano\/#website","url":"https:\/\/experienciadevida.com.ar\/portalurbano\/","name":"","description":"","publisher":{"@id":"https:\/\/experienciadevida.com.ar\/portalurbano\/#organization"},"potentialAction":[{"@type":"SearchAction","target":{"@type":"EntryPoint","urlTemplate":"https:\/\/experienciadevida.com.ar\/portalurbano\/?s={search_term_string}"},"query-input":"required name=search_term_string"}],"inLanguage":"es"},{"@type":"Organization","@id":"https:\/\/experienciadevida.com.ar\/portalurbano\/#organization","name":"Portal Urbano","url":"https:\/\/experienciadevida.com.ar\/portalurbano\/","logo":{"@type":"ImageObject","inLanguage":"es","@id":"https:\/\/experienciadevida.com.ar\/portalurbano\/#\/schema\/logo\/image\/","url":"https:\/\/experienciadevida.com.ar\/portalurbano\/wp-content\/uploads\/2019\/09\/Logo-Original.png","contentUrl":"https:\/\/experienciadevida.com.ar\/portalurbano\/wp-content\/uploads\/2019\/09\/Logo-Original.png","width":2236,"height":1216,"caption":"Portal Urbano"},"image":{"@id":"https:\/\/experienciadevida.com.ar\/portalurbano\/#\/schema\/logo\/image\/"},"sameAs":["https:\/\/www.facebook.com\/Portal-Urbano-171542830093757\/","https:\/\/twitter.com\/portalurbanook","https:\/\/www.instagram.com\/_portalurbano\/","https:\/\/www.youtube.com\/channel\/UCXhagIfszH8KxFiOok79zbA?view_as=subscriber"]},{"@type":"Person","@id":"https:\/\/experienciadevida.com.ar\/portalurbano\/#\/schema\/person\/02dd326b1c4b056e9cc972486934a3a7","name":"admpu17wp","image":{"@type":"ImageObject","inLanguage":"es","@id":"https:\/\/experienciadevida.com.ar\/portalurbano\/#\/schema\/person\/image\/","url":"https:\/\/secure.gravatar.com\/avatar\/830d4c57adaae6630765e449a6908047?s=96&d=mm&r=g","contentUrl":"https:\/\/secure.gravatar.com\/avatar\/830d4c57adaae6630765e449a6908047?s=96&d=mm&r=g","caption":"admpu17wp"}}]}},"featured_image_urls":{"full":["https:\/\/experienciadevida.com.ar\/portalurbano\/wp-content\/uploads\/2022\/02\/Los-Centros-de-Dia.jpg",1600,720,false],"thumbnail":["https:\/\/experienciadevida.com.ar\/portalurbano\/wp-content\/uploads\/2022\/02\/Los-Centros-de-Dia-150x150.jpg",150,150,true],"medium":["https:\/\/experienciadevida.com.ar\/portalurbano\/wp-content\/uploads\/2022\/02\/Los-Centros-de-Dia-300x135.jpg",300,135,true],"medium_large":["https:\/\/experienciadevida.com.ar\/portalurbano\/wp-content\/uploads\/2022\/02\/Los-Centros-de-Dia-768x346.jpg",640,288,true],"large":["https:\/\/experienciadevida.com.ar\/portalurbano\/wp-content\/uploads\/2022\/02\/Los-Centros-de-Dia-1024x461.jpg",640,288,true],"ug_big":["https:\/\/experienciadevida.com.ar\/portalurbano\/wp-content\/uploads\/2022\/02\/Los-Centros-de-Dia-768x346.jpg",768,346,true],"1536x1536":["https:\/\/experienciadevida.com.ar\/portalurbano\/wp-content\/uploads\/2022\/02\/Los-Centros-de-Dia-1536x691.jpg",1536,691,true],"2048x2048":["https:\/\/experienciadevida.com.ar\/portalurbano\/wp-content\/uploads\/2022\/02\/Los-Centros-de-Dia.jpg",1600,720,false],"newsever-slider-full":["https:\/\/experienciadevida.com.ar\/portalurbano\/wp-content\/uploads\/2022\/02\/Los-Centros-de-Dia.jpg",1280,576,false],"newsever-featured":["https:\/\/experienciadevida.com.ar\/portalurbano\/wp-content\/uploads\/2022\/02\/Los-Centros-de-Dia.jpg",1024,461,false],"newsever-medium":["https:\/\/experienciadevida.com.ar\/portalurbano\/wp-content\/uploads\/2022\/02\/Los-Centros-de-Dia.jpg",720,324,false],"web-stories-poster-portrait":["https:\/\/experienciadevida.com.ar\/portalurbano\/wp-content\/uploads\/2022\/02\/Los-Centros-de-Dia.jpg",640,288,false],"web-stories-publisher-logo":["https:\/\/experienciadevida.com.ar\/portalurbano\/wp-content\/uploads\/2022\/02\/Los-Centros-de-Dia.jpg",96,43,false],"web-stories-thumbnail":["https:\/\/experienciadevida.com.ar\/portalurbano\/wp-content\/uploads\/2022\/02\/Los-Centros-de-Dia.jpg",150,68,false]},"author_info":{"display_name":"admpu17wp","author_link":"https:\/\/experienciadevida.com.ar\/portalurbano\/author\/admpu17wp\/"},"category_info":"<a href=\"https:\/\/experienciadevida.com.ar\/portalurbano\/category\/ciudad\/\" rel=\"category tag\">Ciudad<\/a>","tag_info":"Ciudad","comment_count":"0","amp_enabled":true,"_links":{"self":[{"href":"https:\/\/experienciadevida.com.ar\/portalurbano\/wp-json\/wp\/v2\/posts\/161883"}],"collection":[{"href":"https:\/\/experienciadevida.com.ar\/portalurbano\/wp-json\/wp\/v2\/posts"}],"about":[{"href":"https:\/\/experienciadevida.com.ar\/portalurbano\/wp-json\/wp\/v2\/types\/post"}],"author":[{"embeddable":true,"href":"https:\/\/experienciadevida.com.ar\/portalurbano\/wp-json\/wp\/v2\/users\/1"}],"replies":[{"embeddable":true,"href":"https:\/\/experienciadevida.com.ar\/portalurbano\/wp-json\/wp\/v2\/comments?post=161883"}],"version-history":[{"count":4,"href":"https:\/\/experienciadevida.com.ar\/portalurbano\/wp-json\/wp\/v2\/posts\/161883\/revisions"}],"predecessor-version":[{"id":161886,"href":"https:\/\/experienciadevida.com.ar\/portalurbano\/wp-json\/wp\/v2\/posts\/161883\/revisions\/161886"}],"wp:featuredmedia":[{"embeddable":true,"href":"https:\/\/experienciadevida.com.ar\/portalurbano\/wp-json\/wp\/v2\/media\/161884"}],"wp:attachment":[{"href":"https:\/\/experienciadevida.com.ar\/portalurbano\/wp-json\/wp\/v2\/media?parent=161883"}],"wp:term":[{"taxonomy":"category","embeddable":true,"href":"https:\/\/experienciadevida.com.ar\/portalurbano\/wp-json\/wp\/v2\/categories?post=161883"},{"taxonomy":"post_tag","embeddable":true,"href":"https:\/\/experienciadevida.com.ar\/portalurbano\/wp-json\/wp\/v2\/tags?post=161883"}],"curies":[{"name":"wp","href":"https:\/\/api.w.org\/{rel}","templated":true}]}}