{"id":161841,"date":"2022-02-16T20:14:16","date_gmt":"2022-02-16T23:14:16","guid":{"rendered":"https:\/\/experienciadevida.com.ar\/portalurbano\/?p=161841"},"modified":"2022-02-16T20:14:16","modified_gmt":"2022-02-16T23:14:16","slug":"la-fio-recibe-a-mas-de-250-ingresantes-en-la-vuelta-a-la-presencialidad-plena","status":"publish","type":"post","link":"https:\/\/experienciadevida.com.ar\/portalurbano\/la-fio-recibe-a-mas-de-250-ingresantes-en-la-vuelta-a-la-presencialidad-plena\/","title":{"rendered":"La FIO recibe a m\u00e1s de 250 ingresantes en la vuelta a la presencialidad plena"},"content":{"rendered":"<p>Franco es de Azul. Lleg\u00f3 a la <a href=\"https:\/\/www.fio.unicen.edu.ar\/\">FIO<\/a> para estudiar Ingenier\u00eda Civil y se muestra intrigado por los contenidos de matem\u00e1tica que deber\u00e1 repasar para el inicio de la carrera. Sof\u00eda, en cambio, eligi\u00f3 Ingenier\u00eda Industrial porque le gusta la gesti\u00f3n y la log\u00edstica. Los grupos de j\u00f3venes y las autoridades de Ingenier\u00eda se muestran entusiasmados por la inauguraci\u00f3n del ciclo acad\u00e9mico, de presencialidad plena tras dos a\u00f1os de hibridez a causa de la pandemia.<\/p>\n<p>Con un sol impecable y energ\u00edas renovadas, el campus de la Facultad de Ingenier\u00eda volvi\u00f3 a poblarse de estudiantes dispuestos a abrirse paso en la vida universitaria. \u201cSon momentos muy gratos\u201d, se\u00f1al\u00f3 la Ing. Mar\u00eda Peralta, minutos antes de que las y los ingresantes se asumieran como alumnas y alumnos de la FIO mediante el trabajo en comisiones.<\/p>\n<p>La decana puso en valor a esa \u201cjuventud con ganas de transitar el proceso formativo en las carreras cient\u00edfico-tecnol\u00f3gicas que la FIO ofrece y tienen impacto en la vida de la gente, en lo que van a hacer en el futuro. El pa\u00eds necesita que sigamos el camino de la ciencia y la tecnolog\u00eda para ocuparnos de producci\u00f3n de bienes y servicios y de la calidad de vida de la gente\u201d. En la misma l\u00ednea, apunt\u00f3 que la intenci\u00f3n no es solo la formaci\u00f3n t\u00e9cnica sino \u201ctambi\u00e9n en valores. Que salgan \u00edntegramente formados para desempe\u00f1arse en buenos equipos de trabajo y tengan el mayor de los \u00e9xitos\u201d.<\/p>\n<p>Finalmente, Peralta sostuvo que la FIO es \u201cla mejor elecci\u00f3n\u201d y \u201charemos el mejor acompa\u00f1amiento\u201d tras dos largos a\u00f1os de una pandemia que a\u00fan no termin\u00f3 pero que hoy \u201cnos permite estar al aire libre, extremando los cuidados, con protocolos, atentos, todos con barbijos y distanciados. Es a partir de protocolos pero depende de cada uno estar atentos a indicaciones de cada espacio que van a ocupar\u201d.<\/p>\n<p>Este martes se dio inicio al Programa institucional para Ingresantes. All\u00ed, los equipos docentes abordan junto a ingresantes, contenidos de introducci\u00f3n a las carreras; orientaci\u00f3n y ambientaci\u00f3n a la vida universitaria; lectura, escritura y oralidad; resoluci\u00f3n de problemas y matem\u00e1tica.<\/p>\n<p>Por su parte, la coordinadora del Programa para Ingresantes, Lic. Mabel Ju\u00e1rez hizo hincapi\u00e9 en \u201cel gran equipo docente, con alumnos ayudantes y profesionales\u201d que facilitan el desembarco de los y las ingresantes en la FIO.<\/p>\n<p>Con diferentes actividades, ser\u00e1n cinco semanas para repasar, revisar y profundizar saberes del nivel secundario, adquirir nuevos conocimientos y acercar formas de trabajo que son propias de la universidad. \u201cQueremos brindarles herramientas para que est\u00e9n mejor preparados para iniciar las primeras asignaturas de la carrera elegida, es una etapa inicial, preparatoria, de ambientaci\u00f3n a la vida universitaria\u201d, indic\u00f3 la docente. Para ello, se conformaron siete comisiones en horarios de ma\u00f1ana y tarde, que permiten un trabajo en el aula m\u00e1s personalizado.<\/p>\n<p>Ante decenas de miradas adolescentes atentas, la responsable del Programa plante\u00f3 que esta instancia es una \u201coportunidad para compartir, que conozcan a sus compa\u00f1eros de ruta, formen equipos de estudio, sean solidarios porque el grupo sostiene, fortalece y hace que los aprendizajes sean mejores\u201d. Finalmente, aconsej\u00f3: \u201cLa vida en la universidad es muy linda, se hacen amigos para toda la vida. Insistimos mucho en la presencia, en no aislarse, estar en contacto, en grupo y participar de las diferentes actividades dentro y fuera del aula, que est\u00e9n motivados, con ganas de estudiar y de estar, comprometidos con este desaf\u00edo de estudiar en la Universidad\u201d, concluy\u00f3.<\/p>\n<p>La inscripci\u00f3n a las carreras permanecer\u00e1 abierta hasta el mi\u00e9rcoles 9 de febrero. El tr\u00e1mite se inicia de forma online en el sitio institucional www.fio.unicen.edu.ar y se completa personalmente en la Oficina de Alumnos en horario de 8 a 14,30 horas.<\/p>\n<p>&nbsp;<\/p>\n","protected":false},"excerpt":{"rendered":"<p>Franco es de Azul. Lleg\u00f3 a la FIO para estudiar Ingenier\u00eda Civil y se muestra&#8230;<\/p>\n","protected":false},"author":1,"featured_media":161843,"comment_status":"closed","ping_status":"closed","sticky":false,"template":"","format":"standard","meta":{"content-type":""},"categories":[27],"tags":[],"nelio_content":{"isAutoShareEnabled":false,"autoShareEndMode":"default","automationSources":{"useContentSentences":true,"useSocialTemplates":true,"useCustomSentences":false,"customSentences":[]},"followers":[1],"suggestedReferences":[],"includedReferences":["https:\/\/www.fio.unicen.edu.ar\/"],"efiUrl":"","efiAlt":"","highlights":[]},"yoast_head":"<!-- This site is optimized with the Yoast SEO plugin v20.7 - https:\/\/yoast.com\/wordpress\/plugins\/seo\/ -->\n<title>La FIO recibe a m\u00e1s de 250 ingresantes en la vuelta a la presencialidad<\/title>\n<meta name=\"description\" content=\"Franco es de Azul. Lleg\u00f3 a la FIO para estudiar Ingenier\u00eda Civil y se muestra intrigado por los contenidos de matem\u00e1tica que deber\u00e1 repasar\" \/>\n<meta name=\"robots\" content=\"index, follow, max-snippet:-1, max-image-preview:large, max-video-preview:-1\" \/>\n<link rel=\"canonical\" href=\"https:\/\/experienciadevida.com.ar\/portalurbano\/la-fio-recibe-a-mas-de-250-ingresantes-en-la-vuelta-a-la-presencialidad-plena\/\" \/>\n<meta property=\"og:locale\" content=\"es_ES\" \/>\n<meta property=\"og:type\" content=\"article\" \/>\n<meta property=\"og:title\" content=\"La FIO recibe a m\u00e1s de 250 ingresantes en la vuelta a la presencialidad\" \/>\n<meta property=\"og:description\" content=\"Franco es de Azul. Lleg\u00f3 a la FIO para estudiar Ingenier\u00eda Civil y se muestra intrigado por los contenidos de matem\u00e1tica que deber\u00e1 repasar\" \/>\n<meta property=\"og:url\" content=\"https:\/\/experienciadevida.com.ar\/portalurbano\/la-fio-recibe-a-mas-de-250-ingresantes-en-la-vuelta-a-la-presencialidad-plena\/\" \/>\n<meta property=\"article:publisher\" content=\"https:\/\/www.facebook.com\/Portal-Urbano-171542830093757\/\" \/>\n<meta property=\"article:published_time\" content=\"2022-02-16T23:14:16+00:00\" \/>\n<meta property=\"og:image\" content=\"https:\/\/experienciadevida.com.ar\/portalurbano\/wp-content\/uploads\/2022\/02\/ingreso22_dest-e1645053097286.jpg\" \/>\n\t<meta property=\"og:image:width\" content=\"800\" \/>\n\t<meta property=\"og:image:height\" content=\"399\" \/>\n\t<meta property=\"og:image:type\" content=\"image\/jpeg\" \/>\n<meta name=\"author\" content=\"admpu17wp\" \/>\n<meta name=\"twitter:card\" content=\"summary_large_image\" \/>\n<meta name=\"twitter:creator\" content=\"@portalurbanook\" \/>\n<meta name=\"twitter:site\" content=\"@portalurbanook\" \/>\n<meta name=\"twitter:label1\" content=\"Escrito por\" \/>\n\t<meta name=\"twitter:data1\" content=\"admpu17wp\" \/>\n\t<meta name=\"twitter:label2\" content=\"Tiempo de lectura\" \/>\n\t<meta name=\"twitter:data2\" content=\"3 minutos\" \/>\n<script type=\"application\/ld+json\" class=\"yoast-schema-graph\">{\"@context\":\"https:\/\/schema.org\",\"@graph\":[{\"@type\":\"Article\",\"@id\":\"https:\/\/experienciadevida.com.ar\/portalurbano\/la-fio-recibe-a-mas-de-250-ingresantes-en-la-vuelta-a-la-presencialidad-plena\/#article\",\"isPartOf\":{\"@id\":\"https:\/\/experienciadevida.com.ar\/portalurbano\/la-fio-recibe-a-mas-de-250-ingresantes-en-la-vuelta-a-la-presencialidad-plena\/\"},\"author\":{\"name\":\"admpu17wp\",\"@id\":\"https:\/\/experienciadevida.com.ar\/portalurbano\/#\/schema\/person\/02dd326b1c4b056e9cc972486934a3a7\"},\"headline\":\"La FIO recibe a m\u00e1s de 250 ingresantes en la vuelta a la presencialidad plena\",\"datePublished\":\"2022-02-16T23:14:16+00:00\",\"dateModified\":\"2022-02-16T23:14:16+00:00\",\"mainEntityOfPage\":{\"@id\":\"https:\/\/experienciadevida.com.ar\/portalurbano\/la-fio-recibe-a-mas-de-250-ingresantes-en-la-vuelta-a-la-presencialidad-plena\/\"},\"wordCount\":674,\"publisher\":{\"@id\":\"https:\/\/experienciadevida.com.ar\/portalurbano\/#organization\"},\"articleSection\":[\"Ciudad\"],\"inLanguage\":\"es\"},{\"@type\":\"WebPage\",\"@id\":\"https:\/\/experienciadevida.com.ar\/portalurbano\/la-fio-recibe-a-mas-de-250-ingresantes-en-la-vuelta-a-la-presencialidad-plena\/\",\"url\":\"https:\/\/experienciadevida.com.ar\/portalurbano\/la-fio-recibe-a-mas-de-250-ingresantes-en-la-vuelta-a-la-presencialidad-plena\/\",\"name\":\"La FIO recibe a m\u00e1s de 250 ingresantes en la vuelta a la presencialidad\",\"isPartOf\":{\"@id\":\"https:\/\/experienciadevida.com.ar\/portalurbano\/#website\"},\"datePublished\":\"2022-02-16T23:14:16+00:00\",\"dateModified\":\"2022-02-16T23:14:16+00:00\",\"description\":\"Franco es de Azul. Lleg\u00f3 a la FIO para estudiar Ingenier\u00eda Civil y se muestra intrigado por los contenidos de matem\u00e1tica que deber\u00e1 repasar\",\"breadcrumb\":{\"@id\":\"https:\/\/experienciadevida.com.ar\/portalurbano\/la-fio-recibe-a-mas-de-250-ingresantes-en-la-vuelta-a-la-presencialidad-plena\/#breadcrumb\"},\"inLanguage\":\"es\",\"potentialAction\":[{\"@type\":\"ReadAction\",\"target\":[\"https:\/\/experienciadevida.com.ar\/portalurbano\/la-fio-recibe-a-mas-de-250-ingresantes-en-la-vuelta-a-la-presencialidad-plena\/\"]}]},{\"@type\":\"BreadcrumbList\",\"@id\":\"https:\/\/experienciadevida.com.ar\/portalurbano\/la-fio-recibe-a-mas-de-250-ingresantes-en-la-vuelta-a-la-presencialidad-plena\/#breadcrumb\",\"itemListElement\":[{\"@type\":\"ListItem\",\"position\":1,\"name\":\"Portada\",\"item\":\"https:\/\/experienciadevida.com.ar\/portalurbano\/\"},{\"@type\":\"ListItem\",\"position\":2,\"name\":\"La FIO recibe a m\u00e1s de 250 ingresantes en la vuelta a la presencialidad plena\"}]},{\"@type\":\"WebSite\",\"@id\":\"https:\/\/experienciadevida.com.ar\/portalurbano\/#website\",\"url\":\"https:\/\/experienciadevida.com.ar\/portalurbano\/\",\"name\":\"\",\"description\":\"\",\"publisher\":{\"@id\":\"https:\/\/experienciadevida.com.ar\/portalurbano\/#organization\"},\"potentialAction\":[{\"@type\":\"SearchAction\",\"target\":{\"@type\":\"EntryPoint\",\"urlTemplate\":\"https:\/\/experienciadevida.com.ar\/portalurbano\/?s={search_term_string}\"},\"query-input\":\"required name=search_term_string\"}],\"inLanguage\":\"es\"},{\"@type\":\"Organization\",\"@id\":\"https:\/\/experienciadevida.com.ar\/portalurbano\/#organization\",\"name\":\"Portal Urbano\",\"url\":\"https:\/\/experienciadevida.com.ar\/portalurbano\/\",\"logo\":{\"@type\":\"ImageObject\",\"inLanguage\":\"es\",\"@id\":\"https:\/\/experienciadevida.com.ar\/portalurbano\/#\/schema\/logo\/image\/\",\"url\":\"https:\/\/experienciadevida.com.ar\/portalurbano\/wp-content\/uploads\/2019\/09\/Logo-Original.png\",\"contentUrl\":\"https:\/\/experienciadevida.com.ar\/portalurbano\/wp-content\/uploads\/2019\/09\/Logo-Original.png\",\"width\":2236,\"height\":1216,\"caption\":\"Portal Urbano\"},\"image\":{\"@id\":\"https:\/\/experienciadevida.com.ar\/portalurbano\/#\/schema\/logo\/image\/\"},\"sameAs\":[\"https:\/\/www.facebook.com\/Portal-Urbano-171542830093757\/\",\"https:\/\/twitter.com\/portalurbanook\",\"https:\/\/www.instagram.com\/_portalurbano\/\",\"https:\/\/www.youtube.com\/channel\/UCXhagIfszH8KxFiOok79zbA?view_as=subscriber\"]},{\"@type\":\"Person\",\"@id\":\"https:\/\/experienciadevida.com.ar\/portalurbano\/#\/schema\/person\/02dd326b1c4b056e9cc972486934a3a7\",\"name\":\"admpu17wp\",\"image\":{\"@type\":\"ImageObject\",\"inLanguage\":\"es\",\"@id\":\"https:\/\/experienciadevida.com.ar\/portalurbano\/#\/schema\/person\/image\/\",\"url\":\"https:\/\/secure.gravatar.com\/avatar\/830d4c57adaae6630765e449a6908047?s=96&d=mm&r=g\",\"contentUrl\":\"https:\/\/secure.gravatar.com\/avatar\/830d4c57adaae6630765e449a6908047?s=96&d=mm&r=g\",\"caption\":\"admpu17wp\"}}]}<\/script>\n<!-- \/ Yoast SEO plugin. -->","yoast_head_json":{"title":"La FIO recibe a m\u00e1s de 250 ingresantes en la vuelta a la presencialidad","description":"Franco es de Azul. Lleg\u00f3 a la FIO para estudiar Ingenier\u00eda Civil y se muestra intrigado por los contenidos de matem\u00e1tica que deber\u00e1 repasar","robots":{"index":"index","follow":"follow","max-snippet":"max-snippet:-1","max-image-preview":"max-image-preview:large","max-video-preview":"max-video-preview:-1"},"canonical":"https:\/\/experienciadevida.com.ar\/portalurbano\/la-fio-recibe-a-mas-de-250-ingresantes-en-la-vuelta-a-la-presencialidad-plena\/","og_locale":"es_ES","og_type":"article","og_title":"La FIO recibe a m\u00e1s de 250 ingresantes en la vuelta a la presencialidad","og_description":"Franco es de Azul. Lleg\u00f3 a la FIO para estudiar Ingenier\u00eda Civil y se muestra intrigado por los contenidos de matem\u00e1tica que deber\u00e1 repasar","og_url":"https:\/\/experienciadevida.com.ar\/portalurbano\/la-fio-recibe-a-mas-de-250-ingresantes-en-la-vuelta-a-la-presencialidad-plena\/","article_publisher":"https:\/\/www.facebook.com\/Portal-Urbano-171542830093757\/","article_published_time":"2022-02-16T23:14:16+00:00","og_image":[{"width":800,"height":399,"url":"https:\/\/experienciadevida.com.ar\/portalurbano\/wp-content\/uploads\/2022\/02\/ingreso22_dest-e1645053097286.jpg","type":"image\/jpeg"}],"author":"admpu17wp","twitter_card":"summary_large_image","twitter_creator":"@portalurbanook","twitter_site":"@portalurbanook","twitter_misc":{"Escrito por":"admpu17wp","Tiempo de lectura":"3 minutos"},"schema":{"@context":"https:\/\/schema.org","@graph":[{"@type":"Article","@id":"https:\/\/experienciadevida.com.ar\/portalurbano\/la-fio-recibe-a-mas-de-250-ingresantes-en-la-vuelta-a-la-presencialidad-plena\/#article","isPartOf":{"@id":"https:\/\/experienciadevida.com.ar\/portalurbano\/la-fio-recibe-a-mas-de-250-ingresantes-en-la-vuelta-a-la-presencialidad-plena\/"},"author":{"name":"admpu17wp","@id":"https:\/\/experienciadevida.com.ar\/portalurbano\/#\/schema\/person\/02dd326b1c4b056e9cc972486934a3a7"},"headline":"La FIO recibe a m\u00e1s de 250 ingresantes en la vuelta a la presencialidad plena","datePublished":"2022-02-16T23:14:16+00:00","dateModified":"2022-02-16T23:14:16+00:00","mainEntityOfPage":{"@id":"https:\/\/experienciadevida.com.ar\/portalurbano\/la-fio-recibe-a-mas-de-250-ingresantes-en-la-vuelta-a-la-presencialidad-plena\/"},"wordCount":674,"publisher":{"@id":"https:\/\/experienciadevida.com.ar\/portalurbano\/#organization"},"articleSection":["Ciudad"],"inLanguage":"es"},{"@type":"WebPage","@id":"https:\/\/experienciadevida.com.ar\/portalurbano\/la-fio-recibe-a-mas-de-250-ingresantes-en-la-vuelta-a-la-presencialidad-plena\/","url":"https:\/\/experienciadevida.com.ar\/portalurbano\/la-fio-recibe-a-mas-de-250-ingresantes-en-la-vuelta-a-la-presencialidad-plena\/","name":"La FIO recibe a m\u00e1s de 250 ingresantes en la vuelta a la presencialidad","isPartOf":{"@id":"https:\/\/experienciadevida.com.ar\/portalurbano\/#website"},"datePublished":"2022-02-16T23:14:16+00:00","dateModified":"2022-02-16T23:14:16+00:00","description":"Franco es de Azul. Lleg\u00f3 a la FIO para estudiar Ingenier\u00eda Civil y se muestra intrigado por los contenidos de matem\u00e1tica que deber\u00e1 repasar","breadcrumb":{"@id":"https:\/\/experienciadevida.com.ar\/portalurbano\/la-fio-recibe-a-mas-de-250-ingresantes-en-la-vuelta-a-la-presencialidad-plena\/#breadcrumb"},"inLanguage":"es","potentialAction":[{"@type":"ReadAction","target":["https:\/\/experienciadevida.com.ar\/portalurbano\/la-fio-recibe-a-mas-de-250-ingresantes-en-la-vuelta-a-la-presencialidad-plena\/"]}]},{"@type":"BreadcrumbList","@id":"https:\/\/experienciadevida.com.ar\/portalurbano\/la-fio-recibe-a-mas-de-250-ingresantes-en-la-vuelta-a-la-presencialidad-plena\/#breadcrumb","itemListElement":[{"@type":"ListItem","position":1,"name":"Portada","item":"https:\/\/experienciadevida.com.ar\/portalurbano\/"},{"@type":"ListItem","position":2,"name":"La FIO recibe a m\u00e1s de 250 ingresantes en la vuelta a la presencialidad plena"}]},{"@type":"WebSite","@id":"https:\/\/experienciadevida.com.ar\/portalurbano\/#website","url":"https:\/\/experienciadevida.com.ar\/portalurbano\/","name":"","description":"","publisher":{"@id":"https:\/\/experienciadevida.com.ar\/portalurbano\/#organization"},"potentialAction":[{"@type":"SearchAction","target":{"@type":"EntryPoint","urlTemplate":"https:\/\/experienciadevida.com.ar\/portalurbano\/?s={search_term_string}"},"query-input":"required name=search_term_string"}],"inLanguage":"es"},{"@type":"Organization","@id":"https:\/\/experienciadevida.com.ar\/portalurbano\/#organization","name":"Portal Urbano","url":"https:\/\/experienciadevida.com.ar\/portalurbano\/","logo":{"@type":"ImageObject","inLanguage":"es","@id":"https:\/\/experienciadevida.com.ar\/portalurbano\/#\/schema\/logo\/image\/","url":"https:\/\/experienciadevida.com.ar\/portalurbano\/wp-content\/uploads\/2019\/09\/Logo-Original.png","contentUrl":"https:\/\/experienciadevida.com.ar\/portalurbano\/wp-content\/uploads\/2019\/09\/Logo-Original.png","width":2236,"height":1216,"caption":"Portal Urbano"},"image":{"@id":"https:\/\/experienciadevida.com.ar\/portalurbano\/#\/schema\/logo\/image\/"},"sameAs":["https:\/\/www.facebook.com\/Portal-Urbano-171542830093757\/","https:\/\/twitter.com\/portalurbanook","https:\/\/www.instagram.com\/_portalurbano\/","https:\/\/www.youtube.com\/channel\/UCXhagIfszH8KxFiOok79zbA?view_as=subscriber"]},{"@type":"Person","@id":"https:\/\/experienciadevida.com.ar\/portalurbano\/#\/schema\/person\/02dd326b1c4b056e9cc972486934a3a7","name":"admpu17wp","image":{"@type":"ImageObject","inLanguage":"es","@id":"https:\/\/experienciadevida.com.ar\/portalurbano\/#\/schema\/person\/image\/","url":"https:\/\/secure.gravatar.com\/avatar\/830d4c57adaae6630765e449a6908047?s=96&d=mm&r=g","contentUrl":"https:\/\/secure.gravatar.com\/avatar\/830d4c57adaae6630765e449a6908047?s=96&d=mm&r=g","caption":"admpu17wp"}}]}},"featured_image_urls":{"full":["https:\/\/experienciadevida.com.ar\/portalurbano\/wp-content\/uploads\/2022\/02\/ingreso22_dest-e1645053097286.jpg",800,399,false],"thumbnail":["https:\/\/experienciadevida.com.ar\/portalurbano\/wp-content\/uploads\/2022\/02\/ingreso22_dest-150x150.jpg",150,150,true],"medium":["https:\/\/experienciadevida.com.ar\/portalurbano\/wp-content\/uploads\/2022\/02\/ingreso22_dest-300x150.jpg",300,150,true],"medium_large":["https:\/\/experienciadevida.com.ar\/portalurbano\/wp-content\/uploads\/2022\/02\/ingreso22_dest-768x383.jpg",640,319,true],"large":["https:\/\/experienciadevida.com.ar\/portalurbano\/wp-content\/uploads\/2022\/02\/ingreso22_dest-1024x510.jpg",640,319,true],"ug_big":["https:\/\/experienciadevida.com.ar\/portalurbano\/wp-content\/uploads\/2022\/02\/ingreso22_dest-768x383.jpg",768,383,true],"1536x1536":["https:\/\/experienciadevida.com.ar\/portalurbano\/wp-content\/uploads\/2022\/02\/ingreso22_dest-1536x766.jpg",1536,766,true],"2048x2048":["https:\/\/experienciadevida.com.ar\/portalurbano\/wp-content\/uploads\/2022\/02\/ingreso22_dest-e1645053097286.jpg",800,399,false],"newsever-slider-full":["https:\/\/experienciadevida.com.ar\/portalurbano\/wp-content\/uploads\/2022\/02\/ingreso22_dest-e1645053097286.jpg",800,399,false],"newsever-featured":["https:\/\/experienciadevida.com.ar\/portalurbano\/wp-content\/uploads\/2022\/02\/ingreso22_dest-e1645053097286.jpg",800,399,false],"newsever-medium":["https:\/\/experienciadevida.com.ar\/portalurbano\/wp-content\/uploads\/2022\/02\/ingreso22_dest-e1645053097286.jpg",720,359,false],"web-stories-poster-portrait":["https:\/\/experienciadevida.com.ar\/portalurbano\/wp-content\/uploads\/2022\/02\/ingreso22_dest-e1645053097286.jpg",640,319,false],"web-stories-publisher-logo":["https:\/\/experienciadevida.com.ar\/portalurbano\/wp-content\/uploads\/2022\/02\/ingreso22_dest-e1645053097286.jpg",96,48,false],"web-stories-thumbnail":["https:\/\/experienciadevida.com.ar\/portalurbano\/wp-content\/uploads\/2022\/02\/ingreso22_dest-e1645053097286.jpg",150,75,false]},"author_info":{"display_name":"admpu17wp","author_link":"https:\/\/experienciadevida.com.ar\/portalurbano\/author\/admpu17wp\/"},"category_info":"<a href=\"https:\/\/experienciadevida.com.ar\/portalurbano\/category\/ciudad\/\" rel=\"category tag\">Ciudad<\/a>","tag_info":"Ciudad","comment_count":"0","amp_enabled":true,"_links":{"self":[{"href":"https:\/\/experienciadevida.com.ar\/portalurbano\/wp-json\/wp\/v2\/posts\/161841"}],"collection":[{"href":"https:\/\/experienciadevida.com.ar\/portalurbano\/wp-json\/wp\/v2\/posts"}],"about":[{"href":"https:\/\/experienciadevida.com.ar\/portalurbano\/wp-json\/wp\/v2\/types\/post"}],"author":[{"embeddable":true,"href":"https:\/\/experienciadevida.com.ar\/portalurbano\/wp-json\/wp\/v2\/users\/1"}],"replies":[{"embeddable":true,"href":"https:\/\/experienciadevida.com.ar\/portalurbano\/wp-json\/wp\/v2\/comments?post=161841"}],"version-history":[{"count":2,"href":"https:\/\/experienciadevida.com.ar\/portalurbano\/wp-json\/wp\/v2\/posts\/161841\/revisions"}],"predecessor-version":[{"id":161847,"href":"https:\/\/experienciadevida.com.ar\/portalurbano\/wp-json\/wp\/v2\/posts\/161841\/revisions\/161847"}],"wp:featuredmedia":[{"embeddable":true,"href":"https:\/\/experienciadevida.com.ar\/portalurbano\/wp-json\/wp\/v2\/media\/161843"}],"wp:attachment":[{"href":"https:\/\/experienciadevida.com.ar\/portalurbano\/wp-json\/wp\/v2\/media?parent=161841"}],"wp:term":[{"taxonomy":"category","embeddable":true,"href":"https:\/\/experienciadevida.com.ar\/portalurbano\/wp-json\/wp\/v2\/categories?post=161841"},{"taxonomy":"post_tag","embeddable":true,"href":"https:\/\/experienciadevida.com.ar\/portalurbano\/wp-json\/wp\/v2\/tags?post=161841"}],"curies":[{"name":"wp","href":"https:\/\/api.w.org\/{rel}","templated":true}]}}