{"id":161818,"date":"2022-02-16T23:39:31","date_gmt":"2022-02-17T02:39:31","guid":{"rendered":"https:\/\/experienciadevida.com.ar\/portalurbano\/?p=161818"},"modified":"2022-02-16T23:39:33","modified_gmt":"2022-02-17T02:39:33","slug":"a-partir-de-la-hora-0-de-este-jueves-aumentan-los-peajes","status":"publish","type":"post","link":"https:\/\/experienciadevida.com.ar\/portalurbano\/a-partir-de-la-hora-0-de-este-jueves-aumentan-los-peajes\/","title":{"rendered":"A partir de la hora 0 de este jueves aumentan los peajes"},"content":{"rendered":"<p>A trav\u00e9s de la Resoluci\u00f3n 214 de la Administraci\u00f3n de la Direcci\u00f3n de Vialidad Nacional, el gobierno nacional oficializ\u00f3 las nuevas tarifas en los puestos de peajes de distintos puntos del pa\u00eds.<\/p>\n<p class=\"sufix-ficha\">La DNV explic\u00f3 que los aumentos son el resultado de &#8220;una variaci\u00f3n significativa de los precios de ciertos componentes principales de los rubros de explotaci\u00f3n, conservaci\u00f3n y mantenimiento y servicios de apoyo&#8221;<\/p>\n<hr \/>\n<p>La Direcci\u00f3n Nacional de Vialidad dispuso un aumento promedio del 26,4% en las tarifas de peaje de los 9 tramos concesionados incluidos <strong>el Tramo VII<\/strong> a la que pertenece la estaci\u00f3n de <b>Peaje Hinojo. Las nuevas tarifas que comenzaran a regir a partir de la hora 0 del 17\/02\/2022, ser\u00e1n las siguientes:<\/b><\/p>\n<p><a href=\"https:\/\/experienciadevida.com.ar\/portalurbano\/a-partir-de-la-hora-0-de-este-jueves-aumentan-los-peajes\/tramo-vii-hinojo\/\" rel=\"attachment wp-att-161821\"><img decoding=\"async\" class=\"alignnone size-large wp-image-161821\" src=\"https:\/\/experienciadevida.com.ar\/portalurbano\/wp-content\/uploads\/2022\/02\/Tramo-VII-Hinojo-1024x756.png\" alt=\"\" width=\"900\" height=\"664\" \/><\/a><\/p>\n<p>En los considerandos de las\u00a0 resoluciones se indic\u00f3 que se tom\u00f3 como regla general aplicar &#8220;tarifas redondeadas a m\u00faltiplos de billetes de $20 a fin de subsanar las dificultades generadas por la falta de billetes (cambio) para dar el vuelto al usuario al momento de cobro de peaje en efectivo&#8221;.<\/p>\n<p>Los aumentos se resolvieron porque hubo &#8220;una variaci\u00f3n significativa de los precios de ciertos componentes principales de los rubros de explotaci\u00f3n, conservaci\u00f3n y mantenimiento y servicios de apoyo, que inciden en la prestaci\u00f3n de los servicios y en el mantenimiento de las concesiones&#8221;, precis\u00f3 la norma de la DNV.<\/p>\n<p><strong>&#8220;En caso de no equilibrarse con ajustes de la tarifa, estos podr\u00edan tener impacto en la calidad de las prestaciones que realizan las empresas concesionarias&#8221;<\/strong>, agreg\u00f3.<\/p>\n<p>En un comunicado, Vialidad record\u00f3 que &#8220;el nuevo esquema se constituye como la segunda actualizaci\u00f3n de tarifas de peaje autorizada por el gobierno nacional desde marzo de 2019, ya que entre el 20 de marzo de 2020 y el 18 de mayo de 2020, el cobro de peaje fue suspendido como parte de las medidas contra la pandemia de Covid-19&#8221;.<\/p>\n<p>&#8220;<strong>Durante 2021, el porcentaje de aumento no super\u00f3 el 9,7%, siendo este inferior a la variaci\u00f3n del \u00edndice de precios (<\/strong><strong>IPC<\/strong><strong>) acumulada hasta octubre de 2021, incluyendo la actualizaci\u00f3n tarifaria realizada en julio de dicho a\u00f1o<\/strong>&#8220;, a\u00f1adi\u00f3.<\/p>\n<p>Los nuevos cuadros tarifarios fueron aprobados tras la celebraci\u00f3n de una consulta ciudadana, que se desarroll\u00f3 de manera online entre el 22 de diciembre de 2021 y el 17 de enero de 2022.<\/p>\n<p>El aumento dispuesto en los peajes de jurisdicci\u00f3n nacional se dio a conocer luego de que el viernes 11 de febrero se difundieran los nuevos valores para las autopistas porte\u00f1as, con un incremento promedio del 45%.<\/p>\n<p>&nbsp;<\/p>\n","protected":false},"excerpt":{"rendered":"<p>A trav\u00e9s de la Resoluci\u00f3n 214 de la Administraci\u00f3n de la Direcci\u00f3n de Vialidad Nacional,&#8230;<\/p>\n","protected":false},"author":1,"featured_media":146412,"comment_status":"closed","ping_status":"closed","sticky":false,"template":"","format":"standard","meta":{"content-type":""},"categories":[27,51],"tags":[],"nelio_content":{"isAutoShareEnabled":false,"autoShareEndMode":"default","automationSources":{"useContentSentences":true,"useSocialTemplates":true,"useCustomSentences":false,"customSentences":[]},"followers":[1],"suggestedReferences":[],"includedReferences":[],"efiUrl":"","efiAlt":"","highlights":[]},"yoast_head":"<!-- This site is optimized with the Yoast SEO plugin v20.7 - https:\/\/yoast.com\/wordpress\/plugins\/seo\/ -->\n<title>A partir de la hora 0 del d\u00eda jueves aumentan los peajes<\/title>\n<meta name=\"description\" content=\"A trav\u00e9s de la Res. 214 de la Admin. de la Direcci\u00f3n de Vialidad Nacional, el gobierno nacional oficializ\u00f3 las nuevas tarifas de peajes\" \/>\n<meta name=\"robots\" content=\"index, follow, max-snippet:-1, max-image-preview:large, max-video-preview:-1\" \/>\n<link rel=\"canonical\" href=\"https:\/\/experienciadevida.com.ar\/portalurbano\/a-partir-de-la-hora-0-de-este-jueves-aumentan-los-peajes\/\" \/>\n<meta property=\"og:locale\" content=\"es_ES\" \/>\n<meta property=\"og:type\" content=\"article\" \/>\n<meta property=\"og:title\" content=\"A partir de la hora 0 del d\u00eda jueves aumentan los peajes\" \/>\n<meta property=\"og:description\" content=\"A trav\u00e9s de la Res. 214 de la Admin. de la Direcci\u00f3n de Vialidad Nacional, el gobierno nacional oficializ\u00f3 las nuevas tarifas de peajes\" \/>\n<meta property=\"og:url\" content=\"https:\/\/experienciadevida.com.ar\/portalurbano\/a-partir-de-la-hora-0-de-este-jueves-aumentan-los-peajes\/\" \/>\n<meta property=\"article:publisher\" content=\"https:\/\/www.facebook.com\/Portal-Urbano-171542830093757\/\" \/>\n<meta property=\"article:published_time\" content=\"2022-02-17T02:39:31+00:00\" \/>\n<meta property=\"article:modified_time\" content=\"2022-02-17T02:39:33+00:00\" \/>\n<meta property=\"og:image\" content=\"https:\/\/experienciadevida.com.ar\/portalurbano\/wp-content\/uploads\/2021\/06\/peaje.jpg\" \/>\n\t<meta property=\"og:image:width\" content=\"783\" \/>\n\t<meta property=\"og:image:height\" content=\"565\" \/>\n\t<meta property=\"og:image:type\" content=\"image\/jpeg\" \/>\n<meta name=\"author\" content=\"admpu17wp\" \/>\n<meta name=\"twitter:card\" content=\"summary_large_image\" \/>\n<meta name=\"twitter:creator\" content=\"@portalurbanook\" \/>\n<meta name=\"twitter:site\" content=\"@portalurbanook\" \/>\n<meta name=\"twitter:label1\" content=\"Escrito por\" \/>\n\t<meta name=\"twitter:data1\" content=\"admpu17wp\" \/>\n\t<meta name=\"twitter:label2\" content=\"Tiempo de lectura\" \/>\n\t<meta name=\"twitter:data2\" content=\"3 minutos\" \/>\n<script type=\"application\/ld+json\" class=\"yoast-schema-graph\">{\"@context\":\"https:\/\/schema.org\",\"@graph\":[{\"@type\":\"Article\",\"@id\":\"https:\/\/experienciadevida.com.ar\/portalurbano\/a-partir-de-la-hora-0-de-este-jueves-aumentan-los-peajes\/#article\",\"isPartOf\":{\"@id\":\"https:\/\/experienciadevida.com.ar\/portalurbano\/a-partir-de-la-hora-0-de-este-jueves-aumentan-los-peajes\/\"},\"author\":{\"name\":\"admpu17wp\",\"@id\":\"https:\/\/experienciadevida.com.ar\/portalurbano\/#\/schema\/person\/02dd326b1c4b056e9cc972486934a3a7\"},\"headline\":\"A partir de la hora 0 de este jueves aumentan los peajes\",\"datePublished\":\"2022-02-17T02:39:31+00:00\",\"dateModified\":\"2022-02-17T02:39:33+00:00\",\"mainEntityOfPage\":{\"@id\":\"https:\/\/experienciadevida.com.ar\/portalurbano\/a-partir-de-la-hora-0-de-este-jueves-aumentan-los-peajes\/\"},\"wordCount\":424,\"publisher\":{\"@id\":\"https:\/\/experienciadevida.com.ar\/portalurbano\/#organization\"},\"articleSection\":[\"Ciudad\",\"Destacadas\"],\"inLanguage\":\"es\"},{\"@type\":\"WebPage\",\"@id\":\"https:\/\/experienciadevida.com.ar\/portalurbano\/a-partir-de-la-hora-0-de-este-jueves-aumentan-los-peajes\/\",\"url\":\"https:\/\/experienciadevida.com.ar\/portalurbano\/a-partir-de-la-hora-0-de-este-jueves-aumentan-los-peajes\/\",\"name\":\"A partir de la hora 0 del d\u00eda jueves aumentan los peajes\",\"isPartOf\":{\"@id\":\"https:\/\/experienciadevida.com.ar\/portalurbano\/#website\"},\"datePublished\":\"2022-02-17T02:39:31+00:00\",\"dateModified\":\"2022-02-17T02:39:33+00:00\",\"description\":\"A trav\u00e9s de la Res. 214 de la Admin. de la Direcci\u00f3n de Vialidad Nacional, el gobierno nacional oficializ\u00f3 las nuevas tarifas de peajes\",\"breadcrumb\":{\"@id\":\"https:\/\/experienciadevida.com.ar\/portalurbano\/a-partir-de-la-hora-0-de-este-jueves-aumentan-los-peajes\/#breadcrumb\"},\"inLanguage\":\"es\",\"potentialAction\":[{\"@type\":\"ReadAction\",\"target\":[\"https:\/\/experienciadevida.com.ar\/portalurbano\/a-partir-de-la-hora-0-de-este-jueves-aumentan-los-peajes\/\"]}]},{\"@type\":\"BreadcrumbList\",\"@id\":\"https:\/\/experienciadevida.com.ar\/portalurbano\/a-partir-de-la-hora-0-de-este-jueves-aumentan-los-peajes\/#breadcrumb\",\"itemListElement\":[{\"@type\":\"ListItem\",\"position\":1,\"name\":\"Portada\",\"item\":\"https:\/\/experienciadevida.com.ar\/portalurbano\/\"},{\"@type\":\"ListItem\",\"position\":2,\"name\":\"A partir de la hora 0 de este jueves aumentan los peajes\"}]},{\"@type\":\"WebSite\",\"@id\":\"https:\/\/experienciadevida.com.ar\/portalurbano\/#website\",\"url\":\"https:\/\/experienciadevida.com.ar\/portalurbano\/\",\"name\":\"\",\"description\":\"\",\"publisher\":{\"@id\":\"https:\/\/experienciadevida.com.ar\/portalurbano\/#organization\"},\"potentialAction\":[{\"@type\":\"SearchAction\",\"target\":{\"@type\":\"EntryPoint\",\"urlTemplate\":\"https:\/\/experienciadevida.com.ar\/portalurbano\/?s={search_term_string}\"},\"query-input\":\"required name=search_term_string\"}],\"inLanguage\":\"es\"},{\"@type\":\"Organization\",\"@id\":\"https:\/\/experienciadevida.com.ar\/portalurbano\/#organization\",\"name\":\"Portal Urbano\",\"url\":\"https:\/\/experienciadevida.com.ar\/portalurbano\/\",\"logo\":{\"@type\":\"ImageObject\",\"inLanguage\":\"es\",\"@id\":\"https:\/\/experienciadevida.com.ar\/portalurbano\/#\/schema\/logo\/image\/\",\"url\":\"https:\/\/experienciadevida.com.ar\/portalurbano\/wp-content\/uploads\/2019\/09\/Logo-Original.png\",\"contentUrl\":\"https:\/\/experienciadevida.com.ar\/portalurbano\/wp-content\/uploads\/2019\/09\/Logo-Original.png\",\"width\":2236,\"height\":1216,\"caption\":\"Portal Urbano\"},\"image\":{\"@id\":\"https:\/\/experienciadevida.com.ar\/portalurbano\/#\/schema\/logo\/image\/\"},\"sameAs\":[\"https:\/\/www.facebook.com\/Portal-Urbano-171542830093757\/\",\"https:\/\/twitter.com\/portalurbanook\",\"https:\/\/www.instagram.com\/_portalurbano\/\",\"https:\/\/www.youtube.com\/channel\/UCXhagIfszH8KxFiOok79zbA?view_as=subscriber\"]},{\"@type\":\"Person\",\"@id\":\"https:\/\/experienciadevida.com.ar\/portalurbano\/#\/schema\/person\/02dd326b1c4b056e9cc972486934a3a7\",\"name\":\"admpu17wp\",\"image\":{\"@type\":\"ImageObject\",\"inLanguage\":\"es\",\"@id\":\"https:\/\/experienciadevida.com.ar\/portalurbano\/#\/schema\/person\/image\/\",\"url\":\"https:\/\/secure.gravatar.com\/avatar\/830d4c57adaae6630765e449a6908047?s=96&d=mm&r=g\",\"contentUrl\":\"https:\/\/secure.gravatar.com\/avatar\/830d4c57adaae6630765e449a6908047?s=96&d=mm&r=g\",\"caption\":\"admpu17wp\"}}]}<\/script>\n<!-- \/ Yoast SEO plugin. -->","yoast_head_json":{"title":"A partir de la hora 0 del d\u00eda jueves aumentan los peajes","description":"A trav\u00e9s de la Res. 214 de la Admin. de la Direcci\u00f3n de Vialidad Nacional, el gobierno nacional oficializ\u00f3 las nuevas tarifas de peajes","robots":{"index":"index","follow":"follow","max-snippet":"max-snippet:-1","max-image-preview":"max-image-preview:large","max-video-preview":"max-video-preview:-1"},"canonical":"https:\/\/experienciadevida.com.ar\/portalurbano\/a-partir-de-la-hora-0-de-este-jueves-aumentan-los-peajes\/","og_locale":"es_ES","og_type":"article","og_title":"A partir de la hora 0 del d\u00eda jueves aumentan los peajes","og_description":"A trav\u00e9s de la Res. 214 de la Admin. de la Direcci\u00f3n de Vialidad Nacional, el gobierno nacional oficializ\u00f3 las nuevas tarifas de peajes","og_url":"https:\/\/experienciadevida.com.ar\/portalurbano\/a-partir-de-la-hora-0-de-este-jueves-aumentan-los-peajes\/","article_publisher":"https:\/\/www.facebook.com\/Portal-Urbano-171542830093757\/","article_published_time":"2022-02-17T02:39:31+00:00","article_modified_time":"2022-02-17T02:39:33+00:00","og_image":[{"width":783,"height":565,"url":"https:\/\/experienciadevida.com.ar\/portalurbano\/wp-content\/uploads\/2021\/06\/peaje.jpg","type":"image\/jpeg"}],"author":"admpu17wp","twitter_card":"summary_large_image","twitter_creator":"@portalurbanook","twitter_site":"@portalurbanook","twitter_misc":{"Escrito por":"admpu17wp","Tiempo de lectura":"3 minutos"},"schema":{"@context":"https:\/\/schema.org","@graph":[{"@type":"Article","@id":"https:\/\/experienciadevida.com.ar\/portalurbano\/a-partir-de-la-hora-0-de-este-jueves-aumentan-los-peajes\/#article","isPartOf":{"@id":"https:\/\/experienciadevida.com.ar\/portalurbano\/a-partir-de-la-hora-0-de-este-jueves-aumentan-los-peajes\/"},"author":{"name":"admpu17wp","@id":"https:\/\/experienciadevida.com.ar\/portalurbano\/#\/schema\/person\/02dd326b1c4b056e9cc972486934a3a7"},"headline":"A partir de la hora 0 de este jueves aumentan los peajes","datePublished":"2022-02-17T02:39:31+00:00","dateModified":"2022-02-17T02:39:33+00:00","mainEntityOfPage":{"@id":"https:\/\/experienciadevida.com.ar\/portalurbano\/a-partir-de-la-hora-0-de-este-jueves-aumentan-los-peajes\/"},"wordCount":424,"publisher":{"@id":"https:\/\/experienciadevida.com.ar\/portalurbano\/#organization"},"articleSection":["Ciudad","Destacadas"],"inLanguage":"es"},{"@type":"WebPage","@id":"https:\/\/experienciadevida.com.ar\/portalurbano\/a-partir-de-la-hora-0-de-este-jueves-aumentan-los-peajes\/","url":"https:\/\/experienciadevida.com.ar\/portalurbano\/a-partir-de-la-hora-0-de-este-jueves-aumentan-los-peajes\/","name":"A partir de la hora 0 del d\u00eda jueves aumentan los peajes","isPartOf":{"@id":"https:\/\/experienciadevida.com.ar\/portalurbano\/#website"},"datePublished":"2022-02-17T02:39:31+00:00","dateModified":"2022-02-17T02:39:33+00:00","description":"A trav\u00e9s de la Res. 214 de la Admin. de la Direcci\u00f3n de Vialidad Nacional, el gobierno nacional oficializ\u00f3 las nuevas tarifas de peajes","breadcrumb":{"@id":"https:\/\/experienciadevida.com.ar\/portalurbano\/a-partir-de-la-hora-0-de-este-jueves-aumentan-los-peajes\/#breadcrumb"},"inLanguage":"es","potentialAction":[{"@type":"ReadAction","target":["https:\/\/experienciadevida.com.ar\/portalurbano\/a-partir-de-la-hora-0-de-este-jueves-aumentan-los-peajes\/"]}]},{"@type":"BreadcrumbList","@id":"https:\/\/experienciadevida.com.ar\/portalurbano\/a-partir-de-la-hora-0-de-este-jueves-aumentan-los-peajes\/#breadcrumb","itemListElement":[{"@type":"ListItem","position":1,"name":"Portada","item":"https:\/\/experienciadevida.com.ar\/portalurbano\/"},{"@type":"ListItem","position":2,"name":"A partir de la hora 0 de este jueves aumentan los peajes"}]},{"@type":"WebSite","@id":"https:\/\/experienciadevida.com.ar\/portalurbano\/#website","url":"https:\/\/experienciadevida.com.ar\/portalurbano\/","name":"","description":"","publisher":{"@id":"https:\/\/experienciadevida.com.ar\/portalurbano\/#organization"},"potentialAction":[{"@type":"SearchAction","target":{"@type":"EntryPoint","urlTemplate":"https:\/\/experienciadevida.com.ar\/portalurbano\/?s={search_term_string}"},"query-input":"required name=search_term_string"}],"inLanguage":"es"},{"@type":"Organization","@id":"https:\/\/experienciadevida.com.ar\/portalurbano\/#organization","name":"Portal Urbano","url":"https:\/\/experienciadevida.com.ar\/portalurbano\/","logo":{"@type":"ImageObject","inLanguage":"es","@id":"https:\/\/experienciadevida.com.ar\/portalurbano\/#\/schema\/logo\/image\/","url":"https:\/\/experienciadevida.com.ar\/portalurbano\/wp-content\/uploads\/2019\/09\/Logo-Original.png","contentUrl":"https:\/\/experienciadevida.com.ar\/portalurbano\/wp-content\/uploads\/2019\/09\/Logo-Original.png","width":2236,"height":1216,"caption":"Portal Urbano"},"image":{"@id":"https:\/\/experienciadevida.com.ar\/portalurbano\/#\/schema\/logo\/image\/"},"sameAs":["https:\/\/www.facebook.com\/Portal-Urbano-171542830093757\/","https:\/\/twitter.com\/portalurbanook","https:\/\/www.instagram.com\/_portalurbano\/","https:\/\/www.youtube.com\/channel\/UCXhagIfszH8KxFiOok79zbA?view_as=subscriber"]},{"@type":"Person","@id":"https:\/\/experienciadevida.com.ar\/portalurbano\/#\/schema\/person\/02dd326b1c4b056e9cc972486934a3a7","name":"admpu17wp","image":{"@type":"ImageObject","inLanguage":"es","@id":"https:\/\/experienciadevida.com.ar\/portalurbano\/#\/schema\/person\/image\/","url":"https:\/\/secure.gravatar.com\/avatar\/830d4c57adaae6630765e449a6908047?s=96&d=mm&r=g","contentUrl":"https:\/\/secure.gravatar.com\/avatar\/830d4c57adaae6630765e449a6908047?s=96&d=mm&r=g","caption":"admpu17wp"}}]}},"featured_image_urls":{"full":["https:\/\/experienciadevida.com.ar\/portalurbano\/wp-content\/uploads\/2021\/06\/peaje.jpg",783,565,false],"thumbnail":["https:\/\/experienciadevida.com.ar\/portalurbano\/wp-content\/uploads\/2021\/06\/peaje-150x150.jpg",150,150,true],"medium":["https:\/\/experienciadevida.com.ar\/portalurbano\/wp-content\/uploads\/2021\/06\/peaje-300x216.jpg",300,216,true],"medium_large":["https:\/\/experienciadevida.com.ar\/portalurbano\/wp-content\/uploads\/2021\/06\/peaje-768x554.jpg",640,462,true],"large":["https:\/\/experienciadevida.com.ar\/portalurbano\/wp-content\/uploads\/2021\/06\/peaje.jpg",640,462,false],"ug_big":["https:\/\/experienciadevida.com.ar\/portalurbano\/wp-content\/uploads\/2021\/06\/peaje-768x554.jpg",768,554,true],"1536x1536":["https:\/\/experienciadevida.com.ar\/portalurbano\/wp-content\/uploads\/2021\/06\/peaje.jpg",783,565,false],"2048x2048":["https:\/\/experienciadevida.com.ar\/portalurbano\/wp-content\/uploads\/2021\/06\/peaje.jpg",783,565,false],"newsever-slider-full":["https:\/\/experienciadevida.com.ar\/portalurbano\/wp-content\/uploads\/2021\/06\/peaje.jpg",783,565,false],"newsever-featured":["https:\/\/experienciadevida.com.ar\/portalurbano\/wp-content\/uploads\/2021\/06\/peaje.jpg",783,565,false],"newsever-medium":["https:\/\/experienciadevida.com.ar\/portalurbano\/wp-content\/uploads\/2021\/06\/peaje.jpg",658,475,false],"web-stories-poster-portrait":["https:\/\/experienciadevida.com.ar\/portalurbano\/wp-content\/uploads\/2021\/06\/peaje.jpg",640,462,false],"web-stories-publisher-logo":["https:\/\/experienciadevida.com.ar\/portalurbano\/wp-content\/uploads\/2021\/06\/peaje.jpg",96,69,false],"web-stories-thumbnail":["https:\/\/experienciadevida.com.ar\/portalurbano\/wp-content\/uploads\/2021\/06\/peaje.jpg",150,108,false]},"author_info":{"display_name":"admpu17wp","author_link":"https:\/\/experienciadevida.com.ar\/portalurbano\/author\/admpu17wp\/"},"category_info":"<a href=\"https:\/\/experienciadevida.com.ar\/portalurbano\/category\/ciudad\/\" rel=\"category tag\">Ciudad<\/a> <a href=\"https:\/\/experienciadevida.com.ar\/portalurbano\/category\/destacadas\/\" rel=\"category tag\">Destacadas<\/a>","tag_info":"Destacadas","comment_count":"0","amp_enabled":true,"_links":{"self":[{"href":"https:\/\/experienciadevida.com.ar\/portalurbano\/wp-json\/wp\/v2\/posts\/161818"}],"collection":[{"href":"https:\/\/experienciadevida.com.ar\/portalurbano\/wp-json\/wp\/v2\/posts"}],"about":[{"href":"https:\/\/experienciadevida.com.ar\/portalurbano\/wp-json\/wp\/v2\/types\/post"}],"author":[{"embeddable":true,"href":"https:\/\/experienciadevida.com.ar\/portalurbano\/wp-json\/wp\/v2\/users\/1"}],"replies":[{"embeddable":true,"href":"https:\/\/experienciadevida.com.ar\/portalurbano\/wp-json\/wp\/v2\/comments?post=161818"}],"version-history":[{"count":5,"href":"https:\/\/experienciadevida.com.ar\/portalurbano\/wp-json\/wp\/v2\/posts\/161818\/revisions"}],"predecessor-version":[{"id":161859,"href":"https:\/\/experienciadevida.com.ar\/portalurbano\/wp-json\/wp\/v2\/posts\/161818\/revisions\/161859"}],"wp:featuredmedia":[{"embeddable":true,"href":"https:\/\/experienciadevida.com.ar\/portalurbano\/wp-json\/wp\/v2\/media\/146412"}],"wp:attachment":[{"href":"https:\/\/experienciadevida.com.ar\/portalurbano\/wp-json\/wp\/v2\/media?parent=161818"}],"wp:term":[{"taxonomy":"category","embeddable":true,"href":"https:\/\/experienciadevida.com.ar\/portalurbano\/wp-json\/wp\/v2\/categories?post=161818"},{"taxonomy":"post_tag","embeddable":true,"href":"https:\/\/experienciadevida.com.ar\/portalurbano\/wp-json\/wp\/v2\/tags?post=161818"}],"curies":[{"name":"wp","href":"https:\/\/api.w.org\/{rel}","templated":true}]}}