{"id":161792,"date":"2022-02-16T14:54:15","date_gmt":"2022-02-16T17:54:15","guid":{"rendered":"https:\/\/experienciadevida.com.ar\/portalurbano\/?p=161792"},"modified":"2022-02-16T14:54:15","modified_gmt":"2022-02-16T17:54:15","slug":"ezequiel-galli-recorrio-el-yacimiento-el-hormiguero","status":"publish","type":"post","link":"https:\/\/experienciadevida.com.ar\/portalurbano\/ezequiel-galli-recorrio-el-yacimiento-el-hormiguero\/","title":{"rendered":"Ezequiel Galli recorri\u00f3 el Yacimiento \u201cEl Hormiguero\u201d"},"content":{"rendered":"<p>La industria minera de Olavarr\u00eda posee minerales estrat\u00e9gicos para su desarrollo: tal es el caso de la piedra gran\u00edtica. En este contexto, este mi\u00e9rcoles el intendente Ezequiel Galli visit\u00f3 el Yacimiento \u201cEl Hormiguero\u201d: un predio de explotaci\u00f3n de piedra gran\u00edtica, con potencial para m\u00e1s de 40 a\u00f1os de usufructo. Los doce trabajadores actualmente operativos all\u00ed, ultiman detalles de cara al momento en el que quedar\u00eda activo el funcionamiento de esta cantera.<\/p>\n<p>A partir del inicio de la actividad, la planta de personal operativo duplicar\u00e1 su volumen, lo cual representa un incremento importante en lo que respecta a generaci\u00f3n de empleo para mano de obra local.<\/p>\n<p>Acompa\u00f1aron al Intendente en la recorrida el secretario de Desarrollo Econ\u00f3mico Julio Valetutto y el director de Miner\u00eda Daniel Lencina. Fueron recibidos por Fernando y Mat\u00edas Comes, de Materser S.A., empresa minera a cargo del yacimiento.<\/p>\n<p>Olavarr\u00eda est\u00e1 posicionada en un lugar muy importante en materia de desarrollo de la miner\u00eda no metal\u00edfera y rocas de aplicaci\u00f3n. La producci\u00f3n minera en nuestro Partido es un sector de alto crecimiento a nivel econ\u00f3mico, comercial y productivo. Esto conduce a un impacto positivo en diversos sectores: agrupamientos industriales, transporte, sector comercial y de servicios, mano de obra directa e indirecta, entre otros.<\/p>\n<p>El nicho de explotaci\u00f3n de granito presenta, entonces, grandes oportunidades de crecimiento.<\/p>\n<p>En este marco, en la jornada de este mi\u00e9rcoles, tanto Galli como los funcionarios presentes reiteraron su compromiso con el sector y la disposici\u00f3n de todo el equipo para acompa\u00f1ar, asesorar y asistir el trabajo de esta cantera, como lo hace de forma sostenida con cada emprendimiento, PYMES y gran industria local.<\/p>\n<p><em>\u201cTanto la ganader\u00eda como la miner\u00eda son fundamentales en el desarrollo productivo de la ciudad. Es muy valioso el coraje de empresarios como los titulares de Materser, que no s\u00f3lo ponen en marcha una cantera en este contexto econ\u00f3mico, sino que tambi\u00e9n generan puestos de trabajo para olavarrienses y eso es important\u00edsimo\u201d,<\/em>\u00a0manifest\u00f3 el Intendente.<\/p>\n<p>Se recuerda que se encuentra vigente el Programa integral de capacitaci\u00f3n para el sector minero e industrial, ejecutado por medio de la Secretar\u00eda de Desarrollo Econ\u00f3mico a trav\u00e9s de Direcciones de Empleo y Miner\u00eda; en colaboraci\u00f3n con distintas instituciones educativas del Partido. La finalidad de dicho programa es brindar herramientas formativas que potencien los perfiles del sector minero para la satisfactoria inserci\u00f3n laboral. A partir de lo cual, este predio de explotaci\u00f3n gran\u00edtica podr\u00e1 contar con personal altamente calificado para el trabajo en la cantera.<\/p>\n<p>El Programa de Capacitaci\u00f3n Minera incluye los siguientes cursos: operador de cargadora frontal, operador de retroexcavadora, manejo seguro de volquetes y manejo seguro de autoelevadores.<\/p>\n","protected":false},"excerpt":{"rendered":"<p>La industria minera de Olavarr\u00eda posee minerales estrat\u00e9gicos para su desarrollo: tal es el caso&#8230;<\/p>\n","protected":false},"author":1,"featured_media":161793,"comment_status":"closed","ping_status":"closed","sticky":false,"template":"","format":"standard","meta":{"content-type":""},"categories":[27,64],"tags":[],"nelio_content":{"isAutoShareEnabled":false,"autoShareEndMode":"default","automationSources":{"useContentSentences":true,"useSocialTemplates":true,"useCustomSentences":false,"customSentences":[]},"followers":[1],"suggestedReferences":[],"includedReferences":[],"efiUrl":"","efiAlt":"","highlights":[]},"yoast_head":"<!-- This site is optimized with the Yoast SEO plugin v20.7 - https:\/\/yoast.com\/wordpress\/plugins\/seo\/ -->\n<title>Ezequiel Galli recorri\u00f3 el Yacimiento \u201cEl Hormiguero\u201d -<\/title>\n<meta name=\"robots\" content=\"index, follow, max-snippet:-1, max-image-preview:large, max-video-preview:-1\" \/>\n<link rel=\"canonical\" href=\"https:\/\/experienciadevida.com.ar\/portalurbano\/ezequiel-galli-recorrio-el-yacimiento-el-hormiguero\/\" \/>\n<meta property=\"og:locale\" content=\"es_ES\" \/>\n<meta property=\"og:type\" content=\"article\" \/>\n<meta property=\"og:title\" content=\"Ezequiel Galli recorri\u00f3 el Yacimiento \u201cEl Hormiguero\u201d -\" \/>\n<meta property=\"og:description\" content=\"La industria minera de Olavarr\u00eda posee minerales estrat\u00e9gicos para su desarrollo: tal es el caso...\" \/>\n<meta property=\"og:url\" content=\"https:\/\/experienciadevida.com.ar\/portalurbano\/ezequiel-galli-recorrio-el-yacimiento-el-hormiguero\/\" \/>\n<meta property=\"article:publisher\" content=\"https:\/\/www.facebook.com\/Portal-Urbano-171542830093757\/\" \/>\n<meta property=\"article:published_time\" content=\"2022-02-16T17:54:15+00:00\" \/>\n<meta property=\"og:image\" content=\"https:\/\/experienciadevida.com.ar\/portalurbano\/wp-content\/uploads\/2022\/02\/DE-Yacimiento-El-Hormiguero-1-e1645034031391.jpg\" \/>\n\t<meta property=\"og:image:width\" content=\"800\" \/>\n\t<meta property=\"og:image:height\" content=\"600\" \/>\n\t<meta property=\"og:image:type\" content=\"image\/jpeg\" \/>\n<meta name=\"author\" content=\"admpu17wp\" \/>\n<meta name=\"twitter:card\" content=\"summary_large_image\" \/>\n<meta name=\"twitter:creator\" content=\"@portalurbanook\" \/>\n<meta name=\"twitter:site\" content=\"@portalurbanook\" \/>\n<meta name=\"twitter:label1\" content=\"Escrito por\" \/>\n\t<meta name=\"twitter:data1\" content=\"admpu17wp\" \/>\n\t<meta name=\"twitter:label2\" content=\"Tiempo de lectura\" \/>\n\t<meta name=\"twitter:data2\" content=\"2 minutos\" \/>\n<script type=\"application\/ld+json\" class=\"yoast-schema-graph\">{\"@context\":\"https:\/\/schema.org\",\"@graph\":[{\"@type\":\"Article\",\"@id\":\"https:\/\/experienciadevida.com.ar\/portalurbano\/ezequiel-galli-recorrio-el-yacimiento-el-hormiguero\/#article\",\"isPartOf\":{\"@id\":\"https:\/\/experienciadevida.com.ar\/portalurbano\/ezequiel-galli-recorrio-el-yacimiento-el-hormiguero\/\"},\"author\":{\"name\":\"admpu17wp\",\"@id\":\"https:\/\/experienciadevida.com.ar\/portalurbano\/#\/schema\/person\/02dd326b1c4b056e9cc972486934a3a7\"},\"headline\":\"Ezequiel Galli recorri\u00f3 el Yacimiento \u201cEl Hormiguero\u201d\",\"datePublished\":\"2022-02-16T17:54:15+00:00\",\"dateModified\":\"2022-02-16T17:54:15+00:00\",\"mainEntityOfPage\":{\"@id\":\"https:\/\/experienciadevida.com.ar\/portalurbano\/ezequiel-galli-recorrio-el-yacimiento-el-hormiguero\/\"},\"wordCount\":481,\"publisher\":{\"@id\":\"https:\/\/experienciadevida.com.ar\/portalurbano\/#organization\"},\"articleSection\":[\"Ciudad\",\"Destacadas 2\"],\"inLanguage\":\"es\"},{\"@type\":\"WebPage\",\"@id\":\"https:\/\/experienciadevida.com.ar\/portalurbano\/ezequiel-galli-recorrio-el-yacimiento-el-hormiguero\/\",\"url\":\"https:\/\/experienciadevida.com.ar\/portalurbano\/ezequiel-galli-recorrio-el-yacimiento-el-hormiguero\/\",\"name\":\"Ezequiel Galli recorri\u00f3 el Yacimiento \u201cEl Hormiguero\u201d -\",\"isPartOf\":{\"@id\":\"https:\/\/experienciadevida.com.ar\/portalurbano\/#website\"},\"datePublished\":\"2022-02-16T17:54:15+00:00\",\"dateModified\":\"2022-02-16T17:54:15+00:00\",\"breadcrumb\":{\"@id\":\"https:\/\/experienciadevida.com.ar\/portalurbano\/ezequiel-galli-recorrio-el-yacimiento-el-hormiguero\/#breadcrumb\"},\"inLanguage\":\"es\",\"potentialAction\":[{\"@type\":\"ReadAction\",\"target\":[\"https:\/\/experienciadevida.com.ar\/portalurbano\/ezequiel-galli-recorrio-el-yacimiento-el-hormiguero\/\"]}]},{\"@type\":\"BreadcrumbList\",\"@id\":\"https:\/\/experienciadevida.com.ar\/portalurbano\/ezequiel-galli-recorrio-el-yacimiento-el-hormiguero\/#breadcrumb\",\"itemListElement\":[{\"@type\":\"ListItem\",\"position\":1,\"name\":\"Portada\",\"item\":\"https:\/\/experienciadevida.com.ar\/portalurbano\/\"},{\"@type\":\"ListItem\",\"position\":2,\"name\":\"Ezequiel Galli recorri\u00f3 el Yacimiento \u201cEl Hormiguero\u201d\"}]},{\"@type\":\"WebSite\",\"@id\":\"https:\/\/experienciadevida.com.ar\/portalurbano\/#website\",\"url\":\"https:\/\/experienciadevida.com.ar\/portalurbano\/\",\"name\":\"\",\"description\":\"\",\"publisher\":{\"@id\":\"https:\/\/experienciadevida.com.ar\/portalurbano\/#organization\"},\"potentialAction\":[{\"@type\":\"SearchAction\",\"target\":{\"@type\":\"EntryPoint\",\"urlTemplate\":\"https:\/\/experienciadevida.com.ar\/portalurbano\/?s={search_term_string}\"},\"query-input\":\"required name=search_term_string\"}],\"inLanguage\":\"es\"},{\"@type\":\"Organization\",\"@id\":\"https:\/\/experienciadevida.com.ar\/portalurbano\/#organization\",\"name\":\"Portal Urbano\",\"url\":\"https:\/\/experienciadevida.com.ar\/portalurbano\/\",\"logo\":{\"@type\":\"ImageObject\",\"inLanguage\":\"es\",\"@id\":\"https:\/\/experienciadevida.com.ar\/portalurbano\/#\/schema\/logo\/image\/\",\"url\":\"https:\/\/experienciadevida.com.ar\/portalurbano\/wp-content\/uploads\/2019\/09\/Logo-Original.png\",\"contentUrl\":\"https:\/\/experienciadevida.com.ar\/portalurbano\/wp-content\/uploads\/2019\/09\/Logo-Original.png\",\"width\":2236,\"height\":1216,\"caption\":\"Portal Urbano\"},\"image\":{\"@id\":\"https:\/\/experienciadevida.com.ar\/portalurbano\/#\/schema\/logo\/image\/\"},\"sameAs\":[\"https:\/\/www.facebook.com\/Portal-Urbano-171542830093757\/\",\"https:\/\/twitter.com\/portalurbanook\",\"https:\/\/www.instagram.com\/_portalurbano\/\",\"https:\/\/www.youtube.com\/channel\/UCXhagIfszH8KxFiOok79zbA?view_as=subscriber\"]},{\"@type\":\"Person\",\"@id\":\"https:\/\/experienciadevida.com.ar\/portalurbano\/#\/schema\/person\/02dd326b1c4b056e9cc972486934a3a7\",\"name\":\"admpu17wp\",\"image\":{\"@type\":\"ImageObject\",\"inLanguage\":\"es\",\"@id\":\"https:\/\/experienciadevida.com.ar\/portalurbano\/#\/schema\/person\/image\/\",\"url\":\"https:\/\/secure.gravatar.com\/avatar\/830d4c57adaae6630765e449a6908047?s=96&d=mm&r=g\",\"contentUrl\":\"https:\/\/secure.gravatar.com\/avatar\/830d4c57adaae6630765e449a6908047?s=96&d=mm&r=g\",\"caption\":\"admpu17wp\"}}]}<\/script>\n<!-- \/ Yoast SEO plugin. -->","yoast_head_json":{"title":"Ezequiel Galli recorri\u00f3 el Yacimiento \u201cEl Hormiguero\u201d -","robots":{"index":"index","follow":"follow","max-snippet":"max-snippet:-1","max-image-preview":"max-image-preview:large","max-video-preview":"max-video-preview:-1"},"canonical":"https:\/\/experienciadevida.com.ar\/portalurbano\/ezequiel-galli-recorrio-el-yacimiento-el-hormiguero\/","og_locale":"es_ES","og_type":"article","og_title":"Ezequiel Galli recorri\u00f3 el Yacimiento \u201cEl Hormiguero\u201d -","og_description":"La industria minera de Olavarr\u00eda posee minerales estrat\u00e9gicos para su desarrollo: tal es el caso...","og_url":"https:\/\/experienciadevida.com.ar\/portalurbano\/ezequiel-galli-recorrio-el-yacimiento-el-hormiguero\/","article_publisher":"https:\/\/www.facebook.com\/Portal-Urbano-171542830093757\/","article_published_time":"2022-02-16T17:54:15+00:00","og_image":[{"width":800,"height":600,"url":"https:\/\/experienciadevida.com.ar\/portalurbano\/wp-content\/uploads\/2022\/02\/DE-Yacimiento-El-Hormiguero-1-e1645034031391.jpg","type":"image\/jpeg"}],"author":"admpu17wp","twitter_card":"summary_large_image","twitter_creator":"@portalurbanook","twitter_site":"@portalurbanook","twitter_misc":{"Escrito por":"admpu17wp","Tiempo de lectura":"2 minutos"},"schema":{"@context":"https:\/\/schema.org","@graph":[{"@type":"Article","@id":"https:\/\/experienciadevida.com.ar\/portalurbano\/ezequiel-galli-recorrio-el-yacimiento-el-hormiguero\/#article","isPartOf":{"@id":"https:\/\/experienciadevida.com.ar\/portalurbano\/ezequiel-galli-recorrio-el-yacimiento-el-hormiguero\/"},"author":{"name":"admpu17wp","@id":"https:\/\/experienciadevida.com.ar\/portalurbano\/#\/schema\/person\/02dd326b1c4b056e9cc972486934a3a7"},"headline":"Ezequiel Galli recorri\u00f3 el Yacimiento \u201cEl Hormiguero\u201d","datePublished":"2022-02-16T17:54:15+00:00","dateModified":"2022-02-16T17:54:15+00:00","mainEntityOfPage":{"@id":"https:\/\/experienciadevida.com.ar\/portalurbano\/ezequiel-galli-recorrio-el-yacimiento-el-hormiguero\/"},"wordCount":481,"publisher":{"@id":"https:\/\/experienciadevida.com.ar\/portalurbano\/#organization"},"articleSection":["Ciudad","Destacadas 2"],"inLanguage":"es"},{"@type":"WebPage","@id":"https:\/\/experienciadevida.com.ar\/portalurbano\/ezequiel-galli-recorrio-el-yacimiento-el-hormiguero\/","url":"https:\/\/experienciadevida.com.ar\/portalurbano\/ezequiel-galli-recorrio-el-yacimiento-el-hormiguero\/","name":"Ezequiel Galli recorri\u00f3 el Yacimiento \u201cEl Hormiguero\u201d -","isPartOf":{"@id":"https:\/\/experienciadevida.com.ar\/portalurbano\/#website"},"datePublished":"2022-02-16T17:54:15+00:00","dateModified":"2022-02-16T17:54:15+00:00","breadcrumb":{"@id":"https:\/\/experienciadevida.com.ar\/portalurbano\/ezequiel-galli-recorrio-el-yacimiento-el-hormiguero\/#breadcrumb"},"inLanguage":"es","potentialAction":[{"@type":"ReadAction","target":["https:\/\/experienciadevida.com.ar\/portalurbano\/ezequiel-galli-recorrio-el-yacimiento-el-hormiguero\/"]}]},{"@type":"BreadcrumbList","@id":"https:\/\/experienciadevida.com.ar\/portalurbano\/ezequiel-galli-recorrio-el-yacimiento-el-hormiguero\/#breadcrumb","itemListElement":[{"@type":"ListItem","position":1,"name":"Portada","item":"https:\/\/experienciadevida.com.ar\/portalurbano\/"},{"@type":"ListItem","position":2,"name":"Ezequiel Galli recorri\u00f3 el Yacimiento \u201cEl Hormiguero\u201d"}]},{"@type":"WebSite","@id":"https:\/\/experienciadevida.com.ar\/portalurbano\/#website","url":"https:\/\/experienciadevida.com.ar\/portalurbano\/","name":"","description":"","publisher":{"@id":"https:\/\/experienciadevida.com.ar\/portalurbano\/#organization"},"potentialAction":[{"@type":"SearchAction","target":{"@type":"EntryPoint","urlTemplate":"https:\/\/experienciadevida.com.ar\/portalurbano\/?s={search_term_string}"},"query-input":"required name=search_term_string"}],"inLanguage":"es"},{"@type":"Organization","@id":"https:\/\/experienciadevida.com.ar\/portalurbano\/#organization","name":"Portal Urbano","url":"https:\/\/experienciadevida.com.ar\/portalurbano\/","logo":{"@type":"ImageObject","inLanguage":"es","@id":"https:\/\/experienciadevida.com.ar\/portalurbano\/#\/schema\/logo\/image\/","url":"https:\/\/experienciadevida.com.ar\/portalurbano\/wp-content\/uploads\/2019\/09\/Logo-Original.png","contentUrl":"https:\/\/experienciadevida.com.ar\/portalurbano\/wp-content\/uploads\/2019\/09\/Logo-Original.png","width":2236,"height":1216,"caption":"Portal Urbano"},"image":{"@id":"https:\/\/experienciadevida.com.ar\/portalurbano\/#\/schema\/logo\/image\/"},"sameAs":["https:\/\/www.facebook.com\/Portal-Urbano-171542830093757\/","https:\/\/twitter.com\/portalurbanook","https:\/\/www.instagram.com\/_portalurbano\/","https:\/\/www.youtube.com\/channel\/UCXhagIfszH8KxFiOok79zbA?view_as=subscriber"]},{"@type":"Person","@id":"https:\/\/experienciadevida.com.ar\/portalurbano\/#\/schema\/person\/02dd326b1c4b056e9cc972486934a3a7","name":"admpu17wp","image":{"@type":"ImageObject","inLanguage":"es","@id":"https:\/\/experienciadevida.com.ar\/portalurbano\/#\/schema\/person\/image\/","url":"https:\/\/secure.gravatar.com\/avatar\/830d4c57adaae6630765e449a6908047?s=96&d=mm&r=g","contentUrl":"https:\/\/secure.gravatar.com\/avatar\/830d4c57adaae6630765e449a6908047?s=96&d=mm&r=g","caption":"admpu17wp"}}]}},"featured_image_urls":{"full":["https:\/\/experienciadevida.com.ar\/portalurbano\/wp-content\/uploads\/2022\/02\/DE-Yacimiento-El-Hormiguero-1-e1645034031391.jpg",800,600,false],"thumbnail":["https:\/\/experienciadevida.com.ar\/portalurbano\/wp-content\/uploads\/2022\/02\/DE-Yacimiento-El-Hormiguero-1-150x150.jpg",150,150,true],"medium":["https:\/\/experienciadevida.com.ar\/portalurbano\/wp-content\/uploads\/2022\/02\/DE-Yacimiento-El-Hormiguero-1-300x225.jpg",300,225,true],"medium_large":["https:\/\/experienciadevida.com.ar\/portalurbano\/wp-content\/uploads\/2022\/02\/DE-Yacimiento-El-Hormiguero-1-768x576.jpg",640,480,true],"large":["https:\/\/experienciadevida.com.ar\/portalurbano\/wp-content\/uploads\/2022\/02\/DE-Yacimiento-El-Hormiguero-1-1024x768.jpg",640,480,true],"ug_big":["https:\/\/experienciadevida.com.ar\/portalurbano\/wp-content\/uploads\/2022\/02\/DE-Yacimiento-El-Hormiguero-1-768x576.jpg",768,576,true],"1536x1536":["https:\/\/experienciadevida.com.ar\/portalurbano\/wp-content\/uploads\/2022\/02\/DE-Yacimiento-El-Hormiguero-1-e1645034031391.jpg",800,600,false],"2048x2048":["https:\/\/experienciadevida.com.ar\/portalurbano\/wp-content\/uploads\/2022\/02\/DE-Yacimiento-El-Hormiguero-1-e1645034031391.jpg",800,600,false],"newsever-slider-full":["https:\/\/experienciadevida.com.ar\/portalurbano\/wp-content\/uploads\/2022\/02\/DE-Yacimiento-El-Hormiguero-1-e1645034031391.jpg",800,600,false],"newsever-featured":["https:\/\/experienciadevida.com.ar\/portalurbano\/wp-content\/uploads\/2022\/02\/DE-Yacimiento-El-Hormiguero-1-e1645034031391.jpg",800,600,false],"newsever-medium":["https:\/\/experienciadevida.com.ar\/portalurbano\/wp-content\/uploads\/2022\/02\/DE-Yacimiento-El-Hormiguero-1-e1645034031391.jpg",633,475,false],"web-stories-poster-portrait":["https:\/\/experienciadevida.com.ar\/portalurbano\/wp-content\/uploads\/2022\/02\/DE-Yacimiento-El-Hormiguero-1-e1645034031391.jpg",640,480,false],"web-stories-publisher-logo":["https:\/\/experienciadevida.com.ar\/portalurbano\/wp-content\/uploads\/2022\/02\/DE-Yacimiento-El-Hormiguero-1-e1645034031391.jpg",96,72,false],"web-stories-thumbnail":["https:\/\/experienciadevida.com.ar\/portalurbano\/wp-content\/uploads\/2022\/02\/DE-Yacimiento-El-Hormiguero-1-e1645034031391.jpg",150,113,false]},"author_info":{"display_name":"admpu17wp","author_link":"https:\/\/experienciadevida.com.ar\/portalurbano\/author\/admpu17wp\/"},"category_info":"<a href=\"https:\/\/experienciadevida.com.ar\/portalurbano\/category\/ciudad\/\" rel=\"category tag\">Ciudad<\/a> <a href=\"https:\/\/experienciadevida.com.ar\/portalurbano\/category\/destacadas-2\/\" rel=\"category tag\">Destacadas 2<\/a>","tag_info":"Destacadas 2","comment_count":"0","amp_enabled":true,"_links":{"self":[{"href":"https:\/\/experienciadevida.com.ar\/portalurbano\/wp-json\/wp\/v2\/posts\/161792"}],"collection":[{"href":"https:\/\/experienciadevida.com.ar\/portalurbano\/wp-json\/wp\/v2\/posts"}],"about":[{"href":"https:\/\/experienciadevida.com.ar\/portalurbano\/wp-json\/wp\/v2\/types\/post"}],"author":[{"embeddable":true,"href":"https:\/\/experienciadevida.com.ar\/portalurbano\/wp-json\/wp\/v2\/users\/1"}],"replies":[{"embeddable":true,"href":"https:\/\/experienciadevida.com.ar\/portalurbano\/wp-json\/wp\/v2\/comments?post=161792"}],"version-history":[{"count":1,"href":"https:\/\/experienciadevida.com.ar\/portalurbano\/wp-json\/wp\/v2\/posts\/161792\/revisions"}],"predecessor-version":[{"id":161794,"href":"https:\/\/experienciadevida.com.ar\/portalurbano\/wp-json\/wp\/v2\/posts\/161792\/revisions\/161794"}],"wp:featuredmedia":[{"embeddable":true,"href":"https:\/\/experienciadevida.com.ar\/portalurbano\/wp-json\/wp\/v2\/media\/161793"}],"wp:attachment":[{"href":"https:\/\/experienciadevida.com.ar\/portalurbano\/wp-json\/wp\/v2\/media?parent=161792"}],"wp:term":[{"taxonomy":"category","embeddable":true,"href":"https:\/\/experienciadevida.com.ar\/portalurbano\/wp-json\/wp\/v2\/categories?post=161792"},{"taxonomy":"post_tag","embeddable":true,"href":"https:\/\/experienciadevida.com.ar\/portalurbano\/wp-json\/wp\/v2\/tags?post=161792"}],"curies":[{"name":"wp","href":"https:\/\/api.w.org\/{rel}","templated":true}]}}