{"id":161779,"date":"2022-02-16T12:19:07","date_gmt":"2022-02-16T15:19:07","guid":{"rendered":"https:\/\/experienciadevida.com.ar\/portalurbano\/?p=161779"},"modified":"2022-02-16T12:19:07","modified_gmt":"2022-02-16T15:19:07","slug":"todo-listo-para-los-corsos-oficiales-2022","status":"publish","type":"post","link":"https:\/\/experienciadevida.com.ar\/portalurbano\/todo-listo-para-los-corsos-oficiales-2022\/","title":{"rendered":"Todo listo para los Corsos Oficiales 2022"},"content":{"rendered":"<p>Quedan pocos d\u00edas para la realizaci\u00f3n de los Corsos Oficiales 2022, que se desarrollar\u00e1 en el Cors\u00f3dromo Municipal \u201cGabriel Antonio\u201d los d\u00edas 18, 19 y 20 de febrero, desde las 21:00 horas.<\/p>\n<p>La propuesta art\u00edstica estar\u00e1 a cargo de las doce agrupaciones que, durante estas tres noches, brindar\u00e1n su alegr\u00eda, color y m\u00fasica. En esta ocasi\u00f3n, participan: Daii Yar\u00e1, Gres Salguero, Insaciables, Amizade Samba, Arrebatando L\u00e1grimas, Comodines de Febrero, Bah\u00eda Ba, Derramando Alegr\u00eda, Los Leones, El color de tu coraz\u00f3n, Sambos Caporales, Laten Las Lonjas y Vip Samba.<\/p>\n<p>Tambi\u00e9n se sumar\u00e1n al desfile del viernes los Centros de D\u00eda Municipales, el Programa Callejeada, Verano Dorano, quienes tambi\u00e9n estar\u00e1n el domingo, y las colonias de verano del Club El Fort\u00edn y del Sindicato de Empleados Municipales \u201cVerano Feliz\u201d.<\/p>\n<p>Asimismo, m\u00e1s de 50 instituciones locales tendr\u00e1n a su cargo la venta de espuma, comida y el alquiler de las sillas, lo cual les permitir\u00e1 obtener una ayuda econ\u00f3mica para llevar adelante las actividades de todo el a\u00f1o.<\/p>\n<p>Como todos los a\u00f1os, y con el objetivo de mantener la limpieza del predio entre todos, habr\u00e1 sorteos y premios para aquellos que devuelvan los tarros de espuma en los puestos y reciban un bono a cambio.<\/p>\n<p>Finalmente, el d\u00eda domingo y luego de la quema del Momo, se realizar\u00e1 un cierre musical que estar\u00e1 a cargo de la banda local \u201cLos Profes Rockers\u201d.<\/p>\n<p>Ser\u00e1n tres jornadas para disfrutar en familia de esta tradicional fiesta de Olavarr\u00eda.<\/p>\n<p>&nbsp;<\/p>\n<p><strong>Cortes de calle<\/strong><\/p>\n<p>Desde la Subsecretar\u00eda de Seguridad y la Direcci\u00f3n de Control Urbano dieron a conocer los cortes de calles programados durante los tres d\u00edas de Corsos Oficiales.<\/p>\n<p>Los mismos ser\u00e1n los d\u00edas 18, 19 y 20 a partir de las 18 horas:<\/p>\n<p>&nbsp;<\/p>\n<ul>\n<li>Jun\u00edn y Necochea<\/li>\n<li>Jun\u00edn y San Mart\u00edn<\/li>\n<li>Guisasola y San Mart\u00edn<\/li>\n<li>Belgrano y Pourtal\u00e9<\/li>\n<li>Dorrego y Pourtal\u00e9<\/li>\n<li>Necochea y Pourtal\u00e9<\/li>\n<li>Sgto Cabral y Pourtal\u00e9<\/li>\n<li>\u00c1lvaro Barros y Pourtal\u00e9<\/li>\n<li>Col\u00f3n y Guisasola<\/li>\n<\/ul>\n<p>&nbsp;<\/p>\n<p><strong>Instituciones con venta de comida<\/strong><\/p>\n<ul>\n<li>Hogar de Ni\u00f1as San Jos\u00e9<\/li>\n<li>El Fort\u00edn Tradicionalista<\/li>\n<li>Club El Fort\u00edn<\/li>\n<li>Club \u00c1lvaro Barros<\/li>\n<li>CEF N\u00ba 401<\/li>\n<li>Agrupaci\u00f3n Fiat 600<\/li>\n<li>Capilla Ntra. Sra. de Guadalupe<\/li>\n<li>Los Robles<\/li>\n<li>Juntemos Las Manos<\/li>\n<li>Gres Salgueros<\/li>\n<li>Nuevos Lagos y Caminos Olavarr\u00eda<\/li>\n<li>Club Hurac\u00e1n Blanca grande<\/li>\n<li>Club El Provincial<\/li>\n<li>Club Racing<\/li>\n<li>Gauchos Peregrinos San Cayetano<\/li>\n<li>Pe\u00f1a San Lorenzo<\/li>\n<li>Club Embajadores<\/li>\n<li>Centro deportivo Pueyrred\u00f3n<\/li>\n<li>Club Estudiantes<\/li>\n<li>Pe\u00f1i Mapu<\/li>\n<li>Club Alberdi<\/li>\n<li>Bahia Ba<\/li>\n<\/ul>\n<p>&nbsp;<\/p>\n<p><strong>Instituciones con venta de espuma<\/strong><\/p>\n<ul>\n<li>Comedor Manitos Sucias<\/li>\n<li>Pe\u00f1a Boca Junior<\/li>\n<li>Escuela N\u00ba 8<\/li>\n<li>EES N\u00ba 20<\/li>\n<li>El Fort\u00edn Tradicionalista<\/li>\n<li>La Casa de Miryan<\/li>\n<li>Rotary San Vicente<\/li>\n<li>Club El Fortin<\/li>\n<li>Gres Salgueros<\/li>\n<li>Jard\u00edn N\u00ba 928<\/li>\n<li>CORIM<\/li>\n<li>Nuevos Lagos y Caminos de Olavarr\u00eda<\/li>\n<li>Club Estudiantes<\/li>\n<li>Laten Las Lonjas<\/li>\n<li>Club El Provincial<\/li>\n<li>Sociedad de Fomento \u201cMaestros Argentinos\u201d<\/li>\n<li>Batucada El Color de tu Coraz\u00f3n<\/li>\n<li>Club \u00c1lvaro Barros<\/li>\n<li>Sociedad Fomento Mariano Moreno<\/li>\n<li>Club Pueblo Nuevo<\/li>\n<li>Sociedad de Fomento \u201c25 de Noviembre\u201d<\/li>\n<\/ul>\n<p>&nbsp;<\/p>\n<p><strong>Alquiler de sillas<\/strong><\/p>\n<ul>\n<li>El Color de tu coraz\u00f3n<\/li>\n<li>Club Boca Junior<\/li>\n<li>Club Estudiantes<\/li>\n<li>Sociedad de Fomento Mariano Moreno<\/li>\n<li>El Provincial<\/li>\n<li>Manitos Sucias<\/li>\n<li>Capilla Santa Isabel<\/li>\n<li>Talleres Protegidos<\/li>\n<li>Club El Fort\u00edn<\/li>\n<li>Sociedad de Fomento \u201c12 de Octubre\u201d<\/li>\n<li>Sociedad de Fomento \u201cMaestros Argentinos\u201d<\/li>\n<\/ul>\n","protected":false},"excerpt":{"rendered":"<p>Quedan pocos d\u00edas para la realizaci\u00f3n de los Corsos Oficiales 2022, que se desarrollar\u00e1 en&#8230;<\/p>\n","protected":false},"author":1,"featured_media":161780,"comment_status":"closed","ping_status":"closed","sticky":false,"template":"","format":"standard","meta":{"content-type":""},"categories":[27,51],"tags":[],"nelio_content":{"isAutoShareEnabled":false,"autoShareEndMode":"default","automationSources":{"useContentSentences":true,"useSocialTemplates":true,"useCustomSentences":false,"customSentences":[]},"followers":[1],"suggestedReferences":[],"includedReferences":[],"efiUrl":"","efiAlt":"","highlights":[]},"yoast_head":"<!-- This site is optimized with the Yoast SEO plugin v20.7 - https:\/\/yoast.com\/wordpress\/plugins\/seo\/ -->\n<title>Todo listo para los Corsos Oficiales 2022 -<\/title>\n<meta name=\"robots\" content=\"index, follow, max-snippet:-1, max-image-preview:large, max-video-preview:-1\" \/>\n<link rel=\"canonical\" href=\"https:\/\/experienciadevida.com.ar\/portalurbano\/todo-listo-para-los-corsos-oficiales-2022\/\" \/>\n<meta property=\"og:locale\" content=\"es_ES\" \/>\n<meta property=\"og:type\" content=\"article\" \/>\n<meta property=\"og:title\" content=\"Todo listo para los Corsos Oficiales 2022 -\" \/>\n<meta property=\"og:description\" content=\"Quedan pocos d\u00edas para la realizaci\u00f3n de los Corsos Oficiales 2022, que se desarrollar\u00e1 en...\" \/>\n<meta property=\"og:url\" content=\"https:\/\/experienciadevida.com.ar\/portalurbano\/todo-listo-para-los-corsos-oficiales-2022\/\" \/>\n<meta property=\"article:publisher\" content=\"https:\/\/www.facebook.com\/Portal-Urbano-171542830093757\/\" \/>\n<meta property=\"article:published_time\" content=\"2022-02-16T15:19:07+00:00\" \/>\n<meta property=\"og:image\" content=\"https:\/\/experienciadevida.com.ar\/portalurbano\/wp-content\/uploads\/2022\/02\/Galeria-Corsos-Noche-II-31-1024x683-1-e1645024635749.jpg\" \/>\n\t<meta property=\"og:image:width\" content=\"800\" \/>\n\t<meta property=\"og:image:height\" content=\"534\" \/>\n\t<meta property=\"og:image:type\" content=\"image\/jpeg\" \/>\n<meta name=\"author\" content=\"admpu17wp\" \/>\n<meta name=\"twitter:card\" content=\"summary_large_image\" \/>\n<meta name=\"twitter:creator\" content=\"@portalurbanook\" \/>\n<meta name=\"twitter:site\" content=\"@portalurbanook\" \/>\n<meta name=\"twitter:label1\" content=\"Escrito por\" \/>\n\t<meta name=\"twitter:data1\" content=\"admpu17wp\" \/>\n\t<meta name=\"twitter:label2\" content=\"Tiempo de lectura\" \/>\n\t<meta name=\"twitter:data2\" content=\"3 minutos\" \/>\n<script type=\"application\/ld+json\" class=\"yoast-schema-graph\">{\"@context\":\"https:\/\/schema.org\",\"@graph\":[{\"@type\":\"Article\",\"@id\":\"https:\/\/experienciadevida.com.ar\/portalurbano\/todo-listo-para-los-corsos-oficiales-2022\/#article\",\"isPartOf\":{\"@id\":\"https:\/\/experienciadevida.com.ar\/portalurbano\/todo-listo-para-los-corsos-oficiales-2022\/\"},\"author\":{\"name\":\"admpu17wp\",\"@id\":\"https:\/\/experienciadevida.com.ar\/portalurbano\/#\/schema\/person\/02dd326b1c4b056e9cc972486934a3a7\"},\"headline\":\"Todo listo para los Corsos Oficiales 2022\",\"datePublished\":\"2022-02-16T15:19:07+00:00\",\"dateModified\":\"2022-02-16T15:19:07+00:00\",\"mainEntityOfPage\":{\"@id\":\"https:\/\/experienciadevida.com.ar\/portalurbano\/todo-listo-para-los-corsos-oficiales-2022\/\"},\"wordCount\":553,\"publisher\":{\"@id\":\"https:\/\/experienciadevida.com.ar\/portalurbano\/#organization\"},\"articleSection\":[\"Ciudad\",\"Destacadas\"],\"inLanguage\":\"es\"},{\"@type\":\"WebPage\",\"@id\":\"https:\/\/experienciadevida.com.ar\/portalurbano\/todo-listo-para-los-corsos-oficiales-2022\/\",\"url\":\"https:\/\/experienciadevida.com.ar\/portalurbano\/todo-listo-para-los-corsos-oficiales-2022\/\",\"name\":\"Todo listo para los Corsos Oficiales 2022 -\",\"isPartOf\":{\"@id\":\"https:\/\/experienciadevida.com.ar\/portalurbano\/#website\"},\"datePublished\":\"2022-02-16T15:19:07+00:00\",\"dateModified\":\"2022-02-16T15:19:07+00:00\",\"breadcrumb\":{\"@id\":\"https:\/\/experienciadevida.com.ar\/portalurbano\/todo-listo-para-los-corsos-oficiales-2022\/#breadcrumb\"},\"inLanguage\":\"es\",\"potentialAction\":[{\"@type\":\"ReadAction\",\"target\":[\"https:\/\/experienciadevida.com.ar\/portalurbano\/todo-listo-para-los-corsos-oficiales-2022\/\"]}]},{\"@type\":\"BreadcrumbList\",\"@id\":\"https:\/\/experienciadevida.com.ar\/portalurbano\/todo-listo-para-los-corsos-oficiales-2022\/#breadcrumb\",\"itemListElement\":[{\"@type\":\"ListItem\",\"position\":1,\"name\":\"Portada\",\"item\":\"https:\/\/experienciadevida.com.ar\/portalurbano\/\"},{\"@type\":\"ListItem\",\"position\":2,\"name\":\"Todo listo para los Corsos Oficiales 2022\"}]},{\"@type\":\"WebSite\",\"@id\":\"https:\/\/experienciadevida.com.ar\/portalurbano\/#website\",\"url\":\"https:\/\/experienciadevida.com.ar\/portalurbano\/\",\"name\":\"\",\"description\":\"\",\"publisher\":{\"@id\":\"https:\/\/experienciadevida.com.ar\/portalurbano\/#organization\"},\"potentialAction\":[{\"@type\":\"SearchAction\",\"target\":{\"@type\":\"EntryPoint\",\"urlTemplate\":\"https:\/\/experienciadevida.com.ar\/portalurbano\/?s={search_term_string}\"},\"query-input\":\"required name=search_term_string\"}],\"inLanguage\":\"es\"},{\"@type\":\"Organization\",\"@id\":\"https:\/\/experienciadevida.com.ar\/portalurbano\/#organization\",\"name\":\"Portal Urbano\",\"url\":\"https:\/\/experienciadevida.com.ar\/portalurbano\/\",\"logo\":{\"@type\":\"ImageObject\",\"inLanguage\":\"es\",\"@id\":\"https:\/\/experienciadevida.com.ar\/portalurbano\/#\/schema\/logo\/image\/\",\"url\":\"https:\/\/experienciadevida.com.ar\/portalurbano\/wp-content\/uploads\/2019\/09\/Logo-Original.png\",\"contentUrl\":\"https:\/\/experienciadevida.com.ar\/portalurbano\/wp-content\/uploads\/2019\/09\/Logo-Original.png\",\"width\":2236,\"height\":1216,\"caption\":\"Portal Urbano\"},\"image\":{\"@id\":\"https:\/\/experienciadevida.com.ar\/portalurbano\/#\/schema\/logo\/image\/\"},\"sameAs\":[\"https:\/\/www.facebook.com\/Portal-Urbano-171542830093757\/\",\"https:\/\/twitter.com\/portalurbanook\",\"https:\/\/www.instagram.com\/_portalurbano\/\",\"https:\/\/www.youtube.com\/channel\/UCXhagIfszH8KxFiOok79zbA?view_as=subscriber\"]},{\"@type\":\"Person\",\"@id\":\"https:\/\/experienciadevida.com.ar\/portalurbano\/#\/schema\/person\/02dd326b1c4b056e9cc972486934a3a7\",\"name\":\"admpu17wp\",\"image\":{\"@type\":\"ImageObject\",\"inLanguage\":\"es\",\"@id\":\"https:\/\/experienciadevida.com.ar\/portalurbano\/#\/schema\/person\/image\/\",\"url\":\"https:\/\/secure.gravatar.com\/avatar\/830d4c57adaae6630765e449a6908047?s=96&d=mm&r=g\",\"contentUrl\":\"https:\/\/secure.gravatar.com\/avatar\/830d4c57adaae6630765e449a6908047?s=96&d=mm&r=g\",\"caption\":\"admpu17wp\"}}]}<\/script>\n<!-- \/ Yoast SEO plugin. -->","yoast_head_json":{"title":"Todo listo para los Corsos Oficiales 2022 -","robots":{"index":"index","follow":"follow","max-snippet":"max-snippet:-1","max-image-preview":"max-image-preview:large","max-video-preview":"max-video-preview:-1"},"canonical":"https:\/\/experienciadevida.com.ar\/portalurbano\/todo-listo-para-los-corsos-oficiales-2022\/","og_locale":"es_ES","og_type":"article","og_title":"Todo listo para los Corsos Oficiales 2022 -","og_description":"Quedan pocos d\u00edas para la realizaci\u00f3n de los Corsos Oficiales 2022, que se desarrollar\u00e1 en...","og_url":"https:\/\/experienciadevida.com.ar\/portalurbano\/todo-listo-para-los-corsos-oficiales-2022\/","article_publisher":"https:\/\/www.facebook.com\/Portal-Urbano-171542830093757\/","article_published_time":"2022-02-16T15:19:07+00:00","og_image":[{"width":800,"height":534,"url":"https:\/\/experienciadevida.com.ar\/portalurbano\/wp-content\/uploads\/2022\/02\/Galeria-Corsos-Noche-II-31-1024x683-1-e1645024635749.jpg","type":"image\/jpeg"}],"author":"admpu17wp","twitter_card":"summary_large_image","twitter_creator":"@portalurbanook","twitter_site":"@portalurbanook","twitter_misc":{"Escrito por":"admpu17wp","Tiempo de lectura":"3 minutos"},"schema":{"@context":"https:\/\/schema.org","@graph":[{"@type":"Article","@id":"https:\/\/experienciadevida.com.ar\/portalurbano\/todo-listo-para-los-corsos-oficiales-2022\/#article","isPartOf":{"@id":"https:\/\/experienciadevida.com.ar\/portalurbano\/todo-listo-para-los-corsos-oficiales-2022\/"},"author":{"name":"admpu17wp","@id":"https:\/\/experienciadevida.com.ar\/portalurbano\/#\/schema\/person\/02dd326b1c4b056e9cc972486934a3a7"},"headline":"Todo listo para los Corsos Oficiales 2022","datePublished":"2022-02-16T15:19:07+00:00","dateModified":"2022-02-16T15:19:07+00:00","mainEntityOfPage":{"@id":"https:\/\/experienciadevida.com.ar\/portalurbano\/todo-listo-para-los-corsos-oficiales-2022\/"},"wordCount":553,"publisher":{"@id":"https:\/\/experienciadevida.com.ar\/portalurbano\/#organization"},"articleSection":["Ciudad","Destacadas"],"inLanguage":"es"},{"@type":"WebPage","@id":"https:\/\/experienciadevida.com.ar\/portalurbano\/todo-listo-para-los-corsos-oficiales-2022\/","url":"https:\/\/experienciadevida.com.ar\/portalurbano\/todo-listo-para-los-corsos-oficiales-2022\/","name":"Todo listo para los Corsos Oficiales 2022 -","isPartOf":{"@id":"https:\/\/experienciadevida.com.ar\/portalurbano\/#website"},"datePublished":"2022-02-16T15:19:07+00:00","dateModified":"2022-02-16T15:19:07+00:00","breadcrumb":{"@id":"https:\/\/experienciadevida.com.ar\/portalurbano\/todo-listo-para-los-corsos-oficiales-2022\/#breadcrumb"},"inLanguage":"es","potentialAction":[{"@type":"ReadAction","target":["https:\/\/experienciadevida.com.ar\/portalurbano\/todo-listo-para-los-corsos-oficiales-2022\/"]}]},{"@type":"BreadcrumbList","@id":"https:\/\/experienciadevida.com.ar\/portalurbano\/todo-listo-para-los-corsos-oficiales-2022\/#breadcrumb","itemListElement":[{"@type":"ListItem","position":1,"name":"Portada","item":"https:\/\/experienciadevida.com.ar\/portalurbano\/"},{"@type":"ListItem","position":2,"name":"Todo listo para los Corsos Oficiales 2022"}]},{"@type":"WebSite","@id":"https:\/\/experienciadevida.com.ar\/portalurbano\/#website","url":"https:\/\/experienciadevida.com.ar\/portalurbano\/","name":"","description":"","publisher":{"@id":"https:\/\/experienciadevida.com.ar\/portalurbano\/#organization"},"potentialAction":[{"@type":"SearchAction","target":{"@type":"EntryPoint","urlTemplate":"https:\/\/experienciadevida.com.ar\/portalurbano\/?s={search_term_string}"},"query-input":"required name=search_term_string"}],"inLanguage":"es"},{"@type":"Organization","@id":"https:\/\/experienciadevida.com.ar\/portalurbano\/#organization","name":"Portal Urbano","url":"https:\/\/experienciadevida.com.ar\/portalurbano\/","logo":{"@type":"ImageObject","inLanguage":"es","@id":"https:\/\/experienciadevida.com.ar\/portalurbano\/#\/schema\/logo\/image\/","url":"https:\/\/experienciadevida.com.ar\/portalurbano\/wp-content\/uploads\/2019\/09\/Logo-Original.png","contentUrl":"https:\/\/experienciadevida.com.ar\/portalurbano\/wp-content\/uploads\/2019\/09\/Logo-Original.png","width":2236,"height":1216,"caption":"Portal Urbano"},"image":{"@id":"https:\/\/experienciadevida.com.ar\/portalurbano\/#\/schema\/logo\/image\/"},"sameAs":["https:\/\/www.facebook.com\/Portal-Urbano-171542830093757\/","https:\/\/twitter.com\/portalurbanook","https:\/\/www.instagram.com\/_portalurbano\/","https:\/\/www.youtube.com\/channel\/UCXhagIfszH8KxFiOok79zbA?view_as=subscriber"]},{"@type":"Person","@id":"https:\/\/experienciadevida.com.ar\/portalurbano\/#\/schema\/person\/02dd326b1c4b056e9cc972486934a3a7","name":"admpu17wp","image":{"@type":"ImageObject","inLanguage":"es","@id":"https:\/\/experienciadevida.com.ar\/portalurbano\/#\/schema\/person\/image\/","url":"https:\/\/secure.gravatar.com\/avatar\/830d4c57adaae6630765e449a6908047?s=96&d=mm&r=g","contentUrl":"https:\/\/secure.gravatar.com\/avatar\/830d4c57adaae6630765e449a6908047?s=96&d=mm&r=g","caption":"admpu17wp"}}]}},"featured_image_urls":{"full":["https:\/\/experienciadevida.com.ar\/portalurbano\/wp-content\/uploads\/2022\/02\/Galeria-Corsos-Noche-II-31-1024x683-1-e1645024635749.jpg",800,534,false],"thumbnail":["https:\/\/experienciadevida.com.ar\/portalurbano\/wp-content\/uploads\/2022\/02\/Galeria-Corsos-Noche-II-31-1024x683-1-150x150.jpg",150,150,true],"medium":["https:\/\/experienciadevida.com.ar\/portalurbano\/wp-content\/uploads\/2022\/02\/Galeria-Corsos-Noche-II-31-1024x683-1-300x200.jpg",300,200,true],"medium_large":["https:\/\/experienciadevida.com.ar\/portalurbano\/wp-content\/uploads\/2022\/02\/Galeria-Corsos-Noche-II-31-1024x683-1-768x512.jpg",640,427,true],"large":["https:\/\/experienciadevida.com.ar\/portalurbano\/wp-content\/uploads\/2022\/02\/Galeria-Corsos-Noche-II-31-1024x683-1-e1645024635749.jpg",640,427,false],"ug_big":["https:\/\/experienciadevida.com.ar\/portalurbano\/wp-content\/uploads\/2022\/02\/Galeria-Corsos-Noche-II-31-1024x683-1-768x512.jpg",768,512,true],"1536x1536":["https:\/\/experienciadevida.com.ar\/portalurbano\/wp-content\/uploads\/2022\/02\/Galeria-Corsos-Noche-II-31-1024x683-1-e1645024635749.jpg",800,534,false],"2048x2048":["https:\/\/experienciadevida.com.ar\/portalurbano\/wp-content\/uploads\/2022\/02\/Galeria-Corsos-Noche-II-31-1024x683-1-e1645024635749.jpg",800,534,false],"newsever-slider-full":["https:\/\/experienciadevida.com.ar\/portalurbano\/wp-content\/uploads\/2022\/02\/Galeria-Corsos-Noche-II-31-1024x683-1-e1645024635749.jpg",800,534,false],"newsever-featured":["https:\/\/experienciadevida.com.ar\/portalurbano\/wp-content\/uploads\/2022\/02\/Galeria-Corsos-Noche-II-31-1024x683-1-e1645024635749.jpg",800,534,false],"newsever-medium":["https:\/\/experienciadevida.com.ar\/portalurbano\/wp-content\/uploads\/2022\/02\/Galeria-Corsos-Noche-II-31-1024x683-1-e1645024635749.jpg",712,475,false],"web-stories-poster-portrait":["https:\/\/experienciadevida.com.ar\/portalurbano\/wp-content\/uploads\/2022\/02\/Galeria-Corsos-Noche-II-31-1024x683-1-e1645024635749.jpg",640,427,false],"web-stories-publisher-logo":["https:\/\/experienciadevida.com.ar\/portalurbano\/wp-content\/uploads\/2022\/02\/Galeria-Corsos-Noche-II-31-1024x683-1-e1645024635749.jpg",96,64,false],"web-stories-thumbnail":["https:\/\/experienciadevida.com.ar\/portalurbano\/wp-content\/uploads\/2022\/02\/Galeria-Corsos-Noche-II-31-1024x683-1-e1645024635749.jpg",150,100,false]},"author_info":{"display_name":"admpu17wp","author_link":"https:\/\/experienciadevida.com.ar\/portalurbano\/author\/admpu17wp\/"},"category_info":"<a href=\"https:\/\/experienciadevida.com.ar\/portalurbano\/category\/ciudad\/\" rel=\"category tag\">Ciudad<\/a> <a href=\"https:\/\/experienciadevida.com.ar\/portalurbano\/category\/destacadas\/\" rel=\"category tag\">Destacadas<\/a>","tag_info":"Destacadas","comment_count":"0","amp_enabled":true,"_links":{"self":[{"href":"https:\/\/experienciadevida.com.ar\/portalurbano\/wp-json\/wp\/v2\/posts\/161779"}],"collection":[{"href":"https:\/\/experienciadevida.com.ar\/portalurbano\/wp-json\/wp\/v2\/posts"}],"about":[{"href":"https:\/\/experienciadevida.com.ar\/portalurbano\/wp-json\/wp\/v2\/types\/post"}],"author":[{"embeddable":true,"href":"https:\/\/experienciadevida.com.ar\/portalurbano\/wp-json\/wp\/v2\/users\/1"}],"replies":[{"embeddable":true,"href":"https:\/\/experienciadevida.com.ar\/portalurbano\/wp-json\/wp\/v2\/comments?post=161779"}],"version-history":[{"count":1,"href":"https:\/\/experienciadevida.com.ar\/portalurbano\/wp-json\/wp\/v2\/posts\/161779\/revisions"}],"predecessor-version":[{"id":161781,"href":"https:\/\/experienciadevida.com.ar\/portalurbano\/wp-json\/wp\/v2\/posts\/161779\/revisions\/161781"}],"wp:featuredmedia":[{"embeddable":true,"href":"https:\/\/experienciadevida.com.ar\/portalurbano\/wp-json\/wp\/v2\/media\/161780"}],"wp:attachment":[{"href":"https:\/\/experienciadevida.com.ar\/portalurbano\/wp-json\/wp\/v2\/media?parent=161779"}],"wp:term":[{"taxonomy":"category","embeddable":true,"href":"https:\/\/experienciadevida.com.ar\/portalurbano\/wp-json\/wp\/v2\/categories?post=161779"},{"taxonomy":"post_tag","embeddable":true,"href":"https:\/\/experienciadevida.com.ar\/portalurbano\/wp-json\/wp\/v2\/tags?post=161779"}],"curies":[{"name":"wp","href":"https:\/\/api.w.org\/{rel}","templated":true}]}}