{"id":161773,"date":"2022-02-16T10:55:06","date_gmt":"2022-02-16T13:55:06","guid":{"rendered":"https:\/\/experienciadevida.com.ar\/portalurbano\/?p=161773"},"modified":"2022-02-16T10:55:06","modified_gmt":"2022-02-16T13:55:06","slug":"la-defensoria-le-reclamo-a-facebook-que-mejore-sus-estandares-de-ciberseguridad","status":"publish","type":"post","link":"https:\/\/experienciadevida.com.ar\/portalurbano\/la-defensoria-le-reclamo-a-facebook-que-mejore-sus-estandares-de-ciberseguridad\/","title":{"rendered":"La Defensor\u00eda le reclam\u00f3 a Facebook que mejore sus est\u00e1ndares de ciberseguridad"},"content":{"rendered":"<p>La Defensor\u00eda del Pueblo bonaerense le reclam\u00f3 a Meta, la plataforma de empresas que incluye a Facebook, WhatsApp e Instagram, que mejore sus est\u00e1ndares de ciberseguridad y protecci\u00f3n de las y los usuarios y usuarias.<\/p>\n<p>Este pedido del organismo que conduce Guido Lorenzino tiene que ver con el aumento de las estafas virtuales relacionadas a los diferentes tipos operaciones de intercambio de dinero que ofrece la firma, ya sea mediante distintos \u00e1mbitos de compraventa, billeteras virtuales y banca online, entre otras.<\/p>\n<p>Es por eso que la Defensor\u00eda consider\u00f3 imperioso que Meta mejore sus est\u00e1ndares de seguridad, y genere campa\u00f1as de difusi\u00f3n y estrategias que mejoren el control de las acciones en l\u00ednea. Para ello tambi\u00e9n propuso al organismo como un \u00e1mbito de di\u00e1logo y trabajo, junto a otros actores estatales y privados, para avanzar en ese sentido.<\/p>\n<p>\u201cEs innegable la responsabilidad de las empresas proveedoras de estos servicios. Adem\u00e1s, su gratuidad no exime a las plataformas de sus obligaciones, dado que la misma consiste en una estrategia comercial que da soporte a la verdadera fuente de sus ingresos: la publicidad. Meta promueve una cultura inmersiva que ampli\u00f3 los m\u00e1rgenes de maniobra de los ciberdelincuentes\u201d, indic\u00f3 Lorenzino.<\/p>\n<p>Por \u00faltimo, la Defensor\u00eda le recomend\u00f3 a Meta la realizaci\u00f3n de campa\u00f1as de difusi\u00f3n y prevenci\u00f3n del ciberdelito, orientada a las y los usuarios y usuarias, y colocando especial atenci\u00f3n en los grupos hipervulnerables. La Defensor\u00eda le reclam\u00f3 a Facebook que mejore sus est\u00e1ndares de ciberseguridad<\/p>\n","protected":false},"excerpt":{"rendered":"<p>La Defensor\u00eda del Pueblo bonaerense le reclam\u00f3 a Meta, la plataforma de empresas que incluye&#8230;<\/p>\n","protected":false},"author":1,"featured_media":161774,"comment_status":"closed","ping_status":"closed","sticky":false,"template":"","format":"standard","meta":{"content-type":""},"categories":[27,51],"tags":[],"nelio_content":{"isAutoShareEnabled":false,"autoShareEndMode":"default","automationSources":{"useContentSentences":true,"useSocialTemplates":true,"useCustomSentences":false,"customSentences":[]},"followers":[1],"suggestedReferences":[],"includedReferences":[],"efiUrl":"","efiAlt":"","highlights":[]},"yoast_head":"<!-- This site is optimized with the Yoast SEO plugin v20.7 - https:\/\/yoast.com\/wordpress\/plugins\/seo\/ -->\n<title>La Defensor\u00eda le reclam\u00f3 a Facebook que mejore sus est\u00e1ndares de ciberseguridad -<\/title>\n<meta name=\"robots\" content=\"index, follow, max-snippet:-1, max-image-preview:large, max-video-preview:-1\" \/>\n<link rel=\"canonical\" href=\"https:\/\/experienciadevida.com.ar\/portalurbano\/la-defensoria-le-reclamo-a-facebook-que-mejore-sus-estandares-de-ciberseguridad\/\" \/>\n<meta property=\"og:locale\" content=\"es_ES\" \/>\n<meta property=\"og:type\" content=\"article\" \/>\n<meta property=\"og:title\" content=\"La Defensor\u00eda le reclam\u00f3 a Facebook que mejore sus est\u00e1ndares de ciberseguridad -\" \/>\n<meta property=\"og:description\" content=\"La Defensor\u00eda del Pueblo bonaerense le reclam\u00f3 a Meta, la plataforma de empresas que incluye...\" \/>\n<meta property=\"og:url\" content=\"https:\/\/experienciadevida.com.ar\/portalurbano\/la-defensoria-le-reclamo-a-facebook-que-mejore-sus-estandares-de-ciberseguridad\/\" \/>\n<meta property=\"article:publisher\" content=\"https:\/\/www.facebook.com\/Portal-Urbano-171542830093757\/\" \/>\n<meta property=\"article:published_time\" content=\"2022-02-16T13:55:06+00:00\" \/>\n<meta property=\"og:image\" content=\"https:\/\/experienciadevida.com.ar\/portalurbano\/wp-content\/uploads\/2022\/02\/defensoria.jpg\" \/>\n\t<meta property=\"og:image:width\" content=\"634\" \/>\n\t<meta property=\"og:image:height\" content=\"402\" \/>\n\t<meta property=\"og:image:type\" content=\"image\/jpeg\" \/>\n<meta name=\"author\" content=\"admpu17wp\" \/>\n<meta name=\"twitter:card\" content=\"summary_large_image\" \/>\n<meta name=\"twitter:creator\" content=\"@portalurbanook\" \/>\n<meta name=\"twitter:site\" content=\"@portalurbanook\" \/>\n<meta name=\"twitter:label1\" content=\"Escrito por\" \/>\n\t<meta name=\"twitter:data1\" content=\"admpu17wp\" \/>\n\t<meta name=\"twitter:label2\" content=\"Tiempo de lectura\" \/>\n\t<meta name=\"twitter:data2\" content=\"1 minuto\" \/>\n<script type=\"application\/ld+json\" class=\"yoast-schema-graph\">{\"@context\":\"https:\/\/schema.org\",\"@graph\":[{\"@type\":\"Article\",\"@id\":\"https:\/\/experienciadevida.com.ar\/portalurbano\/la-defensoria-le-reclamo-a-facebook-que-mejore-sus-estandares-de-ciberseguridad\/#article\",\"isPartOf\":{\"@id\":\"https:\/\/experienciadevida.com.ar\/portalurbano\/la-defensoria-le-reclamo-a-facebook-que-mejore-sus-estandares-de-ciberseguridad\/\"},\"author\":{\"name\":\"admpu17wp\",\"@id\":\"https:\/\/experienciadevida.com.ar\/portalurbano\/#\/schema\/person\/02dd326b1c4b056e9cc972486934a3a7\"},\"headline\":\"La Defensor\u00eda le reclam\u00f3 a Facebook que mejore sus est\u00e1ndares de ciberseguridad\",\"datePublished\":\"2022-02-16T13:55:06+00:00\",\"dateModified\":\"2022-02-16T13:55:06+00:00\",\"mainEntityOfPage\":{\"@id\":\"https:\/\/experienciadevida.com.ar\/portalurbano\/la-defensoria-le-reclamo-a-facebook-que-mejore-sus-estandares-de-ciberseguridad\/\"},\"wordCount\":276,\"publisher\":{\"@id\":\"https:\/\/experienciadevida.com.ar\/portalurbano\/#organization\"},\"articleSection\":[\"Ciudad\",\"Destacadas\"],\"inLanguage\":\"es\"},{\"@type\":\"WebPage\",\"@id\":\"https:\/\/experienciadevida.com.ar\/portalurbano\/la-defensoria-le-reclamo-a-facebook-que-mejore-sus-estandares-de-ciberseguridad\/\",\"url\":\"https:\/\/experienciadevida.com.ar\/portalurbano\/la-defensoria-le-reclamo-a-facebook-que-mejore-sus-estandares-de-ciberseguridad\/\",\"name\":\"La Defensor\u00eda le reclam\u00f3 a Facebook que mejore sus est\u00e1ndares de ciberseguridad -\",\"isPartOf\":{\"@id\":\"https:\/\/experienciadevida.com.ar\/portalurbano\/#website\"},\"datePublished\":\"2022-02-16T13:55:06+00:00\",\"dateModified\":\"2022-02-16T13:55:06+00:00\",\"breadcrumb\":{\"@id\":\"https:\/\/experienciadevida.com.ar\/portalurbano\/la-defensoria-le-reclamo-a-facebook-que-mejore-sus-estandares-de-ciberseguridad\/#breadcrumb\"},\"inLanguage\":\"es\",\"potentialAction\":[{\"@type\":\"ReadAction\",\"target\":[\"https:\/\/experienciadevida.com.ar\/portalurbano\/la-defensoria-le-reclamo-a-facebook-que-mejore-sus-estandares-de-ciberseguridad\/\"]}]},{\"@type\":\"BreadcrumbList\",\"@id\":\"https:\/\/experienciadevida.com.ar\/portalurbano\/la-defensoria-le-reclamo-a-facebook-que-mejore-sus-estandares-de-ciberseguridad\/#breadcrumb\",\"itemListElement\":[{\"@type\":\"ListItem\",\"position\":1,\"name\":\"Portada\",\"item\":\"https:\/\/experienciadevida.com.ar\/portalurbano\/\"},{\"@type\":\"ListItem\",\"position\":2,\"name\":\"La Defensor\u00eda le reclam\u00f3 a Facebook que mejore sus est\u00e1ndares de ciberseguridad\"}]},{\"@type\":\"WebSite\",\"@id\":\"https:\/\/experienciadevida.com.ar\/portalurbano\/#website\",\"url\":\"https:\/\/experienciadevida.com.ar\/portalurbano\/\",\"name\":\"\",\"description\":\"\",\"publisher\":{\"@id\":\"https:\/\/experienciadevida.com.ar\/portalurbano\/#organization\"},\"potentialAction\":[{\"@type\":\"SearchAction\",\"target\":{\"@type\":\"EntryPoint\",\"urlTemplate\":\"https:\/\/experienciadevida.com.ar\/portalurbano\/?s={search_term_string}\"},\"query-input\":\"required name=search_term_string\"}],\"inLanguage\":\"es\"},{\"@type\":\"Organization\",\"@id\":\"https:\/\/experienciadevida.com.ar\/portalurbano\/#organization\",\"name\":\"Portal Urbano\",\"url\":\"https:\/\/experienciadevida.com.ar\/portalurbano\/\",\"logo\":{\"@type\":\"ImageObject\",\"inLanguage\":\"es\",\"@id\":\"https:\/\/experienciadevida.com.ar\/portalurbano\/#\/schema\/logo\/image\/\",\"url\":\"https:\/\/experienciadevida.com.ar\/portalurbano\/wp-content\/uploads\/2019\/09\/Logo-Original.png\",\"contentUrl\":\"https:\/\/experienciadevida.com.ar\/portalurbano\/wp-content\/uploads\/2019\/09\/Logo-Original.png\",\"width\":2236,\"height\":1216,\"caption\":\"Portal Urbano\"},\"image\":{\"@id\":\"https:\/\/experienciadevida.com.ar\/portalurbano\/#\/schema\/logo\/image\/\"},\"sameAs\":[\"https:\/\/www.facebook.com\/Portal-Urbano-171542830093757\/\",\"https:\/\/twitter.com\/portalurbanook\",\"https:\/\/www.instagram.com\/_portalurbano\/\",\"https:\/\/www.youtube.com\/channel\/UCXhagIfszH8KxFiOok79zbA?view_as=subscriber\"]},{\"@type\":\"Person\",\"@id\":\"https:\/\/experienciadevida.com.ar\/portalurbano\/#\/schema\/person\/02dd326b1c4b056e9cc972486934a3a7\",\"name\":\"admpu17wp\",\"image\":{\"@type\":\"ImageObject\",\"inLanguage\":\"es\",\"@id\":\"https:\/\/experienciadevida.com.ar\/portalurbano\/#\/schema\/person\/image\/\",\"url\":\"https:\/\/secure.gravatar.com\/avatar\/830d4c57adaae6630765e449a6908047?s=96&d=mm&r=g\",\"contentUrl\":\"https:\/\/secure.gravatar.com\/avatar\/830d4c57adaae6630765e449a6908047?s=96&d=mm&r=g\",\"caption\":\"admpu17wp\"}}]}<\/script>\n<!-- \/ Yoast SEO plugin. -->","yoast_head_json":{"title":"La Defensor\u00eda le reclam\u00f3 a Facebook que mejore sus est\u00e1ndares de ciberseguridad -","robots":{"index":"index","follow":"follow","max-snippet":"max-snippet:-1","max-image-preview":"max-image-preview:large","max-video-preview":"max-video-preview:-1"},"canonical":"https:\/\/experienciadevida.com.ar\/portalurbano\/la-defensoria-le-reclamo-a-facebook-que-mejore-sus-estandares-de-ciberseguridad\/","og_locale":"es_ES","og_type":"article","og_title":"La Defensor\u00eda le reclam\u00f3 a Facebook que mejore sus est\u00e1ndares de ciberseguridad -","og_description":"La Defensor\u00eda del Pueblo bonaerense le reclam\u00f3 a Meta, la plataforma de empresas que incluye...","og_url":"https:\/\/experienciadevida.com.ar\/portalurbano\/la-defensoria-le-reclamo-a-facebook-que-mejore-sus-estandares-de-ciberseguridad\/","article_publisher":"https:\/\/www.facebook.com\/Portal-Urbano-171542830093757\/","article_published_time":"2022-02-16T13:55:06+00:00","og_image":[{"width":634,"height":402,"url":"https:\/\/experienciadevida.com.ar\/portalurbano\/wp-content\/uploads\/2022\/02\/defensoria.jpg","type":"image\/jpeg"}],"author":"admpu17wp","twitter_card":"summary_large_image","twitter_creator":"@portalurbanook","twitter_site":"@portalurbanook","twitter_misc":{"Escrito por":"admpu17wp","Tiempo de lectura":"1 minuto"},"schema":{"@context":"https:\/\/schema.org","@graph":[{"@type":"Article","@id":"https:\/\/experienciadevida.com.ar\/portalurbano\/la-defensoria-le-reclamo-a-facebook-que-mejore-sus-estandares-de-ciberseguridad\/#article","isPartOf":{"@id":"https:\/\/experienciadevida.com.ar\/portalurbano\/la-defensoria-le-reclamo-a-facebook-que-mejore-sus-estandares-de-ciberseguridad\/"},"author":{"name":"admpu17wp","@id":"https:\/\/experienciadevida.com.ar\/portalurbano\/#\/schema\/person\/02dd326b1c4b056e9cc972486934a3a7"},"headline":"La Defensor\u00eda le reclam\u00f3 a Facebook que mejore sus est\u00e1ndares de ciberseguridad","datePublished":"2022-02-16T13:55:06+00:00","dateModified":"2022-02-16T13:55:06+00:00","mainEntityOfPage":{"@id":"https:\/\/experienciadevida.com.ar\/portalurbano\/la-defensoria-le-reclamo-a-facebook-que-mejore-sus-estandares-de-ciberseguridad\/"},"wordCount":276,"publisher":{"@id":"https:\/\/experienciadevida.com.ar\/portalurbano\/#organization"},"articleSection":["Ciudad","Destacadas"],"inLanguage":"es"},{"@type":"WebPage","@id":"https:\/\/experienciadevida.com.ar\/portalurbano\/la-defensoria-le-reclamo-a-facebook-que-mejore-sus-estandares-de-ciberseguridad\/","url":"https:\/\/experienciadevida.com.ar\/portalurbano\/la-defensoria-le-reclamo-a-facebook-que-mejore-sus-estandares-de-ciberseguridad\/","name":"La Defensor\u00eda le reclam\u00f3 a Facebook que mejore sus est\u00e1ndares de ciberseguridad -","isPartOf":{"@id":"https:\/\/experienciadevida.com.ar\/portalurbano\/#website"},"datePublished":"2022-02-16T13:55:06+00:00","dateModified":"2022-02-16T13:55:06+00:00","breadcrumb":{"@id":"https:\/\/experienciadevida.com.ar\/portalurbano\/la-defensoria-le-reclamo-a-facebook-que-mejore-sus-estandares-de-ciberseguridad\/#breadcrumb"},"inLanguage":"es","potentialAction":[{"@type":"ReadAction","target":["https:\/\/experienciadevida.com.ar\/portalurbano\/la-defensoria-le-reclamo-a-facebook-que-mejore-sus-estandares-de-ciberseguridad\/"]}]},{"@type":"BreadcrumbList","@id":"https:\/\/experienciadevida.com.ar\/portalurbano\/la-defensoria-le-reclamo-a-facebook-que-mejore-sus-estandares-de-ciberseguridad\/#breadcrumb","itemListElement":[{"@type":"ListItem","position":1,"name":"Portada","item":"https:\/\/experienciadevida.com.ar\/portalurbano\/"},{"@type":"ListItem","position":2,"name":"La Defensor\u00eda le reclam\u00f3 a Facebook que mejore sus est\u00e1ndares de ciberseguridad"}]},{"@type":"WebSite","@id":"https:\/\/experienciadevida.com.ar\/portalurbano\/#website","url":"https:\/\/experienciadevida.com.ar\/portalurbano\/","name":"","description":"","publisher":{"@id":"https:\/\/experienciadevida.com.ar\/portalurbano\/#organization"},"potentialAction":[{"@type":"SearchAction","target":{"@type":"EntryPoint","urlTemplate":"https:\/\/experienciadevida.com.ar\/portalurbano\/?s={search_term_string}"},"query-input":"required name=search_term_string"}],"inLanguage":"es"},{"@type":"Organization","@id":"https:\/\/experienciadevida.com.ar\/portalurbano\/#organization","name":"Portal Urbano","url":"https:\/\/experienciadevida.com.ar\/portalurbano\/","logo":{"@type":"ImageObject","inLanguage":"es","@id":"https:\/\/experienciadevida.com.ar\/portalurbano\/#\/schema\/logo\/image\/","url":"https:\/\/experienciadevida.com.ar\/portalurbano\/wp-content\/uploads\/2019\/09\/Logo-Original.png","contentUrl":"https:\/\/experienciadevida.com.ar\/portalurbano\/wp-content\/uploads\/2019\/09\/Logo-Original.png","width":2236,"height":1216,"caption":"Portal Urbano"},"image":{"@id":"https:\/\/experienciadevida.com.ar\/portalurbano\/#\/schema\/logo\/image\/"},"sameAs":["https:\/\/www.facebook.com\/Portal-Urbano-171542830093757\/","https:\/\/twitter.com\/portalurbanook","https:\/\/www.instagram.com\/_portalurbano\/","https:\/\/www.youtube.com\/channel\/UCXhagIfszH8KxFiOok79zbA?view_as=subscriber"]},{"@type":"Person","@id":"https:\/\/experienciadevida.com.ar\/portalurbano\/#\/schema\/person\/02dd326b1c4b056e9cc972486934a3a7","name":"admpu17wp","image":{"@type":"ImageObject","inLanguage":"es","@id":"https:\/\/experienciadevida.com.ar\/portalurbano\/#\/schema\/person\/image\/","url":"https:\/\/secure.gravatar.com\/avatar\/830d4c57adaae6630765e449a6908047?s=96&d=mm&r=g","contentUrl":"https:\/\/secure.gravatar.com\/avatar\/830d4c57adaae6630765e449a6908047?s=96&d=mm&r=g","caption":"admpu17wp"}}]}},"featured_image_urls":{"full":["https:\/\/experienciadevida.com.ar\/portalurbano\/wp-content\/uploads\/2022\/02\/defensoria.jpg",634,402,false],"thumbnail":["https:\/\/experienciadevida.com.ar\/portalurbano\/wp-content\/uploads\/2022\/02\/defensoria-150x150.jpg",150,150,true],"medium":["https:\/\/experienciadevida.com.ar\/portalurbano\/wp-content\/uploads\/2022\/02\/defensoria-300x190.jpg",300,190,true],"medium_large":["https:\/\/experienciadevida.com.ar\/portalurbano\/wp-content\/uploads\/2022\/02\/defensoria.jpg",634,402,false],"large":["https:\/\/experienciadevida.com.ar\/portalurbano\/wp-content\/uploads\/2022\/02\/defensoria.jpg",634,402,false],"ug_big":["https:\/\/experienciadevida.com.ar\/portalurbano\/wp-content\/uploads\/2022\/02\/defensoria.jpg",634,402,false],"1536x1536":["https:\/\/experienciadevida.com.ar\/portalurbano\/wp-content\/uploads\/2022\/02\/defensoria.jpg",634,402,false],"2048x2048":["https:\/\/experienciadevida.com.ar\/portalurbano\/wp-content\/uploads\/2022\/02\/defensoria.jpg",634,402,false],"newsever-slider-full":["https:\/\/experienciadevida.com.ar\/portalurbano\/wp-content\/uploads\/2022\/02\/defensoria.jpg",634,402,false],"newsever-featured":["https:\/\/experienciadevida.com.ar\/portalurbano\/wp-content\/uploads\/2022\/02\/defensoria.jpg",634,402,false],"newsever-medium":["https:\/\/experienciadevida.com.ar\/portalurbano\/wp-content\/uploads\/2022\/02\/defensoria.jpg",634,402,false],"web-stories-poster-portrait":["https:\/\/experienciadevida.com.ar\/portalurbano\/wp-content\/uploads\/2022\/02\/defensoria.jpg",634,402,false],"web-stories-publisher-logo":["https:\/\/experienciadevida.com.ar\/portalurbano\/wp-content\/uploads\/2022\/02\/defensoria.jpg",96,61,false],"web-stories-thumbnail":["https:\/\/experienciadevida.com.ar\/portalurbano\/wp-content\/uploads\/2022\/02\/defensoria.jpg",150,95,false]},"author_info":{"display_name":"admpu17wp","author_link":"https:\/\/experienciadevida.com.ar\/portalurbano\/author\/admpu17wp\/"},"category_info":"<a href=\"https:\/\/experienciadevida.com.ar\/portalurbano\/category\/ciudad\/\" rel=\"category tag\">Ciudad<\/a> <a href=\"https:\/\/experienciadevida.com.ar\/portalurbano\/category\/destacadas\/\" rel=\"category tag\">Destacadas<\/a>","tag_info":"Destacadas","comment_count":"0","amp_enabled":true,"_links":{"self":[{"href":"https:\/\/experienciadevida.com.ar\/portalurbano\/wp-json\/wp\/v2\/posts\/161773"}],"collection":[{"href":"https:\/\/experienciadevida.com.ar\/portalurbano\/wp-json\/wp\/v2\/posts"}],"about":[{"href":"https:\/\/experienciadevida.com.ar\/portalurbano\/wp-json\/wp\/v2\/types\/post"}],"author":[{"embeddable":true,"href":"https:\/\/experienciadevida.com.ar\/portalurbano\/wp-json\/wp\/v2\/users\/1"}],"replies":[{"embeddable":true,"href":"https:\/\/experienciadevida.com.ar\/portalurbano\/wp-json\/wp\/v2\/comments?post=161773"}],"version-history":[{"count":1,"href":"https:\/\/experienciadevida.com.ar\/portalurbano\/wp-json\/wp\/v2\/posts\/161773\/revisions"}],"predecessor-version":[{"id":161775,"href":"https:\/\/experienciadevida.com.ar\/portalurbano\/wp-json\/wp\/v2\/posts\/161773\/revisions\/161775"}],"wp:featuredmedia":[{"embeddable":true,"href":"https:\/\/experienciadevida.com.ar\/portalurbano\/wp-json\/wp\/v2\/media\/161774"}],"wp:attachment":[{"href":"https:\/\/experienciadevida.com.ar\/portalurbano\/wp-json\/wp\/v2\/media?parent=161773"}],"wp:term":[{"taxonomy":"category","embeddable":true,"href":"https:\/\/experienciadevida.com.ar\/portalurbano\/wp-json\/wp\/v2\/categories?post=161773"},{"taxonomy":"post_tag","embeddable":true,"href":"https:\/\/experienciadevida.com.ar\/portalurbano\/wp-json\/wp\/v2\/tags?post=161773"}],"curies":[{"name":"wp","href":"https:\/\/api.w.org\/{rel}","templated":true}]}}