{"id":161756,"date":"2022-02-15T17:42:42","date_gmt":"2022-02-15T20:42:42","guid":{"rendered":"https:\/\/experienciadevida.com.ar\/portalurbano\/?p=161756"},"modified":"2022-02-15T17:50:25","modified_gmt":"2022-02-15T20:50:25","slug":"personal-de-coopelectric-se-reunio-con-la-sociedad-de-fomento-damaso-arce","status":"publish","type":"post","link":"https:\/\/experienciadevida.com.ar\/portalurbano\/personal-de-coopelectric-se-reunio-con-la-sociedad-de-fomento-damaso-arce\/","title":{"rendered":"Personal de coopelectric se reuni\u00f3 con la Sociedad de Fomento D\u00e1maso Arce"},"content":{"rendered":"<p>Personal de coopelectric se reuni\u00f3 con la Sociedad de Fomento D\u00e1maso Arce, en el marco del Programa \u201cDi\u00e1logos Comunitarios\u201d el Consejo de Administraci\u00f3n de Coopelectric recibi\u00f3 la visita de los integrantes de la comisi\u00f3n directiva de la Sociedad de Fomento D\u00e1maso Arce. Participaron del encuentro el presidente del Consejo de Administraci\u00f3n Cruz Arouxet, el secretario Alberto Miotti, el prosecretario Oscar Angeletti, el consejero Jos\u00e9 Mor\u00e1n, el gerente de Coordinaci\u00f3n Ejecutiva Cr. Oscar L\u00f3pez, la presidente de la Sociedad de Fomento D\u00e1maso Arce Mirta Rossi, la tesorera Leticia Mart\u00ednez y el vocal Pablo Gonz\u00e1lez.<\/p>\n<p>Al iniciar la reuni\u00f3n el presidente del Consejo de Administraci\u00f3n de Coopelectric Cruz Arouxet mencion\u00f3 \u201cnos interesa promover este canal de di\u00e1logo y escuchar las necesidades que puedan existir respecto de los servicios que presta la Cooperativa. Nuestra intenci\u00f3n es encontrar soluciones e incluso colaborar con las entidades en gestiones que tal vez trasciendan el \u00e1mbito de la Cooperativa, ya que juntos tenemos m\u00e1s fuerza\u201d.<\/p>\n<p>Uno de los temas que result\u00f3 de mayor inter\u00e9s fue el alumbrado p\u00fablico y en ese sentido se subray\u00f3 la importancia de que los asociados efect\u00faen los reclamos a trav\u00e9s de las v\u00edas de comunicaci\u00f3n habituales para facilitar la<br \/>\ntarea y permitir su trazabilidad.<\/p>\n<p>Personal de coopelectric se reuni\u00f3 con la Sociedad de Fomento D\u00e1maso Arce, desde la entidad se destac\u00f3 la incorporaci\u00f3n de WhatsApp como nueva v\u00eda para realizar reclamos t\u00e9cnicos y administrativos, por lo que se invit\u00f3 a<br \/>\nlos vecinos a agendar el contacto \u201cReclamos Coopelectric\u201d con el n\u00famero 2284-230707 y difundirlo a trav\u00e9s de la instituci\u00f3n. \u201cRegistrar el reclamo es la \u00fanica forma que tiene la Cooperativa para tomar conocimiento sobre las<br \/>\nluminarias que est\u00e1n apagadas y poder resolverlo\u201d sostuvo el titular del Consejo de Administraci\u00f3n de Coopelectric Cruz Arouxet y a\u00f1adi\u00f3 \u201cpor eso es tan importante que los asociados adquieran el h\u00e1bito de generar el reclamo<br \/>\nno s\u00f3lo por las luminarias ubicadas en su cuadra sino tambi\u00e9n en los espacios p\u00fablicos, como por ejemplo las plazas\u201d.<\/p>\n<p>Otra de las tem\u00e1ticas abordadas consisti\u00f3 en el funcionamiento del Servicio de Obras Sanitarias durante el per\u00edodo estival. Se recibieron inquietudes acerca de la presi\u00f3n del agua en los edificios que cuentan con m\u00e1s de ocho metros de altura, por lo que desde Coopelectric se brindaron alternativas t\u00e9cnicas para poder optimizar la prestaci\u00f3n del Servicio.<\/p>\n<p>Los integrantes de la Sociedad de Fomento tambi\u00e9n se refirieron a c\u00f3mo se vio afectado el funcionamiento de la instituci\u00f3n en el marco de la pandemia, alas actividades y gestiones que est\u00e1n llevando adelante y a la necesidad<br \/>\nde realizar refacciones edilicias y tareas de mantenimiento en la entidad.<\/p>\n<p>Programa \u201cDi\u00e1logos Comunitarios\u201d<\/p>\n<p>Consiste en promover espacios de encuentro con referentes de juntas vecinales, sociedades de fomento, entidades barriales, instituciones deportivas, educativas, asociaciones civiles sin fines de lucro, ONG\u00b4s, entre otras; con la finalidad de abordar tem\u00e1ticas vinculadas a las prestaciones de Coopelectric, acordar acciones de trabajo concretas y<br \/>\nprofundizar el v\u00ednculo que Coopelectric mantiene con todas las entidades intermedias de la ciudad.<\/p>\n<p>Las entidades que est\u00e9n interesadas en participar pueden solicitar un encuentro acerc\u00e1ndose de lunes a viernes de 7:30 a 14:30 hs. al \u00e1rea de Secretar\u00eda en la sede de Belgrano N\u00b0 2850 o contact\u00e1ndose a trav\u00e9s de la casilla de correo &lt;mailto:secretariaadministracion@coopelectric.com.ar&gt;, secretariaadministracion@coopelectric.com.ar<\/p>\n","protected":false},"excerpt":{"rendered":"<p>Personal de coopelectric se reuni\u00f3 con la Sociedad de Fomento D\u00e1maso Arce, en el marco&#8230;<\/p>\n","protected":false},"author":1,"featured_media":161758,"comment_status":"closed","ping_status":"closed","sticky":false,"template":"","format":"standard","meta":{"content-type":""},"categories":[27,64],"tags":[],"nelio_content":{"isAutoShareEnabled":false,"autoShareEndMode":"default","automationSources":{"useContentSentences":true,"useSocialTemplates":true,"useCustomSentences":false,"customSentences":[]},"followers":[1],"suggestedReferences":[],"includedReferences":[],"efiUrl":"","efiAlt":"","highlights":[]},"yoast_head":"<!-- This site is optimized with the Yoast SEO plugin v20.7 - https:\/\/yoast.com\/wordpress\/plugins\/seo\/ -->\n<title>Personal de coopelectric se reuni\u00f3 con la Soc. de Fomento D\u00e1maso Arce<\/title>\n<meta name=\"description\" content=\"Personal de coopelectric se reuni\u00f3 con la Sociedad de Fomento D\u00e1maso Arce, en el marco del Programa \u201cDi\u00e1logos Comunitarios\u201d\" \/>\n<meta name=\"robots\" content=\"index, follow, max-snippet:-1, max-image-preview:large, max-video-preview:-1\" \/>\n<link rel=\"canonical\" href=\"https:\/\/experienciadevida.com.ar\/portalurbano\/personal-de-coopelectric-se-reunio-con-la-sociedad-de-fomento-damaso-arce\/\" \/>\n<meta property=\"og:locale\" content=\"es_ES\" \/>\n<meta property=\"og:type\" content=\"article\" \/>\n<meta property=\"og:title\" content=\"Personal de coopelectric se reuni\u00f3 con la Soc. de Fomento D\u00e1maso Arce\" \/>\n<meta property=\"og:description\" content=\"Personal de coopelectric se reuni\u00f3 con la Sociedad de Fomento D\u00e1maso Arce, en el marco del Programa \u201cDi\u00e1logos Comunitarios\u201d\" \/>\n<meta property=\"og:url\" content=\"https:\/\/experienciadevida.com.ar\/portalurbano\/personal-de-coopelectric-se-reunio-con-la-sociedad-de-fomento-damaso-arce\/\" \/>\n<meta property=\"article:publisher\" content=\"https:\/\/www.facebook.com\/Portal-Urbano-171542830093757\/\" \/>\n<meta property=\"article:published_time\" content=\"2022-02-15T20:42:42+00:00\" \/>\n<meta property=\"article:modified_time\" content=\"2022-02-15T20:50:25+00:00\" \/>\n<meta property=\"og:image\" content=\"https:\/\/experienciadevida.com.ar\/portalurbano\/wp-content\/uploads\/2022\/02\/Personal-de-coopelectric-se.jpeg\" \/>\n\t<meta property=\"og:image:width\" content=\"1032\" \/>\n\t<meta property=\"og:image:height\" content=\"581\" \/>\n\t<meta property=\"og:image:type\" content=\"image\/jpeg\" \/>\n<meta name=\"author\" content=\"admpu17wp\" \/>\n<meta name=\"twitter:card\" content=\"summary_large_image\" \/>\n<meta name=\"twitter:creator\" content=\"@portalurbanook\" \/>\n<meta name=\"twitter:site\" content=\"@portalurbanook\" \/>\n<meta name=\"twitter:label1\" content=\"Escrito por\" \/>\n\t<meta name=\"twitter:data1\" content=\"admpu17wp\" \/>\n\t<meta name=\"twitter:label2\" content=\"Tiempo de lectura\" \/>\n\t<meta name=\"twitter:data2\" content=\"3 minutos\" \/>\n<script type=\"application\/ld+json\" class=\"yoast-schema-graph\">{\"@context\":\"https:\/\/schema.org\",\"@graph\":[{\"@type\":\"Article\",\"@id\":\"https:\/\/experienciadevida.com.ar\/portalurbano\/personal-de-coopelectric-se-reunio-con-la-sociedad-de-fomento-damaso-arce\/#article\",\"isPartOf\":{\"@id\":\"https:\/\/experienciadevida.com.ar\/portalurbano\/personal-de-coopelectric-se-reunio-con-la-sociedad-de-fomento-damaso-arce\/\"},\"author\":{\"name\":\"admpu17wp\",\"@id\":\"https:\/\/experienciadevida.com.ar\/portalurbano\/#\/schema\/person\/02dd326b1c4b056e9cc972486934a3a7\"},\"headline\":\"Personal de coopelectric se reuni\u00f3 con la Sociedad de Fomento D\u00e1maso Arce\",\"datePublished\":\"2022-02-15T20:42:42+00:00\",\"dateModified\":\"2022-02-15T20:50:25+00:00\",\"mainEntityOfPage\":{\"@id\":\"https:\/\/experienciadevida.com.ar\/portalurbano\/personal-de-coopelectric-se-reunio-con-la-sociedad-de-fomento-damaso-arce\/\"},\"wordCount\":613,\"publisher\":{\"@id\":\"https:\/\/experienciadevida.com.ar\/portalurbano\/#organization\"},\"articleSection\":[\"Ciudad\",\"Destacadas 2\"],\"inLanguage\":\"es\"},{\"@type\":\"WebPage\",\"@id\":\"https:\/\/experienciadevida.com.ar\/portalurbano\/personal-de-coopelectric-se-reunio-con-la-sociedad-de-fomento-damaso-arce\/\",\"url\":\"https:\/\/experienciadevida.com.ar\/portalurbano\/personal-de-coopelectric-se-reunio-con-la-sociedad-de-fomento-damaso-arce\/\",\"name\":\"Personal de coopelectric se reuni\u00f3 con la Soc. de Fomento D\u00e1maso Arce\",\"isPartOf\":{\"@id\":\"https:\/\/experienciadevida.com.ar\/portalurbano\/#website\"},\"datePublished\":\"2022-02-15T20:42:42+00:00\",\"dateModified\":\"2022-02-15T20:50:25+00:00\",\"description\":\"Personal de coopelectric se reuni\u00f3 con la Sociedad de Fomento D\u00e1maso Arce, en el marco del Programa \u201cDi\u00e1logos Comunitarios\u201d\",\"breadcrumb\":{\"@id\":\"https:\/\/experienciadevida.com.ar\/portalurbano\/personal-de-coopelectric-se-reunio-con-la-sociedad-de-fomento-damaso-arce\/#breadcrumb\"},\"inLanguage\":\"es\",\"potentialAction\":[{\"@type\":\"ReadAction\",\"target\":[\"https:\/\/experienciadevida.com.ar\/portalurbano\/personal-de-coopelectric-se-reunio-con-la-sociedad-de-fomento-damaso-arce\/\"]}]},{\"@type\":\"BreadcrumbList\",\"@id\":\"https:\/\/experienciadevida.com.ar\/portalurbano\/personal-de-coopelectric-se-reunio-con-la-sociedad-de-fomento-damaso-arce\/#breadcrumb\",\"itemListElement\":[{\"@type\":\"ListItem\",\"position\":1,\"name\":\"Portada\",\"item\":\"https:\/\/experienciadevida.com.ar\/portalurbano\/\"},{\"@type\":\"ListItem\",\"position\":2,\"name\":\"Personal de coopelectric se reuni\u00f3 con la Sociedad de Fomento D\u00e1maso Arce\"}]},{\"@type\":\"WebSite\",\"@id\":\"https:\/\/experienciadevida.com.ar\/portalurbano\/#website\",\"url\":\"https:\/\/experienciadevida.com.ar\/portalurbano\/\",\"name\":\"\",\"description\":\"\",\"publisher\":{\"@id\":\"https:\/\/experienciadevida.com.ar\/portalurbano\/#organization\"},\"potentialAction\":[{\"@type\":\"SearchAction\",\"target\":{\"@type\":\"EntryPoint\",\"urlTemplate\":\"https:\/\/experienciadevida.com.ar\/portalurbano\/?s={search_term_string}\"},\"query-input\":\"required name=search_term_string\"}],\"inLanguage\":\"es\"},{\"@type\":\"Organization\",\"@id\":\"https:\/\/experienciadevida.com.ar\/portalurbano\/#organization\",\"name\":\"Portal Urbano\",\"url\":\"https:\/\/experienciadevida.com.ar\/portalurbano\/\",\"logo\":{\"@type\":\"ImageObject\",\"inLanguage\":\"es\",\"@id\":\"https:\/\/experienciadevida.com.ar\/portalurbano\/#\/schema\/logo\/image\/\",\"url\":\"https:\/\/experienciadevida.com.ar\/portalurbano\/wp-content\/uploads\/2019\/09\/Logo-Original.png\",\"contentUrl\":\"https:\/\/experienciadevida.com.ar\/portalurbano\/wp-content\/uploads\/2019\/09\/Logo-Original.png\",\"width\":2236,\"height\":1216,\"caption\":\"Portal Urbano\"},\"image\":{\"@id\":\"https:\/\/experienciadevida.com.ar\/portalurbano\/#\/schema\/logo\/image\/\"},\"sameAs\":[\"https:\/\/www.facebook.com\/Portal-Urbano-171542830093757\/\",\"https:\/\/twitter.com\/portalurbanook\",\"https:\/\/www.instagram.com\/_portalurbano\/\",\"https:\/\/www.youtube.com\/channel\/UCXhagIfszH8KxFiOok79zbA?view_as=subscriber\"]},{\"@type\":\"Person\",\"@id\":\"https:\/\/experienciadevida.com.ar\/portalurbano\/#\/schema\/person\/02dd326b1c4b056e9cc972486934a3a7\",\"name\":\"admpu17wp\",\"image\":{\"@type\":\"ImageObject\",\"inLanguage\":\"es\",\"@id\":\"https:\/\/experienciadevida.com.ar\/portalurbano\/#\/schema\/person\/image\/\",\"url\":\"https:\/\/secure.gravatar.com\/avatar\/830d4c57adaae6630765e449a6908047?s=96&d=mm&r=g\",\"contentUrl\":\"https:\/\/secure.gravatar.com\/avatar\/830d4c57adaae6630765e449a6908047?s=96&d=mm&r=g\",\"caption\":\"admpu17wp\"}}]}<\/script>\n<!-- \/ Yoast SEO plugin. -->","yoast_head_json":{"title":"Personal de coopelectric se reuni\u00f3 con la Soc. de Fomento D\u00e1maso Arce","description":"Personal de coopelectric se reuni\u00f3 con la Sociedad de Fomento D\u00e1maso Arce, en el marco del Programa \u201cDi\u00e1logos Comunitarios\u201d","robots":{"index":"index","follow":"follow","max-snippet":"max-snippet:-1","max-image-preview":"max-image-preview:large","max-video-preview":"max-video-preview:-1"},"canonical":"https:\/\/experienciadevida.com.ar\/portalurbano\/personal-de-coopelectric-se-reunio-con-la-sociedad-de-fomento-damaso-arce\/","og_locale":"es_ES","og_type":"article","og_title":"Personal de coopelectric se reuni\u00f3 con la Soc. de Fomento D\u00e1maso Arce","og_description":"Personal de coopelectric se reuni\u00f3 con la Sociedad de Fomento D\u00e1maso Arce, en el marco del Programa \u201cDi\u00e1logos Comunitarios\u201d","og_url":"https:\/\/experienciadevida.com.ar\/portalurbano\/personal-de-coopelectric-se-reunio-con-la-sociedad-de-fomento-damaso-arce\/","article_publisher":"https:\/\/www.facebook.com\/Portal-Urbano-171542830093757\/","article_published_time":"2022-02-15T20:42:42+00:00","article_modified_time":"2022-02-15T20:50:25+00:00","og_image":[{"width":1032,"height":581,"url":"https:\/\/experienciadevida.com.ar\/portalurbano\/wp-content\/uploads\/2022\/02\/Personal-de-coopelectric-se.jpeg","type":"image\/jpeg"}],"author":"admpu17wp","twitter_card":"summary_large_image","twitter_creator":"@portalurbanook","twitter_site":"@portalurbanook","twitter_misc":{"Escrito por":"admpu17wp","Tiempo de lectura":"3 minutos"},"schema":{"@context":"https:\/\/schema.org","@graph":[{"@type":"Article","@id":"https:\/\/experienciadevida.com.ar\/portalurbano\/personal-de-coopelectric-se-reunio-con-la-sociedad-de-fomento-damaso-arce\/#article","isPartOf":{"@id":"https:\/\/experienciadevida.com.ar\/portalurbano\/personal-de-coopelectric-se-reunio-con-la-sociedad-de-fomento-damaso-arce\/"},"author":{"name":"admpu17wp","@id":"https:\/\/experienciadevida.com.ar\/portalurbano\/#\/schema\/person\/02dd326b1c4b056e9cc972486934a3a7"},"headline":"Personal de coopelectric se reuni\u00f3 con la Sociedad de Fomento D\u00e1maso Arce","datePublished":"2022-02-15T20:42:42+00:00","dateModified":"2022-02-15T20:50:25+00:00","mainEntityOfPage":{"@id":"https:\/\/experienciadevida.com.ar\/portalurbano\/personal-de-coopelectric-se-reunio-con-la-sociedad-de-fomento-damaso-arce\/"},"wordCount":613,"publisher":{"@id":"https:\/\/experienciadevida.com.ar\/portalurbano\/#organization"},"articleSection":["Ciudad","Destacadas 2"],"inLanguage":"es"},{"@type":"WebPage","@id":"https:\/\/experienciadevida.com.ar\/portalurbano\/personal-de-coopelectric-se-reunio-con-la-sociedad-de-fomento-damaso-arce\/","url":"https:\/\/experienciadevida.com.ar\/portalurbano\/personal-de-coopelectric-se-reunio-con-la-sociedad-de-fomento-damaso-arce\/","name":"Personal de coopelectric se reuni\u00f3 con la Soc. de Fomento D\u00e1maso Arce","isPartOf":{"@id":"https:\/\/experienciadevida.com.ar\/portalurbano\/#website"},"datePublished":"2022-02-15T20:42:42+00:00","dateModified":"2022-02-15T20:50:25+00:00","description":"Personal de coopelectric se reuni\u00f3 con la Sociedad de Fomento D\u00e1maso Arce, en el marco del Programa \u201cDi\u00e1logos Comunitarios\u201d","breadcrumb":{"@id":"https:\/\/experienciadevida.com.ar\/portalurbano\/personal-de-coopelectric-se-reunio-con-la-sociedad-de-fomento-damaso-arce\/#breadcrumb"},"inLanguage":"es","potentialAction":[{"@type":"ReadAction","target":["https:\/\/experienciadevida.com.ar\/portalurbano\/personal-de-coopelectric-se-reunio-con-la-sociedad-de-fomento-damaso-arce\/"]}]},{"@type":"BreadcrumbList","@id":"https:\/\/experienciadevida.com.ar\/portalurbano\/personal-de-coopelectric-se-reunio-con-la-sociedad-de-fomento-damaso-arce\/#breadcrumb","itemListElement":[{"@type":"ListItem","position":1,"name":"Portada","item":"https:\/\/experienciadevida.com.ar\/portalurbano\/"},{"@type":"ListItem","position":2,"name":"Personal de coopelectric se reuni\u00f3 con la Sociedad de Fomento D\u00e1maso Arce"}]},{"@type":"WebSite","@id":"https:\/\/experienciadevida.com.ar\/portalurbano\/#website","url":"https:\/\/experienciadevida.com.ar\/portalurbano\/","name":"","description":"","publisher":{"@id":"https:\/\/experienciadevida.com.ar\/portalurbano\/#organization"},"potentialAction":[{"@type":"SearchAction","target":{"@type":"EntryPoint","urlTemplate":"https:\/\/experienciadevida.com.ar\/portalurbano\/?s={search_term_string}"},"query-input":"required name=search_term_string"}],"inLanguage":"es"},{"@type":"Organization","@id":"https:\/\/experienciadevida.com.ar\/portalurbano\/#organization","name":"Portal Urbano","url":"https:\/\/experienciadevida.com.ar\/portalurbano\/","logo":{"@type":"ImageObject","inLanguage":"es","@id":"https:\/\/experienciadevida.com.ar\/portalurbano\/#\/schema\/logo\/image\/","url":"https:\/\/experienciadevida.com.ar\/portalurbano\/wp-content\/uploads\/2019\/09\/Logo-Original.png","contentUrl":"https:\/\/experienciadevida.com.ar\/portalurbano\/wp-content\/uploads\/2019\/09\/Logo-Original.png","width":2236,"height":1216,"caption":"Portal Urbano"},"image":{"@id":"https:\/\/experienciadevida.com.ar\/portalurbano\/#\/schema\/logo\/image\/"},"sameAs":["https:\/\/www.facebook.com\/Portal-Urbano-171542830093757\/","https:\/\/twitter.com\/portalurbanook","https:\/\/www.instagram.com\/_portalurbano\/","https:\/\/www.youtube.com\/channel\/UCXhagIfszH8KxFiOok79zbA?view_as=subscriber"]},{"@type":"Person","@id":"https:\/\/experienciadevida.com.ar\/portalurbano\/#\/schema\/person\/02dd326b1c4b056e9cc972486934a3a7","name":"admpu17wp","image":{"@type":"ImageObject","inLanguage":"es","@id":"https:\/\/experienciadevida.com.ar\/portalurbano\/#\/schema\/person\/image\/","url":"https:\/\/secure.gravatar.com\/avatar\/830d4c57adaae6630765e449a6908047?s=96&d=mm&r=g","contentUrl":"https:\/\/secure.gravatar.com\/avatar\/830d4c57adaae6630765e449a6908047?s=96&d=mm&r=g","caption":"admpu17wp"}}]}},"featured_image_urls":{"full":["https:\/\/experienciadevida.com.ar\/portalurbano\/wp-content\/uploads\/2022\/02\/Personal-de-coopelectric-se.jpeg",1032,581,false],"thumbnail":["https:\/\/experienciadevida.com.ar\/portalurbano\/wp-content\/uploads\/2022\/02\/Personal-de-coopelectric-se-150x150.jpeg",150,150,true],"medium":["https:\/\/experienciadevida.com.ar\/portalurbano\/wp-content\/uploads\/2022\/02\/Personal-de-coopelectric-se-300x169.jpeg",300,169,true],"medium_large":["https:\/\/experienciadevida.com.ar\/portalurbano\/wp-content\/uploads\/2022\/02\/Personal-de-coopelectric-se-768x432.jpeg",640,360,true],"large":["https:\/\/experienciadevida.com.ar\/portalurbano\/wp-content\/uploads\/2022\/02\/Personal-de-coopelectric-se-1024x576.jpeg",640,360,true],"ug_big":["https:\/\/experienciadevida.com.ar\/portalurbano\/wp-content\/uploads\/2022\/02\/Personal-de-coopelectric-se-768x432.jpeg",768,432,true],"1536x1536":["https:\/\/experienciadevida.com.ar\/portalurbano\/wp-content\/uploads\/2022\/02\/Personal-de-coopelectric-se.jpeg",1032,581,false],"2048x2048":["https:\/\/experienciadevida.com.ar\/portalurbano\/wp-content\/uploads\/2022\/02\/Personal-de-coopelectric-se.jpeg",1032,581,false],"newsever-slider-full":["https:\/\/experienciadevida.com.ar\/portalurbano\/wp-content\/uploads\/2022\/02\/Personal-de-coopelectric-se.jpeg",1032,581,false],"newsever-featured":["https:\/\/experienciadevida.com.ar\/portalurbano\/wp-content\/uploads\/2022\/02\/Personal-de-coopelectric-se.jpeg",1024,576,false],"newsever-medium":["https:\/\/experienciadevida.com.ar\/portalurbano\/wp-content\/uploads\/2022\/02\/Personal-de-coopelectric-se.jpeg",720,405,false],"web-stories-poster-portrait":["https:\/\/experienciadevida.com.ar\/portalurbano\/wp-content\/uploads\/2022\/02\/Personal-de-coopelectric-se.jpeg",640,360,false],"web-stories-publisher-logo":["https:\/\/experienciadevida.com.ar\/portalurbano\/wp-content\/uploads\/2022\/02\/Personal-de-coopelectric-se.jpeg",96,54,false],"web-stories-thumbnail":["https:\/\/experienciadevida.com.ar\/portalurbano\/wp-content\/uploads\/2022\/02\/Personal-de-coopelectric-se.jpeg",150,84,false]},"author_info":{"display_name":"admpu17wp","author_link":"https:\/\/experienciadevida.com.ar\/portalurbano\/author\/admpu17wp\/"},"category_info":"<a href=\"https:\/\/experienciadevida.com.ar\/portalurbano\/category\/ciudad\/\" rel=\"category tag\">Ciudad<\/a> <a href=\"https:\/\/experienciadevida.com.ar\/portalurbano\/category\/destacadas-2\/\" rel=\"category tag\">Destacadas 2<\/a>","tag_info":"Destacadas 2","comment_count":"0","amp_enabled":true,"_links":{"self":[{"href":"https:\/\/experienciadevida.com.ar\/portalurbano\/wp-json\/wp\/v2\/posts\/161756"}],"collection":[{"href":"https:\/\/experienciadevida.com.ar\/portalurbano\/wp-json\/wp\/v2\/posts"}],"about":[{"href":"https:\/\/experienciadevida.com.ar\/portalurbano\/wp-json\/wp\/v2\/types\/post"}],"author":[{"embeddable":true,"href":"https:\/\/experienciadevida.com.ar\/portalurbano\/wp-json\/wp\/v2\/users\/1"}],"replies":[{"embeddable":true,"href":"https:\/\/experienciadevida.com.ar\/portalurbano\/wp-json\/wp\/v2\/comments?post=161756"}],"version-history":[{"count":1,"href":"https:\/\/experienciadevida.com.ar\/portalurbano\/wp-json\/wp\/v2\/posts\/161756\/revisions"}],"predecessor-version":[{"id":161759,"href":"https:\/\/experienciadevida.com.ar\/portalurbano\/wp-json\/wp\/v2\/posts\/161756\/revisions\/161759"}],"wp:featuredmedia":[{"embeddable":true,"href":"https:\/\/experienciadevida.com.ar\/portalurbano\/wp-json\/wp\/v2\/media\/161758"}],"wp:attachment":[{"href":"https:\/\/experienciadevida.com.ar\/portalurbano\/wp-json\/wp\/v2\/media?parent=161756"}],"wp:term":[{"taxonomy":"category","embeddable":true,"href":"https:\/\/experienciadevida.com.ar\/portalurbano\/wp-json\/wp\/v2\/categories?post=161756"},{"taxonomy":"post_tag","embeddable":true,"href":"https:\/\/experienciadevida.com.ar\/portalurbano\/wp-json\/wp\/v2\/tags?post=161756"}],"curies":[{"name":"wp","href":"https:\/\/api.w.org\/{rel}","templated":true}]}}