{"id":161733,"date":"2022-02-15T14:40:56","date_gmt":"2022-02-15T17:40:56","guid":{"rendered":"https:\/\/experienciadevida.com.ar\/portalurbano\/?p=161733"},"modified":"2022-02-15T14:41:38","modified_gmt":"2022-02-15T17:41:38","slug":"cierre-de-la-propuesta-de-verano-en-la-calesita-de-ilusiones","status":"publish","type":"post","link":"https:\/\/experienciadevida.com.ar\/portalurbano\/cierre-de-la-propuesta-de-verano-en-la-calesita-de-ilusiones\/","title":{"rendered":"Cierre de la propuesta de verano en la Calesita de Ilusiones"},"content":{"rendered":"<p>Cierre de la propuesta de verano en la Calesita de Ilusiones, la Calesita de Ilusiones -con el proyecto \u201cIncl\u00fayeme\u201d- en coordinaci\u00f3n con Departamento de Ense\u00f1anza para la Ni\u00f1ez (D.E.N.) de la iglesia S.P.L.N y en colaboraci\u00f3n con el Departamento de Educaci\u00f3n Ambiental del <a href=\"https:\/\/www.facebook.com\/profile.php?id=100009966739206\">bioparque<\/a> Municipal \u201cLa M\u00e1xima\u201d, llev\u00f3 adelante (durante los viernes de verano) diferentes actividades educativas con la finalidad de generar un tiempo de reflexi\u00f3n, educaci\u00f3n y diversi\u00f3n.<\/p>\n<p><a href=\"https:\/\/experienciadevida.com.ar\/portalurbano\/cierre-de-la-propuesta-de-verano-en-la-calesita-de-ilusiones\/cierre-11\/\" rel=\"attachment wp-att-161735\"><img decoding=\"async\" class=\"alignnone size-large wp-image-161735\" src=\"https:\/\/experienciadevida.com.ar\/portalurbano\/wp-content\/uploads\/2022\/02\/Cierre-1024x768.jpg\" alt=\"Cierre \" width=\"900\" height=\"675\" srcset=\"https:\/\/experienciadevida.com.ar\/portalurbano\/wp-content\/uploads\/2022\/02\/Cierre-1024x768.jpg 1024w, https:\/\/experienciadevida.com.ar\/portalurbano\/wp-content\/uploads\/2022\/02\/Cierre-300x225.jpg 300w, https:\/\/experienciadevida.com.ar\/portalurbano\/wp-content\/uploads\/2022\/02\/Cierre-768x576.jpg 768w, https:\/\/experienciadevida.com.ar\/portalurbano\/wp-content\/uploads\/2022\/02\/Cierre.jpg 1280w\" sizes=\"(max-width: 900px) 100vw, 900px\" \/><\/a><\/p>\n<p>El pr\u00f3ximo viernes 18 de febrero, desde las 18 horas, se realizar\u00e1 el cierre de las actividades de verano con payasos, diversi\u00f3n y sorpresas.<\/p>\n<p>Las actividades en el Bioparque son recreativas, dirigidas a los m\u00e1s peque\u00f1os, compartiendo juegos, manualidades, premios y ense\u00f1anzas b\u00edblicas, coordinadas por Gloria Ivaldo (encargada del DEN) de la Iglesia Sanidad para las Naciones.<\/p>\n<p>En los encuentros se han podido disfrutar de lindos momentos, no s\u00f3lo con los ni\u00f1os sino tambi\u00e9n con las familias que, mate en mano, aprovechan al m\u00e1ximo este espacio al aire libre en contacto con la naturaleza.<\/p>\n<p><a href=\"https:\/\/experienciadevida.com.ar\/portalurbano\/cierre-de-la-propuesta-de-verano-en-la-calesita-de-ilusiones\/de-10\/\" rel=\"attachment wp-att-161736\"><img decoding=\"async\" class=\"alignnone size-large wp-image-161736\" src=\"https:\/\/experienciadevida.com.ar\/portalurbano\/wp-content\/uploads\/2022\/02\/de-2-1024x768.jpg\" alt=\"de \" width=\"900\" height=\"675\" srcset=\"https:\/\/experienciadevida.com.ar\/portalurbano\/wp-content\/uploads\/2022\/02\/de-2-1024x768.jpg 1024w, https:\/\/experienciadevida.com.ar\/portalurbano\/wp-content\/uploads\/2022\/02\/de-2-300x225.jpg 300w, https:\/\/experienciadevida.com.ar\/portalurbano\/wp-content\/uploads\/2022\/02\/de-2-768x576.jpg 768w, https:\/\/experienciadevida.com.ar\/portalurbano\/wp-content\/uploads\/2022\/02\/de-2.jpg 1040w\" sizes=\"(max-width: 900px) 100vw, 900px\" \/><\/a><\/p>\n","protected":false},"excerpt":{"rendered":"<p>Cierre de la propuesta de verano en la Calesita de Ilusiones, la Calesita de Ilusiones&#8230;<\/p>\n","protected":false},"author":1,"featured_media":161734,"comment_status":"closed","ping_status":"closed","sticky":false,"template":"","format":"standard","meta":{"content-type":""},"categories":[27],"tags":[],"nelio_content":{"isAutoShareEnabled":false,"autoShareEndMode":"default","automationSources":{"useContentSentences":true,"useSocialTemplates":true,"useCustomSentences":false,"customSentences":[]},"followers":[1],"suggestedReferences":[],"includedReferences":[],"efiUrl":"","efiAlt":"","highlights":[]},"yoast_head":"<!-- This site is optimized with the Yoast SEO plugin v20.7 - https:\/\/yoast.com\/wordpress\/plugins\/seo\/ -->\n<title>Cierre de la propuesta de verano en la calesita de ilusiones<\/title>\n<meta name=\"description\" content=\"Cierre de la propuesta de verano en la Calesita de Ilusiones, la Calesita de Ilusiones -con el proyecto \u201cIncl\u00fayeme\u201d\" \/>\n<meta name=\"robots\" content=\"index, follow, max-snippet:-1, max-image-preview:large, max-video-preview:-1\" \/>\n<link rel=\"canonical\" href=\"https:\/\/experienciadevida.com.ar\/portalurbano\/cierre-de-la-propuesta-de-verano-en-la-calesita-de-ilusiones\/\" \/>\n<meta property=\"og:locale\" content=\"es_ES\" \/>\n<meta property=\"og:type\" content=\"article\" \/>\n<meta property=\"og:title\" content=\"Cierre de la propuesta de verano en la calesita de ilusiones\" \/>\n<meta property=\"og:description\" content=\"Cierre de la propuesta de verano en la Calesita de Ilusiones, la Calesita de Ilusiones -con el proyecto \u201cIncl\u00fayeme\u201d\" \/>\n<meta property=\"og:url\" content=\"https:\/\/experienciadevida.com.ar\/portalurbano\/cierre-de-la-propuesta-de-verano-en-la-calesita-de-ilusiones\/\" \/>\n<meta property=\"article:publisher\" content=\"https:\/\/www.facebook.com\/Portal-Urbano-171542830093757\/\" \/>\n<meta property=\"article:published_time\" content=\"2022-02-15T17:40:56+00:00\" \/>\n<meta property=\"article:modified_time\" content=\"2022-02-15T17:41:38+00:00\" \/>\n<meta property=\"og:image\" content=\"https:\/\/experienciadevida.com.ar\/portalurbano\/wp-content\/uploads\/2022\/02\/Cierre-de-la-propuesta.jpg\" \/>\n\t<meta property=\"og:image:width\" content=\"1040\" \/>\n\t<meta property=\"og:image:height\" content=\"780\" \/>\n\t<meta property=\"og:image:type\" content=\"image\/jpeg\" \/>\n<meta name=\"author\" content=\"admpu17wp\" \/>\n<meta name=\"twitter:card\" content=\"summary_large_image\" \/>\n<meta name=\"twitter:creator\" content=\"@portalurbanook\" \/>\n<meta name=\"twitter:site\" content=\"@portalurbanook\" \/>\n<meta name=\"twitter:label1\" content=\"Escrito por\" \/>\n\t<meta name=\"twitter:data1\" content=\"admpu17wp\" \/>\n\t<meta name=\"twitter:label2\" content=\"Tiempo de lectura\" \/>\n\t<meta name=\"twitter:data2\" content=\"1 minuto\" \/>\n<script type=\"application\/ld+json\" class=\"yoast-schema-graph\">{\"@context\":\"https:\/\/schema.org\",\"@graph\":[{\"@type\":\"Article\",\"@id\":\"https:\/\/experienciadevida.com.ar\/portalurbano\/cierre-de-la-propuesta-de-verano-en-la-calesita-de-ilusiones\/#article\",\"isPartOf\":{\"@id\":\"https:\/\/experienciadevida.com.ar\/portalurbano\/cierre-de-la-propuesta-de-verano-en-la-calesita-de-ilusiones\/\"},\"author\":{\"name\":\"admpu17wp\",\"@id\":\"https:\/\/experienciadevida.com.ar\/portalurbano\/#\/schema\/person\/02dd326b1c4b056e9cc972486934a3a7\"},\"headline\":\"Cierre de la propuesta de verano en la Calesita de Ilusiones\",\"datePublished\":\"2022-02-15T17:40:56+00:00\",\"dateModified\":\"2022-02-15T17:41:38+00:00\",\"mainEntityOfPage\":{\"@id\":\"https:\/\/experienciadevida.com.ar\/portalurbano\/cierre-de-la-propuesta-de-verano-en-la-calesita-de-ilusiones\/\"},\"wordCount\":198,\"publisher\":{\"@id\":\"https:\/\/experienciadevida.com.ar\/portalurbano\/#organization\"},\"articleSection\":[\"Ciudad\"],\"inLanguage\":\"es\"},{\"@type\":\"WebPage\",\"@id\":\"https:\/\/experienciadevida.com.ar\/portalurbano\/cierre-de-la-propuesta-de-verano-en-la-calesita-de-ilusiones\/\",\"url\":\"https:\/\/experienciadevida.com.ar\/portalurbano\/cierre-de-la-propuesta-de-verano-en-la-calesita-de-ilusiones\/\",\"name\":\"Cierre de la propuesta de verano en la calesita de ilusiones\",\"isPartOf\":{\"@id\":\"https:\/\/experienciadevida.com.ar\/portalurbano\/#website\"},\"datePublished\":\"2022-02-15T17:40:56+00:00\",\"dateModified\":\"2022-02-15T17:41:38+00:00\",\"description\":\"Cierre de la propuesta de verano en la Calesita de Ilusiones, la Calesita de Ilusiones -con el proyecto \u201cIncl\u00fayeme\u201d\",\"breadcrumb\":{\"@id\":\"https:\/\/experienciadevida.com.ar\/portalurbano\/cierre-de-la-propuesta-de-verano-en-la-calesita-de-ilusiones\/#breadcrumb\"},\"inLanguage\":\"es\",\"potentialAction\":[{\"@type\":\"ReadAction\",\"target\":[\"https:\/\/experienciadevida.com.ar\/portalurbano\/cierre-de-la-propuesta-de-verano-en-la-calesita-de-ilusiones\/\"]}]},{\"@type\":\"BreadcrumbList\",\"@id\":\"https:\/\/experienciadevida.com.ar\/portalurbano\/cierre-de-la-propuesta-de-verano-en-la-calesita-de-ilusiones\/#breadcrumb\",\"itemListElement\":[{\"@type\":\"ListItem\",\"position\":1,\"name\":\"Portada\",\"item\":\"https:\/\/experienciadevida.com.ar\/portalurbano\/\"},{\"@type\":\"ListItem\",\"position\":2,\"name\":\"Cierre de la propuesta de verano en la Calesita de Ilusiones\"}]},{\"@type\":\"WebSite\",\"@id\":\"https:\/\/experienciadevida.com.ar\/portalurbano\/#website\",\"url\":\"https:\/\/experienciadevida.com.ar\/portalurbano\/\",\"name\":\"\",\"description\":\"\",\"publisher\":{\"@id\":\"https:\/\/experienciadevida.com.ar\/portalurbano\/#organization\"},\"potentialAction\":[{\"@type\":\"SearchAction\",\"target\":{\"@type\":\"EntryPoint\",\"urlTemplate\":\"https:\/\/experienciadevida.com.ar\/portalurbano\/?s={search_term_string}\"},\"query-input\":\"required name=search_term_string\"}],\"inLanguage\":\"es\"},{\"@type\":\"Organization\",\"@id\":\"https:\/\/experienciadevida.com.ar\/portalurbano\/#organization\",\"name\":\"Portal Urbano\",\"url\":\"https:\/\/experienciadevida.com.ar\/portalurbano\/\",\"logo\":{\"@type\":\"ImageObject\",\"inLanguage\":\"es\",\"@id\":\"https:\/\/experienciadevida.com.ar\/portalurbano\/#\/schema\/logo\/image\/\",\"url\":\"https:\/\/experienciadevida.com.ar\/portalurbano\/wp-content\/uploads\/2019\/09\/Logo-Original.png\",\"contentUrl\":\"https:\/\/experienciadevida.com.ar\/portalurbano\/wp-content\/uploads\/2019\/09\/Logo-Original.png\",\"width\":2236,\"height\":1216,\"caption\":\"Portal Urbano\"},\"image\":{\"@id\":\"https:\/\/experienciadevida.com.ar\/portalurbano\/#\/schema\/logo\/image\/\"},\"sameAs\":[\"https:\/\/www.facebook.com\/Portal-Urbano-171542830093757\/\",\"https:\/\/twitter.com\/portalurbanook\",\"https:\/\/www.instagram.com\/_portalurbano\/\",\"https:\/\/www.youtube.com\/channel\/UCXhagIfszH8KxFiOok79zbA?view_as=subscriber\"]},{\"@type\":\"Person\",\"@id\":\"https:\/\/experienciadevida.com.ar\/portalurbano\/#\/schema\/person\/02dd326b1c4b056e9cc972486934a3a7\",\"name\":\"admpu17wp\",\"image\":{\"@type\":\"ImageObject\",\"inLanguage\":\"es\",\"@id\":\"https:\/\/experienciadevida.com.ar\/portalurbano\/#\/schema\/person\/image\/\",\"url\":\"https:\/\/secure.gravatar.com\/avatar\/830d4c57adaae6630765e449a6908047?s=96&d=mm&r=g\",\"contentUrl\":\"https:\/\/secure.gravatar.com\/avatar\/830d4c57adaae6630765e449a6908047?s=96&d=mm&r=g\",\"caption\":\"admpu17wp\"}}]}<\/script>\n<!-- \/ Yoast SEO plugin. -->","yoast_head_json":{"title":"Cierre de la propuesta de verano en la calesita de ilusiones","description":"Cierre de la propuesta de verano en la Calesita de Ilusiones, la Calesita de Ilusiones -con el proyecto \u201cIncl\u00fayeme\u201d","robots":{"index":"index","follow":"follow","max-snippet":"max-snippet:-1","max-image-preview":"max-image-preview:large","max-video-preview":"max-video-preview:-1"},"canonical":"https:\/\/experienciadevida.com.ar\/portalurbano\/cierre-de-la-propuesta-de-verano-en-la-calesita-de-ilusiones\/","og_locale":"es_ES","og_type":"article","og_title":"Cierre de la propuesta de verano en la calesita de ilusiones","og_description":"Cierre de la propuesta de verano en la Calesita de Ilusiones, la Calesita de Ilusiones -con el proyecto \u201cIncl\u00fayeme\u201d","og_url":"https:\/\/experienciadevida.com.ar\/portalurbano\/cierre-de-la-propuesta-de-verano-en-la-calesita-de-ilusiones\/","article_publisher":"https:\/\/www.facebook.com\/Portal-Urbano-171542830093757\/","article_published_time":"2022-02-15T17:40:56+00:00","article_modified_time":"2022-02-15T17:41:38+00:00","og_image":[{"width":1040,"height":780,"url":"https:\/\/experienciadevida.com.ar\/portalurbano\/wp-content\/uploads\/2022\/02\/Cierre-de-la-propuesta.jpg","type":"image\/jpeg"}],"author":"admpu17wp","twitter_card":"summary_large_image","twitter_creator":"@portalurbanook","twitter_site":"@portalurbanook","twitter_misc":{"Escrito por":"admpu17wp","Tiempo de lectura":"1 minuto"},"schema":{"@context":"https:\/\/schema.org","@graph":[{"@type":"Article","@id":"https:\/\/experienciadevida.com.ar\/portalurbano\/cierre-de-la-propuesta-de-verano-en-la-calesita-de-ilusiones\/#article","isPartOf":{"@id":"https:\/\/experienciadevida.com.ar\/portalurbano\/cierre-de-la-propuesta-de-verano-en-la-calesita-de-ilusiones\/"},"author":{"name":"admpu17wp","@id":"https:\/\/experienciadevida.com.ar\/portalurbano\/#\/schema\/person\/02dd326b1c4b056e9cc972486934a3a7"},"headline":"Cierre de la propuesta de verano en la Calesita de Ilusiones","datePublished":"2022-02-15T17:40:56+00:00","dateModified":"2022-02-15T17:41:38+00:00","mainEntityOfPage":{"@id":"https:\/\/experienciadevida.com.ar\/portalurbano\/cierre-de-la-propuesta-de-verano-en-la-calesita-de-ilusiones\/"},"wordCount":198,"publisher":{"@id":"https:\/\/experienciadevida.com.ar\/portalurbano\/#organization"},"articleSection":["Ciudad"],"inLanguage":"es"},{"@type":"WebPage","@id":"https:\/\/experienciadevida.com.ar\/portalurbano\/cierre-de-la-propuesta-de-verano-en-la-calesita-de-ilusiones\/","url":"https:\/\/experienciadevida.com.ar\/portalurbano\/cierre-de-la-propuesta-de-verano-en-la-calesita-de-ilusiones\/","name":"Cierre de la propuesta de verano en la calesita de ilusiones","isPartOf":{"@id":"https:\/\/experienciadevida.com.ar\/portalurbano\/#website"},"datePublished":"2022-02-15T17:40:56+00:00","dateModified":"2022-02-15T17:41:38+00:00","description":"Cierre de la propuesta de verano en la Calesita de Ilusiones, la Calesita de Ilusiones -con el proyecto \u201cIncl\u00fayeme\u201d","breadcrumb":{"@id":"https:\/\/experienciadevida.com.ar\/portalurbano\/cierre-de-la-propuesta-de-verano-en-la-calesita-de-ilusiones\/#breadcrumb"},"inLanguage":"es","potentialAction":[{"@type":"ReadAction","target":["https:\/\/experienciadevida.com.ar\/portalurbano\/cierre-de-la-propuesta-de-verano-en-la-calesita-de-ilusiones\/"]}]},{"@type":"BreadcrumbList","@id":"https:\/\/experienciadevida.com.ar\/portalurbano\/cierre-de-la-propuesta-de-verano-en-la-calesita-de-ilusiones\/#breadcrumb","itemListElement":[{"@type":"ListItem","position":1,"name":"Portada","item":"https:\/\/experienciadevida.com.ar\/portalurbano\/"},{"@type":"ListItem","position":2,"name":"Cierre de la propuesta de verano en la Calesita de Ilusiones"}]},{"@type":"WebSite","@id":"https:\/\/experienciadevida.com.ar\/portalurbano\/#website","url":"https:\/\/experienciadevida.com.ar\/portalurbano\/","name":"","description":"","publisher":{"@id":"https:\/\/experienciadevida.com.ar\/portalurbano\/#organization"},"potentialAction":[{"@type":"SearchAction","target":{"@type":"EntryPoint","urlTemplate":"https:\/\/experienciadevida.com.ar\/portalurbano\/?s={search_term_string}"},"query-input":"required name=search_term_string"}],"inLanguage":"es"},{"@type":"Organization","@id":"https:\/\/experienciadevida.com.ar\/portalurbano\/#organization","name":"Portal Urbano","url":"https:\/\/experienciadevida.com.ar\/portalurbano\/","logo":{"@type":"ImageObject","inLanguage":"es","@id":"https:\/\/experienciadevida.com.ar\/portalurbano\/#\/schema\/logo\/image\/","url":"https:\/\/experienciadevida.com.ar\/portalurbano\/wp-content\/uploads\/2019\/09\/Logo-Original.png","contentUrl":"https:\/\/experienciadevida.com.ar\/portalurbano\/wp-content\/uploads\/2019\/09\/Logo-Original.png","width":2236,"height":1216,"caption":"Portal Urbano"},"image":{"@id":"https:\/\/experienciadevida.com.ar\/portalurbano\/#\/schema\/logo\/image\/"},"sameAs":["https:\/\/www.facebook.com\/Portal-Urbano-171542830093757\/","https:\/\/twitter.com\/portalurbanook","https:\/\/www.instagram.com\/_portalurbano\/","https:\/\/www.youtube.com\/channel\/UCXhagIfszH8KxFiOok79zbA?view_as=subscriber"]},{"@type":"Person","@id":"https:\/\/experienciadevida.com.ar\/portalurbano\/#\/schema\/person\/02dd326b1c4b056e9cc972486934a3a7","name":"admpu17wp","image":{"@type":"ImageObject","inLanguage":"es","@id":"https:\/\/experienciadevida.com.ar\/portalurbano\/#\/schema\/person\/image\/","url":"https:\/\/secure.gravatar.com\/avatar\/830d4c57adaae6630765e449a6908047?s=96&d=mm&r=g","contentUrl":"https:\/\/secure.gravatar.com\/avatar\/830d4c57adaae6630765e449a6908047?s=96&d=mm&r=g","caption":"admpu17wp"}}]}},"featured_image_urls":{"full":["https:\/\/experienciadevida.com.ar\/portalurbano\/wp-content\/uploads\/2022\/02\/Cierre-de-la-propuesta.jpg",1040,780,false],"thumbnail":["https:\/\/experienciadevida.com.ar\/portalurbano\/wp-content\/uploads\/2022\/02\/Cierre-de-la-propuesta-150x150.jpg",150,150,true],"medium":["https:\/\/experienciadevida.com.ar\/portalurbano\/wp-content\/uploads\/2022\/02\/Cierre-de-la-propuesta-300x225.jpg",300,225,true],"medium_large":["https:\/\/experienciadevida.com.ar\/portalurbano\/wp-content\/uploads\/2022\/02\/Cierre-de-la-propuesta-768x576.jpg",640,480,true],"large":["https:\/\/experienciadevida.com.ar\/portalurbano\/wp-content\/uploads\/2022\/02\/Cierre-de-la-propuesta-1024x768.jpg",640,480,true],"ug_big":["https:\/\/experienciadevida.com.ar\/portalurbano\/wp-content\/uploads\/2022\/02\/Cierre-de-la-propuesta-768x576.jpg",768,576,true],"1536x1536":["https:\/\/experienciadevida.com.ar\/portalurbano\/wp-content\/uploads\/2022\/02\/Cierre-de-la-propuesta.jpg",1040,780,false],"2048x2048":["https:\/\/experienciadevida.com.ar\/portalurbano\/wp-content\/uploads\/2022\/02\/Cierre-de-la-propuesta.jpg",1040,780,false],"newsever-slider-full":["https:\/\/experienciadevida.com.ar\/portalurbano\/wp-content\/uploads\/2022\/02\/Cierre-de-la-propuesta.jpg",1040,780,false],"newsever-featured":["https:\/\/experienciadevida.com.ar\/portalurbano\/wp-content\/uploads\/2022\/02\/Cierre-de-la-propuesta.jpg",1024,768,false],"newsever-medium":["https:\/\/experienciadevida.com.ar\/portalurbano\/wp-content\/uploads\/2022\/02\/Cierre-de-la-propuesta.jpg",633,475,false],"web-stories-poster-portrait":["https:\/\/experienciadevida.com.ar\/portalurbano\/wp-content\/uploads\/2022\/02\/Cierre-de-la-propuesta.jpg",640,480,false],"web-stories-publisher-logo":["https:\/\/experienciadevida.com.ar\/portalurbano\/wp-content\/uploads\/2022\/02\/Cierre-de-la-propuesta.jpg",96,72,false],"web-stories-thumbnail":["https:\/\/experienciadevida.com.ar\/portalurbano\/wp-content\/uploads\/2022\/02\/Cierre-de-la-propuesta.jpg",150,113,false]},"author_info":{"display_name":"admpu17wp","author_link":"https:\/\/experienciadevida.com.ar\/portalurbano\/author\/admpu17wp\/"},"category_info":"<a href=\"https:\/\/experienciadevida.com.ar\/portalurbano\/category\/ciudad\/\" rel=\"category tag\">Ciudad<\/a>","tag_info":"Ciudad","comment_count":"0","amp_enabled":true,"_links":{"self":[{"href":"https:\/\/experienciadevida.com.ar\/portalurbano\/wp-json\/wp\/v2\/posts\/161733"}],"collection":[{"href":"https:\/\/experienciadevida.com.ar\/portalurbano\/wp-json\/wp\/v2\/posts"}],"about":[{"href":"https:\/\/experienciadevida.com.ar\/portalurbano\/wp-json\/wp\/v2\/types\/post"}],"author":[{"embeddable":true,"href":"https:\/\/experienciadevida.com.ar\/portalurbano\/wp-json\/wp\/v2\/users\/1"}],"replies":[{"embeddable":true,"href":"https:\/\/experienciadevida.com.ar\/portalurbano\/wp-json\/wp\/v2\/comments?post=161733"}],"version-history":[{"count":2,"href":"https:\/\/experienciadevida.com.ar\/portalurbano\/wp-json\/wp\/v2\/posts\/161733\/revisions"}],"predecessor-version":[{"id":161738,"href":"https:\/\/experienciadevida.com.ar\/portalurbano\/wp-json\/wp\/v2\/posts\/161733\/revisions\/161738"}],"wp:featuredmedia":[{"embeddable":true,"href":"https:\/\/experienciadevida.com.ar\/portalurbano\/wp-json\/wp\/v2\/media\/161734"}],"wp:attachment":[{"href":"https:\/\/experienciadevida.com.ar\/portalurbano\/wp-json\/wp\/v2\/media?parent=161733"}],"wp:term":[{"taxonomy":"category","embeddable":true,"href":"https:\/\/experienciadevida.com.ar\/portalurbano\/wp-json\/wp\/v2\/categories?post=161733"},{"taxonomy":"post_tag","embeddable":true,"href":"https:\/\/experienciadevida.com.ar\/portalurbano\/wp-json\/wp\/v2\/tags?post=161733"}],"curies":[{"name":"wp","href":"https:\/\/api.w.org\/{rel}","templated":true}]}}