{"id":161730,"date":"2022-02-15T14:36:14","date_gmt":"2022-02-15T17:36:14","guid":{"rendered":"https:\/\/experienciadevida.com.ar\/portalurbano\/?p=161730"},"modified":"2022-02-15T14:36:47","modified_gmt":"2022-02-15T17:36:47","slug":"se-licito-la-construccion-de-sendas-peatonales-en-hinojo","status":"publish","type":"post","link":"https:\/\/experienciadevida.com.ar\/portalurbano\/se-licito-la-construccion-de-sendas-peatonales-en-hinojo\/","title":{"rendered":"Se licit\u00f3 la construcci\u00f3n de sendas peatonales en Hinojo"},"content":{"rendered":"<p>Se licit\u00f3 la construcci\u00f3n de sendas peatonales en Hinojo, en la ma\u00f1ana de este martes se dio apertura a la licitaci\u00f3n p\u00fablica para la construcci\u00f3n de sendas peatonales en la localidad de Hinojo.<\/p>\n<p>El acto se llev\u00f3 a cabo a las 11 horas en la Direcci\u00f3n de Licitaciones del Palacio San <a href=\"https:\/\/www.facebook.com\/municipiodeolavarria\">Mart\u00edn<\/a>.<\/p>\n<p>La obra comprende trabajos de revisi\u00f3n de replanteos, preparaci\u00f3n del terreno, control de niveles, relleno y compactaci\u00f3n del suelo, retiro de restos vegetales, examinar las superficies a reparar, preparaci\u00f3n de las tareas, vallados, c\u00e1lculo, etc. Las obras se llevar\u00e1n a cabo en el Parque Mitre en la mencionada localidad.<\/p>\n<p>Ante la presencia de la directora de Licitaciones Pilar Ciardelli y representantes de las empresas proponentes, se desarroll\u00f3 el acto; en el que se efectuaron las siguientes ofertas econ\u00f3micas:<\/p>\n<p>PECMA SRL.: cotiza 12.600.960 pesos.<br \/>\nBurgardt N\u00e9stor Miguel: cotiza 10.959.000 pesos.<br \/>\nATAK SRL.: cotiza 10.495.200 pesos.<br \/>\nEscobedo Mariano Mauro: cotiza 12.609.000 pesos.<br \/>\nLas sendas peatonales tienen gran importancia en materia de seguridad vial; dado que priorizan el paso de quienes constituyen el eslab\u00f3n de tr\u00e1nsito m\u00e1s vulnerable. En un choque entre un veh\u00edculo y un peat\u00f3n, este \u00faltimo probabil\u00edsticamente sufra mayor \u00edndice de da\u00f1o, ya que no cuenta con ninguna protecci\u00f3n corporal.<\/p>\n<p>Por eso, desde el Municipio se trabaja de forma sostenida en el dise\u00f1o de este tipo de se\u00f1alizaci\u00f3n vial, tanto en el casco urbano como en las localidades del Partido.<\/p>\n","protected":false},"excerpt":{"rendered":"<p>Se licit\u00f3 la construcci\u00f3n de sendas peatonales en Hinojo, en la ma\u00f1ana de este martes&#8230;<\/p>\n","protected":false},"author":1,"featured_media":161731,"comment_status":"closed","ping_status":"closed","sticky":false,"template":"","format":"standard","meta":{"content-type":""},"categories":[27,64],"tags":[],"nelio_content":{"isAutoShareEnabled":false,"autoShareEndMode":"default","automationSources":{"useContentSentences":true,"useSocialTemplates":true,"useCustomSentences":false,"customSentences":[]},"followers":[1],"suggestedReferences":[],"includedReferences":[],"efiUrl":"","efiAlt":"","highlights":[]},"yoast_head":"<!-- This site is optimized with the Yoast SEO plugin v20.7 - https:\/\/yoast.com\/wordpress\/plugins\/seo\/ -->\n<title>Se licit\u00f3 la construcci\u00f3n de sendas peatonales en Hinojo<\/title>\n<meta name=\"description\" content=\"Se licit\u00f3 la construcci\u00f3n de sendas peatonales en Hinojo, en la ma\u00f1ana de este martes se dio apertura a la licitaci\u00f3n p\u00fablica\" \/>\n<meta name=\"robots\" content=\"index, follow, max-snippet:-1, max-image-preview:large, max-video-preview:-1\" \/>\n<link rel=\"canonical\" href=\"https:\/\/experienciadevida.com.ar\/portalurbano\/se-licito-la-construccion-de-sendas-peatonales-en-hinojo\/\" \/>\n<meta property=\"og:locale\" content=\"es_ES\" \/>\n<meta property=\"og:type\" content=\"article\" \/>\n<meta property=\"og:title\" content=\"Se licit\u00f3 la construcci\u00f3n de sendas peatonales en Hinojo\" \/>\n<meta property=\"og:description\" content=\"Se licit\u00f3 la construcci\u00f3n de sendas peatonales en Hinojo, en la ma\u00f1ana de este martes se dio apertura a la licitaci\u00f3n p\u00fablica\" \/>\n<meta property=\"og:url\" content=\"https:\/\/experienciadevida.com.ar\/portalurbano\/se-licito-la-construccion-de-sendas-peatonales-en-hinojo\/\" \/>\n<meta property=\"article:publisher\" content=\"https:\/\/www.facebook.com\/Portal-Urbano-171542830093757\/\" \/>\n<meta property=\"article:published_time\" content=\"2022-02-15T17:36:14+00:00\" \/>\n<meta property=\"article:modified_time\" content=\"2022-02-15T17:36:47+00:00\" \/>\n<meta property=\"og:image\" content=\"https:\/\/experienciadevida.com.ar\/portalurbano\/wp-content\/uploads\/2022\/02\/Se-licito-la-construccion.jpg\" \/>\n\t<meta property=\"og:image:width\" content=\"640\" \/>\n\t<meta property=\"og:image:height\" content=\"427\" \/>\n\t<meta property=\"og:image:type\" content=\"image\/jpeg\" \/>\n<meta name=\"author\" content=\"admpu17wp\" \/>\n<meta name=\"twitter:card\" content=\"summary_large_image\" \/>\n<meta name=\"twitter:creator\" content=\"@portalurbanook\" \/>\n<meta name=\"twitter:site\" content=\"@portalurbanook\" \/>\n<meta name=\"twitter:label1\" content=\"Escrito por\" \/>\n\t<meta name=\"twitter:data1\" content=\"admpu17wp\" \/>\n\t<meta name=\"twitter:label2\" content=\"Tiempo de lectura\" \/>\n\t<meta name=\"twitter:data2\" content=\"2 minutos\" \/>\n<script type=\"application\/ld+json\" class=\"yoast-schema-graph\">{\"@context\":\"https:\/\/schema.org\",\"@graph\":[{\"@type\":\"Article\",\"@id\":\"https:\/\/experienciadevida.com.ar\/portalurbano\/se-licito-la-construccion-de-sendas-peatonales-en-hinojo\/#article\",\"isPartOf\":{\"@id\":\"https:\/\/experienciadevida.com.ar\/portalurbano\/se-licito-la-construccion-de-sendas-peatonales-en-hinojo\/\"},\"author\":{\"name\":\"admpu17wp\",\"@id\":\"https:\/\/experienciadevida.com.ar\/portalurbano\/#\/schema\/person\/02dd326b1c4b056e9cc972486934a3a7\"},\"headline\":\"Se licit\u00f3 la construcci\u00f3n de sendas peatonales en Hinojo\",\"datePublished\":\"2022-02-15T17:36:14+00:00\",\"dateModified\":\"2022-02-15T17:36:47+00:00\",\"mainEntityOfPage\":{\"@id\":\"https:\/\/experienciadevida.com.ar\/portalurbano\/se-licito-la-construccion-de-sendas-peatonales-en-hinojo\/\"},\"wordCount\":263,\"publisher\":{\"@id\":\"https:\/\/experienciadevida.com.ar\/portalurbano\/#organization\"},\"articleSection\":[\"Ciudad\",\"Destacadas 2\"],\"inLanguage\":\"es\"},{\"@type\":\"WebPage\",\"@id\":\"https:\/\/experienciadevida.com.ar\/portalurbano\/se-licito-la-construccion-de-sendas-peatonales-en-hinojo\/\",\"url\":\"https:\/\/experienciadevida.com.ar\/portalurbano\/se-licito-la-construccion-de-sendas-peatonales-en-hinojo\/\",\"name\":\"Se licit\u00f3 la construcci\u00f3n de sendas peatonales en Hinojo\",\"isPartOf\":{\"@id\":\"https:\/\/experienciadevida.com.ar\/portalurbano\/#website\"},\"datePublished\":\"2022-02-15T17:36:14+00:00\",\"dateModified\":\"2022-02-15T17:36:47+00:00\",\"description\":\"Se licit\u00f3 la construcci\u00f3n de sendas peatonales en Hinojo, en la ma\u00f1ana de este martes se dio apertura a la licitaci\u00f3n p\u00fablica\",\"breadcrumb\":{\"@id\":\"https:\/\/experienciadevida.com.ar\/portalurbano\/se-licito-la-construccion-de-sendas-peatonales-en-hinojo\/#breadcrumb\"},\"inLanguage\":\"es\",\"potentialAction\":[{\"@type\":\"ReadAction\",\"target\":[\"https:\/\/experienciadevida.com.ar\/portalurbano\/se-licito-la-construccion-de-sendas-peatonales-en-hinojo\/\"]}]},{\"@type\":\"BreadcrumbList\",\"@id\":\"https:\/\/experienciadevida.com.ar\/portalurbano\/se-licito-la-construccion-de-sendas-peatonales-en-hinojo\/#breadcrumb\",\"itemListElement\":[{\"@type\":\"ListItem\",\"position\":1,\"name\":\"Portada\",\"item\":\"https:\/\/experienciadevida.com.ar\/portalurbano\/\"},{\"@type\":\"ListItem\",\"position\":2,\"name\":\"Se licit\u00f3 la construcci\u00f3n de sendas peatonales en Hinojo\"}]},{\"@type\":\"WebSite\",\"@id\":\"https:\/\/experienciadevida.com.ar\/portalurbano\/#website\",\"url\":\"https:\/\/experienciadevida.com.ar\/portalurbano\/\",\"name\":\"\",\"description\":\"\",\"publisher\":{\"@id\":\"https:\/\/experienciadevida.com.ar\/portalurbano\/#organization\"},\"potentialAction\":[{\"@type\":\"SearchAction\",\"target\":{\"@type\":\"EntryPoint\",\"urlTemplate\":\"https:\/\/experienciadevida.com.ar\/portalurbano\/?s={search_term_string}\"},\"query-input\":\"required name=search_term_string\"}],\"inLanguage\":\"es\"},{\"@type\":\"Organization\",\"@id\":\"https:\/\/experienciadevida.com.ar\/portalurbano\/#organization\",\"name\":\"Portal Urbano\",\"url\":\"https:\/\/experienciadevida.com.ar\/portalurbano\/\",\"logo\":{\"@type\":\"ImageObject\",\"inLanguage\":\"es\",\"@id\":\"https:\/\/experienciadevida.com.ar\/portalurbano\/#\/schema\/logo\/image\/\",\"url\":\"https:\/\/experienciadevida.com.ar\/portalurbano\/wp-content\/uploads\/2019\/09\/Logo-Original.png\",\"contentUrl\":\"https:\/\/experienciadevida.com.ar\/portalurbano\/wp-content\/uploads\/2019\/09\/Logo-Original.png\",\"width\":2236,\"height\":1216,\"caption\":\"Portal Urbano\"},\"image\":{\"@id\":\"https:\/\/experienciadevida.com.ar\/portalurbano\/#\/schema\/logo\/image\/\"},\"sameAs\":[\"https:\/\/www.facebook.com\/Portal-Urbano-171542830093757\/\",\"https:\/\/twitter.com\/portalurbanook\",\"https:\/\/www.instagram.com\/_portalurbano\/\",\"https:\/\/www.youtube.com\/channel\/UCXhagIfszH8KxFiOok79zbA?view_as=subscriber\"]},{\"@type\":\"Person\",\"@id\":\"https:\/\/experienciadevida.com.ar\/portalurbano\/#\/schema\/person\/02dd326b1c4b056e9cc972486934a3a7\",\"name\":\"admpu17wp\",\"image\":{\"@type\":\"ImageObject\",\"inLanguage\":\"es\",\"@id\":\"https:\/\/experienciadevida.com.ar\/portalurbano\/#\/schema\/person\/image\/\",\"url\":\"https:\/\/secure.gravatar.com\/avatar\/830d4c57adaae6630765e449a6908047?s=96&d=mm&r=g\",\"contentUrl\":\"https:\/\/secure.gravatar.com\/avatar\/830d4c57adaae6630765e449a6908047?s=96&d=mm&r=g\",\"caption\":\"admpu17wp\"}}]}<\/script>\n<!-- \/ Yoast SEO plugin. -->","yoast_head_json":{"title":"Se licit\u00f3 la construcci\u00f3n de sendas peatonales en Hinojo","description":"Se licit\u00f3 la construcci\u00f3n de sendas peatonales en Hinojo, en la ma\u00f1ana de este martes se dio apertura a la licitaci\u00f3n p\u00fablica","robots":{"index":"index","follow":"follow","max-snippet":"max-snippet:-1","max-image-preview":"max-image-preview:large","max-video-preview":"max-video-preview:-1"},"canonical":"https:\/\/experienciadevida.com.ar\/portalurbano\/se-licito-la-construccion-de-sendas-peatonales-en-hinojo\/","og_locale":"es_ES","og_type":"article","og_title":"Se licit\u00f3 la construcci\u00f3n de sendas peatonales en Hinojo","og_description":"Se licit\u00f3 la construcci\u00f3n de sendas peatonales en Hinojo, en la ma\u00f1ana de este martes se dio apertura a la licitaci\u00f3n p\u00fablica","og_url":"https:\/\/experienciadevida.com.ar\/portalurbano\/se-licito-la-construccion-de-sendas-peatonales-en-hinojo\/","article_publisher":"https:\/\/www.facebook.com\/Portal-Urbano-171542830093757\/","article_published_time":"2022-02-15T17:36:14+00:00","article_modified_time":"2022-02-15T17:36:47+00:00","og_image":[{"width":640,"height":427,"url":"https:\/\/experienciadevida.com.ar\/portalurbano\/wp-content\/uploads\/2022\/02\/Se-licito-la-construccion.jpg","type":"image\/jpeg"}],"author":"admpu17wp","twitter_card":"summary_large_image","twitter_creator":"@portalurbanook","twitter_site":"@portalurbanook","twitter_misc":{"Escrito por":"admpu17wp","Tiempo de lectura":"2 minutos"},"schema":{"@context":"https:\/\/schema.org","@graph":[{"@type":"Article","@id":"https:\/\/experienciadevida.com.ar\/portalurbano\/se-licito-la-construccion-de-sendas-peatonales-en-hinojo\/#article","isPartOf":{"@id":"https:\/\/experienciadevida.com.ar\/portalurbano\/se-licito-la-construccion-de-sendas-peatonales-en-hinojo\/"},"author":{"name":"admpu17wp","@id":"https:\/\/experienciadevida.com.ar\/portalurbano\/#\/schema\/person\/02dd326b1c4b056e9cc972486934a3a7"},"headline":"Se licit\u00f3 la construcci\u00f3n de sendas peatonales en Hinojo","datePublished":"2022-02-15T17:36:14+00:00","dateModified":"2022-02-15T17:36:47+00:00","mainEntityOfPage":{"@id":"https:\/\/experienciadevida.com.ar\/portalurbano\/se-licito-la-construccion-de-sendas-peatonales-en-hinojo\/"},"wordCount":263,"publisher":{"@id":"https:\/\/experienciadevida.com.ar\/portalurbano\/#organization"},"articleSection":["Ciudad","Destacadas 2"],"inLanguage":"es"},{"@type":"WebPage","@id":"https:\/\/experienciadevida.com.ar\/portalurbano\/se-licito-la-construccion-de-sendas-peatonales-en-hinojo\/","url":"https:\/\/experienciadevida.com.ar\/portalurbano\/se-licito-la-construccion-de-sendas-peatonales-en-hinojo\/","name":"Se licit\u00f3 la construcci\u00f3n de sendas peatonales en Hinojo","isPartOf":{"@id":"https:\/\/experienciadevida.com.ar\/portalurbano\/#website"},"datePublished":"2022-02-15T17:36:14+00:00","dateModified":"2022-02-15T17:36:47+00:00","description":"Se licit\u00f3 la construcci\u00f3n de sendas peatonales en Hinojo, en la ma\u00f1ana de este martes se dio apertura a la licitaci\u00f3n p\u00fablica","breadcrumb":{"@id":"https:\/\/experienciadevida.com.ar\/portalurbano\/se-licito-la-construccion-de-sendas-peatonales-en-hinojo\/#breadcrumb"},"inLanguage":"es","potentialAction":[{"@type":"ReadAction","target":["https:\/\/experienciadevida.com.ar\/portalurbano\/se-licito-la-construccion-de-sendas-peatonales-en-hinojo\/"]}]},{"@type":"BreadcrumbList","@id":"https:\/\/experienciadevida.com.ar\/portalurbano\/se-licito-la-construccion-de-sendas-peatonales-en-hinojo\/#breadcrumb","itemListElement":[{"@type":"ListItem","position":1,"name":"Portada","item":"https:\/\/experienciadevida.com.ar\/portalurbano\/"},{"@type":"ListItem","position":2,"name":"Se licit\u00f3 la construcci\u00f3n de sendas peatonales en Hinojo"}]},{"@type":"WebSite","@id":"https:\/\/experienciadevida.com.ar\/portalurbano\/#website","url":"https:\/\/experienciadevida.com.ar\/portalurbano\/","name":"","description":"","publisher":{"@id":"https:\/\/experienciadevida.com.ar\/portalurbano\/#organization"},"potentialAction":[{"@type":"SearchAction","target":{"@type":"EntryPoint","urlTemplate":"https:\/\/experienciadevida.com.ar\/portalurbano\/?s={search_term_string}"},"query-input":"required name=search_term_string"}],"inLanguage":"es"},{"@type":"Organization","@id":"https:\/\/experienciadevida.com.ar\/portalurbano\/#organization","name":"Portal Urbano","url":"https:\/\/experienciadevida.com.ar\/portalurbano\/","logo":{"@type":"ImageObject","inLanguage":"es","@id":"https:\/\/experienciadevida.com.ar\/portalurbano\/#\/schema\/logo\/image\/","url":"https:\/\/experienciadevida.com.ar\/portalurbano\/wp-content\/uploads\/2019\/09\/Logo-Original.png","contentUrl":"https:\/\/experienciadevida.com.ar\/portalurbano\/wp-content\/uploads\/2019\/09\/Logo-Original.png","width":2236,"height":1216,"caption":"Portal Urbano"},"image":{"@id":"https:\/\/experienciadevida.com.ar\/portalurbano\/#\/schema\/logo\/image\/"},"sameAs":["https:\/\/www.facebook.com\/Portal-Urbano-171542830093757\/","https:\/\/twitter.com\/portalurbanook","https:\/\/www.instagram.com\/_portalurbano\/","https:\/\/www.youtube.com\/channel\/UCXhagIfszH8KxFiOok79zbA?view_as=subscriber"]},{"@type":"Person","@id":"https:\/\/experienciadevida.com.ar\/portalurbano\/#\/schema\/person\/02dd326b1c4b056e9cc972486934a3a7","name":"admpu17wp","image":{"@type":"ImageObject","inLanguage":"es","@id":"https:\/\/experienciadevida.com.ar\/portalurbano\/#\/schema\/person\/image\/","url":"https:\/\/secure.gravatar.com\/avatar\/830d4c57adaae6630765e449a6908047?s=96&d=mm&r=g","contentUrl":"https:\/\/secure.gravatar.com\/avatar\/830d4c57adaae6630765e449a6908047?s=96&d=mm&r=g","caption":"admpu17wp"}}]}},"featured_image_urls":{"full":["https:\/\/experienciadevida.com.ar\/portalurbano\/wp-content\/uploads\/2022\/02\/Se-licito-la-construccion.jpg",640,427,false],"thumbnail":["https:\/\/experienciadevida.com.ar\/portalurbano\/wp-content\/uploads\/2022\/02\/Se-licito-la-construccion-150x150.jpg",150,150,true],"medium":["https:\/\/experienciadevida.com.ar\/portalurbano\/wp-content\/uploads\/2022\/02\/Se-licito-la-construccion-300x200.jpg",300,200,true],"medium_large":["https:\/\/experienciadevida.com.ar\/portalurbano\/wp-content\/uploads\/2022\/02\/Se-licito-la-construccion.jpg",640,427,false],"large":["https:\/\/experienciadevida.com.ar\/portalurbano\/wp-content\/uploads\/2022\/02\/Se-licito-la-construccion.jpg",640,427,false],"ug_big":["https:\/\/experienciadevida.com.ar\/portalurbano\/wp-content\/uploads\/2022\/02\/Se-licito-la-construccion.jpg",640,427,false],"1536x1536":["https:\/\/experienciadevida.com.ar\/portalurbano\/wp-content\/uploads\/2022\/02\/Se-licito-la-construccion.jpg",640,427,false],"2048x2048":["https:\/\/experienciadevida.com.ar\/portalurbano\/wp-content\/uploads\/2022\/02\/Se-licito-la-construccion.jpg",640,427,false],"newsever-slider-full":["https:\/\/experienciadevida.com.ar\/portalurbano\/wp-content\/uploads\/2022\/02\/Se-licito-la-construccion.jpg",640,427,false],"newsever-featured":["https:\/\/experienciadevida.com.ar\/portalurbano\/wp-content\/uploads\/2022\/02\/Se-licito-la-construccion.jpg",640,427,false],"newsever-medium":["https:\/\/experienciadevida.com.ar\/portalurbano\/wp-content\/uploads\/2022\/02\/Se-licito-la-construccion.jpg",640,427,false],"web-stories-poster-portrait":["https:\/\/experienciadevida.com.ar\/portalurbano\/wp-content\/uploads\/2022\/02\/Se-licito-la-construccion.jpg",640,427,false],"web-stories-publisher-logo":["https:\/\/experienciadevida.com.ar\/portalurbano\/wp-content\/uploads\/2022\/02\/Se-licito-la-construccion.jpg",96,64,false],"web-stories-thumbnail":["https:\/\/experienciadevida.com.ar\/portalurbano\/wp-content\/uploads\/2022\/02\/Se-licito-la-construccion.jpg",150,100,false]},"author_info":{"display_name":"admpu17wp","author_link":"https:\/\/experienciadevida.com.ar\/portalurbano\/author\/admpu17wp\/"},"category_info":"<a href=\"https:\/\/experienciadevida.com.ar\/portalurbano\/category\/ciudad\/\" rel=\"category tag\">Ciudad<\/a> <a href=\"https:\/\/experienciadevida.com.ar\/portalurbano\/category\/destacadas-2\/\" rel=\"category tag\">Destacadas 2<\/a>","tag_info":"Destacadas 2","comment_count":"0","amp_enabled":true,"_links":{"self":[{"href":"https:\/\/experienciadevida.com.ar\/portalurbano\/wp-json\/wp\/v2\/posts\/161730"}],"collection":[{"href":"https:\/\/experienciadevida.com.ar\/portalurbano\/wp-json\/wp\/v2\/posts"}],"about":[{"href":"https:\/\/experienciadevida.com.ar\/portalurbano\/wp-json\/wp\/v2\/types\/post"}],"author":[{"embeddable":true,"href":"https:\/\/experienciadevida.com.ar\/portalurbano\/wp-json\/wp\/v2\/users\/1"}],"replies":[{"embeddable":true,"href":"https:\/\/experienciadevida.com.ar\/portalurbano\/wp-json\/wp\/v2\/comments?post=161730"}],"version-history":[{"count":1,"href":"https:\/\/experienciadevida.com.ar\/portalurbano\/wp-json\/wp\/v2\/posts\/161730\/revisions"}],"predecessor-version":[{"id":161732,"href":"https:\/\/experienciadevida.com.ar\/portalurbano\/wp-json\/wp\/v2\/posts\/161730\/revisions\/161732"}],"wp:featuredmedia":[{"embeddable":true,"href":"https:\/\/experienciadevida.com.ar\/portalurbano\/wp-json\/wp\/v2\/media\/161731"}],"wp:attachment":[{"href":"https:\/\/experienciadevida.com.ar\/portalurbano\/wp-json\/wp\/v2\/media?parent=161730"}],"wp:term":[{"taxonomy":"category","embeddable":true,"href":"https:\/\/experienciadevida.com.ar\/portalurbano\/wp-json\/wp\/v2\/categories?post=161730"},{"taxonomy":"post_tag","embeddable":true,"href":"https:\/\/experienciadevida.com.ar\/portalurbano\/wp-json\/wp\/v2\/tags?post=161730"}],"curies":[{"name":"wp","href":"https:\/\/api.w.org\/{rel}","templated":true}]}}