{"id":161674,"date":"2022-02-14T15:47:59","date_gmt":"2022-02-14T18:47:59","guid":{"rendered":"https:\/\/experienciadevida.com.ar\/portalurbano\/?p=161674"},"modified":"2022-02-14T15:50:27","modified_gmt":"2022-02-14T18:50:27","slug":"avanza-la-ampliacion-de-la-red-cloacal-en-facundo-quiroga-i","status":"publish","type":"post","link":"https:\/\/experienciadevida.com.ar\/portalurbano\/avanza-la-ampliacion-de-la-red-cloacal-en-facundo-quiroga-i\/","title":{"rendered":"Avanza la ampliaci\u00f3n de la red cloacal en Facundo Quiroga I"},"content":{"rendered":"<p>Avanza la ampliaci\u00f3n de la red cloacal en Facundo Quiroga I, en la ma\u00f1ana de este lunes el intendente Ezequiel Galli recorri\u00f3 el barrio Facundo Quiroga I. All\u00ed se avanza en la ampliaci\u00f3n de la red cloacal, que beneficiar\u00e1 a m\u00e1s de mil vecinos que viven en el sector.<\/p>\n<p><a href=\"https:\/\/experienciadevida.com.ar\/portalurbano\/avanza-la-ampliacion-de-la-red-cloacal-en-facundo-quiroga-i\/avanza-4\/\" rel=\"attachment wp-att-161677\"><img decoding=\"async\" class=\"alignnone size-full wp-image-161677\" src=\"https:\/\/experienciadevida.com.ar\/portalurbano\/wp-content\/uploads\/2022\/02\/Avanza.jpg\" alt=\"Avanza \" width=\"640\" height=\"427\" srcset=\"https:\/\/experienciadevida.com.ar\/portalurbano\/wp-content\/uploads\/2022\/02\/Avanza.jpg 640w, https:\/\/experienciadevida.com.ar\/portalurbano\/wp-content\/uploads\/2022\/02\/Avanza-300x200.jpg 300w\" sizes=\"(max-width: 640px) 100vw, 640px\" \/><\/a><\/p>\n<p>Acompa\u00f1\u00f3 al Intendente el secretario Mantenimiento y Obras P\u00fablicas Julio Ferraro.<\/p>\n<p>La red cloacal es un servicio fundamental para la comunidad y, por lo tanto, resulta prioritario para la gesti\u00f3n municipal. Adem\u00e1s permite contar con una adecuada estructura sanitaria, en pos de mejorar la calidad de vida de quienes viven all\u00ed.<\/p>\n<p>Con esta obra ser\u00e1 realizado el tendido de ca\u00f1er\u00eda en una extensi\u00f3n total de 3940 metros, cubriendo con el servicio la zona entre calle Corrientes y la Rioja desde C. Milstein hasta Av. Avellaneda. A la fecha, el avance de obra supera el 40%. Actualmente los trabajos se desarrollan en Santa Fe y Milstein. All\u00ed se desarrolla la excavaci\u00f3n y colocaci\u00f3n de ca\u00f1er\u00edas de 160mm, conexiones domiciliarias y bocas de registro de PRF.<\/p>\n<p>El total de viviendas a conectar cuando finalice la obra ser\u00e1 de 227 unidades, a partir de la liberaci\u00f3n al servicio p\u00fablico. Cada conexi\u00f3n correr\u00e1 por cuenta del vecino, con ca\u00f1er\u00eda de 110 mm desde cada vivienda, hasta caja de registro dispuesta en cada vereda.<\/p>\n<p>La nueva red descargar\u00e1 en el colector cloacal sur, con su empalme en Avda. La Rioja. El proyecto responde al Plan Integral de OSBA (Obras Sanitarias de la provincia de Buenos Aires) existente para toda la ciudad de Olavarr\u00eda.<\/p>\n<p>Cabe se\u00f1alar que la obra de cloacas en el barrio Facundo Quiroga I, se encuentra a cargo de la empresa Obras Civiles Alis S.A. por un monto de $29.995.815,46, tras resultar adjudicataria de la licitaci\u00f3n.<\/p>\n<p><a href=\"https:\/\/experienciadevida.com.ar\/portalurbano\/avanza-la-ampliacion-de-la-red-cloacal-en-facundo-quiroga-i\/la-ampliacion\/\" rel=\"attachment wp-att-161678\"><img decoding=\"async\" class=\"alignnone size-full wp-image-161678\" src=\"https:\/\/experienciadevida.com.ar\/portalurbano\/wp-content\/uploads\/2022\/02\/la-ampliacion.jpg\" alt=\"la ampliaci\u00f3n \" width=\"640\" height=\"427\" srcset=\"https:\/\/experienciadevida.com.ar\/portalurbano\/wp-content\/uploads\/2022\/02\/la-ampliacion.jpg 640w, https:\/\/experienciadevida.com.ar\/portalurbano\/wp-content\/uploads\/2022\/02\/la-ampliacion-300x200.jpg 300w\" sizes=\"(max-width: 640px) 100vw, 640px\" \/><\/a><\/p>\n","protected":false},"excerpt":{"rendered":"<p>Avanza la ampliaci\u00f3n de la red cloacal en Facundo Quiroga I, en la ma\u00f1ana de&#8230;<\/p>\n","protected":false},"author":1,"featured_media":161675,"comment_status":"closed","ping_status":"closed","sticky":false,"template":"","format":"standard","meta":{"content-type":""},"categories":[27,64],"tags":[],"nelio_content":{"isAutoShareEnabled":false,"autoShareEndMode":"default","automationSources":{"useContentSentences":true,"useSocialTemplates":true,"useCustomSentences":false,"customSentences":[]},"followers":[1],"suggestedReferences":[],"includedReferences":[],"efiUrl":"","efiAlt":"","highlights":[]},"yoast_head":"<!-- This site is optimized with the Yoast SEO plugin v20.7 - https:\/\/yoast.com\/wordpress\/plugins\/seo\/ -->\n<title>Avanza la ampliaci\u00f3n de la red cloacal en Facundo Quirog I<\/title>\n<meta name=\"description\" content=\"Avanza la ampliaci\u00f3n de la red cloacal en Facundo Quiroga I, en la ma\u00f1ana de este lunes el intendente Ezequiel Galli recorri\u00f3 el barrio\" \/>\n<meta name=\"robots\" content=\"index, follow, max-snippet:-1, max-image-preview:large, max-video-preview:-1\" \/>\n<link rel=\"canonical\" href=\"https:\/\/experienciadevida.com.ar\/portalurbano\/avanza-la-ampliacion-de-la-red-cloacal-en-facundo-quiroga-i\/\" \/>\n<meta property=\"og:locale\" content=\"es_ES\" \/>\n<meta property=\"og:type\" content=\"article\" \/>\n<meta property=\"og:title\" content=\"Avanza la ampliaci\u00f3n de la red cloacal en Facundo Quirog I\" \/>\n<meta property=\"og:description\" content=\"Avanza la ampliaci\u00f3n de la red cloacal en Facundo Quiroga I, en la ma\u00f1ana de este lunes el intendente Ezequiel Galli recorri\u00f3 el barrio\" \/>\n<meta property=\"og:url\" content=\"https:\/\/experienciadevida.com.ar\/portalurbano\/avanza-la-ampliacion-de-la-red-cloacal-en-facundo-quiroga-i\/\" \/>\n<meta property=\"article:publisher\" content=\"https:\/\/www.facebook.com\/Portal-Urbano-171542830093757\/\" \/>\n<meta property=\"article:published_time\" content=\"2022-02-14T18:47:59+00:00\" \/>\n<meta property=\"article:modified_time\" content=\"2022-02-14T18:50:27+00:00\" \/>\n<meta property=\"og:image\" content=\"https:\/\/experienciadevida.com.ar\/portalurbano\/wp-content\/uploads\/2022\/02\/Avanza-la-ampliacion-de.jpg\" \/>\n\t<meta property=\"og:image:width\" content=\"640\" \/>\n\t<meta property=\"og:image:height\" content=\"427\" \/>\n\t<meta property=\"og:image:type\" content=\"image\/jpeg\" \/>\n<meta name=\"author\" content=\"admpu17wp\" \/>\n<meta name=\"twitter:card\" content=\"summary_large_image\" \/>\n<meta name=\"twitter:creator\" content=\"@portalurbanook\" \/>\n<meta name=\"twitter:site\" content=\"@portalurbanook\" \/>\n<meta name=\"twitter:label1\" content=\"Escrito por\" \/>\n\t<meta name=\"twitter:data1\" content=\"admpu17wp\" \/>\n\t<meta name=\"twitter:label2\" content=\"Tiempo de lectura\" \/>\n\t<meta name=\"twitter:data2\" content=\"2 minutos\" \/>\n<script type=\"application\/ld+json\" class=\"yoast-schema-graph\">{\"@context\":\"https:\/\/schema.org\",\"@graph\":[{\"@type\":\"Article\",\"@id\":\"https:\/\/experienciadevida.com.ar\/portalurbano\/avanza-la-ampliacion-de-la-red-cloacal-en-facundo-quiroga-i\/#article\",\"isPartOf\":{\"@id\":\"https:\/\/experienciadevida.com.ar\/portalurbano\/avanza-la-ampliacion-de-la-red-cloacal-en-facundo-quiroga-i\/\"},\"author\":{\"name\":\"admpu17wp\",\"@id\":\"https:\/\/experienciadevida.com.ar\/portalurbano\/#\/schema\/person\/02dd326b1c4b056e9cc972486934a3a7\"},\"headline\":\"Avanza la ampliaci\u00f3n de la red cloacal en Facundo Quiroga I\",\"datePublished\":\"2022-02-14T18:47:59+00:00\",\"dateModified\":\"2022-02-14T18:50:27+00:00\",\"mainEntityOfPage\":{\"@id\":\"https:\/\/experienciadevida.com.ar\/portalurbano\/avanza-la-ampliacion-de-la-red-cloacal-en-facundo-quiroga-i\/\"},\"wordCount\":322,\"publisher\":{\"@id\":\"https:\/\/experienciadevida.com.ar\/portalurbano\/#organization\"},\"articleSection\":[\"Ciudad\",\"Destacadas 2\"],\"inLanguage\":\"es\"},{\"@type\":\"WebPage\",\"@id\":\"https:\/\/experienciadevida.com.ar\/portalurbano\/avanza-la-ampliacion-de-la-red-cloacal-en-facundo-quiroga-i\/\",\"url\":\"https:\/\/experienciadevida.com.ar\/portalurbano\/avanza-la-ampliacion-de-la-red-cloacal-en-facundo-quiroga-i\/\",\"name\":\"Avanza la ampliaci\u00f3n de la red cloacal en Facundo Quirog I\",\"isPartOf\":{\"@id\":\"https:\/\/experienciadevida.com.ar\/portalurbano\/#website\"},\"datePublished\":\"2022-02-14T18:47:59+00:00\",\"dateModified\":\"2022-02-14T18:50:27+00:00\",\"description\":\"Avanza la ampliaci\u00f3n de la red cloacal en Facundo Quiroga I, en la ma\u00f1ana de este lunes el intendente Ezequiel Galli recorri\u00f3 el barrio\",\"breadcrumb\":{\"@id\":\"https:\/\/experienciadevida.com.ar\/portalurbano\/avanza-la-ampliacion-de-la-red-cloacal-en-facundo-quiroga-i\/#breadcrumb\"},\"inLanguage\":\"es\",\"potentialAction\":[{\"@type\":\"ReadAction\",\"target\":[\"https:\/\/experienciadevida.com.ar\/portalurbano\/avanza-la-ampliacion-de-la-red-cloacal-en-facundo-quiroga-i\/\"]}]},{\"@type\":\"BreadcrumbList\",\"@id\":\"https:\/\/experienciadevida.com.ar\/portalurbano\/avanza-la-ampliacion-de-la-red-cloacal-en-facundo-quiroga-i\/#breadcrumb\",\"itemListElement\":[{\"@type\":\"ListItem\",\"position\":1,\"name\":\"Portada\",\"item\":\"https:\/\/experienciadevida.com.ar\/portalurbano\/\"},{\"@type\":\"ListItem\",\"position\":2,\"name\":\"Avanza la ampliaci\u00f3n de la red cloacal en Facundo Quiroga I\"}]},{\"@type\":\"WebSite\",\"@id\":\"https:\/\/experienciadevida.com.ar\/portalurbano\/#website\",\"url\":\"https:\/\/experienciadevida.com.ar\/portalurbano\/\",\"name\":\"\",\"description\":\"\",\"publisher\":{\"@id\":\"https:\/\/experienciadevida.com.ar\/portalurbano\/#organization\"},\"potentialAction\":[{\"@type\":\"SearchAction\",\"target\":{\"@type\":\"EntryPoint\",\"urlTemplate\":\"https:\/\/experienciadevida.com.ar\/portalurbano\/?s={search_term_string}\"},\"query-input\":\"required name=search_term_string\"}],\"inLanguage\":\"es\"},{\"@type\":\"Organization\",\"@id\":\"https:\/\/experienciadevida.com.ar\/portalurbano\/#organization\",\"name\":\"Portal Urbano\",\"url\":\"https:\/\/experienciadevida.com.ar\/portalurbano\/\",\"logo\":{\"@type\":\"ImageObject\",\"inLanguage\":\"es\",\"@id\":\"https:\/\/experienciadevida.com.ar\/portalurbano\/#\/schema\/logo\/image\/\",\"url\":\"https:\/\/experienciadevida.com.ar\/portalurbano\/wp-content\/uploads\/2019\/09\/Logo-Original.png\",\"contentUrl\":\"https:\/\/experienciadevida.com.ar\/portalurbano\/wp-content\/uploads\/2019\/09\/Logo-Original.png\",\"width\":2236,\"height\":1216,\"caption\":\"Portal Urbano\"},\"image\":{\"@id\":\"https:\/\/experienciadevida.com.ar\/portalurbano\/#\/schema\/logo\/image\/\"},\"sameAs\":[\"https:\/\/www.facebook.com\/Portal-Urbano-171542830093757\/\",\"https:\/\/twitter.com\/portalurbanook\",\"https:\/\/www.instagram.com\/_portalurbano\/\",\"https:\/\/www.youtube.com\/channel\/UCXhagIfszH8KxFiOok79zbA?view_as=subscriber\"]},{\"@type\":\"Person\",\"@id\":\"https:\/\/experienciadevida.com.ar\/portalurbano\/#\/schema\/person\/02dd326b1c4b056e9cc972486934a3a7\",\"name\":\"admpu17wp\",\"image\":{\"@type\":\"ImageObject\",\"inLanguage\":\"es\",\"@id\":\"https:\/\/experienciadevida.com.ar\/portalurbano\/#\/schema\/person\/image\/\",\"url\":\"https:\/\/secure.gravatar.com\/avatar\/830d4c57adaae6630765e449a6908047?s=96&d=mm&r=g\",\"contentUrl\":\"https:\/\/secure.gravatar.com\/avatar\/830d4c57adaae6630765e449a6908047?s=96&d=mm&r=g\",\"caption\":\"admpu17wp\"}}]}<\/script>\n<!-- \/ Yoast SEO plugin. -->","yoast_head_json":{"title":"Avanza la ampliaci\u00f3n de la red cloacal en Facundo Quirog I","description":"Avanza la ampliaci\u00f3n de la red cloacal en Facundo Quiroga I, en la ma\u00f1ana de este lunes el intendente Ezequiel Galli recorri\u00f3 el barrio","robots":{"index":"index","follow":"follow","max-snippet":"max-snippet:-1","max-image-preview":"max-image-preview:large","max-video-preview":"max-video-preview:-1"},"canonical":"https:\/\/experienciadevida.com.ar\/portalurbano\/avanza-la-ampliacion-de-la-red-cloacal-en-facundo-quiroga-i\/","og_locale":"es_ES","og_type":"article","og_title":"Avanza la ampliaci\u00f3n de la red cloacal en Facundo Quirog I","og_description":"Avanza la ampliaci\u00f3n de la red cloacal en Facundo Quiroga I, en la ma\u00f1ana de este lunes el intendente Ezequiel Galli recorri\u00f3 el barrio","og_url":"https:\/\/experienciadevida.com.ar\/portalurbano\/avanza-la-ampliacion-de-la-red-cloacal-en-facundo-quiroga-i\/","article_publisher":"https:\/\/www.facebook.com\/Portal-Urbano-171542830093757\/","article_published_time":"2022-02-14T18:47:59+00:00","article_modified_time":"2022-02-14T18:50:27+00:00","og_image":[{"width":640,"height":427,"url":"https:\/\/experienciadevida.com.ar\/portalurbano\/wp-content\/uploads\/2022\/02\/Avanza-la-ampliacion-de.jpg","type":"image\/jpeg"}],"author":"admpu17wp","twitter_card":"summary_large_image","twitter_creator":"@portalurbanook","twitter_site":"@portalurbanook","twitter_misc":{"Escrito por":"admpu17wp","Tiempo de lectura":"2 minutos"},"schema":{"@context":"https:\/\/schema.org","@graph":[{"@type":"Article","@id":"https:\/\/experienciadevida.com.ar\/portalurbano\/avanza-la-ampliacion-de-la-red-cloacal-en-facundo-quiroga-i\/#article","isPartOf":{"@id":"https:\/\/experienciadevida.com.ar\/portalurbano\/avanza-la-ampliacion-de-la-red-cloacal-en-facundo-quiroga-i\/"},"author":{"name":"admpu17wp","@id":"https:\/\/experienciadevida.com.ar\/portalurbano\/#\/schema\/person\/02dd326b1c4b056e9cc972486934a3a7"},"headline":"Avanza la ampliaci\u00f3n de la red cloacal en Facundo Quiroga I","datePublished":"2022-02-14T18:47:59+00:00","dateModified":"2022-02-14T18:50:27+00:00","mainEntityOfPage":{"@id":"https:\/\/experienciadevida.com.ar\/portalurbano\/avanza-la-ampliacion-de-la-red-cloacal-en-facundo-quiroga-i\/"},"wordCount":322,"publisher":{"@id":"https:\/\/experienciadevida.com.ar\/portalurbano\/#organization"},"articleSection":["Ciudad","Destacadas 2"],"inLanguage":"es"},{"@type":"WebPage","@id":"https:\/\/experienciadevida.com.ar\/portalurbano\/avanza-la-ampliacion-de-la-red-cloacal-en-facundo-quiroga-i\/","url":"https:\/\/experienciadevida.com.ar\/portalurbano\/avanza-la-ampliacion-de-la-red-cloacal-en-facundo-quiroga-i\/","name":"Avanza la ampliaci\u00f3n de la red cloacal en Facundo Quirog I","isPartOf":{"@id":"https:\/\/experienciadevida.com.ar\/portalurbano\/#website"},"datePublished":"2022-02-14T18:47:59+00:00","dateModified":"2022-02-14T18:50:27+00:00","description":"Avanza la ampliaci\u00f3n de la red cloacal en Facundo Quiroga I, en la ma\u00f1ana de este lunes el intendente Ezequiel Galli recorri\u00f3 el barrio","breadcrumb":{"@id":"https:\/\/experienciadevida.com.ar\/portalurbano\/avanza-la-ampliacion-de-la-red-cloacal-en-facundo-quiroga-i\/#breadcrumb"},"inLanguage":"es","potentialAction":[{"@type":"ReadAction","target":["https:\/\/experienciadevida.com.ar\/portalurbano\/avanza-la-ampliacion-de-la-red-cloacal-en-facundo-quiroga-i\/"]}]},{"@type":"BreadcrumbList","@id":"https:\/\/experienciadevida.com.ar\/portalurbano\/avanza-la-ampliacion-de-la-red-cloacal-en-facundo-quiroga-i\/#breadcrumb","itemListElement":[{"@type":"ListItem","position":1,"name":"Portada","item":"https:\/\/experienciadevida.com.ar\/portalurbano\/"},{"@type":"ListItem","position":2,"name":"Avanza la ampliaci\u00f3n de la red cloacal en Facundo Quiroga I"}]},{"@type":"WebSite","@id":"https:\/\/experienciadevida.com.ar\/portalurbano\/#website","url":"https:\/\/experienciadevida.com.ar\/portalurbano\/","name":"","description":"","publisher":{"@id":"https:\/\/experienciadevida.com.ar\/portalurbano\/#organization"},"potentialAction":[{"@type":"SearchAction","target":{"@type":"EntryPoint","urlTemplate":"https:\/\/experienciadevida.com.ar\/portalurbano\/?s={search_term_string}"},"query-input":"required name=search_term_string"}],"inLanguage":"es"},{"@type":"Organization","@id":"https:\/\/experienciadevida.com.ar\/portalurbano\/#organization","name":"Portal Urbano","url":"https:\/\/experienciadevida.com.ar\/portalurbano\/","logo":{"@type":"ImageObject","inLanguage":"es","@id":"https:\/\/experienciadevida.com.ar\/portalurbano\/#\/schema\/logo\/image\/","url":"https:\/\/experienciadevida.com.ar\/portalurbano\/wp-content\/uploads\/2019\/09\/Logo-Original.png","contentUrl":"https:\/\/experienciadevida.com.ar\/portalurbano\/wp-content\/uploads\/2019\/09\/Logo-Original.png","width":2236,"height":1216,"caption":"Portal Urbano"},"image":{"@id":"https:\/\/experienciadevida.com.ar\/portalurbano\/#\/schema\/logo\/image\/"},"sameAs":["https:\/\/www.facebook.com\/Portal-Urbano-171542830093757\/","https:\/\/twitter.com\/portalurbanook","https:\/\/www.instagram.com\/_portalurbano\/","https:\/\/www.youtube.com\/channel\/UCXhagIfszH8KxFiOok79zbA?view_as=subscriber"]},{"@type":"Person","@id":"https:\/\/experienciadevida.com.ar\/portalurbano\/#\/schema\/person\/02dd326b1c4b056e9cc972486934a3a7","name":"admpu17wp","image":{"@type":"ImageObject","inLanguage":"es","@id":"https:\/\/experienciadevida.com.ar\/portalurbano\/#\/schema\/person\/image\/","url":"https:\/\/secure.gravatar.com\/avatar\/830d4c57adaae6630765e449a6908047?s=96&d=mm&r=g","contentUrl":"https:\/\/secure.gravatar.com\/avatar\/830d4c57adaae6630765e449a6908047?s=96&d=mm&r=g","caption":"admpu17wp"}}]}},"featured_image_urls":{"full":["https:\/\/experienciadevida.com.ar\/portalurbano\/wp-content\/uploads\/2022\/02\/Avanza-la-ampliacion-de.jpg",640,427,false],"thumbnail":["https:\/\/experienciadevida.com.ar\/portalurbano\/wp-content\/uploads\/2022\/02\/Avanza-la-ampliacion-de-150x150.jpg",150,150,true],"medium":["https:\/\/experienciadevida.com.ar\/portalurbano\/wp-content\/uploads\/2022\/02\/Avanza-la-ampliacion-de-300x200.jpg",300,200,true],"medium_large":["https:\/\/experienciadevida.com.ar\/portalurbano\/wp-content\/uploads\/2022\/02\/Avanza-la-ampliacion-de.jpg",640,427,false],"large":["https:\/\/experienciadevida.com.ar\/portalurbano\/wp-content\/uploads\/2022\/02\/Avanza-la-ampliacion-de.jpg",640,427,false],"ug_big":["https:\/\/experienciadevida.com.ar\/portalurbano\/wp-content\/uploads\/2022\/02\/Avanza-la-ampliacion-de.jpg",640,427,false],"1536x1536":["https:\/\/experienciadevida.com.ar\/portalurbano\/wp-content\/uploads\/2022\/02\/Avanza-la-ampliacion-de.jpg",640,427,false],"2048x2048":["https:\/\/experienciadevida.com.ar\/portalurbano\/wp-content\/uploads\/2022\/02\/Avanza-la-ampliacion-de.jpg",640,427,false],"newsever-slider-full":["https:\/\/experienciadevida.com.ar\/portalurbano\/wp-content\/uploads\/2022\/02\/Avanza-la-ampliacion-de.jpg",640,427,false],"newsever-featured":["https:\/\/experienciadevida.com.ar\/portalurbano\/wp-content\/uploads\/2022\/02\/Avanza-la-ampliacion-de.jpg",640,427,false],"newsever-medium":["https:\/\/experienciadevida.com.ar\/portalurbano\/wp-content\/uploads\/2022\/02\/Avanza-la-ampliacion-de.jpg",640,427,false],"web-stories-poster-portrait":["https:\/\/experienciadevida.com.ar\/portalurbano\/wp-content\/uploads\/2022\/02\/Avanza-la-ampliacion-de.jpg",640,427,false],"web-stories-publisher-logo":["https:\/\/experienciadevida.com.ar\/portalurbano\/wp-content\/uploads\/2022\/02\/Avanza-la-ampliacion-de.jpg",96,64,false],"web-stories-thumbnail":["https:\/\/experienciadevida.com.ar\/portalurbano\/wp-content\/uploads\/2022\/02\/Avanza-la-ampliacion-de.jpg",150,100,false]},"author_info":{"display_name":"admpu17wp","author_link":"https:\/\/experienciadevida.com.ar\/portalurbano\/author\/admpu17wp\/"},"category_info":"<a href=\"https:\/\/experienciadevida.com.ar\/portalurbano\/category\/ciudad\/\" rel=\"category tag\">Ciudad<\/a> <a href=\"https:\/\/experienciadevida.com.ar\/portalurbano\/category\/destacadas-2\/\" rel=\"category tag\">Destacadas 2<\/a>","tag_info":"Destacadas 2","comment_count":"0","amp_enabled":true,"_links":{"self":[{"href":"https:\/\/experienciadevida.com.ar\/portalurbano\/wp-json\/wp\/v2\/posts\/161674"}],"collection":[{"href":"https:\/\/experienciadevida.com.ar\/portalurbano\/wp-json\/wp\/v2\/posts"}],"about":[{"href":"https:\/\/experienciadevida.com.ar\/portalurbano\/wp-json\/wp\/v2\/types\/post"}],"author":[{"embeddable":true,"href":"https:\/\/experienciadevida.com.ar\/portalurbano\/wp-json\/wp\/v2\/users\/1"}],"replies":[{"embeddable":true,"href":"https:\/\/experienciadevida.com.ar\/portalurbano\/wp-json\/wp\/v2\/comments?post=161674"}],"version-history":[{"count":2,"href":"https:\/\/experienciadevida.com.ar\/portalurbano\/wp-json\/wp\/v2\/posts\/161674\/revisions"}],"predecessor-version":[{"id":161679,"href":"https:\/\/experienciadevida.com.ar\/portalurbano\/wp-json\/wp\/v2\/posts\/161674\/revisions\/161679"}],"wp:featuredmedia":[{"embeddable":true,"href":"https:\/\/experienciadevida.com.ar\/portalurbano\/wp-json\/wp\/v2\/media\/161675"}],"wp:attachment":[{"href":"https:\/\/experienciadevida.com.ar\/portalurbano\/wp-json\/wp\/v2\/media?parent=161674"}],"wp:term":[{"taxonomy":"category","embeddable":true,"href":"https:\/\/experienciadevida.com.ar\/portalurbano\/wp-json\/wp\/v2\/categories?post=161674"},{"taxonomy":"post_tag","embeddable":true,"href":"https:\/\/experienciadevida.com.ar\/portalurbano\/wp-json\/wp\/v2\/tags?post=161674"}],"curies":[{"name":"wp","href":"https:\/\/api.w.org\/{rel}","templated":true}]}}