{"id":161651,"date":"2022-02-13T21:21:30","date_gmt":"2022-02-14T00:21:30","guid":{"rendered":"https:\/\/experienciadevida.com.ar\/portalurbano\/?p=161651"},"modified":"2022-02-13T21:23:37","modified_gmt":"2022-02-14T00:23:37","slug":"la-basura-no-vuelve-sola-agrupaciones-locales-adhieren-a-la-campana","status":"publish","type":"post","link":"https:\/\/experienciadevida.com.ar\/portalurbano\/la-basura-no-vuelve-sola-agrupaciones-locales-adhieren-a-la-campana\/","title":{"rendered":"&#8220;La basura no vuelve sola&#8221;: agrupaciones locales adhieren a la campa\u00f1a"},"content":{"rendered":"<p>&#8220;La basura no vuelve sola&#8221;: agrupaciones locales adhieren a la campa\u00f1a, desde el Departamento de Educaci\u00f3n <a href=\"https:\/\/www.facebook.com\/municipiodeolavarria\">Ambiental<\/a> se convoc\u00f3 a la ciudadan\u00eda a participar de una propuesta, en el marco de la campa\u00f1a \u00abLa basura no vuelve sola, es parte de tu equipaje\u00bb<\/p>\n<p>En esta oportunidad, se sum\u00f3 la agrupaci\u00f3n Remada Verde Olavarr\u00eda conformada por un grupo de kayakistas ambientalistas voluntarios, quienes se encargan de mantener limpios los parques a la vera del arroyo los fines de semana. Tambi\u00e9n adhiere Plogging Serrano, un grupo de vecinos de Sierras Bayas convocados a favor del medio ambiente.<\/p>\n<p>Asimismo, se suma la participaci\u00f3n de Defensa Civil y Bomberos Voluntarios, debido a la importancia de disminuir los riesgos de incendios en ambientes naturales, provocados por descuidos en nuestro comportamiento en cuanto a los residuos. De este modo, la campa\u00f1a intenta tambi\u00e9n visibilizar el problema, llamar nuestra atenci\u00f3n, educar para entender la relaci\u00f3n que existe entre los residuos y los incendios, a los fines de generar comportamientos m\u00e1s emp\u00e1ticos y comprometidos con el ambiente y la comunidad.<\/p>\n<p>Los residuos est\u00e1n estrechamente vinculados a los incendios en espacios naturales y es por esto que se lleva adelante esta campa\u00f1a educativa.<\/p>\n<p>Por ejemplo: los aerosoles, debido a las altas temperaturas, pueden explotar y originar fuego, al igual que las botellas o trozos de vidrio, debido al efecto \u201clupa\u201d y la basura a su alrededor envolturas met\u00e1licas, bolsas, papeles y otros desechos acrecientan el problema.<\/p>\n<p>\u00abLa basura no vuelve sola, es parte de tu equipaje\u00bb<\/p>\n<p>La presente campa\u00f1a est\u00e1 pensada para que grupos de trabajo, instituciones, ONGs, grupos ambientalistas, ciudadanos y otros actores sociales de Olavarr\u00eda puedan participar. Se pretende invitar a la concientizaci\u00f3n y la participaci\u00f3n comunitaria mediante la limpieza de los ambientes naturales, registrando el trabajo realizado en el facebook del Bioparque \u201cLa M\u00e1xima\u00bb, o simplemente compartiendo los flyer informativos.<\/p>\n<p>Para la Direcci\u00f3n del Bioparque, lo m\u00e1s interesante constituye la promoci\u00f3n de h\u00e1bitos saludables y v\u00ednculos positivos en los ambientes naturales.<\/p>\n<p>\u201cNuestros espacios naturales son muy visitados por vecinos que buscan vincularse con la naturaleza, pescadores, visitantes, caminantes, corredores, entre otros. Esto trae aparejada la generaci\u00f3n de residuos en estos espacios, lo que ocasiona un problema para los ecosistemas, mediante la acumulaci\u00f3n de residuos y su perturbaci\u00f3n. En muchos de estos lugares no existe la recolecci\u00f3n de residuos, lo que provoca que las personas que asisten dejen sus residuos en los ecosistemas, tardando estos muchos a\u00f1os en degradarse\u201d, expres\u00f3 Maldonado.<\/p>\n<p>\u00bfC\u00f3mo participar?<\/p>\n<p>Si pertenec\u00e9s a una instituci\u00f3n podes sumar tu logo para adherir al flyer de la campa\u00f1a y compartir el material en las redes sociales.<br \/>\nPod\u00e9s participar en forma personal o grupal, limpiando el metro cuadrado del espacio natural que est\u00e1s visitando, juntando los residuos que otros tiraron y no retiraron.<br \/>\nPueden compartir las acciones realizadas en las redes sociales del Bioparque \u201cLa M\u00e1xima\u201d.<br \/>\nParticipar de las jornadas de voluntariado en los entornos naturales, recogiendo la basura desde el lugar en donde estemos disfrutando de la naturaleza.<\/p>\n<p>Foto: archivo<\/p>\n","protected":false},"excerpt":{"rendered":"<p>&#8220;La basura no vuelve sola&#8221;: agrupaciones locales adhieren a la campa\u00f1a, desde el Departamento de&#8230;<\/p>\n","protected":false},"author":1,"featured_media":161652,"comment_status":"closed","ping_status":"closed","sticky":false,"template":"","format":"standard","meta":{"content-type":""},"categories":[27,64],"tags":[],"nelio_content":{"isAutoShareEnabled":false,"autoShareEndMode":"default","automationSources":{"useContentSentences":true,"useSocialTemplates":true,"useCustomSentences":false,"customSentences":[]},"followers":[1],"suggestedReferences":[],"includedReferences":[],"efiUrl":"","efiAlt":"","highlights":[]},"yoast_head":"<!-- This site is optimized with the Yoast SEO plugin v20.7 - https:\/\/yoast.com\/wordpress\/plugins\/seo\/ -->\n<title>&quot;La basura no vuelve sola&quot;: agrupaciones locales adhieren a la campa\u00f1a<\/title>\n<meta name=\"description\" content=\"&quot;La basura no vuelve sola&quot;: agrupaciones locales adhieren a la campa\u00f1a, en el marco de la campa\u00f1a \u00abLa basura no vuelve sola, es parte\" \/>\n<meta name=\"robots\" content=\"index, follow, max-snippet:-1, max-image-preview:large, max-video-preview:-1\" \/>\n<link rel=\"canonical\" href=\"https:\/\/experienciadevida.com.ar\/portalurbano\/la-basura-no-vuelve-sola-agrupaciones-locales-adhieren-a-la-campana\/\" \/>\n<meta property=\"og:locale\" content=\"es_ES\" \/>\n<meta property=\"og:type\" content=\"article\" \/>\n<meta property=\"og:title\" content=\"&quot;La basura no vuelve sola&quot;: agrupaciones locales adhieren a la campa\u00f1a\" \/>\n<meta property=\"og:description\" content=\"&quot;La basura no vuelve sola&quot;: agrupaciones locales adhieren a la campa\u00f1a, en el marco de la campa\u00f1a \u00abLa basura no vuelve sola, es parte\" \/>\n<meta property=\"og:url\" content=\"https:\/\/experienciadevida.com.ar\/portalurbano\/la-basura-no-vuelve-sola-agrupaciones-locales-adhieren-a-la-campana\/\" \/>\n<meta property=\"article:publisher\" content=\"https:\/\/www.facebook.com\/Portal-Urbano-171542830093757\/\" \/>\n<meta property=\"article:published_time\" content=\"2022-02-14T00:21:30+00:00\" \/>\n<meta property=\"article:modified_time\" content=\"2022-02-14T00:23:37+00:00\" \/>\n<meta property=\"og:image\" content=\"https:\/\/experienciadevida.com.ar\/portalurbano\/wp-content\/uploads\/2022\/02\/La-basura-no-vuelve.jpg\" \/>\n\t<meta property=\"og:image:width\" content=\"1000\" \/>\n\t<meta property=\"og:image:height\" content=\"567\" \/>\n\t<meta property=\"og:image:type\" content=\"image\/jpeg\" \/>\n<meta name=\"author\" content=\"admpu17wp\" \/>\n<meta name=\"twitter:card\" content=\"summary_large_image\" \/>\n<meta name=\"twitter:creator\" content=\"@portalurbanook\" \/>\n<meta name=\"twitter:site\" content=\"@portalurbanook\" \/>\n<meta name=\"twitter:label1\" content=\"Escrito por\" \/>\n\t<meta name=\"twitter:data1\" content=\"admpu17wp\" \/>\n\t<meta name=\"twitter:label2\" content=\"Tiempo de lectura\" \/>\n\t<meta name=\"twitter:data2\" content=\"3 minutos\" \/>\n<script type=\"application\/ld+json\" class=\"yoast-schema-graph\">{\"@context\":\"https:\/\/schema.org\",\"@graph\":[{\"@type\":\"Article\",\"@id\":\"https:\/\/experienciadevida.com.ar\/portalurbano\/la-basura-no-vuelve-sola-agrupaciones-locales-adhieren-a-la-campana\/#article\",\"isPartOf\":{\"@id\":\"https:\/\/experienciadevida.com.ar\/portalurbano\/la-basura-no-vuelve-sola-agrupaciones-locales-adhieren-a-la-campana\/\"},\"author\":{\"name\":\"admpu17wp\",\"@id\":\"https:\/\/experienciadevida.com.ar\/portalurbano\/#\/schema\/person\/02dd326b1c4b056e9cc972486934a3a7\"},\"headline\":\"&#8220;La basura no vuelve sola&#8221;: agrupaciones locales adhieren a la campa\u00f1a\",\"datePublished\":\"2022-02-14T00:21:30+00:00\",\"dateModified\":\"2022-02-14T00:23:37+00:00\",\"mainEntityOfPage\":{\"@id\":\"https:\/\/experienciadevida.com.ar\/portalurbano\/la-basura-no-vuelve-sola-agrupaciones-locales-adhieren-a-la-campana\/\"},\"wordCount\":545,\"publisher\":{\"@id\":\"https:\/\/experienciadevida.com.ar\/portalurbano\/#organization\"},\"articleSection\":[\"Ciudad\",\"Destacadas 2\"],\"inLanguage\":\"es\"},{\"@type\":\"WebPage\",\"@id\":\"https:\/\/experienciadevida.com.ar\/portalurbano\/la-basura-no-vuelve-sola-agrupaciones-locales-adhieren-a-la-campana\/\",\"url\":\"https:\/\/experienciadevida.com.ar\/portalurbano\/la-basura-no-vuelve-sola-agrupaciones-locales-adhieren-a-la-campana\/\",\"name\":\"\\\"La basura no vuelve sola\\\": agrupaciones locales adhieren a la campa\u00f1a\",\"isPartOf\":{\"@id\":\"https:\/\/experienciadevida.com.ar\/portalurbano\/#website\"},\"datePublished\":\"2022-02-14T00:21:30+00:00\",\"dateModified\":\"2022-02-14T00:23:37+00:00\",\"description\":\"\\\"La basura no vuelve sola\\\": agrupaciones locales adhieren a la campa\u00f1a, en el marco de la campa\u00f1a \u00abLa basura no vuelve sola, es parte\",\"breadcrumb\":{\"@id\":\"https:\/\/experienciadevida.com.ar\/portalurbano\/la-basura-no-vuelve-sola-agrupaciones-locales-adhieren-a-la-campana\/#breadcrumb\"},\"inLanguage\":\"es\",\"potentialAction\":[{\"@type\":\"ReadAction\",\"target\":[\"https:\/\/experienciadevida.com.ar\/portalurbano\/la-basura-no-vuelve-sola-agrupaciones-locales-adhieren-a-la-campana\/\"]}]},{\"@type\":\"BreadcrumbList\",\"@id\":\"https:\/\/experienciadevida.com.ar\/portalurbano\/la-basura-no-vuelve-sola-agrupaciones-locales-adhieren-a-la-campana\/#breadcrumb\",\"itemListElement\":[{\"@type\":\"ListItem\",\"position\":1,\"name\":\"Portada\",\"item\":\"https:\/\/experienciadevida.com.ar\/portalurbano\/\"},{\"@type\":\"ListItem\",\"position\":2,\"name\":\"\u00abLa basura no vuelve sola\u00bb: agrupaciones locales adhieren a la campa\u00f1a\"}]},{\"@type\":\"WebSite\",\"@id\":\"https:\/\/experienciadevida.com.ar\/portalurbano\/#website\",\"url\":\"https:\/\/experienciadevida.com.ar\/portalurbano\/\",\"name\":\"\",\"description\":\"\",\"publisher\":{\"@id\":\"https:\/\/experienciadevida.com.ar\/portalurbano\/#organization\"},\"potentialAction\":[{\"@type\":\"SearchAction\",\"target\":{\"@type\":\"EntryPoint\",\"urlTemplate\":\"https:\/\/experienciadevida.com.ar\/portalurbano\/?s={search_term_string}\"},\"query-input\":\"required name=search_term_string\"}],\"inLanguage\":\"es\"},{\"@type\":\"Organization\",\"@id\":\"https:\/\/experienciadevida.com.ar\/portalurbano\/#organization\",\"name\":\"Portal Urbano\",\"url\":\"https:\/\/experienciadevida.com.ar\/portalurbano\/\",\"logo\":{\"@type\":\"ImageObject\",\"inLanguage\":\"es\",\"@id\":\"https:\/\/experienciadevida.com.ar\/portalurbano\/#\/schema\/logo\/image\/\",\"url\":\"https:\/\/experienciadevida.com.ar\/portalurbano\/wp-content\/uploads\/2019\/09\/Logo-Original.png\",\"contentUrl\":\"https:\/\/experienciadevida.com.ar\/portalurbano\/wp-content\/uploads\/2019\/09\/Logo-Original.png\",\"width\":2236,\"height\":1216,\"caption\":\"Portal Urbano\"},\"image\":{\"@id\":\"https:\/\/experienciadevida.com.ar\/portalurbano\/#\/schema\/logo\/image\/\"},\"sameAs\":[\"https:\/\/www.facebook.com\/Portal-Urbano-171542830093757\/\",\"https:\/\/twitter.com\/portalurbanook\",\"https:\/\/www.instagram.com\/_portalurbano\/\",\"https:\/\/www.youtube.com\/channel\/UCXhagIfszH8KxFiOok79zbA?view_as=subscriber\"]},{\"@type\":\"Person\",\"@id\":\"https:\/\/experienciadevida.com.ar\/portalurbano\/#\/schema\/person\/02dd326b1c4b056e9cc972486934a3a7\",\"name\":\"admpu17wp\",\"image\":{\"@type\":\"ImageObject\",\"inLanguage\":\"es\",\"@id\":\"https:\/\/experienciadevida.com.ar\/portalurbano\/#\/schema\/person\/image\/\",\"url\":\"https:\/\/secure.gravatar.com\/avatar\/830d4c57adaae6630765e449a6908047?s=96&d=mm&r=g\",\"contentUrl\":\"https:\/\/secure.gravatar.com\/avatar\/830d4c57adaae6630765e449a6908047?s=96&d=mm&r=g\",\"caption\":\"admpu17wp\"}}]}<\/script>\n<!-- \/ Yoast SEO plugin. -->","yoast_head_json":{"title":"\"La basura no vuelve sola\": agrupaciones locales adhieren a la campa\u00f1a","description":"\"La basura no vuelve sola\": agrupaciones locales adhieren a la campa\u00f1a, en el marco de la campa\u00f1a \u00abLa basura no vuelve sola, es parte","robots":{"index":"index","follow":"follow","max-snippet":"max-snippet:-1","max-image-preview":"max-image-preview:large","max-video-preview":"max-video-preview:-1"},"canonical":"https:\/\/experienciadevida.com.ar\/portalurbano\/la-basura-no-vuelve-sola-agrupaciones-locales-adhieren-a-la-campana\/","og_locale":"es_ES","og_type":"article","og_title":"\"La basura no vuelve sola\": agrupaciones locales adhieren a la campa\u00f1a","og_description":"\"La basura no vuelve sola\": agrupaciones locales adhieren a la campa\u00f1a, en el marco de la campa\u00f1a \u00abLa basura no vuelve sola, es parte","og_url":"https:\/\/experienciadevida.com.ar\/portalurbano\/la-basura-no-vuelve-sola-agrupaciones-locales-adhieren-a-la-campana\/","article_publisher":"https:\/\/www.facebook.com\/Portal-Urbano-171542830093757\/","article_published_time":"2022-02-14T00:21:30+00:00","article_modified_time":"2022-02-14T00:23:37+00:00","og_image":[{"width":1000,"height":567,"url":"https:\/\/experienciadevida.com.ar\/portalurbano\/wp-content\/uploads\/2022\/02\/La-basura-no-vuelve.jpg","type":"image\/jpeg"}],"author":"admpu17wp","twitter_card":"summary_large_image","twitter_creator":"@portalurbanook","twitter_site":"@portalurbanook","twitter_misc":{"Escrito por":"admpu17wp","Tiempo de lectura":"3 minutos"},"schema":{"@context":"https:\/\/schema.org","@graph":[{"@type":"Article","@id":"https:\/\/experienciadevida.com.ar\/portalurbano\/la-basura-no-vuelve-sola-agrupaciones-locales-adhieren-a-la-campana\/#article","isPartOf":{"@id":"https:\/\/experienciadevida.com.ar\/portalurbano\/la-basura-no-vuelve-sola-agrupaciones-locales-adhieren-a-la-campana\/"},"author":{"name":"admpu17wp","@id":"https:\/\/experienciadevida.com.ar\/portalurbano\/#\/schema\/person\/02dd326b1c4b056e9cc972486934a3a7"},"headline":"&#8220;La basura no vuelve sola&#8221;: agrupaciones locales adhieren a la campa\u00f1a","datePublished":"2022-02-14T00:21:30+00:00","dateModified":"2022-02-14T00:23:37+00:00","mainEntityOfPage":{"@id":"https:\/\/experienciadevida.com.ar\/portalurbano\/la-basura-no-vuelve-sola-agrupaciones-locales-adhieren-a-la-campana\/"},"wordCount":545,"publisher":{"@id":"https:\/\/experienciadevida.com.ar\/portalurbano\/#organization"},"articleSection":["Ciudad","Destacadas 2"],"inLanguage":"es"},{"@type":"WebPage","@id":"https:\/\/experienciadevida.com.ar\/portalurbano\/la-basura-no-vuelve-sola-agrupaciones-locales-adhieren-a-la-campana\/","url":"https:\/\/experienciadevida.com.ar\/portalurbano\/la-basura-no-vuelve-sola-agrupaciones-locales-adhieren-a-la-campana\/","name":"\"La basura no vuelve sola\": agrupaciones locales adhieren a la campa\u00f1a","isPartOf":{"@id":"https:\/\/experienciadevida.com.ar\/portalurbano\/#website"},"datePublished":"2022-02-14T00:21:30+00:00","dateModified":"2022-02-14T00:23:37+00:00","description":"\"La basura no vuelve sola\": agrupaciones locales adhieren a la campa\u00f1a, en el marco de la campa\u00f1a \u00abLa basura no vuelve sola, es parte","breadcrumb":{"@id":"https:\/\/experienciadevida.com.ar\/portalurbano\/la-basura-no-vuelve-sola-agrupaciones-locales-adhieren-a-la-campana\/#breadcrumb"},"inLanguage":"es","potentialAction":[{"@type":"ReadAction","target":["https:\/\/experienciadevida.com.ar\/portalurbano\/la-basura-no-vuelve-sola-agrupaciones-locales-adhieren-a-la-campana\/"]}]},{"@type":"BreadcrumbList","@id":"https:\/\/experienciadevida.com.ar\/portalurbano\/la-basura-no-vuelve-sola-agrupaciones-locales-adhieren-a-la-campana\/#breadcrumb","itemListElement":[{"@type":"ListItem","position":1,"name":"Portada","item":"https:\/\/experienciadevida.com.ar\/portalurbano\/"},{"@type":"ListItem","position":2,"name":"\u00abLa basura no vuelve sola\u00bb: agrupaciones locales adhieren a la campa\u00f1a"}]},{"@type":"WebSite","@id":"https:\/\/experienciadevida.com.ar\/portalurbano\/#website","url":"https:\/\/experienciadevida.com.ar\/portalurbano\/","name":"","description":"","publisher":{"@id":"https:\/\/experienciadevida.com.ar\/portalurbano\/#organization"},"potentialAction":[{"@type":"SearchAction","target":{"@type":"EntryPoint","urlTemplate":"https:\/\/experienciadevida.com.ar\/portalurbano\/?s={search_term_string}"},"query-input":"required name=search_term_string"}],"inLanguage":"es"},{"@type":"Organization","@id":"https:\/\/experienciadevida.com.ar\/portalurbano\/#organization","name":"Portal Urbano","url":"https:\/\/experienciadevida.com.ar\/portalurbano\/","logo":{"@type":"ImageObject","inLanguage":"es","@id":"https:\/\/experienciadevida.com.ar\/portalurbano\/#\/schema\/logo\/image\/","url":"https:\/\/experienciadevida.com.ar\/portalurbano\/wp-content\/uploads\/2019\/09\/Logo-Original.png","contentUrl":"https:\/\/experienciadevida.com.ar\/portalurbano\/wp-content\/uploads\/2019\/09\/Logo-Original.png","width":2236,"height":1216,"caption":"Portal Urbano"},"image":{"@id":"https:\/\/experienciadevida.com.ar\/portalurbano\/#\/schema\/logo\/image\/"},"sameAs":["https:\/\/www.facebook.com\/Portal-Urbano-171542830093757\/","https:\/\/twitter.com\/portalurbanook","https:\/\/www.instagram.com\/_portalurbano\/","https:\/\/www.youtube.com\/channel\/UCXhagIfszH8KxFiOok79zbA?view_as=subscriber"]},{"@type":"Person","@id":"https:\/\/experienciadevida.com.ar\/portalurbano\/#\/schema\/person\/02dd326b1c4b056e9cc972486934a3a7","name":"admpu17wp","image":{"@type":"ImageObject","inLanguage":"es","@id":"https:\/\/experienciadevida.com.ar\/portalurbano\/#\/schema\/person\/image\/","url":"https:\/\/secure.gravatar.com\/avatar\/830d4c57adaae6630765e449a6908047?s=96&d=mm&r=g","contentUrl":"https:\/\/secure.gravatar.com\/avatar\/830d4c57adaae6630765e449a6908047?s=96&d=mm&r=g","caption":"admpu17wp"}}]}},"featured_image_urls":{"full":["https:\/\/experienciadevida.com.ar\/portalurbano\/wp-content\/uploads\/2022\/02\/La-basura-no-vuelve.jpg",1000,567,false],"thumbnail":["https:\/\/experienciadevida.com.ar\/portalurbano\/wp-content\/uploads\/2022\/02\/La-basura-no-vuelve-150x150.jpg",150,150,true],"medium":["https:\/\/experienciadevida.com.ar\/portalurbano\/wp-content\/uploads\/2022\/02\/La-basura-no-vuelve-300x170.jpg",300,170,true],"medium_large":["https:\/\/experienciadevida.com.ar\/portalurbano\/wp-content\/uploads\/2022\/02\/La-basura-no-vuelve-768x435.jpg",640,363,true],"large":["https:\/\/experienciadevida.com.ar\/portalurbano\/wp-content\/uploads\/2022\/02\/La-basura-no-vuelve.jpg",640,363,false],"ug_big":["https:\/\/experienciadevida.com.ar\/portalurbano\/wp-content\/uploads\/2022\/02\/La-basura-no-vuelve-768x435.jpg",768,435,true],"1536x1536":["https:\/\/experienciadevida.com.ar\/portalurbano\/wp-content\/uploads\/2022\/02\/La-basura-no-vuelve.jpg",1000,567,false],"2048x2048":["https:\/\/experienciadevida.com.ar\/portalurbano\/wp-content\/uploads\/2022\/02\/La-basura-no-vuelve.jpg",1000,567,false],"newsever-slider-full":["https:\/\/experienciadevida.com.ar\/portalurbano\/wp-content\/uploads\/2022\/02\/La-basura-no-vuelve.jpg",1000,567,false],"newsever-featured":["https:\/\/experienciadevida.com.ar\/portalurbano\/wp-content\/uploads\/2022\/02\/La-basura-no-vuelve.jpg",1000,567,false],"newsever-medium":["https:\/\/experienciadevida.com.ar\/portalurbano\/wp-content\/uploads\/2022\/02\/La-basura-no-vuelve.jpg",720,408,false],"web-stories-poster-portrait":["https:\/\/experienciadevida.com.ar\/portalurbano\/wp-content\/uploads\/2022\/02\/La-basura-no-vuelve.jpg",640,363,false],"web-stories-publisher-logo":["https:\/\/experienciadevida.com.ar\/portalurbano\/wp-content\/uploads\/2022\/02\/La-basura-no-vuelve.jpg",96,54,false],"web-stories-thumbnail":["https:\/\/experienciadevida.com.ar\/portalurbano\/wp-content\/uploads\/2022\/02\/La-basura-no-vuelve.jpg",150,85,false]},"author_info":{"display_name":"admpu17wp","author_link":"https:\/\/experienciadevida.com.ar\/portalurbano\/author\/admpu17wp\/"},"category_info":"<a href=\"https:\/\/experienciadevida.com.ar\/portalurbano\/category\/ciudad\/\" rel=\"category tag\">Ciudad<\/a> <a href=\"https:\/\/experienciadevida.com.ar\/portalurbano\/category\/destacadas-2\/\" rel=\"category tag\">Destacadas 2<\/a>","tag_info":"Destacadas 2","comment_count":"0","amp_enabled":true,"_links":{"self":[{"href":"https:\/\/experienciadevida.com.ar\/portalurbano\/wp-json\/wp\/v2\/posts\/161651"}],"collection":[{"href":"https:\/\/experienciadevida.com.ar\/portalurbano\/wp-json\/wp\/v2\/posts"}],"about":[{"href":"https:\/\/experienciadevida.com.ar\/portalurbano\/wp-json\/wp\/v2\/types\/post"}],"author":[{"embeddable":true,"href":"https:\/\/experienciadevida.com.ar\/portalurbano\/wp-json\/wp\/v2\/users\/1"}],"replies":[{"embeddable":true,"href":"https:\/\/experienciadevida.com.ar\/portalurbano\/wp-json\/wp\/v2\/comments?post=161651"}],"version-history":[{"count":3,"href":"https:\/\/experienciadevida.com.ar\/portalurbano\/wp-json\/wp\/v2\/posts\/161651\/revisions"}],"predecessor-version":[{"id":161655,"href":"https:\/\/experienciadevida.com.ar\/portalurbano\/wp-json\/wp\/v2\/posts\/161651\/revisions\/161655"}],"wp:featuredmedia":[{"embeddable":true,"href":"https:\/\/experienciadevida.com.ar\/portalurbano\/wp-json\/wp\/v2\/media\/161652"}],"wp:attachment":[{"href":"https:\/\/experienciadevida.com.ar\/portalurbano\/wp-json\/wp\/v2\/media?parent=161651"}],"wp:term":[{"taxonomy":"category","embeddable":true,"href":"https:\/\/experienciadevida.com.ar\/portalurbano\/wp-json\/wp\/v2\/categories?post=161651"},{"taxonomy":"post_tag","embeddable":true,"href":"https:\/\/experienciadevida.com.ar\/portalurbano\/wp-json\/wp\/v2\/tags?post=161651"}],"curies":[{"name":"wp","href":"https:\/\/api.w.org\/{rel}","templated":true}]}}