{"id":161580,"date":"2022-02-12T14:13:57","date_gmt":"2022-02-12T17:13:57","guid":{"rendered":"https:\/\/experienciadevida.com.ar\/portalurbano\/?p=161580"},"modified":"2022-02-12T14:17:58","modified_gmt":"2022-02-12T17:17:58","slug":"se-inauguro-el-monumento-en-memoria-a-los-eslovenos","status":"publish","type":"post","link":"https:\/\/experienciadevida.com.ar\/portalurbano\/se-inauguro-el-monumento-en-memoria-a-los-eslovenos\/","title":{"rendered":"Se inaugur\u00f3 el Monumento en Memoria a los Eslovenos"},"content":{"rendered":"<p>Se inaugur\u00f3 el Monumento en Memoria a los Eslovenos,\u00a0 en la ma\u00f1ana de este s\u00e1bado, en la Plaza de los Inmigrantes en Loma Negra, el intendente Ezequiel Galli y el embajador de la Rep\u00fablica de Eslovenia en Argentina Alain Brian Bergant, encabezaron el acto de inauguraci\u00f3n del Monumento en Memoria a los Eslovenos del centro de la Provincia de Buenos Aires.<\/p>\n<p><a href=\"https:\/\/experienciadevida.com.ar\/portalurbano\/se-inauguro-el-monumento-en-memoria-a-los-eslovenos\/se-inauguro-4\/\" rel=\"attachment wp-att-161584\"><img decoding=\"async\" class=\"alignnone size-full wp-image-161584\" src=\"https:\/\/experienciadevida.com.ar\/portalurbano\/wp-content\/uploads\/2022\/02\/Se-inauguro.jpg\" alt=\"Se inaugur\u00f3 \" width=\"758\" height=\"568\" srcset=\"https:\/\/experienciadevida.com.ar\/portalurbano\/wp-content\/uploads\/2022\/02\/Se-inauguro.jpg 758w, https:\/\/experienciadevida.com.ar\/portalurbano\/wp-content\/uploads\/2022\/02\/Se-inauguro-300x225.jpg 300w\" sizes=\"(max-width: 758px) 100vw, 758px\" \/><\/a><\/p>\n<p>El acto cont\u00f3, adem\u00e1s, con la presencia de la presidente del Honorable Concejo Deliberante Cecilia Krivochen, el presidente de la asociaci\u00f3n KAMEN Roberto Colombo Yanzekovic, secretarios, subsecretarios y directores municipales, miembros de la Asociaci\u00f3n Kamen, colectividades, instituciones y vecinos.<\/p>\n<p>Con las estrofas del Himno Nacional Argentino y el Himno De la Rep\u00fablica Eslovena comenz\u00f3 el acto, que luego continu\u00f3 con la palabra del presidente de la asociaci\u00f3n KAMEN.<\/p>\n<p>El descubrimiento del Monumento estuvo a cargo del intendente Ezequiel Galli, el embajador Alain Brian Bergant y miembros de la Asociaci\u00f3n.<\/p>\n<p>El intendente Ezequiel Galli sostuvo que \u201clo importante que es sostener viva la tradici\u00f3n, de nuestros ancestros, abuelos, antecesores que vinieron a la Argentina \u2013en el caso mio desde Italia, en el caso de ustedes desde Eslovenia\u2013 buscar un futuro mejor a un pa\u00eds pujante, que ten\u00eda todo para ofrecer a quienes ten\u00edan que dejar su tierra\u201d.<\/p>\n<p><a href=\"https:\/\/experienciadevida.com.ar\/portalurbano\/se-inauguro-el-monumento-en-memoria-a-los-eslovenos\/el-monumento\/\" rel=\"attachment wp-att-161585\"><img decoding=\"async\" class=\"alignnone size-full wp-image-161585\" src=\"https:\/\/experienciadevida.com.ar\/portalurbano\/wp-content\/uploads\/2022\/02\/el-monumento.jpg\" alt=\"el monumento \" width=\"758\" height=\"568\" srcset=\"https:\/\/experienciadevida.com.ar\/portalurbano\/wp-content\/uploads\/2022\/02\/el-monumento.jpg 758w, https:\/\/experienciadevida.com.ar\/portalurbano\/wp-content\/uploads\/2022\/02\/el-monumento-300x225.jpg 300w\" sizes=\"(max-width: 758px) 100vw, 758px\" \/><\/a><\/p>\n<p>\u201cHay unos 30 mil eslovenos en Argentina, distribuidos en distintas ciudades a lo largo y a lo ancho del pa\u00eds, y habla de la importancia de Argentina, de la pujanza, y lo que ten\u00eda para ofrecer que era tierra, trabajo y futuro\u201d, agreg\u00f3.<\/p>\n<p>\u201cAgradezco la invitaci\u00f3n, poder acompa\u00f1arlos en este hermoso d\u00eda y que podamos seguir trabajando para cumplir cada uno de los sue\u00f1os de la asociaci\u00f3n y fortalecer el v\u00ednculo con la Rep\u00fablica Eslovena\u201d, concluy\u00f3.<\/p>\n<p>Seguidamente el Cura P\u00e1rroco Pablo Bajuk bendijo la piedra y luego tom\u00f3 la palabra el embajador Bergant.<\/p>\n<p>El acto culmin\u00f3 con entrega de presentes.<\/p>\n<p>La actividad continu\u00f3 en el Museo Hogar Loma Negra, donde se mont\u00f3 una muestra en homenaje a los pueblos eslovenos que se llama \u201cReflejos de Existencia\u201d y estar\u00e1 en exposici\u00f3n por 60 d\u00edas.<\/p>\n<p><a href=\"https:\/\/experienciadevida.com.ar\/portalurbano\/se-inauguro-el-monumento-en-memoria-a-los-eslovenos\/monumento\/\" rel=\"attachment wp-att-161586\"><img decoding=\"async\" class=\"alignnone size-full wp-image-161586\" src=\"https:\/\/experienciadevida.com.ar\/portalurbano\/wp-content\/uploads\/2022\/02\/monumento.jpg\" alt=\"monumento \" width=\"758\" height=\"568\" srcset=\"https:\/\/experienciadevida.com.ar\/portalurbano\/wp-content\/uploads\/2022\/02\/monumento.jpg 758w, https:\/\/experienciadevida.com.ar\/portalurbano\/wp-content\/uploads\/2022\/02\/monumento-300x225.jpg 300w\" sizes=\"(max-width: 758px) 100vw, 758px\" \/><\/a><\/p>\n<p><a href=\"https:\/\/experienciadevida.com.ar\/portalurbano\/se-inauguro-el-monumento-en-memoria-a-los-eslovenos\/general-monumento-eslovenos-9\/\" rel=\"attachment wp-att-161587\"><img decoding=\"async\" class=\"alignnone size-full wp-image-161587\" src=\"https:\/\/experienciadevida.com.ar\/portalurbano\/wp-content\/uploads\/2022\/02\/General-Monumento-Eslovenos-9.jpg\" alt=\"\" width=\"833\" height=\"625\" srcset=\"https:\/\/experienciadevida.com.ar\/portalurbano\/wp-content\/uploads\/2022\/02\/General-Monumento-Eslovenos-9.jpg 833w, https:\/\/experienciadevida.com.ar\/portalurbano\/wp-content\/uploads\/2022\/02\/General-Monumento-Eslovenos-9-300x225.jpg 300w, https:\/\/experienciadevida.com.ar\/portalurbano\/wp-content\/uploads\/2022\/02\/General-Monumento-Eslovenos-9-768x576.jpg 768w\" sizes=\"(max-width: 833px) 100vw, 833px\" \/><\/a><\/p>\n<p><a href=\"https:\/\/experienciadevida.com.ar\/portalurbano\/se-inauguro-el-monumento-en-memoria-a-los-eslovenos\/general-monumento-eslovenos-11\/\" rel=\"attachment wp-att-161588\"><img decoding=\"async\" class=\"alignnone size-full wp-image-161588\" src=\"https:\/\/experienciadevida.com.ar\/portalurbano\/wp-content\/uploads\/2022\/02\/General-Monumento-Eslovenos-11.jpg\" alt=\"\" width=\"758\" height=\"568\" srcset=\"https:\/\/experienciadevida.com.ar\/portalurbano\/wp-content\/uploads\/2022\/02\/General-Monumento-Eslovenos-11.jpg 758w, https:\/\/experienciadevida.com.ar\/portalurbano\/wp-content\/uploads\/2022\/02\/General-Monumento-Eslovenos-11-300x225.jpg 300w\" sizes=\"(max-width: 758px) 100vw, 758px\" \/><\/a><\/p>\n<p><a href=\"https:\/\/experienciadevida.com.ar\/portalurbano\/se-inauguro-el-monumento-en-memoria-a-los-eslovenos\/general-monumento-eslovenos-11-2\/\" rel=\"attachment wp-att-161589\"><img decoding=\"async\" class=\"alignnone size-full wp-image-161589\" src=\"https:\/\/experienciadevida.com.ar\/portalurbano\/wp-content\/uploads\/2022\/02\/General-Monumento-Eslovenos-11-1.jpg\" alt=\"\" width=\"758\" height=\"568\" srcset=\"https:\/\/experienciadevida.com.ar\/portalurbano\/wp-content\/uploads\/2022\/02\/General-Monumento-Eslovenos-11-1.jpg 758w, https:\/\/experienciadevida.com.ar\/portalurbano\/wp-content\/uploads\/2022\/02\/General-Monumento-Eslovenos-11-1-300x225.jpg 300w\" sizes=\"(max-width: 758px) 100vw, 758px\" \/><\/a><\/p>\n","protected":false},"excerpt":{"rendered":"<p>Se inaugur\u00f3 el Monumento en Memoria a los Eslovenos,\u00a0 en la ma\u00f1ana de este s\u00e1bado,&#8230;<\/p>\n","protected":false},"author":1,"featured_media":161581,"comment_status":"closed","ping_status":"closed","sticky":false,"template":"","format":"standard","meta":{"content-type":""},"categories":[27,51],"tags":[],"nelio_content":{"isAutoShareEnabled":false,"autoShareEndMode":"default","automationSources":{"useContentSentences":true,"useSocialTemplates":true,"useCustomSentences":false,"customSentences":[]},"followers":[1],"suggestedReferences":[],"includedReferences":[],"efiUrl":"","efiAlt":"","highlights":[]},"yoast_head":"<!-- This site is optimized with the Yoast SEO plugin v20.7 - https:\/\/yoast.com\/wordpress\/plugins\/seo\/ -->\n<title>Se inaugur\u00f3 el monumento en memoria a los Eslovenos<\/title>\n<meta name=\"description\" content=\"Se inaugur\u00f3 el Monumento en Memoria a los Eslovenos,\u00a0 en la ma\u00f1ana de este s\u00e1bado, en la Plaza de los Inmigrantes en Loma Negra\" \/>\n<meta name=\"robots\" content=\"index, follow, max-snippet:-1, max-image-preview:large, max-video-preview:-1\" \/>\n<link rel=\"canonical\" href=\"https:\/\/experienciadevida.com.ar\/portalurbano\/se-inauguro-el-monumento-en-memoria-a-los-eslovenos\/\" \/>\n<meta property=\"og:locale\" content=\"es_ES\" \/>\n<meta property=\"og:type\" content=\"article\" \/>\n<meta property=\"og:title\" content=\"Se inaugur\u00f3 el monumento en memoria a los Eslovenos\" \/>\n<meta property=\"og:description\" content=\"Se inaugur\u00f3 el Monumento en Memoria a los Eslovenos,\u00a0 en la ma\u00f1ana de este s\u00e1bado, en la Plaza de los Inmigrantes en Loma Negra\" \/>\n<meta property=\"og:url\" content=\"https:\/\/experienciadevida.com.ar\/portalurbano\/se-inauguro-el-monumento-en-memoria-a-los-eslovenos\/\" \/>\n<meta property=\"article:publisher\" content=\"https:\/\/www.facebook.com\/Portal-Urbano-171542830093757\/\" \/>\n<meta property=\"article:published_time\" content=\"2022-02-12T17:13:57+00:00\" \/>\n<meta property=\"article:modified_time\" content=\"2022-02-12T17:17:58+00:00\" \/>\n<meta property=\"og:image\" content=\"https:\/\/experienciadevida.com.ar\/portalurbano\/wp-content\/uploads\/2022\/02\/Se-inauguro-el-Monumento.jpg\" \/>\n\t<meta property=\"og:image:width\" content=\"758\" \/>\n\t<meta property=\"og:image:height\" content=\"568\" \/>\n\t<meta property=\"og:image:type\" content=\"image\/jpeg\" \/>\n<meta name=\"author\" content=\"admpu17wp\" \/>\n<meta name=\"twitter:card\" content=\"summary_large_image\" \/>\n<meta name=\"twitter:creator\" content=\"@portalurbanook\" \/>\n<meta name=\"twitter:site\" content=\"@portalurbanook\" \/>\n<meta name=\"twitter:label1\" content=\"Escrito por\" \/>\n\t<meta name=\"twitter:data1\" content=\"admpu17wp\" \/>\n\t<meta name=\"twitter:label2\" content=\"Tiempo de lectura\" \/>\n\t<meta name=\"twitter:data2\" content=\"3 minutos\" \/>\n<script type=\"application\/ld+json\" class=\"yoast-schema-graph\">{\"@context\":\"https:\/\/schema.org\",\"@graph\":[{\"@type\":\"Article\",\"@id\":\"https:\/\/experienciadevida.com.ar\/portalurbano\/se-inauguro-el-monumento-en-memoria-a-los-eslovenos\/#article\",\"isPartOf\":{\"@id\":\"https:\/\/experienciadevida.com.ar\/portalurbano\/se-inauguro-el-monumento-en-memoria-a-los-eslovenos\/\"},\"author\":{\"name\":\"admpu17wp\",\"@id\":\"https:\/\/experienciadevida.com.ar\/portalurbano\/#\/schema\/person\/02dd326b1c4b056e9cc972486934a3a7\"},\"headline\":\"Se inaugur\u00f3 el Monumento en Memoria a los Eslovenos\",\"datePublished\":\"2022-02-12T17:13:57+00:00\",\"dateModified\":\"2022-02-12T17:17:58+00:00\",\"mainEntityOfPage\":{\"@id\":\"https:\/\/experienciadevida.com.ar\/portalurbano\/se-inauguro-el-monumento-en-memoria-a-los-eslovenos\/\"},\"wordCount\":373,\"publisher\":{\"@id\":\"https:\/\/experienciadevida.com.ar\/portalurbano\/#organization\"},\"articleSection\":[\"Ciudad\",\"Destacadas\"],\"inLanguage\":\"es\"},{\"@type\":\"WebPage\",\"@id\":\"https:\/\/experienciadevida.com.ar\/portalurbano\/se-inauguro-el-monumento-en-memoria-a-los-eslovenos\/\",\"url\":\"https:\/\/experienciadevida.com.ar\/portalurbano\/se-inauguro-el-monumento-en-memoria-a-los-eslovenos\/\",\"name\":\"Se inaugur\u00f3 el monumento en memoria a los Eslovenos\",\"isPartOf\":{\"@id\":\"https:\/\/experienciadevida.com.ar\/portalurbano\/#website\"},\"datePublished\":\"2022-02-12T17:13:57+00:00\",\"dateModified\":\"2022-02-12T17:17:58+00:00\",\"description\":\"Se inaugur\u00f3 el Monumento en Memoria a los Eslovenos,\u00a0 en la ma\u00f1ana de este s\u00e1bado, en la Plaza de los Inmigrantes en Loma Negra\",\"breadcrumb\":{\"@id\":\"https:\/\/experienciadevida.com.ar\/portalurbano\/se-inauguro-el-monumento-en-memoria-a-los-eslovenos\/#breadcrumb\"},\"inLanguage\":\"es\",\"potentialAction\":[{\"@type\":\"ReadAction\",\"target\":[\"https:\/\/experienciadevida.com.ar\/portalurbano\/se-inauguro-el-monumento-en-memoria-a-los-eslovenos\/\"]}]},{\"@type\":\"BreadcrumbList\",\"@id\":\"https:\/\/experienciadevida.com.ar\/portalurbano\/se-inauguro-el-monumento-en-memoria-a-los-eslovenos\/#breadcrumb\",\"itemListElement\":[{\"@type\":\"ListItem\",\"position\":1,\"name\":\"Portada\",\"item\":\"https:\/\/experienciadevida.com.ar\/portalurbano\/\"},{\"@type\":\"ListItem\",\"position\":2,\"name\":\"Se inaugur\u00f3 el Monumento en Memoria a los Eslovenos\"}]},{\"@type\":\"WebSite\",\"@id\":\"https:\/\/experienciadevida.com.ar\/portalurbano\/#website\",\"url\":\"https:\/\/experienciadevida.com.ar\/portalurbano\/\",\"name\":\"\",\"description\":\"\",\"publisher\":{\"@id\":\"https:\/\/experienciadevida.com.ar\/portalurbano\/#organization\"},\"potentialAction\":[{\"@type\":\"SearchAction\",\"target\":{\"@type\":\"EntryPoint\",\"urlTemplate\":\"https:\/\/experienciadevida.com.ar\/portalurbano\/?s={search_term_string}\"},\"query-input\":\"required name=search_term_string\"}],\"inLanguage\":\"es\"},{\"@type\":\"Organization\",\"@id\":\"https:\/\/experienciadevida.com.ar\/portalurbano\/#organization\",\"name\":\"Portal Urbano\",\"url\":\"https:\/\/experienciadevida.com.ar\/portalurbano\/\",\"logo\":{\"@type\":\"ImageObject\",\"inLanguage\":\"es\",\"@id\":\"https:\/\/experienciadevida.com.ar\/portalurbano\/#\/schema\/logo\/image\/\",\"url\":\"https:\/\/experienciadevida.com.ar\/portalurbano\/wp-content\/uploads\/2019\/09\/Logo-Original.png\",\"contentUrl\":\"https:\/\/experienciadevida.com.ar\/portalurbano\/wp-content\/uploads\/2019\/09\/Logo-Original.png\",\"width\":2236,\"height\":1216,\"caption\":\"Portal Urbano\"},\"image\":{\"@id\":\"https:\/\/experienciadevida.com.ar\/portalurbano\/#\/schema\/logo\/image\/\"},\"sameAs\":[\"https:\/\/www.facebook.com\/Portal-Urbano-171542830093757\/\",\"https:\/\/twitter.com\/portalurbanook\",\"https:\/\/www.instagram.com\/_portalurbano\/\",\"https:\/\/www.youtube.com\/channel\/UCXhagIfszH8KxFiOok79zbA?view_as=subscriber\"]},{\"@type\":\"Person\",\"@id\":\"https:\/\/experienciadevida.com.ar\/portalurbano\/#\/schema\/person\/02dd326b1c4b056e9cc972486934a3a7\",\"name\":\"admpu17wp\",\"image\":{\"@type\":\"ImageObject\",\"inLanguage\":\"es\",\"@id\":\"https:\/\/experienciadevida.com.ar\/portalurbano\/#\/schema\/person\/image\/\",\"url\":\"https:\/\/secure.gravatar.com\/avatar\/830d4c57adaae6630765e449a6908047?s=96&d=mm&r=g\",\"contentUrl\":\"https:\/\/secure.gravatar.com\/avatar\/830d4c57adaae6630765e449a6908047?s=96&d=mm&r=g\",\"caption\":\"admpu17wp\"}}]}<\/script>\n<!-- \/ Yoast SEO plugin. -->","yoast_head_json":{"title":"Se inaugur\u00f3 el monumento en memoria a los Eslovenos","description":"Se inaugur\u00f3 el Monumento en Memoria a los Eslovenos,\u00a0 en la ma\u00f1ana de este s\u00e1bado, en la Plaza de los Inmigrantes en Loma Negra","robots":{"index":"index","follow":"follow","max-snippet":"max-snippet:-1","max-image-preview":"max-image-preview:large","max-video-preview":"max-video-preview:-1"},"canonical":"https:\/\/experienciadevida.com.ar\/portalurbano\/se-inauguro-el-monumento-en-memoria-a-los-eslovenos\/","og_locale":"es_ES","og_type":"article","og_title":"Se inaugur\u00f3 el monumento en memoria a los Eslovenos","og_description":"Se inaugur\u00f3 el Monumento en Memoria a los Eslovenos,\u00a0 en la ma\u00f1ana de este s\u00e1bado, en la Plaza de los Inmigrantes en Loma Negra","og_url":"https:\/\/experienciadevida.com.ar\/portalurbano\/se-inauguro-el-monumento-en-memoria-a-los-eslovenos\/","article_publisher":"https:\/\/www.facebook.com\/Portal-Urbano-171542830093757\/","article_published_time":"2022-02-12T17:13:57+00:00","article_modified_time":"2022-02-12T17:17:58+00:00","og_image":[{"width":758,"height":568,"url":"https:\/\/experienciadevida.com.ar\/portalurbano\/wp-content\/uploads\/2022\/02\/Se-inauguro-el-Monumento.jpg","type":"image\/jpeg"}],"author":"admpu17wp","twitter_card":"summary_large_image","twitter_creator":"@portalurbanook","twitter_site":"@portalurbanook","twitter_misc":{"Escrito por":"admpu17wp","Tiempo de lectura":"3 minutos"},"schema":{"@context":"https:\/\/schema.org","@graph":[{"@type":"Article","@id":"https:\/\/experienciadevida.com.ar\/portalurbano\/se-inauguro-el-monumento-en-memoria-a-los-eslovenos\/#article","isPartOf":{"@id":"https:\/\/experienciadevida.com.ar\/portalurbano\/se-inauguro-el-monumento-en-memoria-a-los-eslovenos\/"},"author":{"name":"admpu17wp","@id":"https:\/\/experienciadevida.com.ar\/portalurbano\/#\/schema\/person\/02dd326b1c4b056e9cc972486934a3a7"},"headline":"Se inaugur\u00f3 el Monumento en Memoria a los Eslovenos","datePublished":"2022-02-12T17:13:57+00:00","dateModified":"2022-02-12T17:17:58+00:00","mainEntityOfPage":{"@id":"https:\/\/experienciadevida.com.ar\/portalurbano\/se-inauguro-el-monumento-en-memoria-a-los-eslovenos\/"},"wordCount":373,"publisher":{"@id":"https:\/\/experienciadevida.com.ar\/portalurbano\/#organization"},"articleSection":["Ciudad","Destacadas"],"inLanguage":"es"},{"@type":"WebPage","@id":"https:\/\/experienciadevida.com.ar\/portalurbano\/se-inauguro-el-monumento-en-memoria-a-los-eslovenos\/","url":"https:\/\/experienciadevida.com.ar\/portalurbano\/se-inauguro-el-monumento-en-memoria-a-los-eslovenos\/","name":"Se inaugur\u00f3 el monumento en memoria a los Eslovenos","isPartOf":{"@id":"https:\/\/experienciadevida.com.ar\/portalurbano\/#website"},"datePublished":"2022-02-12T17:13:57+00:00","dateModified":"2022-02-12T17:17:58+00:00","description":"Se inaugur\u00f3 el Monumento en Memoria a los Eslovenos,\u00a0 en la ma\u00f1ana de este s\u00e1bado, en la Plaza de los Inmigrantes en Loma Negra","breadcrumb":{"@id":"https:\/\/experienciadevida.com.ar\/portalurbano\/se-inauguro-el-monumento-en-memoria-a-los-eslovenos\/#breadcrumb"},"inLanguage":"es","potentialAction":[{"@type":"ReadAction","target":["https:\/\/experienciadevida.com.ar\/portalurbano\/se-inauguro-el-monumento-en-memoria-a-los-eslovenos\/"]}]},{"@type":"BreadcrumbList","@id":"https:\/\/experienciadevida.com.ar\/portalurbano\/se-inauguro-el-monumento-en-memoria-a-los-eslovenos\/#breadcrumb","itemListElement":[{"@type":"ListItem","position":1,"name":"Portada","item":"https:\/\/experienciadevida.com.ar\/portalurbano\/"},{"@type":"ListItem","position":2,"name":"Se inaugur\u00f3 el Monumento en Memoria a los Eslovenos"}]},{"@type":"WebSite","@id":"https:\/\/experienciadevida.com.ar\/portalurbano\/#website","url":"https:\/\/experienciadevida.com.ar\/portalurbano\/","name":"","description":"","publisher":{"@id":"https:\/\/experienciadevida.com.ar\/portalurbano\/#organization"},"potentialAction":[{"@type":"SearchAction","target":{"@type":"EntryPoint","urlTemplate":"https:\/\/experienciadevida.com.ar\/portalurbano\/?s={search_term_string}"},"query-input":"required name=search_term_string"}],"inLanguage":"es"},{"@type":"Organization","@id":"https:\/\/experienciadevida.com.ar\/portalurbano\/#organization","name":"Portal Urbano","url":"https:\/\/experienciadevida.com.ar\/portalurbano\/","logo":{"@type":"ImageObject","inLanguage":"es","@id":"https:\/\/experienciadevida.com.ar\/portalurbano\/#\/schema\/logo\/image\/","url":"https:\/\/experienciadevida.com.ar\/portalurbano\/wp-content\/uploads\/2019\/09\/Logo-Original.png","contentUrl":"https:\/\/experienciadevida.com.ar\/portalurbano\/wp-content\/uploads\/2019\/09\/Logo-Original.png","width":2236,"height":1216,"caption":"Portal Urbano"},"image":{"@id":"https:\/\/experienciadevida.com.ar\/portalurbano\/#\/schema\/logo\/image\/"},"sameAs":["https:\/\/www.facebook.com\/Portal-Urbano-171542830093757\/","https:\/\/twitter.com\/portalurbanook","https:\/\/www.instagram.com\/_portalurbano\/","https:\/\/www.youtube.com\/channel\/UCXhagIfszH8KxFiOok79zbA?view_as=subscriber"]},{"@type":"Person","@id":"https:\/\/experienciadevida.com.ar\/portalurbano\/#\/schema\/person\/02dd326b1c4b056e9cc972486934a3a7","name":"admpu17wp","image":{"@type":"ImageObject","inLanguage":"es","@id":"https:\/\/experienciadevida.com.ar\/portalurbano\/#\/schema\/person\/image\/","url":"https:\/\/secure.gravatar.com\/avatar\/830d4c57adaae6630765e449a6908047?s=96&d=mm&r=g","contentUrl":"https:\/\/secure.gravatar.com\/avatar\/830d4c57adaae6630765e449a6908047?s=96&d=mm&r=g","caption":"admpu17wp"}}]}},"featured_image_urls":{"full":["https:\/\/experienciadevida.com.ar\/portalurbano\/wp-content\/uploads\/2022\/02\/Se-inauguro-el-Monumento.jpg",758,568,false],"thumbnail":["https:\/\/experienciadevida.com.ar\/portalurbano\/wp-content\/uploads\/2022\/02\/Se-inauguro-el-Monumento-150x150.jpg",150,150,true],"medium":["https:\/\/experienciadevida.com.ar\/portalurbano\/wp-content\/uploads\/2022\/02\/Se-inauguro-el-Monumento-300x225.jpg",300,225,true],"medium_large":["https:\/\/experienciadevida.com.ar\/portalurbano\/wp-content\/uploads\/2022\/02\/Se-inauguro-el-Monumento.jpg",640,480,false],"large":["https:\/\/experienciadevida.com.ar\/portalurbano\/wp-content\/uploads\/2022\/02\/Se-inauguro-el-Monumento.jpg",640,480,false],"ug_big":["https:\/\/experienciadevida.com.ar\/portalurbano\/wp-content\/uploads\/2022\/02\/Se-inauguro-el-Monumento.jpg",758,568,false],"1536x1536":["https:\/\/experienciadevida.com.ar\/portalurbano\/wp-content\/uploads\/2022\/02\/Se-inauguro-el-Monumento.jpg",758,568,false],"2048x2048":["https:\/\/experienciadevida.com.ar\/portalurbano\/wp-content\/uploads\/2022\/02\/Se-inauguro-el-Monumento.jpg",758,568,false],"newsever-slider-full":["https:\/\/experienciadevida.com.ar\/portalurbano\/wp-content\/uploads\/2022\/02\/Se-inauguro-el-Monumento.jpg",758,568,false],"newsever-featured":["https:\/\/experienciadevida.com.ar\/portalurbano\/wp-content\/uploads\/2022\/02\/Se-inauguro-el-Monumento.jpg",758,568,false],"newsever-medium":["https:\/\/experienciadevida.com.ar\/portalurbano\/wp-content\/uploads\/2022\/02\/Se-inauguro-el-Monumento.jpg",634,475,false],"web-stories-poster-portrait":["https:\/\/experienciadevida.com.ar\/portalurbano\/wp-content\/uploads\/2022\/02\/Se-inauguro-el-Monumento.jpg",640,480,false],"web-stories-publisher-logo":["https:\/\/experienciadevida.com.ar\/portalurbano\/wp-content\/uploads\/2022\/02\/Se-inauguro-el-Monumento.jpg",96,72,false],"web-stories-thumbnail":["https:\/\/experienciadevida.com.ar\/portalurbano\/wp-content\/uploads\/2022\/02\/Se-inauguro-el-Monumento.jpg",150,112,false]},"author_info":{"display_name":"admpu17wp","author_link":"https:\/\/experienciadevida.com.ar\/portalurbano\/author\/admpu17wp\/"},"category_info":"<a href=\"https:\/\/experienciadevida.com.ar\/portalurbano\/category\/ciudad\/\" rel=\"category tag\">Ciudad<\/a> <a href=\"https:\/\/experienciadevida.com.ar\/portalurbano\/category\/destacadas\/\" rel=\"category tag\">Destacadas<\/a>","tag_info":"Destacadas","comment_count":"0","amp_enabled":true,"_links":{"self":[{"href":"https:\/\/experienciadevida.com.ar\/portalurbano\/wp-json\/wp\/v2\/posts\/161580"}],"collection":[{"href":"https:\/\/experienciadevida.com.ar\/portalurbano\/wp-json\/wp\/v2\/posts"}],"about":[{"href":"https:\/\/experienciadevida.com.ar\/portalurbano\/wp-json\/wp\/v2\/types\/post"}],"author":[{"embeddable":true,"href":"https:\/\/experienciadevida.com.ar\/portalurbano\/wp-json\/wp\/v2\/users\/1"}],"replies":[{"embeddable":true,"href":"https:\/\/experienciadevida.com.ar\/portalurbano\/wp-json\/wp\/v2\/comments?post=161580"}],"version-history":[{"count":3,"href":"https:\/\/experienciadevida.com.ar\/portalurbano\/wp-json\/wp\/v2\/posts\/161580\/revisions"}],"predecessor-version":[{"id":161590,"href":"https:\/\/experienciadevida.com.ar\/portalurbano\/wp-json\/wp\/v2\/posts\/161580\/revisions\/161590"}],"wp:featuredmedia":[{"embeddable":true,"href":"https:\/\/experienciadevida.com.ar\/portalurbano\/wp-json\/wp\/v2\/media\/161581"}],"wp:attachment":[{"href":"https:\/\/experienciadevida.com.ar\/portalurbano\/wp-json\/wp\/v2\/media?parent=161580"}],"wp:term":[{"taxonomy":"category","embeddable":true,"href":"https:\/\/experienciadevida.com.ar\/portalurbano\/wp-json\/wp\/v2\/categories?post=161580"},{"taxonomy":"post_tag","embeddable":true,"href":"https:\/\/experienciadevida.com.ar\/portalurbano\/wp-json\/wp\/v2\/tags?post=161580"}],"curies":[{"name":"wp","href":"https:\/\/api.w.org\/{rel}","templated":true}]}}