{"id":161567,"date":"2022-02-12T10:59:45","date_gmt":"2022-02-12T13:59:45","guid":{"rendered":"https:\/\/experienciadevida.com.ar\/portalurbano\/?p=161567"},"modified":"2022-02-12T11:03:21","modified_gmt":"2022-02-12T14:03:21","slug":"el-turismo-pista-estara-en-olavarria","status":"publish","type":"post","link":"https:\/\/experienciadevida.com.ar\/portalurbano\/el-turismo-pista-estara-en-olavarria\/","title":{"rendered":"El Turismo Pista estar\u00e1 en Olavarr\u00eda"},"content":{"rendered":"<p>El Turismo Pista estar\u00e1 en Olavarr\u00eda, este fin de semana, el Turismo Pista llegar\u00e1 al Aut\u00f3dromo \u201cHermanos Emiliozzi\u201d. En el atardecer de este viernes se realiz\u00f3 la presentaci\u00f3n de esta categor\u00eda nacional que recibir\u00e1 al p\u00fablico en la plaza olavarriense.<\/p>\n<p><a href=\"https:\/\/experienciadevida.com.ar\/portalurbano\/el-turismo-pista-estara-en-olavarria\/el-5\/\" rel=\"attachment wp-att-161571\"><img decoding=\"async\" class=\"alignnone size-large wp-image-161571\" src=\"https:\/\/experienciadevida.com.ar\/portalurbano\/wp-content\/uploads\/2022\/02\/El-1024x683.jpeg\" alt=\"El \" width=\"900\" height=\"600\" srcset=\"https:\/\/experienciadevida.com.ar\/portalurbano\/wp-content\/uploads\/2022\/02\/El-1024x683.jpeg 1024w, https:\/\/experienciadevida.com.ar\/portalurbano\/wp-content\/uploads\/2022\/02\/El-300x200.jpeg 300w, https:\/\/experienciadevida.com.ar\/portalurbano\/wp-content\/uploads\/2022\/02\/El-768x512.jpeg 768w, https:\/\/experienciadevida.com.ar\/portalurbano\/wp-content\/uploads\/2022\/02\/El-1536x1024.jpeg 1536w, https:\/\/experienciadevida.com.ar\/portalurbano\/wp-content\/uploads\/2022\/02\/El.jpeg 1599w\" sizes=\"(max-width: 900px) 100vw, 900px\" \/><\/a><\/p>\n<p>El secretario de Desarrollo Humano y Calidad de Vida Diego Robbiani encabez\u00f3 la presentaci\u00f3n y estuvo acompa\u00f1ado por el presidente de la categor\u00eda Miguel Bongiovanni, Juan Traversa y Gustavo Tolosa por el AMCO y el piloto de Clse 3 Gabriel Melian.<\/p>\n<p>\u201cDar la bienvenida a Miguel y todo su equipo a Olavarr\u00eda, estamos muy contentos que el Turismo Pista haya llegado a la ciudad. Para nosotros es muy importante, intentamos que las categor\u00edas nacionales lleguen a Olavarr\u00eda, eso es gracias al trabajo conjunto que hacemos con AMCO. Aprovecho para felicitarlos por tener el circuito en estas condiciones\u201d, sostuvo Robbiani.<\/p>\n<p>El Turismo Pista estar\u00e1 en Olavarr\u00eda, &#8220;muy contento de que se acerquen, porque tambi\u00e9n ayuda al turismo y a la econom\u00eda de la ciudad . Es un arranque de a\u00f1o en nuestra ciudad y con un campe\u00f3n local que sale a la pista a defender el t\u00edtulo\u201d, concluy\u00f3.<\/p>\n<p><a href=\"https:\/\/experienciadevida.com.ar\/portalurbano\/el-turismo-pista-estara-en-olavarria\/turismo\/\" rel=\"attachment wp-att-161572\"><img decoding=\"async\" class=\"alignnone size-large wp-image-161572\" src=\"https:\/\/experienciadevida.com.ar\/portalurbano\/wp-content\/uploads\/2022\/02\/turismo-1024x683.jpeg\" alt=\"turismo \" width=\"900\" height=\"600\" srcset=\"https:\/\/experienciadevida.com.ar\/portalurbano\/wp-content\/uploads\/2022\/02\/turismo-1024x683.jpeg 1024w, https:\/\/experienciadevida.com.ar\/portalurbano\/wp-content\/uploads\/2022\/02\/turismo-300x200.jpeg 300w, https:\/\/experienciadevida.com.ar\/portalurbano\/wp-content\/uploads\/2022\/02\/turismo-768x512.jpeg 768w, https:\/\/experienciadevida.com.ar\/portalurbano\/wp-content\/uploads\/2022\/02\/turismo-1536x1024.jpeg 1536w, https:\/\/experienciadevida.com.ar\/portalurbano\/wp-content\/uploads\/2022\/02\/turismo.jpeg 1599w\" sizes=\"(max-width: 900px) 100vw, 900px\" \/><\/a><\/p>\n<p>Por su parte, el presidente del AMCO Juan Traversa record\u00f3 que \u201csomos un grupo de m\u00e1s de 20 personas y del primero al \u00faltimo todos trabajamos con la misma pasi\u00f3n. Ese es el secreto. Compartir la locura de llevar adelante un aut\u00f3dromo. Y mucho m\u00e1s a\u00fan para recibir categor\u00edas nacionales\u201d.<\/p>\n<p>\u201cAgradecer a la Municipalidad el trabajo conjunto que hacemos, porque sino no lo podr\u00edamos hacer\u201d, asegur\u00f3.<\/p>\n<p>Por \u00faltimo, el presidente del Turismo Pista se mostr\u00f3 \u201ceternamente agradecido. Una vez m\u00e1s estamos ac\u00e1, en esta ciudad, en la que yo digo \u2018se huele cemento y se mastica automovilismo\u2019\u201d.<\/p>\n<p>\u201cEstar en esta ciudad en la que nos sentimos muy c\u00f3modos y acompa\u00f1ados. Hemos tra\u00eddo m\u00e1s de 150 autos con una cantidad de gente que ha \u2018copado\u2019 Olavarr\u00eda. Deseo que se hagan presentes este finde en el aut\u00f3dromo porque va a haber un espect\u00e1culo impresionante que le va a gustar a todo el mundo. Gracias por el recibimiento de Olavarr\u00eda\u201d, finaliz\u00f3.<\/p>\n","protected":false},"excerpt":{"rendered":"<p>El Turismo Pista estar\u00e1 en Olavarr\u00eda, este fin de semana, el Turismo Pista llegar\u00e1 al&#8230;<\/p>\n","protected":false},"author":1,"featured_media":161568,"comment_status":"closed","ping_status":"closed","sticky":false,"template":"","format":"standard","meta":{"content-type":""},"categories":[27,51],"tags":[],"nelio_content":{"isAutoShareEnabled":false,"autoShareEndMode":"default","automationSources":{"useContentSentences":true,"useSocialTemplates":true,"useCustomSentences":false,"customSentences":[]},"followers":[1],"suggestedReferences":[],"includedReferences":[],"efiUrl":"","efiAlt":"","highlights":[]},"yoast_head":"<!-- This site is optimized with the Yoast SEO plugin v20.7 - https:\/\/yoast.com\/wordpress\/plugins\/seo\/ -->\n<title>El turismo pista estar\u00e1 en Olavarr\u00eda<\/title>\n<meta name=\"description\" content=\"El Turismo Pista estar\u00e1 en Olavarr\u00eda, este fin de semana, el Turismo Pista llegar\u00e1 al Aut\u00f3dromo \u201cHermanos Emiliozzi\u201d\" \/>\n<meta name=\"robots\" content=\"index, follow, max-snippet:-1, max-image-preview:large, max-video-preview:-1\" \/>\n<link rel=\"canonical\" href=\"https:\/\/experienciadevida.com.ar\/portalurbano\/el-turismo-pista-estara-en-olavarria\/\" \/>\n<meta property=\"og:locale\" content=\"es_ES\" \/>\n<meta property=\"og:type\" content=\"article\" \/>\n<meta property=\"og:title\" content=\"El turismo pista estar\u00e1 en Olavarr\u00eda\" \/>\n<meta property=\"og:description\" content=\"El Turismo Pista estar\u00e1 en Olavarr\u00eda, este fin de semana, el Turismo Pista llegar\u00e1 al Aut\u00f3dromo \u201cHermanos Emiliozzi\u201d\" \/>\n<meta property=\"og:url\" content=\"https:\/\/experienciadevida.com.ar\/portalurbano\/el-turismo-pista-estara-en-olavarria\/\" \/>\n<meta property=\"article:publisher\" content=\"https:\/\/www.facebook.com\/Portal-Urbano-171542830093757\/\" \/>\n<meta property=\"article:published_time\" content=\"2022-02-12T13:59:45+00:00\" \/>\n<meta property=\"article:modified_time\" content=\"2022-02-12T14:03:21+00:00\" \/>\n<meta property=\"og:image\" content=\"https:\/\/experienciadevida.com.ar\/portalurbano\/wp-content\/uploads\/2022\/02\/El-Turismo-Pista-estara.jpeg\" \/>\n\t<meta property=\"og:image:width\" content=\"1599\" \/>\n\t<meta property=\"og:image:height\" content=\"1066\" \/>\n\t<meta property=\"og:image:type\" content=\"image\/jpeg\" \/>\n<meta name=\"author\" content=\"admpu17wp\" \/>\n<meta name=\"twitter:card\" content=\"summary_large_image\" \/>\n<meta name=\"twitter:creator\" content=\"@portalurbanook\" \/>\n<meta name=\"twitter:site\" content=\"@portalurbanook\" \/>\n<meta name=\"twitter:label1\" content=\"Escrito por\" \/>\n\t<meta name=\"twitter:data1\" content=\"admpu17wp\" \/>\n\t<meta name=\"twitter:label2\" content=\"Tiempo de lectura\" \/>\n\t<meta name=\"twitter:data2\" content=\"2 minutos\" \/>\n<script type=\"application\/ld+json\" class=\"yoast-schema-graph\">{\"@context\":\"https:\/\/schema.org\",\"@graph\":[{\"@type\":\"Article\",\"@id\":\"https:\/\/experienciadevida.com.ar\/portalurbano\/el-turismo-pista-estara-en-olavarria\/#article\",\"isPartOf\":{\"@id\":\"https:\/\/experienciadevida.com.ar\/portalurbano\/el-turismo-pista-estara-en-olavarria\/\"},\"author\":{\"name\":\"admpu17wp\",\"@id\":\"https:\/\/experienciadevida.com.ar\/portalurbano\/#\/schema\/person\/02dd326b1c4b056e9cc972486934a3a7\"},\"headline\":\"El Turismo Pista estar\u00e1 en Olavarr\u00eda\",\"datePublished\":\"2022-02-12T13:59:45+00:00\",\"dateModified\":\"2022-02-12T14:03:21+00:00\",\"mainEntityOfPage\":{\"@id\":\"https:\/\/experienciadevida.com.ar\/portalurbano\/el-turismo-pista-estara-en-olavarria\/\"},\"wordCount\":381,\"publisher\":{\"@id\":\"https:\/\/experienciadevida.com.ar\/portalurbano\/#organization\"},\"articleSection\":[\"Ciudad\",\"Destacadas\"],\"inLanguage\":\"es\"},{\"@type\":\"WebPage\",\"@id\":\"https:\/\/experienciadevida.com.ar\/portalurbano\/el-turismo-pista-estara-en-olavarria\/\",\"url\":\"https:\/\/experienciadevida.com.ar\/portalurbano\/el-turismo-pista-estara-en-olavarria\/\",\"name\":\"El turismo pista estar\u00e1 en Olavarr\u00eda\",\"isPartOf\":{\"@id\":\"https:\/\/experienciadevida.com.ar\/portalurbano\/#website\"},\"datePublished\":\"2022-02-12T13:59:45+00:00\",\"dateModified\":\"2022-02-12T14:03:21+00:00\",\"description\":\"El Turismo Pista estar\u00e1 en Olavarr\u00eda, este fin de semana, el Turismo Pista llegar\u00e1 al Aut\u00f3dromo \u201cHermanos Emiliozzi\u201d\",\"breadcrumb\":{\"@id\":\"https:\/\/experienciadevida.com.ar\/portalurbano\/el-turismo-pista-estara-en-olavarria\/#breadcrumb\"},\"inLanguage\":\"es\",\"potentialAction\":[{\"@type\":\"ReadAction\",\"target\":[\"https:\/\/experienciadevida.com.ar\/portalurbano\/el-turismo-pista-estara-en-olavarria\/\"]}]},{\"@type\":\"BreadcrumbList\",\"@id\":\"https:\/\/experienciadevida.com.ar\/portalurbano\/el-turismo-pista-estara-en-olavarria\/#breadcrumb\",\"itemListElement\":[{\"@type\":\"ListItem\",\"position\":1,\"name\":\"Portada\",\"item\":\"https:\/\/experienciadevida.com.ar\/portalurbano\/\"},{\"@type\":\"ListItem\",\"position\":2,\"name\":\"El Turismo Pista estar\u00e1 en Olavarr\u00eda\"}]},{\"@type\":\"WebSite\",\"@id\":\"https:\/\/experienciadevida.com.ar\/portalurbano\/#website\",\"url\":\"https:\/\/experienciadevida.com.ar\/portalurbano\/\",\"name\":\"\",\"description\":\"\",\"publisher\":{\"@id\":\"https:\/\/experienciadevida.com.ar\/portalurbano\/#organization\"},\"potentialAction\":[{\"@type\":\"SearchAction\",\"target\":{\"@type\":\"EntryPoint\",\"urlTemplate\":\"https:\/\/experienciadevida.com.ar\/portalurbano\/?s={search_term_string}\"},\"query-input\":\"required name=search_term_string\"}],\"inLanguage\":\"es\"},{\"@type\":\"Organization\",\"@id\":\"https:\/\/experienciadevida.com.ar\/portalurbano\/#organization\",\"name\":\"Portal Urbano\",\"url\":\"https:\/\/experienciadevida.com.ar\/portalurbano\/\",\"logo\":{\"@type\":\"ImageObject\",\"inLanguage\":\"es\",\"@id\":\"https:\/\/experienciadevida.com.ar\/portalurbano\/#\/schema\/logo\/image\/\",\"url\":\"https:\/\/experienciadevida.com.ar\/portalurbano\/wp-content\/uploads\/2019\/09\/Logo-Original.png\",\"contentUrl\":\"https:\/\/experienciadevida.com.ar\/portalurbano\/wp-content\/uploads\/2019\/09\/Logo-Original.png\",\"width\":2236,\"height\":1216,\"caption\":\"Portal Urbano\"},\"image\":{\"@id\":\"https:\/\/experienciadevida.com.ar\/portalurbano\/#\/schema\/logo\/image\/\"},\"sameAs\":[\"https:\/\/www.facebook.com\/Portal-Urbano-171542830093757\/\",\"https:\/\/twitter.com\/portalurbanook\",\"https:\/\/www.instagram.com\/_portalurbano\/\",\"https:\/\/www.youtube.com\/channel\/UCXhagIfszH8KxFiOok79zbA?view_as=subscriber\"]},{\"@type\":\"Person\",\"@id\":\"https:\/\/experienciadevida.com.ar\/portalurbano\/#\/schema\/person\/02dd326b1c4b056e9cc972486934a3a7\",\"name\":\"admpu17wp\",\"image\":{\"@type\":\"ImageObject\",\"inLanguage\":\"es\",\"@id\":\"https:\/\/experienciadevida.com.ar\/portalurbano\/#\/schema\/person\/image\/\",\"url\":\"https:\/\/secure.gravatar.com\/avatar\/830d4c57adaae6630765e449a6908047?s=96&d=mm&r=g\",\"contentUrl\":\"https:\/\/secure.gravatar.com\/avatar\/830d4c57adaae6630765e449a6908047?s=96&d=mm&r=g\",\"caption\":\"admpu17wp\"}}]}<\/script>\n<!-- \/ Yoast SEO plugin. -->","yoast_head_json":{"title":"El turismo pista estar\u00e1 en Olavarr\u00eda","description":"El Turismo Pista estar\u00e1 en Olavarr\u00eda, este fin de semana, el Turismo Pista llegar\u00e1 al Aut\u00f3dromo \u201cHermanos Emiliozzi\u201d","robots":{"index":"index","follow":"follow","max-snippet":"max-snippet:-1","max-image-preview":"max-image-preview:large","max-video-preview":"max-video-preview:-1"},"canonical":"https:\/\/experienciadevida.com.ar\/portalurbano\/el-turismo-pista-estara-en-olavarria\/","og_locale":"es_ES","og_type":"article","og_title":"El turismo pista estar\u00e1 en Olavarr\u00eda","og_description":"El Turismo Pista estar\u00e1 en Olavarr\u00eda, este fin de semana, el Turismo Pista llegar\u00e1 al Aut\u00f3dromo \u201cHermanos Emiliozzi\u201d","og_url":"https:\/\/experienciadevida.com.ar\/portalurbano\/el-turismo-pista-estara-en-olavarria\/","article_publisher":"https:\/\/www.facebook.com\/Portal-Urbano-171542830093757\/","article_published_time":"2022-02-12T13:59:45+00:00","article_modified_time":"2022-02-12T14:03:21+00:00","og_image":[{"width":1599,"height":1066,"url":"https:\/\/experienciadevida.com.ar\/portalurbano\/wp-content\/uploads\/2022\/02\/El-Turismo-Pista-estara.jpeg","type":"image\/jpeg"}],"author":"admpu17wp","twitter_card":"summary_large_image","twitter_creator":"@portalurbanook","twitter_site":"@portalurbanook","twitter_misc":{"Escrito por":"admpu17wp","Tiempo de lectura":"2 minutos"},"schema":{"@context":"https:\/\/schema.org","@graph":[{"@type":"Article","@id":"https:\/\/experienciadevida.com.ar\/portalurbano\/el-turismo-pista-estara-en-olavarria\/#article","isPartOf":{"@id":"https:\/\/experienciadevida.com.ar\/portalurbano\/el-turismo-pista-estara-en-olavarria\/"},"author":{"name":"admpu17wp","@id":"https:\/\/experienciadevida.com.ar\/portalurbano\/#\/schema\/person\/02dd326b1c4b056e9cc972486934a3a7"},"headline":"El Turismo Pista estar\u00e1 en Olavarr\u00eda","datePublished":"2022-02-12T13:59:45+00:00","dateModified":"2022-02-12T14:03:21+00:00","mainEntityOfPage":{"@id":"https:\/\/experienciadevida.com.ar\/portalurbano\/el-turismo-pista-estara-en-olavarria\/"},"wordCount":381,"publisher":{"@id":"https:\/\/experienciadevida.com.ar\/portalurbano\/#organization"},"articleSection":["Ciudad","Destacadas"],"inLanguage":"es"},{"@type":"WebPage","@id":"https:\/\/experienciadevida.com.ar\/portalurbano\/el-turismo-pista-estara-en-olavarria\/","url":"https:\/\/experienciadevida.com.ar\/portalurbano\/el-turismo-pista-estara-en-olavarria\/","name":"El turismo pista estar\u00e1 en Olavarr\u00eda","isPartOf":{"@id":"https:\/\/experienciadevida.com.ar\/portalurbano\/#website"},"datePublished":"2022-02-12T13:59:45+00:00","dateModified":"2022-02-12T14:03:21+00:00","description":"El Turismo Pista estar\u00e1 en Olavarr\u00eda, este fin de semana, el Turismo Pista llegar\u00e1 al Aut\u00f3dromo \u201cHermanos Emiliozzi\u201d","breadcrumb":{"@id":"https:\/\/experienciadevida.com.ar\/portalurbano\/el-turismo-pista-estara-en-olavarria\/#breadcrumb"},"inLanguage":"es","potentialAction":[{"@type":"ReadAction","target":["https:\/\/experienciadevida.com.ar\/portalurbano\/el-turismo-pista-estara-en-olavarria\/"]}]},{"@type":"BreadcrumbList","@id":"https:\/\/experienciadevida.com.ar\/portalurbano\/el-turismo-pista-estara-en-olavarria\/#breadcrumb","itemListElement":[{"@type":"ListItem","position":1,"name":"Portada","item":"https:\/\/experienciadevida.com.ar\/portalurbano\/"},{"@type":"ListItem","position":2,"name":"El Turismo Pista estar\u00e1 en Olavarr\u00eda"}]},{"@type":"WebSite","@id":"https:\/\/experienciadevida.com.ar\/portalurbano\/#website","url":"https:\/\/experienciadevida.com.ar\/portalurbano\/","name":"","description":"","publisher":{"@id":"https:\/\/experienciadevida.com.ar\/portalurbano\/#organization"},"potentialAction":[{"@type":"SearchAction","target":{"@type":"EntryPoint","urlTemplate":"https:\/\/experienciadevida.com.ar\/portalurbano\/?s={search_term_string}"},"query-input":"required name=search_term_string"}],"inLanguage":"es"},{"@type":"Organization","@id":"https:\/\/experienciadevida.com.ar\/portalurbano\/#organization","name":"Portal Urbano","url":"https:\/\/experienciadevida.com.ar\/portalurbano\/","logo":{"@type":"ImageObject","inLanguage":"es","@id":"https:\/\/experienciadevida.com.ar\/portalurbano\/#\/schema\/logo\/image\/","url":"https:\/\/experienciadevida.com.ar\/portalurbano\/wp-content\/uploads\/2019\/09\/Logo-Original.png","contentUrl":"https:\/\/experienciadevida.com.ar\/portalurbano\/wp-content\/uploads\/2019\/09\/Logo-Original.png","width":2236,"height":1216,"caption":"Portal Urbano"},"image":{"@id":"https:\/\/experienciadevida.com.ar\/portalurbano\/#\/schema\/logo\/image\/"},"sameAs":["https:\/\/www.facebook.com\/Portal-Urbano-171542830093757\/","https:\/\/twitter.com\/portalurbanook","https:\/\/www.instagram.com\/_portalurbano\/","https:\/\/www.youtube.com\/channel\/UCXhagIfszH8KxFiOok79zbA?view_as=subscriber"]},{"@type":"Person","@id":"https:\/\/experienciadevida.com.ar\/portalurbano\/#\/schema\/person\/02dd326b1c4b056e9cc972486934a3a7","name":"admpu17wp","image":{"@type":"ImageObject","inLanguage":"es","@id":"https:\/\/experienciadevida.com.ar\/portalurbano\/#\/schema\/person\/image\/","url":"https:\/\/secure.gravatar.com\/avatar\/830d4c57adaae6630765e449a6908047?s=96&d=mm&r=g","contentUrl":"https:\/\/secure.gravatar.com\/avatar\/830d4c57adaae6630765e449a6908047?s=96&d=mm&r=g","caption":"admpu17wp"}}]}},"featured_image_urls":{"full":["https:\/\/experienciadevida.com.ar\/portalurbano\/wp-content\/uploads\/2022\/02\/El-Turismo-Pista-estara.jpeg",1599,1066,false],"thumbnail":["https:\/\/experienciadevida.com.ar\/portalurbano\/wp-content\/uploads\/2022\/02\/El-Turismo-Pista-estara-150x150.jpeg",150,150,true],"medium":["https:\/\/experienciadevida.com.ar\/portalurbano\/wp-content\/uploads\/2022\/02\/El-Turismo-Pista-estara-300x200.jpeg",300,200,true],"medium_large":["https:\/\/experienciadevida.com.ar\/portalurbano\/wp-content\/uploads\/2022\/02\/El-Turismo-Pista-estara-768x512.jpeg",640,427,true],"large":["https:\/\/experienciadevida.com.ar\/portalurbano\/wp-content\/uploads\/2022\/02\/El-Turismo-Pista-estara-1024x683.jpeg",640,427,true],"ug_big":["https:\/\/experienciadevida.com.ar\/portalurbano\/wp-content\/uploads\/2022\/02\/El-Turismo-Pista-estara-768x512.jpeg",768,512,true],"1536x1536":["https:\/\/experienciadevida.com.ar\/portalurbano\/wp-content\/uploads\/2022\/02\/El-Turismo-Pista-estara-1536x1024.jpeg",1536,1024,true],"2048x2048":["https:\/\/experienciadevida.com.ar\/portalurbano\/wp-content\/uploads\/2022\/02\/El-Turismo-Pista-estara.jpeg",1599,1066,false],"newsever-slider-full":["https:\/\/experienciadevida.com.ar\/portalurbano\/wp-content\/uploads\/2022\/02\/El-Turismo-Pista-estara.jpeg",1268,845,false],"newsever-featured":["https:\/\/experienciadevida.com.ar\/portalurbano\/wp-content\/uploads\/2022\/02\/El-Turismo-Pista-estara.jpeg",1024,683,false],"newsever-medium":["https:\/\/experienciadevida.com.ar\/portalurbano\/wp-content\/uploads\/2022\/02\/El-Turismo-Pista-estara.jpeg",713,475,false],"web-stories-poster-portrait":["https:\/\/experienciadevida.com.ar\/portalurbano\/wp-content\/uploads\/2022\/02\/El-Turismo-Pista-estara.jpeg",640,427,false],"web-stories-publisher-logo":["https:\/\/experienciadevida.com.ar\/portalurbano\/wp-content\/uploads\/2022\/02\/El-Turismo-Pista-estara.jpeg",96,64,false],"web-stories-thumbnail":["https:\/\/experienciadevida.com.ar\/portalurbano\/wp-content\/uploads\/2022\/02\/El-Turismo-Pista-estara.jpeg",150,100,false]},"author_info":{"display_name":"admpu17wp","author_link":"https:\/\/experienciadevida.com.ar\/portalurbano\/author\/admpu17wp\/"},"category_info":"<a href=\"https:\/\/experienciadevida.com.ar\/portalurbano\/category\/ciudad\/\" rel=\"category tag\">Ciudad<\/a> <a href=\"https:\/\/experienciadevida.com.ar\/portalurbano\/category\/destacadas\/\" rel=\"category tag\">Destacadas<\/a>","tag_info":"Destacadas","comment_count":"0","amp_enabled":true,"_links":{"self":[{"href":"https:\/\/experienciadevida.com.ar\/portalurbano\/wp-json\/wp\/v2\/posts\/161567"}],"collection":[{"href":"https:\/\/experienciadevida.com.ar\/portalurbano\/wp-json\/wp\/v2\/posts"}],"about":[{"href":"https:\/\/experienciadevida.com.ar\/portalurbano\/wp-json\/wp\/v2\/types\/post"}],"author":[{"embeddable":true,"href":"https:\/\/experienciadevida.com.ar\/portalurbano\/wp-json\/wp\/v2\/users\/1"}],"replies":[{"embeddable":true,"href":"https:\/\/experienciadevida.com.ar\/portalurbano\/wp-json\/wp\/v2\/comments?post=161567"}],"version-history":[{"count":3,"href":"https:\/\/experienciadevida.com.ar\/portalurbano\/wp-json\/wp\/v2\/posts\/161567\/revisions"}],"predecessor-version":[{"id":161573,"href":"https:\/\/experienciadevida.com.ar\/portalurbano\/wp-json\/wp\/v2\/posts\/161567\/revisions\/161573"}],"wp:featuredmedia":[{"embeddable":true,"href":"https:\/\/experienciadevida.com.ar\/portalurbano\/wp-json\/wp\/v2\/media\/161568"}],"wp:attachment":[{"href":"https:\/\/experienciadevida.com.ar\/portalurbano\/wp-json\/wp\/v2\/media?parent=161567"}],"wp:term":[{"taxonomy":"category","embeddable":true,"href":"https:\/\/experienciadevida.com.ar\/portalurbano\/wp-json\/wp\/v2\/categories?post=161567"},{"taxonomy":"post_tag","embeddable":true,"href":"https:\/\/experienciadevida.com.ar\/portalurbano\/wp-json\/wp\/v2\/tags?post=161567"}],"curies":[{"name":"wp","href":"https:\/\/api.w.org\/{rel}","templated":true}]}}