{"id":161518,"date":"2022-02-11T12:05:04","date_gmt":"2022-02-11T15:05:04","guid":{"rendered":"https:\/\/experienciadevida.com.ar\/portalurbano\/?p=161518"},"modified":"2022-02-11T12:10:09","modified_gmt":"2022-02-11T15:10:09","slug":"primera-reunion-del-ano-del-consejo-de-seguridad","status":"publish","type":"post","link":"https:\/\/experienciadevida.com.ar\/portalurbano\/primera-reunion-del-ano-del-consejo-de-seguridad\/","title":{"rendered":"Primera reuni\u00f3n del a\u00f1o del Consejo de Seguridad"},"content":{"rendered":"<p>Primera reuni\u00f3n del a\u00f1o del Consejo de Seguridad, este jueves, en el Sal\u00f3n Blanco del Palacio <a href=\"https:\/\/www.facebook.com\/municipiodeolavarria\">San Mart\u00edn<\/a>, se realiz\u00f3 la primera reuni\u00f3n del a\u00f1o del Consejo de Seguridad.<\/p>\n<p>En esta ocasi\u00f3n, los temas tratados fueron los siguientes:<\/p>\n<p>\u2013 En primer lugar, el subsecretario de Seguridad del Municipio Mario Busto agradeci\u00f3 la presencia de los referentes de las distintas entidades y dependencias municipales, tras lo cual inform\u00f3 sobre acciones conjuntas con la Direcci\u00f3n de Bromatolog\u00eda, respecto a inspecciones a locales de venta de alimentos, aportando a diario desde la Subsecretar\u00eda un efectivo policial que realiza tareas a trav\u00e9s de Horas Pol.Ad.<\/p>\n<p>Sobre este \u00faltimo tema, el Subsecretario de Recursos del Sistema de Salud, Alexis Armanini, inform\u00f3 que se realizaron visitas a comercios de ventas de comidas elaboradas a modo de asesor\u00eda y se arm\u00f3 un expediente para realizar actuaci\u00f3n de oficio.<\/p>\n<p>Asimismo se informa que se intensificaron los controles en carnicer\u00edas, encontrando en algunas de ellas distintas irregularidades, aunque no constituyen indicios que se trate de carne proveniente de hechos delictivos.<\/p>\n<p>Desde la Estaci\u00f3n Departamental se comunic\u00f3 que se realizaron allanamientos con resultados positivos.<\/p>\n<p>\u2013 En relaci\u00f3n a los \u00faltimos hechos de abigeato, y a fin de sumar elementos preventivos, Gargiulo sugiri\u00f3 la posibilidad de instalar c\u00e1maras de seguridad distintos barrios de la ciudad, a lo que el Director del Centro de Monitoreo Daniel Manuel consider\u00f3 que requieren un an\u00e1lisis previo sobre factibilidad de instalaci\u00f3n. A la fecha se est\u00e1n evaluando nuevos elementos de resguardo para prevenir y evitar las vandalizaciones. Al respecto, la Sociedad Rural sugiere que las nuevas instalaciones de c\u00e1maras sean consensuadas con personal encargado de las investigaciones de delitos a fin de hacer un mejor uso de los recursos.<\/p>\n<p>\u2013 Se inform\u00f3 que se culmin\u00f3 la obra de instalaci\u00f3n de c\u00e1maras en Sierra Chica y se encuentra en proceso la instalaci\u00f3n de c\u00e1mara en un cruce de avenidas en el Partido de Olavarr\u00eda.<\/p>\n<p>\u2013 Se est\u00e1 trabajando de manera conjunta con Fiscal\u00eda para formalizar el relevamiento de c\u00e1maras de particulares y la posibilidad de contar con las im\u00e1genes captadas por ellos.<\/p>\n<p>\u2013 Ante los hechos de abigeato, los productores autoconvocados destacaron la reubicaci\u00f3n del personal de Comando Patrulla Rural en las diferentes franjas horarias. Los distintos referentes de la zona rural se mostraron satisfechos con el compromiso de asignar a Patrulla Rural personal que egresar\u00e1 de la Escuela de Polic\u00eda en los meses de marzo o abril. Desde la Subsecretaria de Seguridad se inform\u00f3 que al momento no se refuerza en los ingresos a la Ciudad debido a la escasez de personal policial que realiza tareas a trav\u00e9s de Horas Pol.Ad, por periodos de licencia y\/o encontrarse designados al Operativo Sol.<\/p>\n<p>En relaci\u00f3n a ello, se considera oportuno elevar notas por parte del Municipio, Sociedad Rural, C\u00e1mara Empresaria, solicitando asignaci\u00f3n de personal al Ministerio de Seguridad de la Provincia de Buenos Aires.<\/p>\n<p>\u2013 Busto inform\u00f3 e hizo entrega de copia de los aportes realizados a distintas Dependencias Policiales, en arreglos y mantenimientos de veh\u00edculos, alquileres de Comisar\u00eda Seccional Segunda Olavarr\u00eda, Sub DDI Olavarr\u00eda, Comisar\u00eda de la Mujer y Grupo de Apoyo Departamental, GPS de m\u00f3viles Policiales, combustibles, elementos para mantenimientos de edificios y mobiliarios, horas Pol.Ad e informa los ingresos a trav\u00e9s de la Tasa de Protecci\u00f3n Ciudadana.<\/p>\n<p>\u2013 Sobre la problem\u00e1tica de animales sueltos y ante el reclamo de intervenci\u00f3n del Juzgado de Faltas Local, el Jefe Zonal de CPR y el secretario del Juzgado de Faltas informaron que las actuaciones pueden ser remitidas al Ministerio de Asuntos Agrarios o al Juzgado de Faltas Local, e indic\u00f3 que lleva un proceso que habitualmente finaliza con una multa.<\/p>\n<p>A continuaci\u00f3n se detallan los participantes de la reuni\u00f3n. Por el Municipio, el subsecretario de Seguridad y Control Urbano, Mario Busto, el subsecretario de Recursos del Sistema de Salud, Alexis Armanini, el director de Acci\u00f3n y Control Urbano, Gustavo Spaltro, El director del Centro Municipal de Monitoreo, Daniel Manuel, el secretario del Juzgado De Faltas, David Lloves, la Coordinadora de Agentes policiales que realizan tareas de tr\u00e1nsito a trav\u00e9s de horas Pol.Ad, OI Daiana Salvatierra; por el Ministerio P\u00fablico, Dr. Jos\u00e9 Iturralde; por Jefatura Distrital, Crio. Insp. Roberto Landoni, el Jefe de Comando De Patrullas Olavarr\u00eda, Crio. Mario Zapata, la jefe De Comisar\u00eda Seccional Segunda Olavarr\u00eda, Crio. Silvana Lestani; La segunda jefe de Comisar\u00eda Seccional Primera Olavarr\u00eda, Subcrio. Guadalupe Balquinta; por Subcomisar\u00eda Loma Negra, El Of. Ppal Schneider; por Subcomisar\u00eda de Sierras Bayas, Of. Ppal. Romina Alonso, por Subcomisar\u00eda Sierra Chica, Of. Ppal. Elisa Hartman, por Subcomisar\u00eda Hinojo, Of. Ppal. Juan Garc\u00eda, por Patrulla Rural, el jefe Zonal, Crio. Mayor Lic. Marcos Patelli, el segundo jefe, Crio Andr\u00e9s Dor\u00e9, el Jefe Local, Crio Jos\u00e9 Amezaga; el segundo jefe, Of. Ppal. Alejandro Crescitelli, por Sociedad Rural, Daniel Ay\u00e7aguer, Jos\u00e9 Mar\u00eda Ortiz Y Hourcade; en representaci\u00f3n de la Sociedad Rural Argentina, El Sr. Alejandro Mend\u00eda; los productores autoconvocados Pablo Gonz\u00e1lez, Julio Bucciarelli y Mario Gargiulo.<\/p>\n<p><a href=\"https:\/\/experienciadevida.com.ar\/portalurbano\/primera-reunion-del-ano-del-consejo-de-seguridad\/primera-reunion\/\" rel=\"attachment wp-att-161522\"><img decoding=\"async\" class=\"alignnone size-large wp-image-161522\" src=\"https:\/\/experienciadevida.com.ar\/portalurbano\/wp-content\/uploads\/2022\/02\/Primera-reunion-1024x497.jpeg\" alt=\"Primera reuni\u00f3n \" width=\"900\" height=\"437\" srcset=\"https:\/\/experienciadevida.com.ar\/portalurbano\/wp-content\/uploads\/2022\/02\/Primera-reunion-1024x497.jpeg 1024w, https:\/\/experienciadevida.com.ar\/portalurbano\/wp-content\/uploads\/2022\/02\/Primera-reunion-300x146.jpeg 300w, https:\/\/experienciadevida.com.ar\/portalurbano\/wp-content\/uploads\/2022\/02\/Primera-reunion-768x373.jpeg 768w, https:\/\/experienciadevida.com.ar\/portalurbano\/wp-content\/uploads\/2022\/02\/Primera-reunion-1536x746.jpeg 1536w, https:\/\/experienciadevida.com.ar\/portalurbano\/wp-content\/uploads\/2022\/02\/Primera-reunion.jpeg 1600w\" sizes=\"(max-width: 900px) 100vw, 900px\" \/><\/a><\/p>\n","protected":false},"excerpt":{"rendered":"<p>Primera reuni\u00f3n del a\u00f1o del Consejo de Seguridad, este jueves, en el Sal\u00f3n Blanco del&#8230;<\/p>\n","protected":false},"author":1,"featured_media":161519,"comment_status":"closed","ping_status":"closed","sticky":false,"template":"","format":"standard","meta":{"content-type":""},"categories":[27,64],"tags":[],"nelio_content":{"isAutoShareEnabled":false,"autoShareEndMode":"default","automationSources":{"useContentSentences":true,"useSocialTemplates":true,"useCustomSentences":false,"customSentences":[]},"followers":[1],"suggestedReferences":[],"includedReferences":[],"efiUrl":"","efiAlt":"","highlights":[]},"yoast_head":"<!-- This site is optimized with the Yoast SEO plugin v20.7 - https:\/\/yoast.com\/wordpress\/plugins\/seo\/ -->\n<title>Primera reuni\u00f3n del a\u00f1o del Consejo de Seguridad<\/title>\n<meta name=\"description\" content=\"Primera reuni\u00f3n del a\u00f1o del Consejo de Seguridad, este jueves, en el Sal\u00f3n Blanco del Palacio San Mart\u00edn, se realiz\u00f3 la primera reuni\u00f3n\" \/>\n<meta name=\"robots\" content=\"index, follow, max-snippet:-1, max-image-preview:large, max-video-preview:-1\" \/>\n<link rel=\"canonical\" href=\"https:\/\/experienciadevida.com.ar\/portalurbano\/primera-reunion-del-ano-del-consejo-de-seguridad\/\" \/>\n<meta property=\"og:locale\" content=\"es_ES\" \/>\n<meta property=\"og:type\" content=\"article\" \/>\n<meta property=\"og:title\" content=\"Primera reuni\u00f3n del a\u00f1o del Consejo de Seguridad\" \/>\n<meta property=\"og:description\" content=\"Primera reuni\u00f3n del a\u00f1o del Consejo de Seguridad, este jueves, en el Sal\u00f3n Blanco del Palacio San Mart\u00edn, se realiz\u00f3 la primera reuni\u00f3n\" \/>\n<meta property=\"og:url\" content=\"https:\/\/experienciadevida.com.ar\/portalurbano\/primera-reunion-del-ano-del-consejo-de-seguridad\/\" \/>\n<meta property=\"article:publisher\" content=\"https:\/\/www.facebook.com\/Portal-Urbano-171542830093757\/\" \/>\n<meta property=\"article:published_time\" content=\"2022-02-11T15:05:04+00:00\" \/>\n<meta property=\"article:modified_time\" content=\"2022-02-11T15:10:09+00:00\" \/>\n<meta property=\"og:image\" content=\"https:\/\/experienciadevida.com.ar\/portalurbano\/wp-content\/uploads\/2022\/02\/Primera-reunion-del-ano.jpeg\" \/>\n\t<meta property=\"og:image:width\" content=\"1600\" \/>\n\t<meta property=\"og:image:height\" content=\"777\" \/>\n\t<meta property=\"og:image:type\" content=\"image\/jpeg\" \/>\n<meta name=\"author\" content=\"admpu17wp\" \/>\n<meta name=\"twitter:card\" content=\"summary_large_image\" \/>\n<meta name=\"twitter:creator\" content=\"@portalurbanook\" \/>\n<meta name=\"twitter:site\" content=\"@portalurbanook\" \/>\n<meta name=\"twitter:label1\" content=\"Escrito por\" \/>\n\t<meta name=\"twitter:data1\" content=\"admpu17wp\" \/>\n\t<meta name=\"twitter:label2\" content=\"Tiempo de lectura\" \/>\n\t<meta name=\"twitter:data2\" content=\"4 minutos\" \/>\n<script type=\"application\/ld+json\" class=\"yoast-schema-graph\">{\"@context\":\"https:\/\/schema.org\",\"@graph\":[{\"@type\":\"Article\",\"@id\":\"https:\/\/experienciadevida.com.ar\/portalurbano\/primera-reunion-del-ano-del-consejo-de-seguridad\/#article\",\"isPartOf\":{\"@id\":\"https:\/\/experienciadevida.com.ar\/portalurbano\/primera-reunion-del-ano-del-consejo-de-seguridad\/\"},\"author\":{\"name\":\"admpu17wp\",\"@id\":\"https:\/\/experienciadevida.com.ar\/portalurbano\/#\/schema\/person\/02dd326b1c4b056e9cc972486934a3a7\"},\"headline\":\"Primera reuni\u00f3n del a\u00f1o del Consejo de Seguridad\",\"datePublished\":\"2022-02-11T15:05:04+00:00\",\"dateModified\":\"2022-02-11T15:10:09+00:00\",\"mainEntityOfPage\":{\"@id\":\"https:\/\/experienciadevida.com.ar\/portalurbano\/primera-reunion-del-ano-del-consejo-de-seguridad\/\"},\"wordCount\":890,\"publisher\":{\"@id\":\"https:\/\/experienciadevida.com.ar\/portalurbano\/#organization\"},\"articleSection\":[\"Ciudad\",\"Destacadas 2\"],\"inLanguage\":\"es\"},{\"@type\":\"WebPage\",\"@id\":\"https:\/\/experienciadevida.com.ar\/portalurbano\/primera-reunion-del-ano-del-consejo-de-seguridad\/\",\"url\":\"https:\/\/experienciadevida.com.ar\/portalurbano\/primera-reunion-del-ano-del-consejo-de-seguridad\/\",\"name\":\"Primera reuni\u00f3n del a\u00f1o del Consejo de Seguridad\",\"isPartOf\":{\"@id\":\"https:\/\/experienciadevida.com.ar\/portalurbano\/#website\"},\"datePublished\":\"2022-02-11T15:05:04+00:00\",\"dateModified\":\"2022-02-11T15:10:09+00:00\",\"description\":\"Primera reuni\u00f3n del a\u00f1o del Consejo de Seguridad, este jueves, en el Sal\u00f3n Blanco del Palacio San Mart\u00edn, se realiz\u00f3 la primera reuni\u00f3n\",\"breadcrumb\":{\"@id\":\"https:\/\/experienciadevida.com.ar\/portalurbano\/primera-reunion-del-ano-del-consejo-de-seguridad\/#breadcrumb\"},\"inLanguage\":\"es\",\"potentialAction\":[{\"@type\":\"ReadAction\",\"target\":[\"https:\/\/experienciadevida.com.ar\/portalurbano\/primera-reunion-del-ano-del-consejo-de-seguridad\/\"]}]},{\"@type\":\"BreadcrumbList\",\"@id\":\"https:\/\/experienciadevida.com.ar\/portalurbano\/primera-reunion-del-ano-del-consejo-de-seguridad\/#breadcrumb\",\"itemListElement\":[{\"@type\":\"ListItem\",\"position\":1,\"name\":\"Portada\",\"item\":\"https:\/\/experienciadevida.com.ar\/portalurbano\/\"},{\"@type\":\"ListItem\",\"position\":2,\"name\":\"Primera reuni\u00f3n del a\u00f1o del Consejo de Seguridad\"}]},{\"@type\":\"WebSite\",\"@id\":\"https:\/\/experienciadevida.com.ar\/portalurbano\/#website\",\"url\":\"https:\/\/experienciadevida.com.ar\/portalurbano\/\",\"name\":\"\",\"description\":\"\",\"publisher\":{\"@id\":\"https:\/\/experienciadevida.com.ar\/portalurbano\/#organization\"},\"potentialAction\":[{\"@type\":\"SearchAction\",\"target\":{\"@type\":\"EntryPoint\",\"urlTemplate\":\"https:\/\/experienciadevida.com.ar\/portalurbano\/?s={search_term_string}\"},\"query-input\":\"required name=search_term_string\"}],\"inLanguage\":\"es\"},{\"@type\":\"Organization\",\"@id\":\"https:\/\/experienciadevida.com.ar\/portalurbano\/#organization\",\"name\":\"Portal Urbano\",\"url\":\"https:\/\/experienciadevida.com.ar\/portalurbano\/\",\"logo\":{\"@type\":\"ImageObject\",\"inLanguage\":\"es\",\"@id\":\"https:\/\/experienciadevida.com.ar\/portalurbano\/#\/schema\/logo\/image\/\",\"url\":\"https:\/\/experienciadevida.com.ar\/portalurbano\/wp-content\/uploads\/2019\/09\/Logo-Original.png\",\"contentUrl\":\"https:\/\/experienciadevida.com.ar\/portalurbano\/wp-content\/uploads\/2019\/09\/Logo-Original.png\",\"width\":2236,\"height\":1216,\"caption\":\"Portal Urbano\"},\"image\":{\"@id\":\"https:\/\/experienciadevida.com.ar\/portalurbano\/#\/schema\/logo\/image\/\"},\"sameAs\":[\"https:\/\/www.facebook.com\/Portal-Urbano-171542830093757\/\",\"https:\/\/twitter.com\/portalurbanook\",\"https:\/\/www.instagram.com\/_portalurbano\/\",\"https:\/\/www.youtube.com\/channel\/UCXhagIfszH8KxFiOok79zbA?view_as=subscriber\"]},{\"@type\":\"Person\",\"@id\":\"https:\/\/experienciadevida.com.ar\/portalurbano\/#\/schema\/person\/02dd326b1c4b056e9cc972486934a3a7\",\"name\":\"admpu17wp\",\"image\":{\"@type\":\"ImageObject\",\"inLanguage\":\"es\",\"@id\":\"https:\/\/experienciadevida.com.ar\/portalurbano\/#\/schema\/person\/image\/\",\"url\":\"https:\/\/secure.gravatar.com\/avatar\/830d4c57adaae6630765e449a6908047?s=96&d=mm&r=g\",\"contentUrl\":\"https:\/\/secure.gravatar.com\/avatar\/830d4c57adaae6630765e449a6908047?s=96&d=mm&r=g\",\"caption\":\"admpu17wp\"}}]}<\/script>\n<!-- \/ Yoast SEO plugin. -->","yoast_head_json":{"title":"Primera reuni\u00f3n del a\u00f1o del Consejo de Seguridad","description":"Primera reuni\u00f3n del a\u00f1o del Consejo de Seguridad, este jueves, en el Sal\u00f3n Blanco del Palacio San Mart\u00edn, se realiz\u00f3 la primera reuni\u00f3n","robots":{"index":"index","follow":"follow","max-snippet":"max-snippet:-1","max-image-preview":"max-image-preview:large","max-video-preview":"max-video-preview:-1"},"canonical":"https:\/\/experienciadevida.com.ar\/portalurbano\/primera-reunion-del-ano-del-consejo-de-seguridad\/","og_locale":"es_ES","og_type":"article","og_title":"Primera reuni\u00f3n del a\u00f1o del Consejo de Seguridad","og_description":"Primera reuni\u00f3n del a\u00f1o del Consejo de Seguridad, este jueves, en el Sal\u00f3n Blanco del Palacio San Mart\u00edn, se realiz\u00f3 la primera reuni\u00f3n","og_url":"https:\/\/experienciadevida.com.ar\/portalurbano\/primera-reunion-del-ano-del-consejo-de-seguridad\/","article_publisher":"https:\/\/www.facebook.com\/Portal-Urbano-171542830093757\/","article_published_time":"2022-02-11T15:05:04+00:00","article_modified_time":"2022-02-11T15:10:09+00:00","og_image":[{"width":1600,"height":777,"url":"https:\/\/experienciadevida.com.ar\/portalurbano\/wp-content\/uploads\/2022\/02\/Primera-reunion-del-ano.jpeg","type":"image\/jpeg"}],"author":"admpu17wp","twitter_card":"summary_large_image","twitter_creator":"@portalurbanook","twitter_site":"@portalurbanook","twitter_misc":{"Escrito por":"admpu17wp","Tiempo de lectura":"4 minutos"},"schema":{"@context":"https:\/\/schema.org","@graph":[{"@type":"Article","@id":"https:\/\/experienciadevida.com.ar\/portalurbano\/primera-reunion-del-ano-del-consejo-de-seguridad\/#article","isPartOf":{"@id":"https:\/\/experienciadevida.com.ar\/portalurbano\/primera-reunion-del-ano-del-consejo-de-seguridad\/"},"author":{"name":"admpu17wp","@id":"https:\/\/experienciadevida.com.ar\/portalurbano\/#\/schema\/person\/02dd326b1c4b056e9cc972486934a3a7"},"headline":"Primera reuni\u00f3n del a\u00f1o del Consejo de Seguridad","datePublished":"2022-02-11T15:05:04+00:00","dateModified":"2022-02-11T15:10:09+00:00","mainEntityOfPage":{"@id":"https:\/\/experienciadevida.com.ar\/portalurbano\/primera-reunion-del-ano-del-consejo-de-seguridad\/"},"wordCount":890,"publisher":{"@id":"https:\/\/experienciadevida.com.ar\/portalurbano\/#organization"},"articleSection":["Ciudad","Destacadas 2"],"inLanguage":"es"},{"@type":"WebPage","@id":"https:\/\/experienciadevida.com.ar\/portalurbano\/primera-reunion-del-ano-del-consejo-de-seguridad\/","url":"https:\/\/experienciadevida.com.ar\/portalurbano\/primera-reunion-del-ano-del-consejo-de-seguridad\/","name":"Primera reuni\u00f3n del a\u00f1o del Consejo de Seguridad","isPartOf":{"@id":"https:\/\/experienciadevida.com.ar\/portalurbano\/#website"},"datePublished":"2022-02-11T15:05:04+00:00","dateModified":"2022-02-11T15:10:09+00:00","description":"Primera reuni\u00f3n del a\u00f1o del Consejo de Seguridad, este jueves, en el Sal\u00f3n Blanco del Palacio San Mart\u00edn, se realiz\u00f3 la primera reuni\u00f3n","breadcrumb":{"@id":"https:\/\/experienciadevida.com.ar\/portalurbano\/primera-reunion-del-ano-del-consejo-de-seguridad\/#breadcrumb"},"inLanguage":"es","potentialAction":[{"@type":"ReadAction","target":["https:\/\/experienciadevida.com.ar\/portalurbano\/primera-reunion-del-ano-del-consejo-de-seguridad\/"]}]},{"@type":"BreadcrumbList","@id":"https:\/\/experienciadevida.com.ar\/portalurbano\/primera-reunion-del-ano-del-consejo-de-seguridad\/#breadcrumb","itemListElement":[{"@type":"ListItem","position":1,"name":"Portada","item":"https:\/\/experienciadevida.com.ar\/portalurbano\/"},{"@type":"ListItem","position":2,"name":"Primera reuni\u00f3n del a\u00f1o del Consejo de Seguridad"}]},{"@type":"WebSite","@id":"https:\/\/experienciadevida.com.ar\/portalurbano\/#website","url":"https:\/\/experienciadevida.com.ar\/portalurbano\/","name":"","description":"","publisher":{"@id":"https:\/\/experienciadevida.com.ar\/portalurbano\/#organization"},"potentialAction":[{"@type":"SearchAction","target":{"@type":"EntryPoint","urlTemplate":"https:\/\/experienciadevida.com.ar\/portalurbano\/?s={search_term_string}"},"query-input":"required name=search_term_string"}],"inLanguage":"es"},{"@type":"Organization","@id":"https:\/\/experienciadevida.com.ar\/portalurbano\/#organization","name":"Portal Urbano","url":"https:\/\/experienciadevida.com.ar\/portalurbano\/","logo":{"@type":"ImageObject","inLanguage":"es","@id":"https:\/\/experienciadevida.com.ar\/portalurbano\/#\/schema\/logo\/image\/","url":"https:\/\/experienciadevida.com.ar\/portalurbano\/wp-content\/uploads\/2019\/09\/Logo-Original.png","contentUrl":"https:\/\/experienciadevida.com.ar\/portalurbano\/wp-content\/uploads\/2019\/09\/Logo-Original.png","width":2236,"height":1216,"caption":"Portal Urbano"},"image":{"@id":"https:\/\/experienciadevida.com.ar\/portalurbano\/#\/schema\/logo\/image\/"},"sameAs":["https:\/\/www.facebook.com\/Portal-Urbano-171542830093757\/","https:\/\/twitter.com\/portalurbanook","https:\/\/www.instagram.com\/_portalurbano\/","https:\/\/www.youtube.com\/channel\/UCXhagIfszH8KxFiOok79zbA?view_as=subscriber"]},{"@type":"Person","@id":"https:\/\/experienciadevida.com.ar\/portalurbano\/#\/schema\/person\/02dd326b1c4b056e9cc972486934a3a7","name":"admpu17wp","image":{"@type":"ImageObject","inLanguage":"es","@id":"https:\/\/experienciadevida.com.ar\/portalurbano\/#\/schema\/person\/image\/","url":"https:\/\/secure.gravatar.com\/avatar\/830d4c57adaae6630765e449a6908047?s=96&d=mm&r=g","contentUrl":"https:\/\/secure.gravatar.com\/avatar\/830d4c57adaae6630765e449a6908047?s=96&d=mm&r=g","caption":"admpu17wp"}}]}},"featured_image_urls":{"full":["https:\/\/experienciadevida.com.ar\/portalurbano\/wp-content\/uploads\/2022\/02\/Primera-reunion-del-ano.jpeg",1600,777,false],"thumbnail":["https:\/\/experienciadevida.com.ar\/portalurbano\/wp-content\/uploads\/2022\/02\/Primera-reunion-del-ano-150x150.jpeg",150,150,true],"medium":["https:\/\/experienciadevida.com.ar\/portalurbano\/wp-content\/uploads\/2022\/02\/Primera-reunion-del-ano-300x146.jpeg",300,146,true],"medium_large":["https:\/\/experienciadevida.com.ar\/portalurbano\/wp-content\/uploads\/2022\/02\/Primera-reunion-del-ano-768x373.jpeg",640,311,true],"large":["https:\/\/experienciadevida.com.ar\/portalurbano\/wp-content\/uploads\/2022\/02\/Primera-reunion-del-ano-1024x497.jpeg",640,311,true],"ug_big":["https:\/\/experienciadevida.com.ar\/portalurbano\/wp-content\/uploads\/2022\/02\/Primera-reunion-del-ano-768x373.jpeg",768,373,true],"1536x1536":["https:\/\/experienciadevida.com.ar\/portalurbano\/wp-content\/uploads\/2022\/02\/Primera-reunion-del-ano-1536x746.jpeg",1536,746,true],"2048x2048":["https:\/\/experienciadevida.com.ar\/portalurbano\/wp-content\/uploads\/2022\/02\/Primera-reunion-del-ano.jpeg",1600,777,false],"newsever-slider-full":["https:\/\/experienciadevida.com.ar\/portalurbano\/wp-content\/uploads\/2022\/02\/Primera-reunion-del-ano.jpeg",1280,622,false],"newsever-featured":["https:\/\/experienciadevida.com.ar\/portalurbano\/wp-content\/uploads\/2022\/02\/Primera-reunion-del-ano.jpeg",1024,497,false],"newsever-medium":["https:\/\/experienciadevida.com.ar\/portalurbano\/wp-content\/uploads\/2022\/02\/Primera-reunion-del-ano.jpeg",720,350,false],"web-stories-poster-portrait":["https:\/\/experienciadevida.com.ar\/portalurbano\/wp-content\/uploads\/2022\/02\/Primera-reunion-del-ano.jpeg",640,311,false],"web-stories-publisher-logo":["https:\/\/experienciadevida.com.ar\/portalurbano\/wp-content\/uploads\/2022\/02\/Primera-reunion-del-ano.jpeg",96,47,false],"web-stories-thumbnail":["https:\/\/experienciadevida.com.ar\/portalurbano\/wp-content\/uploads\/2022\/02\/Primera-reunion-del-ano.jpeg",150,73,false]},"author_info":{"display_name":"admpu17wp","author_link":"https:\/\/experienciadevida.com.ar\/portalurbano\/author\/admpu17wp\/"},"category_info":"<a href=\"https:\/\/experienciadevida.com.ar\/portalurbano\/category\/ciudad\/\" rel=\"category tag\">Ciudad<\/a> <a href=\"https:\/\/experienciadevida.com.ar\/portalurbano\/category\/destacadas-2\/\" rel=\"category tag\">Destacadas 2<\/a>","tag_info":"Destacadas 2","comment_count":"0","amp_enabled":true,"_links":{"self":[{"href":"https:\/\/experienciadevida.com.ar\/portalurbano\/wp-json\/wp\/v2\/posts\/161518"}],"collection":[{"href":"https:\/\/experienciadevida.com.ar\/portalurbano\/wp-json\/wp\/v2\/posts"}],"about":[{"href":"https:\/\/experienciadevida.com.ar\/portalurbano\/wp-json\/wp\/v2\/types\/post"}],"author":[{"embeddable":true,"href":"https:\/\/experienciadevida.com.ar\/portalurbano\/wp-json\/wp\/v2\/users\/1"}],"replies":[{"embeddable":true,"href":"https:\/\/experienciadevida.com.ar\/portalurbano\/wp-json\/wp\/v2\/comments?post=161518"}],"version-history":[{"count":4,"href":"https:\/\/experienciadevida.com.ar\/portalurbano\/wp-json\/wp\/v2\/posts\/161518\/revisions"}],"predecessor-version":[{"id":161525,"href":"https:\/\/experienciadevida.com.ar\/portalurbano\/wp-json\/wp\/v2\/posts\/161518\/revisions\/161525"}],"wp:featuredmedia":[{"embeddable":true,"href":"https:\/\/experienciadevida.com.ar\/portalurbano\/wp-json\/wp\/v2\/media\/161519"}],"wp:attachment":[{"href":"https:\/\/experienciadevida.com.ar\/portalurbano\/wp-json\/wp\/v2\/media?parent=161518"}],"wp:term":[{"taxonomy":"category","embeddable":true,"href":"https:\/\/experienciadevida.com.ar\/portalurbano\/wp-json\/wp\/v2\/categories?post=161518"},{"taxonomy":"post_tag","embeddable":true,"href":"https:\/\/experienciadevida.com.ar\/portalurbano\/wp-json\/wp\/v2\/tags?post=161518"}],"curies":[{"name":"wp","href":"https:\/\/api.w.org\/{rel}","templated":true}]}}