{"id":161493,"date":"2022-02-10T20:25:03","date_gmt":"2022-02-10T23:25:03","guid":{"rendered":"https:\/\/experienciadevida.com.ar\/portalurbano\/?p=161493"},"modified":"2022-02-10T20:26:54","modified_gmt":"2022-02-10T23:26:54","slug":"foro-olavarria-prepara-la-previa-del-carnaval","status":"publish","type":"post","link":"https:\/\/experienciadevida.com.ar\/portalurbano\/foro-olavarria-prepara-la-previa-del-carnaval\/","title":{"rendered":"Foro Olavarr\u00eda prepara \u201cLa previa del Carnaval\u201d"},"content":{"rendered":"<p>Foro Olavarr\u00eda prepara \u201cLa previa del Carnaval\u201d, se trata de una serie de videos para difundir la participaci\u00f3n de las<br \/>\ndistintas agrupaciones en los corsos oficiales 2022. El espacio viene de realizar el \u201cVIVO El Carnaval Olavarr\u00eda 2021\u201d v\u00eda streaming el a\u00f1o pasado, bajo un contexto de restricciones por la pandemia.<\/p>\n<p><a href=\"https:\/\/www.facebook.com\/Foroolavarria\">Foro Olavarr\u00eda<\/a> &#8211; Frente Renovador, espacio conducido por Eduardo Rodr\u00edguez, la concejal In\u00e9s Creimer y el concejal Gast\u00f3n Sarachu, estrena \u201cLa previa del carnaval\u201d, una serie de producciones audiovisuales con motivo de<br \/>\ndifundir a las agrupaciones y artistas que participar\u00e1n en los corsos oficiales 2022, organizados por el municipio. Este jueves se presenta el primer video de la serie con la participaci\u00f3n de Bah\u00eda Ba.<\/p>\n<p>Nuevamente, Foro Olavarr\u00eda &#8211; Frente Renovador vuelve a generar una propuesta para los carnavales. En el a\u00f1o 2021, cuando la pandemia paraliz\u00f3 la totalidad de los eventos culturales presenciales, el espacio apost\u00f3 a una propuesta online titulada \u201cVIVO El Carnaval Olavarr\u00eda 2021\u201d. De esta experiencia in\u00e9dita participaron Mechongu\u00e9, Sambos Caporales, Madame L\u00fa, Caporales de Coraz\u00f3n, Bancate la Pelusa, Daii Yar\u00e1, Arrebatando L\u00e1grimas, Comodines de Febrero, Insaciables, La Nueva Bater\u00eda VIP y Bah\u00eda Ba.<\/p>\n<p>\u201cLa previa del Carnaval\u201d recupera el relato de aquellas agrupaciones que participaron del \u201cVIVO El Carnaval Olavarr\u00eda 2021\u201d, el a\u00f1o pasado. Los videos, que se publicar\u00e1n en estos d\u00edas previos a los corsos oficiales, podr\u00e1n disfrutarse a trav\u00e9s del canal de YouTube del Foro Olavarr\u00eda. En la tarde de este jueves se presenta el primer material que cuenta con la participaci\u00f3n de Bah\u00eda Ba escuela de Samba dirigida por L\u00edder Eloy, a trav\u00e9s del siguiente enlace: https:\/\/www.youtube.com\/watch?v=37DGjRiorag<\/p>\n<p>Eduardo Rodr\u00edguez, principal referente del Foro Olavarr\u00eda &#8211; Frente Renovador, explic\u00f3 que \u201cesta es una manera de sumarnos a la difusi\u00f3n de las agrupaciones que participar\u00e1n en estos corsos oficiales\u201d. \u201cCreemos que es importante poner en valor el trabajo social de las comparsas, murgas, escuelas de Samba, batucadas y otras agrupaciones de Olavarr\u00eda. No s\u00f3lo aportan a la diversidad cultural de la ciudad, sino que tambi\u00e9n son un \u00e1mbito de contenci\u00f3n para muchos chicos y chicas, y generan un fuerte sentido de pertenencia\u201d, agreg\u00f3 Rodr\u00edguez.<\/p>\n<p>En cuanto a los corsos oficiales 2022, organizados por el municipio y que se realizar\u00e1n los d\u00edas 18,19 y 20 de febrero en el Cors\u00f3dromo Municipal \u201cGabriel Antonio\u201d, Eduardo Rodr\u00edguez destac\u00f3 \u201cel retorno a la presencialidad de un evento tan caracter\u00edstico de Olavarr\u00eda y al que la gente recibe con mucha alegr\u00eda\u201d.<\/p>\n<p>Para m\u00e1s informaci\u00f3n de las actividades que se realizan en la Casa Eduardo \u201cChino\u201d Correa acercarse al edificio ubicado en la calle Belgrano al 3222. O contactarse mediante los siguientes canales de comunicaci\u00f3n:<\/p>\n<p>P\u00e1gina web: https:\/\/www.foroolavarria.org<\/p>\n<p>Mail: foroolavarria@gmail.com<\/p>\n<p>Tel\u00e9fono: 2284-554873<\/p>\n","protected":false},"excerpt":{"rendered":"<p>Foro Olavarr\u00eda prepara \u201cLa previa del Carnaval\u201d, se trata de una serie de videos para&#8230;<\/p>\n","protected":false},"author":1,"featured_media":161494,"comment_status":"closed","ping_status":"closed","sticky":false,"template":"","format":"standard","meta":{"content-type":""},"categories":[27,51],"tags":[],"nelio_content":{"isAutoShareEnabled":false,"autoShareEndMode":"default","automationSources":{"useContentSentences":true,"useSocialTemplates":true,"useCustomSentences":false,"customSentences":[]},"followers":[1],"suggestedReferences":[],"includedReferences":[],"efiUrl":"","efiAlt":"","highlights":[]},"yoast_head":"<!-- This site is optimized with the Yoast SEO plugin v20.7 - https:\/\/yoast.com\/wordpress\/plugins\/seo\/ -->\n<title>Foro Olavarr\u00eda prepara la &quot;previa del Carnaval&quot;<\/title>\n<meta name=\"description\" content=\"Foro Olavarr\u00eda prepara \u201cLa previa del Carnaval\u201d, se trata de una serie de videos para difundir la participaci\u00f3n de las distintas agrupaciones\" \/>\n<meta name=\"robots\" content=\"index, follow, max-snippet:-1, max-image-preview:large, max-video-preview:-1\" \/>\n<link rel=\"canonical\" href=\"https:\/\/experienciadevida.com.ar\/portalurbano\/foro-olavarria-prepara-la-previa-del-carnaval\/\" \/>\n<meta property=\"og:locale\" content=\"es_ES\" \/>\n<meta property=\"og:type\" content=\"article\" \/>\n<meta property=\"og:title\" content=\"Foro Olavarr\u00eda prepara la &quot;previa del Carnaval&quot;\" \/>\n<meta property=\"og:description\" content=\"Foro Olavarr\u00eda prepara \u201cLa previa del Carnaval\u201d, se trata de una serie de videos para difundir la participaci\u00f3n de las distintas agrupaciones\" \/>\n<meta property=\"og:url\" content=\"https:\/\/experienciadevida.com.ar\/portalurbano\/foro-olavarria-prepara-la-previa-del-carnaval\/\" \/>\n<meta property=\"article:publisher\" content=\"https:\/\/www.facebook.com\/Portal-Urbano-171542830093757\/\" \/>\n<meta property=\"article:published_time\" content=\"2022-02-10T23:25:03+00:00\" \/>\n<meta property=\"article:modified_time\" content=\"2022-02-10T23:26:54+00:00\" \/>\n<meta property=\"og:image\" content=\"https:\/\/experienciadevida.com.ar\/portalurbano\/wp-content\/uploads\/2022\/02\/Foro-Olavarria-prepara.jpeg\" \/>\n\t<meta property=\"og:image:width\" content=\"1080\" \/>\n\t<meta property=\"og:image:height\" content=\"629\" \/>\n\t<meta property=\"og:image:type\" content=\"image\/jpeg\" \/>\n<meta name=\"author\" content=\"admpu17wp\" \/>\n<meta name=\"twitter:card\" content=\"summary_large_image\" \/>\n<meta name=\"twitter:creator\" content=\"@portalurbanook\" \/>\n<meta name=\"twitter:site\" content=\"@portalurbanook\" \/>\n<meta name=\"twitter:label1\" content=\"Escrito por\" \/>\n\t<meta name=\"twitter:data1\" content=\"admpu17wp\" \/>\n\t<meta name=\"twitter:label2\" content=\"Tiempo de lectura\" \/>\n\t<meta name=\"twitter:data2\" content=\"3 minutos\" \/>\n<script type=\"application\/ld+json\" class=\"yoast-schema-graph\">{\"@context\":\"https:\/\/schema.org\",\"@graph\":[{\"@type\":\"Article\",\"@id\":\"https:\/\/experienciadevida.com.ar\/portalurbano\/foro-olavarria-prepara-la-previa-del-carnaval\/#article\",\"isPartOf\":{\"@id\":\"https:\/\/experienciadevida.com.ar\/portalurbano\/foro-olavarria-prepara-la-previa-del-carnaval\/\"},\"author\":{\"name\":\"admpu17wp\",\"@id\":\"https:\/\/experienciadevida.com.ar\/portalurbano\/#\/schema\/person\/02dd326b1c4b056e9cc972486934a3a7\"},\"headline\":\"Foro Olavarr\u00eda prepara \u201cLa previa del Carnaval\u201d\",\"datePublished\":\"2022-02-10T23:25:03+00:00\",\"dateModified\":\"2022-02-10T23:26:54+00:00\",\"mainEntityOfPage\":{\"@id\":\"https:\/\/experienciadevida.com.ar\/portalurbano\/foro-olavarria-prepara-la-previa-del-carnaval\/\"},\"wordCount\":504,\"publisher\":{\"@id\":\"https:\/\/experienciadevida.com.ar\/portalurbano\/#organization\"},\"articleSection\":[\"Ciudad\",\"Destacadas\"],\"inLanguage\":\"es\"},{\"@type\":\"WebPage\",\"@id\":\"https:\/\/experienciadevida.com.ar\/portalurbano\/foro-olavarria-prepara-la-previa-del-carnaval\/\",\"url\":\"https:\/\/experienciadevida.com.ar\/portalurbano\/foro-olavarria-prepara-la-previa-del-carnaval\/\",\"name\":\"Foro Olavarr\u00eda prepara la \\\"previa del Carnaval\\\"\",\"isPartOf\":{\"@id\":\"https:\/\/experienciadevida.com.ar\/portalurbano\/#website\"},\"datePublished\":\"2022-02-10T23:25:03+00:00\",\"dateModified\":\"2022-02-10T23:26:54+00:00\",\"description\":\"Foro Olavarr\u00eda prepara \u201cLa previa del Carnaval\u201d, se trata de una serie de videos para difundir la participaci\u00f3n de las distintas agrupaciones\",\"breadcrumb\":{\"@id\":\"https:\/\/experienciadevida.com.ar\/portalurbano\/foro-olavarria-prepara-la-previa-del-carnaval\/#breadcrumb\"},\"inLanguage\":\"es\",\"potentialAction\":[{\"@type\":\"ReadAction\",\"target\":[\"https:\/\/experienciadevida.com.ar\/portalurbano\/foro-olavarria-prepara-la-previa-del-carnaval\/\"]}]},{\"@type\":\"BreadcrumbList\",\"@id\":\"https:\/\/experienciadevida.com.ar\/portalurbano\/foro-olavarria-prepara-la-previa-del-carnaval\/#breadcrumb\",\"itemListElement\":[{\"@type\":\"ListItem\",\"position\":1,\"name\":\"Portada\",\"item\":\"https:\/\/experienciadevida.com.ar\/portalurbano\/\"},{\"@type\":\"ListItem\",\"position\":2,\"name\":\"Foro Olavarr\u00eda prepara \u201cLa previa del Carnaval\u201d\"}]},{\"@type\":\"WebSite\",\"@id\":\"https:\/\/experienciadevida.com.ar\/portalurbano\/#website\",\"url\":\"https:\/\/experienciadevida.com.ar\/portalurbano\/\",\"name\":\"\",\"description\":\"\",\"publisher\":{\"@id\":\"https:\/\/experienciadevida.com.ar\/portalurbano\/#organization\"},\"potentialAction\":[{\"@type\":\"SearchAction\",\"target\":{\"@type\":\"EntryPoint\",\"urlTemplate\":\"https:\/\/experienciadevida.com.ar\/portalurbano\/?s={search_term_string}\"},\"query-input\":\"required name=search_term_string\"}],\"inLanguage\":\"es\"},{\"@type\":\"Organization\",\"@id\":\"https:\/\/experienciadevida.com.ar\/portalurbano\/#organization\",\"name\":\"Portal Urbano\",\"url\":\"https:\/\/experienciadevida.com.ar\/portalurbano\/\",\"logo\":{\"@type\":\"ImageObject\",\"inLanguage\":\"es\",\"@id\":\"https:\/\/experienciadevida.com.ar\/portalurbano\/#\/schema\/logo\/image\/\",\"url\":\"https:\/\/experienciadevida.com.ar\/portalurbano\/wp-content\/uploads\/2019\/09\/Logo-Original.png\",\"contentUrl\":\"https:\/\/experienciadevida.com.ar\/portalurbano\/wp-content\/uploads\/2019\/09\/Logo-Original.png\",\"width\":2236,\"height\":1216,\"caption\":\"Portal Urbano\"},\"image\":{\"@id\":\"https:\/\/experienciadevida.com.ar\/portalurbano\/#\/schema\/logo\/image\/\"},\"sameAs\":[\"https:\/\/www.facebook.com\/Portal-Urbano-171542830093757\/\",\"https:\/\/twitter.com\/portalurbanook\",\"https:\/\/www.instagram.com\/_portalurbano\/\",\"https:\/\/www.youtube.com\/channel\/UCXhagIfszH8KxFiOok79zbA?view_as=subscriber\"]},{\"@type\":\"Person\",\"@id\":\"https:\/\/experienciadevida.com.ar\/portalurbano\/#\/schema\/person\/02dd326b1c4b056e9cc972486934a3a7\",\"name\":\"admpu17wp\",\"image\":{\"@type\":\"ImageObject\",\"inLanguage\":\"es\",\"@id\":\"https:\/\/experienciadevida.com.ar\/portalurbano\/#\/schema\/person\/image\/\",\"url\":\"https:\/\/secure.gravatar.com\/avatar\/830d4c57adaae6630765e449a6908047?s=96&d=mm&r=g\",\"contentUrl\":\"https:\/\/secure.gravatar.com\/avatar\/830d4c57adaae6630765e449a6908047?s=96&d=mm&r=g\",\"caption\":\"admpu17wp\"}}]}<\/script>\n<!-- \/ Yoast SEO plugin. -->","yoast_head_json":{"title":"Foro Olavarr\u00eda prepara la \"previa del Carnaval\"","description":"Foro Olavarr\u00eda prepara \u201cLa previa del Carnaval\u201d, se trata de una serie de videos para difundir la participaci\u00f3n de las distintas agrupaciones","robots":{"index":"index","follow":"follow","max-snippet":"max-snippet:-1","max-image-preview":"max-image-preview:large","max-video-preview":"max-video-preview:-1"},"canonical":"https:\/\/experienciadevida.com.ar\/portalurbano\/foro-olavarria-prepara-la-previa-del-carnaval\/","og_locale":"es_ES","og_type":"article","og_title":"Foro Olavarr\u00eda prepara la \"previa del Carnaval\"","og_description":"Foro Olavarr\u00eda prepara \u201cLa previa del Carnaval\u201d, se trata de una serie de videos para difundir la participaci\u00f3n de las distintas agrupaciones","og_url":"https:\/\/experienciadevida.com.ar\/portalurbano\/foro-olavarria-prepara-la-previa-del-carnaval\/","article_publisher":"https:\/\/www.facebook.com\/Portal-Urbano-171542830093757\/","article_published_time":"2022-02-10T23:25:03+00:00","article_modified_time":"2022-02-10T23:26:54+00:00","og_image":[{"width":1080,"height":629,"url":"https:\/\/experienciadevida.com.ar\/portalurbano\/wp-content\/uploads\/2022\/02\/Foro-Olavarria-prepara.jpeg","type":"image\/jpeg"}],"author":"admpu17wp","twitter_card":"summary_large_image","twitter_creator":"@portalurbanook","twitter_site":"@portalurbanook","twitter_misc":{"Escrito por":"admpu17wp","Tiempo de lectura":"3 minutos"},"schema":{"@context":"https:\/\/schema.org","@graph":[{"@type":"Article","@id":"https:\/\/experienciadevida.com.ar\/portalurbano\/foro-olavarria-prepara-la-previa-del-carnaval\/#article","isPartOf":{"@id":"https:\/\/experienciadevida.com.ar\/portalurbano\/foro-olavarria-prepara-la-previa-del-carnaval\/"},"author":{"name":"admpu17wp","@id":"https:\/\/experienciadevida.com.ar\/portalurbano\/#\/schema\/person\/02dd326b1c4b056e9cc972486934a3a7"},"headline":"Foro Olavarr\u00eda prepara \u201cLa previa del Carnaval\u201d","datePublished":"2022-02-10T23:25:03+00:00","dateModified":"2022-02-10T23:26:54+00:00","mainEntityOfPage":{"@id":"https:\/\/experienciadevida.com.ar\/portalurbano\/foro-olavarria-prepara-la-previa-del-carnaval\/"},"wordCount":504,"publisher":{"@id":"https:\/\/experienciadevida.com.ar\/portalurbano\/#organization"},"articleSection":["Ciudad","Destacadas"],"inLanguage":"es"},{"@type":"WebPage","@id":"https:\/\/experienciadevida.com.ar\/portalurbano\/foro-olavarria-prepara-la-previa-del-carnaval\/","url":"https:\/\/experienciadevida.com.ar\/portalurbano\/foro-olavarria-prepara-la-previa-del-carnaval\/","name":"Foro Olavarr\u00eda prepara la \"previa del Carnaval\"","isPartOf":{"@id":"https:\/\/experienciadevida.com.ar\/portalurbano\/#website"},"datePublished":"2022-02-10T23:25:03+00:00","dateModified":"2022-02-10T23:26:54+00:00","description":"Foro Olavarr\u00eda prepara \u201cLa previa del Carnaval\u201d, se trata de una serie de videos para difundir la participaci\u00f3n de las distintas agrupaciones","breadcrumb":{"@id":"https:\/\/experienciadevida.com.ar\/portalurbano\/foro-olavarria-prepara-la-previa-del-carnaval\/#breadcrumb"},"inLanguage":"es","potentialAction":[{"@type":"ReadAction","target":["https:\/\/experienciadevida.com.ar\/portalurbano\/foro-olavarria-prepara-la-previa-del-carnaval\/"]}]},{"@type":"BreadcrumbList","@id":"https:\/\/experienciadevida.com.ar\/portalurbano\/foro-olavarria-prepara-la-previa-del-carnaval\/#breadcrumb","itemListElement":[{"@type":"ListItem","position":1,"name":"Portada","item":"https:\/\/experienciadevida.com.ar\/portalurbano\/"},{"@type":"ListItem","position":2,"name":"Foro Olavarr\u00eda prepara \u201cLa previa del Carnaval\u201d"}]},{"@type":"WebSite","@id":"https:\/\/experienciadevida.com.ar\/portalurbano\/#website","url":"https:\/\/experienciadevida.com.ar\/portalurbano\/","name":"","description":"","publisher":{"@id":"https:\/\/experienciadevida.com.ar\/portalurbano\/#organization"},"potentialAction":[{"@type":"SearchAction","target":{"@type":"EntryPoint","urlTemplate":"https:\/\/experienciadevida.com.ar\/portalurbano\/?s={search_term_string}"},"query-input":"required name=search_term_string"}],"inLanguage":"es"},{"@type":"Organization","@id":"https:\/\/experienciadevida.com.ar\/portalurbano\/#organization","name":"Portal Urbano","url":"https:\/\/experienciadevida.com.ar\/portalurbano\/","logo":{"@type":"ImageObject","inLanguage":"es","@id":"https:\/\/experienciadevida.com.ar\/portalurbano\/#\/schema\/logo\/image\/","url":"https:\/\/experienciadevida.com.ar\/portalurbano\/wp-content\/uploads\/2019\/09\/Logo-Original.png","contentUrl":"https:\/\/experienciadevida.com.ar\/portalurbano\/wp-content\/uploads\/2019\/09\/Logo-Original.png","width":2236,"height":1216,"caption":"Portal Urbano"},"image":{"@id":"https:\/\/experienciadevida.com.ar\/portalurbano\/#\/schema\/logo\/image\/"},"sameAs":["https:\/\/www.facebook.com\/Portal-Urbano-171542830093757\/","https:\/\/twitter.com\/portalurbanook","https:\/\/www.instagram.com\/_portalurbano\/","https:\/\/www.youtube.com\/channel\/UCXhagIfszH8KxFiOok79zbA?view_as=subscriber"]},{"@type":"Person","@id":"https:\/\/experienciadevida.com.ar\/portalurbano\/#\/schema\/person\/02dd326b1c4b056e9cc972486934a3a7","name":"admpu17wp","image":{"@type":"ImageObject","inLanguage":"es","@id":"https:\/\/experienciadevida.com.ar\/portalurbano\/#\/schema\/person\/image\/","url":"https:\/\/secure.gravatar.com\/avatar\/830d4c57adaae6630765e449a6908047?s=96&d=mm&r=g","contentUrl":"https:\/\/secure.gravatar.com\/avatar\/830d4c57adaae6630765e449a6908047?s=96&d=mm&r=g","caption":"admpu17wp"}}]}},"featured_image_urls":{"full":["https:\/\/experienciadevida.com.ar\/portalurbano\/wp-content\/uploads\/2022\/02\/Foro-Olavarria-prepara.jpeg",1080,629,false],"thumbnail":["https:\/\/experienciadevida.com.ar\/portalurbano\/wp-content\/uploads\/2022\/02\/Foro-Olavarria-prepara-150x150.jpeg",150,150,true],"medium":["https:\/\/experienciadevida.com.ar\/portalurbano\/wp-content\/uploads\/2022\/02\/Foro-Olavarria-prepara-300x175.jpeg",300,175,true],"medium_large":["https:\/\/experienciadevida.com.ar\/portalurbano\/wp-content\/uploads\/2022\/02\/Foro-Olavarria-prepara-768x447.jpeg",640,373,true],"large":["https:\/\/experienciadevida.com.ar\/portalurbano\/wp-content\/uploads\/2022\/02\/Foro-Olavarria-prepara-1024x596.jpeg",640,373,true],"ug_big":["https:\/\/experienciadevida.com.ar\/portalurbano\/wp-content\/uploads\/2022\/02\/Foro-Olavarria-prepara-768x447.jpeg",768,447,true],"1536x1536":["https:\/\/experienciadevida.com.ar\/portalurbano\/wp-content\/uploads\/2022\/02\/Foro-Olavarria-prepara.jpeg",1080,629,false],"2048x2048":["https:\/\/experienciadevida.com.ar\/portalurbano\/wp-content\/uploads\/2022\/02\/Foro-Olavarria-prepara.jpeg",1080,629,false],"newsever-slider-full":["https:\/\/experienciadevida.com.ar\/portalurbano\/wp-content\/uploads\/2022\/02\/Foro-Olavarria-prepara.jpeg",1080,629,false],"newsever-featured":["https:\/\/experienciadevida.com.ar\/portalurbano\/wp-content\/uploads\/2022\/02\/Foro-Olavarria-prepara.jpeg",1024,596,false],"newsever-medium":["https:\/\/experienciadevida.com.ar\/portalurbano\/wp-content\/uploads\/2022\/02\/Foro-Olavarria-prepara.jpeg",720,419,false],"web-stories-poster-portrait":["https:\/\/experienciadevida.com.ar\/portalurbano\/wp-content\/uploads\/2022\/02\/Foro-Olavarria-prepara.jpeg",640,373,false],"web-stories-publisher-logo":["https:\/\/experienciadevida.com.ar\/portalurbano\/wp-content\/uploads\/2022\/02\/Foro-Olavarria-prepara.jpeg",96,56,false],"web-stories-thumbnail":["https:\/\/experienciadevida.com.ar\/portalurbano\/wp-content\/uploads\/2022\/02\/Foro-Olavarria-prepara.jpeg",150,87,false]},"author_info":{"display_name":"admpu17wp","author_link":"https:\/\/experienciadevida.com.ar\/portalurbano\/author\/admpu17wp\/"},"category_info":"<a href=\"https:\/\/experienciadevida.com.ar\/portalurbano\/category\/ciudad\/\" rel=\"category tag\">Ciudad<\/a> <a href=\"https:\/\/experienciadevida.com.ar\/portalurbano\/category\/destacadas\/\" rel=\"category tag\">Destacadas<\/a>","tag_info":"Destacadas","comment_count":"0","amp_enabled":true,"_links":{"self":[{"href":"https:\/\/experienciadevida.com.ar\/portalurbano\/wp-json\/wp\/v2\/posts\/161493"}],"collection":[{"href":"https:\/\/experienciadevida.com.ar\/portalurbano\/wp-json\/wp\/v2\/posts"}],"about":[{"href":"https:\/\/experienciadevida.com.ar\/portalurbano\/wp-json\/wp\/v2\/types\/post"}],"author":[{"embeddable":true,"href":"https:\/\/experienciadevida.com.ar\/portalurbano\/wp-json\/wp\/v2\/users\/1"}],"replies":[{"embeddable":true,"href":"https:\/\/experienciadevida.com.ar\/portalurbano\/wp-json\/wp\/v2\/comments?post=161493"}],"version-history":[{"count":2,"href":"https:\/\/experienciadevida.com.ar\/portalurbano\/wp-json\/wp\/v2\/posts\/161493\/revisions"}],"predecessor-version":[{"id":161496,"href":"https:\/\/experienciadevida.com.ar\/portalurbano\/wp-json\/wp\/v2\/posts\/161493\/revisions\/161496"}],"wp:featuredmedia":[{"embeddable":true,"href":"https:\/\/experienciadevida.com.ar\/portalurbano\/wp-json\/wp\/v2\/media\/161494"}],"wp:attachment":[{"href":"https:\/\/experienciadevida.com.ar\/portalurbano\/wp-json\/wp\/v2\/media?parent=161493"}],"wp:term":[{"taxonomy":"category","embeddable":true,"href":"https:\/\/experienciadevida.com.ar\/portalurbano\/wp-json\/wp\/v2\/categories?post=161493"},{"taxonomy":"post_tag","embeddable":true,"href":"https:\/\/experienciadevida.com.ar\/portalurbano\/wp-json\/wp\/v2\/tags?post=161493"}],"curies":[{"name":"wp","href":"https:\/\/api.w.org\/{rel}","templated":true}]}}