{"id":161482,"date":"2022-02-10T19:53:22","date_gmt":"2022-02-10T22:53:22","guid":{"rendered":"https:\/\/experienciadevida.com.ar\/portalurbano\/?p=161482"},"modified":"2022-02-10T19:55:48","modified_gmt":"2022-02-10T22:55:48","slug":"lanzaron-los-premios-dina-pontoni-y-florentina-gomez-miranda-2022","status":"publish","type":"post","link":"https:\/\/experienciadevida.com.ar\/portalurbano\/lanzaron-los-premios-dina-pontoni-y-florentina-gomez-miranda-2022\/","title":{"rendered":"Lanzaron los premios Dina Pontoni y  Florentina G\u00f3mez Miranda 2022"},"content":{"rendered":"<p>Lanzaron los premios Dina Pontoni y Florentina G\u00f3mez Miranda 2022, la Presidente del Honorable Concejo Deliberante de Olavarr\u00eda, <a href=\"https:\/\/www.instagram.com\/ceciliakrivochen\/?hl=es-la\">Cecilia Krivochen<\/a>, encabez\u00f3 el lanzamiento de una edici\u00f3n de los premios \u201cDina Pontoni\u201d (primera concejal mujer de Olavarr\u00eda) en el marco del D\u00eda Internacional de la Mujer.<\/p>\n<p>Tambi\u00e9n se lanz\u00f3 el premio \u201cFlorentina G\u00f3mez Miranda\u201d, a proyectos colectivos que sean dirigidos por mujeres. La entrega de este reconocimiento es un homenaje a Florentina G\u00f3mez Miranda, nacida en Olavarr\u00eda el 14 de febrero de 1912, quien fuera Diputada Nacional por la Uni\u00f3n C\u00edvica Radical desde 1983 a 1991.<\/p>\n<p>Krivochen estuvo acompa\u00f1ada en la conferencia de prensa por la Presidenta de la Comisi\u00f3n de G\u00e9nero y Diversidad, concejala In\u00e9s Creimer y los concejales Gast\u00f3n Sarachu, Miriam Mosescu y Sebasti\u00e1n Matrella.<\/p>\n<p><a href=\"https:\/\/experienciadevida.com.ar\/portalurbano\/lanzaron-los-premios-dina-pontoni-y-florentina-gomez-miranda-2022\/lanzaron\/\" rel=\"attachment wp-att-161486\"><img decoding=\"async\" class=\"alignnone size-full wp-image-161486\" src=\"https:\/\/experienciadevida.com.ar\/portalurbano\/wp-content\/uploads\/2022\/02\/Lanzaron.jpg\" alt=\"Lanzaron \" width=\"928\" height=\"543\" srcset=\"https:\/\/experienciadevida.com.ar\/portalurbano\/wp-content\/uploads\/2022\/02\/Lanzaron.jpg 928w, https:\/\/experienciadevida.com.ar\/portalurbano\/wp-content\/uploads\/2022\/02\/Lanzaron-300x176.jpg 300w, https:\/\/experienciadevida.com.ar\/portalurbano\/wp-content\/uploads\/2022\/02\/Lanzaron-768x449.jpg 768w\" sizes=\"(max-width: 928px) 100vw, 928px\" \/><\/a><\/p>\n<p>En principio se inform\u00f3 que la inscripci\u00f3n para los reconocimientos \u201cDina Pontoni\u201d ser\u00e1 desde el 14 de febrero y hasta el viernes 4 de marzo. Las planillas de inscripci\u00f3n podr\u00e1n retirarse personalmente en el Honorable Concejo Deliberante (Alsina 2785 de 8:00 a 12:30 hs.)<\/p>\n<p>Adem\u00e1s, se habilit\u00f3 la posibilidad de solicitar las mismas al correo electr\u00f3nico, honorableconcejodeliberante@olavarria.gov.ar, o bien descargarla de la p\u00e1gina web hcd.olavarria.gov.ar.<\/p>\n<p>El acto de entrega de premios y reconocimientos ser\u00e1 el 11 de marzo a las 20 horas en el Teatro Municipal de Olavarr\u00eda<\/p>\n<p>Cecilia Krivochen introdujo la conferencia de prensa remarcando \u201cel a\u00f1o pasado los Dina Pontoni no pudieron tener su evento como nos gusta desde el Concejo Deliberante, pero este a\u00f1o estamos trabajando junto a la Comisi\u00f3n de G\u00e9nero que es la lleva adelante la organizaci\u00f3n de estas jornadas\u201d.<\/p>\n<p>Lanzaron los premios Dina Pontoni y Florentina G\u00f3mez Miranda 2022, la Presidente del HCD agreg\u00f3 \u201cestamos trabajando mucho, por eso se constituy\u00f3 la comisi\u00f3n de G\u00e9nero para trabajar en la organizaci\u00f3n de este evento, queremos que la comunidad se acerque a retirar las planillas para invitar a las mujeres a reconocer\u201d.<\/p>\n<p>Destac\u00f3 que el premio Homenaje Florentina G\u00f3mez Miranda es un reconocimiento a proyectos colectivos, tal como lo establece la Ordenanza que instituy\u00f3 el premio.<\/p>\n<p>\u201cEl a\u00f1o nos falt\u00f3 este encuentro de manera presencial, ahora estamos esperando con muchas expectativas la realizaci\u00f3n de esta jornada para conocer las historias de estas mujeres que podr\u00e1n ser reconocidas\u201d, expres\u00f3 la presidente del Concejo Deliberante.<\/p>\n<p>A su turno la concejala In\u00e9s Creimer, Presidenta de la Comisi\u00f3n de G\u00e9nero y Diversidad, agreg\u00f3: \u201cestos dos premios llevan el nombre de dos mujeres que para Olavarr\u00eda han sido muy importantes: Dina Pontoni fue la primera concejala mujer y Florentina G\u00f3mez Miranda fue Diputada Nacional. Dos mujeres que se incorporaron al mundo de la pol\u00edtica, que sabemos que en sus or\u00edgenes en un mundo de hombres y donde todav\u00eda hoy nos cuesta a las mujeres movernos con cierta libertad\u201d.<\/p>\n<p>Creimer destac\u00f3 \u201ces la misma comunidad la que tienen que proponer a las mujeres, eso es lo m\u00e1s importante. Los premios tienen que estar planteados as\u00ed: los premios tienen que venir desde la comunidad\u201d.<\/p>\n<p>La concejala sostuvo adem\u00e1s \u201ces muy importante que la comunidad se acerque y propongan que mujer que quieran que el Concejo Deliberante y reconozca y se pueda conocer su historia\u201d.<\/p>\n<p>Las categor\u00edas para los Premios Dina Pontoni son: Compromiso con el Desarrollo Comunitario, Compromiso con la Pol\u00edtica, Compromiso con el Arte y la Cultura, Compromiso con la Educaci\u00f3n, la Ciencia y la Tecnolog\u00eda, Compromiso con los Derechos Humanos, Compromiso con el Derecho a la Informaci\u00f3n y la Comunicaci\u00f3n, Compromiso con el Deporte, Compromiso con la Vida Espiritual y Religiosa, Compromiso con la Empresa, el Comercio y la Econom\u00eda Popular, Compromiso con el Campo y la Vida Rural, Compromiso con la Salud y Compromiso con la Lucha y la Equidad de G\u00e9nero.<\/p>\n<p>Sobre el \u00faltimo punto, la concejala Creimer expres\u00f3 \u201cse abri\u00f3 la posibilidad de mujeres y personas del colectivo LGTBIQ\u201d.<\/p>\n<p>Cecilia Krivochen cerr\u00f3 anunciando que \u201centre las personas reconocidas en estas categor\u00edas y a su vez el Premio Florentina G\u00f3mez Miranda, se van a elegir a dos personas que tambi\u00e9n van a tener un reconocimiento econ\u00f3mico que el Concejo Deliberante estipul\u00f3 en dos salarios de la categor\u00eda ingresante de los trabajadores municipales, as\u00ed que esto tambi\u00e9n es un aliciente para seguir trabajando con la comunidad. Muchas mujeres le ponen el hombro y el coraz\u00f3n al trabajo comunitario\u201d.<\/p>\n","protected":false},"excerpt":{"rendered":"<p>Lanzaron los premios Dina Pontoni y Florentina G\u00f3mez Miranda 2022, la Presidente del Honorable Concejo&#8230;<\/p>\n","protected":false},"author":1,"featured_media":161483,"comment_status":"closed","ping_status":"closed","sticky":false,"template":"","format":"standard","meta":{"content-type":""},"categories":[27,64],"tags":[],"nelio_content":{"isAutoShareEnabled":false,"autoShareEndMode":"default","automationSources":{"useContentSentences":true,"useSocialTemplates":true,"useCustomSentences":false,"customSentences":[]},"followers":[1],"suggestedReferences":[],"includedReferences":["https:\/\/www.instagram.com\/ceciliakrivochen\/?hl=es-la"],"efiUrl":"","efiAlt":"","highlights":[]},"yoast_head":"<!-- This site is optimized with the Yoast SEO plugin v20.7 - https:\/\/yoast.com\/wordpress\/plugins\/seo\/ -->\n<title>Lanzaron los premios Dina Pontoni y Florentina G\u00f3mez Miranda 2022<\/title>\n<meta name=\"description\" content=\"Lanzaron los premios Dina Pontoni y Florentina G\u00f3mez Miranda 2022, encabez\u00f3 el lanzamiento la Presidenta del Concejo Deliberante\" \/>\n<meta name=\"robots\" content=\"index, follow, max-snippet:-1, max-image-preview:large, max-video-preview:-1\" \/>\n<link rel=\"canonical\" href=\"https:\/\/experienciadevida.com.ar\/portalurbano\/lanzaron-los-premios-dina-pontoni-y-florentina-gomez-miranda-2022\/\" \/>\n<meta property=\"og:locale\" content=\"es_ES\" \/>\n<meta property=\"og:type\" content=\"article\" \/>\n<meta property=\"og:title\" content=\"Lanzaron los premios Dina Pontoni y Florentina G\u00f3mez Miranda 2022\" \/>\n<meta property=\"og:description\" content=\"Lanzaron los premios Dina Pontoni y Florentina G\u00f3mez Miranda 2022, encabez\u00f3 el lanzamiento la Presidenta del Concejo Deliberante\" \/>\n<meta property=\"og:url\" content=\"https:\/\/experienciadevida.com.ar\/portalurbano\/lanzaron-los-premios-dina-pontoni-y-florentina-gomez-miranda-2022\/\" \/>\n<meta property=\"article:publisher\" content=\"https:\/\/www.facebook.com\/Portal-Urbano-171542830093757\/\" \/>\n<meta property=\"article:published_time\" content=\"2022-02-10T22:53:22+00:00\" \/>\n<meta property=\"article:modified_time\" content=\"2022-02-10T22:55:48+00:00\" \/>\n<meta property=\"og:image\" content=\"https:\/\/experienciadevida.com.ar\/portalurbano\/wp-content\/uploads\/2022\/02\/Lanzaron-los-premios-Dina.jpg\" \/>\n\t<meta property=\"og:image:width\" content=\"955\" \/>\n\t<meta property=\"og:image:height\" content=\"478\" \/>\n\t<meta property=\"og:image:type\" content=\"image\/jpeg\" \/>\n<meta name=\"author\" content=\"admpu17wp\" \/>\n<meta name=\"twitter:card\" content=\"summary_large_image\" \/>\n<meta name=\"twitter:creator\" content=\"@portalurbanook\" \/>\n<meta name=\"twitter:site\" content=\"@portalurbanook\" \/>\n<meta name=\"twitter:label1\" content=\"Escrito por\" \/>\n\t<meta name=\"twitter:data1\" content=\"admpu17wp\" \/>\n\t<meta name=\"twitter:label2\" content=\"Tiempo de lectura\" \/>\n\t<meta name=\"twitter:data2\" content=\"4 minutos\" \/>\n<script type=\"application\/ld+json\" class=\"yoast-schema-graph\">{\"@context\":\"https:\/\/schema.org\",\"@graph\":[{\"@type\":\"Article\",\"@id\":\"https:\/\/experienciadevida.com.ar\/portalurbano\/lanzaron-los-premios-dina-pontoni-y-florentina-gomez-miranda-2022\/#article\",\"isPartOf\":{\"@id\":\"https:\/\/experienciadevida.com.ar\/portalurbano\/lanzaron-los-premios-dina-pontoni-y-florentina-gomez-miranda-2022\/\"},\"author\":{\"name\":\"admpu17wp\",\"@id\":\"https:\/\/experienciadevida.com.ar\/portalurbano\/#\/schema\/person\/02dd326b1c4b056e9cc972486934a3a7\"},\"headline\":\"Lanzaron los premios Dina Pontoni y Florentina G\u00f3mez Miranda 2022\",\"datePublished\":\"2022-02-10T22:53:22+00:00\",\"dateModified\":\"2022-02-10T22:55:48+00:00\",\"mainEntityOfPage\":{\"@id\":\"https:\/\/experienciadevida.com.ar\/portalurbano\/lanzaron-los-premios-dina-pontoni-y-florentina-gomez-miranda-2022\/\"},\"wordCount\":769,\"publisher\":{\"@id\":\"https:\/\/experienciadevida.com.ar\/portalurbano\/#organization\"},\"articleSection\":[\"Ciudad\",\"Destacadas 2\"],\"inLanguage\":\"es\"},{\"@type\":\"WebPage\",\"@id\":\"https:\/\/experienciadevida.com.ar\/portalurbano\/lanzaron-los-premios-dina-pontoni-y-florentina-gomez-miranda-2022\/\",\"url\":\"https:\/\/experienciadevida.com.ar\/portalurbano\/lanzaron-los-premios-dina-pontoni-y-florentina-gomez-miranda-2022\/\",\"name\":\"Lanzaron los premios Dina Pontoni y Florentina G\u00f3mez Miranda 2022\",\"isPartOf\":{\"@id\":\"https:\/\/experienciadevida.com.ar\/portalurbano\/#website\"},\"datePublished\":\"2022-02-10T22:53:22+00:00\",\"dateModified\":\"2022-02-10T22:55:48+00:00\",\"description\":\"Lanzaron los premios Dina Pontoni y Florentina G\u00f3mez Miranda 2022, encabez\u00f3 el lanzamiento la Presidenta del Concejo Deliberante\",\"breadcrumb\":{\"@id\":\"https:\/\/experienciadevida.com.ar\/portalurbano\/lanzaron-los-premios-dina-pontoni-y-florentina-gomez-miranda-2022\/#breadcrumb\"},\"inLanguage\":\"es\",\"potentialAction\":[{\"@type\":\"ReadAction\",\"target\":[\"https:\/\/experienciadevida.com.ar\/portalurbano\/lanzaron-los-premios-dina-pontoni-y-florentina-gomez-miranda-2022\/\"]}]},{\"@type\":\"BreadcrumbList\",\"@id\":\"https:\/\/experienciadevida.com.ar\/portalurbano\/lanzaron-los-premios-dina-pontoni-y-florentina-gomez-miranda-2022\/#breadcrumb\",\"itemListElement\":[{\"@type\":\"ListItem\",\"position\":1,\"name\":\"Portada\",\"item\":\"https:\/\/experienciadevida.com.ar\/portalurbano\/\"},{\"@type\":\"ListItem\",\"position\":2,\"name\":\"Lanzaron los premios Dina Pontoni y Florentina G\u00f3mez Miranda 2022\"}]},{\"@type\":\"WebSite\",\"@id\":\"https:\/\/experienciadevida.com.ar\/portalurbano\/#website\",\"url\":\"https:\/\/experienciadevida.com.ar\/portalurbano\/\",\"name\":\"\",\"description\":\"\",\"publisher\":{\"@id\":\"https:\/\/experienciadevida.com.ar\/portalurbano\/#organization\"},\"potentialAction\":[{\"@type\":\"SearchAction\",\"target\":{\"@type\":\"EntryPoint\",\"urlTemplate\":\"https:\/\/experienciadevida.com.ar\/portalurbano\/?s={search_term_string}\"},\"query-input\":\"required name=search_term_string\"}],\"inLanguage\":\"es\"},{\"@type\":\"Organization\",\"@id\":\"https:\/\/experienciadevida.com.ar\/portalurbano\/#organization\",\"name\":\"Portal Urbano\",\"url\":\"https:\/\/experienciadevida.com.ar\/portalurbano\/\",\"logo\":{\"@type\":\"ImageObject\",\"inLanguage\":\"es\",\"@id\":\"https:\/\/experienciadevida.com.ar\/portalurbano\/#\/schema\/logo\/image\/\",\"url\":\"https:\/\/experienciadevida.com.ar\/portalurbano\/wp-content\/uploads\/2019\/09\/Logo-Original.png\",\"contentUrl\":\"https:\/\/experienciadevida.com.ar\/portalurbano\/wp-content\/uploads\/2019\/09\/Logo-Original.png\",\"width\":2236,\"height\":1216,\"caption\":\"Portal Urbano\"},\"image\":{\"@id\":\"https:\/\/experienciadevida.com.ar\/portalurbano\/#\/schema\/logo\/image\/\"},\"sameAs\":[\"https:\/\/www.facebook.com\/Portal-Urbano-171542830093757\/\",\"https:\/\/twitter.com\/portalurbanook\",\"https:\/\/www.instagram.com\/_portalurbano\/\",\"https:\/\/www.youtube.com\/channel\/UCXhagIfszH8KxFiOok79zbA?view_as=subscriber\"]},{\"@type\":\"Person\",\"@id\":\"https:\/\/experienciadevida.com.ar\/portalurbano\/#\/schema\/person\/02dd326b1c4b056e9cc972486934a3a7\",\"name\":\"admpu17wp\",\"image\":{\"@type\":\"ImageObject\",\"inLanguage\":\"es\",\"@id\":\"https:\/\/experienciadevida.com.ar\/portalurbano\/#\/schema\/person\/image\/\",\"url\":\"https:\/\/secure.gravatar.com\/avatar\/830d4c57adaae6630765e449a6908047?s=96&d=mm&r=g\",\"contentUrl\":\"https:\/\/secure.gravatar.com\/avatar\/830d4c57adaae6630765e449a6908047?s=96&d=mm&r=g\",\"caption\":\"admpu17wp\"}}]}<\/script>\n<!-- \/ Yoast SEO plugin. -->","yoast_head_json":{"title":"Lanzaron los premios Dina Pontoni y Florentina G\u00f3mez Miranda 2022","description":"Lanzaron los premios Dina Pontoni y Florentina G\u00f3mez Miranda 2022, encabez\u00f3 el lanzamiento la Presidenta del Concejo Deliberante","robots":{"index":"index","follow":"follow","max-snippet":"max-snippet:-1","max-image-preview":"max-image-preview:large","max-video-preview":"max-video-preview:-1"},"canonical":"https:\/\/experienciadevida.com.ar\/portalurbano\/lanzaron-los-premios-dina-pontoni-y-florentina-gomez-miranda-2022\/","og_locale":"es_ES","og_type":"article","og_title":"Lanzaron los premios Dina Pontoni y Florentina G\u00f3mez Miranda 2022","og_description":"Lanzaron los premios Dina Pontoni y Florentina G\u00f3mez Miranda 2022, encabez\u00f3 el lanzamiento la Presidenta del Concejo Deliberante","og_url":"https:\/\/experienciadevida.com.ar\/portalurbano\/lanzaron-los-premios-dina-pontoni-y-florentina-gomez-miranda-2022\/","article_publisher":"https:\/\/www.facebook.com\/Portal-Urbano-171542830093757\/","article_published_time":"2022-02-10T22:53:22+00:00","article_modified_time":"2022-02-10T22:55:48+00:00","og_image":[{"width":955,"height":478,"url":"https:\/\/experienciadevida.com.ar\/portalurbano\/wp-content\/uploads\/2022\/02\/Lanzaron-los-premios-Dina.jpg","type":"image\/jpeg"}],"author":"admpu17wp","twitter_card":"summary_large_image","twitter_creator":"@portalurbanook","twitter_site":"@portalurbanook","twitter_misc":{"Escrito por":"admpu17wp","Tiempo de lectura":"4 minutos"},"schema":{"@context":"https:\/\/schema.org","@graph":[{"@type":"Article","@id":"https:\/\/experienciadevida.com.ar\/portalurbano\/lanzaron-los-premios-dina-pontoni-y-florentina-gomez-miranda-2022\/#article","isPartOf":{"@id":"https:\/\/experienciadevida.com.ar\/portalurbano\/lanzaron-los-premios-dina-pontoni-y-florentina-gomez-miranda-2022\/"},"author":{"name":"admpu17wp","@id":"https:\/\/experienciadevida.com.ar\/portalurbano\/#\/schema\/person\/02dd326b1c4b056e9cc972486934a3a7"},"headline":"Lanzaron los premios Dina Pontoni y Florentina G\u00f3mez Miranda 2022","datePublished":"2022-02-10T22:53:22+00:00","dateModified":"2022-02-10T22:55:48+00:00","mainEntityOfPage":{"@id":"https:\/\/experienciadevida.com.ar\/portalurbano\/lanzaron-los-premios-dina-pontoni-y-florentina-gomez-miranda-2022\/"},"wordCount":769,"publisher":{"@id":"https:\/\/experienciadevida.com.ar\/portalurbano\/#organization"},"articleSection":["Ciudad","Destacadas 2"],"inLanguage":"es"},{"@type":"WebPage","@id":"https:\/\/experienciadevida.com.ar\/portalurbano\/lanzaron-los-premios-dina-pontoni-y-florentina-gomez-miranda-2022\/","url":"https:\/\/experienciadevida.com.ar\/portalurbano\/lanzaron-los-premios-dina-pontoni-y-florentina-gomez-miranda-2022\/","name":"Lanzaron los premios Dina Pontoni y Florentina G\u00f3mez Miranda 2022","isPartOf":{"@id":"https:\/\/experienciadevida.com.ar\/portalurbano\/#website"},"datePublished":"2022-02-10T22:53:22+00:00","dateModified":"2022-02-10T22:55:48+00:00","description":"Lanzaron los premios Dina Pontoni y Florentina G\u00f3mez Miranda 2022, encabez\u00f3 el lanzamiento la Presidenta del Concejo Deliberante","breadcrumb":{"@id":"https:\/\/experienciadevida.com.ar\/portalurbano\/lanzaron-los-premios-dina-pontoni-y-florentina-gomez-miranda-2022\/#breadcrumb"},"inLanguage":"es","potentialAction":[{"@type":"ReadAction","target":["https:\/\/experienciadevida.com.ar\/portalurbano\/lanzaron-los-premios-dina-pontoni-y-florentina-gomez-miranda-2022\/"]}]},{"@type":"BreadcrumbList","@id":"https:\/\/experienciadevida.com.ar\/portalurbano\/lanzaron-los-premios-dina-pontoni-y-florentina-gomez-miranda-2022\/#breadcrumb","itemListElement":[{"@type":"ListItem","position":1,"name":"Portada","item":"https:\/\/experienciadevida.com.ar\/portalurbano\/"},{"@type":"ListItem","position":2,"name":"Lanzaron los premios Dina Pontoni y Florentina G\u00f3mez Miranda 2022"}]},{"@type":"WebSite","@id":"https:\/\/experienciadevida.com.ar\/portalurbano\/#website","url":"https:\/\/experienciadevida.com.ar\/portalurbano\/","name":"","description":"","publisher":{"@id":"https:\/\/experienciadevida.com.ar\/portalurbano\/#organization"},"potentialAction":[{"@type":"SearchAction","target":{"@type":"EntryPoint","urlTemplate":"https:\/\/experienciadevida.com.ar\/portalurbano\/?s={search_term_string}"},"query-input":"required name=search_term_string"}],"inLanguage":"es"},{"@type":"Organization","@id":"https:\/\/experienciadevida.com.ar\/portalurbano\/#organization","name":"Portal Urbano","url":"https:\/\/experienciadevida.com.ar\/portalurbano\/","logo":{"@type":"ImageObject","inLanguage":"es","@id":"https:\/\/experienciadevida.com.ar\/portalurbano\/#\/schema\/logo\/image\/","url":"https:\/\/experienciadevida.com.ar\/portalurbano\/wp-content\/uploads\/2019\/09\/Logo-Original.png","contentUrl":"https:\/\/experienciadevida.com.ar\/portalurbano\/wp-content\/uploads\/2019\/09\/Logo-Original.png","width":2236,"height":1216,"caption":"Portal Urbano"},"image":{"@id":"https:\/\/experienciadevida.com.ar\/portalurbano\/#\/schema\/logo\/image\/"},"sameAs":["https:\/\/www.facebook.com\/Portal-Urbano-171542830093757\/","https:\/\/twitter.com\/portalurbanook","https:\/\/www.instagram.com\/_portalurbano\/","https:\/\/www.youtube.com\/channel\/UCXhagIfszH8KxFiOok79zbA?view_as=subscriber"]},{"@type":"Person","@id":"https:\/\/experienciadevida.com.ar\/portalurbano\/#\/schema\/person\/02dd326b1c4b056e9cc972486934a3a7","name":"admpu17wp","image":{"@type":"ImageObject","inLanguage":"es","@id":"https:\/\/experienciadevida.com.ar\/portalurbano\/#\/schema\/person\/image\/","url":"https:\/\/secure.gravatar.com\/avatar\/830d4c57adaae6630765e449a6908047?s=96&d=mm&r=g","contentUrl":"https:\/\/secure.gravatar.com\/avatar\/830d4c57adaae6630765e449a6908047?s=96&d=mm&r=g","caption":"admpu17wp"}}]}},"featured_image_urls":{"full":["https:\/\/experienciadevida.com.ar\/portalurbano\/wp-content\/uploads\/2022\/02\/Lanzaron-los-premios-Dina.jpg",955,478,false],"thumbnail":["https:\/\/experienciadevida.com.ar\/portalurbano\/wp-content\/uploads\/2022\/02\/Lanzaron-los-premios-Dina-150x150.jpg",150,150,true],"medium":["https:\/\/experienciadevida.com.ar\/portalurbano\/wp-content\/uploads\/2022\/02\/Lanzaron-los-premios-Dina-300x150.jpg",300,150,true],"medium_large":["https:\/\/experienciadevida.com.ar\/portalurbano\/wp-content\/uploads\/2022\/02\/Lanzaron-los-premios-Dina-768x384.jpg",640,320,true],"large":["https:\/\/experienciadevida.com.ar\/portalurbano\/wp-content\/uploads\/2022\/02\/Lanzaron-los-premios-Dina.jpg",640,320,false],"ug_big":["https:\/\/experienciadevida.com.ar\/portalurbano\/wp-content\/uploads\/2022\/02\/Lanzaron-los-premios-Dina-768x384.jpg",768,384,true],"1536x1536":["https:\/\/experienciadevida.com.ar\/portalurbano\/wp-content\/uploads\/2022\/02\/Lanzaron-los-premios-Dina.jpg",955,478,false],"2048x2048":["https:\/\/experienciadevida.com.ar\/portalurbano\/wp-content\/uploads\/2022\/02\/Lanzaron-los-premios-Dina.jpg",955,478,false],"newsever-slider-full":["https:\/\/experienciadevida.com.ar\/portalurbano\/wp-content\/uploads\/2022\/02\/Lanzaron-los-premios-Dina.jpg",955,478,false],"newsever-featured":["https:\/\/experienciadevida.com.ar\/portalurbano\/wp-content\/uploads\/2022\/02\/Lanzaron-los-premios-Dina.jpg",955,478,false],"newsever-medium":["https:\/\/experienciadevida.com.ar\/portalurbano\/wp-content\/uploads\/2022\/02\/Lanzaron-los-premios-Dina.jpg",720,360,false],"web-stories-poster-portrait":["https:\/\/experienciadevida.com.ar\/portalurbano\/wp-content\/uploads\/2022\/02\/Lanzaron-los-premios-Dina.jpg",640,320,false],"web-stories-publisher-logo":["https:\/\/experienciadevida.com.ar\/portalurbano\/wp-content\/uploads\/2022\/02\/Lanzaron-los-premios-Dina.jpg",96,48,false],"web-stories-thumbnail":["https:\/\/experienciadevida.com.ar\/portalurbano\/wp-content\/uploads\/2022\/02\/Lanzaron-los-premios-Dina.jpg",150,75,false]},"author_info":{"display_name":"admpu17wp","author_link":"https:\/\/experienciadevida.com.ar\/portalurbano\/author\/admpu17wp\/"},"category_info":"<a href=\"https:\/\/experienciadevida.com.ar\/portalurbano\/category\/ciudad\/\" rel=\"category tag\">Ciudad<\/a> <a href=\"https:\/\/experienciadevida.com.ar\/portalurbano\/category\/destacadas-2\/\" rel=\"category tag\">Destacadas 2<\/a>","tag_info":"Destacadas 2","comment_count":"0","amp_enabled":true,"_links":{"self":[{"href":"https:\/\/experienciadevida.com.ar\/portalurbano\/wp-json\/wp\/v2\/posts\/161482"}],"collection":[{"href":"https:\/\/experienciadevida.com.ar\/portalurbano\/wp-json\/wp\/v2\/posts"}],"about":[{"href":"https:\/\/experienciadevida.com.ar\/portalurbano\/wp-json\/wp\/v2\/types\/post"}],"author":[{"embeddable":true,"href":"https:\/\/experienciadevida.com.ar\/portalurbano\/wp-json\/wp\/v2\/users\/1"}],"replies":[{"embeddable":true,"href":"https:\/\/experienciadevida.com.ar\/portalurbano\/wp-json\/wp\/v2\/comments?post=161482"}],"version-history":[{"count":3,"href":"https:\/\/experienciadevida.com.ar\/portalurbano\/wp-json\/wp\/v2\/posts\/161482\/revisions"}],"predecessor-version":[{"id":161485,"href":"https:\/\/experienciadevida.com.ar\/portalurbano\/wp-json\/wp\/v2\/posts\/161482\/revisions\/161485"}],"wp:featuredmedia":[{"embeddable":true,"href":"https:\/\/experienciadevida.com.ar\/portalurbano\/wp-json\/wp\/v2\/media\/161483"}],"wp:attachment":[{"href":"https:\/\/experienciadevida.com.ar\/portalurbano\/wp-json\/wp\/v2\/media?parent=161482"}],"wp:term":[{"taxonomy":"category","embeddable":true,"href":"https:\/\/experienciadevida.com.ar\/portalurbano\/wp-json\/wp\/v2\/categories?post=161482"},{"taxonomy":"post_tag","embeddable":true,"href":"https:\/\/experienciadevida.com.ar\/portalurbano\/wp-json\/wp\/v2\/tags?post=161482"}],"curies":[{"name":"wp","href":"https:\/\/api.w.org\/{rel}","templated":true}]}}