{"id":161429,"date":"2022-02-09T18:37:41","date_gmt":"2022-02-09T21:37:41","guid":{"rendered":"https:\/\/experienciadevida.com.ar\/portalurbano\/?p=161429"},"modified":"2022-02-09T18:38:07","modified_gmt":"2022-02-09T21:38:07","slug":"integrantes-de-centros-de-dia-municipales-participaron-de-un-campamento-en-base-bonino","status":"publish","type":"post","link":"https:\/\/experienciadevida.com.ar\/portalurbano\/integrantes-de-centros-de-dia-municipales-participaron-de-un-campamento-en-base-bonino\/","title":{"rendered":"Integrantes de Centros de D\u00eda Municipales participaron de un campamento en Base Bonino"},"content":{"rendered":"<p>Integrantes de Centros de D\u00eda <a href=\"https:\/\/www.facebook.com\/municipiodeolavarria\">Municipales<\/a> participaron de un campamento en Base Bonino, los d\u00edas lunes 7 y martes 8 de febrero, m\u00e1s de 60 ni\u00f1os y ni\u00f1as que concurren los Centros de D\u00eda municipales llevaron a cabo un campamento de 24 horas, en las instalaciones de la Base Bonino, predio municipal donde funciona la colonia de verano.<\/p>\n<p>La iniciativa fue organizada y coordinada por la Secretar\u00eda de Desarrollo Social (a cargo de la subsecretaria Silvana Rosales) junto al equipo de profesores y auxiliares. El objetivo de este tipo de propuestas es promover y fortalecer la socializaci\u00f3n y el trabajo en equipo en un medio natural, para contribuir en la formaci\u00f3n y desarrollo integral de los ni\u00f1os y ni\u00f1as.<\/p>\n<p>El campamento cont\u00f3 con la participaci\u00f3n de los Centros de D\u00eda Municipales N\u00ba 1, N\u00ba 2, N\u00ba 4, N\u00ba 5 y N\u00ba 7. Se organiz\u00f3 en funci\u00f3n de dos grupos etarios. Durante la jornada se llevaron a cabo distintas actividades que incluyeron pr\u00e1ctica deportiva, juegos en el medio acu\u00e1tico, juegos de reconocimiento del medio natural, actividades l\u00fadicas nocturnas y fog\u00f3n, siempre respetando y trabajando los intereses de los ni\u00f1os y ni\u00f1as.<\/p>\n<p><a href=\"https:\/\/experienciadevida.com.ar\/portalurbano\/integrantes-de-centros-de-dia-municipales-participaron-de-un-campamento-en-base-bonino\/integrantes\/\" rel=\"attachment wp-att-161431\"><img decoding=\"async\" class=\"alignnone size-full wp-image-161431\" src=\"https:\/\/experienciadevida.com.ar\/portalurbano\/wp-content\/uploads\/2022\/02\/Integrantes.jpg\" alt=\"Integrantes \" width=\"862\" height=\"574\" srcset=\"https:\/\/experienciadevida.com.ar\/portalurbano\/wp-content\/uploads\/2022\/02\/Integrantes.jpg 862w, https:\/\/experienciadevida.com.ar\/portalurbano\/wp-content\/uploads\/2022\/02\/Integrantes-300x200.jpg 300w, https:\/\/experienciadevida.com.ar\/portalurbano\/wp-content\/uploads\/2022\/02\/Integrantes-768x511.jpg 768w\" sizes=\"(max-width: 862px) 100vw, 862px\" \/><\/a><\/p>\n<p><a href=\"https:\/\/experienciadevida.com.ar\/portalurbano\/integrantes-de-centros-de-dia-municipales-participaron-de-un-campamento-en-base-bonino\/de-centros\/\" rel=\"attachment wp-att-161432\"><img decoding=\"async\" class=\"alignnone size-large wp-image-161432\" src=\"https:\/\/experienciadevida.com.ar\/portalurbano\/wp-content\/uploads\/2022\/02\/de-centros-1024x682.jpg\" alt=\"de centros \" width=\"900\" height=\"599\" srcset=\"https:\/\/experienciadevida.com.ar\/portalurbano\/wp-content\/uploads\/2022\/02\/de-centros-1024x682.jpg 1024w, https:\/\/experienciadevida.com.ar\/portalurbano\/wp-content\/uploads\/2022\/02\/de-centros-300x200.jpg 300w, https:\/\/experienciadevida.com.ar\/portalurbano\/wp-content\/uploads\/2022\/02\/de-centros-768x512.jpg 768w, https:\/\/experienciadevida.com.ar\/portalurbano\/wp-content\/uploads\/2022\/02\/de-centros.jpg 1348w\" sizes=\"(max-width: 900px) 100vw, 900px\" \/><\/a><\/p>\n","protected":false},"excerpt":{"rendered":"<p>Integrantes de Centros de D\u00eda Municipales participaron de un campamento en Base Bonino, los d\u00edas&#8230;<\/p>\n","protected":false},"author":1,"featured_media":161430,"comment_status":"closed","ping_status":"closed","sticky":false,"template":"","format":"standard","meta":{"content-type":""},"categories":[27],"tags":[],"nelio_content":{"isAutoShareEnabled":false,"autoShareEndMode":"default","automationSources":{"useContentSentences":true,"useSocialTemplates":true,"useCustomSentences":false,"customSentences":[]},"followers":[1],"suggestedReferences":[],"includedReferences":[],"efiUrl":"","efiAlt":"","highlights":[]},"yoast_head":"<!-- This site is optimized with the Yoast SEO plugin v20.7 - https:\/\/yoast.com\/wordpress\/plugins\/seo\/ -->\n<title>Integrantes de centros de d\u00eda Municipales participaron de un campamento<\/title>\n<meta name=\"description\" content=\"Integrantes de Centros de D\u00eda Municipales participaron de un campamento en Base Bonino, los d\u00edas lunes 7 y martes 8 de febrero\" \/>\n<meta name=\"robots\" content=\"index, follow, max-snippet:-1, max-image-preview:large, max-video-preview:-1\" \/>\n<link rel=\"canonical\" href=\"https:\/\/experienciadevida.com.ar\/portalurbano\/integrantes-de-centros-de-dia-municipales-participaron-de-un-campamento-en-base-bonino\/\" \/>\n<meta property=\"og:locale\" content=\"es_ES\" \/>\n<meta property=\"og:type\" content=\"article\" \/>\n<meta property=\"og:title\" content=\"Integrantes de centros de d\u00eda Municipales participaron de un campamento\" \/>\n<meta property=\"og:description\" content=\"Integrantes de Centros de D\u00eda Municipales participaron de un campamento en Base Bonino, los d\u00edas lunes 7 y martes 8 de febrero\" \/>\n<meta property=\"og:url\" content=\"https:\/\/experienciadevida.com.ar\/portalurbano\/integrantes-de-centros-de-dia-municipales-participaron-de-un-campamento-en-base-bonino\/\" \/>\n<meta property=\"article:publisher\" content=\"https:\/\/www.facebook.com\/Portal-Urbano-171542830093757\/\" \/>\n<meta property=\"article:published_time\" content=\"2022-02-09T21:37:41+00:00\" \/>\n<meta property=\"article:modified_time\" content=\"2022-02-09T21:38:07+00:00\" \/>\n<meta property=\"og:image\" content=\"https:\/\/experienciadevida.com.ar\/portalurbano\/wp-content\/uploads\/2022\/02\/Integrantes-de-Centros-de.jpg\" \/>\n\t<meta property=\"og:image:width\" content=\"1078\" \/>\n\t<meta property=\"og:image:height\" content=\"718\" \/>\n\t<meta property=\"og:image:type\" content=\"image\/jpeg\" \/>\n<meta name=\"author\" content=\"admpu17wp\" \/>\n<meta name=\"twitter:card\" content=\"summary_large_image\" \/>\n<meta name=\"twitter:creator\" content=\"@portalurbanook\" \/>\n<meta name=\"twitter:site\" content=\"@portalurbanook\" \/>\n<meta name=\"twitter:label1\" content=\"Escrito por\" \/>\n\t<meta name=\"twitter:data1\" content=\"admpu17wp\" \/>\n\t<meta name=\"twitter:label2\" content=\"Tiempo de lectura\" \/>\n\t<meta name=\"twitter:data2\" content=\"2 minutos\" \/>\n<script type=\"application\/ld+json\" class=\"yoast-schema-graph\">{\"@context\":\"https:\/\/schema.org\",\"@graph\":[{\"@type\":\"Article\",\"@id\":\"https:\/\/experienciadevida.com.ar\/portalurbano\/integrantes-de-centros-de-dia-municipales-participaron-de-un-campamento-en-base-bonino\/#article\",\"isPartOf\":{\"@id\":\"https:\/\/experienciadevida.com.ar\/portalurbano\/integrantes-de-centros-de-dia-municipales-participaron-de-un-campamento-en-base-bonino\/\"},\"author\":{\"name\":\"admpu17wp\",\"@id\":\"https:\/\/experienciadevida.com.ar\/portalurbano\/#\/schema\/person\/02dd326b1c4b056e9cc972486934a3a7\"},\"headline\":\"Integrantes de Centros de D\u00eda Municipales participaron de un campamento en Base Bonino\",\"datePublished\":\"2022-02-09T21:37:41+00:00\",\"dateModified\":\"2022-02-09T21:38:07+00:00\",\"mainEntityOfPage\":{\"@id\":\"https:\/\/experienciadevida.com.ar\/portalurbano\/integrantes-de-centros-de-dia-municipales-participaron-de-un-campamento-en-base-bonino\/\"},\"wordCount\":215,\"publisher\":{\"@id\":\"https:\/\/experienciadevida.com.ar\/portalurbano\/#organization\"},\"articleSection\":[\"Ciudad\"],\"inLanguage\":\"es\"},{\"@type\":\"WebPage\",\"@id\":\"https:\/\/experienciadevida.com.ar\/portalurbano\/integrantes-de-centros-de-dia-municipales-participaron-de-un-campamento-en-base-bonino\/\",\"url\":\"https:\/\/experienciadevida.com.ar\/portalurbano\/integrantes-de-centros-de-dia-municipales-participaron-de-un-campamento-en-base-bonino\/\",\"name\":\"Integrantes de centros de d\u00eda Municipales participaron de un campamento\",\"isPartOf\":{\"@id\":\"https:\/\/experienciadevida.com.ar\/portalurbano\/#website\"},\"datePublished\":\"2022-02-09T21:37:41+00:00\",\"dateModified\":\"2022-02-09T21:38:07+00:00\",\"description\":\"Integrantes de Centros de D\u00eda Municipales participaron de un campamento en Base Bonino, los d\u00edas lunes 7 y martes 8 de febrero\",\"breadcrumb\":{\"@id\":\"https:\/\/experienciadevida.com.ar\/portalurbano\/integrantes-de-centros-de-dia-municipales-participaron-de-un-campamento-en-base-bonino\/#breadcrumb\"},\"inLanguage\":\"es\",\"potentialAction\":[{\"@type\":\"ReadAction\",\"target\":[\"https:\/\/experienciadevida.com.ar\/portalurbano\/integrantes-de-centros-de-dia-municipales-participaron-de-un-campamento-en-base-bonino\/\"]}]},{\"@type\":\"BreadcrumbList\",\"@id\":\"https:\/\/experienciadevida.com.ar\/portalurbano\/integrantes-de-centros-de-dia-municipales-participaron-de-un-campamento-en-base-bonino\/#breadcrumb\",\"itemListElement\":[{\"@type\":\"ListItem\",\"position\":1,\"name\":\"Portada\",\"item\":\"https:\/\/experienciadevida.com.ar\/portalurbano\/\"},{\"@type\":\"ListItem\",\"position\":2,\"name\":\"Integrantes de Centros de D\u00eda Municipales participaron de un campamento en Base Bonino\"}]},{\"@type\":\"WebSite\",\"@id\":\"https:\/\/experienciadevida.com.ar\/portalurbano\/#website\",\"url\":\"https:\/\/experienciadevida.com.ar\/portalurbano\/\",\"name\":\"\",\"description\":\"\",\"publisher\":{\"@id\":\"https:\/\/experienciadevida.com.ar\/portalurbano\/#organization\"},\"potentialAction\":[{\"@type\":\"SearchAction\",\"target\":{\"@type\":\"EntryPoint\",\"urlTemplate\":\"https:\/\/experienciadevida.com.ar\/portalurbano\/?s={search_term_string}\"},\"query-input\":\"required name=search_term_string\"}],\"inLanguage\":\"es\"},{\"@type\":\"Organization\",\"@id\":\"https:\/\/experienciadevida.com.ar\/portalurbano\/#organization\",\"name\":\"Portal Urbano\",\"url\":\"https:\/\/experienciadevida.com.ar\/portalurbano\/\",\"logo\":{\"@type\":\"ImageObject\",\"inLanguage\":\"es\",\"@id\":\"https:\/\/experienciadevida.com.ar\/portalurbano\/#\/schema\/logo\/image\/\",\"url\":\"https:\/\/experienciadevida.com.ar\/portalurbano\/wp-content\/uploads\/2019\/09\/Logo-Original.png\",\"contentUrl\":\"https:\/\/experienciadevida.com.ar\/portalurbano\/wp-content\/uploads\/2019\/09\/Logo-Original.png\",\"width\":2236,\"height\":1216,\"caption\":\"Portal Urbano\"},\"image\":{\"@id\":\"https:\/\/experienciadevida.com.ar\/portalurbano\/#\/schema\/logo\/image\/\"},\"sameAs\":[\"https:\/\/www.facebook.com\/Portal-Urbano-171542830093757\/\",\"https:\/\/twitter.com\/portalurbanook\",\"https:\/\/www.instagram.com\/_portalurbano\/\",\"https:\/\/www.youtube.com\/channel\/UCXhagIfszH8KxFiOok79zbA?view_as=subscriber\"]},{\"@type\":\"Person\",\"@id\":\"https:\/\/experienciadevida.com.ar\/portalurbano\/#\/schema\/person\/02dd326b1c4b056e9cc972486934a3a7\",\"name\":\"admpu17wp\",\"image\":{\"@type\":\"ImageObject\",\"inLanguage\":\"es\",\"@id\":\"https:\/\/experienciadevida.com.ar\/portalurbano\/#\/schema\/person\/image\/\",\"url\":\"https:\/\/secure.gravatar.com\/avatar\/830d4c57adaae6630765e449a6908047?s=96&d=mm&r=g\",\"contentUrl\":\"https:\/\/secure.gravatar.com\/avatar\/830d4c57adaae6630765e449a6908047?s=96&d=mm&r=g\",\"caption\":\"admpu17wp\"}}]}<\/script>\n<!-- \/ Yoast SEO plugin. -->","yoast_head_json":{"title":"Integrantes de centros de d\u00eda Municipales participaron de un campamento","description":"Integrantes de Centros de D\u00eda Municipales participaron de un campamento en Base Bonino, los d\u00edas lunes 7 y martes 8 de febrero","robots":{"index":"index","follow":"follow","max-snippet":"max-snippet:-1","max-image-preview":"max-image-preview:large","max-video-preview":"max-video-preview:-1"},"canonical":"https:\/\/experienciadevida.com.ar\/portalurbano\/integrantes-de-centros-de-dia-municipales-participaron-de-un-campamento-en-base-bonino\/","og_locale":"es_ES","og_type":"article","og_title":"Integrantes de centros de d\u00eda Municipales participaron de un campamento","og_description":"Integrantes de Centros de D\u00eda Municipales participaron de un campamento en Base Bonino, los d\u00edas lunes 7 y martes 8 de febrero","og_url":"https:\/\/experienciadevida.com.ar\/portalurbano\/integrantes-de-centros-de-dia-municipales-participaron-de-un-campamento-en-base-bonino\/","article_publisher":"https:\/\/www.facebook.com\/Portal-Urbano-171542830093757\/","article_published_time":"2022-02-09T21:37:41+00:00","article_modified_time":"2022-02-09T21:38:07+00:00","og_image":[{"width":1078,"height":718,"url":"https:\/\/experienciadevida.com.ar\/portalurbano\/wp-content\/uploads\/2022\/02\/Integrantes-de-Centros-de.jpg","type":"image\/jpeg"}],"author":"admpu17wp","twitter_card":"summary_large_image","twitter_creator":"@portalurbanook","twitter_site":"@portalurbanook","twitter_misc":{"Escrito por":"admpu17wp","Tiempo de lectura":"2 minutos"},"schema":{"@context":"https:\/\/schema.org","@graph":[{"@type":"Article","@id":"https:\/\/experienciadevida.com.ar\/portalurbano\/integrantes-de-centros-de-dia-municipales-participaron-de-un-campamento-en-base-bonino\/#article","isPartOf":{"@id":"https:\/\/experienciadevida.com.ar\/portalurbano\/integrantes-de-centros-de-dia-municipales-participaron-de-un-campamento-en-base-bonino\/"},"author":{"name":"admpu17wp","@id":"https:\/\/experienciadevida.com.ar\/portalurbano\/#\/schema\/person\/02dd326b1c4b056e9cc972486934a3a7"},"headline":"Integrantes de Centros de D\u00eda Municipales participaron de un campamento en Base Bonino","datePublished":"2022-02-09T21:37:41+00:00","dateModified":"2022-02-09T21:38:07+00:00","mainEntityOfPage":{"@id":"https:\/\/experienciadevida.com.ar\/portalurbano\/integrantes-de-centros-de-dia-municipales-participaron-de-un-campamento-en-base-bonino\/"},"wordCount":215,"publisher":{"@id":"https:\/\/experienciadevida.com.ar\/portalurbano\/#organization"},"articleSection":["Ciudad"],"inLanguage":"es"},{"@type":"WebPage","@id":"https:\/\/experienciadevida.com.ar\/portalurbano\/integrantes-de-centros-de-dia-municipales-participaron-de-un-campamento-en-base-bonino\/","url":"https:\/\/experienciadevida.com.ar\/portalurbano\/integrantes-de-centros-de-dia-municipales-participaron-de-un-campamento-en-base-bonino\/","name":"Integrantes de centros de d\u00eda Municipales participaron de un campamento","isPartOf":{"@id":"https:\/\/experienciadevida.com.ar\/portalurbano\/#website"},"datePublished":"2022-02-09T21:37:41+00:00","dateModified":"2022-02-09T21:38:07+00:00","description":"Integrantes de Centros de D\u00eda Municipales participaron de un campamento en Base Bonino, los d\u00edas lunes 7 y martes 8 de febrero","breadcrumb":{"@id":"https:\/\/experienciadevida.com.ar\/portalurbano\/integrantes-de-centros-de-dia-municipales-participaron-de-un-campamento-en-base-bonino\/#breadcrumb"},"inLanguage":"es","potentialAction":[{"@type":"ReadAction","target":["https:\/\/experienciadevida.com.ar\/portalurbano\/integrantes-de-centros-de-dia-municipales-participaron-de-un-campamento-en-base-bonino\/"]}]},{"@type":"BreadcrumbList","@id":"https:\/\/experienciadevida.com.ar\/portalurbano\/integrantes-de-centros-de-dia-municipales-participaron-de-un-campamento-en-base-bonino\/#breadcrumb","itemListElement":[{"@type":"ListItem","position":1,"name":"Portada","item":"https:\/\/experienciadevida.com.ar\/portalurbano\/"},{"@type":"ListItem","position":2,"name":"Integrantes de Centros de D\u00eda Municipales participaron de un campamento en Base Bonino"}]},{"@type":"WebSite","@id":"https:\/\/experienciadevida.com.ar\/portalurbano\/#website","url":"https:\/\/experienciadevida.com.ar\/portalurbano\/","name":"","description":"","publisher":{"@id":"https:\/\/experienciadevida.com.ar\/portalurbano\/#organization"},"potentialAction":[{"@type":"SearchAction","target":{"@type":"EntryPoint","urlTemplate":"https:\/\/experienciadevida.com.ar\/portalurbano\/?s={search_term_string}"},"query-input":"required name=search_term_string"}],"inLanguage":"es"},{"@type":"Organization","@id":"https:\/\/experienciadevida.com.ar\/portalurbano\/#organization","name":"Portal Urbano","url":"https:\/\/experienciadevida.com.ar\/portalurbano\/","logo":{"@type":"ImageObject","inLanguage":"es","@id":"https:\/\/experienciadevida.com.ar\/portalurbano\/#\/schema\/logo\/image\/","url":"https:\/\/experienciadevida.com.ar\/portalurbano\/wp-content\/uploads\/2019\/09\/Logo-Original.png","contentUrl":"https:\/\/experienciadevida.com.ar\/portalurbano\/wp-content\/uploads\/2019\/09\/Logo-Original.png","width":2236,"height":1216,"caption":"Portal Urbano"},"image":{"@id":"https:\/\/experienciadevida.com.ar\/portalurbano\/#\/schema\/logo\/image\/"},"sameAs":["https:\/\/www.facebook.com\/Portal-Urbano-171542830093757\/","https:\/\/twitter.com\/portalurbanook","https:\/\/www.instagram.com\/_portalurbano\/","https:\/\/www.youtube.com\/channel\/UCXhagIfszH8KxFiOok79zbA?view_as=subscriber"]},{"@type":"Person","@id":"https:\/\/experienciadevida.com.ar\/portalurbano\/#\/schema\/person\/02dd326b1c4b056e9cc972486934a3a7","name":"admpu17wp","image":{"@type":"ImageObject","inLanguage":"es","@id":"https:\/\/experienciadevida.com.ar\/portalurbano\/#\/schema\/person\/image\/","url":"https:\/\/secure.gravatar.com\/avatar\/830d4c57adaae6630765e449a6908047?s=96&d=mm&r=g","contentUrl":"https:\/\/secure.gravatar.com\/avatar\/830d4c57adaae6630765e449a6908047?s=96&d=mm&r=g","caption":"admpu17wp"}}]}},"featured_image_urls":{"full":["https:\/\/experienciadevida.com.ar\/portalurbano\/wp-content\/uploads\/2022\/02\/Integrantes-de-Centros-de.jpg",1078,718,false],"thumbnail":["https:\/\/experienciadevida.com.ar\/portalurbano\/wp-content\/uploads\/2022\/02\/Integrantes-de-Centros-de-150x150.jpg",150,150,true],"medium":["https:\/\/experienciadevida.com.ar\/portalurbano\/wp-content\/uploads\/2022\/02\/Integrantes-de-Centros-de-300x200.jpg",300,200,true],"medium_large":["https:\/\/experienciadevida.com.ar\/portalurbano\/wp-content\/uploads\/2022\/02\/Integrantes-de-Centros-de-768x512.jpg",640,427,true],"large":["https:\/\/experienciadevida.com.ar\/portalurbano\/wp-content\/uploads\/2022\/02\/Integrantes-de-Centros-de-1024x682.jpg",640,426,true],"ug_big":["https:\/\/experienciadevida.com.ar\/portalurbano\/wp-content\/uploads\/2022\/02\/Integrantes-de-Centros-de-768x512.jpg",768,512,true],"1536x1536":["https:\/\/experienciadevida.com.ar\/portalurbano\/wp-content\/uploads\/2022\/02\/Integrantes-de-Centros-de.jpg",1078,718,false],"2048x2048":["https:\/\/experienciadevida.com.ar\/portalurbano\/wp-content\/uploads\/2022\/02\/Integrantes-de-Centros-de.jpg",1078,718,false],"newsever-slider-full":["https:\/\/experienciadevida.com.ar\/portalurbano\/wp-content\/uploads\/2022\/02\/Integrantes-de-Centros-de.jpg",1078,718,false],"newsever-featured":["https:\/\/experienciadevida.com.ar\/portalurbano\/wp-content\/uploads\/2022\/02\/Integrantes-de-Centros-de.jpg",1024,682,false],"newsever-medium":["https:\/\/experienciadevida.com.ar\/portalurbano\/wp-content\/uploads\/2022\/02\/Integrantes-de-Centros-de.jpg",713,475,false],"web-stories-poster-portrait":["https:\/\/experienciadevida.com.ar\/portalurbano\/wp-content\/uploads\/2022\/02\/Integrantes-de-Centros-de.jpg",640,426,false],"web-stories-publisher-logo":["https:\/\/experienciadevida.com.ar\/portalurbano\/wp-content\/uploads\/2022\/02\/Integrantes-de-Centros-de.jpg",96,64,false],"web-stories-thumbnail":["https:\/\/experienciadevida.com.ar\/portalurbano\/wp-content\/uploads\/2022\/02\/Integrantes-de-Centros-de.jpg",150,100,false]},"author_info":{"display_name":"admpu17wp","author_link":"https:\/\/experienciadevida.com.ar\/portalurbano\/author\/admpu17wp\/"},"category_info":"<a href=\"https:\/\/experienciadevida.com.ar\/portalurbano\/category\/ciudad\/\" rel=\"category tag\">Ciudad<\/a>","tag_info":"Ciudad","comment_count":"0","amp_enabled":true,"_links":{"self":[{"href":"https:\/\/experienciadevida.com.ar\/portalurbano\/wp-json\/wp\/v2\/posts\/161429"}],"collection":[{"href":"https:\/\/experienciadevida.com.ar\/portalurbano\/wp-json\/wp\/v2\/posts"}],"about":[{"href":"https:\/\/experienciadevida.com.ar\/portalurbano\/wp-json\/wp\/v2\/types\/post"}],"author":[{"embeddable":true,"href":"https:\/\/experienciadevida.com.ar\/portalurbano\/wp-json\/wp\/v2\/users\/1"}],"replies":[{"embeddable":true,"href":"https:\/\/experienciadevida.com.ar\/portalurbano\/wp-json\/wp\/v2\/comments?post=161429"}],"version-history":[{"count":3,"href":"https:\/\/experienciadevida.com.ar\/portalurbano\/wp-json\/wp\/v2\/posts\/161429\/revisions"}],"predecessor-version":[{"id":161435,"href":"https:\/\/experienciadevida.com.ar\/portalurbano\/wp-json\/wp\/v2\/posts\/161429\/revisions\/161435"}],"wp:featuredmedia":[{"embeddable":true,"href":"https:\/\/experienciadevida.com.ar\/portalurbano\/wp-json\/wp\/v2\/media\/161430"}],"wp:attachment":[{"href":"https:\/\/experienciadevida.com.ar\/portalurbano\/wp-json\/wp\/v2\/media?parent=161429"}],"wp:term":[{"taxonomy":"category","embeddable":true,"href":"https:\/\/experienciadevida.com.ar\/portalurbano\/wp-json\/wp\/v2\/categories?post=161429"},{"taxonomy":"post_tag","embeddable":true,"href":"https:\/\/experienciadevida.com.ar\/portalurbano\/wp-json\/wp\/v2\/tags?post=161429"}],"curies":[{"name":"wp","href":"https:\/\/api.w.org\/{rel}","templated":true}]}}