{"id":161403,"date":"2022-02-09T13:24:12","date_gmt":"2022-02-09T16:24:12","guid":{"rendered":"https:\/\/experienciadevida.com.ar\/portalurbano\/?p=161403"},"modified":"2022-02-09T13:26:43","modified_gmt":"2022-02-09T16:26:43","slug":"establecimientos-gastronomicos-locales-adhieren-al-dia-internacional-de-la-pizza","status":"publish","type":"post","link":"https:\/\/experienciadevida.com.ar\/portalurbano\/establecimientos-gastronomicos-locales-adhieren-al-dia-internacional-de-la-pizza\/","title":{"rendered":"Establecimientos gastron\u00f3micos locales adhieren al D\u00eda Internacional de la Pizza"},"content":{"rendered":"<p>Establecimientos gastron\u00f3micos locales adhieren al D\u00eda Internacional de la Pizza, hoy 9 de febrero, se celebra el D\u00eda Mundial de la Pizza, motivo por el cual, desde la Secretar\u00eda de Desarrollo Econ\u00f3mico del Municipio \u2013 en el marco del Programa Olavarriense \u2013 se informa que diferentes establecimientos de la ciudad que comercializan este producto (pizzer\u00edas, delivery, restaurantes y bares) se han sumado a la iniciativa, y ofrecer\u00e1n durante esta semana, diferentes propuestas.<\/p>\n<p>Para conocer los establecimientos adheridos, podr\u00e1n acceder al cat\u00e1logo ubicado en el sitio web oficial del Municipio, dentro del el bot\u00f3n de \u00abOlavarriense\u00ab. Tambi\u00e9n estar\u00e1 disponible en la Bio del Instagram de Desarrollo Econ\u00f3mico Olavarr\u00eda.<\/p>\n<p>El objetivo es promocionar a los establecimientos y de esta manera, incrementar la afluencia, sorprender con nuevos sabores, captar nuevos clientes y mostrar la personalidad de cada local.<\/p>\n<p>La pizza es una de las comidas m\u00e1s consumidas en todo el mundo y que a todos gusta, debido a la diversidad de ingredientes con los que puede ser servida.<\/p>\n<p>En el a\u00f1o 2017 la pizza ha sido declarada Patrimonio Inmaterial de la Humanidad por la UNESCO, debido a su rol en la vida social y la transmisi\u00f3n de este arte culinario entre generaciones.<\/p>\n<p>La pizza, como se conoce actualmente, se origin\u00f3 en N\u00e1poles, Italia. Anteriormente las personas que habitaban en los alrededores de N\u00e1poles agregaban tomate a un pan plano elaborado a base de levadura. El D\u00eda Internacional que la homenajea comenz\u00f3 a celebrarse el 9 de febrero, en N\u00e1poles, en el siglo X y corresponde al d\u00eda en que se cre\u00f3 la receta de la pizza.<\/p>\n<p>&nbsp;<\/p>\n","protected":false},"excerpt":{"rendered":"<p>Establecimientos gastron\u00f3micos locales adhieren al D\u00eda Internacional de la Pizza, hoy 9 de febrero, se&#8230;<\/p>\n","protected":false},"author":1,"featured_media":93978,"comment_status":"closed","ping_status":"closed","sticky":false,"template":"","format":"standard","meta":{"content-type":""},"categories":[27],"tags":[],"nelio_content":{"isAutoShareEnabled":false,"autoShareEndMode":"default","automationSources":{"useContentSentences":true,"useSocialTemplates":true,"useCustomSentences":false,"customSentences":[]},"followers":[1],"suggestedReferences":[],"includedReferences":[],"efiUrl":"","efiAlt":"","highlights":[]},"yoast_head":"<!-- This site is optimized with the Yoast SEO plugin v20.7 - https:\/\/yoast.com\/wordpress\/plugins\/seo\/ -->\n<title>Establecimientos gastron\u00f3micos locales adhieren al d\u00eda de la pizza<\/title>\n<meta name=\"description\" content=\"Establecimientos gastron\u00f3micos locales adhieren al D\u00eda Internacional de la Pizza, hoy 9 de febrero, se celebra el D\u00eda Mundial de la Pizza\" \/>\n<meta name=\"robots\" content=\"index, follow, max-snippet:-1, max-image-preview:large, max-video-preview:-1\" \/>\n<link rel=\"canonical\" href=\"https:\/\/experienciadevida.com.ar\/portalurbano\/establecimientos-gastronomicos-locales-adhieren-al-dia-internacional-de-la-pizza\/\" \/>\n<meta property=\"og:locale\" content=\"es_ES\" \/>\n<meta property=\"og:type\" content=\"article\" \/>\n<meta property=\"og:title\" content=\"Establecimientos gastron\u00f3micos locales adhieren al d\u00eda de la pizza\" \/>\n<meta property=\"og:description\" content=\"Establecimientos gastron\u00f3micos locales adhieren al D\u00eda Internacional de la Pizza, hoy 9 de febrero, se celebra el D\u00eda Mundial de la Pizza\" \/>\n<meta property=\"og:url\" content=\"https:\/\/experienciadevida.com.ar\/portalurbano\/establecimientos-gastronomicos-locales-adhieren-al-dia-internacional-de-la-pizza\/\" \/>\n<meta property=\"article:publisher\" content=\"https:\/\/www.facebook.com\/Portal-Urbano-171542830093757\/\" \/>\n<meta property=\"article:published_time\" content=\"2022-02-09T16:24:12+00:00\" \/>\n<meta property=\"article:modified_time\" content=\"2022-02-09T16:26:43+00:00\" \/>\n<meta property=\"og:image\" content=\"https:\/\/experienciadevida.com.ar\/portalurbano\/wp-content\/uploads\/2019\/11\/PIZZA.jpg\" \/>\n\t<meta property=\"og:image:width\" content=\"960\" \/>\n\t<meta property=\"og:image:height\" content=\"640\" \/>\n\t<meta property=\"og:image:type\" content=\"image\/jpeg\" \/>\n<meta name=\"author\" content=\"admpu17wp\" \/>\n<meta name=\"twitter:card\" content=\"summary_large_image\" \/>\n<meta name=\"twitter:creator\" content=\"@portalurbanook\" \/>\n<meta name=\"twitter:site\" content=\"@portalurbanook\" \/>\n<meta name=\"twitter:label1\" content=\"Escrito por\" \/>\n\t<meta name=\"twitter:data1\" content=\"admpu17wp\" \/>\n\t<meta name=\"twitter:label2\" content=\"Tiempo de lectura\" \/>\n\t<meta name=\"twitter:data2\" content=\"2 minutos\" \/>\n<script type=\"application\/ld+json\" class=\"yoast-schema-graph\">{\"@context\":\"https:\/\/schema.org\",\"@graph\":[{\"@type\":\"Article\",\"@id\":\"https:\/\/experienciadevida.com.ar\/portalurbano\/establecimientos-gastronomicos-locales-adhieren-al-dia-internacional-de-la-pizza\/#article\",\"isPartOf\":{\"@id\":\"https:\/\/experienciadevida.com.ar\/portalurbano\/establecimientos-gastronomicos-locales-adhieren-al-dia-internacional-de-la-pizza\/\"},\"author\":{\"name\":\"admpu17wp\",\"@id\":\"https:\/\/experienciadevida.com.ar\/portalurbano\/#\/schema\/person\/02dd326b1c4b056e9cc972486934a3a7\"},\"headline\":\"Establecimientos gastron\u00f3micos locales adhieren al D\u00eda Internacional de la Pizza\",\"datePublished\":\"2022-02-09T16:24:12+00:00\",\"dateModified\":\"2022-02-09T16:26:43+00:00\",\"mainEntityOfPage\":{\"@id\":\"https:\/\/experienciadevida.com.ar\/portalurbano\/establecimientos-gastronomicos-locales-adhieren-al-dia-internacional-de-la-pizza\/\"},\"wordCount\":292,\"publisher\":{\"@id\":\"https:\/\/experienciadevida.com.ar\/portalurbano\/#organization\"},\"articleSection\":[\"Ciudad\"],\"inLanguage\":\"es\"},{\"@type\":\"WebPage\",\"@id\":\"https:\/\/experienciadevida.com.ar\/portalurbano\/establecimientos-gastronomicos-locales-adhieren-al-dia-internacional-de-la-pizza\/\",\"url\":\"https:\/\/experienciadevida.com.ar\/portalurbano\/establecimientos-gastronomicos-locales-adhieren-al-dia-internacional-de-la-pizza\/\",\"name\":\"Establecimientos gastron\u00f3micos locales adhieren al d\u00eda de la pizza\",\"isPartOf\":{\"@id\":\"https:\/\/experienciadevida.com.ar\/portalurbano\/#website\"},\"datePublished\":\"2022-02-09T16:24:12+00:00\",\"dateModified\":\"2022-02-09T16:26:43+00:00\",\"description\":\"Establecimientos gastron\u00f3micos locales adhieren al D\u00eda Internacional de la Pizza, hoy 9 de febrero, se celebra el D\u00eda Mundial de la Pizza\",\"breadcrumb\":{\"@id\":\"https:\/\/experienciadevida.com.ar\/portalurbano\/establecimientos-gastronomicos-locales-adhieren-al-dia-internacional-de-la-pizza\/#breadcrumb\"},\"inLanguage\":\"es\",\"potentialAction\":[{\"@type\":\"ReadAction\",\"target\":[\"https:\/\/experienciadevida.com.ar\/portalurbano\/establecimientos-gastronomicos-locales-adhieren-al-dia-internacional-de-la-pizza\/\"]}]},{\"@type\":\"BreadcrumbList\",\"@id\":\"https:\/\/experienciadevida.com.ar\/portalurbano\/establecimientos-gastronomicos-locales-adhieren-al-dia-internacional-de-la-pizza\/#breadcrumb\",\"itemListElement\":[{\"@type\":\"ListItem\",\"position\":1,\"name\":\"Portada\",\"item\":\"https:\/\/experienciadevida.com.ar\/portalurbano\/\"},{\"@type\":\"ListItem\",\"position\":2,\"name\":\"Establecimientos gastron\u00f3micos locales adhieren al D\u00eda Internacional de la Pizza\"}]},{\"@type\":\"WebSite\",\"@id\":\"https:\/\/experienciadevida.com.ar\/portalurbano\/#website\",\"url\":\"https:\/\/experienciadevida.com.ar\/portalurbano\/\",\"name\":\"\",\"description\":\"\",\"publisher\":{\"@id\":\"https:\/\/experienciadevida.com.ar\/portalurbano\/#organization\"},\"potentialAction\":[{\"@type\":\"SearchAction\",\"target\":{\"@type\":\"EntryPoint\",\"urlTemplate\":\"https:\/\/experienciadevida.com.ar\/portalurbano\/?s={search_term_string}\"},\"query-input\":\"required name=search_term_string\"}],\"inLanguage\":\"es\"},{\"@type\":\"Organization\",\"@id\":\"https:\/\/experienciadevida.com.ar\/portalurbano\/#organization\",\"name\":\"Portal Urbano\",\"url\":\"https:\/\/experienciadevida.com.ar\/portalurbano\/\",\"logo\":{\"@type\":\"ImageObject\",\"inLanguage\":\"es\",\"@id\":\"https:\/\/experienciadevida.com.ar\/portalurbano\/#\/schema\/logo\/image\/\",\"url\":\"https:\/\/experienciadevida.com.ar\/portalurbano\/wp-content\/uploads\/2019\/09\/Logo-Original.png\",\"contentUrl\":\"https:\/\/experienciadevida.com.ar\/portalurbano\/wp-content\/uploads\/2019\/09\/Logo-Original.png\",\"width\":2236,\"height\":1216,\"caption\":\"Portal Urbano\"},\"image\":{\"@id\":\"https:\/\/experienciadevida.com.ar\/portalurbano\/#\/schema\/logo\/image\/\"},\"sameAs\":[\"https:\/\/www.facebook.com\/Portal-Urbano-171542830093757\/\",\"https:\/\/twitter.com\/portalurbanook\",\"https:\/\/www.instagram.com\/_portalurbano\/\",\"https:\/\/www.youtube.com\/channel\/UCXhagIfszH8KxFiOok79zbA?view_as=subscriber\"]},{\"@type\":\"Person\",\"@id\":\"https:\/\/experienciadevida.com.ar\/portalurbano\/#\/schema\/person\/02dd326b1c4b056e9cc972486934a3a7\",\"name\":\"admpu17wp\",\"image\":{\"@type\":\"ImageObject\",\"inLanguage\":\"es\",\"@id\":\"https:\/\/experienciadevida.com.ar\/portalurbano\/#\/schema\/person\/image\/\",\"url\":\"https:\/\/secure.gravatar.com\/avatar\/830d4c57adaae6630765e449a6908047?s=96&d=mm&r=g\",\"contentUrl\":\"https:\/\/secure.gravatar.com\/avatar\/830d4c57adaae6630765e449a6908047?s=96&d=mm&r=g\",\"caption\":\"admpu17wp\"}}]}<\/script>\n<!-- \/ Yoast SEO plugin. -->","yoast_head_json":{"title":"Establecimientos gastron\u00f3micos locales adhieren al d\u00eda de la pizza","description":"Establecimientos gastron\u00f3micos locales adhieren al D\u00eda Internacional de la Pizza, hoy 9 de febrero, se celebra el D\u00eda Mundial de la Pizza","robots":{"index":"index","follow":"follow","max-snippet":"max-snippet:-1","max-image-preview":"max-image-preview:large","max-video-preview":"max-video-preview:-1"},"canonical":"https:\/\/experienciadevida.com.ar\/portalurbano\/establecimientos-gastronomicos-locales-adhieren-al-dia-internacional-de-la-pizza\/","og_locale":"es_ES","og_type":"article","og_title":"Establecimientos gastron\u00f3micos locales adhieren al d\u00eda de la pizza","og_description":"Establecimientos gastron\u00f3micos locales adhieren al D\u00eda Internacional de la Pizza, hoy 9 de febrero, se celebra el D\u00eda Mundial de la Pizza","og_url":"https:\/\/experienciadevida.com.ar\/portalurbano\/establecimientos-gastronomicos-locales-adhieren-al-dia-internacional-de-la-pizza\/","article_publisher":"https:\/\/www.facebook.com\/Portal-Urbano-171542830093757\/","article_published_time":"2022-02-09T16:24:12+00:00","article_modified_time":"2022-02-09T16:26:43+00:00","og_image":[{"width":960,"height":640,"url":"https:\/\/experienciadevida.com.ar\/portalurbano\/wp-content\/uploads\/2019\/11\/PIZZA.jpg","type":"image\/jpeg"}],"author":"admpu17wp","twitter_card":"summary_large_image","twitter_creator":"@portalurbanook","twitter_site":"@portalurbanook","twitter_misc":{"Escrito por":"admpu17wp","Tiempo de lectura":"2 minutos"},"schema":{"@context":"https:\/\/schema.org","@graph":[{"@type":"Article","@id":"https:\/\/experienciadevida.com.ar\/portalurbano\/establecimientos-gastronomicos-locales-adhieren-al-dia-internacional-de-la-pizza\/#article","isPartOf":{"@id":"https:\/\/experienciadevida.com.ar\/portalurbano\/establecimientos-gastronomicos-locales-adhieren-al-dia-internacional-de-la-pizza\/"},"author":{"name":"admpu17wp","@id":"https:\/\/experienciadevida.com.ar\/portalurbano\/#\/schema\/person\/02dd326b1c4b056e9cc972486934a3a7"},"headline":"Establecimientos gastron\u00f3micos locales adhieren al D\u00eda Internacional de la Pizza","datePublished":"2022-02-09T16:24:12+00:00","dateModified":"2022-02-09T16:26:43+00:00","mainEntityOfPage":{"@id":"https:\/\/experienciadevida.com.ar\/portalurbano\/establecimientos-gastronomicos-locales-adhieren-al-dia-internacional-de-la-pizza\/"},"wordCount":292,"publisher":{"@id":"https:\/\/experienciadevida.com.ar\/portalurbano\/#organization"},"articleSection":["Ciudad"],"inLanguage":"es"},{"@type":"WebPage","@id":"https:\/\/experienciadevida.com.ar\/portalurbano\/establecimientos-gastronomicos-locales-adhieren-al-dia-internacional-de-la-pizza\/","url":"https:\/\/experienciadevida.com.ar\/portalurbano\/establecimientos-gastronomicos-locales-adhieren-al-dia-internacional-de-la-pizza\/","name":"Establecimientos gastron\u00f3micos locales adhieren al d\u00eda de la pizza","isPartOf":{"@id":"https:\/\/experienciadevida.com.ar\/portalurbano\/#website"},"datePublished":"2022-02-09T16:24:12+00:00","dateModified":"2022-02-09T16:26:43+00:00","description":"Establecimientos gastron\u00f3micos locales adhieren al D\u00eda Internacional de la Pizza, hoy 9 de febrero, se celebra el D\u00eda Mundial de la Pizza","breadcrumb":{"@id":"https:\/\/experienciadevida.com.ar\/portalurbano\/establecimientos-gastronomicos-locales-adhieren-al-dia-internacional-de-la-pizza\/#breadcrumb"},"inLanguage":"es","potentialAction":[{"@type":"ReadAction","target":["https:\/\/experienciadevida.com.ar\/portalurbano\/establecimientos-gastronomicos-locales-adhieren-al-dia-internacional-de-la-pizza\/"]}]},{"@type":"BreadcrumbList","@id":"https:\/\/experienciadevida.com.ar\/portalurbano\/establecimientos-gastronomicos-locales-adhieren-al-dia-internacional-de-la-pizza\/#breadcrumb","itemListElement":[{"@type":"ListItem","position":1,"name":"Portada","item":"https:\/\/experienciadevida.com.ar\/portalurbano\/"},{"@type":"ListItem","position":2,"name":"Establecimientos gastron\u00f3micos locales adhieren al D\u00eda Internacional de la Pizza"}]},{"@type":"WebSite","@id":"https:\/\/experienciadevida.com.ar\/portalurbano\/#website","url":"https:\/\/experienciadevida.com.ar\/portalurbano\/","name":"","description":"","publisher":{"@id":"https:\/\/experienciadevida.com.ar\/portalurbano\/#organization"},"potentialAction":[{"@type":"SearchAction","target":{"@type":"EntryPoint","urlTemplate":"https:\/\/experienciadevida.com.ar\/portalurbano\/?s={search_term_string}"},"query-input":"required name=search_term_string"}],"inLanguage":"es"},{"@type":"Organization","@id":"https:\/\/experienciadevida.com.ar\/portalurbano\/#organization","name":"Portal Urbano","url":"https:\/\/experienciadevida.com.ar\/portalurbano\/","logo":{"@type":"ImageObject","inLanguage":"es","@id":"https:\/\/experienciadevida.com.ar\/portalurbano\/#\/schema\/logo\/image\/","url":"https:\/\/experienciadevida.com.ar\/portalurbano\/wp-content\/uploads\/2019\/09\/Logo-Original.png","contentUrl":"https:\/\/experienciadevida.com.ar\/portalurbano\/wp-content\/uploads\/2019\/09\/Logo-Original.png","width":2236,"height":1216,"caption":"Portal Urbano"},"image":{"@id":"https:\/\/experienciadevida.com.ar\/portalurbano\/#\/schema\/logo\/image\/"},"sameAs":["https:\/\/www.facebook.com\/Portal-Urbano-171542830093757\/","https:\/\/twitter.com\/portalurbanook","https:\/\/www.instagram.com\/_portalurbano\/","https:\/\/www.youtube.com\/channel\/UCXhagIfszH8KxFiOok79zbA?view_as=subscriber"]},{"@type":"Person","@id":"https:\/\/experienciadevida.com.ar\/portalurbano\/#\/schema\/person\/02dd326b1c4b056e9cc972486934a3a7","name":"admpu17wp","image":{"@type":"ImageObject","inLanguage":"es","@id":"https:\/\/experienciadevida.com.ar\/portalurbano\/#\/schema\/person\/image\/","url":"https:\/\/secure.gravatar.com\/avatar\/830d4c57adaae6630765e449a6908047?s=96&d=mm&r=g","contentUrl":"https:\/\/secure.gravatar.com\/avatar\/830d4c57adaae6630765e449a6908047?s=96&d=mm&r=g","caption":"admpu17wp"}}]}},"featured_image_urls":{"full":["https:\/\/experienciadevida.com.ar\/portalurbano\/wp-content\/uploads\/2019\/11\/PIZZA.jpg",960,640,false],"thumbnail":["https:\/\/experienciadevida.com.ar\/portalurbano\/wp-content\/uploads\/2019\/11\/PIZZA-150x150.jpg",150,150,true],"medium":["https:\/\/experienciadevida.com.ar\/portalurbano\/wp-content\/uploads\/2019\/11\/PIZZA-300x200.jpg",300,200,true],"medium_large":["https:\/\/experienciadevida.com.ar\/portalurbano\/wp-content\/uploads\/2019\/11\/PIZZA-768x512.jpg",640,427,true],"large":["https:\/\/experienciadevida.com.ar\/portalurbano\/wp-content\/uploads\/2019\/11\/PIZZA.jpg",640,427,false],"ug_big":["https:\/\/experienciadevida.com.ar\/portalurbano\/wp-content\/uploads\/2019\/11\/PIZZA-768x512.jpg",768,512,true],"1536x1536":["https:\/\/experienciadevida.com.ar\/portalurbano\/wp-content\/uploads\/2019\/11\/PIZZA.jpg",960,640,false],"2048x2048":["https:\/\/experienciadevida.com.ar\/portalurbano\/wp-content\/uploads\/2019\/11\/PIZZA.jpg",960,640,false],"newsever-slider-full":["https:\/\/experienciadevida.com.ar\/portalurbano\/wp-content\/uploads\/2019\/11\/PIZZA.jpg",960,640,false],"newsever-featured":["https:\/\/experienciadevida.com.ar\/portalurbano\/wp-content\/uploads\/2019\/11\/PIZZA.jpg",960,640,false],"newsever-medium":["https:\/\/experienciadevida.com.ar\/portalurbano\/wp-content\/uploads\/2019\/11\/PIZZA.jpg",713,475,false],"web-stories-poster-portrait":["https:\/\/experienciadevida.com.ar\/portalurbano\/wp-content\/uploads\/2019\/11\/PIZZA.jpg",640,427,false],"web-stories-publisher-logo":["https:\/\/experienciadevida.com.ar\/portalurbano\/wp-content\/uploads\/2019\/11\/PIZZA.jpg",96,64,false],"web-stories-thumbnail":["https:\/\/experienciadevida.com.ar\/portalurbano\/wp-content\/uploads\/2019\/11\/PIZZA.jpg",150,100,false]},"author_info":{"display_name":"admpu17wp","author_link":"https:\/\/experienciadevida.com.ar\/portalurbano\/author\/admpu17wp\/"},"category_info":"<a href=\"https:\/\/experienciadevida.com.ar\/portalurbano\/category\/ciudad\/\" rel=\"category tag\">Ciudad<\/a>","tag_info":"Ciudad","comment_count":"0","amp_enabled":true,"_links":{"self":[{"href":"https:\/\/experienciadevida.com.ar\/portalurbano\/wp-json\/wp\/v2\/posts\/161403"}],"collection":[{"href":"https:\/\/experienciadevida.com.ar\/portalurbano\/wp-json\/wp\/v2\/posts"}],"about":[{"href":"https:\/\/experienciadevida.com.ar\/portalurbano\/wp-json\/wp\/v2\/types\/post"}],"author":[{"embeddable":true,"href":"https:\/\/experienciadevida.com.ar\/portalurbano\/wp-json\/wp\/v2\/users\/1"}],"replies":[{"embeddable":true,"href":"https:\/\/experienciadevida.com.ar\/portalurbano\/wp-json\/wp\/v2\/comments?post=161403"}],"version-history":[{"count":1,"href":"https:\/\/experienciadevida.com.ar\/portalurbano\/wp-json\/wp\/v2\/posts\/161403\/revisions"}],"predecessor-version":[{"id":161404,"href":"https:\/\/experienciadevida.com.ar\/portalurbano\/wp-json\/wp\/v2\/posts\/161403\/revisions\/161404"}],"wp:featuredmedia":[{"embeddable":true,"href":"https:\/\/experienciadevida.com.ar\/portalurbano\/wp-json\/wp\/v2\/media\/93978"}],"wp:attachment":[{"href":"https:\/\/experienciadevida.com.ar\/portalurbano\/wp-json\/wp\/v2\/media?parent=161403"}],"wp:term":[{"taxonomy":"category","embeddable":true,"href":"https:\/\/experienciadevida.com.ar\/portalurbano\/wp-json\/wp\/v2\/categories?post=161403"},{"taxonomy":"post_tag","embeddable":true,"href":"https:\/\/experienciadevida.com.ar\/portalurbano\/wp-json\/wp\/v2\/tags?post=161403"}],"curies":[{"name":"wp","href":"https:\/\/api.w.org\/{rel}","templated":true}]}}