{"id":161382,"date":"2022-02-09T09:56:50","date_gmt":"2022-02-09T12:56:50","guid":{"rendered":"https:\/\/experienciadevida.com.ar\/portalurbano\/?p=161382"},"modified":"2022-02-09T10:13:28","modified_gmt":"2022-02-09T13:13:28","slug":"se-agranda-la-familia-en-el-bioparque-municipal-la-maxima","status":"publish","type":"post","link":"https:\/\/experienciadevida.com.ar\/portalurbano\/se-agranda-la-familia-en-el-bioparque-municipal-la-maxima\/","title":{"rendered":"Se agranda la familia en el Bioparque Municipal \u201cLa M\u00e1xima\u201d"},"content":{"rendered":"<p>Se agranda la familia en el Bioparque Municipal \u201c<a href=\"https:\/\/www.facebook.com\/bioparquelamaximaoficial\">La M\u00e1xima<\/a>\u201d, nacieron guanacos en el Bioparque Municipal \u201cLa M\u00e1xima\u201d; en el marco del Programa de Reproducci\u00f3n y Conservaci\u00f3n de Cam\u00e9lidos Sudamericanos.<\/p>\n<p><a href=\"https:\/\/experienciadevida.com.ar\/portalurbano\/se-agranda-la-familia-en-el-bioparque-municipal-la-maxima\/se-agranda\/\" rel=\"attachment wp-att-161387\"><img decoding=\"async\" class=\"alignnone size-large wp-image-161387\" src=\"https:\/\/experienciadevida.com.ar\/portalurbano\/wp-content\/uploads\/2022\/02\/Se-agranda-1024x682.jpeg\" alt=\"Se agranda \" width=\"900\" height=\"599\" srcset=\"https:\/\/experienciadevida.com.ar\/portalurbano\/wp-content\/uploads\/2022\/02\/Se-agranda-1024x682.jpeg 1024w, https:\/\/experienciadevida.com.ar\/portalurbano\/wp-content\/uploads\/2022\/02\/Se-agranda-300x200.jpeg 300w, https:\/\/experienciadevida.com.ar\/portalurbano\/wp-content\/uploads\/2022\/02\/Se-agranda-768x512.jpeg 768w, https:\/\/experienciadevida.com.ar\/portalurbano\/wp-content\/uploads\/2022\/02\/Se-agranda-1536x1024.jpeg 1536w, https:\/\/experienciadevida.com.ar\/portalurbano\/wp-content\/uploads\/2022\/02\/Se-agranda-2048x1365.jpeg 2048w\" sizes=\"(max-width: 900px) 100vw, 900px\" \/><\/a><\/p>\n<p>Desde el Bioparque se refuerza el trabajo con guanacos (animales silvestres) y llamas (dom\u00e9sticos). Seg\u00fan se indica desde la Direcci\u00f3n de \u201cLa M\u00e1xima\u201d se comenz\u00f3 a trabajar con otros bioparques y, en este contexto, se eval\u00faa la posibilidad de incluir vicu\u00f1as en este trabajo.<\/p>\n<p>Las tareas de reproducci\u00f3n y conservaci\u00f3n priorizan el bienestar animal a trav\u00e9s de planes sanitarios y alimentarios que lleva adelante el equipo veterinario, conformado por Horacio Grand, Federico Larraoud\u00e9 y Sebastian Valdez, en conjunto con los cuidadores Carlos Arena y Walter Navarro, coordinados por el encargado Matias Graciarena.<\/p>\n<p>La reproducci\u00f3n de estos animales en el Bioparque Municipal cumple una finalidad educativa, que se enmarca en el eje de Educaci\u00f3n Ambiental en y para la naturaleza: para poder conocer y valorar el rico patrimonio natural que nos rodea; para re-encontrarnos con los otros habitantes de este mundo, apelando al desarrollo de los sentidos, a la percepci\u00f3n ambiental y al contacto directo con el mundo natural.<\/p>\n<p>Se agranda la familia en el Bioparque Municipal \u201cLa M\u00e1xima\u201d, \u201cNuestro Bioparque tiene la finalidad de albergar especies que puedan cumplir roles de conservaci\u00f3n y educaci\u00f3n, siempre pensando y priorizando el bienestar animal por sobre el exhibicionismo. Por ello permanentemente continuamos trabajando en mejorar el h\u00e1bitat de aquellos animales, que por diversas razones, no podr\u00e1n ser trasladados o reinsertados en ambientes naturales por medio de programas de conservaci\u00f3n\u201d, explica Flavio Maldonado, director del Bioparque.<\/p>\n<p>Lo que cuentan los Guanacos<\/p>\n<p>Nombre Cient\u00edfico: Lama guanicoe<\/p>\n<p>El guanaco es uno de los grandes herb\u00edvoros de Sudam\u00e9rica y el mayor de los cam\u00e9lidos silvestres de este continente. Esta especie manifiesta una serie de adaptaciones anat\u00f3micas y fisiol\u00f3gicas que le permiten sobrevivir en condiciones extremas.<\/p>\n<p>Debido a su adaptabilidad a distintas condiciones, y especialmente por su forma de alimentaci\u00f3n, el guanaco ocupa h\u00e1bitats con marcadas diferencias en estructura de la vegetaci\u00f3n, relieve, clima y presencia de actividades humanas.<\/p>\n<p>Estado de conservaci\u00f3n<\/p>\n<p>Se agranda la familia en el Bioparque Municipal \u201cLa M\u00e1xima\u201d, Las poblaciones de guanacos en Argentina declinaron continuamente desde la colonizaci\u00f3n europea hasta nuestros d\u00edas. Los principales factores vinculados a esta reducci\u00f3n poblacional se relacionan con la alteraci\u00f3n del h\u00e1bitat, la competencia por introducci\u00f3n de ganado ovino, la caza indiscriminada -legal e ilegal- y la carencia de planes de protecci\u00f3n y manejo que aseguren su conservaci\u00f3n.<\/p>\n<p>El manejo de guanacos en forma sustentable puede implicar cambios positivos para el futuro de la especie, hist\u00f3ricamente declinante. Los beneficios obtenidos pueden favorecer una percepci\u00f3n positiva hacia la especie, que ayude a detener su declinaci\u00f3n e incluso, recuperar zonas de su distribuci\u00f3n original. Se estima que a fines del siglo XIX la poblaci\u00f3n total de guanacos estaba en el orden de los 7 millones de individuos (Cabrera y Yepes, 1960; Torres, 1985). Hoy, la Uni\u00f3n Internacional para la Conservaci\u00f3n de la Naturaleza (UICN) estima que la poblaci\u00f3n total no superar\u00eda los 600.000 individuos. Un relevamiento a\u00e9reo realizado en el a\u00f1o 2000, estim\u00f3 una poblaci\u00f3n m\u00ednima de 402.000 animales para la Patagonia continental, -en las provincias de Neuquen, R\u00edo Negro, Chubut y Santa Cruz- (Amaya et al., 2001).<\/p>\n<p>Distribuci\u00f3n Actualmente, la especie ocupa s\u00f3lo el 40% de su distribuci\u00f3n original y est\u00e1 fragmentada en poblaciones peque\u00f1as y relativamente aisladas (Puig, 1995b; Franklin et al., 1997; Puig, 1992). Si bien el guanaco no se encuentra amenazado de extinci\u00f3n a nivel continental, una serie de poblaciones tiene riesgo de desaparici\u00f3n a nivel local e incluso regional (Cunazza et al., 1995). Se est\u00e1n desarrollando programas para conservar y hacer un uso sustentable del guanaco a partir de la esquila en vivo de animales silvestres, con el objeto de lograr fibras naturales de alta calidad, y \u00e1reas espec\u00edficas para la conservaci\u00f3n.<\/p>\n<p>Su importancia ecol\u00f3gica y los servicios ecosist\u00e9micos que nos prestan<\/p>\n<p>Se agranda la familia en el Bioparque Municipal \u201cLa M\u00e1xima\u201d, Su rol ecol\u00f3gico es primordial en los ecosistemas \u00e1ridos y semi-\u00e1ridos: modifica el crecimiento de las plantas, reduciendo la materia seca propensa al fuego; disemina semillas junto con las heces, promoviendo el reciclaje de nutrientes y la colonizaci\u00f3n de suelos degradados; causa mucho menos da\u00f1o a los suelos que el ganado de pezu\u00f1a hendida; contribuye a la dieta de los animales carro\u00f1eros, post-mortem; y es la principal presa del mayor carn\u00edvoro nativo, el puma. Como servicio ecosist\u00e9mico, su valor recreativo-tur\u00edstico se destaca por su gran tama\u00f1o en ecosistemas abiertos, habituaci\u00f3n a la gente en reservas. Se ha utilizado con \u00e9xito como indicador, centinela y\/o bandera; as\u00ed como para justificar la creaci\u00f3n de \u00e1reas protegidas. En su ausencia, el puma cazar\u00eda m\u00e1s al ganado. Hist\u00f3ricamente, acompa\u00f1\u00f3 al desarrollo humano de la regi\u00f3n, siendo una de las principales fuentes de alimento, cueros y fibra; y condujo a la selecci\u00f3n artificial de la llama artificial de la llama.<\/p>\n<p><a href=\"https:\/\/experienciadevida.com.ar\/portalurbano\/se-agranda-la-familia-en-el-bioparque-municipal-la-maxima\/la-familia\/\" rel=\"attachment wp-att-161388\"><img decoding=\"async\" class=\"alignnone size-full wp-image-161388\" src=\"https:\/\/experienciadevida.com.ar\/portalurbano\/wp-content\/uploads\/2022\/02\/la-familia.jpg\" alt=\"la familia \" width=\"958\" height=\"638\" srcset=\"https:\/\/experienciadevida.com.ar\/portalurbano\/wp-content\/uploads\/2022\/02\/la-familia.jpg 958w, https:\/\/experienciadevida.com.ar\/portalurbano\/wp-content\/uploads\/2022\/02\/la-familia-300x200.jpg 300w, https:\/\/experienciadevida.com.ar\/portalurbano\/wp-content\/uploads\/2022\/02\/la-familia-768x511.jpg 768w\" sizes=\"(max-width: 958px) 100vw, 958px\" \/><\/a><\/p>\n","protected":false},"excerpt":{"rendered":"<p>Se agranda la familia en el Bioparque Municipal \u201cLa M\u00e1xima\u201d, nacieron guanacos en el Bioparque&#8230;<\/p>\n","protected":false},"author":1,"featured_media":161383,"comment_status":"closed","ping_status":"closed","sticky":false,"template":"","format":"standard","meta":{"content-type":""},"categories":[27],"tags":[],"nelio_content":{"isAutoShareEnabled":false,"autoShareEndMode":"default","automationSources":{"useContentSentences":true,"useSocialTemplates":true,"useCustomSentences":false,"customSentences":[]},"followers":[1],"suggestedReferences":[],"includedReferences":[],"efiUrl":"","efiAlt":"","highlights":[]},"yoast_head":"<!-- This site is optimized with the Yoast SEO plugin v20.7 - https:\/\/yoast.com\/wordpress\/plugins\/seo\/ -->\n<title>Se agranda la familia en el Bioparque Municipal la m\u00e1xima<\/title>\n<meta name=\"description\" content=\"Se agranda la familia en el Bioparque Municipal \u201cLa M\u00e1xima\u201d, nacieron guanacos en el Bioparque Municipal \u201cLa M\u00e1xima\u201d;\" \/>\n<meta name=\"robots\" content=\"index, follow, max-snippet:-1, max-image-preview:large, max-video-preview:-1\" \/>\n<link rel=\"canonical\" href=\"https:\/\/experienciadevida.com.ar\/portalurbano\/se-agranda-la-familia-en-el-bioparque-municipal-la-maxima\/\" \/>\n<meta property=\"og:locale\" content=\"es_ES\" \/>\n<meta property=\"og:type\" content=\"article\" \/>\n<meta property=\"og:title\" content=\"Se agranda la familia en el Bioparque Municipal la m\u00e1xima\" \/>\n<meta property=\"og:description\" content=\"Se agranda la familia en el Bioparque Municipal \u201cLa M\u00e1xima\u201d, nacieron guanacos en el Bioparque Municipal \u201cLa M\u00e1xima\u201d;\" \/>\n<meta property=\"og:url\" content=\"https:\/\/experienciadevida.com.ar\/portalurbano\/se-agranda-la-familia-en-el-bioparque-municipal-la-maxima\/\" \/>\n<meta property=\"article:publisher\" content=\"https:\/\/www.facebook.com\/Portal-Urbano-171542830093757\/\" \/>\n<meta property=\"article:published_time\" content=\"2022-02-09T12:56:50+00:00\" \/>\n<meta property=\"article:modified_time\" content=\"2022-02-09T13:13:28+00:00\" \/>\n<meta property=\"og:image\" content=\"https:\/\/experienciadevida.com.ar\/portalurbano\/wp-content\/uploads\/2022\/02\/Se-agranda-la-familia.jpeg\" \/>\n\t<meta property=\"og:image:width\" content=\"640\" \/>\n\t<meta property=\"og:image:height\" content=\"427\" \/>\n\t<meta property=\"og:image:type\" content=\"image\/jpeg\" \/>\n<meta name=\"author\" content=\"admpu17wp\" \/>\n<meta name=\"twitter:card\" content=\"summary_large_image\" \/>\n<meta name=\"twitter:creator\" content=\"@portalurbanook\" \/>\n<meta name=\"twitter:site\" content=\"@portalurbanook\" \/>\n<meta name=\"twitter:label1\" content=\"Escrito por\" \/>\n\t<meta name=\"twitter:data1\" content=\"admpu17wp\" \/>\n\t<meta name=\"twitter:label2\" content=\"Tiempo de lectura\" \/>\n\t<meta name=\"twitter:data2\" content=\"4 minutos\" \/>\n<script type=\"application\/ld+json\" class=\"yoast-schema-graph\">{\"@context\":\"https:\/\/schema.org\",\"@graph\":[{\"@type\":\"Article\",\"@id\":\"https:\/\/experienciadevida.com.ar\/portalurbano\/se-agranda-la-familia-en-el-bioparque-municipal-la-maxima\/#article\",\"isPartOf\":{\"@id\":\"https:\/\/experienciadevida.com.ar\/portalurbano\/se-agranda-la-familia-en-el-bioparque-municipal-la-maxima\/\"},\"author\":{\"name\":\"admpu17wp\",\"@id\":\"https:\/\/experienciadevida.com.ar\/portalurbano\/#\/schema\/person\/02dd326b1c4b056e9cc972486934a3a7\"},\"headline\":\"Se agranda la familia en el Bioparque Municipal \u201cLa M\u00e1xima\u201d\",\"datePublished\":\"2022-02-09T12:56:50+00:00\",\"dateModified\":\"2022-02-09T13:13:28+00:00\",\"mainEntityOfPage\":{\"@id\":\"https:\/\/experienciadevida.com.ar\/portalurbano\/se-agranda-la-familia-en-el-bioparque-municipal-la-maxima\/\"},\"wordCount\":898,\"publisher\":{\"@id\":\"https:\/\/experienciadevida.com.ar\/portalurbano\/#organization\"},\"articleSection\":[\"Ciudad\"],\"inLanguage\":\"es\"},{\"@type\":\"WebPage\",\"@id\":\"https:\/\/experienciadevida.com.ar\/portalurbano\/se-agranda-la-familia-en-el-bioparque-municipal-la-maxima\/\",\"url\":\"https:\/\/experienciadevida.com.ar\/portalurbano\/se-agranda-la-familia-en-el-bioparque-municipal-la-maxima\/\",\"name\":\"Se agranda la familia en el Bioparque Municipal la m\u00e1xima\",\"isPartOf\":{\"@id\":\"https:\/\/experienciadevida.com.ar\/portalurbano\/#website\"},\"datePublished\":\"2022-02-09T12:56:50+00:00\",\"dateModified\":\"2022-02-09T13:13:28+00:00\",\"description\":\"Se agranda la familia en el Bioparque Municipal \u201cLa M\u00e1xima\u201d, nacieron guanacos en el Bioparque Municipal \u201cLa M\u00e1xima\u201d;\",\"breadcrumb\":{\"@id\":\"https:\/\/experienciadevida.com.ar\/portalurbano\/se-agranda-la-familia-en-el-bioparque-municipal-la-maxima\/#breadcrumb\"},\"inLanguage\":\"es\",\"potentialAction\":[{\"@type\":\"ReadAction\",\"target\":[\"https:\/\/experienciadevida.com.ar\/portalurbano\/se-agranda-la-familia-en-el-bioparque-municipal-la-maxima\/\"]}]},{\"@type\":\"BreadcrumbList\",\"@id\":\"https:\/\/experienciadevida.com.ar\/portalurbano\/se-agranda-la-familia-en-el-bioparque-municipal-la-maxima\/#breadcrumb\",\"itemListElement\":[{\"@type\":\"ListItem\",\"position\":1,\"name\":\"Portada\",\"item\":\"https:\/\/experienciadevida.com.ar\/portalurbano\/\"},{\"@type\":\"ListItem\",\"position\":2,\"name\":\"Se agranda la familia en el Bioparque Municipal \u201cLa M\u00e1xima\u201d\"}]},{\"@type\":\"WebSite\",\"@id\":\"https:\/\/experienciadevida.com.ar\/portalurbano\/#website\",\"url\":\"https:\/\/experienciadevida.com.ar\/portalurbano\/\",\"name\":\"\",\"description\":\"\",\"publisher\":{\"@id\":\"https:\/\/experienciadevida.com.ar\/portalurbano\/#organization\"},\"potentialAction\":[{\"@type\":\"SearchAction\",\"target\":{\"@type\":\"EntryPoint\",\"urlTemplate\":\"https:\/\/experienciadevida.com.ar\/portalurbano\/?s={search_term_string}\"},\"query-input\":\"required name=search_term_string\"}],\"inLanguage\":\"es\"},{\"@type\":\"Organization\",\"@id\":\"https:\/\/experienciadevida.com.ar\/portalurbano\/#organization\",\"name\":\"Portal Urbano\",\"url\":\"https:\/\/experienciadevida.com.ar\/portalurbano\/\",\"logo\":{\"@type\":\"ImageObject\",\"inLanguage\":\"es\",\"@id\":\"https:\/\/experienciadevida.com.ar\/portalurbano\/#\/schema\/logo\/image\/\",\"url\":\"https:\/\/experienciadevida.com.ar\/portalurbano\/wp-content\/uploads\/2019\/09\/Logo-Original.png\",\"contentUrl\":\"https:\/\/experienciadevida.com.ar\/portalurbano\/wp-content\/uploads\/2019\/09\/Logo-Original.png\",\"width\":2236,\"height\":1216,\"caption\":\"Portal Urbano\"},\"image\":{\"@id\":\"https:\/\/experienciadevida.com.ar\/portalurbano\/#\/schema\/logo\/image\/\"},\"sameAs\":[\"https:\/\/www.facebook.com\/Portal-Urbano-171542830093757\/\",\"https:\/\/twitter.com\/portalurbanook\",\"https:\/\/www.instagram.com\/_portalurbano\/\",\"https:\/\/www.youtube.com\/channel\/UCXhagIfszH8KxFiOok79zbA?view_as=subscriber\"]},{\"@type\":\"Person\",\"@id\":\"https:\/\/experienciadevida.com.ar\/portalurbano\/#\/schema\/person\/02dd326b1c4b056e9cc972486934a3a7\",\"name\":\"admpu17wp\",\"image\":{\"@type\":\"ImageObject\",\"inLanguage\":\"es\",\"@id\":\"https:\/\/experienciadevida.com.ar\/portalurbano\/#\/schema\/person\/image\/\",\"url\":\"https:\/\/secure.gravatar.com\/avatar\/830d4c57adaae6630765e449a6908047?s=96&d=mm&r=g\",\"contentUrl\":\"https:\/\/secure.gravatar.com\/avatar\/830d4c57adaae6630765e449a6908047?s=96&d=mm&r=g\",\"caption\":\"admpu17wp\"}}]}<\/script>\n<!-- \/ Yoast SEO plugin. -->","yoast_head_json":{"title":"Se agranda la familia en el Bioparque Municipal la m\u00e1xima","description":"Se agranda la familia en el Bioparque Municipal \u201cLa M\u00e1xima\u201d, nacieron guanacos en el Bioparque Municipal \u201cLa M\u00e1xima\u201d;","robots":{"index":"index","follow":"follow","max-snippet":"max-snippet:-1","max-image-preview":"max-image-preview:large","max-video-preview":"max-video-preview:-1"},"canonical":"https:\/\/experienciadevida.com.ar\/portalurbano\/se-agranda-la-familia-en-el-bioparque-municipal-la-maxima\/","og_locale":"es_ES","og_type":"article","og_title":"Se agranda la familia en el Bioparque Municipal la m\u00e1xima","og_description":"Se agranda la familia en el Bioparque Municipal \u201cLa M\u00e1xima\u201d, nacieron guanacos en el Bioparque Municipal \u201cLa M\u00e1xima\u201d;","og_url":"https:\/\/experienciadevida.com.ar\/portalurbano\/se-agranda-la-familia-en-el-bioparque-municipal-la-maxima\/","article_publisher":"https:\/\/www.facebook.com\/Portal-Urbano-171542830093757\/","article_published_time":"2022-02-09T12:56:50+00:00","article_modified_time":"2022-02-09T13:13:28+00:00","og_image":[{"width":640,"height":427,"url":"https:\/\/experienciadevida.com.ar\/portalurbano\/wp-content\/uploads\/2022\/02\/Se-agranda-la-familia.jpeg","type":"image\/jpeg"}],"author":"admpu17wp","twitter_card":"summary_large_image","twitter_creator":"@portalurbanook","twitter_site":"@portalurbanook","twitter_misc":{"Escrito por":"admpu17wp","Tiempo de lectura":"4 minutos"},"schema":{"@context":"https:\/\/schema.org","@graph":[{"@type":"Article","@id":"https:\/\/experienciadevida.com.ar\/portalurbano\/se-agranda-la-familia-en-el-bioparque-municipal-la-maxima\/#article","isPartOf":{"@id":"https:\/\/experienciadevida.com.ar\/portalurbano\/se-agranda-la-familia-en-el-bioparque-municipal-la-maxima\/"},"author":{"name":"admpu17wp","@id":"https:\/\/experienciadevida.com.ar\/portalurbano\/#\/schema\/person\/02dd326b1c4b056e9cc972486934a3a7"},"headline":"Se agranda la familia en el Bioparque Municipal \u201cLa M\u00e1xima\u201d","datePublished":"2022-02-09T12:56:50+00:00","dateModified":"2022-02-09T13:13:28+00:00","mainEntityOfPage":{"@id":"https:\/\/experienciadevida.com.ar\/portalurbano\/se-agranda-la-familia-en-el-bioparque-municipal-la-maxima\/"},"wordCount":898,"publisher":{"@id":"https:\/\/experienciadevida.com.ar\/portalurbano\/#organization"},"articleSection":["Ciudad"],"inLanguage":"es"},{"@type":"WebPage","@id":"https:\/\/experienciadevida.com.ar\/portalurbano\/se-agranda-la-familia-en-el-bioparque-municipal-la-maxima\/","url":"https:\/\/experienciadevida.com.ar\/portalurbano\/se-agranda-la-familia-en-el-bioparque-municipal-la-maxima\/","name":"Se agranda la familia en el Bioparque Municipal la m\u00e1xima","isPartOf":{"@id":"https:\/\/experienciadevida.com.ar\/portalurbano\/#website"},"datePublished":"2022-02-09T12:56:50+00:00","dateModified":"2022-02-09T13:13:28+00:00","description":"Se agranda la familia en el Bioparque Municipal \u201cLa M\u00e1xima\u201d, nacieron guanacos en el Bioparque Municipal \u201cLa M\u00e1xima\u201d;","breadcrumb":{"@id":"https:\/\/experienciadevida.com.ar\/portalurbano\/se-agranda-la-familia-en-el-bioparque-municipal-la-maxima\/#breadcrumb"},"inLanguage":"es","potentialAction":[{"@type":"ReadAction","target":["https:\/\/experienciadevida.com.ar\/portalurbano\/se-agranda-la-familia-en-el-bioparque-municipal-la-maxima\/"]}]},{"@type":"BreadcrumbList","@id":"https:\/\/experienciadevida.com.ar\/portalurbano\/se-agranda-la-familia-en-el-bioparque-municipal-la-maxima\/#breadcrumb","itemListElement":[{"@type":"ListItem","position":1,"name":"Portada","item":"https:\/\/experienciadevida.com.ar\/portalurbano\/"},{"@type":"ListItem","position":2,"name":"Se agranda la familia en el Bioparque Municipal \u201cLa M\u00e1xima\u201d"}]},{"@type":"WebSite","@id":"https:\/\/experienciadevida.com.ar\/portalurbano\/#website","url":"https:\/\/experienciadevida.com.ar\/portalurbano\/","name":"","description":"","publisher":{"@id":"https:\/\/experienciadevida.com.ar\/portalurbano\/#organization"},"potentialAction":[{"@type":"SearchAction","target":{"@type":"EntryPoint","urlTemplate":"https:\/\/experienciadevida.com.ar\/portalurbano\/?s={search_term_string}"},"query-input":"required name=search_term_string"}],"inLanguage":"es"},{"@type":"Organization","@id":"https:\/\/experienciadevida.com.ar\/portalurbano\/#organization","name":"Portal Urbano","url":"https:\/\/experienciadevida.com.ar\/portalurbano\/","logo":{"@type":"ImageObject","inLanguage":"es","@id":"https:\/\/experienciadevida.com.ar\/portalurbano\/#\/schema\/logo\/image\/","url":"https:\/\/experienciadevida.com.ar\/portalurbano\/wp-content\/uploads\/2019\/09\/Logo-Original.png","contentUrl":"https:\/\/experienciadevida.com.ar\/portalurbano\/wp-content\/uploads\/2019\/09\/Logo-Original.png","width":2236,"height":1216,"caption":"Portal Urbano"},"image":{"@id":"https:\/\/experienciadevida.com.ar\/portalurbano\/#\/schema\/logo\/image\/"},"sameAs":["https:\/\/www.facebook.com\/Portal-Urbano-171542830093757\/","https:\/\/twitter.com\/portalurbanook","https:\/\/www.instagram.com\/_portalurbano\/","https:\/\/www.youtube.com\/channel\/UCXhagIfszH8KxFiOok79zbA?view_as=subscriber"]},{"@type":"Person","@id":"https:\/\/experienciadevida.com.ar\/portalurbano\/#\/schema\/person\/02dd326b1c4b056e9cc972486934a3a7","name":"admpu17wp","image":{"@type":"ImageObject","inLanguage":"es","@id":"https:\/\/experienciadevida.com.ar\/portalurbano\/#\/schema\/person\/image\/","url":"https:\/\/secure.gravatar.com\/avatar\/830d4c57adaae6630765e449a6908047?s=96&d=mm&r=g","contentUrl":"https:\/\/secure.gravatar.com\/avatar\/830d4c57adaae6630765e449a6908047?s=96&d=mm&r=g","caption":"admpu17wp"}}]}},"featured_image_urls":{"full":["https:\/\/experienciadevida.com.ar\/portalurbano\/wp-content\/uploads\/2022\/02\/Se-agranda-la-familia.jpeg",640,427,false],"thumbnail":["https:\/\/experienciadevida.com.ar\/portalurbano\/wp-content\/uploads\/2022\/02\/Se-agranda-la-familia-150x150.jpeg",150,150,true],"medium":["https:\/\/experienciadevida.com.ar\/portalurbano\/wp-content\/uploads\/2022\/02\/Se-agranda-la-familia-300x200.jpeg",300,200,true],"medium_large":["https:\/\/experienciadevida.com.ar\/portalurbano\/wp-content\/uploads\/2022\/02\/Se-agranda-la-familia.jpeg",640,427,false],"large":["https:\/\/experienciadevida.com.ar\/portalurbano\/wp-content\/uploads\/2022\/02\/Se-agranda-la-familia.jpeg",640,427,false],"ug_big":["https:\/\/experienciadevida.com.ar\/portalurbano\/wp-content\/uploads\/2022\/02\/Se-agranda-la-familia.jpeg",640,427,false],"1536x1536":["https:\/\/experienciadevida.com.ar\/portalurbano\/wp-content\/uploads\/2022\/02\/Se-agranda-la-familia.jpeg",640,427,false],"2048x2048":["https:\/\/experienciadevida.com.ar\/portalurbano\/wp-content\/uploads\/2022\/02\/Se-agranda-la-familia.jpeg",640,427,false],"newsever-slider-full":["https:\/\/experienciadevida.com.ar\/portalurbano\/wp-content\/uploads\/2022\/02\/Se-agranda-la-familia.jpeg",640,427,false],"newsever-featured":["https:\/\/experienciadevida.com.ar\/portalurbano\/wp-content\/uploads\/2022\/02\/Se-agranda-la-familia.jpeg",640,427,false],"newsever-medium":["https:\/\/experienciadevida.com.ar\/portalurbano\/wp-content\/uploads\/2022\/02\/Se-agranda-la-familia.jpeg",640,427,false],"web-stories-poster-portrait":["https:\/\/experienciadevida.com.ar\/portalurbano\/wp-content\/uploads\/2022\/02\/Se-agranda-la-familia.jpeg",640,427,false],"web-stories-publisher-logo":["https:\/\/experienciadevida.com.ar\/portalurbano\/wp-content\/uploads\/2022\/02\/Se-agranda-la-familia.jpeg",96,64,false],"web-stories-thumbnail":["https:\/\/experienciadevida.com.ar\/portalurbano\/wp-content\/uploads\/2022\/02\/Se-agranda-la-familia.jpeg",150,100,false]},"author_info":{"display_name":"admpu17wp","author_link":"https:\/\/experienciadevida.com.ar\/portalurbano\/author\/admpu17wp\/"},"category_info":"<a href=\"https:\/\/experienciadevida.com.ar\/portalurbano\/category\/ciudad\/\" rel=\"category tag\">Ciudad<\/a>","tag_info":"Ciudad","comment_count":"0","amp_enabled":true,"_links":{"self":[{"href":"https:\/\/experienciadevida.com.ar\/portalurbano\/wp-json\/wp\/v2\/posts\/161382"}],"collection":[{"href":"https:\/\/experienciadevida.com.ar\/portalurbano\/wp-json\/wp\/v2\/posts"}],"about":[{"href":"https:\/\/experienciadevida.com.ar\/portalurbano\/wp-json\/wp\/v2\/types\/post"}],"author":[{"embeddable":true,"href":"https:\/\/experienciadevida.com.ar\/portalurbano\/wp-json\/wp\/v2\/users\/1"}],"replies":[{"embeddable":true,"href":"https:\/\/experienciadevida.com.ar\/portalurbano\/wp-json\/wp\/v2\/comments?post=161382"}],"version-history":[{"count":4,"href":"https:\/\/experienciadevida.com.ar\/portalurbano\/wp-json\/wp\/v2\/posts\/161382\/revisions"}],"predecessor-version":[{"id":161389,"href":"https:\/\/experienciadevida.com.ar\/portalurbano\/wp-json\/wp\/v2\/posts\/161382\/revisions\/161389"}],"wp:featuredmedia":[{"embeddable":true,"href":"https:\/\/experienciadevida.com.ar\/portalurbano\/wp-json\/wp\/v2\/media\/161383"}],"wp:attachment":[{"href":"https:\/\/experienciadevida.com.ar\/portalurbano\/wp-json\/wp\/v2\/media?parent=161382"}],"wp:term":[{"taxonomy":"category","embeddable":true,"href":"https:\/\/experienciadevida.com.ar\/portalurbano\/wp-json\/wp\/v2\/categories?post=161382"},{"taxonomy":"post_tag","embeddable":true,"href":"https:\/\/experienciadevida.com.ar\/portalurbano\/wp-json\/wp\/v2\/tags?post=161382"}],"curies":[{"name":"wp","href":"https:\/\/api.w.org\/{rel}","templated":true}]}}