{"id":161358,"date":"2022-02-08T19:17:01","date_gmt":"2022-02-08T22:17:01","guid":{"rendered":"https:\/\/experienciadevida.com.ar\/portalurbano\/?p=161358"},"modified":"2022-02-08T19:28:11","modified_gmt":"2022-02-08T22:28:11","slug":"el-municipio-impidio-que-concejales-del-frente-de-todos-accedan-al-expediente-de-transporte-publico","status":"publish","type":"post","link":"https:\/\/experienciadevida.com.ar\/portalurbano\/el-municipio-impidio-que-concejales-del-frente-de-todos-accedan-al-expediente-de-transporte-publico\/","title":{"rendered":"El Municipio impidi\u00f3 que concejales del Frente de Todos accedan al expediente de transporte p\u00fablico"},"content":{"rendered":"<p>El Municipio impidi\u00f3 que concejales del Frente de Todos accedan al expediente de transporte p\u00fablico.<\/p>\n<p>Durante la ma\u00f1ana de este martes, concejales del Frente de Todos se acercaron el Palacio Municipal para examinar el expediente del transporte p\u00fablico interurbano de pasajeros pero funcionarios del \u00e1rea les negaron el acceso.<\/p>\n<p>Maximiliano <a href=\"https:\/\/www.facebook.com\/profile.php?id=100042370038174\">Wesner<\/a> y Ubaldo Garc\u00eda, Contadores y Concejales del Frente de Todos, fueron quienes se acercaron a solicitar el expediente del Transporte p\u00fablico y un funcionario del Ejecutivo les inform\u00f3 que no estaba a disposici\u00f3n, en ese sentido los ediles informaron: \u201cEs nuestro deber como concejales tener acceso a los expedientes y poder analizarlos las veces que hagan falta. M\u00e1s trat\u00e1ndose de un tema tan delicado como la concesi\u00f3n del transporte p\u00fablico de pasajeros de ac\u00e1 a 12 a\u00f1os\u201d.<\/p>\n<p>\u201cHay varios puntos que nos llaman la atenci\u00f3n, \u00bfPor qu\u00e9 cuando se abrieron los sobres no dieron a conocer los montos ofertados y las condiciones? eso deber\u00eda ser informaci\u00f3n p\u00fablica, alertados por ese dato cuando queremos acceder al expediente tampoco nos dejan. No queremos que intereses ajenos afecten la concesi\u00f3n, debemos brindarles a vecinos y vecinas el mejor servicio, con la mejor frecuencia y al mejor precio; y no que prime un monopolio con menor calidad\u201d, agregaron los concejales.<\/p>\n<p>Cabe destacar que durante la apertura de sobres que se realiz\u00f3 el pasado 19 de enero, se conoci\u00f3 que son tres las empresas que se presentaron a la licitaci\u00f3n: Las Sierras de Olavarr\u00eda SRL, Ola Bus SRL y Botacura SRL., quienes cumplen con los requerimientos explicitados en la ordenanza municipal y ahora el Ejecutivo deber\u00e1 analizar exhaustivamente las ofertas para luego elegir una de ellas y realizar la firma del contrato.<\/p>\n","protected":false},"excerpt":{"rendered":"<p>El Municipio impidi\u00f3 que concejales del Frente de Todos accedan al expediente de transporte p\u00fablico&#8230;.<\/p>\n","protected":false},"author":1,"featured_media":161359,"comment_status":"closed","ping_status":"closed","sticky":false,"template":"","format":"standard","meta":{"content-type":""},"categories":[27,64],"tags":[],"nelio_content":{"isAutoShareEnabled":false,"autoShareEndMode":"default","automationSources":{"useContentSentences":true,"useSocialTemplates":true,"useCustomSentences":false,"customSentences":[]},"followers":[1],"suggestedReferences":[],"includedReferences":[],"efiUrl":"","efiAlt":"","highlights":[]},"yoast_head":"<!-- This site is optimized with the Yoast SEO plugin v20.7 - https:\/\/yoast.com\/wordpress\/plugins\/seo\/ -->\n<title>El Municipio impidi\u00f3 que concejales del Frente de todos accedan<\/title>\n<meta name=\"description\" content=\"El Municipio impidi\u00f3 que concejales del Frente de Todos accedan al expediente de transporte p\u00fablico, as\u00ed lo dijeron esta ma\u00f1ana\" \/>\n<meta name=\"robots\" content=\"index, follow, max-snippet:-1, max-image-preview:large, max-video-preview:-1\" \/>\n<link rel=\"canonical\" href=\"https:\/\/experienciadevida.com.ar\/portalurbano\/el-municipio-impidio-que-concejales-del-frente-de-todos-accedan-al-expediente-de-transporte-publico\/\" \/>\n<meta property=\"og:locale\" content=\"es_ES\" \/>\n<meta property=\"og:type\" content=\"article\" \/>\n<meta property=\"og:title\" content=\"El Municipio impidi\u00f3 que concejales del Frente de todos accedan\" \/>\n<meta property=\"og:description\" content=\"El Municipio impidi\u00f3 que concejales del Frente de Todos accedan al expediente de transporte p\u00fablico, as\u00ed lo dijeron esta ma\u00f1ana\" \/>\n<meta property=\"og:url\" content=\"https:\/\/experienciadevida.com.ar\/portalurbano\/el-municipio-impidio-que-concejales-del-frente-de-todos-accedan-al-expediente-de-transporte-publico\/\" \/>\n<meta property=\"article:publisher\" content=\"https:\/\/www.facebook.com\/Portal-Urbano-171542830093757\/\" \/>\n<meta property=\"article:published_time\" content=\"2022-02-08T22:17:01+00:00\" \/>\n<meta property=\"article:modified_time\" content=\"2022-02-08T22:28:11+00:00\" \/>\n<meta property=\"og:image\" content=\"https:\/\/experienciadevida.com.ar\/portalurbano\/wp-content\/uploads\/2022\/02\/El-Municipio-impidio-que.jpg\" \/>\n\t<meta property=\"og:image:width\" content=\"1060\" \/>\n\t<meta property=\"og:image:height\" content=\"706\" \/>\n\t<meta property=\"og:image:type\" content=\"image\/jpeg\" \/>\n<meta name=\"author\" content=\"admpu17wp\" \/>\n<meta name=\"twitter:card\" content=\"summary_large_image\" \/>\n<meta name=\"twitter:creator\" content=\"@portalurbanook\" \/>\n<meta name=\"twitter:site\" content=\"@portalurbanook\" \/>\n<meta name=\"twitter:label1\" content=\"Escrito por\" \/>\n\t<meta name=\"twitter:data1\" content=\"admpu17wp\" \/>\n\t<meta name=\"twitter:label2\" content=\"Tiempo de lectura\" \/>\n\t<meta name=\"twitter:data2\" content=\"2 minutos\" \/>\n<script type=\"application\/ld+json\" class=\"yoast-schema-graph\">{\"@context\":\"https:\/\/schema.org\",\"@graph\":[{\"@type\":\"Article\",\"@id\":\"https:\/\/experienciadevida.com.ar\/portalurbano\/el-municipio-impidio-que-concejales-del-frente-de-todos-accedan-al-expediente-de-transporte-publico\/#article\",\"isPartOf\":{\"@id\":\"https:\/\/experienciadevida.com.ar\/portalurbano\/el-municipio-impidio-que-concejales-del-frente-de-todos-accedan-al-expediente-de-transporte-publico\/\"},\"author\":{\"name\":\"admpu17wp\",\"@id\":\"https:\/\/experienciadevida.com.ar\/portalurbano\/#\/schema\/person\/02dd326b1c4b056e9cc972486934a3a7\"},\"headline\":\"El Municipio impidi\u00f3 que concejales del Frente de Todos accedan al expediente de transporte p\u00fablico\",\"datePublished\":\"2022-02-08T22:17:01+00:00\",\"dateModified\":\"2022-02-08T22:28:11+00:00\",\"mainEntityOfPage\":{\"@id\":\"https:\/\/experienciadevida.com.ar\/portalurbano\/el-municipio-impidio-que-concejales-del-frente-de-todos-accedan-al-expediente-de-transporte-publico\/\"},\"wordCount\":310,\"publisher\":{\"@id\":\"https:\/\/experienciadevida.com.ar\/portalurbano\/#organization\"},\"articleSection\":[\"Ciudad\",\"Destacadas 2\"],\"inLanguage\":\"es\"},{\"@type\":\"WebPage\",\"@id\":\"https:\/\/experienciadevida.com.ar\/portalurbano\/el-municipio-impidio-que-concejales-del-frente-de-todos-accedan-al-expediente-de-transporte-publico\/\",\"url\":\"https:\/\/experienciadevida.com.ar\/portalurbano\/el-municipio-impidio-que-concejales-del-frente-de-todos-accedan-al-expediente-de-transporte-publico\/\",\"name\":\"El Municipio impidi\u00f3 que concejales del Frente de todos accedan\",\"isPartOf\":{\"@id\":\"https:\/\/experienciadevida.com.ar\/portalurbano\/#website\"},\"datePublished\":\"2022-02-08T22:17:01+00:00\",\"dateModified\":\"2022-02-08T22:28:11+00:00\",\"description\":\"El Municipio impidi\u00f3 que concejales del Frente de Todos accedan al expediente de transporte p\u00fablico, as\u00ed lo dijeron esta ma\u00f1ana\",\"breadcrumb\":{\"@id\":\"https:\/\/experienciadevida.com.ar\/portalurbano\/el-municipio-impidio-que-concejales-del-frente-de-todos-accedan-al-expediente-de-transporte-publico\/#breadcrumb\"},\"inLanguage\":\"es\",\"potentialAction\":[{\"@type\":\"ReadAction\",\"target\":[\"https:\/\/experienciadevida.com.ar\/portalurbano\/el-municipio-impidio-que-concejales-del-frente-de-todos-accedan-al-expediente-de-transporte-publico\/\"]}]},{\"@type\":\"BreadcrumbList\",\"@id\":\"https:\/\/experienciadevida.com.ar\/portalurbano\/el-municipio-impidio-que-concejales-del-frente-de-todos-accedan-al-expediente-de-transporte-publico\/#breadcrumb\",\"itemListElement\":[{\"@type\":\"ListItem\",\"position\":1,\"name\":\"Portada\",\"item\":\"https:\/\/experienciadevida.com.ar\/portalurbano\/\"},{\"@type\":\"ListItem\",\"position\":2,\"name\":\"El Municipio impidi\u00f3 que concejales del Frente de Todos accedan al expediente de transporte p\u00fablico\"}]},{\"@type\":\"WebSite\",\"@id\":\"https:\/\/experienciadevida.com.ar\/portalurbano\/#website\",\"url\":\"https:\/\/experienciadevida.com.ar\/portalurbano\/\",\"name\":\"\",\"description\":\"\",\"publisher\":{\"@id\":\"https:\/\/experienciadevida.com.ar\/portalurbano\/#organization\"},\"potentialAction\":[{\"@type\":\"SearchAction\",\"target\":{\"@type\":\"EntryPoint\",\"urlTemplate\":\"https:\/\/experienciadevida.com.ar\/portalurbano\/?s={search_term_string}\"},\"query-input\":\"required name=search_term_string\"}],\"inLanguage\":\"es\"},{\"@type\":\"Organization\",\"@id\":\"https:\/\/experienciadevida.com.ar\/portalurbano\/#organization\",\"name\":\"Portal Urbano\",\"url\":\"https:\/\/experienciadevida.com.ar\/portalurbano\/\",\"logo\":{\"@type\":\"ImageObject\",\"inLanguage\":\"es\",\"@id\":\"https:\/\/experienciadevida.com.ar\/portalurbano\/#\/schema\/logo\/image\/\",\"url\":\"https:\/\/experienciadevida.com.ar\/portalurbano\/wp-content\/uploads\/2019\/09\/Logo-Original.png\",\"contentUrl\":\"https:\/\/experienciadevida.com.ar\/portalurbano\/wp-content\/uploads\/2019\/09\/Logo-Original.png\",\"width\":2236,\"height\":1216,\"caption\":\"Portal Urbano\"},\"image\":{\"@id\":\"https:\/\/experienciadevida.com.ar\/portalurbano\/#\/schema\/logo\/image\/\"},\"sameAs\":[\"https:\/\/www.facebook.com\/Portal-Urbano-171542830093757\/\",\"https:\/\/twitter.com\/portalurbanook\",\"https:\/\/www.instagram.com\/_portalurbano\/\",\"https:\/\/www.youtube.com\/channel\/UCXhagIfszH8KxFiOok79zbA?view_as=subscriber\"]},{\"@type\":\"Person\",\"@id\":\"https:\/\/experienciadevida.com.ar\/portalurbano\/#\/schema\/person\/02dd326b1c4b056e9cc972486934a3a7\",\"name\":\"admpu17wp\",\"image\":{\"@type\":\"ImageObject\",\"inLanguage\":\"es\",\"@id\":\"https:\/\/experienciadevida.com.ar\/portalurbano\/#\/schema\/person\/image\/\",\"url\":\"https:\/\/secure.gravatar.com\/avatar\/830d4c57adaae6630765e449a6908047?s=96&d=mm&r=g\",\"contentUrl\":\"https:\/\/secure.gravatar.com\/avatar\/830d4c57adaae6630765e449a6908047?s=96&d=mm&r=g\",\"caption\":\"admpu17wp\"}}]}<\/script>\n<!-- \/ Yoast SEO plugin. -->","yoast_head_json":{"title":"El Municipio impidi\u00f3 que concejales del Frente de todos accedan","description":"El Municipio impidi\u00f3 que concejales del Frente de Todos accedan al expediente de transporte p\u00fablico, as\u00ed lo dijeron esta ma\u00f1ana","robots":{"index":"index","follow":"follow","max-snippet":"max-snippet:-1","max-image-preview":"max-image-preview:large","max-video-preview":"max-video-preview:-1"},"canonical":"https:\/\/experienciadevida.com.ar\/portalurbano\/el-municipio-impidio-que-concejales-del-frente-de-todos-accedan-al-expediente-de-transporte-publico\/","og_locale":"es_ES","og_type":"article","og_title":"El Municipio impidi\u00f3 que concejales del Frente de todos accedan","og_description":"El Municipio impidi\u00f3 que concejales del Frente de Todos accedan al expediente de transporte p\u00fablico, as\u00ed lo dijeron esta ma\u00f1ana","og_url":"https:\/\/experienciadevida.com.ar\/portalurbano\/el-municipio-impidio-que-concejales-del-frente-de-todos-accedan-al-expediente-de-transporte-publico\/","article_publisher":"https:\/\/www.facebook.com\/Portal-Urbano-171542830093757\/","article_published_time":"2022-02-08T22:17:01+00:00","article_modified_time":"2022-02-08T22:28:11+00:00","og_image":[{"width":1060,"height":706,"url":"https:\/\/experienciadevida.com.ar\/portalurbano\/wp-content\/uploads\/2022\/02\/El-Municipio-impidio-que.jpg","type":"image\/jpeg"}],"author":"admpu17wp","twitter_card":"summary_large_image","twitter_creator":"@portalurbanook","twitter_site":"@portalurbanook","twitter_misc":{"Escrito por":"admpu17wp","Tiempo de lectura":"2 minutos"},"schema":{"@context":"https:\/\/schema.org","@graph":[{"@type":"Article","@id":"https:\/\/experienciadevida.com.ar\/portalurbano\/el-municipio-impidio-que-concejales-del-frente-de-todos-accedan-al-expediente-de-transporte-publico\/#article","isPartOf":{"@id":"https:\/\/experienciadevida.com.ar\/portalurbano\/el-municipio-impidio-que-concejales-del-frente-de-todos-accedan-al-expediente-de-transporte-publico\/"},"author":{"name":"admpu17wp","@id":"https:\/\/experienciadevida.com.ar\/portalurbano\/#\/schema\/person\/02dd326b1c4b056e9cc972486934a3a7"},"headline":"El Municipio impidi\u00f3 que concejales del Frente de Todos accedan al expediente de transporte p\u00fablico","datePublished":"2022-02-08T22:17:01+00:00","dateModified":"2022-02-08T22:28:11+00:00","mainEntityOfPage":{"@id":"https:\/\/experienciadevida.com.ar\/portalurbano\/el-municipio-impidio-que-concejales-del-frente-de-todos-accedan-al-expediente-de-transporte-publico\/"},"wordCount":310,"publisher":{"@id":"https:\/\/experienciadevida.com.ar\/portalurbano\/#organization"},"articleSection":["Ciudad","Destacadas 2"],"inLanguage":"es"},{"@type":"WebPage","@id":"https:\/\/experienciadevida.com.ar\/portalurbano\/el-municipio-impidio-que-concejales-del-frente-de-todos-accedan-al-expediente-de-transporte-publico\/","url":"https:\/\/experienciadevida.com.ar\/portalurbano\/el-municipio-impidio-que-concejales-del-frente-de-todos-accedan-al-expediente-de-transporte-publico\/","name":"El Municipio impidi\u00f3 que concejales del Frente de todos accedan","isPartOf":{"@id":"https:\/\/experienciadevida.com.ar\/portalurbano\/#website"},"datePublished":"2022-02-08T22:17:01+00:00","dateModified":"2022-02-08T22:28:11+00:00","description":"El Municipio impidi\u00f3 que concejales del Frente de Todos accedan al expediente de transporte p\u00fablico, as\u00ed lo dijeron esta ma\u00f1ana","breadcrumb":{"@id":"https:\/\/experienciadevida.com.ar\/portalurbano\/el-municipio-impidio-que-concejales-del-frente-de-todos-accedan-al-expediente-de-transporte-publico\/#breadcrumb"},"inLanguage":"es","potentialAction":[{"@type":"ReadAction","target":["https:\/\/experienciadevida.com.ar\/portalurbano\/el-municipio-impidio-que-concejales-del-frente-de-todos-accedan-al-expediente-de-transporte-publico\/"]}]},{"@type":"BreadcrumbList","@id":"https:\/\/experienciadevida.com.ar\/portalurbano\/el-municipio-impidio-que-concejales-del-frente-de-todos-accedan-al-expediente-de-transporte-publico\/#breadcrumb","itemListElement":[{"@type":"ListItem","position":1,"name":"Portada","item":"https:\/\/experienciadevida.com.ar\/portalurbano\/"},{"@type":"ListItem","position":2,"name":"El Municipio impidi\u00f3 que concejales del Frente de Todos accedan al expediente de transporte p\u00fablico"}]},{"@type":"WebSite","@id":"https:\/\/experienciadevida.com.ar\/portalurbano\/#website","url":"https:\/\/experienciadevida.com.ar\/portalurbano\/","name":"","description":"","publisher":{"@id":"https:\/\/experienciadevida.com.ar\/portalurbano\/#organization"},"potentialAction":[{"@type":"SearchAction","target":{"@type":"EntryPoint","urlTemplate":"https:\/\/experienciadevida.com.ar\/portalurbano\/?s={search_term_string}"},"query-input":"required name=search_term_string"}],"inLanguage":"es"},{"@type":"Organization","@id":"https:\/\/experienciadevida.com.ar\/portalurbano\/#organization","name":"Portal Urbano","url":"https:\/\/experienciadevida.com.ar\/portalurbano\/","logo":{"@type":"ImageObject","inLanguage":"es","@id":"https:\/\/experienciadevida.com.ar\/portalurbano\/#\/schema\/logo\/image\/","url":"https:\/\/experienciadevida.com.ar\/portalurbano\/wp-content\/uploads\/2019\/09\/Logo-Original.png","contentUrl":"https:\/\/experienciadevida.com.ar\/portalurbano\/wp-content\/uploads\/2019\/09\/Logo-Original.png","width":2236,"height":1216,"caption":"Portal Urbano"},"image":{"@id":"https:\/\/experienciadevida.com.ar\/portalurbano\/#\/schema\/logo\/image\/"},"sameAs":["https:\/\/www.facebook.com\/Portal-Urbano-171542830093757\/","https:\/\/twitter.com\/portalurbanook","https:\/\/www.instagram.com\/_portalurbano\/","https:\/\/www.youtube.com\/channel\/UCXhagIfszH8KxFiOok79zbA?view_as=subscriber"]},{"@type":"Person","@id":"https:\/\/experienciadevida.com.ar\/portalurbano\/#\/schema\/person\/02dd326b1c4b056e9cc972486934a3a7","name":"admpu17wp","image":{"@type":"ImageObject","inLanguage":"es","@id":"https:\/\/experienciadevida.com.ar\/portalurbano\/#\/schema\/person\/image\/","url":"https:\/\/secure.gravatar.com\/avatar\/830d4c57adaae6630765e449a6908047?s=96&d=mm&r=g","contentUrl":"https:\/\/secure.gravatar.com\/avatar\/830d4c57adaae6630765e449a6908047?s=96&d=mm&r=g","caption":"admpu17wp"}}]}},"featured_image_urls":{"full":["https:\/\/experienciadevida.com.ar\/portalurbano\/wp-content\/uploads\/2022\/02\/El-Municipio-impidio-que.jpg",1060,706,false],"thumbnail":["https:\/\/experienciadevida.com.ar\/portalurbano\/wp-content\/uploads\/2022\/02\/El-Municipio-impidio-que-150x150.jpg",150,150,true],"medium":["https:\/\/experienciadevida.com.ar\/portalurbano\/wp-content\/uploads\/2022\/02\/El-Municipio-impidio-que-300x200.jpg",300,200,true],"medium_large":["https:\/\/experienciadevida.com.ar\/portalurbano\/wp-content\/uploads\/2022\/02\/El-Municipio-impidio-que-768x512.jpg",640,427,true],"large":["https:\/\/experienciadevida.com.ar\/portalurbano\/wp-content\/uploads\/2022\/02\/El-Municipio-impidio-que-1024x682.jpg",640,426,true],"ug_big":["https:\/\/experienciadevida.com.ar\/portalurbano\/wp-content\/uploads\/2022\/02\/El-Municipio-impidio-que-768x512.jpg",768,512,true],"1536x1536":["https:\/\/experienciadevida.com.ar\/portalurbano\/wp-content\/uploads\/2022\/02\/El-Municipio-impidio-que.jpg",1060,706,false],"2048x2048":["https:\/\/experienciadevida.com.ar\/portalurbano\/wp-content\/uploads\/2022\/02\/El-Municipio-impidio-que.jpg",1060,706,false],"newsever-slider-full":["https:\/\/experienciadevida.com.ar\/portalurbano\/wp-content\/uploads\/2022\/02\/El-Municipio-impidio-que.jpg",1060,706,false],"newsever-featured":["https:\/\/experienciadevida.com.ar\/portalurbano\/wp-content\/uploads\/2022\/02\/El-Municipio-impidio-que.jpg",1024,682,false],"newsever-medium":["https:\/\/experienciadevida.com.ar\/portalurbano\/wp-content\/uploads\/2022\/02\/El-Municipio-impidio-que.jpg",713,475,false],"web-stories-poster-portrait":["https:\/\/experienciadevida.com.ar\/portalurbano\/wp-content\/uploads\/2022\/02\/El-Municipio-impidio-que.jpg",640,426,false],"web-stories-publisher-logo":["https:\/\/experienciadevida.com.ar\/portalurbano\/wp-content\/uploads\/2022\/02\/El-Municipio-impidio-que.jpg",96,64,false],"web-stories-thumbnail":["https:\/\/experienciadevida.com.ar\/portalurbano\/wp-content\/uploads\/2022\/02\/El-Municipio-impidio-que.jpg",150,100,false]},"author_info":{"display_name":"admpu17wp","author_link":"https:\/\/experienciadevida.com.ar\/portalurbano\/author\/admpu17wp\/"},"category_info":"<a href=\"https:\/\/experienciadevida.com.ar\/portalurbano\/category\/ciudad\/\" rel=\"category tag\">Ciudad<\/a> <a href=\"https:\/\/experienciadevida.com.ar\/portalurbano\/category\/destacadas-2\/\" rel=\"category tag\">Destacadas 2<\/a>","tag_info":"Destacadas 2","comment_count":"0","amp_enabled":true,"_links":{"self":[{"href":"https:\/\/experienciadevida.com.ar\/portalurbano\/wp-json\/wp\/v2\/posts\/161358"}],"collection":[{"href":"https:\/\/experienciadevida.com.ar\/portalurbano\/wp-json\/wp\/v2\/posts"}],"about":[{"href":"https:\/\/experienciadevida.com.ar\/portalurbano\/wp-json\/wp\/v2\/types\/post"}],"author":[{"embeddable":true,"href":"https:\/\/experienciadevida.com.ar\/portalurbano\/wp-json\/wp\/v2\/users\/1"}],"replies":[{"embeddable":true,"href":"https:\/\/experienciadevida.com.ar\/portalurbano\/wp-json\/wp\/v2\/comments?post=161358"}],"version-history":[{"count":3,"href":"https:\/\/experienciadevida.com.ar\/portalurbano\/wp-json\/wp\/v2\/posts\/161358\/revisions"}],"predecessor-version":[{"id":161362,"href":"https:\/\/experienciadevida.com.ar\/portalurbano\/wp-json\/wp\/v2\/posts\/161358\/revisions\/161362"}],"wp:featuredmedia":[{"embeddable":true,"href":"https:\/\/experienciadevida.com.ar\/portalurbano\/wp-json\/wp\/v2\/media\/161359"}],"wp:attachment":[{"href":"https:\/\/experienciadevida.com.ar\/portalurbano\/wp-json\/wp\/v2\/media?parent=161358"}],"wp:term":[{"taxonomy":"category","embeddable":true,"href":"https:\/\/experienciadevida.com.ar\/portalurbano\/wp-json\/wp\/v2\/categories?post=161358"},{"taxonomy":"post_tag","embeddable":true,"href":"https:\/\/experienciadevida.com.ar\/portalurbano\/wp-json\/wp\/v2\/tags?post=161358"}],"curies":[{"name":"wp","href":"https:\/\/api.w.org\/{rel}","templated":true}]}}