{"id":161282,"date":"2022-02-07T14:18:08","date_gmt":"2022-02-07T17:18:08","guid":{"rendered":"https:\/\/experienciadevida.com.ar\/portalurbano\/?p=161282"},"modified":"2022-02-07T14:18:38","modified_gmt":"2022-02-07T17:18:38","slug":"reabrio-la-inscripcion-para-las-carreras-que-ofrece-la-facultad-de-ciencias-sociales","status":"publish","type":"post","link":"https:\/\/experienciadevida.com.ar\/portalurbano\/reabrio-la-inscripcion-para-las-carreras-que-ofrece-la-facultad-de-ciencias-sociales\/","title":{"rendered":"Reabri\u00f3 la inscripci\u00f3n para las carreras que ofrece la Facultad de Ciencias Sociales"},"content":{"rendered":"<p>Reabri\u00f3 la inscripci\u00f3n para las carreras que ofrece la <a href=\"https:\/\/www.facebook.com\/facultadcienciassociales.unicen\">Facultad de Ciencias Sociales<\/a>, hasta el 21 de febrero estar\u00e1 abierta el periodo de inscripci\u00f3n para las seis ofertas de grado de la Facultad de Ciencias Sociales de la UNICEN, que se dictar\u00e1n de manera presencial a lo largo de este a\u00f1o. El Curso de Introducci\u00f3n a la Vida Universitaria se llevar\u00e1 adelante del 21 de febrero al 18 de marzo.<\/p>\n<p>Hasta el lunes 21 de febrero estar\u00e1 abierto el per\u00edodo de inscripci\u00f3n a las seis carreras de grado que se ofrecen en la Facultad de Ciencias Sociales: Licenciatura en Comunicaci\u00f3n Social; Licenciatura en Antropolog\u00eda orientaci\u00f3n Social; Licenciatura en Antropolog\u00eda orientaci\u00f3n Arqueolog\u00eda; Periodismo y Profesorados en Comunicaci\u00f3n Social y Antropolog\u00eda, correspondiente al ciclo acad\u00e9mico 2022.<\/p>\n<p>Los\/as interesados\/as en inscribirse deber\u00e1n completar el formulario de preinscripci\u00f3n disponible en la web de Sociales, y posteriormente para completar el tr\u00e1mite se deber\u00e1 acercar la documentaci\u00f3n a la oficina de Alumnos de la Facultad.<\/p>\n<p>Estas carreras son elegidas a\u00f1o a a\u00f1o por j\u00f3venes de Olavarr\u00eda, de ciudades de la provincia de Buenos Aires y provincias lim\u00edtrofes para cursar sus estudios universitarios. La unidad acad\u00e9mica es una instituci\u00f3n de referencia permanente para Olavarr\u00eda y la regi\u00f3n en el \u00e1mbito de la ciencia y la investigaci\u00f3n, con articulaci\u00f3n permanente con organismos nacionales e internacionales de investigaci\u00f3n. Desde sus comienzos la Facultad de Ciencias Sociales siempre ha puesto \u00e9nfasis en la construcci\u00f3n cr\u00edtica del conocimiento y el compromiso social.<\/p>\n<p>Pasos para realizar la inscripci\u00f3n<\/p>\n<p>Los pasos para realizar la inscripci\u00f3n a las carreras de grado son los siguientes:<\/p>\n<p>Paso 1: ingresar en la web de la Facultad de Ciencias Sociales a la opci\u00f3n Inscripci\u00f3n 2022 y completar el formulario de pre-inscripci\u00f3n. Una vez completo descargar el comprobante en archivo PDF (las cuatro planillas que genera el sistema) e imprimirlo.<\/p>\n<p>Paso 2: Reunir la siguiente documentaci\u00f3n (en papel):<\/p>\n<p>&#8211; T\u00edtulo secundario (fotocopia autenticada) o constancia de t\u00edtulo en tr\u00e1mite<\/p>\n<p>&#8211; Fotocopia de DNI (anverso y reverso)<\/p>\n<p>&#8211; Foto carnet 4&#215;4<\/p>\n<p>&#8211; Partida de nacimiento<\/p>\n<p>&#8211; Ficha de salud completa disponible aqu\u00ed<\/p>\n<p>&#8211; En caso de adeudar materias del secundario, los\/as interesados podr\u00e1n inscribirse presentando certificado de alumno regular (con detalle de materias adeudadas)<\/p>\n<p>Paso 3: El comprobante de la pre-inscripci\u00f3n (impreso) m\u00e1s toda la documentaci\u00f3n (en papel) deber\u00e1 ser presentada de manera presencial en la ventanilla del Departamento de Alumnos hasta el 21 de febrero inclusive (de lunes a viernes, d\u00edas h\u00e1biles) en el horario de 10 a 17. Avenida Del Valle 5737, Complejo Universitario Olavarr\u00eda.<\/p>\n<p>CIVU<\/p>\n<p>El Curso de Introducci\u00f3n a la Vida Universitaria (CIVU) es de car\u00e1cter obligatorio y se dictar\u00e1 del 21 de febrero al 18 de marzo de 2022, ser\u00e1 en formato h\u00edbrido (encuentros en sede, por videollamadas y actividades asincr\u00f3nicas). La inscripci\u00f3n se realizar\u00e1 a trav\u00e9s del formulario disponible aqu\u00ed.<br \/>\nConsultas<\/p>\n<p>A partir del 7 de febrero, los interesados\/as podr\u00e1n comunicarse al mail inscripcioncarrerafacso@gmail.com, por tel\u00e9fono a la oficina de Alumnos (02284- 450115) int. 8041, en el horario de 10 a 17.<\/p>\n<p>Las consultas para obtener m\u00e1s informaci\u00f3n sobre las carreras deber\u00e1n realizarse por mail a futuros.estudiantes@soc.unicen.edu.ar o al celular 02284-15500331, a partir del 7 de febrero de 2022.<\/p>\n<p>&nbsp;<\/p>\n","protected":false},"excerpt":{"rendered":"<p>Reabri\u00f3 la inscripci\u00f3n para las carreras que ofrece la Facultad de Ciencias Sociales, hasta el&#8230;<\/p>\n","protected":false},"author":1,"featured_media":161283,"comment_status":"closed","ping_status":"closed","sticky":false,"template":"","format":"standard","meta":{"content-type":""},"categories":[31],"tags":[],"nelio_content":{"isAutoShareEnabled":false,"autoShareEndMode":"default","automationSources":{"useContentSentences":true,"useSocialTemplates":true,"useCustomSentences":false,"customSentences":[]},"followers":[1],"suggestedReferences":[],"includedReferences":[],"efiUrl":"","efiAlt":"","highlights":[]},"yoast_head":"<!-- This site is optimized with the Yoast SEO plugin v20.7 - https:\/\/yoast.com\/wordpress\/plugins\/seo\/ -->\n<title>Reabri\u00f3 la inscripci\u00f3n para las carreras que ofrece la Facultad<\/title>\n<meta name=\"description\" content=\"Reabri\u00f3 la inscripci\u00f3n para las carreras que ofrece la Facultad de Ciencias Sociales, hasta el 21 de febrero estar\u00e1 abierta el periodo\" \/>\n<meta name=\"robots\" content=\"index, follow, max-snippet:-1, max-image-preview:large, max-video-preview:-1\" \/>\n<link rel=\"canonical\" href=\"https:\/\/experienciadevida.com.ar\/portalurbano\/reabrio-la-inscripcion-para-las-carreras-que-ofrece-la-facultad-de-ciencias-sociales\/\" \/>\n<meta property=\"og:locale\" content=\"es_ES\" \/>\n<meta property=\"og:type\" content=\"article\" \/>\n<meta property=\"og:title\" content=\"Reabri\u00f3 la inscripci\u00f3n para las carreras que ofrece la Facultad\" \/>\n<meta property=\"og:description\" content=\"Reabri\u00f3 la inscripci\u00f3n para las carreras que ofrece la Facultad de Ciencias Sociales, hasta el 21 de febrero estar\u00e1 abierta el periodo\" \/>\n<meta property=\"og:url\" content=\"https:\/\/experienciadevida.com.ar\/portalurbano\/reabrio-la-inscripcion-para-las-carreras-que-ofrece-la-facultad-de-ciencias-sociales\/\" \/>\n<meta property=\"article:publisher\" content=\"https:\/\/www.facebook.com\/Portal-Urbano-171542830093757\/\" \/>\n<meta property=\"article:published_time\" content=\"2022-02-07T17:18:08+00:00\" \/>\n<meta property=\"article:modified_time\" content=\"2022-02-07T17:18:38+00:00\" \/>\n<meta property=\"og:image\" content=\"https:\/\/experienciadevida.com.ar\/portalurbano\/wp-content\/uploads\/2022\/02\/Reabrio-la-inscripcion-para.jpg\" \/>\n\t<meta property=\"og:image:width\" content=\"400\" \/>\n\t<meta property=\"og:image:height\" content=\"200\" \/>\n\t<meta property=\"og:image:type\" content=\"image\/jpeg\" \/>\n<meta name=\"author\" content=\"admpu17wp\" \/>\n<meta name=\"twitter:card\" content=\"summary_large_image\" \/>\n<meta name=\"twitter:creator\" content=\"@portalurbanook\" \/>\n<meta name=\"twitter:site\" content=\"@portalurbanook\" \/>\n<meta name=\"twitter:label1\" content=\"Escrito por\" \/>\n\t<meta name=\"twitter:data1\" content=\"admpu17wp\" \/>\n\t<meta name=\"twitter:label2\" content=\"Tiempo de lectura\" \/>\n\t<meta name=\"twitter:data2\" content=\"3 minutos\" \/>\n<script type=\"application\/ld+json\" class=\"yoast-schema-graph\">{\"@context\":\"https:\/\/schema.org\",\"@graph\":[{\"@type\":\"Article\",\"@id\":\"https:\/\/experienciadevida.com.ar\/portalurbano\/reabrio-la-inscripcion-para-las-carreras-que-ofrece-la-facultad-de-ciencias-sociales\/#article\",\"isPartOf\":{\"@id\":\"https:\/\/experienciadevida.com.ar\/portalurbano\/reabrio-la-inscripcion-para-las-carreras-que-ofrece-la-facultad-de-ciencias-sociales\/\"},\"author\":{\"name\":\"admpu17wp\",\"@id\":\"https:\/\/experienciadevida.com.ar\/portalurbano\/#\/schema\/person\/02dd326b1c4b056e9cc972486934a3a7\"},\"headline\":\"Reabri\u00f3 la inscripci\u00f3n para las carreras que ofrece la Facultad de Ciencias Sociales\",\"datePublished\":\"2022-02-07T17:18:08+00:00\",\"dateModified\":\"2022-02-07T17:18:38+00:00\",\"mainEntityOfPage\":{\"@id\":\"https:\/\/experienciadevida.com.ar\/portalurbano\/reabrio-la-inscripcion-para-las-carreras-que-ofrece-la-facultad-de-ciencias-sociales\/\"},\"wordCount\":589,\"publisher\":{\"@id\":\"https:\/\/experienciadevida.com.ar\/portalurbano\/#organization\"},\"articleSection\":[\"Educaci\u00f3n\"],\"inLanguage\":\"es\"},{\"@type\":\"WebPage\",\"@id\":\"https:\/\/experienciadevida.com.ar\/portalurbano\/reabrio-la-inscripcion-para-las-carreras-que-ofrece-la-facultad-de-ciencias-sociales\/\",\"url\":\"https:\/\/experienciadevida.com.ar\/portalurbano\/reabrio-la-inscripcion-para-las-carreras-que-ofrece-la-facultad-de-ciencias-sociales\/\",\"name\":\"Reabri\u00f3 la inscripci\u00f3n para las carreras que ofrece la Facultad\",\"isPartOf\":{\"@id\":\"https:\/\/experienciadevida.com.ar\/portalurbano\/#website\"},\"datePublished\":\"2022-02-07T17:18:08+00:00\",\"dateModified\":\"2022-02-07T17:18:38+00:00\",\"description\":\"Reabri\u00f3 la inscripci\u00f3n para las carreras que ofrece la Facultad de Ciencias Sociales, hasta el 21 de febrero estar\u00e1 abierta el periodo\",\"breadcrumb\":{\"@id\":\"https:\/\/experienciadevida.com.ar\/portalurbano\/reabrio-la-inscripcion-para-las-carreras-que-ofrece-la-facultad-de-ciencias-sociales\/#breadcrumb\"},\"inLanguage\":\"es\",\"potentialAction\":[{\"@type\":\"ReadAction\",\"target\":[\"https:\/\/experienciadevida.com.ar\/portalurbano\/reabrio-la-inscripcion-para-las-carreras-que-ofrece-la-facultad-de-ciencias-sociales\/\"]}]},{\"@type\":\"BreadcrumbList\",\"@id\":\"https:\/\/experienciadevida.com.ar\/portalurbano\/reabrio-la-inscripcion-para-las-carreras-que-ofrece-la-facultad-de-ciencias-sociales\/#breadcrumb\",\"itemListElement\":[{\"@type\":\"ListItem\",\"position\":1,\"name\":\"Portada\",\"item\":\"https:\/\/experienciadevida.com.ar\/portalurbano\/\"},{\"@type\":\"ListItem\",\"position\":2,\"name\":\"Reabri\u00f3 la inscripci\u00f3n para las carreras que ofrece la Facultad de Ciencias Sociales\"}]},{\"@type\":\"WebSite\",\"@id\":\"https:\/\/experienciadevida.com.ar\/portalurbano\/#website\",\"url\":\"https:\/\/experienciadevida.com.ar\/portalurbano\/\",\"name\":\"\",\"description\":\"\",\"publisher\":{\"@id\":\"https:\/\/experienciadevida.com.ar\/portalurbano\/#organization\"},\"potentialAction\":[{\"@type\":\"SearchAction\",\"target\":{\"@type\":\"EntryPoint\",\"urlTemplate\":\"https:\/\/experienciadevida.com.ar\/portalurbano\/?s={search_term_string}\"},\"query-input\":\"required name=search_term_string\"}],\"inLanguage\":\"es\"},{\"@type\":\"Organization\",\"@id\":\"https:\/\/experienciadevida.com.ar\/portalurbano\/#organization\",\"name\":\"Portal Urbano\",\"url\":\"https:\/\/experienciadevida.com.ar\/portalurbano\/\",\"logo\":{\"@type\":\"ImageObject\",\"inLanguage\":\"es\",\"@id\":\"https:\/\/experienciadevida.com.ar\/portalurbano\/#\/schema\/logo\/image\/\",\"url\":\"https:\/\/experienciadevida.com.ar\/portalurbano\/wp-content\/uploads\/2019\/09\/Logo-Original.png\",\"contentUrl\":\"https:\/\/experienciadevida.com.ar\/portalurbano\/wp-content\/uploads\/2019\/09\/Logo-Original.png\",\"width\":2236,\"height\":1216,\"caption\":\"Portal Urbano\"},\"image\":{\"@id\":\"https:\/\/experienciadevida.com.ar\/portalurbano\/#\/schema\/logo\/image\/\"},\"sameAs\":[\"https:\/\/www.facebook.com\/Portal-Urbano-171542830093757\/\",\"https:\/\/twitter.com\/portalurbanook\",\"https:\/\/www.instagram.com\/_portalurbano\/\",\"https:\/\/www.youtube.com\/channel\/UCXhagIfszH8KxFiOok79zbA?view_as=subscriber\"]},{\"@type\":\"Person\",\"@id\":\"https:\/\/experienciadevida.com.ar\/portalurbano\/#\/schema\/person\/02dd326b1c4b056e9cc972486934a3a7\",\"name\":\"admpu17wp\",\"image\":{\"@type\":\"ImageObject\",\"inLanguage\":\"es\",\"@id\":\"https:\/\/experienciadevida.com.ar\/portalurbano\/#\/schema\/person\/image\/\",\"url\":\"https:\/\/secure.gravatar.com\/avatar\/830d4c57adaae6630765e449a6908047?s=96&d=mm&r=g\",\"contentUrl\":\"https:\/\/secure.gravatar.com\/avatar\/830d4c57adaae6630765e449a6908047?s=96&d=mm&r=g\",\"caption\":\"admpu17wp\"}}]}<\/script>\n<!-- \/ Yoast SEO plugin. -->","yoast_head_json":{"title":"Reabri\u00f3 la inscripci\u00f3n para las carreras que ofrece la Facultad","description":"Reabri\u00f3 la inscripci\u00f3n para las carreras que ofrece la Facultad de Ciencias Sociales, hasta el 21 de febrero estar\u00e1 abierta el periodo","robots":{"index":"index","follow":"follow","max-snippet":"max-snippet:-1","max-image-preview":"max-image-preview:large","max-video-preview":"max-video-preview:-1"},"canonical":"https:\/\/experienciadevida.com.ar\/portalurbano\/reabrio-la-inscripcion-para-las-carreras-que-ofrece-la-facultad-de-ciencias-sociales\/","og_locale":"es_ES","og_type":"article","og_title":"Reabri\u00f3 la inscripci\u00f3n para las carreras que ofrece la Facultad","og_description":"Reabri\u00f3 la inscripci\u00f3n para las carreras que ofrece la Facultad de Ciencias Sociales, hasta el 21 de febrero estar\u00e1 abierta el periodo","og_url":"https:\/\/experienciadevida.com.ar\/portalurbano\/reabrio-la-inscripcion-para-las-carreras-que-ofrece-la-facultad-de-ciencias-sociales\/","article_publisher":"https:\/\/www.facebook.com\/Portal-Urbano-171542830093757\/","article_published_time":"2022-02-07T17:18:08+00:00","article_modified_time":"2022-02-07T17:18:38+00:00","og_image":[{"width":400,"height":200,"url":"https:\/\/experienciadevida.com.ar\/portalurbano\/wp-content\/uploads\/2022\/02\/Reabrio-la-inscripcion-para.jpg","type":"image\/jpeg"}],"author":"admpu17wp","twitter_card":"summary_large_image","twitter_creator":"@portalurbanook","twitter_site":"@portalurbanook","twitter_misc":{"Escrito por":"admpu17wp","Tiempo de lectura":"3 minutos"},"schema":{"@context":"https:\/\/schema.org","@graph":[{"@type":"Article","@id":"https:\/\/experienciadevida.com.ar\/portalurbano\/reabrio-la-inscripcion-para-las-carreras-que-ofrece-la-facultad-de-ciencias-sociales\/#article","isPartOf":{"@id":"https:\/\/experienciadevida.com.ar\/portalurbano\/reabrio-la-inscripcion-para-las-carreras-que-ofrece-la-facultad-de-ciencias-sociales\/"},"author":{"name":"admpu17wp","@id":"https:\/\/experienciadevida.com.ar\/portalurbano\/#\/schema\/person\/02dd326b1c4b056e9cc972486934a3a7"},"headline":"Reabri\u00f3 la inscripci\u00f3n para las carreras que ofrece la Facultad de Ciencias Sociales","datePublished":"2022-02-07T17:18:08+00:00","dateModified":"2022-02-07T17:18:38+00:00","mainEntityOfPage":{"@id":"https:\/\/experienciadevida.com.ar\/portalurbano\/reabrio-la-inscripcion-para-las-carreras-que-ofrece-la-facultad-de-ciencias-sociales\/"},"wordCount":589,"publisher":{"@id":"https:\/\/experienciadevida.com.ar\/portalurbano\/#organization"},"articleSection":["Educaci\u00f3n"],"inLanguage":"es"},{"@type":"WebPage","@id":"https:\/\/experienciadevida.com.ar\/portalurbano\/reabrio-la-inscripcion-para-las-carreras-que-ofrece-la-facultad-de-ciencias-sociales\/","url":"https:\/\/experienciadevida.com.ar\/portalurbano\/reabrio-la-inscripcion-para-las-carreras-que-ofrece-la-facultad-de-ciencias-sociales\/","name":"Reabri\u00f3 la inscripci\u00f3n para las carreras que ofrece la Facultad","isPartOf":{"@id":"https:\/\/experienciadevida.com.ar\/portalurbano\/#website"},"datePublished":"2022-02-07T17:18:08+00:00","dateModified":"2022-02-07T17:18:38+00:00","description":"Reabri\u00f3 la inscripci\u00f3n para las carreras que ofrece la Facultad de Ciencias Sociales, hasta el 21 de febrero estar\u00e1 abierta el periodo","breadcrumb":{"@id":"https:\/\/experienciadevida.com.ar\/portalurbano\/reabrio-la-inscripcion-para-las-carreras-que-ofrece-la-facultad-de-ciencias-sociales\/#breadcrumb"},"inLanguage":"es","potentialAction":[{"@type":"ReadAction","target":["https:\/\/experienciadevida.com.ar\/portalurbano\/reabrio-la-inscripcion-para-las-carreras-que-ofrece-la-facultad-de-ciencias-sociales\/"]}]},{"@type":"BreadcrumbList","@id":"https:\/\/experienciadevida.com.ar\/portalurbano\/reabrio-la-inscripcion-para-las-carreras-que-ofrece-la-facultad-de-ciencias-sociales\/#breadcrumb","itemListElement":[{"@type":"ListItem","position":1,"name":"Portada","item":"https:\/\/experienciadevida.com.ar\/portalurbano\/"},{"@type":"ListItem","position":2,"name":"Reabri\u00f3 la inscripci\u00f3n para las carreras que ofrece la Facultad de Ciencias Sociales"}]},{"@type":"WebSite","@id":"https:\/\/experienciadevida.com.ar\/portalurbano\/#website","url":"https:\/\/experienciadevida.com.ar\/portalurbano\/","name":"","description":"","publisher":{"@id":"https:\/\/experienciadevida.com.ar\/portalurbano\/#organization"},"potentialAction":[{"@type":"SearchAction","target":{"@type":"EntryPoint","urlTemplate":"https:\/\/experienciadevida.com.ar\/portalurbano\/?s={search_term_string}"},"query-input":"required name=search_term_string"}],"inLanguage":"es"},{"@type":"Organization","@id":"https:\/\/experienciadevida.com.ar\/portalurbano\/#organization","name":"Portal Urbano","url":"https:\/\/experienciadevida.com.ar\/portalurbano\/","logo":{"@type":"ImageObject","inLanguage":"es","@id":"https:\/\/experienciadevida.com.ar\/portalurbano\/#\/schema\/logo\/image\/","url":"https:\/\/experienciadevida.com.ar\/portalurbano\/wp-content\/uploads\/2019\/09\/Logo-Original.png","contentUrl":"https:\/\/experienciadevida.com.ar\/portalurbano\/wp-content\/uploads\/2019\/09\/Logo-Original.png","width":2236,"height":1216,"caption":"Portal Urbano"},"image":{"@id":"https:\/\/experienciadevida.com.ar\/portalurbano\/#\/schema\/logo\/image\/"},"sameAs":["https:\/\/www.facebook.com\/Portal-Urbano-171542830093757\/","https:\/\/twitter.com\/portalurbanook","https:\/\/www.instagram.com\/_portalurbano\/","https:\/\/www.youtube.com\/channel\/UCXhagIfszH8KxFiOok79zbA?view_as=subscriber"]},{"@type":"Person","@id":"https:\/\/experienciadevida.com.ar\/portalurbano\/#\/schema\/person\/02dd326b1c4b056e9cc972486934a3a7","name":"admpu17wp","image":{"@type":"ImageObject","inLanguage":"es","@id":"https:\/\/experienciadevida.com.ar\/portalurbano\/#\/schema\/person\/image\/","url":"https:\/\/secure.gravatar.com\/avatar\/830d4c57adaae6630765e449a6908047?s=96&d=mm&r=g","contentUrl":"https:\/\/secure.gravatar.com\/avatar\/830d4c57adaae6630765e449a6908047?s=96&d=mm&r=g","caption":"admpu17wp"}}]}},"featured_image_urls":{"full":["https:\/\/experienciadevida.com.ar\/portalurbano\/wp-content\/uploads\/2022\/02\/Reabrio-la-inscripcion-para.jpg",400,200,false],"thumbnail":["https:\/\/experienciadevida.com.ar\/portalurbano\/wp-content\/uploads\/2022\/02\/Reabrio-la-inscripcion-para-150x150.jpg",150,150,true],"medium":["https:\/\/experienciadevida.com.ar\/portalurbano\/wp-content\/uploads\/2022\/02\/Reabrio-la-inscripcion-para-300x150.jpg",300,150,true],"medium_large":["https:\/\/experienciadevida.com.ar\/portalurbano\/wp-content\/uploads\/2022\/02\/Reabrio-la-inscripcion-para.jpg",400,200,false],"large":["https:\/\/experienciadevida.com.ar\/portalurbano\/wp-content\/uploads\/2022\/02\/Reabrio-la-inscripcion-para.jpg",400,200,false],"ug_big":["https:\/\/experienciadevida.com.ar\/portalurbano\/wp-content\/uploads\/2022\/02\/Reabrio-la-inscripcion-para.jpg",400,200,false],"1536x1536":["https:\/\/experienciadevida.com.ar\/portalurbano\/wp-content\/uploads\/2022\/02\/Reabrio-la-inscripcion-para.jpg",400,200,false],"2048x2048":["https:\/\/experienciadevida.com.ar\/portalurbano\/wp-content\/uploads\/2022\/02\/Reabrio-la-inscripcion-para.jpg",400,200,false],"newsever-slider-full":["https:\/\/experienciadevida.com.ar\/portalurbano\/wp-content\/uploads\/2022\/02\/Reabrio-la-inscripcion-para.jpg",400,200,false],"newsever-featured":["https:\/\/experienciadevida.com.ar\/portalurbano\/wp-content\/uploads\/2022\/02\/Reabrio-la-inscripcion-para.jpg",400,200,false],"newsever-medium":["https:\/\/experienciadevida.com.ar\/portalurbano\/wp-content\/uploads\/2022\/02\/Reabrio-la-inscripcion-para.jpg",400,200,false],"web-stories-poster-portrait":["https:\/\/experienciadevida.com.ar\/portalurbano\/wp-content\/uploads\/2022\/02\/Reabrio-la-inscripcion-para.jpg",400,200,false],"web-stories-publisher-logo":["https:\/\/experienciadevida.com.ar\/portalurbano\/wp-content\/uploads\/2022\/02\/Reabrio-la-inscripcion-para.jpg",96,48,false],"web-stories-thumbnail":["https:\/\/experienciadevida.com.ar\/portalurbano\/wp-content\/uploads\/2022\/02\/Reabrio-la-inscripcion-para.jpg",150,75,false]},"author_info":{"display_name":"admpu17wp","author_link":"https:\/\/experienciadevida.com.ar\/portalurbano\/author\/admpu17wp\/"},"category_info":"<a href=\"https:\/\/experienciadevida.com.ar\/portalurbano\/category\/ciudad\/educacion\/\" rel=\"category tag\">Educaci\u00f3n<\/a>","tag_info":"Educaci\u00f3n","comment_count":"0","amp_enabled":true,"_links":{"self":[{"href":"https:\/\/experienciadevida.com.ar\/portalurbano\/wp-json\/wp\/v2\/posts\/161282"}],"collection":[{"href":"https:\/\/experienciadevida.com.ar\/portalurbano\/wp-json\/wp\/v2\/posts"}],"about":[{"href":"https:\/\/experienciadevida.com.ar\/portalurbano\/wp-json\/wp\/v2\/types\/post"}],"author":[{"embeddable":true,"href":"https:\/\/experienciadevida.com.ar\/portalurbano\/wp-json\/wp\/v2\/users\/1"}],"replies":[{"embeddable":true,"href":"https:\/\/experienciadevida.com.ar\/portalurbano\/wp-json\/wp\/v2\/comments?post=161282"}],"version-history":[{"count":2,"href":"https:\/\/experienciadevida.com.ar\/portalurbano\/wp-json\/wp\/v2\/posts\/161282\/revisions"}],"predecessor-version":[{"id":161285,"href":"https:\/\/experienciadevida.com.ar\/portalurbano\/wp-json\/wp\/v2\/posts\/161282\/revisions\/161285"}],"wp:featuredmedia":[{"embeddable":true,"href":"https:\/\/experienciadevida.com.ar\/portalurbano\/wp-json\/wp\/v2\/media\/161283"}],"wp:attachment":[{"href":"https:\/\/experienciadevida.com.ar\/portalurbano\/wp-json\/wp\/v2\/media?parent=161282"}],"wp:term":[{"taxonomy":"category","embeddable":true,"href":"https:\/\/experienciadevida.com.ar\/portalurbano\/wp-json\/wp\/v2\/categories?post=161282"},{"taxonomy":"post_tag","embeddable":true,"href":"https:\/\/experienciadevida.com.ar\/portalurbano\/wp-json\/wp\/v2\/tags?post=161282"}],"curies":[{"name":"wp","href":"https:\/\/api.w.org\/{rel}","templated":true}]}}