{"id":161268,"date":"2022-02-07T13:25:15","date_gmt":"2022-02-07T16:25:15","guid":{"rendered":"https:\/\/experienciadevida.com.ar\/portalurbano\/?p=161268"},"modified":"2022-02-07T13:26:38","modified_gmt":"2022-02-07T16:26:38","slug":"se-constituyo-la-comision-especial-que-investigara-la-presunta-venta-ilegal-de-terrenos","status":"publish","type":"post","link":"https:\/\/experienciadevida.com.ar\/portalurbano\/se-constituyo-la-comision-especial-que-investigara-la-presunta-venta-ilegal-de-terrenos\/","title":{"rendered":"Se constituy\u00f3 la Comisi\u00f3n Especial que investigar\u00e1 la presunta venta ilegal de terrenos"},"content":{"rendered":"<p>Se constituy\u00f3 la Comisi\u00f3n Especial que investigar\u00e1 la presunta venta ilegal de terrenos, este lunes,\u00a0 tal lo acordado, la Presidente del Concejo Deliberante de Olavarr\u00eda Cecilia Krivochen constituy\u00f3 la Comisi\u00f3n Especial creada por Decreto 002\/22 que fue aprobado en el marco de la Sesi\u00f3n Extraordinaria realizada el s\u00e1bado 5 de febrero.<\/p>\n<p>La Comisi\u00f3n tendr\u00e1 la facultad de investigar la presunta venta ilegal de terrenos en el Partido de Olavarr\u00eda.<\/p>\n<p>Se determin\u00f3 que estar\u00e1 integrada por la concejal Maite Salerno (Juntos), la concejala Mercedes Land\u00edvar (bloque Frente de Todos), el concejal Gast\u00f3n Sarachu (Foro Olavarr\u00eda), la concejal Celeste Arouxet (Ahora Olavarr\u00eda), y el concejal Sebasti\u00e1n Matrella (UCR-Juntos).<\/p>\n<p>En la reuni\u00f3n constitutiva, y ante la presencia de la Secretaria del HCD Margarita Arregui, las y los concejales eligieron las autoridades de la Comisi\u00f3n Especial que funcionar\u00e1 por el t\u00e9rmino de 45 d\u00edas con opci\u00f3n a una pr\u00f3rroga:<\/p>\n<p>Presidencia: Concejala Mercedes Landivar<br \/>\nVice-Presidencia: Concejal Sebasti\u00e1n Matrella<br \/>\nSecretar\u00eda: Concejal Celeste Arouxet.<\/p>\n<p>Tras la reuni\u00f3n constitutiva los y las ediles resolvieron que la comisi\u00f3n funcionar\u00e1 durante el mes de febrero los d\u00edas lunes y mi\u00e9rcoles de 9 a 11 horas y a partir del mes de marzo lo har\u00e1 de 10.30 a 12.30, siempre los d\u00edas lunes y mi\u00e9rcoles. Se aclar\u00f3 que podr\u00e1 convocarse en otros d\u00edas y horarios en caso de situaciones excepcionales que as\u00ed lo ameriten.<\/p>\n<p>Por otro lado se dej\u00f3 establecido que cualquier vecino o vecina que requiera dar aportes a la Comisi\u00f3n Especial, solo a los fines de los que fue creada, podr\u00e1 presentarse de lunes a viernes de 8 a 12 horas en la Mesa de Entradas del Concejo Deliberante (Alsina y San Mart\u00edn) o bien comunicarse al tel\u00e9fono 442816.<br \/>\nLa Comisi\u00f3n Especial<\/p>\n<p>De acuerdo con lo establecido en el Decreto de creaci\u00f3n se brindar\u00e1 un informe semanal donde se dejar\u00e1 plasmada \u201cla labor llevada adelante por la Comisi\u00f3n\u201d de acuerdo con lo indicado en el Art\u00edculo 6 del Decreto. Dicho Art\u00edculo establece: \u201cla Comisi\u00f3n funcionar\u00e1 bajo la reserva de las actuaciones, debiendo los Concejales, funcionarios y empleados del Honorable Concejo Deliberante conservar fuera del desempe\u00f1o de sus funciones el secreto de las mismas. Se determina que constar\u00e1 versi\u00f3n taquigr\u00e1fica de cada actuaci\u00f3n que lleve adelante la Comisi\u00f3n, como as\u00ed tambi\u00e9n de cada testimonio que reciba. Se resuelve mantener en resguardo de la Secretar\u00eda de este Cuerpo el Expediente 004\/22 y las actuaciones desarrolladas en el mismo por un plazo m\u00ednimo de 24 meses\u201d.<\/p>\n","protected":false},"excerpt":{"rendered":"<p>Se constituy\u00f3 la Comisi\u00f3n Especial que investigar\u00e1 la presunta venta ilegal de terrenos, este lunes,\u00a0&#8230;<\/p>\n","protected":false},"author":1,"featured_media":161269,"comment_status":"closed","ping_status":"closed","sticky":false,"template":"","format":"standard","meta":{"content-type":""},"categories":[27,51],"tags":[],"nelio_content":{"isAutoShareEnabled":false,"autoShareEndMode":"default","automationSources":{"useContentSentences":true,"useSocialTemplates":true,"useCustomSentences":false,"customSentences":[]},"followers":[1],"suggestedReferences":[],"includedReferences":[],"efiUrl":"","efiAlt":"","highlights":[]},"yoast_head":"<!-- This site is optimized with the Yoast SEO plugin v20.7 - https:\/\/yoast.com\/wordpress\/plugins\/seo\/ -->\n<title>Se constituy\u00f3 la comisi\u00f3n especial que investigar\u00e1 la venta ilegal<\/title>\n<meta name=\"description\" content=\"Se constituy\u00f3 la Comisi\u00f3n Especial que investigar\u00e1 la presunta venta ilegal de terrenos, este lunes,\u00a0 tal lo acordado, en la sesi\u00f3n.\" \/>\n<meta name=\"robots\" content=\"index, follow, max-snippet:-1, max-image-preview:large, max-video-preview:-1\" \/>\n<link rel=\"canonical\" href=\"https:\/\/experienciadevida.com.ar\/portalurbano\/se-constituyo-la-comision-especial-que-investigara-la-presunta-venta-ilegal-de-terrenos\/\" \/>\n<meta property=\"og:locale\" content=\"es_ES\" \/>\n<meta property=\"og:type\" content=\"article\" \/>\n<meta property=\"og:title\" content=\"Se constituy\u00f3 la comisi\u00f3n especial que investigar\u00e1 la venta ilegal\" \/>\n<meta property=\"og:description\" content=\"Se constituy\u00f3 la Comisi\u00f3n Especial que investigar\u00e1 la presunta venta ilegal de terrenos, este lunes,\u00a0 tal lo acordado, en la sesi\u00f3n.\" \/>\n<meta property=\"og:url\" content=\"https:\/\/experienciadevida.com.ar\/portalurbano\/se-constituyo-la-comision-especial-que-investigara-la-presunta-venta-ilegal-de-terrenos\/\" \/>\n<meta property=\"article:publisher\" content=\"https:\/\/www.facebook.com\/Portal-Urbano-171542830093757\/\" \/>\n<meta property=\"article:published_time\" content=\"2022-02-07T16:25:15+00:00\" \/>\n<meta property=\"article:modified_time\" content=\"2022-02-07T16:26:38+00:00\" \/>\n<meta property=\"og:image\" content=\"https:\/\/experienciadevida.com.ar\/portalurbano\/wp-content\/uploads\/2022\/02\/Se-constituyo-la-Comision.jpeg\" \/>\n\t<meta property=\"og:image:width\" content=\"1280\" \/>\n\t<meta property=\"og:image:height\" content=\"853\" \/>\n\t<meta property=\"og:image:type\" content=\"image\/jpeg\" \/>\n<meta name=\"author\" content=\"admpu17wp\" \/>\n<meta name=\"twitter:card\" content=\"summary_large_image\" \/>\n<meta name=\"twitter:creator\" content=\"@portalurbanook\" \/>\n<meta name=\"twitter:site\" content=\"@portalurbanook\" \/>\n<meta name=\"twitter:label1\" content=\"Escrito por\" \/>\n\t<meta name=\"twitter:data1\" content=\"admpu17wp\" \/>\n\t<meta name=\"twitter:label2\" content=\"Tiempo de lectura\" \/>\n\t<meta name=\"twitter:data2\" content=\"2 minutos\" \/>\n<script type=\"application\/ld+json\" class=\"yoast-schema-graph\">{\"@context\":\"https:\/\/schema.org\",\"@graph\":[{\"@type\":\"Article\",\"@id\":\"https:\/\/experienciadevida.com.ar\/portalurbano\/se-constituyo-la-comision-especial-que-investigara-la-presunta-venta-ilegal-de-terrenos\/#article\",\"isPartOf\":{\"@id\":\"https:\/\/experienciadevida.com.ar\/portalurbano\/se-constituyo-la-comision-especial-que-investigara-la-presunta-venta-ilegal-de-terrenos\/\"},\"author\":{\"name\":\"admpu17wp\",\"@id\":\"https:\/\/experienciadevida.com.ar\/portalurbano\/#\/schema\/person\/02dd326b1c4b056e9cc972486934a3a7\"},\"headline\":\"Se constituy\u00f3 la Comisi\u00f3n Especial que investigar\u00e1 la presunta venta ilegal de terrenos\",\"datePublished\":\"2022-02-07T16:25:15+00:00\",\"dateModified\":\"2022-02-07T16:26:38+00:00\",\"mainEntityOfPage\":{\"@id\":\"https:\/\/experienciadevida.com.ar\/portalurbano\/se-constituyo-la-comision-especial-que-investigara-la-presunta-venta-ilegal-de-terrenos\/\"},\"wordCount\":449,\"publisher\":{\"@id\":\"https:\/\/experienciadevida.com.ar\/portalurbano\/#organization\"},\"articleSection\":[\"Ciudad\",\"Destacadas\"],\"inLanguage\":\"es\"},{\"@type\":\"WebPage\",\"@id\":\"https:\/\/experienciadevida.com.ar\/portalurbano\/se-constituyo-la-comision-especial-que-investigara-la-presunta-venta-ilegal-de-terrenos\/\",\"url\":\"https:\/\/experienciadevida.com.ar\/portalurbano\/se-constituyo-la-comision-especial-que-investigara-la-presunta-venta-ilegal-de-terrenos\/\",\"name\":\"Se constituy\u00f3 la comisi\u00f3n especial que investigar\u00e1 la venta ilegal\",\"isPartOf\":{\"@id\":\"https:\/\/experienciadevida.com.ar\/portalurbano\/#website\"},\"datePublished\":\"2022-02-07T16:25:15+00:00\",\"dateModified\":\"2022-02-07T16:26:38+00:00\",\"description\":\"Se constituy\u00f3 la Comisi\u00f3n Especial que investigar\u00e1 la presunta venta ilegal de terrenos, este lunes,\u00a0 tal lo acordado, en la sesi\u00f3n.\",\"breadcrumb\":{\"@id\":\"https:\/\/experienciadevida.com.ar\/portalurbano\/se-constituyo-la-comision-especial-que-investigara-la-presunta-venta-ilegal-de-terrenos\/#breadcrumb\"},\"inLanguage\":\"es\",\"potentialAction\":[{\"@type\":\"ReadAction\",\"target\":[\"https:\/\/experienciadevida.com.ar\/portalurbano\/se-constituyo-la-comision-especial-que-investigara-la-presunta-venta-ilegal-de-terrenos\/\"]}]},{\"@type\":\"BreadcrumbList\",\"@id\":\"https:\/\/experienciadevida.com.ar\/portalurbano\/se-constituyo-la-comision-especial-que-investigara-la-presunta-venta-ilegal-de-terrenos\/#breadcrumb\",\"itemListElement\":[{\"@type\":\"ListItem\",\"position\":1,\"name\":\"Portada\",\"item\":\"https:\/\/experienciadevida.com.ar\/portalurbano\/\"},{\"@type\":\"ListItem\",\"position\":2,\"name\":\"Se constituy\u00f3 la Comisi\u00f3n Especial que investigar\u00e1 la presunta venta ilegal de terrenos\"}]},{\"@type\":\"WebSite\",\"@id\":\"https:\/\/experienciadevida.com.ar\/portalurbano\/#website\",\"url\":\"https:\/\/experienciadevida.com.ar\/portalurbano\/\",\"name\":\"\",\"description\":\"\",\"publisher\":{\"@id\":\"https:\/\/experienciadevida.com.ar\/portalurbano\/#organization\"},\"potentialAction\":[{\"@type\":\"SearchAction\",\"target\":{\"@type\":\"EntryPoint\",\"urlTemplate\":\"https:\/\/experienciadevida.com.ar\/portalurbano\/?s={search_term_string}\"},\"query-input\":\"required name=search_term_string\"}],\"inLanguage\":\"es\"},{\"@type\":\"Organization\",\"@id\":\"https:\/\/experienciadevida.com.ar\/portalurbano\/#organization\",\"name\":\"Portal Urbano\",\"url\":\"https:\/\/experienciadevida.com.ar\/portalurbano\/\",\"logo\":{\"@type\":\"ImageObject\",\"inLanguage\":\"es\",\"@id\":\"https:\/\/experienciadevida.com.ar\/portalurbano\/#\/schema\/logo\/image\/\",\"url\":\"https:\/\/experienciadevida.com.ar\/portalurbano\/wp-content\/uploads\/2019\/09\/Logo-Original.png\",\"contentUrl\":\"https:\/\/experienciadevida.com.ar\/portalurbano\/wp-content\/uploads\/2019\/09\/Logo-Original.png\",\"width\":2236,\"height\":1216,\"caption\":\"Portal Urbano\"},\"image\":{\"@id\":\"https:\/\/experienciadevida.com.ar\/portalurbano\/#\/schema\/logo\/image\/\"},\"sameAs\":[\"https:\/\/www.facebook.com\/Portal-Urbano-171542830093757\/\",\"https:\/\/twitter.com\/portalurbanook\",\"https:\/\/www.instagram.com\/_portalurbano\/\",\"https:\/\/www.youtube.com\/channel\/UCXhagIfszH8KxFiOok79zbA?view_as=subscriber\"]},{\"@type\":\"Person\",\"@id\":\"https:\/\/experienciadevida.com.ar\/portalurbano\/#\/schema\/person\/02dd326b1c4b056e9cc972486934a3a7\",\"name\":\"admpu17wp\",\"image\":{\"@type\":\"ImageObject\",\"inLanguage\":\"es\",\"@id\":\"https:\/\/experienciadevida.com.ar\/portalurbano\/#\/schema\/person\/image\/\",\"url\":\"https:\/\/secure.gravatar.com\/avatar\/830d4c57adaae6630765e449a6908047?s=96&d=mm&r=g\",\"contentUrl\":\"https:\/\/secure.gravatar.com\/avatar\/830d4c57adaae6630765e449a6908047?s=96&d=mm&r=g\",\"caption\":\"admpu17wp\"}}]}<\/script>\n<!-- \/ Yoast SEO plugin. -->","yoast_head_json":{"title":"Se constituy\u00f3 la comisi\u00f3n especial que investigar\u00e1 la venta ilegal","description":"Se constituy\u00f3 la Comisi\u00f3n Especial que investigar\u00e1 la presunta venta ilegal de terrenos, este lunes,\u00a0 tal lo acordado, en la sesi\u00f3n.","robots":{"index":"index","follow":"follow","max-snippet":"max-snippet:-1","max-image-preview":"max-image-preview:large","max-video-preview":"max-video-preview:-1"},"canonical":"https:\/\/experienciadevida.com.ar\/portalurbano\/se-constituyo-la-comision-especial-que-investigara-la-presunta-venta-ilegal-de-terrenos\/","og_locale":"es_ES","og_type":"article","og_title":"Se constituy\u00f3 la comisi\u00f3n especial que investigar\u00e1 la venta ilegal","og_description":"Se constituy\u00f3 la Comisi\u00f3n Especial que investigar\u00e1 la presunta venta ilegal de terrenos, este lunes,\u00a0 tal lo acordado, en la sesi\u00f3n.","og_url":"https:\/\/experienciadevida.com.ar\/portalurbano\/se-constituyo-la-comision-especial-que-investigara-la-presunta-venta-ilegal-de-terrenos\/","article_publisher":"https:\/\/www.facebook.com\/Portal-Urbano-171542830093757\/","article_published_time":"2022-02-07T16:25:15+00:00","article_modified_time":"2022-02-07T16:26:38+00:00","og_image":[{"width":1280,"height":853,"url":"https:\/\/experienciadevida.com.ar\/portalurbano\/wp-content\/uploads\/2022\/02\/Se-constituyo-la-Comision.jpeg","type":"image\/jpeg"}],"author":"admpu17wp","twitter_card":"summary_large_image","twitter_creator":"@portalurbanook","twitter_site":"@portalurbanook","twitter_misc":{"Escrito por":"admpu17wp","Tiempo de lectura":"2 minutos"},"schema":{"@context":"https:\/\/schema.org","@graph":[{"@type":"Article","@id":"https:\/\/experienciadevida.com.ar\/portalurbano\/se-constituyo-la-comision-especial-que-investigara-la-presunta-venta-ilegal-de-terrenos\/#article","isPartOf":{"@id":"https:\/\/experienciadevida.com.ar\/portalurbano\/se-constituyo-la-comision-especial-que-investigara-la-presunta-venta-ilegal-de-terrenos\/"},"author":{"name":"admpu17wp","@id":"https:\/\/experienciadevida.com.ar\/portalurbano\/#\/schema\/person\/02dd326b1c4b056e9cc972486934a3a7"},"headline":"Se constituy\u00f3 la Comisi\u00f3n Especial que investigar\u00e1 la presunta venta ilegal de terrenos","datePublished":"2022-02-07T16:25:15+00:00","dateModified":"2022-02-07T16:26:38+00:00","mainEntityOfPage":{"@id":"https:\/\/experienciadevida.com.ar\/portalurbano\/se-constituyo-la-comision-especial-que-investigara-la-presunta-venta-ilegal-de-terrenos\/"},"wordCount":449,"publisher":{"@id":"https:\/\/experienciadevida.com.ar\/portalurbano\/#organization"},"articleSection":["Ciudad","Destacadas"],"inLanguage":"es"},{"@type":"WebPage","@id":"https:\/\/experienciadevida.com.ar\/portalurbano\/se-constituyo-la-comision-especial-que-investigara-la-presunta-venta-ilegal-de-terrenos\/","url":"https:\/\/experienciadevida.com.ar\/portalurbano\/se-constituyo-la-comision-especial-que-investigara-la-presunta-venta-ilegal-de-terrenos\/","name":"Se constituy\u00f3 la comisi\u00f3n especial que investigar\u00e1 la venta ilegal","isPartOf":{"@id":"https:\/\/experienciadevida.com.ar\/portalurbano\/#website"},"datePublished":"2022-02-07T16:25:15+00:00","dateModified":"2022-02-07T16:26:38+00:00","description":"Se constituy\u00f3 la Comisi\u00f3n Especial que investigar\u00e1 la presunta venta ilegal de terrenos, este lunes,\u00a0 tal lo acordado, en la sesi\u00f3n.","breadcrumb":{"@id":"https:\/\/experienciadevida.com.ar\/portalurbano\/se-constituyo-la-comision-especial-que-investigara-la-presunta-venta-ilegal-de-terrenos\/#breadcrumb"},"inLanguage":"es","potentialAction":[{"@type":"ReadAction","target":["https:\/\/experienciadevida.com.ar\/portalurbano\/se-constituyo-la-comision-especial-que-investigara-la-presunta-venta-ilegal-de-terrenos\/"]}]},{"@type":"BreadcrumbList","@id":"https:\/\/experienciadevida.com.ar\/portalurbano\/se-constituyo-la-comision-especial-que-investigara-la-presunta-venta-ilegal-de-terrenos\/#breadcrumb","itemListElement":[{"@type":"ListItem","position":1,"name":"Portada","item":"https:\/\/experienciadevida.com.ar\/portalurbano\/"},{"@type":"ListItem","position":2,"name":"Se constituy\u00f3 la Comisi\u00f3n Especial que investigar\u00e1 la presunta venta ilegal de terrenos"}]},{"@type":"WebSite","@id":"https:\/\/experienciadevida.com.ar\/portalurbano\/#website","url":"https:\/\/experienciadevida.com.ar\/portalurbano\/","name":"","description":"","publisher":{"@id":"https:\/\/experienciadevida.com.ar\/portalurbano\/#organization"},"potentialAction":[{"@type":"SearchAction","target":{"@type":"EntryPoint","urlTemplate":"https:\/\/experienciadevida.com.ar\/portalurbano\/?s={search_term_string}"},"query-input":"required name=search_term_string"}],"inLanguage":"es"},{"@type":"Organization","@id":"https:\/\/experienciadevida.com.ar\/portalurbano\/#organization","name":"Portal Urbano","url":"https:\/\/experienciadevida.com.ar\/portalurbano\/","logo":{"@type":"ImageObject","inLanguage":"es","@id":"https:\/\/experienciadevida.com.ar\/portalurbano\/#\/schema\/logo\/image\/","url":"https:\/\/experienciadevida.com.ar\/portalurbano\/wp-content\/uploads\/2019\/09\/Logo-Original.png","contentUrl":"https:\/\/experienciadevida.com.ar\/portalurbano\/wp-content\/uploads\/2019\/09\/Logo-Original.png","width":2236,"height":1216,"caption":"Portal Urbano"},"image":{"@id":"https:\/\/experienciadevida.com.ar\/portalurbano\/#\/schema\/logo\/image\/"},"sameAs":["https:\/\/www.facebook.com\/Portal-Urbano-171542830093757\/","https:\/\/twitter.com\/portalurbanook","https:\/\/www.instagram.com\/_portalurbano\/","https:\/\/www.youtube.com\/channel\/UCXhagIfszH8KxFiOok79zbA?view_as=subscriber"]},{"@type":"Person","@id":"https:\/\/experienciadevida.com.ar\/portalurbano\/#\/schema\/person\/02dd326b1c4b056e9cc972486934a3a7","name":"admpu17wp","image":{"@type":"ImageObject","inLanguage":"es","@id":"https:\/\/experienciadevida.com.ar\/portalurbano\/#\/schema\/person\/image\/","url":"https:\/\/secure.gravatar.com\/avatar\/830d4c57adaae6630765e449a6908047?s=96&d=mm&r=g","contentUrl":"https:\/\/secure.gravatar.com\/avatar\/830d4c57adaae6630765e449a6908047?s=96&d=mm&r=g","caption":"admpu17wp"}}]}},"featured_image_urls":{"full":["https:\/\/experienciadevida.com.ar\/portalurbano\/wp-content\/uploads\/2022\/02\/Se-constituyo-la-Comision.jpeg",1280,853,false],"thumbnail":["https:\/\/experienciadevida.com.ar\/portalurbano\/wp-content\/uploads\/2022\/02\/Se-constituyo-la-Comision-150x150.jpeg",150,150,true],"medium":["https:\/\/experienciadevida.com.ar\/portalurbano\/wp-content\/uploads\/2022\/02\/Se-constituyo-la-Comision-300x200.jpeg",300,200,true],"medium_large":["https:\/\/experienciadevida.com.ar\/portalurbano\/wp-content\/uploads\/2022\/02\/Se-constituyo-la-Comision-768x512.jpeg",640,427,true],"large":["https:\/\/experienciadevida.com.ar\/portalurbano\/wp-content\/uploads\/2022\/02\/Se-constituyo-la-Comision-1024x682.jpeg",640,426,true],"ug_big":["https:\/\/experienciadevida.com.ar\/portalurbano\/wp-content\/uploads\/2022\/02\/Se-constituyo-la-Comision-768x512.jpeg",768,512,true],"1536x1536":["https:\/\/experienciadevida.com.ar\/portalurbano\/wp-content\/uploads\/2022\/02\/Se-constituyo-la-Comision.jpeg",1280,853,false],"2048x2048":["https:\/\/experienciadevida.com.ar\/portalurbano\/wp-content\/uploads\/2022\/02\/Se-constituyo-la-Comision.jpeg",1280,853,false],"newsever-slider-full":["https:\/\/experienciadevida.com.ar\/portalurbano\/wp-content\/uploads\/2022\/02\/Se-constituyo-la-Comision.jpeg",1268,845,false],"newsever-featured":["https:\/\/experienciadevida.com.ar\/portalurbano\/wp-content\/uploads\/2022\/02\/Se-constituyo-la-Comision.jpeg",1024,682,false],"newsever-medium":["https:\/\/experienciadevida.com.ar\/portalurbano\/wp-content\/uploads\/2022\/02\/Se-constituyo-la-Comision.jpeg",713,475,false],"web-stories-poster-portrait":["https:\/\/experienciadevida.com.ar\/portalurbano\/wp-content\/uploads\/2022\/02\/Se-constituyo-la-Comision.jpeg",640,427,false],"web-stories-publisher-logo":["https:\/\/experienciadevida.com.ar\/portalurbano\/wp-content\/uploads\/2022\/02\/Se-constituyo-la-Comision.jpeg",96,64,false],"web-stories-thumbnail":["https:\/\/experienciadevida.com.ar\/portalurbano\/wp-content\/uploads\/2022\/02\/Se-constituyo-la-Comision.jpeg",150,100,false]},"author_info":{"display_name":"admpu17wp","author_link":"https:\/\/experienciadevida.com.ar\/portalurbano\/author\/admpu17wp\/"},"category_info":"<a href=\"https:\/\/experienciadevida.com.ar\/portalurbano\/category\/ciudad\/\" rel=\"category tag\">Ciudad<\/a> <a href=\"https:\/\/experienciadevida.com.ar\/portalurbano\/category\/destacadas\/\" rel=\"category tag\">Destacadas<\/a>","tag_info":"Destacadas","comment_count":"0","amp_enabled":true,"_links":{"self":[{"href":"https:\/\/experienciadevida.com.ar\/portalurbano\/wp-json\/wp\/v2\/posts\/161268"}],"collection":[{"href":"https:\/\/experienciadevida.com.ar\/portalurbano\/wp-json\/wp\/v2\/posts"}],"about":[{"href":"https:\/\/experienciadevida.com.ar\/portalurbano\/wp-json\/wp\/v2\/types\/post"}],"author":[{"embeddable":true,"href":"https:\/\/experienciadevida.com.ar\/portalurbano\/wp-json\/wp\/v2\/users\/1"}],"replies":[{"embeddable":true,"href":"https:\/\/experienciadevida.com.ar\/portalurbano\/wp-json\/wp\/v2\/comments?post=161268"}],"version-history":[{"count":2,"href":"https:\/\/experienciadevida.com.ar\/portalurbano\/wp-json\/wp\/v2\/posts\/161268\/revisions"}],"predecessor-version":[{"id":161271,"href":"https:\/\/experienciadevida.com.ar\/portalurbano\/wp-json\/wp\/v2\/posts\/161268\/revisions\/161271"}],"wp:featuredmedia":[{"embeddable":true,"href":"https:\/\/experienciadevida.com.ar\/portalurbano\/wp-json\/wp\/v2\/media\/161269"}],"wp:attachment":[{"href":"https:\/\/experienciadevida.com.ar\/portalurbano\/wp-json\/wp\/v2\/media?parent=161268"}],"wp:term":[{"taxonomy":"category","embeddable":true,"href":"https:\/\/experienciadevida.com.ar\/portalurbano\/wp-json\/wp\/v2\/categories?post=161268"},{"taxonomy":"post_tag","embeddable":true,"href":"https:\/\/experienciadevida.com.ar\/portalurbano\/wp-json\/wp\/v2\/tags?post=161268"}],"curies":[{"name":"wp","href":"https:\/\/api.w.org\/{rel}","templated":true}]}}