{"id":161253,"date":"2022-02-07T09:51:48","date_gmt":"2022-02-07T12:51:48","guid":{"rendered":"https:\/\/experienciadevida.com.ar\/portalurbano\/?p=161253"},"modified":"2022-02-07T09:54:54","modified_gmt":"2022-02-07T12:54:54","slug":"eleccion-de-delegados-comienza-el-plazo-para-presentacion-de-documentacion","status":"publish","type":"post","link":"https:\/\/experienciadevida.com.ar\/portalurbano\/eleccion-de-delegados-comienza-el-plazo-para-presentacion-de-documentacion\/","title":{"rendered":"Elecci\u00f3n de Delegados: comienza el plazo para presentaci\u00f3n de  documentaci\u00f3n"},"content":{"rendered":"<p>Elecci\u00f3n de Delegados: comienza el plazo para presentaci\u00f3n de documentaci\u00f3n, la secretar\u00eda de Gobierno, a trav\u00e9s de la Direcci\u00f3n de Delegaciones, informa que, a partir de este lunes 7 y hasta el viernes 18 de febrero, se puede presentar la documentaci\u00f3n requerida, de cara a las elecciones 2022 para elegir a los representantes de las localidades del Partido.<\/p>\n<p>Los aspirantes a delegados deber\u00e1n presentar los documentos solicitados, que incluyen el 8% de avales del padr\u00f3n de cada comunidad. Se llevar\u00e1n adelante encuentros orientativos en lo concerniente a forma, contenido y modelo de presentaci\u00f3n de documentaci\u00f3n.<\/p>\n<p>Se recuerda que la Elecci\u00f3n de Delegados 2022 se encuadra en una Consulta Popular No Vinculante, bajo un sistema de boleta \u00fanica. Se llevar\u00e1 a cabo el domingo 10 de abril, de 10 a 16 horas, en todas las localidades de manera simult\u00e1nea. El padr\u00f3n comprende 14.337 vecinos. El mandato dura dos a\u00f1os (hasta 2024).<\/p>\n<p>A continuaci\u00f3n se detallan las instancias subsiguientes:<\/p>\n<p>2- Presentaci\u00f3n de documentaci\u00f3n: del 7 al 18 de febrero.<\/p>\n<p>3- An\u00e1lisis de documentaci\u00f3n: 21 de febrero al 14 de marzo.<\/p>\n<p>4- Junta Electoral-Oficializaci\u00f3n de candidaturas: 15 al 18 de marzo.<\/p>\n<p>5- Inicio de campa\u00f1a de los candidatos: 21 de marzo al 7 de abril.<\/p>\n<p>&nbsp;<\/p>\n","protected":false},"excerpt":{"rendered":"<p>Elecci\u00f3n de Delegados: comienza el plazo para presentaci\u00f3n de documentaci\u00f3n, la secretar\u00eda de Gobierno, a&#8230;<\/p>\n","protected":false},"author":1,"featured_media":161254,"comment_status":"closed","ping_status":"closed","sticky":false,"template":"","format":"standard","meta":{"content-type":""},"categories":[27,51],"tags":[],"nelio_content":{"isAutoShareEnabled":false,"autoShareEndMode":"default","automationSources":{"useContentSentences":true,"useSocialTemplates":true,"useCustomSentences":false,"customSentences":[]},"followers":[1],"suggestedReferences":[],"includedReferences":[],"efiUrl":"","efiAlt":"","highlights":[]},"yoast_head":"<!-- This site is optimized with the Yoast SEO plugin v20.7 - https:\/\/yoast.com\/wordpress\/plugins\/seo\/ -->\n<title>Elecci\u00f3n de delegados: Comienza el plazo para presentaci\u00f3n<\/title>\n<meta name=\"description\" content=\"Elecci\u00f3n de Delegados: comienza el plazo para presentaci\u00f3n de documentaci\u00f3n, a partir de este lunes 7 y hasta el viernes 18 de febrero,\" \/>\n<meta name=\"robots\" content=\"index, follow, max-snippet:-1, max-image-preview:large, max-video-preview:-1\" \/>\n<link rel=\"canonical\" href=\"https:\/\/experienciadevida.com.ar\/portalurbano\/eleccion-de-delegados-comienza-el-plazo-para-presentacion-de-documentacion\/\" \/>\n<meta property=\"og:locale\" content=\"es_ES\" \/>\n<meta property=\"og:type\" content=\"article\" \/>\n<meta property=\"og:title\" content=\"Elecci\u00f3n de delegados: Comienza el plazo para presentaci\u00f3n\" \/>\n<meta property=\"og:description\" content=\"Elecci\u00f3n de Delegados: comienza el plazo para presentaci\u00f3n de documentaci\u00f3n, a partir de este lunes 7 y hasta el viernes 18 de febrero,\" \/>\n<meta property=\"og:url\" content=\"https:\/\/experienciadevida.com.ar\/portalurbano\/eleccion-de-delegados-comienza-el-plazo-para-presentacion-de-documentacion\/\" \/>\n<meta property=\"article:publisher\" content=\"https:\/\/www.facebook.com\/Portal-Urbano-171542830093757\/\" \/>\n<meta property=\"article:published_time\" content=\"2022-02-07T12:51:48+00:00\" \/>\n<meta property=\"article:modified_time\" content=\"2022-02-07T12:54:54+00:00\" \/>\n<meta property=\"og:image\" content=\"https:\/\/experienciadevida.com.ar\/portalurbano\/wp-content\/uploads\/2022\/02\/Eleccion-de-delegados-1.jpg\" \/>\n\t<meta property=\"og:image:width\" content=\"1024\" \/>\n\t<meta property=\"og:image:height\" content=\"685\" \/>\n\t<meta property=\"og:image:type\" content=\"image\/jpeg\" \/>\n<meta name=\"author\" content=\"admpu17wp\" \/>\n<meta name=\"twitter:card\" content=\"summary_large_image\" \/>\n<meta name=\"twitter:creator\" content=\"@portalurbanook\" \/>\n<meta name=\"twitter:site\" content=\"@portalurbanook\" \/>\n<meta name=\"twitter:label1\" content=\"Escrito por\" \/>\n\t<meta name=\"twitter:data1\" content=\"admpu17wp\" \/>\n\t<meta name=\"twitter:label2\" content=\"Tiempo de lectura\" \/>\n\t<meta name=\"twitter:data2\" content=\"1 minuto\" \/>\n<script type=\"application\/ld+json\" class=\"yoast-schema-graph\">{\"@context\":\"https:\/\/schema.org\",\"@graph\":[{\"@type\":\"Article\",\"@id\":\"https:\/\/experienciadevida.com.ar\/portalurbano\/eleccion-de-delegados-comienza-el-plazo-para-presentacion-de-documentacion\/#article\",\"isPartOf\":{\"@id\":\"https:\/\/experienciadevida.com.ar\/portalurbano\/eleccion-de-delegados-comienza-el-plazo-para-presentacion-de-documentacion\/\"},\"author\":{\"name\":\"admpu17wp\",\"@id\":\"https:\/\/experienciadevida.com.ar\/portalurbano\/#\/schema\/person\/02dd326b1c4b056e9cc972486934a3a7\"},\"headline\":\"Elecci\u00f3n de Delegados: comienza el plazo para presentaci\u00f3n de documentaci\u00f3n\",\"datePublished\":\"2022-02-07T12:51:48+00:00\",\"dateModified\":\"2022-02-07T12:54:54+00:00\",\"mainEntityOfPage\":{\"@id\":\"https:\/\/experienciadevida.com.ar\/portalurbano\/eleccion-de-delegados-comienza-el-plazo-para-presentacion-de-documentacion\/\"},\"wordCount\":221,\"publisher\":{\"@id\":\"https:\/\/experienciadevida.com.ar\/portalurbano\/#organization\"},\"articleSection\":[\"Ciudad\",\"Destacadas\"],\"inLanguage\":\"es\"},{\"@type\":\"WebPage\",\"@id\":\"https:\/\/experienciadevida.com.ar\/portalurbano\/eleccion-de-delegados-comienza-el-plazo-para-presentacion-de-documentacion\/\",\"url\":\"https:\/\/experienciadevida.com.ar\/portalurbano\/eleccion-de-delegados-comienza-el-plazo-para-presentacion-de-documentacion\/\",\"name\":\"Elecci\u00f3n de delegados: Comienza el plazo para presentaci\u00f3n\",\"isPartOf\":{\"@id\":\"https:\/\/experienciadevida.com.ar\/portalurbano\/#website\"},\"datePublished\":\"2022-02-07T12:51:48+00:00\",\"dateModified\":\"2022-02-07T12:54:54+00:00\",\"description\":\"Elecci\u00f3n de Delegados: comienza el plazo para presentaci\u00f3n de documentaci\u00f3n, a partir de este lunes 7 y hasta el viernes 18 de febrero,\",\"breadcrumb\":{\"@id\":\"https:\/\/experienciadevida.com.ar\/portalurbano\/eleccion-de-delegados-comienza-el-plazo-para-presentacion-de-documentacion\/#breadcrumb\"},\"inLanguage\":\"es\",\"potentialAction\":[{\"@type\":\"ReadAction\",\"target\":[\"https:\/\/experienciadevida.com.ar\/portalurbano\/eleccion-de-delegados-comienza-el-plazo-para-presentacion-de-documentacion\/\"]}]},{\"@type\":\"BreadcrumbList\",\"@id\":\"https:\/\/experienciadevida.com.ar\/portalurbano\/eleccion-de-delegados-comienza-el-plazo-para-presentacion-de-documentacion\/#breadcrumb\",\"itemListElement\":[{\"@type\":\"ListItem\",\"position\":1,\"name\":\"Portada\",\"item\":\"https:\/\/experienciadevida.com.ar\/portalurbano\/\"},{\"@type\":\"ListItem\",\"position\":2,\"name\":\"Elecci\u00f3n de Delegados: comienza el plazo para presentaci\u00f3n de documentaci\u00f3n\"}]},{\"@type\":\"WebSite\",\"@id\":\"https:\/\/experienciadevida.com.ar\/portalurbano\/#website\",\"url\":\"https:\/\/experienciadevida.com.ar\/portalurbano\/\",\"name\":\"\",\"description\":\"\",\"publisher\":{\"@id\":\"https:\/\/experienciadevida.com.ar\/portalurbano\/#organization\"},\"potentialAction\":[{\"@type\":\"SearchAction\",\"target\":{\"@type\":\"EntryPoint\",\"urlTemplate\":\"https:\/\/experienciadevida.com.ar\/portalurbano\/?s={search_term_string}\"},\"query-input\":\"required name=search_term_string\"}],\"inLanguage\":\"es\"},{\"@type\":\"Organization\",\"@id\":\"https:\/\/experienciadevida.com.ar\/portalurbano\/#organization\",\"name\":\"Portal Urbano\",\"url\":\"https:\/\/experienciadevida.com.ar\/portalurbano\/\",\"logo\":{\"@type\":\"ImageObject\",\"inLanguage\":\"es\",\"@id\":\"https:\/\/experienciadevida.com.ar\/portalurbano\/#\/schema\/logo\/image\/\",\"url\":\"https:\/\/experienciadevida.com.ar\/portalurbano\/wp-content\/uploads\/2019\/09\/Logo-Original.png\",\"contentUrl\":\"https:\/\/experienciadevida.com.ar\/portalurbano\/wp-content\/uploads\/2019\/09\/Logo-Original.png\",\"width\":2236,\"height\":1216,\"caption\":\"Portal Urbano\"},\"image\":{\"@id\":\"https:\/\/experienciadevida.com.ar\/portalurbano\/#\/schema\/logo\/image\/\"},\"sameAs\":[\"https:\/\/www.facebook.com\/Portal-Urbano-171542830093757\/\",\"https:\/\/twitter.com\/portalurbanook\",\"https:\/\/www.instagram.com\/_portalurbano\/\",\"https:\/\/www.youtube.com\/channel\/UCXhagIfszH8KxFiOok79zbA?view_as=subscriber\"]},{\"@type\":\"Person\",\"@id\":\"https:\/\/experienciadevida.com.ar\/portalurbano\/#\/schema\/person\/02dd326b1c4b056e9cc972486934a3a7\",\"name\":\"admpu17wp\",\"image\":{\"@type\":\"ImageObject\",\"inLanguage\":\"es\",\"@id\":\"https:\/\/experienciadevida.com.ar\/portalurbano\/#\/schema\/person\/image\/\",\"url\":\"https:\/\/secure.gravatar.com\/avatar\/830d4c57adaae6630765e449a6908047?s=96&d=mm&r=g\",\"contentUrl\":\"https:\/\/secure.gravatar.com\/avatar\/830d4c57adaae6630765e449a6908047?s=96&d=mm&r=g\",\"caption\":\"admpu17wp\"}}]}<\/script>\n<!-- \/ Yoast SEO plugin. -->","yoast_head_json":{"title":"Elecci\u00f3n de delegados: Comienza el plazo para presentaci\u00f3n","description":"Elecci\u00f3n de Delegados: comienza el plazo para presentaci\u00f3n de documentaci\u00f3n, a partir de este lunes 7 y hasta el viernes 18 de febrero,","robots":{"index":"index","follow":"follow","max-snippet":"max-snippet:-1","max-image-preview":"max-image-preview:large","max-video-preview":"max-video-preview:-1"},"canonical":"https:\/\/experienciadevida.com.ar\/portalurbano\/eleccion-de-delegados-comienza-el-plazo-para-presentacion-de-documentacion\/","og_locale":"es_ES","og_type":"article","og_title":"Elecci\u00f3n de delegados: Comienza el plazo para presentaci\u00f3n","og_description":"Elecci\u00f3n de Delegados: comienza el plazo para presentaci\u00f3n de documentaci\u00f3n, a partir de este lunes 7 y hasta el viernes 18 de febrero,","og_url":"https:\/\/experienciadevida.com.ar\/portalurbano\/eleccion-de-delegados-comienza-el-plazo-para-presentacion-de-documentacion\/","article_publisher":"https:\/\/www.facebook.com\/Portal-Urbano-171542830093757\/","article_published_time":"2022-02-07T12:51:48+00:00","article_modified_time":"2022-02-07T12:54:54+00:00","og_image":[{"width":1024,"height":685,"url":"https:\/\/experienciadevida.com.ar\/portalurbano\/wp-content\/uploads\/2022\/02\/Eleccion-de-delegados-1.jpg","type":"image\/jpeg"}],"author":"admpu17wp","twitter_card":"summary_large_image","twitter_creator":"@portalurbanook","twitter_site":"@portalurbanook","twitter_misc":{"Escrito por":"admpu17wp","Tiempo de lectura":"1 minuto"},"schema":{"@context":"https:\/\/schema.org","@graph":[{"@type":"Article","@id":"https:\/\/experienciadevida.com.ar\/portalurbano\/eleccion-de-delegados-comienza-el-plazo-para-presentacion-de-documentacion\/#article","isPartOf":{"@id":"https:\/\/experienciadevida.com.ar\/portalurbano\/eleccion-de-delegados-comienza-el-plazo-para-presentacion-de-documentacion\/"},"author":{"name":"admpu17wp","@id":"https:\/\/experienciadevida.com.ar\/portalurbano\/#\/schema\/person\/02dd326b1c4b056e9cc972486934a3a7"},"headline":"Elecci\u00f3n de Delegados: comienza el plazo para presentaci\u00f3n de documentaci\u00f3n","datePublished":"2022-02-07T12:51:48+00:00","dateModified":"2022-02-07T12:54:54+00:00","mainEntityOfPage":{"@id":"https:\/\/experienciadevida.com.ar\/portalurbano\/eleccion-de-delegados-comienza-el-plazo-para-presentacion-de-documentacion\/"},"wordCount":221,"publisher":{"@id":"https:\/\/experienciadevida.com.ar\/portalurbano\/#organization"},"articleSection":["Ciudad","Destacadas"],"inLanguage":"es"},{"@type":"WebPage","@id":"https:\/\/experienciadevida.com.ar\/portalurbano\/eleccion-de-delegados-comienza-el-plazo-para-presentacion-de-documentacion\/","url":"https:\/\/experienciadevida.com.ar\/portalurbano\/eleccion-de-delegados-comienza-el-plazo-para-presentacion-de-documentacion\/","name":"Elecci\u00f3n de delegados: Comienza el plazo para presentaci\u00f3n","isPartOf":{"@id":"https:\/\/experienciadevida.com.ar\/portalurbano\/#website"},"datePublished":"2022-02-07T12:51:48+00:00","dateModified":"2022-02-07T12:54:54+00:00","description":"Elecci\u00f3n de Delegados: comienza el plazo para presentaci\u00f3n de documentaci\u00f3n, a partir de este lunes 7 y hasta el viernes 18 de febrero,","breadcrumb":{"@id":"https:\/\/experienciadevida.com.ar\/portalurbano\/eleccion-de-delegados-comienza-el-plazo-para-presentacion-de-documentacion\/#breadcrumb"},"inLanguage":"es","potentialAction":[{"@type":"ReadAction","target":["https:\/\/experienciadevida.com.ar\/portalurbano\/eleccion-de-delegados-comienza-el-plazo-para-presentacion-de-documentacion\/"]}]},{"@type":"BreadcrumbList","@id":"https:\/\/experienciadevida.com.ar\/portalurbano\/eleccion-de-delegados-comienza-el-plazo-para-presentacion-de-documentacion\/#breadcrumb","itemListElement":[{"@type":"ListItem","position":1,"name":"Portada","item":"https:\/\/experienciadevida.com.ar\/portalurbano\/"},{"@type":"ListItem","position":2,"name":"Elecci\u00f3n de Delegados: comienza el plazo para presentaci\u00f3n de documentaci\u00f3n"}]},{"@type":"WebSite","@id":"https:\/\/experienciadevida.com.ar\/portalurbano\/#website","url":"https:\/\/experienciadevida.com.ar\/portalurbano\/","name":"","description":"","publisher":{"@id":"https:\/\/experienciadevida.com.ar\/portalurbano\/#organization"},"potentialAction":[{"@type":"SearchAction","target":{"@type":"EntryPoint","urlTemplate":"https:\/\/experienciadevida.com.ar\/portalurbano\/?s={search_term_string}"},"query-input":"required name=search_term_string"}],"inLanguage":"es"},{"@type":"Organization","@id":"https:\/\/experienciadevida.com.ar\/portalurbano\/#organization","name":"Portal Urbano","url":"https:\/\/experienciadevida.com.ar\/portalurbano\/","logo":{"@type":"ImageObject","inLanguage":"es","@id":"https:\/\/experienciadevida.com.ar\/portalurbano\/#\/schema\/logo\/image\/","url":"https:\/\/experienciadevida.com.ar\/portalurbano\/wp-content\/uploads\/2019\/09\/Logo-Original.png","contentUrl":"https:\/\/experienciadevida.com.ar\/portalurbano\/wp-content\/uploads\/2019\/09\/Logo-Original.png","width":2236,"height":1216,"caption":"Portal Urbano"},"image":{"@id":"https:\/\/experienciadevida.com.ar\/portalurbano\/#\/schema\/logo\/image\/"},"sameAs":["https:\/\/www.facebook.com\/Portal-Urbano-171542830093757\/","https:\/\/twitter.com\/portalurbanook","https:\/\/www.instagram.com\/_portalurbano\/","https:\/\/www.youtube.com\/channel\/UCXhagIfszH8KxFiOok79zbA?view_as=subscriber"]},{"@type":"Person","@id":"https:\/\/experienciadevida.com.ar\/portalurbano\/#\/schema\/person\/02dd326b1c4b056e9cc972486934a3a7","name":"admpu17wp","image":{"@type":"ImageObject","inLanguage":"es","@id":"https:\/\/experienciadevida.com.ar\/portalurbano\/#\/schema\/person\/image\/","url":"https:\/\/secure.gravatar.com\/avatar\/830d4c57adaae6630765e449a6908047?s=96&d=mm&r=g","contentUrl":"https:\/\/secure.gravatar.com\/avatar\/830d4c57adaae6630765e449a6908047?s=96&d=mm&r=g","caption":"admpu17wp"}}]}},"featured_image_urls":{"full":["https:\/\/experienciadevida.com.ar\/portalurbano\/wp-content\/uploads\/2022\/02\/Eleccion-de-delegados-1.jpg",1024,685,false],"thumbnail":["https:\/\/experienciadevida.com.ar\/portalurbano\/wp-content\/uploads\/2022\/02\/Eleccion-de-delegados-1-150x150.jpg",150,150,true],"medium":["https:\/\/experienciadevida.com.ar\/portalurbano\/wp-content\/uploads\/2022\/02\/Eleccion-de-delegados-1-300x201.jpg",300,201,true],"medium_large":["https:\/\/experienciadevida.com.ar\/portalurbano\/wp-content\/uploads\/2022\/02\/Eleccion-de-delegados-1-768x514.jpg",640,428,true],"large":["https:\/\/experienciadevida.com.ar\/portalurbano\/wp-content\/uploads\/2022\/02\/Eleccion-de-delegados-1.jpg",640,428,false],"ug_big":["https:\/\/experienciadevida.com.ar\/portalurbano\/wp-content\/uploads\/2022\/02\/Eleccion-de-delegados-1-768x514.jpg",768,514,true],"1536x1536":["https:\/\/experienciadevida.com.ar\/portalurbano\/wp-content\/uploads\/2022\/02\/Eleccion-de-delegados-1.jpg",1024,685,false],"2048x2048":["https:\/\/experienciadevida.com.ar\/portalurbano\/wp-content\/uploads\/2022\/02\/Eleccion-de-delegados-1.jpg",1024,685,false],"newsever-slider-full":["https:\/\/experienciadevida.com.ar\/portalurbano\/wp-content\/uploads\/2022\/02\/Eleccion-de-delegados-1.jpg",1024,685,false],"newsever-featured":["https:\/\/experienciadevida.com.ar\/portalurbano\/wp-content\/uploads\/2022\/02\/Eleccion-de-delegados-1.jpg",1024,685,false],"newsever-medium":["https:\/\/experienciadevida.com.ar\/portalurbano\/wp-content\/uploads\/2022\/02\/Eleccion-de-delegados-1.jpg",710,475,false],"web-stories-poster-portrait":["https:\/\/experienciadevida.com.ar\/portalurbano\/wp-content\/uploads\/2022\/02\/Eleccion-de-delegados-1.jpg",640,428,false],"web-stories-publisher-logo":["https:\/\/experienciadevida.com.ar\/portalurbano\/wp-content\/uploads\/2022\/02\/Eleccion-de-delegados-1.jpg",96,64,false],"web-stories-thumbnail":["https:\/\/experienciadevida.com.ar\/portalurbano\/wp-content\/uploads\/2022\/02\/Eleccion-de-delegados-1.jpg",150,100,false]},"author_info":{"display_name":"admpu17wp","author_link":"https:\/\/experienciadevida.com.ar\/portalurbano\/author\/admpu17wp\/"},"category_info":"<a href=\"https:\/\/experienciadevida.com.ar\/portalurbano\/category\/ciudad\/\" rel=\"category tag\">Ciudad<\/a> <a href=\"https:\/\/experienciadevida.com.ar\/portalurbano\/category\/destacadas\/\" rel=\"category tag\">Destacadas<\/a>","tag_info":"Destacadas","comment_count":"0","amp_enabled":true,"_links":{"self":[{"href":"https:\/\/experienciadevida.com.ar\/portalurbano\/wp-json\/wp\/v2\/posts\/161253"}],"collection":[{"href":"https:\/\/experienciadevida.com.ar\/portalurbano\/wp-json\/wp\/v2\/posts"}],"about":[{"href":"https:\/\/experienciadevida.com.ar\/portalurbano\/wp-json\/wp\/v2\/types\/post"}],"author":[{"embeddable":true,"href":"https:\/\/experienciadevida.com.ar\/portalurbano\/wp-json\/wp\/v2\/users\/1"}],"replies":[{"embeddable":true,"href":"https:\/\/experienciadevida.com.ar\/portalurbano\/wp-json\/wp\/v2\/comments?post=161253"}],"version-history":[{"count":1,"href":"https:\/\/experienciadevida.com.ar\/portalurbano\/wp-json\/wp\/v2\/posts\/161253\/revisions"}],"predecessor-version":[{"id":161255,"href":"https:\/\/experienciadevida.com.ar\/portalurbano\/wp-json\/wp\/v2\/posts\/161253\/revisions\/161255"}],"wp:featuredmedia":[{"embeddable":true,"href":"https:\/\/experienciadevida.com.ar\/portalurbano\/wp-json\/wp\/v2\/media\/161254"}],"wp:attachment":[{"href":"https:\/\/experienciadevida.com.ar\/portalurbano\/wp-json\/wp\/v2\/media?parent=161253"}],"wp:term":[{"taxonomy":"category","embeddable":true,"href":"https:\/\/experienciadevida.com.ar\/portalurbano\/wp-json\/wp\/v2\/categories?post=161253"},{"taxonomy":"post_tag","embeddable":true,"href":"https:\/\/experienciadevida.com.ar\/portalurbano\/wp-json\/wp\/v2\/tags?post=161253"}],"curies":[{"name":"wp","href":"https:\/\/api.w.org\/{rel}","templated":true}]}}