{"id":161231,"date":"2022-02-06T10:38:37","date_gmt":"2022-02-06T13:38:37","guid":{"rendered":"https:\/\/experienciadevida.com.ar\/portalurbano\/?p=161231"},"modified":"2022-02-06T10:41:05","modified_gmt":"2022-02-06T13:41:05","slug":"el-vacunatorio-itinerante-llega-este-domingo-a-sierras-bayas","status":"publish","type":"post","link":"https:\/\/experienciadevida.com.ar\/portalurbano\/el-vacunatorio-itinerante-llega-este-domingo-a-sierras-bayas\/","title":{"rendered":"El vacunatorio itinerante llega este domingo a Sierras Bayas"},"content":{"rendered":"<p>Este domingo se llevar\u00e1 adelante una nueva jornada del vacunatorio itinerante, en esta oportunidad se instalar\u00e1 en la plaza central de Sierras Bayas de 19 a 23 hs.\u00a0<strong>Se invita a vecinas y vecinos de la localidad a completar esquemas de vacunaci\u00f3n contra el Covid.<\/strong><\/p>\n<p>Este s\u00e1bado se aplicaron 50 vacunas contra el Covid-19 a ni\u00f1os y ni\u00f1as de 3 a 17 a\u00f1os, y 410 terceras dosis sobre un total de 515 aplicaciones, distribuidas de la siguiente manera: en la Facultad de Ciencias de la Salud se inocularon 263 personas, y en el Servicio Territorial N\u00b02 se aplicaron 252 dosis.<\/p>\n<p>Contin\u00faa vigente la implementaci\u00f3n del Pase Libre con Vacuna en la provincia de Buenos Aires. Los responsables de actividades con alta concurrencia deber\u00e1n solicitar el certificado de vacunaci\u00f3n. Es el requisito de al menos dos dosis de la vacuna contra el Covid-19 si ten\u00e9s m\u00e1s de 13 a\u00f1os para poder asistir a algunas actividades en la provincia de Buenos Aires que pueden presentar mayor riesgo epidemiol\u00f3gico. No obstante, hasta el 28 de febrero si una persona tiene la primera dosis y no se cumpli\u00f3 el tiempo m\u00ednimo interdosis (seis semanas), tambi\u00e9n puede acreditar el pase libre.<\/p>\n<p>Inici\u00f3 d\u00edas atr\u00e1s la vacunaci\u00f3n libre de terceras dosis para todas las personas mayores de 50 a\u00f1os y para las y los trabajadores de la educaci\u00f3n de todos los niveles educativos y contin\u00faa la inoculaci\u00f3n libre de primeras y segundas dosis para mayores de 3 a\u00f1os, ya sean argentinas, argentinos y turistas extranjeros, y la aplicaci\u00f3n libre de terceras dosis para inmunodeprimidos, personal de seguridad, personas gestantes o en periodo de lactancia.<\/p>\n<p>Cualquier duda o consulta, podr\u00e1n acercarse a cualquiera de las dos postas: Servicio Territorial N\u00b02, Av. Alberdi 2543, de 8 a 18 hs y en la Facultad de Ciencias de la Salud, Merlo entre Av. Pringles y 9 de Julio, de 8 a 18 hs.<\/p>\n<p>A la par, contin\u00faan las actividades preventivas en el Centro Provincial de Testeos que funciona en el gimnasio del Club El Fort\u00edn (Pellegrini y Hornos, acceso por calle Hornos), de lunes a viernes de 7 a 12 hs, destinadas a mayores de 60, personas de riego o embarazadas.<\/p>\n","protected":false},"excerpt":{"rendered":"<p>Este domingo se llevar\u00e1 adelante una nueva jornada del vacunatorio itinerante, en esta oportunidad se&#8230;<\/p>\n","protected":false},"author":1,"featured_media":161232,"comment_status":"closed","ping_status":"closed","sticky":false,"template":"","format":"standard","meta":{"content-type":""},"categories":[27,51],"tags":[],"nelio_content":{"isAutoShareEnabled":false,"autoShareEndMode":"default","automationSources":{"useContentSentences":true,"useSocialTemplates":true,"useCustomSentences":false,"customSentences":[]},"followers":[1],"suggestedReferences":[],"includedReferences":[],"efiUrl":"","efiAlt":"","highlights":[]},"yoast_head":"<!-- This site is optimized with the Yoast SEO plugin v20.7 - https:\/\/yoast.com\/wordpress\/plugins\/seo\/ -->\n<title>El vacunatorio itinerante llega este domingo a Sierras Bayas<\/title>\n<meta name=\"description\" content=\"Se llevar\u00e1 adelante una nueva jornada del vacunatorio itinerante, en esta oportunidad se instalar\u00e1 en la plaza de S.Bayas de 19 a 23 hs.\" \/>\n<meta name=\"robots\" content=\"index, follow, max-snippet:-1, max-image-preview:large, max-video-preview:-1\" \/>\n<link rel=\"canonical\" href=\"https:\/\/experienciadevida.com.ar\/portalurbano\/el-vacunatorio-itinerante-llega-este-domingo-a-sierras-bayas\/\" \/>\n<meta property=\"og:locale\" content=\"es_ES\" \/>\n<meta property=\"og:type\" content=\"article\" \/>\n<meta property=\"og:title\" content=\"El vacunatorio itinerante llega este domingo a Sierras Bayas\" \/>\n<meta property=\"og:description\" content=\"Se llevar\u00e1 adelante una nueva jornada del vacunatorio itinerante, en esta oportunidad se instalar\u00e1 en la plaza de S.Bayas de 19 a 23 hs.\" \/>\n<meta property=\"og:url\" content=\"https:\/\/experienciadevida.com.ar\/portalurbano\/el-vacunatorio-itinerante-llega-este-domingo-a-sierras-bayas\/\" \/>\n<meta property=\"article:publisher\" content=\"https:\/\/www.facebook.com\/Portal-Urbano-171542830093757\/\" \/>\n<meta property=\"article:published_time\" content=\"2022-02-06T13:38:37+00:00\" \/>\n<meta property=\"article:modified_time\" content=\"2022-02-06T13:41:05+00:00\" \/>\n<meta property=\"og:image\" content=\"https:\/\/experienciadevida.com.ar\/portalurbano\/wp-content\/uploads\/2022\/02\/vacunacion-e1644154632127.jpg\" \/>\n\t<meta property=\"og:image:width\" content=\"800\" \/>\n\t<meta property=\"og:image:height\" content=\"533\" \/>\n\t<meta property=\"og:image:type\" content=\"image\/jpeg\" \/>\n<meta name=\"author\" content=\"admpu17wp\" \/>\n<meta name=\"twitter:card\" content=\"summary_large_image\" \/>\n<meta name=\"twitter:creator\" content=\"@portalurbanook\" \/>\n<meta name=\"twitter:site\" content=\"@portalurbanook\" \/>\n<meta name=\"twitter:label1\" content=\"Escrito por\" \/>\n\t<meta name=\"twitter:data1\" content=\"admpu17wp\" \/>\n\t<meta name=\"twitter:label2\" content=\"Tiempo de lectura\" \/>\n\t<meta name=\"twitter:data2\" content=\"2 minutos\" \/>\n<script type=\"application\/ld+json\" class=\"yoast-schema-graph\">{\"@context\":\"https:\/\/schema.org\",\"@graph\":[{\"@type\":\"Article\",\"@id\":\"https:\/\/experienciadevida.com.ar\/portalurbano\/el-vacunatorio-itinerante-llega-este-domingo-a-sierras-bayas\/#article\",\"isPartOf\":{\"@id\":\"https:\/\/experienciadevida.com.ar\/portalurbano\/el-vacunatorio-itinerante-llega-este-domingo-a-sierras-bayas\/\"},\"author\":{\"name\":\"admpu17wp\",\"@id\":\"https:\/\/experienciadevida.com.ar\/portalurbano\/#\/schema\/person\/02dd326b1c4b056e9cc972486934a3a7\"},\"headline\":\"El vacunatorio itinerante llega este domingo a Sierras Bayas\",\"datePublished\":\"2022-02-06T13:38:37+00:00\",\"dateModified\":\"2022-02-06T13:41:05+00:00\",\"mainEntityOfPage\":{\"@id\":\"https:\/\/experienciadevida.com.ar\/portalurbano\/el-vacunatorio-itinerante-llega-este-domingo-a-sierras-bayas\/\"},\"wordCount\":375,\"publisher\":{\"@id\":\"https:\/\/experienciadevida.com.ar\/portalurbano\/#organization\"},\"articleSection\":[\"Ciudad\",\"Destacadas\"],\"inLanguage\":\"es\"},{\"@type\":\"WebPage\",\"@id\":\"https:\/\/experienciadevida.com.ar\/portalurbano\/el-vacunatorio-itinerante-llega-este-domingo-a-sierras-bayas\/\",\"url\":\"https:\/\/experienciadevida.com.ar\/portalurbano\/el-vacunatorio-itinerante-llega-este-domingo-a-sierras-bayas\/\",\"name\":\"El vacunatorio itinerante llega este domingo a Sierras Bayas\",\"isPartOf\":{\"@id\":\"https:\/\/experienciadevida.com.ar\/portalurbano\/#website\"},\"datePublished\":\"2022-02-06T13:38:37+00:00\",\"dateModified\":\"2022-02-06T13:41:05+00:00\",\"description\":\"Se llevar\u00e1 adelante una nueva jornada del vacunatorio itinerante, en esta oportunidad se instalar\u00e1 en la plaza de S.Bayas de 19 a 23 hs.\",\"breadcrumb\":{\"@id\":\"https:\/\/experienciadevida.com.ar\/portalurbano\/el-vacunatorio-itinerante-llega-este-domingo-a-sierras-bayas\/#breadcrumb\"},\"inLanguage\":\"es\",\"potentialAction\":[{\"@type\":\"ReadAction\",\"target\":[\"https:\/\/experienciadevida.com.ar\/portalurbano\/el-vacunatorio-itinerante-llega-este-domingo-a-sierras-bayas\/\"]}]},{\"@type\":\"BreadcrumbList\",\"@id\":\"https:\/\/experienciadevida.com.ar\/portalurbano\/el-vacunatorio-itinerante-llega-este-domingo-a-sierras-bayas\/#breadcrumb\",\"itemListElement\":[{\"@type\":\"ListItem\",\"position\":1,\"name\":\"Portada\",\"item\":\"https:\/\/experienciadevida.com.ar\/portalurbano\/\"},{\"@type\":\"ListItem\",\"position\":2,\"name\":\"El vacunatorio itinerante llega este domingo a Sierras Bayas\"}]},{\"@type\":\"WebSite\",\"@id\":\"https:\/\/experienciadevida.com.ar\/portalurbano\/#website\",\"url\":\"https:\/\/experienciadevida.com.ar\/portalurbano\/\",\"name\":\"\",\"description\":\"\",\"publisher\":{\"@id\":\"https:\/\/experienciadevida.com.ar\/portalurbano\/#organization\"},\"potentialAction\":[{\"@type\":\"SearchAction\",\"target\":{\"@type\":\"EntryPoint\",\"urlTemplate\":\"https:\/\/experienciadevida.com.ar\/portalurbano\/?s={search_term_string}\"},\"query-input\":\"required name=search_term_string\"}],\"inLanguage\":\"es\"},{\"@type\":\"Organization\",\"@id\":\"https:\/\/experienciadevida.com.ar\/portalurbano\/#organization\",\"name\":\"Portal Urbano\",\"url\":\"https:\/\/experienciadevida.com.ar\/portalurbano\/\",\"logo\":{\"@type\":\"ImageObject\",\"inLanguage\":\"es\",\"@id\":\"https:\/\/experienciadevida.com.ar\/portalurbano\/#\/schema\/logo\/image\/\",\"url\":\"https:\/\/experienciadevida.com.ar\/portalurbano\/wp-content\/uploads\/2019\/09\/Logo-Original.png\",\"contentUrl\":\"https:\/\/experienciadevida.com.ar\/portalurbano\/wp-content\/uploads\/2019\/09\/Logo-Original.png\",\"width\":2236,\"height\":1216,\"caption\":\"Portal Urbano\"},\"image\":{\"@id\":\"https:\/\/experienciadevida.com.ar\/portalurbano\/#\/schema\/logo\/image\/\"},\"sameAs\":[\"https:\/\/www.facebook.com\/Portal-Urbano-171542830093757\/\",\"https:\/\/twitter.com\/portalurbanook\",\"https:\/\/www.instagram.com\/_portalurbano\/\",\"https:\/\/www.youtube.com\/channel\/UCXhagIfszH8KxFiOok79zbA?view_as=subscriber\"]},{\"@type\":\"Person\",\"@id\":\"https:\/\/experienciadevida.com.ar\/portalurbano\/#\/schema\/person\/02dd326b1c4b056e9cc972486934a3a7\",\"name\":\"admpu17wp\",\"image\":{\"@type\":\"ImageObject\",\"inLanguage\":\"es\",\"@id\":\"https:\/\/experienciadevida.com.ar\/portalurbano\/#\/schema\/person\/image\/\",\"url\":\"https:\/\/secure.gravatar.com\/avatar\/830d4c57adaae6630765e449a6908047?s=96&d=mm&r=g\",\"contentUrl\":\"https:\/\/secure.gravatar.com\/avatar\/830d4c57adaae6630765e449a6908047?s=96&d=mm&r=g\",\"caption\":\"admpu17wp\"}}]}<\/script>\n<!-- \/ Yoast SEO plugin. -->","yoast_head_json":{"title":"El vacunatorio itinerante llega este domingo a Sierras Bayas","description":"Se llevar\u00e1 adelante una nueva jornada del vacunatorio itinerante, en esta oportunidad se instalar\u00e1 en la plaza de S.Bayas de 19 a 23 hs.","robots":{"index":"index","follow":"follow","max-snippet":"max-snippet:-1","max-image-preview":"max-image-preview:large","max-video-preview":"max-video-preview:-1"},"canonical":"https:\/\/experienciadevida.com.ar\/portalurbano\/el-vacunatorio-itinerante-llega-este-domingo-a-sierras-bayas\/","og_locale":"es_ES","og_type":"article","og_title":"El vacunatorio itinerante llega este domingo a Sierras Bayas","og_description":"Se llevar\u00e1 adelante una nueva jornada del vacunatorio itinerante, en esta oportunidad se instalar\u00e1 en la plaza de S.Bayas de 19 a 23 hs.","og_url":"https:\/\/experienciadevida.com.ar\/portalurbano\/el-vacunatorio-itinerante-llega-este-domingo-a-sierras-bayas\/","article_publisher":"https:\/\/www.facebook.com\/Portal-Urbano-171542830093757\/","article_published_time":"2022-02-06T13:38:37+00:00","article_modified_time":"2022-02-06T13:41:05+00:00","og_image":[{"width":800,"height":533,"url":"https:\/\/experienciadevida.com.ar\/portalurbano\/wp-content\/uploads\/2022\/02\/vacunacion-e1644154632127.jpg","type":"image\/jpeg"}],"author":"admpu17wp","twitter_card":"summary_large_image","twitter_creator":"@portalurbanook","twitter_site":"@portalurbanook","twitter_misc":{"Escrito por":"admpu17wp","Tiempo de lectura":"2 minutos"},"schema":{"@context":"https:\/\/schema.org","@graph":[{"@type":"Article","@id":"https:\/\/experienciadevida.com.ar\/portalurbano\/el-vacunatorio-itinerante-llega-este-domingo-a-sierras-bayas\/#article","isPartOf":{"@id":"https:\/\/experienciadevida.com.ar\/portalurbano\/el-vacunatorio-itinerante-llega-este-domingo-a-sierras-bayas\/"},"author":{"name":"admpu17wp","@id":"https:\/\/experienciadevida.com.ar\/portalurbano\/#\/schema\/person\/02dd326b1c4b056e9cc972486934a3a7"},"headline":"El vacunatorio itinerante llega este domingo a Sierras Bayas","datePublished":"2022-02-06T13:38:37+00:00","dateModified":"2022-02-06T13:41:05+00:00","mainEntityOfPage":{"@id":"https:\/\/experienciadevida.com.ar\/portalurbano\/el-vacunatorio-itinerante-llega-este-domingo-a-sierras-bayas\/"},"wordCount":375,"publisher":{"@id":"https:\/\/experienciadevida.com.ar\/portalurbano\/#organization"},"articleSection":["Ciudad","Destacadas"],"inLanguage":"es"},{"@type":"WebPage","@id":"https:\/\/experienciadevida.com.ar\/portalurbano\/el-vacunatorio-itinerante-llega-este-domingo-a-sierras-bayas\/","url":"https:\/\/experienciadevida.com.ar\/portalurbano\/el-vacunatorio-itinerante-llega-este-domingo-a-sierras-bayas\/","name":"El vacunatorio itinerante llega este domingo a Sierras Bayas","isPartOf":{"@id":"https:\/\/experienciadevida.com.ar\/portalurbano\/#website"},"datePublished":"2022-02-06T13:38:37+00:00","dateModified":"2022-02-06T13:41:05+00:00","description":"Se llevar\u00e1 adelante una nueva jornada del vacunatorio itinerante, en esta oportunidad se instalar\u00e1 en la plaza de S.Bayas de 19 a 23 hs.","breadcrumb":{"@id":"https:\/\/experienciadevida.com.ar\/portalurbano\/el-vacunatorio-itinerante-llega-este-domingo-a-sierras-bayas\/#breadcrumb"},"inLanguage":"es","potentialAction":[{"@type":"ReadAction","target":["https:\/\/experienciadevida.com.ar\/portalurbano\/el-vacunatorio-itinerante-llega-este-domingo-a-sierras-bayas\/"]}]},{"@type":"BreadcrumbList","@id":"https:\/\/experienciadevida.com.ar\/portalurbano\/el-vacunatorio-itinerante-llega-este-domingo-a-sierras-bayas\/#breadcrumb","itemListElement":[{"@type":"ListItem","position":1,"name":"Portada","item":"https:\/\/experienciadevida.com.ar\/portalurbano\/"},{"@type":"ListItem","position":2,"name":"El vacunatorio itinerante llega este domingo a Sierras Bayas"}]},{"@type":"WebSite","@id":"https:\/\/experienciadevida.com.ar\/portalurbano\/#website","url":"https:\/\/experienciadevida.com.ar\/portalurbano\/","name":"","description":"","publisher":{"@id":"https:\/\/experienciadevida.com.ar\/portalurbano\/#organization"},"potentialAction":[{"@type":"SearchAction","target":{"@type":"EntryPoint","urlTemplate":"https:\/\/experienciadevida.com.ar\/portalurbano\/?s={search_term_string}"},"query-input":"required name=search_term_string"}],"inLanguage":"es"},{"@type":"Organization","@id":"https:\/\/experienciadevida.com.ar\/portalurbano\/#organization","name":"Portal Urbano","url":"https:\/\/experienciadevida.com.ar\/portalurbano\/","logo":{"@type":"ImageObject","inLanguage":"es","@id":"https:\/\/experienciadevida.com.ar\/portalurbano\/#\/schema\/logo\/image\/","url":"https:\/\/experienciadevida.com.ar\/portalurbano\/wp-content\/uploads\/2019\/09\/Logo-Original.png","contentUrl":"https:\/\/experienciadevida.com.ar\/portalurbano\/wp-content\/uploads\/2019\/09\/Logo-Original.png","width":2236,"height":1216,"caption":"Portal Urbano"},"image":{"@id":"https:\/\/experienciadevida.com.ar\/portalurbano\/#\/schema\/logo\/image\/"},"sameAs":["https:\/\/www.facebook.com\/Portal-Urbano-171542830093757\/","https:\/\/twitter.com\/portalurbanook","https:\/\/www.instagram.com\/_portalurbano\/","https:\/\/www.youtube.com\/channel\/UCXhagIfszH8KxFiOok79zbA?view_as=subscriber"]},{"@type":"Person","@id":"https:\/\/experienciadevida.com.ar\/portalurbano\/#\/schema\/person\/02dd326b1c4b056e9cc972486934a3a7","name":"admpu17wp","image":{"@type":"ImageObject","inLanguage":"es","@id":"https:\/\/experienciadevida.com.ar\/portalurbano\/#\/schema\/person\/image\/","url":"https:\/\/secure.gravatar.com\/avatar\/830d4c57adaae6630765e449a6908047?s=96&d=mm&r=g","contentUrl":"https:\/\/secure.gravatar.com\/avatar\/830d4c57adaae6630765e449a6908047?s=96&d=mm&r=g","caption":"admpu17wp"}}]}},"featured_image_urls":{"full":["https:\/\/experienciadevida.com.ar\/portalurbano\/wp-content\/uploads\/2022\/02\/vacunacion-e1644154632127.jpg",800,533,false],"thumbnail":["https:\/\/experienciadevida.com.ar\/portalurbano\/wp-content\/uploads\/2022\/02\/vacunacion-150x150.jpg",150,150,true],"medium":["https:\/\/experienciadevida.com.ar\/portalurbano\/wp-content\/uploads\/2022\/02\/vacunacion-300x200.jpg",300,200,true],"medium_large":["https:\/\/experienciadevida.com.ar\/portalurbano\/wp-content\/uploads\/2022\/02\/vacunacion-768x511.jpg",640,426,true],"large":["https:\/\/experienciadevida.com.ar\/portalurbano\/wp-content\/uploads\/2022\/02\/vacunacion-1024x682.jpg",640,426,true],"ug_big":["https:\/\/experienciadevida.com.ar\/portalurbano\/wp-content\/uploads\/2022\/02\/vacunacion-768x511.jpg",768,511,true],"1536x1536":["https:\/\/experienciadevida.com.ar\/portalurbano\/wp-content\/uploads\/2022\/02\/vacunacion-e1644154632127.jpg",800,533,false],"2048x2048":["https:\/\/experienciadevida.com.ar\/portalurbano\/wp-content\/uploads\/2022\/02\/vacunacion-e1644154632127.jpg",800,533,false],"newsever-slider-full":["https:\/\/experienciadevida.com.ar\/portalurbano\/wp-content\/uploads\/2022\/02\/vacunacion-e1644154632127.jpg",800,533,false],"newsever-featured":["https:\/\/experienciadevida.com.ar\/portalurbano\/wp-content\/uploads\/2022\/02\/vacunacion-e1644154632127.jpg",800,533,false],"newsever-medium":["https:\/\/experienciadevida.com.ar\/portalurbano\/wp-content\/uploads\/2022\/02\/vacunacion-e1644154632127.jpg",713,475,false],"web-stories-poster-portrait":["https:\/\/experienciadevida.com.ar\/portalurbano\/wp-content\/uploads\/2022\/02\/vacunacion-e1644154632127.jpg",640,426,false],"web-stories-publisher-logo":["https:\/\/experienciadevida.com.ar\/portalurbano\/wp-content\/uploads\/2022\/02\/vacunacion-e1644154632127.jpg",96,64,false],"web-stories-thumbnail":["https:\/\/experienciadevida.com.ar\/portalurbano\/wp-content\/uploads\/2022\/02\/vacunacion-e1644154632127.jpg",150,100,false]},"author_info":{"display_name":"admpu17wp","author_link":"https:\/\/experienciadevida.com.ar\/portalurbano\/author\/admpu17wp\/"},"category_info":"<a href=\"https:\/\/experienciadevida.com.ar\/portalurbano\/category\/ciudad\/\" rel=\"category tag\">Ciudad<\/a> <a href=\"https:\/\/experienciadevida.com.ar\/portalurbano\/category\/destacadas\/\" rel=\"category tag\">Destacadas<\/a>","tag_info":"Destacadas","comment_count":"0","amp_enabled":true,"_links":{"self":[{"href":"https:\/\/experienciadevida.com.ar\/portalurbano\/wp-json\/wp\/v2\/posts\/161231"}],"collection":[{"href":"https:\/\/experienciadevida.com.ar\/portalurbano\/wp-json\/wp\/v2\/posts"}],"about":[{"href":"https:\/\/experienciadevida.com.ar\/portalurbano\/wp-json\/wp\/v2\/types\/post"}],"author":[{"embeddable":true,"href":"https:\/\/experienciadevida.com.ar\/portalurbano\/wp-json\/wp\/v2\/users\/1"}],"replies":[{"embeddable":true,"href":"https:\/\/experienciadevida.com.ar\/portalurbano\/wp-json\/wp\/v2\/comments?post=161231"}],"version-history":[{"count":1,"href":"https:\/\/experienciadevida.com.ar\/portalurbano\/wp-json\/wp\/v2\/posts\/161231\/revisions"}],"predecessor-version":[{"id":161233,"href":"https:\/\/experienciadevida.com.ar\/portalurbano\/wp-json\/wp\/v2\/posts\/161231\/revisions\/161233"}],"wp:featuredmedia":[{"embeddable":true,"href":"https:\/\/experienciadevida.com.ar\/portalurbano\/wp-json\/wp\/v2\/media\/161232"}],"wp:attachment":[{"href":"https:\/\/experienciadevida.com.ar\/portalurbano\/wp-json\/wp\/v2\/media?parent=161231"}],"wp:term":[{"taxonomy":"category","embeddable":true,"href":"https:\/\/experienciadevida.com.ar\/portalurbano\/wp-json\/wp\/v2\/categories?post=161231"},{"taxonomy":"post_tag","embeddable":true,"href":"https:\/\/experienciadevida.com.ar\/portalurbano\/wp-json\/wp\/v2\/tags?post=161231"}],"curies":[{"name":"wp","href":"https:\/\/api.w.org\/{rel}","templated":true}]}}