{"id":161179,"date":"2022-02-05T13:09:46","date_gmt":"2022-02-05T16:09:46","guid":{"rendered":"https:\/\/experienciadevida.com.ar\/portalurbano\/?p=161179"},"modified":"2022-02-05T13:10:45","modified_gmt":"2022-02-05T16:10:45","slug":"el-consejo-de-administracion-de-coopelectric-se-reunio-con-vecinos-del-bpickelado","status":"publish","type":"post","link":"https:\/\/experienciadevida.com.ar\/portalurbano\/el-consejo-de-administracion-de-coopelectric-se-reunio-con-vecinos-del-bpickelado\/","title":{"rendered":"El Consejo de administraci\u00f3n de Coopelectric se reuni\u00f3 con vecinos del B\u00b0Pickelado"},"content":{"rendered":"<p>El Consejo de administraci\u00f3n de Coopelectric se reuni\u00f3 con vecinos del B\u00b0Pickelado, \u00a0en el marco del programa el Consejo de Administraci\u00f3n de Coopelectric recibi\u00f3 en la sede administrativa a integrantes de la Junta Vecinal del barrio Procrear Pikelado y vecinos del sector. Participaron del encuentro el presidente del Consejo de<br \/>\nAdministraci\u00f3n Cruz Arouxet, el secretario Alberto Miotti, el prosecretario Oscar Angeletti, el consejero Jos\u00e9 Mor\u00e1n, el S\u00edndico Horacio Balbiani, el gerente de Coordinaci\u00f3n Ejecutiva Oscar L\u00f3pez, la gerente de Obras Sanitarias Nora Prieto, el tesorero de la Junta Vecinal de barrio Procrear Pikelado Nicol\u00e1s Bruno y los vecinos Leandro Videla Bavio y Marcos Merlo.<\/p>\n<p>Entre los temas abordaros durante el encuentro se destac\u00f3 el funcionamiento del Servicio de Obras Sanitarias en el barrio y en ese sentido los vecinos plantearon una mirada a mediano y largo plazo. Manifestaron su preocupaci\u00f3n<br \/>\npor el crecimiento demogr\u00e1fico de la zona y el impacto que ello tendr\u00eda en el Servicio Sanitario tras la incorporaci\u00f3n de las nuevas construcciones a la red de agua potable de la ciudad.<\/p>\n<p>Desde Coopelectric se destac\u00f3 el funcionamiento del pozo de extracci\u00f3n de agua ubicado en la intersecci\u00f3n de Av. Del Valle y calle Cris\u00f3logo Larralde, el cual fue puesto en funcionamiento en el a\u00f1o 2020 con la finalidad de<br \/>\nmejorar el abastecimiento a los vecinos del barrio Pikelado y sectores adyacentes.<\/p>\n<p>Reuni\u00f3n con vecinos del barrio Pikelado en el marco del programa &#8220;di\u00e1logos comunitarios&#8221;, al mismo tiempo, se les explic\u00f3 a los vecinos que el an\u00e1lisis y la aprobaci\u00f3n de los nuevos pozos de extracci\u00f3n de agua corresponde a la Comisi\u00f3n T\u00e9cnica integrada por el Municipio y Coopelectric con la finalidad de proyectar las obras a realizarse con el Fondo de Obras de Infraestructura (FOI) que se recauda mediante la factura del Servicio Sanitario. Por tal motivo, Coopelectric asumi\u00f3 el compromiso de trasladar la inquietud de los vecinos para ser tratada en el marco de dicha Comisi\u00f3n.<\/p>\n<p>Por otro lado, se les inform\u00f3 que la instalaci\u00f3n de un nuevo pozo de extracci\u00f3n requiere de un proceso que lleva varios meses e incluye una evaluaci\u00f3n previa, la realizaci\u00f3n de pozos exploratorios para obtener informaci\u00f3n hidrogeol\u00f3gica respecto de la calidad y cantidad del agua subterr\u00e1nea; y luego las obras de infraestructura necesarias para su puesta en funcionamiento. \u201cUno de los requisitos imprescindibles para el desarrollo de un nuevo pozo de extracci\u00f3n es el caudal de agua que puede aportar porque eso est\u00e1 directamente vinculado a su capacidad de abastecimiento\u201d se\u00f1alaron desde el \u00e1rea t\u00e9cnica de Obras Sanitarias.<\/p>\n<p>Los vecinos tambi\u00e9n plantearon inquietudes sobre la prestaci\u00f3n del Servicio en el per\u00edodo estival que estamos atravesando y mencionaron que en algunos domicilios se registra baja presi\u00f3n especialmente los d\u00edas de mayor<br \/>\ntemperatura. Ante esta situaci\u00f3n, se acord\u00f3 la realizaci\u00f3n de un relevamiento t\u00e9cnico en el sector que se desarrollar\u00e1 durante las pr\u00f3ximas semanas.<\/p>\n<p>El Programa \u201cDi\u00e1logos Comunitarios\u201d consiste en promover espacios de encuentro con referentes de juntas vecinales, sociedades de fomento, entidades barriales, instituciones deportivas, educativas, asociaciones<br \/>\nciviles sin fines de lucro, ONG\u00b4s, entre otras; con la finalidad de abordar tem\u00e1ticas vinculadas a las prestaciones de Coopelectric, acordar acciones de trabajo concretas y profundizar el v\u00ednculo que Coopelectric mantiene con<br \/>\ntodas las entidades intermedias de la ciudad.<\/p>\n<p>Las entidades que est\u00e9n interesadas en participar pueden solicitar un encuentro acerc\u00e1ndose de lunes a viernes de 7:30 a 14:30 hs. al \u00e1rea de Secretar\u00eda en la sede de Belgrano N\u00b0 2850 o contact\u00e1ndose a trav\u00e9s de la casilla de correo &lt;mailto:secretariaadministracion@coopelectric.com.ar&gt; secretariaadministracion@coopelectric.com.ar.<\/p>\n<p><a href=\"https:\/\/experienciadevida.com.ar\/portalurbano\/el-consejo-de-administracion-de-coopelectric-se-reunio-con-vecinos-del-bpickelado\/el-consejo\/\" rel=\"attachment wp-att-161183\"><img decoding=\"async\" class=\"alignnone size-large wp-image-161183\" src=\"https:\/\/experienciadevida.com.ar\/portalurbano\/wp-content\/uploads\/2022\/02\/El-consejo-1024x576.jpeg\" alt=\"El consejo \" width=\"900\" height=\"506\" srcset=\"https:\/\/experienciadevida.com.ar\/portalurbano\/wp-content\/uploads\/2022\/02\/El-consejo-1024x576.jpeg 1024w, https:\/\/experienciadevida.com.ar\/portalurbano\/wp-content\/uploads\/2022\/02\/El-consejo-300x169.jpeg 300w, https:\/\/experienciadevida.com.ar\/portalurbano\/wp-content\/uploads\/2022\/02\/El-consejo-768x432.jpeg 768w, https:\/\/experienciadevida.com.ar\/portalurbano\/wp-content\/uploads\/2022\/02\/El-consejo.jpeg 1032w\" sizes=\"(max-width: 900px) 100vw, 900px\" \/><\/a><\/p>\n","protected":false},"excerpt":{"rendered":"<p>El Consejo de administraci\u00f3n de Coopelectric se reuni\u00f3 con vecinos del B\u00b0Pickelado, \u00a0en el marco&#8230;<\/p>\n","protected":false},"author":1,"featured_media":161180,"comment_status":"closed","ping_status":"closed","sticky":false,"template":"","format":"standard","meta":{"content-type":""},"categories":[27,64],"tags":[],"nelio_content":{"isAutoShareEnabled":false,"autoShareEndMode":"default","automationSources":{"useContentSentences":true,"useSocialTemplates":true,"useCustomSentences":false,"customSentences":[]},"followers":[1],"suggestedReferences":[],"includedReferences":[],"efiUrl":"","efiAlt":"","highlights":[]},"yoast_head":"<!-- This site is optimized with the Yoast SEO plugin v20.7 - https:\/\/yoast.com\/wordpress\/plugins\/seo\/ -->\n<title>El Consejo de administraci\u00f3n de Coopelectric se reuni\u00f3 con vecinos<\/title>\n<meta name=\"description\" content=\"El Consejo de administraci\u00f3n de Coopelectric se reuni\u00f3 con vecinos del B\u00b0Pickelado, \u00a0en el marco del programa los recibieron en la sede.\" \/>\n<meta name=\"robots\" content=\"index, follow, max-snippet:-1, max-image-preview:large, max-video-preview:-1\" \/>\n<link rel=\"canonical\" href=\"https:\/\/experienciadevida.com.ar\/portalurbano\/el-consejo-de-administracion-de-coopelectric-se-reunio-con-vecinos-del-bpickelado\/\" \/>\n<meta property=\"og:locale\" content=\"es_ES\" \/>\n<meta property=\"og:type\" content=\"article\" \/>\n<meta property=\"og:title\" content=\"El Consejo de administraci\u00f3n de Coopelectric se reuni\u00f3 con vecinos\" \/>\n<meta property=\"og:description\" content=\"El Consejo de administraci\u00f3n de Coopelectric se reuni\u00f3 con vecinos del B\u00b0Pickelado, \u00a0en el marco del programa los recibieron en la sede.\" \/>\n<meta property=\"og:url\" content=\"https:\/\/experienciadevida.com.ar\/portalurbano\/el-consejo-de-administracion-de-coopelectric-se-reunio-con-vecinos-del-bpickelado\/\" \/>\n<meta property=\"article:publisher\" content=\"https:\/\/www.facebook.com\/Portal-Urbano-171542830093757\/\" \/>\n<meta property=\"article:published_time\" content=\"2022-02-05T16:09:46+00:00\" \/>\n<meta property=\"article:modified_time\" content=\"2022-02-05T16:10:45+00:00\" \/>\n<meta property=\"og:image\" content=\"https:\/\/experienciadevida.com.ar\/portalurbano\/wp-content\/uploads\/2022\/02\/Reunion-con-vecinos-del.jpeg\" \/>\n\t<meta property=\"og:image:width\" content=\"1032\" \/>\n\t<meta property=\"og:image:height\" content=\"581\" \/>\n\t<meta property=\"og:image:type\" content=\"image\/jpeg\" \/>\n<meta name=\"author\" content=\"admpu17wp\" \/>\n<meta name=\"twitter:card\" content=\"summary_large_image\" \/>\n<meta name=\"twitter:creator\" content=\"@portalurbanook\" \/>\n<meta name=\"twitter:site\" content=\"@portalurbanook\" \/>\n<meta name=\"twitter:label1\" content=\"Escrito por\" \/>\n\t<meta name=\"twitter:data1\" content=\"admpu17wp\" \/>\n\t<meta name=\"twitter:label2\" content=\"Tiempo de lectura\" \/>\n\t<meta name=\"twitter:data2\" content=\"3 minutos\" \/>\n<script type=\"application\/ld+json\" class=\"yoast-schema-graph\">{\"@context\":\"https:\/\/schema.org\",\"@graph\":[{\"@type\":\"Article\",\"@id\":\"https:\/\/experienciadevida.com.ar\/portalurbano\/el-consejo-de-administracion-de-coopelectric-se-reunio-con-vecinos-del-bpickelado\/#article\",\"isPartOf\":{\"@id\":\"https:\/\/experienciadevida.com.ar\/portalurbano\/el-consejo-de-administracion-de-coopelectric-se-reunio-con-vecinos-del-bpickelado\/\"},\"author\":{\"name\":\"admpu17wp\",\"@id\":\"https:\/\/experienciadevida.com.ar\/portalurbano\/#\/schema\/person\/02dd326b1c4b056e9cc972486934a3a7\"},\"headline\":\"El Consejo de administraci\u00f3n de Coopelectric se reuni\u00f3 con vecinos del B\u00b0Pickelado\",\"datePublished\":\"2022-02-05T16:09:46+00:00\",\"dateModified\":\"2022-02-05T16:10:45+00:00\",\"mainEntityOfPage\":{\"@id\":\"https:\/\/experienciadevida.com.ar\/portalurbano\/el-consejo-de-administracion-de-coopelectric-se-reunio-con-vecinos-del-bpickelado\/\"},\"wordCount\":650,\"publisher\":{\"@id\":\"https:\/\/experienciadevida.com.ar\/portalurbano\/#organization\"},\"articleSection\":[\"Ciudad\",\"Destacadas 2\"],\"inLanguage\":\"es\"},{\"@type\":\"WebPage\",\"@id\":\"https:\/\/experienciadevida.com.ar\/portalurbano\/el-consejo-de-administracion-de-coopelectric-se-reunio-con-vecinos-del-bpickelado\/\",\"url\":\"https:\/\/experienciadevida.com.ar\/portalurbano\/el-consejo-de-administracion-de-coopelectric-se-reunio-con-vecinos-del-bpickelado\/\",\"name\":\"El Consejo de administraci\u00f3n de Coopelectric se reuni\u00f3 con vecinos\",\"isPartOf\":{\"@id\":\"https:\/\/experienciadevida.com.ar\/portalurbano\/#website\"},\"datePublished\":\"2022-02-05T16:09:46+00:00\",\"dateModified\":\"2022-02-05T16:10:45+00:00\",\"description\":\"El Consejo de administraci\u00f3n de Coopelectric se reuni\u00f3 con vecinos del B\u00b0Pickelado, \u00a0en el marco del programa los recibieron en la sede.\",\"breadcrumb\":{\"@id\":\"https:\/\/experienciadevida.com.ar\/portalurbano\/el-consejo-de-administracion-de-coopelectric-se-reunio-con-vecinos-del-bpickelado\/#breadcrumb\"},\"inLanguage\":\"es\",\"potentialAction\":[{\"@type\":\"ReadAction\",\"target\":[\"https:\/\/experienciadevida.com.ar\/portalurbano\/el-consejo-de-administracion-de-coopelectric-se-reunio-con-vecinos-del-bpickelado\/\"]}]},{\"@type\":\"BreadcrumbList\",\"@id\":\"https:\/\/experienciadevida.com.ar\/portalurbano\/el-consejo-de-administracion-de-coopelectric-se-reunio-con-vecinos-del-bpickelado\/#breadcrumb\",\"itemListElement\":[{\"@type\":\"ListItem\",\"position\":1,\"name\":\"Portada\",\"item\":\"https:\/\/experienciadevida.com.ar\/portalurbano\/\"},{\"@type\":\"ListItem\",\"position\":2,\"name\":\"El Consejo de administraci\u00f3n de Coopelectric se reuni\u00f3 con vecinos del B\u00b0Pickelado\"}]},{\"@type\":\"WebSite\",\"@id\":\"https:\/\/experienciadevida.com.ar\/portalurbano\/#website\",\"url\":\"https:\/\/experienciadevida.com.ar\/portalurbano\/\",\"name\":\"\",\"description\":\"\",\"publisher\":{\"@id\":\"https:\/\/experienciadevida.com.ar\/portalurbano\/#organization\"},\"potentialAction\":[{\"@type\":\"SearchAction\",\"target\":{\"@type\":\"EntryPoint\",\"urlTemplate\":\"https:\/\/experienciadevida.com.ar\/portalurbano\/?s={search_term_string}\"},\"query-input\":\"required name=search_term_string\"}],\"inLanguage\":\"es\"},{\"@type\":\"Organization\",\"@id\":\"https:\/\/experienciadevida.com.ar\/portalurbano\/#organization\",\"name\":\"Portal Urbano\",\"url\":\"https:\/\/experienciadevida.com.ar\/portalurbano\/\",\"logo\":{\"@type\":\"ImageObject\",\"inLanguage\":\"es\",\"@id\":\"https:\/\/experienciadevida.com.ar\/portalurbano\/#\/schema\/logo\/image\/\",\"url\":\"https:\/\/experienciadevida.com.ar\/portalurbano\/wp-content\/uploads\/2019\/09\/Logo-Original.png\",\"contentUrl\":\"https:\/\/experienciadevida.com.ar\/portalurbano\/wp-content\/uploads\/2019\/09\/Logo-Original.png\",\"width\":2236,\"height\":1216,\"caption\":\"Portal Urbano\"},\"image\":{\"@id\":\"https:\/\/experienciadevida.com.ar\/portalurbano\/#\/schema\/logo\/image\/\"},\"sameAs\":[\"https:\/\/www.facebook.com\/Portal-Urbano-171542830093757\/\",\"https:\/\/twitter.com\/portalurbanook\",\"https:\/\/www.instagram.com\/_portalurbano\/\",\"https:\/\/www.youtube.com\/channel\/UCXhagIfszH8KxFiOok79zbA?view_as=subscriber\"]},{\"@type\":\"Person\",\"@id\":\"https:\/\/experienciadevida.com.ar\/portalurbano\/#\/schema\/person\/02dd326b1c4b056e9cc972486934a3a7\",\"name\":\"admpu17wp\",\"image\":{\"@type\":\"ImageObject\",\"inLanguage\":\"es\",\"@id\":\"https:\/\/experienciadevida.com.ar\/portalurbano\/#\/schema\/person\/image\/\",\"url\":\"https:\/\/secure.gravatar.com\/avatar\/830d4c57adaae6630765e449a6908047?s=96&d=mm&r=g\",\"contentUrl\":\"https:\/\/secure.gravatar.com\/avatar\/830d4c57adaae6630765e449a6908047?s=96&d=mm&r=g\",\"caption\":\"admpu17wp\"}}]}<\/script>\n<!-- \/ Yoast SEO plugin. -->","yoast_head_json":{"title":"El Consejo de administraci\u00f3n de Coopelectric se reuni\u00f3 con vecinos","description":"El Consejo de administraci\u00f3n de Coopelectric se reuni\u00f3 con vecinos del B\u00b0Pickelado, \u00a0en el marco del programa los recibieron en la sede.","robots":{"index":"index","follow":"follow","max-snippet":"max-snippet:-1","max-image-preview":"max-image-preview:large","max-video-preview":"max-video-preview:-1"},"canonical":"https:\/\/experienciadevida.com.ar\/portalurbano\/el-consejo-de-administracion-de-coopelectric-se-reunio-con-vecinos-del-bpickelado\/","og_locale":"es_ES","og_type":"article","og_title":"El Consejo de administraci\u00f3n de Coopelectric se reuni\u00f3 con vecinos","og_description":"El Consejo de administraci\u00f3n de Coopelectric se reuni\u00f3 con vecinos del B\u00b0Pickelado, \u00a0en el marco del programa los recibieron en la sede.","og_url":"https:\/\/experienciadevida.com.ar\/portalurbano\/el-consejo-de-administracion-de-coopelectric-se-reunio-con-vecinos-del-bpickelado\/","article_publisher":"https:\/\/www.facebook.com\/Portal-Urbano-171542830093757\/","article_published_time":"2022-02-05T16:09:46+00:00","article_modified_time":"2022-02-05T16:10:45+00:00","og_image":[{"width":1032,"height":581,"url":"https:\/\/experienciadevida.com.ar\/portalurbano\/wp-content\/uploads\/2022\/02\/Reunion-con-vecinos-del.jpeg","type":"image\/jpeg"}],"author":"admpu17wp","twitter_card":"summary_large_image","twitter_creator":"@portalurbanook","twitter_site":"@portalurbanook","twitter_misc":{"Escrito por":"admpu17wp","Tiempo de lectura":"3 minutos"},"schema":{"@context":"https:\/\/schema.org","@graph":[{"@type":"Article","@id":"https:\/\/experienciadevida.com.ar\/portalurbano\/el-consejo-de-administracion-de-coopelectric-se-reunio-con-vecinos-del-bpickelado\/#article","isPartOf":{"@id":"https:\/\/experienciadevida.com.ar\/portalurbano\/el-consejo-de-administracion-de-coopelectric-se-reunio-con-vecinos-del-bpickelado\/"},"author":{"name":"admpu17wp","@id":"https:\/\/experienciadevida.com.ar\/portalurbano\/#\/schema\/person\/02dd326b1c4b056e9cc972486934a3a7"},"headline":"El Consejo de administraci\u00f3n de Coopelectric se reuni\u00f3 con vecinos del B\u00b0Pickelado","datePublished":"2022-02-05T16:09:46+00:00","dateModified":"2022-02-05T16:10:45+00:00","mainEntityOfPage":{"@id":"https:\/\/experienciadevida.com.ar\/portalurbano\/el-consejo-de-administracion-de-coopelectric-se-reunio-con-vecinos-del-bpickelado\/"},"wordCount":650,"publisher":{"@id":"https:\/\/experienciadevida.com.ar\/portalurbano\/#organization"},"articleSection":["Ciudad","Destacadas 2"],"inLanguage":"es"},{"@type":"WebPage","@id":"https:\/\/experienciadevida.com.ar\/portalurbano\/el-consejo-de-administracion-de-coopelectric-se-reunio-con-vecinos-del-bpickelado\/","url":"https:\/\/experienciadevida.com.ar\/portalurbano\/el-consejo-de-administracion-de-coopelectric-se-reunio-con-vecinos-del-bpickelado\/","name":"El Consejo de administraci\u00f3n de Coopelectric se reuni\u00f3 con vecinos","isPartOf":{"@id":"https:\/\/experienciadevida.com.ar\/portalurbano\/#website"},"datePublished":"2022-02-05T16:09:46+00:00","dateModified":"2022-02-05T16:10:45+00:00","description":"El Consejo de administraci\u00f3n de Coopelectric se reuni\u00f3 con vecinos del B\u00b0Pickelado, \u00a0en el marco del programa los recibieron en la sede.","breadcrumb":{"@id":"https:\/\/experienciadevida.com.ar\/portalurbano\/el-consejo-de-administracion-de-coopelectric-se-reunio-con-vecinos-del-bpickelado\/#breadcrumb"},"inLanguage":"es","potentialAction":[{"@type":"ReadAction","target":["https:\/\/experienciadevida.com.ar\/portalurbano\/el-consejo-de-administracion-de-coopelectric-se-reunio-con-vecinos-del-bpickelado\/"]}]},{"@type":"BreadcrumbList","@id":"https:\/\/experienciadevida.com.ar\/portalurbano\/el-consejo-de-administracion-de-coopelectric-se-reunio-con-vecinos-del-bpickelado\/#breadcrumb","itemListElement":[{"@type":"ListItem","position":1,"name":"Portada","item":"https:\/\/experienciadevida.com.ar\/portalurbano\/"},{"@type":"ListItem","position":2,"name":"El Consejo de administraci\u00f3n de Coopelectric se reuni\u00f3 con vecinos del B\u00b0Pickelado"}]},{"@type":"WebSite","@id":"https:\/\/experienciadevida.com.ar\/portalurbano\/#website","url":"https:\/\/experienciadevida.com.ar\/portalurbano\/","name":"","description":"","publisher":{"@id":"https:\/\/experienciadevida.com.ar\/portalurbano\/#organization"},"potentialAction":[{"@type":"SearchAction","target":{"@type":"EntryPoint","urlTemplate":"https:\/\/experienciadevida.com.ar\/portalurbano\/?s={search_term_string}"},"query-input":"required name=search_term_string"}],"inLanguage":"es"},{"@type":"Organization","@id":"https:\/\/experienciadevida.com.ar\/portalurbano\/#organization","name":"Portal Urbano","url":"https:\/\/experienciadevida.com.ar\/portalurbano\/","logo":{"@type":"ImageObject","inLanguage":"es","@id":"https:\/\/experienciadevida.com.ar\/portalurbano\/#\/schema\/logo\/image\/","url":"https:\/\/experienciadevida.com.ar\/portalurbano\/wp-content\/uploads\/2019\/09\/Logo-Original.png","contentUrl":"https:\/\/experienciadevida.com.ar\/portalurbano\/wp-content\/uploads\/2019\/09\/Logo-Original.png","width":2236,"height":1216,"caption":"Portal Urbano"},"image":{"@id":"https:\/\/experienciadevida.com.ar\/portalurbano\/#\/schema\/logo\/image\/"},"sameAs":["https:\/\/www.facebook.com\/Portal-Urbano-171542830093757\/","https:\/\/twitter.com\/portalurbanook","https:\/\/www.instagram.com\/_portalurbano\/","https:\/\/www.youtube.com\/channel\/UCXhagIfszH8KxFiOok79zbA?view_as=subscriber"]},{"@type":"Person","@id":"https:\/\/experienciadevida.com.ar\/portalurbano\/#\/schema\/person\/02dd326b1c4b056e9cc972486934a3a7","name":"admpu17wp","image":{"@type":"ImageObject","inLanguage":"es","@id":"https:\/\/experienciadevida.com.ar\/portalurbano\/#\/schema\/person\/image\/","url":"https:\/\/secure.gravatar.com\/avatar\/830d4c57adaae6630765e449a6908047?s=96&d=mm&r=g","contentUrl":"https:\/\/secure.gravatar.com\/avatar\/830d4c57adaae6630765e449a6908047?s=96&d=mm&r=g","caption":"admpu17wp"}}]}},"featured_image_urls":{"full":["https:\/\/experienciadevida.com.ar\/portalurbano\/wp-content\/uploads\/2022\/02\/Reunion-con-vecinos-del.jpeg",1032,581,false],"thumbnail":["https:\/\/experienciadevida.com.ar\/portalurbano\/wp-content\/uploads\/2022\/02\/Reunion-con-vecinos-del-150x150.jpeg",150,150,true],"medium":["https:\/\/experienciadevida.com.ar\/portalurbano\/wp-content\/uploads\/2022\/02\/Reunion-con-vecinos-del-300x169.jpeg",300,169,true],"medium_large":["https:\/\/experienciadevida.com.ar\/portalurbano\/wp-content\/uploads\/2022\/02\/Reunion-con-vecinos-del-768x432.jpeg",640,360,true],"large":["https:\/\/experienciadevida.com.ar\/portalurbano\/wp-content\/uploads\/2022\/02\/Reunion-con-vecinos-del-1024x576.jpeg",640,360,true],"ug_big":["https:\/\/experienciadevida.com.ar\/portalurbano\/wp-content\/uploads\/2022\/02\/Reunion-con-vecinos-del-768x432.jpeg",768,432,true],"1536x1536":["https:\/\/experienciadevida.com.ar\/portalurbano\/wp-content\/uploads\/2022\/02\/Reunion-con-vecinos-del.jpeg",1032,581,false],"2048x2048":["https:\/\/experienciadevida.com.ar\/portalurbano\/wp-content\/uploads\/2022\/02\/Reunion-con-vecinos-del.jpeg",1032,581,false],"newsever-slider-full":["https:\/\/experienciadevida.com.ar\/portalurbano\/wp-content\/uploads\/2022\/02\/Reunion-con-vecinos-del.jpeg",1032,581,false],"newsever-featured":["https:\/\/experienciadevida.com.ar\/portalurbano\/wp-content\/uploads\/2022\/02\/Reunion-con-vecinos-del.jpeg",1024,576,false],"newsever-medium":["https:\/\/experienciadevida.com.ar\/portalurbano\/wp-content\/uploads\/2022\/02\/Reunion-con-vecinos-del.jpeg",720,405,false],"web-stories-poster-portrait":["https:\/\/experienciadevida.com.ar\/portalurbano\/wp-content\/uploads\/2022\/02\/Reunion-con-vecinos-del.jpeg",640,360,false],"web-stories-publisher-logo":["https:\/\/experienciadevida.com.ar\/portalurbano\/wp-content\/uploads\/2022\/02\/Reunion-con-vecinos-del.jpeg",96,54,false],"web-stories-thumbnail":["https:\/\/experienciadevida.com.ar\/portalurbano\/wp-content\/uploads\/2022\/02\/Reunion-con-vecinos-del.jpeg",150,84,false]},"author_info":{"display_name":"admpu17wp","author_link":"https:\/\/experienciadevida.com.ar\/portalurbano\/author\/admpu17wp\/"},"category_info":"<a href=\"https:\/\/experienciadevida.com.ar\/portalurbano\/category\/ciudad\/\" rel=\"category tag\">Ciudad<\/a> <a href=\"https:\/\/experienciadevida.com.ar\/portalurbano\/category\/destacadas-2\/\" rel=\"category tag\">Destacadas 2<\/a>","tag_info":"Destacadas 2","comment_count":"0","amp_enabled":true,"_links":{"self":[{"href":"https:\/\/experienciadevida.com.ar\/portalurbano\/wp-json\/wp\/v2\/posts\/161179"}],"collection":[{"href":"https:\/\/experienciadevida.com.ar\/portalurbano\/wp-json\/wp\/v2\/posts"}],"about":[{"href":"https:\/\/experienciadevida.com.ar\/portalurbano\/wp-json\/wp\/v2\/types\/post"}],"author":[{"embeddable":true,"href":"https:\/\/experienciadevida.com.ar\/portalurbano\/wp-json\/wp\/v2\/users\/1"}],"replies":[{"embeddable":true,"href":"https:\/\/experienciadevida.com.ar\/portalurbano\/wp-json\/wp\/v2\/comments?post=161179"}],"version-history":[{"count":3,"href":"https:\/\/experienciadevida.com.ar\/portalurbano\/wp-json\/wp\/v2\/posts\/161179\/revisions"}],"predecessor-version":[{"id":161182,"href":"https:\/\/experienciadevida.com.ar\/portalurbano\/wp-json\/wp\/v2\/posts\/161179\/revisions\/161182"}],"wp:featuredmedia":[{"embeddable":true,"href":"https:\/\/experienciadevida.com.ar\/portalurbano\/wp-json\/wp\/v2\/media\/161180"}],"wp:attachment":[{"href":"https:\/\/experienciadevida.com.ar\/portalurbano\/wp-json\/wp\/v2\/media?parent=161179"}],"wp:term":[{"taxonomy":"category","embeddable":true,"href":"https:\/\/experienciadevida.com.ar\/portalurbano\/wp-json\/wp\/v2\/categories?post=161179"},{"taxonomy":"post_tag","embeddable":true,"href":"https:\/\/experienciadevida.com.ar\/portalurbano\/wp-json\/wp\/v2\/tags?post=161179"}],"curies":[{"name":"wp","href":"https:\/\/api.w.org\/{rel}","templated":true}]}}