{"id":161159,"date":"2022-02-05T12:04:51","date_gmt":"2022-02-05T15:04:51","guid":{"rendered":"https:\/\/experienciadevida.com.ar\/portalurbano\/?p=161159"},"modified":"2022-02-05T12:05:29","modified_gmt":"2022-02-05T15:05:29","slug":"un-monte-rosa-para-concientizar-sobre-el-cancer-de-mama","status":"publish","type":"post","link":"https:\/\/experienciadevida.com.ar\/portalurbano\/un-monte-rosa-para-concientizar-sobre-el-cancer-de-mama\/","title":{"rendered":"Un monte rosa para concientizar sobre el c\u00e1ncer de mama"},"content":{"rendered":"<p>Un monte rosa para concientizar sobre el c\u00e1ncer de mama, en la tarde este viernes, el grupo Ola Rosa plant\u00f3 12 \u00e1rboles con flores rosas en Parque Sur.<\/p>\n<p>Fue en el marco del D\u00eda Mundial contra el C\u00e1ncer, con una actividad que tuvo como objetivo concientizar sobre el c\u00e1ncer de mama y visibilizar al grupo.<\/p>\n<p>\u201cLa idea surgi\u00f3, desde prestar colaboraci\u00f3n a los chicos de remada verde (que nos facilitan los kayaks) para forestar Parque Sur, lugar donde realizamos nuestra actividad. Y como se acercaba el 4 de febrero, D\u00eda de lucha contra el C\u00e1ncer, nos pareci\u00f3 hermoso formar el lazo que representa nuestra lucha con plantas que dieran flores de color rosa. As\u00ed comenz\u00f3 este lindo sue\u00f1o de nuestro propio monte rosa\u201d, indicaron desde Ola Rosa.<\/p>\n<p>La plantaci\u00f3n cont\u00f3 con la presencia del subsecretario de Salud Christian Waimann, integrantes, familiares y amigos de las integrantes de Ola Rosa.<\/p>\n<p>Para que pudiera llevarse a cabo la actividad, contaron con la colaboraci\u00f3n de las Secretar\u00eda de Mantenimiento y Obras P\u00fablicas, como as\u00ed tambi\u00e9n la Subsecretar\u00eda de Deportes del Municipio, Lalcec Olavarr\u00eda, Palo Arbildi, Dra. Silvina Rosende, Estudio Jur\u00eddico Mussa, Pablo Zibecchi y familiares y amigos de las integrantes del grupo.<\/p>\n","protected":false},"excerpt":{"rendered":"<p>Un monte rosa para concientizar sobre el c\u00e1ncer de mama, en la tarde este viernes,&#8230;<\/p>\n","protected":false},"author":1,"featured_media":161160,"comment_status":"closed","ping_status":"closed","sticky":false,"template":"","format":"standard","meta":{"content-type":""},"categories":[51,45],"tags":[],"nelio_content":{"isAutoShareEnabled":false,"autoShareEndMode":"default","automationSources":{"useContentSentences":true,"useSocialTemplates":true,"useCustomSentences":false,"customSentences":[]},"followers":[1],"suggestedReferences":[],"includedReferences":[],"efiUrl":"","efiAlt":"","highlights":[]},"yoast_head":"<!-- This site is optimized with the Yoast SEO plugin v20.7 - https:\/\/yoast.com\/wordpress\/plugins\/seo\/ -->\n<title>Un monte rosa para concientizar sobre el c\u00e1ncer de mama<\/title>\n<meta name=\"description\" content=\"Un monte rosa para concientizar sobre el c\u00e1ncer de mama, en la tarde este viernes, el grupo Ola Rosa plant\u00f3 12 \u00e1rboles con flores\" \/>\n<meta name=\"robots\" content=\"index, follow, max-snippet:-1, max-image-preview:large, max-video-preview:-1\" \/>\n<link rel=\"canonical\" href=\"https:\/\/experienciadevida.com.ar\/portalurbano\/un-monte-rosa-para-concientizar-sobre-el-cancer-de-mama\/\" \/>\n<meta property=\"og:locale\" content=\"es_ES\" \/>\n<meta property=\"og:type\" content=\"article\" \/>\n<meta property=\"og:title\" content=\"Un monte rosa para concientizar sobre el c\u00e1ncer de mama\" \/>\n<meta property=\"og:description\" content=\"Un monte rosa para concientizar sobre el c\u00e1ncer de mama, en la tarde este viernes, el grupo Ola Rosa plant\u00f3 12 \u00e1rboles con flores\" \/>\n<meta property=\"og:url\" content=\"https:\/\/experienciadevida.com.ar\/portalurbano\/un-monte-rosa-para-concientizar-sobre-el-cancer-de-mama\/\" \/>\n<meta property=\"article:publisher\" content=\"https:\/\/www.facebook.com\/Portal-Urbano-171542830093757\/\" \/>\n<meta property=\"article:published_time\" content=\"2022-02-05T15:04:51+00:00\" \/>\n<meta property=\"article:modified_time\" content=\"2022-02-05T15:05:29+00:00\" \/>\n<meta property=\"og:image\" content=\"https:\/\/experienciadevida.com.ar\/portalurbano\/wp-content\/uploads\/2022\/02\/Un-monte-rosa-para.jpg\" \/>\n\t<meta property=\"og:image:width\" content=\"800\" \/>\n\t<meta property=\"og:image:height\" content=\"420\" \/>\n\t<meta property=\"og:image:type\" content=\"image\/jpeg\" \/>\n<meta name=\"author\" content=\"admpu17wp\" \/>\n<meta name=\"twitter:card\" content=\"summary_large_image\" \/>\n<meta name=\"twitter:creator\" content=\"@portalurbanook\" \/>\n<meta name=\"twitter:site\" content=\"@portalurbanook\" \/>\n<meta name=\"twitter:label1\" content=\"Escrito por\" \/>\n\t<meta name=\"twitter:data1\" content=\"admpu17wp\" \/>\n\t<meta name=\"twitter:label2\" content=\"Tiempo de lectura\" \/>\n\t<meta name=\"twitter:data2\" content=\"1 minuto\" \/>\n<script type=\"application\/ld+json\" class=\"yoast-schema-graph\">{\"@context\":\"https:\/\/schema.org\",\"@graph\":[{\"@type\":\"Article\",\"@id\":\"https:\/\/experienciadevida.com.ar\/portalurbano\/un-monte-rosa-para-concientizar-sobre-el-cancer-de-mama\/#article\",\"isPartOf\":{\"@id\":\"https:\/\/experienciadevida.com.ar\/portalurbano\/un-monte-rosa-para-concientizar-sobre-el-cancer-de-mama\/\"},\"author\":{\"name\":\"admpu17wp\",\"@id\":\"https:\/\/experienciadevida.com.ar\/portalurbano\/#\/schema\/person\/02dd326b1c4b056e9cc972486934a3a7\"},\"headline\":\"Un monte rosa para concientizar sobre el c\u00e1ncer de mama\",\"datePublished\":\"2022-02-05T15:04:51+00:00\",\"dateModified\":\"2022-02-05T15:05:29+00:00\",\"mainEntityOfPage\":{\"@id\":\"https:\/\/experienciadevida.com.ar\/portalurbano\/un-monte-rosa-para-concientizar-sobre-el-cancer-de-mama\/\"},\"wordCount\":224,\"publisher\":{\"@id\":\"https:\/\/experienciadevida.com.ar\/portalurbano\/#organization\"},\"articleSection\":[\"Destacadas\",\"Salud\"],\"inLanguage\":\"es\"},{\"@type\":\"WebPage\",\"@id\":\"https:\/\/experienciadevida.com.ar\/portalurbano\/un-monte-rosa-para-concientizar-sobre-el-cancer-de-mama\/\",\"url\":\"https:\/\/experienciadevida.com.ar\/portalurbano\/un-monte-rosa-para-concientizar-sobre-el-cancer-de-mama\/\",\"name\":\"Un monte rosa para concientizar sobre el c\u00e1ncer de mama\",\"isPartOf\":{\"@id\":\"https:\/\/experienciadevida.com.ar\/portalurbano\/#website\"},\"datePublished\":\"2022-02-05T15:04:51+00:00\",\"dateModified\":\"2022-02-05T15:05:29+00:00\",\"description\":\"Un monte rosa para concientizar sobre el c\u00e1ncer de mama, en la tarde este viernes, el grupo Ola Rosa plant\u00f3 12 \u00e1rboles con flores\",\"breadcrumb\":{\"@id\":\"https:\/\/experienciadevida.com.ar\/portalurbano\/un-monte-rosa-para-concientizar-sobre-el-cancer-de-mama\/#breadcrumb\"},\"inLanguage\":\"es\",\"potentialAction\":[{\"@type\":\"ReadAction\",\"target\":[\"https:\/\/experienciadevida.com.ar\/portalurbano\/un-monte-rosa-para-concientizar-sobre-el-cancer-de-mama\/\"]}]},{\"@type\":\"BreadcrumbList\",\"@id\":\"https:\/\/experienciadevida.com.ar\/portalurbano\/un-monte-rosa-para-concientizar-sobre-el-cancer-de-mama\/#breadcrumb\",\"itemListElement\":[{\"@type\":\"ListItem\",\"position\":1,\"name\":\"Portada\",\"item\":\"https:\/\/experienciadevida.com.ar\/portalurbano\/\"},{\"@type\":\"ListItem\",\"position\":2,\"name\":\"Un monte rosa para concientizar sobre el c\u00e1ncer de mama\"}]},{\"@type\":\"WebSite\",\"@id\":\"https:\/\/experienciadevida.com.ar\/portalurbano\/#website\",\"url\":\"https:\/\/experienciadevida.com.ar\/portalurbano\/\",\"name\":\"\",\"description\":\"\",\"publisher\":{\"@id\":\"https:\/\/experienciadevida.com.ar\/portalurbano\/#organization\"},\"potentialAction\":[{\"@type\":\"SearchAction\",\"target\":{\"@type\":\"EntryPoint\",\"urlTemplate\":\"https:\/\/experienciadevida.com.ar\/portalurbano\/?s={search_term_string}\"},\"query-input\":\"required name=search_term_string\"}],\"inLanguage\":\"es\"},{\"@type\":\"Organization\",\"@id\":\"https:\/\/experienciadevida.com.ar\/portalurbano\/#organization\",\"name\":\"Portal Urbano\",\"url\":\"https:\/\/experienciadevida.com.ar\/portalurbano\/\",\"logo\":{\"@type\":\"ImageObject\",\"inLanguage\":\"es\",\"@id\":\"https:\/\/experienciadevida.com.ar\/portalurbano\/#\/schema\/logo\/image\/\",\"url\":\"https:\/\/experienciadevida.com.ar\/portalurbano\/wp-content\/uploads\/2019\/09\/Logo-Original.png\",\"contentUrl\":\"https:\/\/experienciadevida.com.ar\/portalurbano\/wp-content\/uploads\/2019\/09\/Logo-Original.png\",\"width\":2236,\"height\":1216,\"caption\":\"Portal Urbano\"},\"image\":{\"@id\":\"https:\/\/experienciadevida.com.ar\/portalurbano\/#\/schema\/logo\/image\/\"},\"sameAs\":[\"https:\/\/www.facebook.com\/Portal-Urbano-171542830093757\/\",\"https:\/\/twitter.com\/portalurbanook\",\"https:\/\/www.instagram.com\/_portalurbano\/\",\"https:\/\/www.youtube.com\/channel\/UCXhagIfszH8KxFiOok79zbA?view_as=subscriber\"]},{\"@type\":\"Person\",\"@id\":\"https:\/\/experienciadevida.com.ar\/portalurbano\/#\/schema\/person\/02dd326b1c4b056e9cc972486934a3a7\",\"name\":\"admpu17wp\",\"image\":{\"@type\":\"ImageObject\",\"inLanguage\":\"es\",\"@id\":\"https:\/\/experienciadevida.com.ar\/portalurbano\/#\/schema\/person\/image\/\",\"url\":\"https:\/\/secure.gravatar.com\/avatar\/830d4c57adaae6630765e449a6908047?s=96&d=mm&r=g\",\"contentUrl\":\"https:\/\/secure.gravatar.com\/avatar\/830d4c57adaae6630765e449a6908047?s=96&d=mm&r=g\",\"caption\":\"admpu17wp\"}}]}<\/script>\n<!-- \/ Yoast SEO plugin. -->","yoast_head_json":{"title":"Un monte rosa para concientizar sobre el c\u00e1ncer de mama","description":"Un monte rosa para concientizar sobre el c\u00e1ncer de mama, en la tarde este viernes, el grupo Ola Rosa plant\u00f3 12 \u00e1rboles con flores","robots":{"index":"index","follow":"follow","max-snippet":"max-snippet:-1","max-image-preview":"max-image-preview:large","max-video-preview":"max-video-preview:-1"},"canonical":"https:\/\/experienciadevida.com.ar\/portalurbano\/un-monte-rosa-para-concientizar-sobre-el-cancer-de-mama\/","og_locale":"es_ES","og_type":"article","og_title":"Un monte rosa para concientizar sobre el c\u00e1ncer de mama","og_description":"Un monte rosa para concientizar sobre el c\u00e1ncer de mama, en la tarde este viernes, el grupo Ola Rosa plant\u00f3 12 \u00e1rboles con flores","og_url":"https:\/\/experienciadevida.com.ar\/portalurbano\/un-monte-rosa-para-concientizar-sobre-el-cancer-de-mama\/","article_publisher":"https:\/\/www.facebook.com\/Portal-Urbano-171542830093757\/","article_published_time":"2022-02-05T15:04:51+00:00","article_modified_time":"2022-02-05T15:05:29+00:00","og_image":[{"width":800,"height":420,"url":"https:\/\/experienciadevida.com.ar\/portalurbano\/wp-content\/uploads\/2022\/02\/Un-monte-rosa-para.jpg","type":"image\/jpeg"}],"author":"admpu17wp","twitter_card":"summary_large_image","twitter_creator":"@portalurbanook","twitter_site":"@portalurbanook","twitter_misc":{"Escrito por":"admpu17wp","Tiempo de lectura":"1 minuto"},"schema":{"@context":"https:\/\/schema.org","@graph":[{"@type":"Article","@id":"https:\/\/experienciadevida.com.ar\/portalurbano\/un-monte-rosa-para-concientizar-sobre-el-cancer-de-mama\/#article","isPartOf":{"@id":"https:\/\/experienciadevida.com.ar\/portalurbano\/un-monte-rosa-para-concientizar-sobre-el-cancer-de-mama\/"},"author":{"name":"admpu17wp","@id":"https:\/\/experienciadevida.com.ar\/portalurbano\/#\/schema\/person\/02dd326b1c4b056e9cc972486934a3a7"},"headline":"Un monte rosa para concientizar sobre el c\u00e1ncer de mama","datePublished":"2022-02-05T15:04:51+00:00","dateModified":"2022-02-05T15:05:29+00:00","mainEntityOfPage":{"@id":"https:\/\/experienciadevida.com.ar\/portalurbano\/un-monte-rosa-para-concientizar-sobre-el-cancer-de-mama\/"},"wordCount":224,"publisher":{"@id":"https:\/\/experienciadevida.com.ar\/portalurbano\/#organization"},"articleSection":["Destacadas","Salud"],"inLanguage":"es"},{"@type":"WebPage","@id":"https:\/\/experienciadevida.com.ar\/portalurbano\/un-monte-rosa-para-concientizar-sobre-el-cancer-de-mama\/","url":"https:\/\/experienciadevida.com.ar\/portalurbano\/un-monte-rosa-para-concientizar-sobre-el-cancer-de-mama\/","name":"Un monte rosa para concientizar sobre el c\u00e1ncer de mama","isPartOf":{"@id":"https:\/\/experienciadevida.com.ar\/portalurbano\/#website"},"datePublished":"2022-02-05T15:04:51+00:00","dateModified":"2022-02-05T15:05:29+00:00","description":"Un monte rosa para concientizar sobre el c\u00e1ncer de mama, en la tarde este viernes, el grupo Ola Rosa plant\u00f3 12 \u00e1rboles con flores","breadcrumb":{"@id":"https:\/\/experienciadevida.com.ar\/portalurbano\/un-monte-rosa-para-concientizar-sobre-el-cancer-de-mama\/#breadcrumb"},"inLanguage":"es","potentialAction":[{"@type":"ReadAction","target":["https:\/\/experienciadevida.com.ar\/portalurbano\/un-monte-rosa-para-concientizar-sobre-el-cancer-de-mama\/"]}]},{"@type":"BreadcrumbList","@id":"https:\/\/experienciadevida.com.ar\/portalurbano\/un-monte-rosa-para-concientizar-sobre-el-cancer-de-mama\/#breadcrumb","itemListElement":[{"@type":"ListItem","position":1,"name":"Portada","item":"https:\/\/experienciadevida.com.ar\/portalurbano\/"},{"@type":"ListItem","position":2,"name":"Un monte rosa para concientizar sobre el c\u00e1ncer de mama"}]},{"@type":"WebSite","@id":"https:\/\/experienciadevida.com.ar\/portalurbano\/#website","url":"https:\/\/experienciadevida.com.ar\/portalurbano\/","name":"","description":"","publisher":{"@id":"https:\/\/experienciadevida.com.ar\/portalurbano\/#organization"},"potentialAction":[{"@type":"SearchAction","target":{"@type":"EntryPoint","urlTemplate":"https:\/\/experienciadevida.com.ar\/portalurbano\/?s={search_term_string}"},"query-input":"required name=search_term_string"}],"inLanguage":"es"},{"@type":"Organization","@id":"https:\/\/experienciadevida.com.ar\/portalurbano\/#organization","name":"Portal Urbano","url":"https:\/\/experienciadevida.com.ar\/portalurbano\/","logo":{"@type":"ImageObject","inLanguage":"es","@id":"https:\/\/experienciadevida.com.ar\/portalurbano\/#\/schema\/logo\/image\/","url":"https:\/\/experienciadevida.com.ar\/portalurbano\/wp-content\/uploads\/2019\/09\/Logo-Original.png","contentUrl":"https:\/\/experienciadevida.com.ar\/portalurbano\/wp-content\/uploads\/2019\/09\/Logo-Original.png","width":2236,"height":1216,"caption":"Portal Urbano"},"image":{"@id":"https:\/\/experienciadevida.com.ar\/portalurbano\/#\/schema\/logo\/image\/"},"sameAs":["https:\/\/www.facebook.com\/Portal-Urbano-171542830093757\/","https:\/\/twitter.com\/portalurbanook","https:\/\/www.instagram.com\/_portalurbano\/","https:\/\/www.youtube.com\/channel\/UCXhagIfszH8KxFiOok79zbA?view_as=subscriber"]},{"@type":"Person","@id":"https:\/\/experienciadevida.com.ar\/portalurbano\/#\/schema\/person\/02dd326b1c4b056e9cc972486934a3a7","name":"admpu17wp","image":{"@type":"ImageObject","inLanguage":"es","@id":"https:\/\/experienciadevida.com.ar\/portalurbano\/#\/schema\/person\/image\/","url":"https:\/\/secure.gravatar.com\/avatar\/830d4c57adaae6630765e449a6908047?s=96&d=mm&r=g","contentUrl":"https:\/\/secure.gravatar.com\/avatar\/830d4c57adaae6630765e449a6908047?s=96&d=mm&r=g","caption":"admpu17wp"}}]}},"featured_image_urls":{"full":["https:\/\/experienciadevida.com.ar\/portalurbano\/wp-content\/uploads\/2022\/02\/Un-monte-rosa-para.jpg",800,420,false],"thumbnail":["https:\/\/experienciadevida.com.ar\/portalurbano\/wp-content\/uploads\/2022\/02\/Un-monte-rosa-para-150x150.jpg",150,150,true],"medium":["https:\/\/experienciadevida.com.ar\/portalurbano\/wp-content\/uploads\/2022\/02\/Un-monte-rosa-para-300x158.jpg",300,158,true],"medium_large":["https:\/\/experienciadevida.com.ar\/portalurbano\/wp-content\/uploads\/2022\/02\/Un-monte-rosa-para-768x403.jpg",640,336,true],"large":["https:\/\/experienciadevida.com.ar\/portalurbano\/wp-content\/uploads\/2022\/02\/Un-monte-rosa-para.jpg",640,336,false],"ug_big":["https:\/\/experienciadevida.com.ar\/portalurbano\/wp-content\/uploads\/2022\/02\/Un-monte-rosa-para-768x403.jpg",768,403,true],"1536x1536":["https:\/\/experienciadevida.com.ar\/portalurbano\/wp-content\/uploads\/2022\/02\/Un-monte-rosa-para.jpg",800,420,false],"2048x2048":["https:\/\/experienciadevida.com.ar\/portalurbano\/wp-content\/uploads\/2022\/02\/Un-monte-rosa-para.jpg",800,420,false],"newsever-slider-full":["https:\/\/experienciadevida.com.ar\/portalurbano\/wp-content\/uploads\/2022\/02\/Un-monte-rosa-para.jpg",800,420,false],"newsever-featured":["https:\/\/experienciadevida.com.ar\/portalurbano\/wp-content\/uploads\/2022\/02\/Un-monte-rosa-para.jpg",800,420,false],"newsever-medium":["https:\/\/experienciadevida.com.ar\/portalurbano\/wp-content\/uploads\/2022\/02\/Un-monte-rosa-para.jpg",720,378,false],"web-stories-poster-portrait":["https:\/\/experienciadevida.com.ar\/portalurbano\/wp-content\/uploads\/2022\/02\/Un-monte-rosa-para.jpg",640,336,false],"web-stories-publisher-logo":["https:\/\/experienciadevida.com.ar\/portalurbano\/wp-content\/uploads\/2022\/02\/Un-monte-rosa-para.jpg",96,50,false],"web-stories-thumbnail":["https:\/\/experienciadevida.com.ar\/portalurbano\/wp-content\/uploads\/2022\/02\/Un-monte-rosa-para.jpg",150,79,false]},"author_info":{"display_name":"admpu17wp","author_link":"https:\/\/experienciadevida.com.ar\/portalurbano\/author\/admpu17wp\/"},"category_info":"<a href=\"https:\/\/experienciadevida.com.ar\/portalurbano\/category\/destacadas\/\" rel=\"category tag\">Destacadas<\/a> <a href=\"https:\/\/experienciadevida.com.ar\/portalurbano\/category\/ciudad\/salud\/\" rel=\"category tag\">Salud<\/a>","tag_info":"Salud","comment_count":"0","amp_enabled":true,"_links":{"self":[{"href":"https:\/\/experienciadevida.com.ar\/portalurbano\/wp-json\/wp\/v2\/posts\/161159"}],"collection":[{"href":"https:\/\/experienciadevida.com.ar\/portalurbano\/wp-json\/wp\/v2\/posts"}],"about":[{"href":"https:\/\/experienciadevida.com.ar\/portalurbano\/wp-json\/wp\/v2\/types\/post"}],"author":[{"embeddable":true,"href":"https:\/\/experienciadevida.com.ar\/portalurbano\/wp-json\/wp\/v2\/users\/1"}],"replies":[{"embeddable":true,"href":"https:\/\/experienciadevida.com.ar\/portalurbano\/wp-json\/wp\/v2\/comments?post=161159"}],"version-history":[{"count":2,"href":"https:\/\/experienciadevida.com.ar\/portalurbano\/wp-json\/wp\/v2\/posts\/161159\/revisions"}],"predecessor-version":[{"id":161162,"href":"https:\/\/experienciadevida.com.ar\/portalurbano\/wp-json\/wp\/v2\/posts\/161159\/revisions\/161162"}],"wp:featuredmedia":[{"embeddable":true,"href":"https:\/\/experienciadevida.com.ar\/portalurbano\/wp-json\/wp\/v2\/media\/161160"}],"wp:attachment":[{"href":"https:\/\/experienciadevida.com.ar\/portalurbano\/wp-json\/wp\/v2\/media?parent=161159"}],"wp:term":[{"taxonomy":"category","embeddable":true,"href":"https:\/\/experienciadevida.com.ar\/portalurbano\/wp-json\/wp\/v2\/categories?post=161159"},{"taxonomy":"post_tag","embeddable":true,"href":"https:\/\/experienciadevida.com.ar\/portalurbano\/wp-json\/wp\/v2\/tags?post=161159"}],"curies":[{"name":"wp","href":"https:\/\/api.w.org\/{rel}","templated":true}]}}