{"id":161145,"date":"2022-02-05T10:31:54","date_gmt":"2022-02-05T13:31:54","guid":{"rendered":"https:\/\/experienciadevida.com.ar\/portalurbano\/?p=161145"},"modified":"2022-02-05T11:04:30","modified_gmt":"2022-02-05T14:04:30","slug":"sesion-extraordinaria-por-unanimidad-se-aprobo-la-creacion-de-la-comision-especial-para-investigar-la-presunta-venta-ilegal-de-terrenos","status":"publish","type":"post","link":"https:\/\/experienciadevida.com.ar\/portalurbano\/sesion-extraordinaria-por-unanimidad-se-aprobo-la-creacion-de-la-comision-especial-para-investigar-la-presunta-venta-ilegal-de-terrenos\/","title":{"rendered":"Sesi\u00f3n extraordinaria: Por unanimidad se aprob\u00f3 la creaci\u00f3n de la Comisi\u00f3n Especial para investigar la presunta venta ilegal de terrenos"},"content":{"rendered":"<p>Sesi\u00f3n extraordinaria: Por unanimidad se aprob\u00f3 la creaci\u00f3n de la Comisi\u00f3n Especial para investigar la presunta venta ilegal de terrenos.<\/p>\n<p>Este s\u00e1bado el Concejo Deliberante de Olavarr\u00eda sesion\u00f3 de manera extraordinaria a los efectos de dar tratamiento a un proyecto de Decreto presentado por el Interbloque del <a href=\"https:\/\/www.facebook.com\/FrenteDeTodosOlavarria\">Frente de Todos<\/a> que tiene como objetivo la creaci\u00f3n de una Comisi\u00f3n Especial para investigar la presunta venta ilegal de terrenos en el Partido de Olavarr\u00eda<\/p>\n<p>A la sesi\u00f3n de este s\u00e1bado, finalmente, lleg\u00f3 un proyecto unificado que fue consensuado por los distintos bloques que conforman el Poder Legislativo luego de la reuni\u00f3n de la Labor Parlamentaria realizada el viernes 4 de febrero.<\/p>\n<p>El debate en el recinto fue abierto por la presidenta del Interbloque del Frente de Todos, concejal Mercedes Land\u00edvar quien primero contextualiz\u00f3 el tema de fondo y afirm\u00f3 que el pedido de creaci\u00f3n de la Comisi\u00f3n Especial servir\u00e1 para \u201cescuchar a los damnificados, escuchar funcionarios, organismos entendidos en el tema\u201d. La concejal resalt\u00f3 el trabajo con el resto de los bloques y expres\u00f3 \u201cel proyecto tiene sugerencias del bloque oficialista, nos hemos logrado poner de acuerdo\u201d.<\/p>\n<p><a href=\"https:\/\/experienciadevida.com.ar\/portalurbano\/sesion-extraordinaria-por-unanimidad-se-aprobo-la-creacion-de-la-comision-especial-para-investigar-la-presunta-venta-ilegal-de-terrenos\/sesion-17\/\" rel=\"attachment wp-att-161149\"><img decoding=\"async\" class=\"alignnone size-full wp-image-161149\" src=\"https:\/\/experienciadevida.com.ar\/portalurbano\/wp-content\/uploads\/2022\/02\/Sesion.jpg\" alt=\"Sesi\u00f3n \" width=\"765\" height=\"511\" srcset=\"https:\/\/experienciadevida.com.ar\/portalurbano\/wp-content\/uploads\/2022\/02\/Sesion.jpg 765w, https:\/\/experienciadevida.com.ar\/portalurbano\/wp-content\/uploads\/2022\/02\/Sesion-300x200.jpg 300w\" sizes=\"(max-width: 765px) 100vw, 765px\" \/><\/a><\/p>\n<p>Sesi\u00f3n extraordinaria: la concejal Landivar expres\u00f3 que tras un acuerdo con el bloque oficialista, se consensu\u00f3 el env\u00edo a la Justicia la versi\u00f3n taquigr\u00e1fica de la Sesi\u00f3n Extraordinaria llevada adelante este s\u00e1bado. \u201cEstamos ante la<br \/>\noportunidad de mostrarle a la comunidad que el Concejo Deliberante trabaja de puertas abiertas a la comunidad\u201d, cerr\u00f3.<\/p>\n<p>La concejal<a href=\"https:\/\/www.instagram.com\/belenvergel\/?hl=es-la\"> Bel\u00e9n Vergel<\/a> fue quien dio continuidad al debate y remarc\u00f3 que fue la UCR quien propuso que el informe que sea elaborado por la Comisi\u00f3n Especial sea enviado a la Justicia. \u201cEste bloque trabajar\u00e1 por la transparencia y para que los responsables sean juzgados\u201d, dijo.<\/p>\n<p><a href=\"https:\/\/experienciadevida.com.ar\/portalurbano\/sesion-extraordinaria-por-unanimidad-se-aprobo-la-creacion-de-la-comision-especial-para-investigar-la-presunta-venta-ilegal-de-terrenos\/extraordinaria-2\/\" rel=\"attachment wp-att-161150\"><img decoding=\"async\" class=\"alignnone size-full wp-image-161150\" src=\"https:\/\/experienciadevida.com.ar\/portalurbano\/wp-content\/uploads\/2022\/02\/extraordinaria.jpg\" alt=\"extraordinaria \" width=\"765\" height=\"511\" srcset=\"https:\/\/experienciadevida.com.ar\/portalurbano\/wp-content\/uploads\/2022\/02\/extraordinaria.jpg 765w, https:\/\/experienciadevida.com.ar\/portalurbano\/wp-content\/uploads\/2022\/02\/extraordinaria-300x200.jpg 300w\" sizes=\"(max-width: 765px) 100vw, 765px\" \/><\/a><\/p>\n<p>El presidente del bloque de Juntos, Mart\u00edn Endere, resalt\u00f3 que se propuso reducir a la mitad el plazo de funcionamiento de la Comisi\u00f3n Especial para darle mayor celeridad al trabajo de la misma. \u201cComo lo hemos dicho desde el primer momento, este bloque acompa\u00f1a la creaci\u00f3n de esta comisi\u00f3n para aportar informaci\u00f3n a la Justicia. Queremos que en lugar de sospechas se lleve tranquilidad, por eso acompa\u00f1amos el pedido de la UCR de que el<br \/>\ninforme sea elevado a la Justicia\u201d.<\/p>\n<p>La edil Celeste Arouxet tambi\u00e9n durante su exposici\u00f3n, adelant\u00f3 el acompa\u00f1amiento a la creaci\u00f3n de la Comisi\u00f3n Especial. Pidi\u00f3 que la Justicia act\u00fae con \u201cceleridad\u201d respecto al tema. \u201cNecesitamos di\u00e1logo, transparencia, celeridad y sobre todo sentido com\u00fan\u201d, dijo Arouxet.<\/p>\n<p>El proyecto de Decreto fue luego sometido a votaci\u00f3n y result\u00f3 aprobado por unanimidad convirti\u00e9ndose en el Decreto 002\/22.<\/p>\n<p>Tras la votaci\u00f3n el concejal Juan S\u00e1nchez solicit\u00f3 que la Comisi\u00f3n Especial sea constituida el pr\u00f3ximo lunes 7 de febrero. En este sentido la Presidente del Concejo Deliberante ser\u00e1 la encargada de convocar a los bloques para la reuni\u00f3n constitutiva de la Comisi\u00f3n como lo establece el Reglamento Interno del HCD<\/p>\n","protected":false},"excerpt":{"rendered":"<p>Sesi\u00f3n extraordinaria: Por unanimidad se aprob\u00f3 la creaci\u00f3n de la Comisi\u00f3n Especial para investigar la&#8230;<\/p>\n","protected":false},"author":1,"featured_media":161146,"comment_status":"closed","ping_status":"closed","sticky":false,"template":"","format":"standard","meta":{"content-type":""},"categories":[27,64],"tags":[],"nelio_content":{"isAutoShareEnabled":false,"autoShareEndMode":"default","automationSources":{"useContentSentences":true,"useSocialTemplates":true,"useCustomSentences":false,"customSentences":[]},"followers":[1],"suggestedReferences":[],"includedReferences":[],"efiUrl":"","efiAlt":"","highlights":[]},"yoast_head":"<!-- This site is optimized with the Yoast SEO plugin v20.7 - https:\/\/yoast.com\/wordpress\/plugins\/seo\/ -->\n<title>Sesi\u00f3n extraordinaria: Por unanimidad se aprob\u00f3 la creaci\u00f3n<\/title>\n<meta name=\"description\" content=\"Sesi\u00f3n extraordinaria: Por unanimidad se aprob\u00f3 la creaci\u00f3n de la Comisi\u00f3n Especial para investigar la presunta venta ilegal de terrenos.\" \/>\n<meta name=\"robots\" content=\"index, follow, max-snippet:-1, max-image-preview:large, max-video-preview:-1\" \/>\n<link rel=\"canonical\" href=\"https:\/\/experienciadevida.com.ar\/portalurbano\/sesion-extraordinaria-por-unanimidad-se-aprobo-la-creacion-de-la-comision-especial-para-investigar-la-presunta-venta-ilegal-de-terrenos\/\" \/>\n<meta property=\"og:locale\" content=\"es_ES\" \/>\n<meta property=\"og:type\" content=\"article\" \/>\n<meta property=\"og:title\" content=\"Sesi\u00f3n extraordinaria: Por unanimidad se aprob\u00f3 la creaci\u00f3n\" \/>\n<meta property=\"og:description\" content=\"Sesi\u00f3n extraordinaria: Por unanimidad se aprob\u00f3 la creaci\u00f3n de la Comisi\u00f3n Especial para investigar la presunta venta ilegal de terrenos.\" \/>\n<meta property=\"og:url\" content=\"https:\/\/experienciadevida.com.ar\/portalurbano\/sesion-extraordinaria-por-unanimidad-se-aprobo-la-creacion-de-la-comision-especial-para-investigar-la-presunta-venta-ilegal-de-terrenos\/\" \/>\n<meta property=\"article:publisher\" content=\"https:\/\/www.facebook.com\/Portal-Urbano-171542830093757\/\" \/>\n<meta property=\"article:published_time\" content=\"2022-02-05T13:31:54+00:00\" \/>\n<meta property=\"article:modified_time\" content=\"2022-02-05T14:04:30+00:00\" \/>\n<meta property=\"og:image\" content=\"https:\/\/experienciadevida.com.ar\/portalurbano\/wp-content\/uploads\/2022\/02\/Sesion-extraordinaria-scaled-e1644067905951.jpg\" \/>\n\t<meta property=\"og:image:width\" content=\"765\" \/>\n\t<meta property=\"og:image:height\" content=\"511\" \/>\n\t<meta property=\"og:image:type\" content=\"image\/jpeg\" \/>\n<meta name=\"author\" content=\"admpu17wp\" \/>\n<meta name=\"twitter:card\" content=\"summary_large_image\" \/>\n<meta name=\"twitter:creator\" content=\"@portalurbanook\" \/>\n<meta name=\"twitter:site\" content=\"@portalurbanook\" \/>\n<meta name=\"twitter:label1\" content=\"Escrito por\" \/>\n\t<meta name=\"twitter:data1\" content=\"admpu17wp\" \/>\n\t<meta name=\"twitter:label2\" content=\"Tiempo de lectura\" \/>\n\t<meta name=\"twitter:data2\" content=\"3 minutos\" \/>\n<script type=\"application\/ld+json\" class=\"yoast-schema-graph\">{\"@context\":\"https:\/\/schema.org\",\"@graph\":[{\"@type\":\"Article\",\"@id\":\"https:\/\/experienciadevida.com.ar\/portalurbano\/sesion-extraordinaria-por-unanimidad-se-aprobo-la-creacion-de-la-comision-especial-para-investigar-la-presunta-venta-ilegal-de-terrenos\/#article\",\"isPartOf\":{\"@id\":\"https:\/\/experienciadevida.com.ar\/portalurbano\/sesion-extraordinaria-por-unanimidad-se-aprobo-la-creacion-de-la-comision-especial-para-investigar-la-presunta-venta-ilegal-de-terrenos\/\"},\"author\":{\"name\":\"admpu17wp\",\"@id\":\"https:\/\/experienciadevida.com.ar\/portalurbano\/#\/schema\/person\/02dd326b1c4b056e9cc972486934a3a7\"},\"headline\":\"Sesi\u00f3n extraordinaria: Por unanimidad se aprob\u00f3 la creaci\u00f3n de la Comisi\u00f3n Especial para investigar la presunta venta ilegal de terrenos\",\"datePublished\":\"2022-02-05T13:31:54+00:00\",\"dateModified\":\"2022-02-05T14:04:30+00:00\",\"mainEntityOfPage\":{\"@id\":\"https:\/\/experienciadevida.com.ar\/portalurbano\/sesion-extraordinaria-por-unanimidad-se-aprobo-la-creacion-de-la-comision-especial-para-investigar-la-presunta-venta-ilegal-de-terrenos\/\"},\"wordCount\":541,\"publisher\":{\"@id\":\"https:\/\/experienciadevida.com.ar\/portalurbano\/#organization\"},\"articleSection\":[\"Ciudad\",\"Destacadas 2\"],\"inLanguage\":\"es\"},{\"@type\":\"WebPage\",\"@id\":\"https:\/\/experienciadevida.com.ar\/portalurbano\/sesion-extraordinaria-por-unanimidad-se-aprobo-la-creacion-de-la-comision-especial-para-investigar-la-presunta-venta-ilegal-de-terrenos\/\",\"url\":\"https:\/\/experienciadevida.com.ar\/portalurbano\/sesion-extraordinaria-por-unanimidad-se-aprobo-la-creacion-de-la-comision-especial-para-investigar-la-presunta-venta-ilegal-de-terrenos\/\",\"name\":\"Sesi\u00f3n extraordinaria: Por unanimidad se aprob\u00f3 la creaci\u00f3n\",\"isPartOf\":{\"@id\":\"https:\/\/experienciadevida.com.ar\/portalurbano\/#website\"},\"datePublished\":\"2022-02-05T13:31:54+00:00\",\"dateModified\":\"2022-02-05T14:04:30+00:00\",\"description\":\"Sesi\u00f3n extraordinaria: Por unanimidad se aprob\u00f3 la creaci\u00f3n de la Comisi\u00f3n Especial para investigar la presunta venta ilegal de terrenos.\",\"breadcrumb\":{\"@id\":\"https:\/\/experienciadevida.com.ar\/portalurbano\/sesion-extraordinaria-por-unanimidad-se-aprobo-la-creacion-de-la-comision-especial-para-investigar-la-presunta-venta-ilegal-de-terrenos\/#breadcrumb\"},\"inLanguage\":\"es\",\"potentialAction\":[{\"@type\":\"ReadAction\",\"target\":[\"https:\/\/experienciadevida.com.ar\/portalurbano\/sesion-extraordinaria-por-unanimidad-se-aprobo-la-creacion-de-la-comision-especial-para-investigar-la-presunta-venta-ilegal-de-terrenos\/\"]}]},{\"@type\":\"BreadcrumbList\",\"@id\":\"https:\/\/experienciadevida.com.ar\/portalurbano\/sesion-extraordinaria-por-unanimidad-se-aprobo-la-creacion-de-la-comision-especial-para-investigar-la-presunta-venta-ilegal-de-terrenos\/#breadcrumb\",\"itemListElement\":[{\"@type\":\"ListItem\",\"position\":1,\"name\":\"Portada\",\"item\":\"https:\/\/experienciadevida.com.ar\/portalurbano\/\"},{\"@type\":\"ListItem\",\"position\":2,\"name\":\"Sesi\u00f3n extraordinaria: Por unanimidad se aprob\u00f3 la creaci\u00f3n de la Comisi\u00f3n Especial para investigar la presunta venta ilegal de terrenos\"}]},{\"@type\":\"WebSite\",\"@id\":\"https:\/\/experienciadevida.com.ar\/portalurbano\/#website\",\"url\":\"https:\/\/experienciadevida.com.ar\/portalurbano\/\",\"name\":\"\",\"description\":\"\",\"publisher\":{\"@id\":\"https:\/\/experienciadevida.com.ar\/portalurbano\/#organization\"},\"potentialAction\":[{\"@type\":\"SearchAction\",\"target\":{\"@type\":\"EntryPoint\",\"urlTemplate\":\"https:\/\/experienciadevida.com.ar\/portalurbano\/?s={search_term_string}\"},\"query-input\":\"required name=search_term_string\"}],\"inLanguage\":\"es\"},{\"@type\":\"Organization\",\"@id\":\"https:\/\/experienciadevida.com.ar\/portalurbano\/#organization\",\"name\":\"Portal Urbano\",\"url\":\"https:\/\/experienciadevida.com.ar\/portalurbano\/\",\"logo\":{\"@type\":\"ImageObject\",\"inLanguage\":\"es\",\"@id\":\"https:\/\/experienciadevida.com.ar\/portalurbano\/#\/schema\/logo\/image\/\",\"url\":\"https:\/\/experienciadevida.com.ar\/portalurbano\/wp-content\/uploads\/2019\/09\/Logo-Original.png\",\"contentUrl\":\"https:\/\/experienciadevida.com.ar\/portalurbano\/wp-content\/uploads\/2019\/09\/Logo-Original.png\",\"width\":2236,\"height\":1216,\"caption\":\"Portal Urbano\"},\"image\":{\"@id\":\"https:\/\/experienciadevida.com.ar\/portalurbano\/#\/schema\/logo\/image\/\"},\"sameAs\":[\"https:\/\/www.facebook.com\/Portal-Urbano-171542830093757\/\",\"https:\/\/twitter.com\/portalurbanook\",\"https:\/\/www.instagram.com\/_portalurbano\/\",\"https:\/\/www.youtube.com\/channel\/UCXhagIfszH8KxFiOok79zbA?view_as=subscriber\"]},{\"@type\":\"Person\",\"@id\":\"https:\/\/experienciadevida.com.ar\/portalurbano\/#\/schema\/person\/02dd326b1c4b056e9cc972486934a3a7\",\"name\":\"admpu17wp\",\"image\":{\"@type\":\"ImageObject\",\"inLanguage\":\"es\",\"@id\":\"https:\/\/experienciadevida.com.ar\/portalurbano\/#\/schema\/person\/image\/\",\"url\":\"https:\/\/secure.gravatar.com\/avatar\/830d4c57adaae6630765e449a6908047?s=96&d=mm&r=g\",\"contentUrl\":\"https:\/\/secure.gravatar.com\/avatar\/830d4c57adaae6630765e449a6908047?s=96&d=mm&r=g\",\"caption\":\"admpu17wp\"}}]}<\/script>\n<!-- \/ Yoast SEO plugin. -->","yoast_head_json":{"title":"Sesi\u00f3n extraordinaria: Por unanimidad se aprob\u00f3 la creaci\u00f3n","description":"Sesi\u00f3n extraordinaria: Por unanimidad se aprob\u00f3 la creaci\u00f3n de la Comisi\u00f3n Especial para investigar la presunta venta ilegal de terrenos.","robots":{"index":"index","follow":"follow","max-snippet":"max-snippet:-1","max-image-preview":"max-image-preview:large","max-video-preview":"max-video-preview:-1"},"canonical":"https:\/\/experienciadevida.com.ar\/portalurbano\/sesion-extraordinaria-por-unanimidad-se-aprobo-la-creacion-de-la-comision-especial-para-investigar-la-presunta-venta-ilegal-de-terrenos\/","og_locale":"es_ES","og_type":"article","og_title":"Sesi\u00f3n extraordinaria: Por unanimidad se aprob\u00f3 la creaci\u00f3n","og_description":"Sesi\u00f3n extraordinaria: Por unanimidad se aprob\u00f3 la creaci\u00f3n de la Comisi\u00f3n Especial para investigar la presunta venta ilegal de terrenos.","og_url":"https:\/\/experienciadevida.com.ar\/portalurbano\/sesion-extraordinaria-por-unanimidad-se-aprobo-la-creacion-de-la-comision-especial-para-investigar-la-presunta-venta-ilegal-de-terrenos\/","article_publisher":"https:\/\/www.facebook.com\/Portal-Urbano-171542830093757\/","article_published_time":"2022-02-05T13:31:54+00:00","article_modified_time":"2022-02-05T14:04:30+00:00","og_image":[{"width":765,"height":511,"url":"https:\/\/experienciadevida.com.ar\/portalurbano\/wp-content\/uploads\/2022\/02\/Sesion-extraordinaria-scaled-e1644067905951.jpg","type":"image\/jpeg"}],"author":"admpu17wp","twitter_card":"summary_large_image","twitter_creator":"@portalurbanook","twitter_site":"@portalurbanook","twitter_misc":{"Escrito por":"admpu17wp","Tiempo de lectura":"3 minutos"},"schema":{"@context":"https:\/\/schema.org","@graph":[{"@type":"Article","@id":"https:\/\/experienciadevida.com.ar\/portalurbano\/sesion-extraordinaria-por-unanimidad-se-aprobo-la-creacion-de-la-comision-especial-para-investigar-la-presunta-venta-ilegal-de-terrenos\/#article","isPartOf":{"@id":"https:\/\/experienciadevida.com.ar\/portalurbano\/sesion-extraordinaria-por-unanimidad-se-aprobo-la-creacion-de-la-comision-especial-para-investigar-la-presunta-venta-ilegal-de-terrenos\/"},"author":{"name":"admpu17wp","@id":"https:\/\/experienciadevida.com.ar\/portalurbano\/#\/schema\/person\/02dd326b1c4b056e9cc972486934a3a7"},"headline":"Sesi\u00f3n extraordinaria: Por unanimidad se aprob\u00f3 la creaci\u00f3n de la Comisi\u00f3n Especial para investigar la presunta venta ilegal de terrenos","datePublished":"2022-02-05T13:31:54+00:00","dateModified":"2022-02-05T14:04:30+00:00","mainEntityOfPage":{"@id":"https:\/\/experienciadevida.com.ar\/portalurbano\/sesion-extraordinaria-por-unanimidad-se-aprobo-la-creacion-de-la-comision-especial-para-investigar-la-presunta-venta-ilegal-de-terrenos\/"},"wordCount":541,"publisher":{"@id":"https:\/\/experienciadevida.com.ar\/portalurbano\/#organization"},"articleSection":["Ciudad","Destacadas 2"],"inLanguage":"es"},{"@type":"WebPage","@id":"https:\/\/experienciadevida.com.ar\/portalurbano\/sesion-extraordinaria-por-unanimidad-se-aprobo-la-creacion-de-la-comision-especial-para-investigar-la-presunta-venta-ilegal-de-terrenos\/","url":"https:\/\/experienciadevida.com.ar\/portalurbano\/sesion-extraordinaria-por-unanimidad-se-aprobo-la-creacion-de-la-comision-especial-para-investigar-la-presunta-venta-ilegal-de-terrenos\/","name":"Sesi\u00f3n extraordinaria: Por unanimidad se aprob\u00f3 la creaci\u00f3n","isPartOf":{"@id":"https:\/\/experienciadevida.com.ar\/portalurbano\/#website"},"datePublished":"2022-02-05T13:31:54+00:00","dateModified":"2022-02-05T14:04:30+00:00","description":"Sesi\u00f3n extraordinaria: Por unanimidad se aprob\u00f3 la creaci\u00f3n de la Comisi\u00f3n Especial para investigar la presunta venta ilegal de terrenos.","breadcrumb":{"@id":"https:\/\/experienciadevida.com.ar\/portalurbano\/sesion-extraordinaria-por-unanimidad-se-aprobo-la-creacion-de-la-comision-especial-para-investigar-la-presunta-venta-ilegal-de-terrenos\/#breadcrumb"},"inLanguage":"es","potentialAction":[{"@type":"ReadAction","target":["https:\/\/experienciadevida.com.ar\/portalurbano\/sesion-extraordinaria-por-unanimidad-se-aprobo-la-creacion-de-la-comision-especial-para-investigar-la-presunta-venta-ilegal-de-terrenos\/"]}]},{"@type":"BreadcrumbList","@id":"https:\/\/experienciadevida.com.ar\/portalurbano\/sesion-extraordinaria-por-unanimidad-se-aprobo-la-creacion-de-la-comision-especial-para-investigar-la-presunta-venta-ilegal-de-terrenos\/#breadcrumb","itemListElement":[{"@type":"ListItem","position":1,"name":"Portada","item":"https:\/\/experienciadevida.com.ar\/portalurbano\/"},{"@type":"ListItem","position":2,"name":"Sesi\u00f3n extraordinaria: Por unanimidad se aprob\u00f3 la creaci\u00f3n de la Comisi\u00f3n Especial para investigar la presunta venta ilegal de terrenos"}]},{"@type":"WebSite","@id":"https:\/\/experienciadevida.com.ar\/portalurbano\/#website","url":"https:\/\/experienciadevida.com.ar\/portalurbano\/","name":"","description":"","publisher":{"@id":"https:\/\/experienciadevida.com.ar\/portalurbano\/#organization"},"potentialAction":[{"@type":"SearchAction","target":{"@type":"EntryPoint","urlTemplate":"https:\/\/experienciadevida.com.ar\/portalurbano\/?s={search_term_string}"},"query-input":"required name=search_term_string"}],"inLanguage":"es"},{"@type":"Organization","@id":"https:\/\/experienciadevida.com.ar\/portalurbano\/#organization","name":"Portal Urbano","url":"https:\/\/experienciadevida.com.ar\/portalurbano\/","logo":{"@type":"ImageObject","inLanguage":"es","@id":"https:\/\/experienciadevida.com.ar\/portalurbano\/#\/schema\/logo\/image\/","url":"https:\/\/experienciadevida.com.ar\/portalurbano\/wp-content\/uploads\/2019\/09\/Logo-Original.png","contentUrl":"https:\/\/experienciadevida.com.ar\/portalurbano\/wp-content\/uploads\/2019\/09\/Logo-Original.png","width":2236,"height":1216,"caption":"Portal Urbano"},"image":{"@id":"https:\/\/experienciadevida.com.ar\/portalurbano\/#\/schema\/logo\/image\/"},"sameAs":["https:\/\/www.facebook.com\/Portal-Urbano-171542830093757\/","https:\/\/twitter.com\/portalurbanook","https:\/\/www.instagram.com\/_portalurbano\/","https:\/\/www.youtube.com\/channel\/UCXhagIfszH8KxFiOok79zbA?view_as=subscriber"]},{"@type":"Person","@id":"https:\/\/experienciadevida.com.ar\/portalurbano\/#\/schema\/person\/02dd326b1c4b056e9cc972486934a3a7","name":"admpu17wp","image":{"@type":"ImageObject","inLanguage":"es","@id":"https:\/\/experienciadevida.com.ar\/portalurbano\/#\/schema\/person\/image\/","url":"https:\/\/secure.gravatar.com\/avatar\/830d4c57adaae6630765e449a6908047?s=96&d=mm&r=g","contentUrl":"https:\/\/secure.gravatar.com\/avatar\/830d4c57adaae6630765e449a6908047?s=96&d=mm&r=g","caption":"admpu17wp"}}]}},"featured_image_urls":{"full":["https:\/\/experienciadevida.com.ar\/portalurbano\/wp-content\/uploads\/2022\/02\/Sesion-extraordinaria-scaled-e1644067905951.jpg",765,511,false],"thumbnail":["https:\/\/experienciadevida.com.ar\/portalurbano\/wp-content\/uploads\/2022\/02\/Sesion-extraordinaria-150x150.jpg",150,150,true],"medium":["https:\/\/experienciadevida.com.ar\/portalurbano\/wp-content\/uploads\/2022\/02\/Sesion-extraordinaria-300x201.jpg",300,201,true],"medium_large":["https:\/\/experienciadevida.com.ar\/portalurbano\/wp-content\/uploads\/2022\/02\/Sesion-extraordinaria-768x513.jpg",640,428,true],"large":["https:\/\/experienciadevida.com.ar\/portalurbano\/wp-content\/uploads\/2022\/02\/Sesion-extraordinaria-1024x684.jpg",640,428,true],"ug_big":["https:\/\/experienciadevida.com.ar\/portalurbano\/wp-content\/uploads\/2022\/02\/Sesion-extraordinaria-768x513.jpg",768,513,true],"1536x1536":["https:\/\/experienciadevida.com.ar\/portalurbano\/wp-content\/uploads\/2022\/02\/Sesion-extraordinaria-1536x1027.jpg",1536,1027,true],"2048x2048":["https:\/\/experienciadevida.com.ar\/portalurbano\/wp-content\/uploads\/2022\/02\/Sesion-extraordinaria-2048x1369.jpg",2048,1369,true],"newsever-slider-full":["https:\/\/experienciadevida.com.ar\/portalurbano\/wp-content\/uploads\/2022\/02\/Sesion-extraordinaria-scaled-e1644067905951.jpg",765,511,false],"newsever-featured":["https:\/\/experienciadevida.com.ar\/portalurbano\/wp-content\/uploads\/2022\/02\/Sesion-extraordinaria-scaled-e1644067905951.jpg",765,511,false],"newsever-medium":["https:\/\/experienciadevida.com.ar\/portalurbano\/wp-content\/uploads\/2022\/02\/Sesion-extraordinaria-scaled-e1644067905951.jpg",711,475,false],"web-stories-poster-portrait":["https:\/\/experienciadevida.com.ar\/portalurbano\/wp-content\/uploads\/2022\/02\/Sesion-extraordinaria-scaled-e1644067905951.jpg",640,428,false],"web-stories-publisher-logo":["https:\/\/experienciadevida.com.ar\/portalurbano\/wp-content\/uploads\/2022\/02\/Sesion-extraordinaria-scaled-e1644067905951.jpg",96,64,false],"web-stories-thumbnail":["https:\/\/experienciadevida.com.ar\/portalurbano\/wp-content\/uploads\/2022\/02\/Sesion-extraordinaria-scaled-e1644067905951.jpg",150,100,false]},"author_info":{"display_name":"admpu17wp","author_link":"https:\/\/experienciadevida.com.ar\/portalurbano\/author\/admpu17wp\/"},"category_info":"<a href=\"https:\/\/experienciadevida.com.ar\/portalurbano\/category\/ciudad\/\" rel=\"category tag\">Ciudad<\/a> <a href=\"https:\/\/experienciadevida.com.ar\/portalurbano\/category\/destacadas-2\/\" rel=\"category tag\">Destacadas 2<\/a>","tag_info":"Destacadas 2","comment_count":"0","amp_enabled":true,"_links":{"self":[{"href":"https:\/\/experienciadevida.com.ar\/portalurbano\/wp-json\/wp\/v2\/posts\/161145"}],"collection":[{"href":"https:\/\/experienciadevida.com.ar\/portalurbano\/wp-json\/wp\/v2\/posts"}],"about":[{"href":"https:\/\/experienciadevida.com.ar\/portalurbano\/wp-json\/wp\/v2\/types\/post"}],"author":[{"embeddable":true,"href":"https:\/\/experienciadevida.com.ar\/portalurbano\/wp-json\/wp\/v2\/users\/1"}],"replies":[{"embeddable":true,"href":"https:\/\/experienciadevida.com.ar\/portalurbano\/wp-json\/wp\/v2\/comments?post=161145"}],"version-history":[{"count":2,"href":"https:\/\/experienciadevida.com.ar\/portalurbano\/wp-json\/wp\/v2\/posts\/161145\/revisions"}],"predecessor-version":[{"id":161151,"href":"https:\/\/experienciadevida.com.ar\/portalurbano\/wp-json\/wp\/v2\/posts\/161145\/revisions\/161151"}],"wp:featuredmedia":[{"embeddable":true,"href":"https:\/\/experienciadevida.com.ar\/portalurbano\/wp-json\/wp\/v2\/media\/161146"}],"wp:attachment":[{"href":"https:\/\/experienciadevida.com.ar\/portalurbano\/wp-json\/wp\/v2\/media?parent=161145"}],"wp:term":[{"taxonomy":"category","embeddable":true,"href":"https:\/\/experienciadevida.com.ar\/portalurbano\/wp-json\/wp\/v2\/categories?post=161145"},{"taxonomy":"post_tag","embeddable":true,"href":"https:\/\/experienciadevida.com.ar\/portalurbano\/wp-json\/wp\/v2\/tags?post=161145"}],"curies":[{"name":"wp","href":"https:\/\/api.w.org\/{rel}","templated":true}]}}