{"id":161142,"date":"2022-02-05T10:20:18","date_gmt":"2022-02-05T13:20:18","guid":{"rendered":"https:\/\/experienciadevida.com.ar\/portalurbano\/?p=161142"},"modified":"2022-02-05T10:25:31","modified_gmt":"2022-02-05T13:25:31","slug":"se-descartaron-1119-vacunas-que-estaban-en-cuarentena-por-desvio-en-la-cadena-de-frio","status":"publish","type":"post","link":"https:\/\/experienciadevida.com.ar\/portalurbano\/se-descartaron-1119-vacunas-que-estaban-en-cuarentena-por-desvio-en-la-cadena-de-frio\/","title":{"rendered":"Se descartaron 1119 vacunas que estaban en cuarentena por desv\u00edo en la cadena de fr\u00edo"},"content":{"rendered":"<p>Se descartaron 1119 vacunas que estaban en cuarentena por desv\u00edo en la cadena de fr\u00edo, la Secretar\u00eda de Salud inform\u00f3 que, luego de evaluar la hecho acontecido en el centro de inmunizaci\u00f3n del Municipio de Olavarr\u00eda, el Ministerio de Salud de la provincia de Buenos Aires recomend\u00f3 el descarte de 1119 vacunas del total 5558 que se encontraban en cuarentena por desv\u00edo en la cadena de fr\u00edo.<\/p>\n<p>El resto de las vacunas pueden ser utilizadas, no afectando la seguridad y eficacia de las mismas. Dentro de las dosis descartadas se encuentran doble adultos, rotavirus, neumococo 23 valencias, triple y doble viral, fiebre amarilla, bexsero y varicela.<\/p>\n<p>La Direcci\u00f3n de Inmunizaci\u00f3n de Olavarr\u00eda inform\u00f3 que este hecho no impacta en el cumplimiento del calendario de vacunaci\u00f3n porque hay disposici\u00f3n de dosis en stock de estas vacunas.<\/p>\n<p>Los horarios y lugares de vacunaci\u00f3n contin\u00faan sin modificaciones, recordando que este s\u00e1bado el \u00abbanco de leche\u00bb estar\u00e1 cerrado por jornada de actualizaci\u00f3n y capacitaci\u00f3n programada previamente.<\/p>\n<p>Con respecto al hecho ocurrido, el mismo solo afect\u00f3 seis heladeras y no se generaron fallas en la c\u00e1mara de vacunas.<\/p>\n<p>Desde la cartera sanitaria aseguraron que se reforzar\u00e1 el sistema de vigilancia y alarmas ante futuras fallas que puedan surgir y que ya se solicit\u00f3 la reposici\u00f3n al programa de inmunizaciones provinciales de las dosis descartadas.<\/p>\n<p>Foto: Arhivo- ilustrativa<\/p>\n","protected":false},"excerpt":{"rendered":"<p>Se descartaron 1119 vacunas que estaban en cuarentena por desv\u00edo en la cadena de fr\u00edo,&#8230;<\/p>\n","protected":false},"author":1,"featured_media":154739,"comment_status":"closed","ping_status":"closed","sticky":false,"template":"","format":"standard","meta":{"content-type":""},"categories":[51,45],"tags":[],"nelio_content":{"isAutoShareEnabled":false,"autoShareEndMode":"default","automationSources":{"useContentSentences":true,"useSocialTemplates":true,"useCustomSentences":false,"customSentences":[]},"followers":[1],"suggestedReferences":[],"includedReferences":[],"efiUrl":"","efiAlt":"","highlights":[]},"yoast_head":"<!-- This site is optimized with the Yoast SEO plugin v20.7 - https:\/\/yoast.com\/wordpress\/plugins\/seo\/ -->\n<title>Se descartaron 1119 vacunas que estaban en cuarentena<\/title>\n<meta name=\"description\" content=\"Se descartaron 1119 vacunas que estaban en cuarentena por desv\u00edo en la cadena de fr\u00edo, as\u00ed lo inform\u00f3 la Secretar\u00eda de Salud.\" \/>\n<meta name=\"robots\" content=\"index, follow, max-snippet:-1, max-image-preview:large, max-video-preview:-1\" \/>\n<link rel=\"canonical\" href=\"https:\/\/experienciadevida.com.ar\/portalurbano\/se-descartaron-1119-vacunas-que-estaban-en-cuarentena-por-desvio-en-la-cadena-de-frio\/\" \/>\n<meta property=\"og:locale\" content=\"es_ES\" \/>\n<meta property=\"og:type\" content=\"article\" \/>\n<meta property=\"og:title\" content=\"Se descartaron 1119 vacunas que estaban en cuarentena\" \/>\n<meta property=\"og:description\" content=\"Se descartaron 1119 vacunas que estaban en cuarentena por desv\u00edo en la cadena de fr\u00edo, as\u00ed lo inform\u00f3 la Secretar\u00eda de Salud.\" \/>\n<meta property=\"og:url\" content=\"https:\/\/experienciadevida.com.ar\/portalurbano\/se-descartaron-1119-vacunas-que-estaban-en-cuarentena-por-desvio-en-la-cadena-de-frio\/\" \/>\n<meta property=\"article:publisher\" content=\"https:\/\/www.facebook.com\/Portal-Urbano-171542830093757\/\" \/>\n<meta property=\"article:published_time\" content=\"2022-02-05T13:20:18+00:00\" \/>\n<meta property=\"article:modified_time\" content=\"2022-02-05T13:25:31+00:00\" \/>\n<meta property=\"og:image\" content=\"https:\/\/experienciadevida.com.ar\/portalurbano\/wp-content\/uploads\/2021\/10\/Se-realizara-una-vacunacion-en.jpg\" \/>\n\t<meta property=\"og:image:width\" content=\"624\" \/>\n\t<meta property=\"og:image:height\" content=\"454\" \/>\n\t<meta property=\"og:image:type\" content=\"image\/jpeg\" \/>\n<meta name=\"author\" content=\"admpu17wp\" \/>\n<meta name=\"twitter:card\" content=\"summary_large_image\" \/>\n<meta name=\"twitter:creator\" content=\"@portalurbanook\" \/>\n<meta name=\"twitter:site\" content=\"@portalurbanook\" \/>\n<meta name=\"twitter:label1\" content=\"Escrito por\" \/>\n\t<meta name=\"twitter:data1\" content=\"admpu17wp\" \/>\n\t<meta name=\"twitter:label2\" content=\"Tiempo de lectura\" \/>\n\t<meta name=\"twitter:data2\" content=\"2 minutos\" \/>\n<script type=\"application\/ld+json\" class=\"yoast-schema-graph\">{\"@context\":\"https:\/\/schema.org\",\"@graph\":[{\"@type\":\"Article\",\"@id\":\"https:\/\/experienciadevida.com.ar\/portalurbano\/se-descartaron-1119-vacunas-que-estaban-en-cuarentena-por-desvio-en-la-cadena-de-frio\/#article\",\"isPartOf\":{\"@id\":\"https:\/\/experienciadevida.com.ar\/portalurbano\/se-descartaron-1119-vacunas-que-estaban-en-cuarentena-por-desvio-en-la-cadena-de-frio\/\"},\"author\":{\"name\":\"admpu17wp\",\"@id\":\"https:\/\/experienciadevida.com.ar\/portalurbano\/#\/schema\/person\/02dd326b1c4b056e9cc972486934a3a7\"},\"headline\":\"Se descartaron 1119 vacunas que estaban en cuarentena por desv\u00edo en la cadena de fr\u00edo\",\"datePublished\":\"2022-02-05T13:20:18+00:00\",\"dateModified\":\"2022-02-05T13:25:31+00:00\",\"mainEntityOfPage\":{\"@id\":\"https:\/\/experienciadevida.com.ar\/portalurbano\/se-descartaron-1119-vacunas-que-estaban-en-cuarentena-por-desvio-en-la-cadena-de-frio\/\"},\"wordCount\":253,\"publisher\":{\"@id\":\"https:\/\/experienciadevida.com.ar\/portalurbano\/#organization\"},\"articleSection\":[\"Destacadas\",\"Salud\"],\"inLanguage\":\"es\"},{\"@type\":\"WebPage\",\"@id\":\"https:\/\/experienciadevida.com.ar\/portalurbano\/se-descartaron-1119-vacunas-que-estaban-en-cuarentena-por-desvio-en-la-cadena-de-frio\/\",\"url\":\"https:\/\/experienciadevida.com.ar\/portalurbano\/se-descartaron-1119-vacunas-que-estaban-en-cuarentena-por-desvio-en-la-cadena-de-frio\/\",\"name\":\"Se descartaron 1119 vacunas que estaban en cuarentena\",\"isPartOf\":{\"@id\":\"https:\/\/experienciadevida.com.ar\/portalurbano\/#website\"},\"datePublished\":\"2022-02-05T13:20:18+00:00\",\"dateModified\":\"2022-02-05T13:25:31+00:00\",\"description\":\"Se descartaron 1119 vacunas que estaban en cuarentena por desv\u00edo en la cadena de fr\u00edo, as\u00ed lo inform\u00f3 la Secretar\u00eda de Salud.\",\"breadcrumb\":{\"@id\":\"https:\/\/experienciadevida.com.ar\/portalurbano\/se-descartaron-1119-vacunas-que-estaban-en-cuarentena-por-desvio-en-la-cadena-de-frio\/#breadcrumb\"},\"inLanguage\":\"es\",\"potentialAction\":[{\"@type\":\"ReadAction\",\"target\":[\"https:\/\/experienciadevida.com.ar\/portalurbano\/se-descartaron-1119-vacunas-que-estaban-en-cuarentena-por-desvio-en-la-cadena-de-frio\/\"]}]},{\"@type\":\"BreadcrumbList\",\"@id\":\"https:\/\/experienciadevida.com.ar\/portalurbano\/se-descartaron-1119-vacunas-que-estaban-en-cuarentena-por-desvio-en-la-cadena-de-frio\/#breadcrumb\",\"itemListElement\":[{\"@type\":\"ListItem\",\"position\":1,\"name\":\"Portada\",\"item\":\"https:\/\/experienciadevida.com.ar\/portalurbano\/\"},{\"@type\":\"ListItem\",\"position\":2,\"name\":\"Se descartaron 1119 vacunas que estaban en cuarentena por desv\u00edo en la cadena de fr\u00edo\"}]},{\"@type\":\"WebSite\",\"@id\":\"https:\/\/experienciadevida.com.ar\/portalurbano\/#website\",\"url\":\"https:\/\/experienciadevida.com.ar\/portalurbano\/\",\"name\":\"\",\"description\":\"\",\"publisher\":{\"@id\":\"https:\/\/experienciadevida.com.ar\/portalurbano\/#organization\"},\"potentialAction\":[{\"@type\":\"SearchAction\",\"target\":{\"@type\":\"EntryPoint\",\"urlTemplate\":\"https:\/\/experienciadevida.com.ar\/portalurbano\/?s={search_term_string}\"},\"query-input\":\"required name=search_term_string\"}],\"inLanguage\":\"es\"},{\"@type\":\"Organization\",\"@id\":\"https:\/\/experienciadevida.com.ar\/portalurbano\/#organization\",\"name\":\"Portal Urbano\",\"url\":\"https:\/\/experienciadevida.com.ar\/portalurbano\/\",\"logo\":{\"@type\":\"ImageObject\",\"inLanguage\":\"es\",\"@id\":\"https:\/\/experienciadevida.com.ar\/portalurbano\/#\/schema\/logo\/image\/\",\"url\":\"https:\/\/experienciadevida.com.ar\/portalurbano\/wp-content\/uploads\/2019\/09\/Logo-Original.png\",\"contentUrl\":\"https:\/\/experienciadevida.com.ar\/portalurbano\/wp-content\/uploads\/2019\/09\/Logo-Original.png\",\"width\":2236,\"height\":1216,\"caption\":\"Portal Urbano\"},\"image\":{\"@id\":\"https:\/\/experienciadevida.com.ar\/portalurbano\/#\/schema\/logo\/image\/\"},\"sameAs\":[\"https:\/\/www.facebook.com\/Portal-Urbano-171542830093757\/\",\"https:\/\/twitter.com\/portalurbanook\",\"https:\/\/www.instagram.com\/_portalurbano\/\",\"https:\/\/www.youtube.com\/channel\/UCXhagIfszH8KxFiOok79zbA?view_as=subscriber\"]},{\"@type\":\"Person\",\"@id\":\"https:\/\/experienciadevida.com.ar\/portalurbano\/#\/schema\/person\/02dd326b1c4b056e9cc972486934a3a7\",\"name\":\"admpu17wp\",\"image\":{\"@type\":\"ImageObject\",\"inLanguage\":\"es\",\"@id\":\"https:\/\/experienciadevida.com.ar\/portalurbano\/#\/schema\/person\/image\/\",\"url\":\"https:\/\/secure.gravatar.com\/avatar\/830d4c57adaae6630765e449a6908047?s=96&d=mm&r=g\",\"contentUrl\":\"https:\/\/secure.gravatar.com\/avatar\/830d4c57adaae6630765e449a6908047?s=96&d=mm&r=g\",\"caption\":\"admpu17wp\"}}]}<\/script>\n<!-- \/ Yoast SEO plugin. -->","yoast_head_json":{"title":"Se descartaron 1119 vacunas que estaban en cuarentena","description":"Se descartaron 1119 vacunas que estaban en cuarentena por desv\u00edo en la cadena de fr\u00edo, as\u00ed lo inform\u00f3 la Secretar\u00eda de Salud.","robots":{"index":"index","follow":"follow","max-snippet":"max-snippet:-1","max-image-preview":"max-image-preview:large","max-video-preview":"max-video-preview:-1"},"canonical":"https:\/\/experienciadevida.com.ar\/portalurbano\/se-descartaron-1119-vacunas-que-estaban-en-cuarentena-por-desvio-en-la-cadena-de-frio\/","og_locale":"es_ES","og_type":"article","og_title":"Se descartaron 1119 vacunas que estaban en cuarentena","og_description":"Se descartaron 1119 vacunas que estaban en cuarentena por desv\u00edo en la cadena de fr\u00edo, as\u00ed lo inform\u00f3 la Secretar\u00eda de Salud.","og_url":"https:\/\/experienciadevida.com.ar\/portalurbano\/se-descartaron-1119-vacunas-que-estaban-en-cuarentena-por-desvio-en-la-cadena-de-frio\/","article_publisher":"https:\/\/www.facebook.com\/Portal-Urbano-171542830093757\/","article_published_time":"2022-02-05T13:20:18+00:00","article_modified_time":"2022-02-05T13:25:31+00:00","og_image":[{"width":624,"height":454,"url":"https:\/\/experienciadevida.com.ar\/portalurbano\/wp-content\/uploads\/2021\/10\/Se-realizara-una-vacunacion-en.jpg","type":"image\/jpeg"}],"author":"admpu17wp","twitter_card":"summary_large_image","twitter_creator":"@portalurbanook","twitter_site":"@portalurbanook","twitter_misc":{"Escrito por":"admpu17wp","Tiempo de lectura":"2 minutos"},"schema":{"@context":"https:\/\/schema.org","@graph":[{"@type":"Article","@id":"https:\/\/experienciadevida.com.ar\/portalurbano\/se-descartaron-1119-vacunas-que-estaban-en-cuarentena-por-desvio-en-la-cadena-de-frio\/#article","isPartOf":{"@id":"https:\/\/experienciadevida.com.ar\/portalurbano\/se-descartaron-1119-vacunas-que-estaban-en-cuarentena-por-desvio-en-la-cadena-de-frio\/"},"author":{"name":"admpu17wp","@id":"https:\/\/experienciadevida.com.ar\/portalurbano\/#\/schema\/person\/02dd326b1c4b056e9cc972486934a3a7"},"headline":"Se descartaron 1119 vacunas que estaban en cuarentena por desv\u00edo en la cadena de fr\u00edo","datePublished":"2022-02-05T13:20:18+00:00","dateModified":"2022-02-05T13:25:31+00:00","mainEntityOfPage":{"@id":"https:\/\/experienciadevida.com.ar\/portalurbano\/se-descartaron-1119-vacunas-que-estaban-en-cuarentena-por-desvio-en-la-cadena-de-frio\/"},"wordCount":253,"publisher":{"@id":"https:\/\/experienciadevida.com.ar\/portalurbano\/#organization"},"articleSection":["Destacadas","Salud"],"inLanguage":"es"},{"@type":"WebPage","@id":"https:\/\/experienciadevida.com.ar\/portalurbano\/se-descartaron-1119-vacunas-que-estaban-en-cuarentena-por-desvio-en-la-cadena-de-frio\/","url":"https:\/\/experienciadevida.com.ar\/portalurbano\/se-descartaron-1119-vacunas-que-estaban-en-cuarentena-por-desvio-en-la-cadena-de-frio\/","name":"Se descartaron 1119 vacunas que estaban en cuarentena","isPartOf":{"@id":"https:\/\/experienciadevida.com.ar\/portalurbano\/#website"},"datePublished":"2022-02-05T13:20:18+00:00","dateModified":"2022-02-05T13:25:31+00:00","description":"Se descartaron 1119 vacunas que estaban en cuarentena por desv\u00edo en la cadena de fr\u00edo, as\u00ed lo inform\u00f3 la Secretar\u00eda de Salud.","breadcrumb":{"@id":"https:\/\/experienciadevida.com.ar\/portalurbano\/se-descartaron-1119-vacunas-que-estaban-en-cuarentena-por-desvio-en-la-cadena-de-frio\/#breadcrumb"},"inLanguage":"es","potentialAction":[{"@type":"ReadAction","target":["https:\/\/experienciadevida.com.ar\/portalurbano\/se-descartaron-1119-vacunas-que-estaban-en-cuarentena-por-desvio-en-la-cadena-de-frio\/"]}]},{"@type":"BreadcrumbList","@id":"https:\/\/experienciadevida.com.ar\/portalurbano\/se-descartaron-1119-vacunas-que-estaban-en-cuarentena-por-desvio-en-la-cadena-de-frio\/#breadcrumb","itemListElement":[{"@type":"ListItem","position":1,"name":"Portada","item":"https:\/\/experienciadevida.com.ar\/portalurbano\/"},{"@type":"ListItem","position":2,"name":"Se descartaron 1119 vacunas que estaban en cuarentena por desv\u00edo en la cadena de fr\u00edo"}]},{"@type":"WebSite","@id":"https:\/\/experienciadevida.com.ar\/portalurbano\/#website","url":"https:\/\/experienciadevida.com.ar\/portalurbano\/","name":"","description":"","publisher":{"@id":"https:\/\/experienciadevida.com.ar\/portalurbano\/#organization"},"potentialAction":[{"@type":"SearchAction","target":{"@type":"EntryPoint","urlTemplate":"https:\/\/experienciadevida.com.ar\/portalurbano\/?s={search_term_string}"},"query-input":"required name=search_term_string"}],"inLanguage":"es"},{"@type":"Organization","@id":"https:\/\/experienciadevida.com.ar\/portalurbano\/#organization","name":"Portal Urbano","url":"https:\/\/experienciadevida.com.ar\/portalurbano\/","logo":{"@type":"ImageObject","inLanguage":"es","@id":"https:\/\/experienciadevida.com.ar\/portalurbano\/#\/schema\/logo\/image\/","url":"https:\/\/experienciadevida.com.ar\/portalurbano\/wp-content\/uploads\/2019\/09\/Logo-Original.png","contentUrl":"https:\/\/experienciadevida.com.ar\/portalurbano\/wp-content\/uploads\/2019\/09\/Logo-Original.png","width":2236,"height":1216,"caption":"Portal Urbano"},"image":{"@id":"https:\/\/experienciadevida.com.ar\/portalurbano\/#\/schema\/logo\/image\/"},"sameAs":["https:\/\/www.facebook.com\/Portal-Urbano-171542830093757\/","https:\/\/twitter.com\/portalurbanook","https:\/\/www.instagram.com\/_portalurbano\/","https:\/\/www.youtube.com\/channel\/UCXhagIfszH8KxFiOok79zbA?view_as=subscriber"]},{"@type":"Person","@id":"https:\/\/experienciadevida.com.ar\/portalurbano\/#\/schema\/person\/02dd326b1c4b056e9cc972486934a3a7","name":"admpu17wp","image":{"@type":"ImageObject","inLanguage":"es","@id":"https:\/\/experienciadevida.com.ar\/portalurbano\/#\/schema\/person\/image\/","url":"https:\/\/secure.gravatar.com\/avatar\/830d4c57adaae6630765e449a6908047?s=96&d=mm&r=g","contentUrl":"https:\/\/secure.gravatar.com\/avatar\/830d4c57adaae6630765e449a6908047?s=96&d=mm&r=g","caption":"admpu17wp"}}]}},"featured_image_urls":{"full":["https:\/\/experienciadevida.com.ar\/portalurbano\/wp-content\/uploads\/2021\/10\/Se-realizara-una-vacunacion-en.jpg",624,454,false],"thumbnail":["https:\/\/experienciadevida.com.ar\/portalurbano\/wp-content\/uploads\/2021\/10\/Se-realizara-una-vacunacion-en-150x150.jpg",150,150,true],"medium":["https:\/\/experienciadevida.com.ar\/portalurbano\/wp-content\/uploads\/2021\/10\/Se-realizara-una-vacunacion-en-300x218.jpg",300,218,true],"medium_large":["https:\/\/experienciadevida.com.ar\/portalurbano\/wp-content\/uploads\/2021\/10\/Se-realizara-una-vacunacion-en.jpg",624,454,false],"large":["https:\/\/experienciadevida.com.ar\/portalurbano\/wp-content\/uploads\/2021\/10\/Se-realizara-una-vacunacion-en.jpg",624,454,false],"ug_big":["https:\/\/experienciadevida.com.ar\/portalurbano\/wp-content\/uploads\/2021\/10\/Se-realizara-una-vacunacion-en.jpg",624,454,false],"1536x1536":["https:\/\/experienciadevida.com.ar\/portalurbano\/wp-content\/uploads\/2021\/10\/Se-realizara-una-vacunacion-en.jpg",624,454,false],"2048x2048":["https:\/\/experienciadevida.com.ar\/portalurbano\/wp-content\/uploads\/2021\/10\/Se-realizara-una-vacunacion-en.jpg",624,454,false],"newsever-slider-full":["https:\/\/experienciadevida.com.ar\/portalurbano\/wp-content\/uploads\/2021\/10\/Se-realizara-una-vacunacion-en.jpg",624,454,false],"newsever-featured":["https:\/\/experienciadevida.com.ar\/portalurbano\/wp-content\/uploads\/2021\/10\/Se-realizara-una-vacunacion-en.jpg",624,454,false],"newsever-medium":["https:\/\/experienciadevida.com.ar\/portalurbano\/wp-content\/uploads\/2021\/10\/Se-realizara-una-vacunacion-en.jpg",624,454,false],"web-stories-poster-portrait":["https:\/\/experienciadevida.com.ar\/portalurbano\/wp-content\/uploads\/2021\/10\/Se-realizara-una-vacunacion-en.jpg",624,454,false],"web-stories-publisher-logo":["https:\/\/experienciadevida.com.ar\/portalurbano\/wp-content\/uploads\/2021\/10\/Se-realizara-una-vacunacion-en.jpg",96,70,false],"web-stories-thumbnail":["https:\/\/experienciadevida.com.ar\/portalurbano\/wp-content\/uploads\/2021\/10\/Se-realizara-una-vacunacion-en.jpg",150,109,false]},"author_info":{"display_name":"admpu17wp","author_link":"https:\/\/experienciadevida.com.ar\/portalurbano\/author\/admpu17wp\/"},"category_info":"<a href=\"https:\/\/experienciadevida.com.ar\/portalurbano\/category\/destacadas\/\" rel=\"category tag\">Destacadas<\/a> <a href=\"https:\/\/experienciadevida.com.ar\/portalurbano\/category\/ciudad\/salud\/\" rel=\"category tag\">Salud<\/a>","tag_info":"Salud","comment_count":"0","amp_enabled":true,"_links":{"self":[{"href":"https:\/\/experienciadevida.com.ar\/portalurbano\/wp-json\/wp\/v2\/posts\/161142"}],"collection":[{"href":"https:\/\/experienciadevida.com.ar\/portalurbano\/wp-json\/wp\/v2\/posts"}],"about":[{"href":"https:\/\/experienciadevida.com.ar\/portalurbano\/wp-json\/wp\/v2\/types\/post"}],"author":[{"embeddable":true,"href":"https:\/\/experienciadevida.com.ar\/portalurbano\/wp-json\/wp\/v2\/users\/1"}],"replies":[{"embeddable":true,"href":"https:\/\/experienciadevida.com.ar\/portalurbano\/wp-json\/wp\/v2\/comments?post=161142"}],"version-history":[{"count":2,"href":"https:\/\/experienciadevida.com.ar\/portalurbano\/wp-json\/wp\/v2\/posts\/161142\/revisions"}],"predecessor-version":[{"id":161144,"href":"https:\/\/experienciadevida.com.ar\/portalurbano\/wp-json\/wp\/v2\/posts\/161142\/revisions\/161144"}],"wp:featuredmedia":[{"embeddable":true,"href":"https:\/\/experienciadevida.com.ar\/portalurbano\/wp-json\/wp\/v2\/media\/154739"}],"wp:attachment":[{"href":"https:\/\/experienciadevida.com.ar\/portalurbano\/wp-json\/wp\/v2\/media?parent=161142"}],"wp:term":[{"taxonomy":"category","embeddable":true,"href":"https:\/\/experienciadevida.com.ar\/portalurbano\/wp-json\/wp\/v2\/categories?post=161142"},{"taxonomy":"post_tag","embeddable":true,"href":"https:\/\/experienciadevida.com.ar\/portalurbano\/wp-json\/wp\/v2\/tags?post=161142"}],"curies":[{"name":"wp","href":"https:\/\/api.w.org\/{rel}","templated":true}]}}