{"id":161117,"date":"2022-02-04T13:01:02","date_gmt":"2022-02-04T16:01:02","guid":{"rendered":"https:\/\/experienciadevida.com.ar\/portalurbano\/?p=161117"},"modified":"2022-02-04T13:03:07","modified_gmt":"2022-02-04T16:03:07","slug":"se-licito-el-reemplazo-de-veredas-en-la-sede-de-la-ex-escuela-normal","status":"publish","type":"post","link":"https:\/\/experienciadevida.com.ar\/portalurbano\/se-licito-el-reemplazo-de-veredas-en-la-sede-de-la-ex-escuela-normal\/","title":{"rendered":"Se licit\u00f3 el reemplazo de veredas en la sede de la ex Escuela Normal"},"content":{"rendered":"<p>Se licit\u00f3 el reemplazo de veredas en la sede de la ex Escuela Normal, en la ma\u00f1ana de este viernes se llevaron a cabo dos actos consecutivos de apertura de licitaciones privadas: N\u00ba 11\/22 y N\u00ba 12\/22, correspondientes al reemplazo de veredas en la sede de la Ex Escuela Normal, donde actualmente funciona la EEP N\u00ba 81 y la EES N\u00ba 10.<\/p>\n<p>Los actos de apertura se desarrollaron en la direcci\u00f3n de Licitaciones del Palacio San Mart\u00edn, ante la presencia del Jefe de Compras Marcelino Bahurlet, y representantes de las empresas oferentes.<\/p>\n<p>Tales licitaciones tienen por finalidad la contrataci\u00f3n para la provisi\u00f3n de mano de obra y materiales necesarios, para el reemplazo de veredas en el establecimiento, ubicado sobre las calles San Mart\u00edn, Lamadrid, Espa\u00f1a y Belgrano. Las tareas incluyen revisi\u00f3n de replanteos, control de niveles, cotas, etc.<\/p>\n<p>Cabe aclarar que, debido a que el establecimiento cuenta con \u00e1rboles a\u00f1osos, y sus ra\u00edces afectan la infraestructura, como tambi\u00e9n acota los espacios de circulaciones peatonales; las tareas a licitar comprenden trabajos de podas y extracci\u00f3n. Las especies extra\u00eddas ser\u00e1n trasplantadas en el parque que indique la inspecci\u00f3n de obra. El trabajo de la empresa adjudicataria incluye la conservaci\u00f3n de los \u00e1rboles trasplantados, hasta el recibo definitivo de los trabajos. Asimismo, se prev\u00e9 la plantaci\u00f3n de nuevas especies arb\u00f3reas.<\/p>\n<p>En esta oportunidad, los presupuestos presentados fueron los siguientes:<\/p>\n<p>Licitaci\u00f3n Privada N\u00ba 11\/12<\/p>\n<p>En esta instancia se trabajar\u00e1 sobre la vereda de calle San Mart\u00edn.<\/p>\n<p>Visan Ingenier\u00eda: cotiza 4.451.475 pesos.<br \/>\nSiris Iara Berenice: cotiza 5.118.951 pesos.<br \/>\nLicitaci\u00f3n Privada N\u00ba 12\/12<\/p>\n<p>En esta instancia se realiza solo la intervenci\u00f3n de la vereda par sobre calle Belgrano.<\/p>\n<p>Visan Ingenier\u00eda: cotiza 3.797.553 pesos.<br \/>\nSiris Iara Berenice: cotiza 4.562.699,05 pesos.<\/p>\n","protected":false},"excerpt":{"rendered":"<p>Se licit\u00f3 el reemplazo de veredas en la sede de la ex Escuela Normal, en&#8230;<\/p>\n","protected":false},"author":1,"featured_media":161118,"comment_status":"closed","ping_status":"closed","sticky":false,"template":"","format":"standard","meta":{"content-type":""},"categories":[27,64],"tags":[],"nelio_content":{"isAutoShareEnabled":false,"autoShareEndMode":"default","automationSources":{"useContentSentences":true,"useSocialTemplates":true,"useCustomSentences":false,"customSentences":[]},"followers":[1],"suggestedReferences":[],"includedReferences":[],"efiUrl":"","efiAlt":"","highlights":[]},"yoast_head":"<!-- This site is optimized with the Yoast SEO plugin v20.7 - https:\/\/yoast.com\/wordpress\/plugins\/seo\/ -->\n<title>Se licit\u00f3 el reemplazo de veredas en la sede de la ex escuela normal<\/title>\n<meta name=\"description\" content=\"Se licit\u00f3 el reemplazo de veredas en la sede de la ex Escuela Normal, en la ma\u00f1ana de este viernes se llevaron a cabo dos actos consecutivos\" \/>\n<meta name=\"robots\" content=\"index, follow, max-snippet:-1, max-image-preview:large, max-video-preview:-1\" \/>\n<link rel=\"canonical\" href=\"https:\/\/experienciadevida.com.ar\/portalurbano\/se-licito-el-reemplazo-de-veredas-en-la-sede-de-la-ex-escuela-normal\/\" \/>\n<meta property=\"og:locale\" content=\"es_ES\" \/>\n<meta property=\"og:type\" content=\"article\" \/>\n<meta property=\"og:title\" content=\"Se licit\u00f3 el reemplazo de veredas en la sede de la ex escuela normal\" \/>\n<meta property=\"og:description\" content=\"Se licit\u00f3 el reemplazo de veredas en la sede de la ex Escuela Normal, en la ma\u00f1ana de este viernes se llevaron a cabo dos actos consecutivos\" \/>\n<meta property=\"og:url\" content=\"https:\/\/experienciadevida.com.ar\/portalurbano\/se-licito-el-reemplazo-de-veredas-en-la-sede-de-la-ex-escuela-normal\/\" \/>\n<meta property=\"article:publisher\" content=\"https:\/\/www.facebook.com\/Portal-Urbano-171542830093757\/\" \/>\n<meta property=\"article:published_time\" content=\"2022-02-04T16:01:02+00:00\" \/>\n<meta property=\"article:modified_time\" content=\"2022-02-04T16:03:07+00:00\" \/>\n<meta property=\"og:image\" content=\"https:\/\/experienciadevida.com.ar\/portalurbano\/wp-content\/uploads\/2022\/02\/Se-licito-el-reemplazo.jpg\" \/>\n\t<meta property=\"og:image:width\" content=\"1024\" \/>\n\t<meta property=\"og:image:height\" content=\"768\" \/>\n\t<meta property=\"og:image:type\" content=\"image\/jpeg\" \/>\n<meta name=\"author\" content=\"admpu17wp\" \/>\n<meta name=\"twitter:card\" content=\"summary_large_image\" \/>\n<meta name=\"twitter:creator\" content=\"@portalurbanook\" \/>\n<meta name=\"twitter:site\" content=\"@portalurbanook\" \/>\n<meta name=\"twitter:label1\" content=\"Escrito por\" \/>\n\t<meta name=\"twitter:data1\" content=\"admpu17wp\" \/>\n\t<meta name=\"twitter:label2\" content=\"Tiempo de lectura\" \/>\n\t<meta name=\"twitter:data2\" content=\"2 minutos\" \/>\n<script type=\"application\/ld+json\" class=\"yoast-schema-graph\">{\"@context\":\"https:\/\/schema.org\",\"@graph\":[{\"@type\":\"Article\",\"@id\":\"https:\/\/experienciadevida.com.ar\/portalurbano\/se-licito-el-reemplazo-de-veredas-en-la-sede-de-la-ex-escuela-normal\/#article\",\"isPartOf\":{\"@id\":\"https:\/\/experienciadevida.com.ar\/portalurbano\/se-licito-el-reemplazo-de-veredas-en-la-sede-de-la-ex-escuela-normal\/\"},\"author\":{\"name\":\"admpu17wp\",\"@id\":\"https:\/\/experienciadevida.com.ar\/portalurbano\/#\/schema\/person\/02dd326b1c4b056e9cc972486934a3a7\"},\"headline\":\"Se licit\u00f3 el reemplazo de veredas en la sede de la ex Escuela Normal\",\"datePublished\":\"2022-02-04T16:01:02+00:00\",\"dateModified\":\"2022-02-04T16:03:07+00:00\",\"mainEntityOfPage\":{\"@id\":\"https:\/\/experienciadevida.com.ar\/portalurbano\/se-licito-el-reemplazo-de-veredas-en-la-sede-de-la-ex-escuela-normal\/\"},\"wordCount\":311,\"publisher\":{\"@id\":\"https:\/\/experienciadevida.com.ar\/portalurbano\/#organization\"},\"articleSection\":[\"Ciudad\",\"Destacadas 2\"],\"inLanguage\":\"es\"},{\"@type\":\"WebPage\",\"@id\":\"https:\/\/experienciadevida.com.ar\/portalurbano\/se-licito-el-reemplazo-de-veredas-en-la-sede-de-la-ex-escuela-normal\/\",\"url\":\"https:\/\/experienciadevida.com.ar\/portalurbano\/se-licito-el-reemplazo-de-veredas-en-la-sede-de-la-ex-escuela-normal\/\",\"name\":\"Se licit\u00f3 el reemplazo de veredas en la sede de la ex escuela normal\",\"isPartOf\":{\"@id\":\"https:\/\/experienciadevida.com.ar\/portalurbano\/#website\"},\"datePublished\":\"2022-02-04T16:01:02+00:00\",\"dateModified\":\"2022-02-04T16:03:07+00:00\",\"description\":\"Se licit\u00f3 el reemplazo de veredas en la sede de la ex Escuela Normal, en la ma\u00f1ana de este viernes se llevaron a cabo dos actos consecutivos\",\"breadcrumb\":{\"@id\":\"https:\/\/experienciadevida.com.ar\/portalurbano\/se-licito-el-reemplazo-de-veredas-en-la-sede-de-la-ex-escuela-normal\/#breadcrumb\"},\"inLanguage\":\"es\",\"potentialAction\":[{\"@type\":\"ReadAction\",\"target\":[\"https:\/\/experienciadevida.com.ar\/portalurbano\/se-licito-el-reemplazo-de-veredas-en-la-sede-de-la-ex-escuela-normal\/\"]}]},{\"@type\":\"BreadcrumbList\",\"@id\":\"https:\/\/experienciadevida.com.ar\/portalurbano\/se-licito-el-reemplazo-de-veredas-en-la-sede-de-la-ex-escuela-normal\/#breadcrumb\",\"itemListElement\":[{\"@type\":\"ListItem\",\"position\":1,\"name\":\"Portada\",\"item\":\"https:\/\/experienciadevida.com.ar\/portalurbano\/\"},{\"@type\":\"ListItem\",\"position\":2,\"name\":\"Se licit\u00f3 el reemplazo de veredas en la sede de la ex Escuela Normal\"}]},{\"@type\":\"WebSite\",\"@id\":\"https:\/\/experienciadevida.com.ar\/portalurbano\/#website\",\"url\":\"https:\/\/experienciadevida.com.ar\/portalurbano\/\",\"name\":\"\",\"description\":\"\",\"publisher\":{\"@id\":\"https:\/\/experienciadevida.com.ar\/portalurbano\/#organization\"},\"potentialAction\":[{\"@type\":\"SearchAction\",\"target\":{\"@type\":\"EntryPoint\",\"urlTemplate\":\"https:\/\/experienciadevida.com.ar\/portalurbano\/?s={search_term_string}\"},\"query-input\":\"required name=search_term_string\"}],\"inLanguage\":\"es\"},{\"@type\":\"Organization\",\"@id\":\"https:\/\/experienciadevida.com.ar\/portalurbano\/#organization\",\"name\":\"Portal Urbano\",\"url\":\"https:\/\/experienciadevida.com.ar\/portalurbano\/\",\"logo\":{\"@type\":\"ImageObject\",\"inLanguage\":\"es\",\"@id\":\"https:\/\/experienciadevida.com.ar\/portalurbano\/#\/schema\/logo\/image\/\",\"url\":\"https:\/\/experienciadevida.com.ar\/portalurbano\/wp-content\/uploads\/2019\/09\/Logo-Original.png\",\"contentUrl\":\"https:\/\/experienciadevida.com.ar\/portalurbano\/wp-content\/uploads\/2019\/09\/Logo-Original.png\",\"width\":2236,\"height\":1216,\"caption\":\"Portal Urbano\"},\"image\":{\"@id\":\"https:\/\/experienciadevida.com.ar\/portalurbano\/#\/schema\/logo\/image\/\"},\"sameAs\":[\"https:\/\/www.facebook.com\/Portal-Urbano-171542830093757\/\",\"https:\/\/twitter.com\/portalurbanook\",\"https:\/\/www.instagram.com\/_portalurbano\/\",\"https:\/\/www.youtube.com\/channel\/UCXhagIfszH8KxFiOok79zbA?view_as=subscriber\"]},{\"@type\":\"Person\",\"@id\":\"https:\/\/experienciadevida.com.ar\/portalurbano\/#\/schema\/person\/02dd326b1c4b056e9cc972486934a3a7\",\"name\":\"admpu17wp\",\"image\":{\"@type\":\"ImageObject\",\"inLanguage\":\"es\",\"@id\":\"https:\/\/experienciadevida.com.ar\/portalurbano\/#\/schema\/person\/image\/\",\"url\":\"https:\/\/secure.gravatar.com\/avatar\/830d4c57adaae6630765e449a6908047?s=96&d=mm&r=g\",\"contentUrl\":\"https:\/\/secure.gravatar.com\/avatar\/830d4c57adaae6630765e449a6908047?s=96&d=mm&r=g\",\"caption\":\"admpu17wp\"}}]}<\/script>\n<!-- \/ Yoast SEO plugin. -->","yoast_head_json":{"title":"Se licit\u00f3 el reemplazo de veredas en la sede de la ex escuela normal","description":"Se licit\u00f3 el reemplazo de veredas en la sede de la ex Escuela Normal, en la ma\u00f1ana de este viernes se llevaron a cabo dos actos consecutivos","robots":{"index":"index","follow":"follow","max-snippet":"max-snippet:-1","max-image-preview":"max-image-preview:large","max-video-preview":"max-video-preview:-1"},"canonical":"https:\/\/experienciadevida.com.ar\/portalurbano\/se-licito-el-reemplazo-de-veredas-en-la-sede-de-la-ex-escuela-normal\/","og_locale":"es_ES","og_type":"article","og_title":"Se licit\u00f3 el reemplazo de veredas en la sede de la ex escuela normal","og_description":"Se licit\u00f3 el reemplazo de veredas en la sede de la ex Escuela Normal, en la ma\u00f1ana de este viernes se llevaron a cabo dos actos consecutivos","og_url":"https:\/\/experienciadevida.com.ar\/portalurbano\/se-licito-el-reemplazo-de-veredas-en-la-sede-de-la-ex-escuela-normal\/","article_publisher":"https:\/\/www.facebook.com\/Portal-Urbano-171542830093757\/","article_published_time":"2022-02-04T16:01:02+00:00","article_modified_time":"2022-02-04T16:03:07+00:00","og_image":[{"width":1024,"height":768,"url":"https:\/\/experienciadevida.com.ar\/portalurbano\/wp-content\/uploads\/2022\/02\/Se-licito-el-reemplazo.jpg","type":"image\/jpeg"}],"author":"admpu17wp","twitter_card":"summary_large_image","twitter_creator":"@portalurbanook","twitter_site":"@portalurbanook","twitter_misc":{"Escrito por":"admpu17wp","Tiempo de lectura":"2 minutos"},"schema":{"@context":"https:\/\/schema.org","@graph":[{"@type":"Article","@id":"https:\/\/experienciadevida.com.ar\/portalurbano\/se-licito-el-reemplazo-de-veredas-en-la-sede-de-la-ex-escuela-normal\/#article","isPartOf":{"@id":"https:\/\/experienciadevida.com.ar\/portalurbano\/se-licito-el-reemplazo-de-veredas-en-la-sede-de-la-ex-escuela-normal\/"},"author":{"name":"admpu17wp","@id":"https:\/\/experienciadevida.com.ar\/portalurbano\/#\/schema\/person\/02dd326b1c4b056e9cc972486934a3a7"},"headline":"Se licit\u00f3 el reemplazo de veredas en la sede de la ex Escuela Normal","datePublished":"2022-02-04T16:01:02+00:00","dateModified":"2022-02-04T16:03:07+00:00","mainEntityOfPage":{"@id":"https:\/\/experienciadevida.com.ar\/portalurbano\/se-licito-el-reemplazo-de-veredas-en-la-sede-de-la-ex-escuela-normal\/"},"wordCount":311,"publisher":{"@id":"https:\/\/experienciadevida.com.ar\/portalurbano\/#organization"},"articleSection":["Ciudad","Destacadas 2"],"inLanguage":"es"},{"@type":"WebPage","@id":"https:\/\/experienciadevida.com.ar\/portalurbano\/se-licito-el-reemplazo-de-veredas-en-la-sede-de-la-ex-escuela-normal\/","url":"https:\/\/experienciadevida.com.ar\/portalurbano\/se-licito-el-reemplazo-de-veredas-en-la-sede-de-la-ex-escuela-normal\/","name":"Se licit\u00f3 el reemplazo de veredas en la sede de la ex escuela normal","isPartOf":{"@id":"https:\/\/experienciadevida.com.ar\/portalurbano\/#website"},"datePublished":"2022-02-04T16:01:02+00:00","dateModified":"2022-02-04T16:03:07+00:00","description":"Se licit\u00f3 el reemplazo de veredas en la sede de la ex Escuela Normal, en la ma\u00f1ana de este viernes se llevaron a cabo dos actos consecutivos","breadcrumb":{"@id":"https:\/\/experienciadevida.com.ar\/portalurbano\/se-licito-el-reemplazo-de-veredas-en-la-sede-de-la-ex-escuela-normal\/#breadcrumb"},"inLanguage":"es","potentialAction":[{"@type":"ReadAction","target":["https:\/\/experienciadevida.com.ar\/portalurbano\/se-licito-el-reemplazo-de-veredas-en-la-sede-de-la-ex-escuela-normal\/"]}]},{"@type":"BreadcrumbList","@id":"https:\/\/experienciadevida.com.ar\/portalurbano\/se-licito-el-reemplazo-de-veredas-en-la-sede-de-la-ex-escuela-normal\/#breadcrumb","itemListElement":[{"@type":"ListItem","position":1,"name":"Portada","item":"https:\/\/experienciadevida.com.ar\/portalurbano\/"},{"@type":"ListItem","position":2,"name":"Se licit\u00f3 el reemplazo de veredas en la sede de la ex Escuela Normal"}]},{"@type":"WebSite","@id":"https:\/\/experienciadevida.com.ar\/portalurbano\/#website","url":"https:\/\/experienciadevida.com.ar\/portalurbano\/","name":"","description":"","publisher":{"@id":"https:\/\/experienciadevida.com.ar\/portalurbano\/#organization"},"potentialAction":[{"@type":"SearchAction","target":{"@type":"EntryPoint","urlTemplate":"https:\/\/experienciadevida.com.ar\/portalurbano\/?s={search_term_string}"},"query-input":"required name=search_term_string"}],"inLanguage":"es"},{"@type":"Organization","@id":"https:\/\/experienciadevida.com.ar\/portalurbano\/#organization","name":"Portal Urbano","url":"https:\/\/experienciadevida.com.ar\/portalurbano\/","logo":{"@type":"ImageObject","inLanguage":"es","@id":"https:\/\/experienciadevida.com.ar\/portalurbano\/#\/schema\/logo\/image\/","url":"https:\/\/experienciadevida.com.ar\/portalurbano\/wp-content\/uploads\/2019\/09\/Logo-Original.png","contentUrl":"https:\/\/experienciadevida.com.ar\/portalurbano\/wp-content\/uploads\/2019\/09\/Logo-Original.png","width":2236,"height":1216,"caption":"Portal Urbano"},"image":{"@id":"https:\/\/experienciadevida.com.ar\/portalurbano\/#\/schema\/logo\/image\/"},"sameAs":["https:\/\/www.facebook.com\/Portal-Urbano-171542830093757\/","https:\/\/twitter.com\/portalurbanook","https:\/\/www.instagram.com\/_portalurbano\/","https:\/\/www.youtube.com\/channel\/UCXhagIfszH8KxFiOok79zbA?view_as=subscriber"]},{"@type":"Person","@id":"https:\/\/experienciadevida.com.ar\/portalurbano\/#\/schema\/person\/02dd326b1c4b056e9cc972486934a3a7","name":"admpu17wp","image":{"@type":"ImageObject","inLanguage":"es","@id":"https:\/\/experienciadevida.com.ar\/portalurbano\/#\/schema\/person\/image\/","url":"https:\/\/secure.gravatar.com\/avatar\/830d4c57adaae6630765e449a6908047?s=96&d=mm&r=g","contentUrl":"https:\/\/secure.gravatar.com\/avatar\/830d4c57adaae6630765e449a6908047?s=96&d=mm&r=g","caption":"admpu17wp"}}]}},"featured_image_urls":{"full":["https:\/\/experienciadevida.com.ar\/portalurbano\/wp-content\/uploads\/2022\/02\/Se-licito-el-reemplazo.jpg",1024,768,false],"thumbnail":["https:\/\/experienciadevida.com.ar\/portalurbano\/wp-content\/uploads\/2022\/02\/Se-licito-el-reemplazo-150x150.jpg",150,150,true],"medium":["https:\/\/experienciadevida.com.ar\/portalurbano\/wp-content\/uploads\/2022\/02\/Se-licito-el-reemplazo-300x225.jpg",300,225,true],"medium_large":["https:\/\/experienciadevida.com.ar\/portalurbano\/wp-content\/uploads\/2022\/02\/Se-licito-el-reemplazo-768x576.jpg",640,480,true],"large":["https:\/\/experienciadevida.com.ar\/portalurbano\/wp-content\/uploads\/2022\/02\/Se-licito-el-reemplazo.jpg",640,480,false],"ug_big":["https:\/\/experienciadevida.com.ar\/portalurbano\/wp-content\/uploads\/2022\/02\/Se-licito-el-reemplazo-768x576.jpg",768,576,true],"1536x1536":["https:\/\/experienciadevida.com.ar\/portalurbano\/wp-content\/uploads\/2022\/02\/Se-licito-el-reemplazo.jpg",1024,768,false],"2048x2048":["https:\/\/experienciadevida.com.ar\/portalurbano\/wp-content\/uploads\/2022\/02\/Se-licito-el-reemplazo.jpg",1024,768,false],"newsever-slider-full":["https:\/\/experienciadevida.com.ar\/portalurbano\/wp-content\/uploads\/2022\/02\/Se-licito-el-reemplazo.jpg",1024,768,false],"newsever-featured":["https:\/\/experienciadevida.com.ar\/portalurbano\/wp-content\/uploads\/2022\/02\/Se-licito-el-reemplazo.jpg",1024,768,false],"newsever-medium":["https:\/\/experienciadevida.com.ar\/portalurbano\/wp-content\/uploads\/2022\/02\/Se-licito-el-reemplazo.jpg",633,475,false],"web-stories-poster-portrait":["https:\/\/experienciadevida.com.ar\/portalurbano\/wp-content\/uploads\/2022\/02\/Se-licito-el-reemplazo.jpg",640,480,false],"web-stories-publisher-logo":["https:\/\/experienciadevida.com.ar\/portalurbano\/wp-content\/uploads\/2022\/02\/Se-licito-el-reemplazo.jpg",96,72,false],"web-stories-thumbnail":["https:\/\/experienciadevida.com.ar\/portalurbano\/wp-content\/uploads\/2022\/02\/Se-licito-el-reemplazo.jpg",150,113,false]},"author_info":{"display_name":"admpu17wp","author_link":"https:\/\/experienciadevida.com.ar\/portalurbano\/author\/admpu17wp\/"},"category_info":"<a href=\"https:\/\/experienciadevida.com.ar\/portalurbano\/category\/ciudad\/\" rel=\"category tag\">Ciudad<\/a> <a href=\"https:\/\/experienciadevida.com.ar\/portalurbano\/category\/destacadas-2\/\" rel=\"category tag\">Destacadas 2<\/a>","tag_info":"Destacadas 2","comment_count":"0","amp_enabled":true,"_links":{"self":[{"href":"https:\/\/experienciadevida.com.ar\/portalurbano\/wp-json\/wp\/v2\/posts\/161117"}],"collection":[{"href":"https:\/\/experienciadevida.com.ar\/portalurbano\/wp-json\/wp\/v2\/posts"}],"about":[{"href":"https:\/\/experienciadevida.com.ar\/portalurbano\/wp-json\/wp\/v2\/types\/post"}],"author":[{"embeddable":true,"href":"https:\/\/experienciadevida.com.ar\/portalurbano\/wp-json\/wp\/v2\/users\/1"}],"replies":[{"embeddable":true,"href":"https:\/\/experienciadevida.com.ar\/portalurbano\/wp-json\/wp\/v2\/comments?post=161117"}],"version-history":[{"count":2,"href":"https:\/\/experienciadevida.com.ar\/portalurbano\/wp-json\/wp\/v2\/posts\/161117\/revisions"}],"predecessor-version":[{"id":161120,"href":"https:\/\/experienciadevida.com.ar\/portalurbano\/wp-json\/wp\/v2\/posts\/161117\/revisions\/161120"}],"wp:featuredmedia":[{"embeddable":true,"href":"https:\/\/experienciadevida.com.ar\/portalurbano\/wp-json\/wp\/v2\/media\/161118"}],"wp:attachment":[{"href":"https:\/\/experienciadevida.com.ar\/portalurbano\/wp-json\/wp\/v2\/media?parent=161117"}],"wp:term":[{"taxonomy":"category","embeddable":true,"href":"https:\/\/experienciadevida.com.ar\/portalurbano\/wp-json\/wp\/v2\/categories?post=161117"},{"taxonomy":"post_tag","embeddable":true,"href":"https:\/\/experienciadevida.com.ar\/portalurbano\/wp-json\/wp\/v2\/tags?post=161117"}],"curies":[{"name":"wp","href":"https:\/\/api.w.org\/{rel}","templated":true}]}}